{"id":45811,"date":"2025-10-01T17:51:32","date_gmt":"2025-10-01T20:51:32","guid":{"rendered":"https:\/\/www.eldiariodetucuman.com\/web\/acevedo-recibio-a-autoridades-de-cited\/"},"modified":"2025-10-01T17:51:32","modified_gmt":"2025-10-01T20:51:32","slug":"acevedo-recibio-a-autoridades-de-cited","status":"publish","type":"post","link":"https:\/\/www.eldiariodetucuman.com\/web\/acevedo-recibio-a-autoridades-de-cited\/","title":{"rendered":"Acevedo recibi\u00f3 a autoridades de CITED"},"content":{"rendered":"<p><\/p>\n<p data-start=\"240\" data-end=\"668\" id=\"isPasted\">El vicegobernador,<strong> Miguel Acevedo<\/strong>, a cargo del Poder Ejecutivo, se reuni\u00f3 con el presidente de la C\u00e1mara de Instituciones Terap\u00e9uticas y Educativas de Discapacidad (CITED), <strong>Gustavo Anastacio<\/strong>, para abordar el tema arancelario del Instituto de Previsi\u00f3n y Seguridad Social de Tucum\u00e1n (IPSST) en relaci\u00f3n con los valores fijados por la Ley Nacional de Discapacidad.<\/p>\n<p>&#13;<br \/>\n&#13;<\/p>\n<p data-start=\"1307\" data-end=\"1527\">Han venido a plantear la preocupaci\u00f3n que tiene el sector. Ellos est\u00e1n haciendo una protesta nacional y nosotros hemos dado di\u00e1logo. Cuando digo nosotros, me refiero al Poder Ejecutivo y Legislativo\u201d, explic\u00f3 Acevedo.<\/p>\n<p>&#13;<\/p>\n<p data-start=\"1529\" data-end=\"1637\">En este sentido, record\u00f3 que el Gobierno provincial ya hab\u00eda adoptado una primera medida de alivio fiscal.\u201cEl gobernador dispuso una disminuci\u00f3n en Ingresos Brutos para toda la actividad, pero eso no es suficiente\u201d, reconoci\u00f3.<\/p>\n<p data-start=\"1764\" data-end=\"1882\">Acevedo se\u00f1al\u00f3 que la reuni\u00f3n fue productiva y que CITED propuso algunas ideas para avanzar en soluciones concretas.<\/p>\n<\/p>\n<p data-start=\"1885\" data-end=\"2099\">\u201cVamos a hacer todo lo posible y todo lo que est\u00e9 a nuestro alcance. El compromiso con las personas con discapacidad siempre estuvo. Ahora debemos analizar con prudencia la viabilidad de nuevas medidas\u201d, expres\u00f3.<\/p>\n<p data-start=\"2101\" data-end=\"2324\">El vicegobernador adelant\u00f3 que consultar\u00e1 al gobernador <strong>Osvaldo Jaldo, <\/strong>actualmente de licencia, y al ministro de Econom\u00eda para evaluar los pasos a seguir. Tambi\u00e9n hizo referencia a la dif\u00edcil situaci\u00f3n econ\u00f3mica nacional:\u00a0\u201cLa macroeconom\u00eda no se recompone, ha ca\u00eddo el consumo y eso afecta directamente los ingresos de la provincia. Por eso debemos actuar con responsabilidad\u201d, concluy\u00f3.<\/p>\n<p data-start=\"2101\" data-end=\"2324\">\u201cDesde hace tiempo hay un desfasaje entre los aranceles que paga el instituto y lo que establece la ley nacional. Con los aranceles nacionales sin ajustes durante nueve meses, las instituciones tienen serias dificultades para sostener las prestaciones\u201d, explic\u00f3 Anastacio, quien reclam\u00f3 la homologaci\u00f3n de los aranceles provinciales con los nacionales.<\/p>\n<p data-start=\"1040\" data-end=\"1433\">Durante el encuentro, el presidente de CITED inform\u00f3 que Acevedo se comprometi\u00f3 a convocar a los funcionarios competentes para evaluar la viabilidad de un ajuste. Adem\u00e1s, consider\u00f3 que la reuni\u00f3n fue un primer paso positivo y expres\u00f3 su confianza en que se pueda encontrar una soluci\u00f3n que garantice la sostenibilidad de las instituciones y la calidad de los servicios que prestan.<\/p>\n<p data-start=\"1435\" data-end=\"1611\" data-is-last-node=\"\" data-is-only-node=\"\">Anastacio estuvo acompa\u00f1ado por <strong>Gloria Figueroa <\/strong>y<strong> Josefina Bidegorry,<\/strong> integrantes de la C\u00e1mara.<strong\/><\/p>\n<p>Fuente: <a href=\"https:\/\/www.comunicaciontucuman.gob.ar\/noticia\/gobernacion\/237236\/acevedo-recibio-autoridades-cited\"> Fuente de la nota <\/a><\/p>\n","protected":false},"excerpt":{"rendered":"<p>El vicegobernador, Miguel Acevedo, a cargo del Poder Ejecutivo, se reuni\u00f3 con el presidente de la C\u00e1mara de Instituciones Terap\u00e9uticas y Educativas de Discapacidad (CITED), Gustavo Anastacio, para abordar el tema arancelario del Instituto de Previsi\u00f3n y Seguridad Social de Tucum\u00e1n (IPSST) en relaci\u00f3n con los valores fijados por la Ley Nacional de Discapacidad. &#13; [&hellip;]<\/p>\n","protected":false},"author":1,"featured_media":45812,"comment_status":"closed","ping_status":"open","sticky":false,"template":"","format":"standard","meta":{"footnotes":""},"categories":[3],"tags":[],"class_list":{"0":"post-45811","1":"post","2":"type-post","3":"status-publish","4":"format-standard","5":"has-post-thumbnail","7":"category-politica"},"yoast_head":"<!-- This site is optimized with the Yoast SEO plugin v27.5 - https:\/\/yoast.com\/product\/yoast-seo-wordpress\/ -->\n<title>Acevedo recibi\u00f3 a autoridades de CITED - El Diario de Tucuman<\/title>\n<meta name=\"robots\" content=\"index, follow, max-snippet:-1, max-image-preview:large, max-video-preview:-1\" \/>\n<link rel=\"canonical\" href=\"https:\/\/www.eldiariodetucuman.com\/web\/acevedo-recibio-a-autoridades-de-cited\/\" \/>\n<meta property=\"og:locale\" content=\"es_ES\" \/>\n<meta property=\"og:type\" content=\"article\" \/>\n<meta property=\"og:title\" content=\"Acevedo recibi\u00f3 a autoridades de CITED - El Diario de Tucuman\" \/>\n<meta property=\"og:description\" content=\"El vicegobernador, Miguel Acevedo, a cargo del Poder Ejecutivo, se reuni\u00f3 con el presidente de la C\u00e1mara de Instituciones Terap\u00e9uticas y Educativas de Discapacidad (CITED), Gustavo Anastacio, para abordar el tema arancelario del Instituto de Previsi\u00f3n y Seguridad Social de Tucum\u00e1n (IPSST) en relaci\u00f3n con los valores fijados por la Ley Nacional de Discapacidad. &#013; [&hellip;]\" \/>\n<meta property=\"og:url\" content=\"https:\/\/www.eldiariodetucuman.com\/web\/acevedo-recibio-a-autoridades-de-cited\/\" \/>\n<meta property=\"og:site_name\" content=\"El Diario de Tucuman\" \/>\n<meta property=\"article:published_time\" content=\"2025-10-01T20:51:32+00:00\" \/>\n<meta name=\"author\" content=\"admin\" \/>\n<meta name=\"twitter:card\" content=\"summary_large_image\" \/>\n<meta name=\"twitter:label1\" content=\"Escrito por\" \/>\n\t<meta name=\"twitter:data1\" content=\"admin\" \/>\n\t<meta name=\"twitter:label2\" content=\"Tiempo de lectura\" \/>\n\t<meta name=\"twitter:data2\" content=\"2 minutos\" \/>\n<script type=\"application\/ld+json\" class=\"yoast-schema-graph\">{\"@context\":\"https:\\\/\\\/schema.org\",\"@graph\":[{\"@type\":\"Article\",\"@id\":\"https:\\\/\\\/www.eldiariodetucuman.com\\\/web\\\/acevedo-recibio-a-autoridades-de-cited\\\/#article\",\"isPartOf\":{\"@id\":\"https:\\\/\\\/www.eldiariodetucuman.com\\\/web\\\/acevedo-recibio-a-autoridades-de-cited\\\/\"},\"author\":{\"name\":\"admin\",\"@id\":\"https:\\\/\\\/www.eldiariodetucuman.com\\\/web\\\/#\\\/schema\\\/person\\\/9250197d75ab5483412e19678b121caa\"},\"headline\":\"Acevedo recibi\u00f3 a autoridades de CITED\",\"datePublished\":\"2025-10-01T20:51:32+00:00\",\"mainEntityOfPage\":{\"@id\":\"https:\\\/\\\/www.eldiariodetucuman.com\\\/web\\\/acevedo-recibio-a-autoridades-de-cited\\\/\"},\"wordCount\":392,\"publisher\":{\"@id\":\"https:\\\/\\\/www.eldiariodetucuman.com\\\/web\\\/#organization\"},\"image\":{\"@id\":\"https:\\\/\\\/www.eldiariodetucuman.com\\\/web\\\/acevedo-recibio-a-autoridades-de-cited\\\/#primaryimage\"},\"thumbnailUrl\":\"https:\\\/\\\/www.eldiariodetucuman.com\\\/web\\\/wp-content\\\/uploads\\\/2025\\\/10\\\/Acevedo-recibio-a-autoridades-de-CITED.jpeg\",\"articleSection\":[\"Politica\"],\"inLanguage\":\"es\"},{\"@type\":\"WebPage\",\"@id\":\"https:\\\/\\\/www.eldiariodetucuman.com\\\/web\\\/acevedo-recibio-a-autoridades-de-cited\\\/\",\"url\":\"https:\\\/\\\/www.eldiariodetucuman.com\\\/web\\\/acevedo-recibio-a-autoridades-de-cited\\\/\",\"name\":\"Acevedo recibi\u00f3 a autoridades de CITED - El Diario de Tucuman\",\"isPartOf\":{\"@id\":\"https:\\\/\\\/www.eldiariodetucuman.com\\\/web\\\/#website\"},\"primaryImageOfPage\":{\"@id\":\"https:\\\/\\\/www.eldiariodetucuman.com\\\/web\\\/acevedo-recibio-a-autoridades-de-cited\\\/#primaryimage\"},\"image\":{\"@id\":\"https:\\\/\\\/www.eldiariodetucuman.com\\\/web\\\/acevedo-recibio-a-autoridades-de-cited\\\/#primaryimage\"},\"thumbnailUrl\":\"https:\\\/\\\/www.eldiariodetucuman.com\\\/web\\\/wp-content\\\/uploads\\\/2025\\\/10\\\/Acevedo-recibio-a-autoridades-de-CITED.jpeg\",\"datePublished\":\"2025-10-01T20:51:32+00:00\",\"breadcrumb\":{\"@id\":\"https:\\\/\\\/www.eldiariodetucuman.com\\\/web\\\/acevedo-recibio-a-autoridades-de-cited\\\/#breadcrumb\"},\"inLanguage\":\"es\",\"potentialAction\":[{\"@type\":\"ReadAction\",\"target\":[\"https:\\\/\\\/www.eldiariodetucuman.com\\\/web\\\/acevedo-recibio-a-autoridades-de-cited\\\/\"]}]},{\"@type\":\"ImageObject\",\"inLanguage\":\"es\",\"@id\":\"https:\\\/\\\/www.eldiariodetucuman.com\\\/web\\\/acevedo-recibio-a-autoridades-de-cited\\\/#primaryimage\",\"url\":\"https:\\\/\\\/www.eldiariodetucuman.com\\\/web\\\/wp-content\\\/uploads\\\/2025\\\/10\\\/Acevedo-recibio-a-autoridades-de-CITED.jpeg\",\"contentUrl\":\"https:\\\/\\\/www.eldiariodetucuman.com\\\/web\\\/wp-content\\\/uploads\\\/2025\\\/10\\\/Acevedo-recibio-a-autoridades-de-CITED.jpeg\",\"width\":818,\"height\":460},{\"@type\":\"BreadcrumbList\",\"@id\":\"https:\\\/\\\/www.eldiariodetucuman.com\\\/web\\\/acevedo-recibio-a-autoridades-de-cited\\\/#breadcrumb\",\"itemListElement\":[{\"@type\":\"ListItem\",\"position\":1,\"name\":\"Portada\",\"item\":\"https:\\\/\\\/www.eldiariodetucuman.com\\\/web\\\/\"},{\"@type\":\"ListItem\",\"position\":2,\"name\":\"Acevedo recibi\u00f3 a autoridades de CITED\"}]},{\"@type\":\"WebSite\",\"@id\":\"https:\\\/\\\/www.eldiariodetucuman.com\\\/web\\\/#website\",\"url\":\"https:\\\/\\\/www.eldiariodetucuman.com\\\/web\\\/\",\"name\":\"El Diario de Tucuman\",\"description\":\"Diario Tucuman - Informaci\u00f3n y noticias\",\"publisher\":{\"@id\":\"https:\\\/\\\/www.eldiariodetucuman.com\\\/web\\\/#organization\"},\"potentialAction\":[{\"@type\":\"SearchAction\",\"target\":{\"@type\":\"EntryPoint\",\"urlTemplate\":\"https:\\\/\\\/www.eldiariodetucuman.com\\\/web\\\/?s={search_term_string}\"},\"query-input\":{\"@type\":\"PropertyValueSpecification\",\"valueRequired\":true,\"valueName\":\"search_term_string\"}}],\"inLanguage\":\"es\"},{\"@type\":\"Organization\",\"@id\":\"https:\\\/\\\/www.eldiariodetucuman.com\\\/web\\\/#organization\",\"name\":\"El Diario de Tucuman\",\"url\":\"https:\\\/\\\/www.eldiariodetucuman.com\\\/web\\\/\",\"logo\":{\"@type\":\"ImageObject\",\"inLanguage\":\"es\",\"@id\":\"https:\\\/\\\/www.eldiariodetucuman.com\\\/web\\\/#\\\/schema\\\/logo\\\/image\\\/\",\"url\":\"http:\\\/\\\/www.eldiariodetucuman.com\\\/web\\\/wp-content\\\/uploads\\\/2017\\\/12\\\/el-diario-de-tucuman.jpg\",\"contentUrl\":\"http:\\\/\\\/www.eldiariodetucuman.com\\\/web\\\/wp-content\\\/uploads\\\/2017\\\/12\\\/el-diario-de-tucuman.jpg\",\"width\":272,\"height\":92,\"caption\":\"El Diario de Tucuman\"},\"image\":{\"@id\":\"https:\\\/\\\/www.eldiariodetucuman.com\\\/web\\\/#\\\/schema\\\/logo\\\/image\\\/\"}},{\"@type\":\"Person\",\"@id\":\"https:\\\/\\\/www.eldiariodetucuman.com\\\/web\\\/#\\\/schema\\\/person\\\/9250197d75ab5483412e19678b121caa\",\"name\":\"admin\",\"image\":{\"@type\":\"ImageObject\",\"inLanguage\":\"es\",\"@id\":\"https:\\\/\\\/secure.gravatar.com\\\/avatar\\\/c44d117c2be811212c22cb481f6b8384b6873de103fbc49e7a03cc58d7dea4ac?s=96&d=mm&r=g\",\"url\":\"https:\\\/\\\/secure.gravatar.com\\\/avatar\\\/c44d117c2be811212c22cb481f6b8384b6873de103fbc49e7a03cc58d7dea4ac?s=96&d=mm&r=g\",\"contentUrl\":\"https:\\\/\\\/secure.gravatar.com\\\/avatar\\\/c44d117c2be811212c22cb481f6b8384b6873de103fbc49e7a03cc58d7dea4ac?s=96&d=mm&r=g\",\"caption\":\"admin\"},\"url\":\"https:\\\/\\\/www.eldiariodetucuman.com\\\/web\\\/author\\\/admin\\\/\"}]}<\/script>\n<!-- \/ Yoast SEO plugin. -->","yoast_head_json":{"title":"Acevedo recibi\u00f3 a autoridades de CITED - El Diario de Tucuman","robots":{"index":"index","follow":"follow","max-snippet":"max-snippet:-1","max-image-preview":"max-image-preview:large","max-video-preview":"max-video-preview:-1"},"canonical":"https:\/\/www.eldiariodetucuman.com\/web\/acevedo-recibio-a-autoridades-de-cited\/","og_locale":"es_ES","og_type":"article","og_title":"Acevedo recibi\u00f3 a autoridades de CITED - El Diario de Tucuman","og_description":"El vicegobernador, Miguel Acevedo, a cargo del Poder Ejecutivo, se reuni\u00f3 con el presidente de la C\u00e1mara de Instituciones Terap\u00e9uticas y Educativas de Discapacidad (CITED), Gustavo Anastacio, para abordar el tema arancelario del Instituto de Previsi\u00f3n y Seguridad Social de Tucum\u00e1n (IPSST) en relaci\u00f3n con los valores fijados por la Ley Nacional de Discapacidad. &#13; [&hellip;]","og_url":"https:\/\/www.eldiariodetucuman.com\/web\/acevedo-recibio-a-autoridades-de-cited\/","og_site_name":"El Diario de Tucuman","article_published_time":"2025-10-01T20:51:32+00:00","author":"admin","twitter_card":"summary_large_image","twitter_misc":{"Escrito por":"admin","Tiempo de lectura":"2 minutos"},"schema":{"@context":"https:\/\/schema.org","@graph":[{"@type":"Article","@id":"https:\/\/www.eldiariodetucuman.com\/web\/acevedo-recibio-a-autoridades-de-cited\/#article","isPartOf":{"@id":"https:\/\/www.eldiariodetucuman.com\/web\/acevedo-recibio-a-autoridades-de-cited\/"},"author":{"name":"admin","@id":"https:\/\/www.eldiariodetucuman.com\/web\/#\/schema\/person\/9250197d75ab5483412e19678b121caa"},"headline":"Acevedo recibi\u00f3 a autoridades de CITED","datePublished":"2025-10-01T20:51:32+00:00","mainEntityOfPage":{"@id":"https:\/\/www.eldiariodetucuman.com\/web\/acevedo-recibio-a-autoridades-de-cited\/"},"wordCount":392,"publisher":{"@id":"https:\/\/www.eldiariodetucuman.com\/web\/#organization"},"image":{"@id":"https:\/\/www.eldiariodetucuman.com\/web\/acevedo-recibio-a-autoridades-de-cited\/#primaryimage"},"thumbnailUrl":"https:\/\/www.eldiariodetucuman.com\/web\/wp-content\/uploads\/2025\/10\/Acevedo-recibio-a-autoridades-de-CITED.jpeg","articleSection":["Politica"],"inLanguage":"es"},{"@type":"WebPage","@id":"https:\/\/www.eldiariodetucuman.com\/web\/acevedo-recibio-a-autoridades-de-cited\/","url":"https:\/\/www.eldiariodetucuman.com\/web\/acevedo-recibio-a-autoridades-de-cited\/","name":"Acevedo recibi\u00f3 a autoridades de CITED - El Diario de Tucuman","isPartOf":{"@id":"https:\/\/www.eldiariodetucuman.com\/web\/#website"},"primaryImageOfPage":{"@id":"https:\/\/www.eldiariodetucuman.com\/web\/acevedo-recibio-a-autoridades-de-cited\/#primaryimage"},"image":{"@id":"https:\/\/www.eldiariodetucuman.com\/web\/acevedo-recibio-a-autoridades-de-cited\/#primaryimage"},"thumbnailUrl":"https:\/\/www.eldiariodetucuman.com\/web\/wp-content\/uploads\/2025\/10\/Acevedo-recibio-a-autoridades-de-CITED.jpeg","datePublished":"2025-10-01T20:51:32+00:00","breadcrumb":{"@id":"https:\/\/www.eldiariodetucuman.com\/web\/acevedo-recibio-a-autoridades-de-cited\/#breadcrumb"},"inLanguage":"es","potentialAction":[{"@type":"ReadAction","target":["https:\/\/www.eldiariodetucuman.com\/web\/acevedo-recibio-a-autoridades-de-cited\/"]}]},{"@type":"ImageObject","inLanguage":"es","@id":"https:\/\/www.eldiariodetucuman.com\/web\/acevedo-recibio-a-autoridades-de-cited\/#primaryimage","url":"https:\/\/www.eldiariodetucuman.com\/web\/wp-content\/uploads\/2025\/10\/Acevedo-recibio-a-autoridades-de-CITED.jpeg","contentUrl":"https:\/\/www.eldiariodetucuman.com\/web\/wp-content\/uploads\/2025\/10\/Acevedo-recibio-a-autoridades-de-CITED.jpeg","width":818,"height":460},{"@type":"BreadcrumbList","@id":"https:\/\/www.eldiariodetucuman.com\/web\/acevedo-recibio-a-autoridades-de-cited\/#breadcrumb","itemListElement":[{"@type":"ListItem","position":1,"name":"Portada","item":"https:\/\/www.eldiariodetucuman.com\/web\/"},{"@type":"ListItem","position":2,"name":"Acevedo recibi\u00f3 a autoridades de CITED"}]},{"@type":"WebSite","@id":"https:\/\/www.eldiariodetucuman.com\/web\/#website","url":"https:\/\/www.eldiariodetucuman.com\/web\/","name":"El Diario de Tucuman","description":"Diario Tucuman - Informaci\u00f3n y noticias","publisher":{"@id":"https:\/\/www.eldiariodetucuman.com\/web\/#organization"},"potentialAction":[{"@type":"SearchAction","target":{"@type":"EntryPoint","urlTemplate":"https:\/\/www.eldiariodetucuman.com\/web\/?s={search_term_string}"},"query-input":{"@type":"PropertyValueSpecification","valueRequired":true,"valueName":"search_term_string"}}],"inLanguage":"es"},{"@type":"Organization","@id":"https:\/\/www.eldiariodetucuman.com\/web\/#organization","name":"El Diario de Tucuman","url":"https:\/\/www.eldiariodetucuman.com\/web\/","logo":{"@type":"ImageObject","inLanguage":"es","@id":"https:\/\/www.eldiariodetucuman.com\/web\/#\/schema\/logo\/image\/","url":"http:\/\/www.eldiariodetucuman.com\/web\/wp-content\/uploads\/2017\/12\/el-diario-de-tucuman.jpg","contentUrl":"http:\/\/www.eldiariodetucuman.com\/web\/wp-content\/uploads\/2017\/12\/el-diario-de-tucuman.jpg","width":272,"height":92,"caption":"El Diario de Tucuman"},"image":{"@id":"https:\/\/www.eldiariodetucuman.com\/web\/#\/schema\/logo\/image\/"}},{"@type":"Person","@id":"https:\/\/www.eldiariodetucuman.com\/web\/#\/schema\/person\/9250197d75ab5483412e19678b121caa","name":"admin","image":{"@type":"ImageObject","inLanguage":"es","@id":"https:\/\/secure.gravatar.com\/avatar\/c44d117c2be811212c22cb481f6b8384b6873de103fbc49e7a03cc58d7dea4ac?s=96&d=mm&r=g","url":"https:\/\/secure.gravatar.com\/avatar\/c44d117c2be811212c22cb481f6b8384b6873de103fbc49e7a03cc58d7dea4ac?s=96&d=mm&r=g","contentUrl":"https:\/\/secure.gravatar.com\/avatar\/c44d117c2be811212c22cb481f6b8384b6873de103fbc49e7a03cc58d7dea4ac?s=96&d=mm&r=g","caption":"admin"},"url":"https:\/\/www.eldiariodetucuman.com\/web\/author\/admin\/"}]}},"_links":{"self":[{"href":"https:\/\/www.eldiariodetucuman.com\/web\/wp-json\/wp\/v2\/posts\/45811","targetHints":{"allow":["GET"]}}],"collection":[{"href":"https:\/\/www.eldiariodetucuman.com\/web\/wp-json\/wp\/v2\/posts"}],"about":[{"href":"https:\/\/www.eldiariodetucuman.com\/web\/wp-json\/wp\/v2\/types\/post"}],"author":[{"embeddable":true,"href":"https:\/\/www.eldiariodetucuman.com\/web\/wp-json\/wp\/v2\/users\/1"}],"replies":[{"embeddable":true,"href":"https:\/\/www.eldiariodetucuman.com\/web\/wp-json\/wp\/v2\/comments?post=45811"}],"version-history":[{"count":0,"href":"https:\/\/www.eldiariodetucuman.com\/web\/wp-json\/wp\/v2\/posts\/45811\/revisions"}],"wp:featuredmedia":[{"embeddable":true,"href":"https:\/\/www.eldiariodetucuman.com\/web\/wp-json\/wp\/v2\/media\/45812"}],"wp:attachment":[{"href":"https:\/\/www.eldiariodetucuman.com\/web\/wp-json\/wp\/v2\/media?parent=45811"}],"wp:term":[{"taxonomy":"category","embeddable":true,"href":"https:\/\/www.eldiariodetucuman.com\/web\/wp-json\/wp\/v2\/categories?post=45811"},{"taxonomy":"post_tag","embeddable":true,"href":"https:\/\/www.eldiariodetucuman.com\/web\/wp-json\/wp\/v2\/tags?post=45811"}],"curies":[{"name":"wp","href":"https:\/\/api.w.org\/{rel}","templated":true}]}}