{"id":45764,"date":"2025-09-26T17:40:39","date_gmt":"2025-09-26T20:40:39","guid":{"rendered":"https:\/\/www.eldiariodetucuman.com\/web\/acevedo-recorrio-la-cooperativa-de-agua-potable-en-san-pedro-de-colalao\/"},"modified":"2025-09-26T17:40:39","modified_gmt":"2025-09-26T20:40:39","slug":"acevedo-recorrio-la-cooperativa-de-agua-potable-en-san-pedro-de-colalao","status":"publish","type":"post","link":"https:\/\/www.eldiariodetucuman.com\/web\/acevedo-recorrio-la-cooperativa-de-agua-potable-en-san-pedro-de-colalao\/","title":{"rendered":"Acevedo recorri\u00f3 la Cooperativa de Agua Potable en San Pedro de Colalao"},"content":{"rendered":"<p><\/p>\n<p id=\"isPasted\">La instituci\u00f3n, que hace un a\u00f1o enfrentaba serias dificultades, logr\u00f3 recuperarse con el apoyo del Gobierno provincial y el compromiso de sus 11 trabajadores. En esta oportunidad, adem\u00e1s, se present\u00f3 un plan de trabajo destinado a fortalecer la red de agua en toda la localidad de San Pedro.<\/p>\n<p>El vicegobernador <strong>Miguel Acevedo<\/strong>, a cargo de la Gobernaci\u00f3n y en representaci\u00f3n del gobernador en uso de licencia <strong>Osvaldo Jaldo, <\/strong>visit\u00f3 las instalaciones de la Cooperativa de Agua Potable de San Pedro de Colalao.\u00a0<\/p>\n<p>La jornada permiti\u00f3 constatar el funcionamiento de una retroexcavadora y una motocicleta XR 190 recientemente incorporadas al servicio, as\u00ed como dialogar con las autoridades sobre los desaf\u00edos que enfrenta el sistema y la importancia de sumar herramientas que fortalezcan la prestaci\u00f3n a los vecinos y vecinas de la zona.<\/p>\n<p>Acevedo estuvo acompa\u00f1ado por el legislador provincial <strong>Roberto Moreno;<\/strong> el intendente de Trancas, <strong>Antonio Moreno;<\/strong> el presidente de la Cooperativa, <strong>Sergio Leal; <\/strong>y el interventor del SEPAPyS, ingeniero <strong>Nicol\u00e1s Viejo Bueno<\/strong>.<\/p>\n<p>Durante el recorrido, Acevedo subray\u00f3: \u201cEs una cooperativa que se recuper\u00f3 con la colaboraci\u00f3n del Poder Ejecutivo con Osvaldo Jaldo a cargo, la Legislatura, el municipio y los organismos provinciales, con un mismo objetivo: que pueda brindar el servicio que se merecen los sampedrinos\u201d.<\/p>\n<p>Durante los primeros d\u00edas de junio, Jaldo recibi\u00f3 a la cooperativa que atraviesa dificultades econ\u00f3micas, debido a la crisis actual y les garantiz\u00f3 la presencia del Estado, para garantizar pago de sueldos y diversos problemas financieros.\u00a0<\/p>\n<p>Por su parte, el intendente Moreno se\u00f1al\u00f3 que este proceso \u201ces el claro ejemplo de lo que se puede lograr trabajando en conjunto, con la decisi\u00f3n pol\u00edtica de Jaldo y el acompa\u00f1amiento de todos los sectores para poner de pie a la cooperativa y fortalecer los servicios fundamentales de San Pedro de Colalao\u201d.<\/p>\n<p>Por su parte, el legislador Roberto Moreno expres\u00f3 que la incorporaci\u00f3n de equipamiento \u201csignifica dignidad, progreso y justicia social, porque mejora las condiciones de los trabajadores y garantiza la prestaci\u00f3n de un servicio esencial como es el agua\u201d.\u00a0<\/p>\n<p>Finalmente, Leal, agradeci\u00f3 el acompa\u00f1amiento recibido y resalt\u00f3: \u201cEstamos felices por este crecimiento. Las herramientas permitir\u00e1n optimizar el trabajo diario. Hoy presentamos adem\u00e1s el plan director para la red de agua de todo San Pedro, pensando en el desarrollo de los pr\u00f3ximos a\u00f1os\u201d.<\/p>\n<p>Fuente: <a href=\"https:\/\/www.comunicaciontucuman.gob.ar\/noticia\/gobernacion\/237163\/acevedo-recorrio-cooperativa-agua-potable-san-pedro-colalao\"> Fuente de la nota <\/a><\/p>\n","protected":false},"excerpt":{"rendered":"<p>La instituci\u00f3n, que hace un a\u00f1o enfrentaba serias dificultades, logr\u00f3 recuperarse con el apoyo del Gobierno provincial y el compromiso de sus 11 trabajadores. En esta oportunidad, adem\u00e1s, se present\u00f3 un plan de trabajo destinado a fortalecer la red de agua en toda la localidad de San Pedro. El vicegobernador Miguel Acevedo, a cargo de [&hellip;]<\/p>\n","protected":false},"author":1,"featured_media":45765,"comment_status":"closed","ping_status":"open","sticky":false,"template":"","format":"standard","meta":{"footnotes":""},"categories":[3],"tags":[],"class_list":{"0":"post-45764","1":"post","2":"type-post","3":"status-publish","4":"format-standard","5":"has-post-thumbnail","7":"category-politica"},"yoast_head":"<!-- This site is optimized with the Yoast SEO plugin v27.4 - https:\/\/yoast.com\/product\/yoast-seo-wordpress\/ -->\n<title>Acevedo recorri\u00f3 la Cooperativa de Agua Potable en San Pedro de Colalao - El Diario de Tucuman<\/title>\n<meta name=\"robots\" content=\"index, follow, max-snippet:-1, max-image-preview:large, max-video-preview:-1\" \/>\n<link rel=\"canonical\" href=\"https:\/\/www.eldiariodetucuman.com\/web\/acevedo-recorrio-la-cooperativa-de-agua-potable-en-san-pedro-de-colalao\/\" \/>\n<meta property=\"og:locale\" content=\"es_ES\" \/>\n<meta property=\"og:type\" content=\"article\" \/>\n<meta property=\"og:title\" content=\"Acevedo recorri\u00f3 la Cooperativa de Agua Potable en San Pedro de Colalao - El Diario de Tucuman\" \/>\n<meta property=\"og:description\" content=\"La instituci\u00f3n, que hace un a\u00f1o enfrentaba serias dificultades, logr\u00f3 recuperarse con el apoyo del Gobierno provincial y el compromiso de sus 11 trabajadores. En esta oportunidad, adem\u00e1s, se present\u00f3 un plan de trabajo destinado a fortalecer la red de agua en toda la localidad de San Pedro. El vicegobernador Miguel Acevedo, a cargo de [&hellip;]\" \/>\n<meta property=\"og:url\" content=\"https:\/\/www.eldiariodetucuman.com\/web\/acevedo-recorrio-la-cooperativa-de-agua-potable-en-san-pedro-de-colalao\/\" \/>\n<meta property=\"og:site_name\" content=\"El Diario de Tucuman\" \/>\n<meta property=\"article:published_time\" content=\"2025-09-26T20:40:39+00:00\" \/>\n<meta name=\"author\" content=\"admin\" \/>\n<meta name=\"twitter:card\" content=\"summary_large_image\" \/>\n<meta name=\"twitter:label1\" content=\"Escrito por\" \/>\n\t<meta name=\"twitter:data1\" content=\"admin\" \/>\n\t<meta name=\"twitter:label2\" content=\"Tiempo de lectura\" \/>\n\t<meta name=\"twitter:data2\" content=\"2 minutos\" \/>\n<script type=\"application\/ld+json\" class=\"yoast-schema-graph\">{\"@context\":\"https:\\\/\\\/schema.org\",\"@graph\":[{\"@type\":\"Article\",\"@id\":\"https:\\\/\\\/www.eldiariodetucuman.com\\\/web\\\/acevedo-recorrio-la-cooperativa-de-agua-potable-en-san-pedro-de-colalao\\\/#article\",\"isPartOf\":{\"@id\":\"https:\\\/\\\/www.eldiariodetucuman.com\\\/web\\\/acevedo-recorrio-la-cooperativa-de-agua-potable-en-san-pedro-de-colalao\\\/\"},\"author\":{\"name\":\"admin\",\"@id\":\"https:\\\/\\\/www.eldiariodetucuman.com\\\/web\\\/#\\\/schema\\\/person\\\/9250197d75ab5483412e19678b121caa\"},\"headline\":\"Acevedo recorri\u00f3 la Cooperativa de Agua Potable en San Pedro de Colalao\",\"datePublished\":\"2025-09-26T20:40:39+00:00\",\"mainEntityOfPage\":{\"@id\":\"https:\\\/\\\/www.eldiariodetucuman.com\\\/web\\\/acevedo-recorrio-la-cooperativa-de-agua-potable-en-san-pedro-de-colalao\\\/\"},\"wordCount\":414,\"publisher\":{\"@id\":\"https:\\\/\\\/www.eldiariodetucuman.com\\\/web\\\/#organization\"},\"image\":{\"@id\":\"https:\\\/\\\/www.eldiariodetucuman.com\\\/web\\\/acevedo-recorrio-la-cooperativa-de-agua-potable-en-san-pedro-de-colalao\\\/#primaryimage\"},\"thumbnailUrl\":\"https:\\\/\\\/www.eldiariodetucuman.com\\\/web\\\/wp-content\\\/uploads\\\/2025\\\/09\\\/Acevedo-recorrio-la-Cooperativa-de-Agua-Potable-en-San-Pedro.jpg\",\"articleSection\":[\"Politica\"],\"inLanguage\":\"es\"},{\"@type\":\"WebPage\",\"@id\":\"https:\\\/\\\/www.eldiariodetucuman.com\\\/web\\\/acevedo-recorrio-la-cooperativa-de-agua-potable-en-san-pedro-de-colalao\\\/\",\"url\":\"https:\\\/\\\/www.eldiariodetucuman.com\\\/web\\\/acevedo-recorrio-la-cooperativa-de-agua-potable-en-san-pedro-de-colalao\\\/\",\"name\":\"Acevedo recorri\u00f3 la Cooperativa de Agua Potable en San Pedro de Colalao - El Diario de Tucuman\",\"isPartOf\":{\"@id\":\"https:\\\/\\\/www.eldiariodetucuman.com\\\/web\\\/#website\"},\"primaryImageOfPage\":{\"@id\":\"https:\\\/\\\/www.eldiariodetucuman.com\\\/web\\\/acevedo-recorrio-la-cooperativa-de-agua-potable-en-san-pedro-de-colalao\\\/#primaryimage\"},\"image\":{\"@id\":\"https:\\\/\\\/www.eldiariodetucuman.com\\\/web\\\/acevedo-recorrio-la-cooperativa-de-agua-potable-en-san-pedro-de-colalao\\\/#primaryimage\"},\"thumbnailUrl\":\"https:\\\/\\\/www.eldiariodetucuman.com\\\/web\\\/wp-content\\\/uploads\\\/2025\\\/09\\\/Acevedo-recorrio-la-Cooperativa-de-Agua-Potable-en-San-Pedro.jpg\",\"datePublished\":\"2025-09-26T20:40:39+00:00\",\"breadcrumb\":{\"@id\":\"https:\\\/\\\/www.eldiariodetucuman.com\\\/web\\\/acevedo-recorrio-la-cooperativa-de-agua-potable-en-san-pedro-de-colalao\\\/#breadcrumb\"},\"inLanguage\":\"es\",\"potentialAction\":[{\"@type\":\"ReadAction\",\"target\":[\"https:\\\/\\\/www.eldiariodetucuman.com\\\/web\\\/acevedo-recorrio-la-cooperativa-de-agua-potable-en-san-pedro-de-colalao\\\/\"]}]},{\"@type\":\"ImageObject\",\"inLanguage\":\"es\",\"@id\":\"https:\\\/\\\/www.eldiariodetucuman.com\\\/web\\\/acevedo-recorrio-la-cooperativa-de-agua-potable-en-san-pedro-de-colalao\\\/#primaryimage\",\"url\":\"https:\\\/\\\/www.eldiariodetucuman.com\\\/web\\\/wp-content\\\/uploads\\\/2025\\\/09\\\/Acevedo-recorrio-la-Cooperativa-de-Agua-Potable-en-San-Pedro.jpg\",\"contentUrl\":\"https:\\\/\\\/www.eldiariodetucuman.com\\\/web\\\/wp-content\\\/uploads\\\/2025\\\/09\\\/Acevedo-recorrio-la-Cooperativa-de-Agua-Potable-en-San-Pedro.jpg\",\"width\":818,\"height\":460},{\"@type\":\"BreadcrumbList\",\"@id\":\"https:\\\/\\\/www.eldiariodetucuman.com\\\/web\\\/acevedo-recorrio-la-cooperativa-de-agua-potable-en-san-pedro-de-colalao\\\/#breadcrumb\",\"itemListElement\":[{\"@type\":\"ListItem\",\"position\":1,\"name\":\"Portada\",\"item\":\"https:\\\/\\\/www.eldiariodetucuman.com\\\/web\\\/\"},{\"@type\":\"ListItem\",\"position\":2,\"name\":\"Acevedo recorri\u00f3 la Cooperativa de Agua Potable en San Pedro de Colalao\"}]},{\"@type\":\"WebSite\",\"@id\":\"https:\\\/\\\/www.eldiariodetucuman.com\\\/web\\\/#website\",\"url\":\"https:\\\/\\\/www.eldiariodetucuman.com\\\/web\\\/\",\"name\":\"El Diario de Tucuman\",\"description\":\"Diario Tucuman - Informaci\u00f3n y noticias\",\"publisher\":{\"@id\":\"https:\\\/\\\/www.eldiariodetucuman.com\\\/web\\\/#organization\"},\"potentialAction\":[{\"@type\":\"SearchAction\",\"target\":{\"@type\":\"EntryPoint\",\"urlTemplate\":\"https:\\\/\\\/www.eldiariodetucuman.com\\\/web\\\/?s={search_term_string}\"},\"query-input\":{\"@type\":\"PropertyValueSpecification\",\"valueRequired\":true,\"valueName\":\"search_term_string\"}}],\"inLanguage\":\"es\"},{\"@type\":\"Organization\",\"@id\":\"https:\\\/\\\/www.eldiariodetucuman.com\\\/web\\\/#organization\",\"name\":\"El Diario de Tucuman\",\"url\":\"https:\\\/\\\/www.eldiariodetucuman.com\\\/web\\\/\",\"logo\":{\"@type\":\"ImageObject\",\"inLanguage\":\"es\",\"@id\":\"https:\\\/\\\/www.eldiariodetucuman.com\\\/web\\\/#\\\/schema\\\/logo\\\/image\\\/\",\"url\":\"http:\\\/\\\/www.eldiariodetucuman.com\\\/web\\\/wp-content\\\/uploads\\\/2017\\\/12\\\/el-diario-de-tucuman.jpg\",\"contentUrl\":\"http:\\\/\\\/www.eldiariodetucuman.com\\\/web\\\/wp-content\\\/uploads\\\/2017\\\/12\\\/el-diario-de-tucuman.jpg\",\"width\":272,\"height\":92,\"caption\":\"El Diario de Tucuman\"},\"image\":{\"@id\":\"https:\\\/\\\/www.eldiariodetucuman.com\\\/web\\\/#\\\/schema\\\/logo\\\/image\\\/\"}},{\"@type\":\"Person\",\"@id\":\"https:\\\/\\\/www.eldiariodetucuman.com\\\/web\\\/#\\\/schema\\\/person\\\/9250197d75ab5483412e19678b121caa\",\"name\":\"admin\",\"image\":{\"@type\":\"ImageObject\",\"inLanguage\":\"es\",\"@id\":\"https:\\\/\\\/secure.gravatar.com\\\/avatar\\\/c44d117c2be811212c22cb481f6b8384b6873de103fbc49e7a03cc58d7dea4ac?s=96&d=mm&r=g\",\"url\":\"https:\\\/\\\/secure.gravatar.com\\\/avatar\\\/c44d117c2be811212c22cb481f6b8384b6873de103fbc49e7a03cc58d7dea4ac?s=96&d=mm&r=g\",\"contentUrl\":\"https:\\\/\\\/secure.gravatar.com\\\/avatar\\\/c44d117c2be811212c22cb481f6b8384b6873de103fbc49e7a03cc58d7dea4ac?s=96&d=mm&r=g\",\"caption\":\"admin\"},\"url\":\"https:\\\/\\\/www.eldiariodetucuman.com\\\/web\\\/author\\\/admin\\\/\"}]}<\/script>\n<!-- \/ Yoast SEO plugin. -->","yoast_head_json":{"title":"Acevedo recorri\u00f3 la Cooperativa de Agua Potable en San Pedro de Colalao - El Diario de Tucuman","robots":{"index":"index","follow":"follow","max-snippet":"max-snippet:-1","max-image-preview":"max-image-preview:large","max-video-preview":"max-video-preview:-1"},"canonical":"https:\/\/www.eldiariodetucuman.com\/web\/acevedo-recorrio-la-cooperativa-de-agua-potable-en-san-pedro-de-colalao\/","og_locale":"es_ES","og_type":"article","og_title":"Acevedo recorri\u00f3 la Cooperativa de Agua Potable en San Pedro de Colalao - El Diario de Tucuman","og_description":"La instituci\u00f3n, que hace un a\u00f1o enfrentaba serias dificultades, logr\u00f3 recuperarse con el apoyo del Gobierno provincial y el compromiso de sus 11 trabajadores. En esta oportunidad, adem\u00e1s, se present\u00f3 un plan de trabajo destinado a fortalecer la red de agua en toda la localidad de San Pedro. El vicegobernador Miguel Acevedo, a cargo de [&hellip;]","og_url":"https:\/\/www.eldiariodetucuman.com\/web\/acevedo-recorrio-la-cooperativa-de-agua-potable-en-san-pedro-de-colalao\/","og_site_name":"El Diario de Tucuman","article_published_time":"2025-09-26T20:40:39+00:00","author":"admin","twitter_card":"summary_large_image","twitter_misc":{"Escrito por":"admin","Tiempo de lectura":"2 minutos"},"schema":{"@context":"https:\/\/schema.org","@graph":[{"@type":"Article","@id":"https:\/\/www.eldiariodetucuman.com\/web\/acevedo-recorrio-la-cooperativa-de-agua-potable-en-san-pedro-de-colalao\/#article","isPartOf":{"@id":"https:\/\/www.eldiariodetucuman.com\/web\/acevedo-recorrio-la-cooperativa-de-agua-potable-en-san-pedro-de-colalao\/"},"author":{"name":"admin","@id":"https:\/\/www.eldiariodetucuman.com\/web\/#\/schema\/person\/9250197d75ab5483412e19678b121caa"},"headline":"Acevedo recorri\u00f3 la Cooperativa de Agua Potable en San Pedro de Colalao","datePublished":"2025-09-26T20:40:39+00:00","mainEntityOfPage":{"@id":"https:\/\/www.eldiariodetucuman.com\/web\/acevedo-recorrio-la-cooperativa-de-agua-potable-en-san-pedro-de-colalao\/"},"wordCount":414,"publisher":{"@id":"https:\/\/www.eldiariodetucuman.com\/web\/#organization"},"image":{"@id":"https:\/\/www.eldiariodetucuman.com\/web\/acevedo-recorrio-la-cooperativa-de-agua-potable-en-san-pedro-de-colalao\/#primaryimage"},"thumbnailUrl":"https:\/\/www.eldiariodetucuman.com\/web\/wp-content\/uploads\/2025\/09\/Acevedo-recorrio-la-Cooperativa-de-Agua-Potable-en-San-Pedro.jpg","articleSection":["Politica"],"inLanguage":"es"},{"@type":"WebPage","@id":"https:\/\/www.eldiariodetucuman.com\/web\/acevedo-recorrio-la-cooperativa-de-agua-potable-en-san-pedro-de-colalao\/","url":"https:\/\/www.eldiariodetucuman.com\/web\/acevedo-recorrio-la-cooperativa-de-agua-potable-en-san-pedro-de-colalao\/","name":"Acevedo recorri\u00f3 la Cooperativa de Agua Potable en San Pedro de Colalao - El Diario de Tucuman","isPartOf":{"@id":"https:\/\/www.eldiariodetucuman.com\/web\/#website"},"primaryImageOfPage":{"@id":"https:\/\/www.eldiariodetucuman.com\/web\/acevedo-recorrio-la-cooperativa-de-agua-potable-en-san-pedro-de-colalao\/#primaryimage"},"image":{"@id":"https:\/\/www.eldiariodetucuman.com\/web\/acevedo-recorrio-la-cooperativa-de-agua-potable-en-san-pedro-de-colalao\/#primaryimage"},"thumbnailUrl":"https:\/\/www.eldiariodetucuman.com\/web\/wp-content\/uploads\/2025\/09\/Acevedo-recorrio-la-Cooperativa-de-Agua-Potable-en-San-Pedro.jpg","datePublished":"2025-09-26T20:40:39+00:00","breadcrumb":{"@id":"https:\/\/www.eldiariodetucuman.com\/web\/acevedo-recorrio-la-cooperativa-de-agua-potable-en-san-pedro-de-colalao\/#breadcrumb"},"inLanguage":"es","potentialAction":[{"@type":"ReadAction","target":["https:\/\/www.eldiariodetucuman.com\/web\/acevedo-recorrio-la-cooperativa-de-agua-potable-en-san-pedro-de-colalao\/"]}]},{"@type":"ImageObject","inLanguage":"es","@id":"https:\/\/www.eldiariodetucuman.com\/web\/acevedo-recorrio-la-cooperativa-de-agua-potable-en-san-pedro-de-colalao\/#primaryimage","url":"https:\/\/www.eldiariodetucuman.com\/web\/wp-content\/uploads\/2025\/09\/Acevedo-recorrio-la-Cooperativa-de-Agua-Potable-en-San-Pedro.jpg","contentUrl":"https:\/\/www.eldiariodetucuman.com\/web\/wp-content\/uploads\/2025\/09\/Acevedo-recorrio-la-Cooperativa-de-Agua-Potable-en-San-Pedro.jpg","width":818,"height":460},{"@type":"BreadcrumbList","@id":"https:\/\/www.eldiariodetucuman.com\/web\/acevedo-recorrio-la-cooperativa-de-agua-potable-en-san-pedro-de-colalao\/#breadcrumb","itemListElement":[{"@type":"ListItem","position":1,"name":"Portada","item":"https:\/\/www.eldiariodetucuman.com\/web\/"},{"@type":"ListItem","position":2,"name":"Acevedo recorri\u00f3 la Cooperativa de Agua Potable en San Pedro de Colalao"}]},{"@type":"WebSite","@id":"https:\/\/www.eldiariodetucuman.com\/web\/#website","url":"https:\/\/www.eldiariodetucuman.com\/web\/","name":"El Diario de Tucuman","description":"Diario Tucuman - Informaci\u00f3n y noticias","publisher":{"@id":"https:\/\/www.eldiariodetucuman.com\/web\/#organization"},"potentialAction":[{"@type":"SearchAction","target":{"@type":"EntryPoint","urlTemplate":"https:\/\/www.eldiariodetucuman.com\/web\/?s={search_term_string}"},"query-input":{"@type":"PropertyValueSpecification","valueRequired":true,"valueName":"search_term_string"}}],"inLanguage":"es"},{"@type":"Organization","@id":"https:\/\/www.eldiariodetucuman.com\/web\/#organization","name":"El Diario de Tucuman","url":"https:\/\/www.eldiariodetucuman.com\/web\/","logo":{"@type":"ImageObject","inLanguage":"es","@id":"https:\/\/www.eldiariodetucuman.com\/web\/#\/schema\/logo\/image\/","url":"http:\/\/www.eldiariodetucuman.com\/web\/wp-content\/uploads\/2017\/12\/el-diario-de-tucuman.jpg","contentUrl":"http:\/\/www.eldiariodetucuman.com\/web\/wp-content\/uploads\/2017\/12\/el-diario-de-tucuman.jpg","width":272,"height":92,"caption":"El Diario de Tucuman"},"image":{"@id":"https:\/\/www.eldiariodetucuman.com\/web\/#\/schema\/logo\/image\/"}},{"@type":"Person","@id":"https:\/\/www.eldiariodetucuman.com\/web\/#\/schema\/person\/9250197d75ab5483412e19678b121caa","name":"admin","image":{"@type":"ImageObject","inLanguage":"es","@id":"https:\/\/secure.gravatar.com\/avatar\/c44d117c2be811212c22cb481f6b8384b6873de103fbc49e7a03cc58d7dea4ac?s=96&d=mm&r=g","url":"https:\/\/secure.gravatar.com\/avatar\/c44d117c2be811212c22cb481f6b8384b6873de103fbc49e7a03cc58d7dea4ac?s=96&d=mm&r=g","contentUrl":"https:\/\/secure.gravatar.com\/avatar\/c44d117c2be811212c22cb481f6b8384b6873de103fbc49e7a03cc58d7dea4ac?s=96&d=mm&r=g","caption":"admin"},"url":"https:\/\/www.eldiariodetucuman.com\/web\/author\/admin\/"}]}},"_links":{"self":[{"href":"https:\/\/www.eldiariodetucuman.com\/web\/wp-json\/wp\/v2\/posts\/45764","targetHints":{"allow":["GET"]}}],"collection":[{"href":"https:\/\/www.eldiariodetucuman.com\/web\/wp-json\/wp\/v2\/posts"}],"about":[{"href":"https:\/\/www.eldiariodetucuman.com\/web\/wp-json\/wp\/v2\/types\/post"}],"author":[{"embeddable":true,"href":"https:\/\/www.eldiariodetucuman.com\/web\/wp-json\/wp\/v2\/users\/1"}],"replies":[{"embeddable":true,"href":"https:\/\/www.eldiariodetucuman.com\/web\/wp-json\/wp\/v2\/comments?post=45764"}],"version-history":[{"count":0,"href":"https:\/\/www.eldiariodetucuman.com\/web\/wp-json\/wp\/v2\/posts\/45764\/revisions"}],"wp:featuredmedia":[{"embeddable":true,"href":"https:\/\/www.eldiariodetucuman.com\/web\/wp-json\/wp\/v2\/media\/45765"}],"wp:attachment":[{"href":"https:\/\/www.eldiariodetucuman.com\/web\/wp-json\/wp\/v2\/media?parent=45764"}],"wp:term":[{"taxonomy":"category","embeddable":true,"href":"https:\/\/www.eldiariodetucuman.com\/web\/wp-json\/wp\/v2\/categories?post=45764"},{"taxonomy":"post_tag","embeddable":true,"href":"https:\/\/www.eldiariodetucuman.com\/web\/wp-json\/wp\/v2\/tags?post=45764"}],"curies":[{"name":"wp","href":"https:\/\/api.w.org\/{rel}","templated":true}]}}