{"id":45751,"date":"2025-09-25T16:21:52","date_gmt":"2025-09-25T19:21:52","guid":{"rendered":"https:\/\/www.eldiariodetucuman.com\/web\/prision-preventiva-para-el-gringo-por-atacar-a-una-mujer-con-su-hija\/"},"modified":"2025-09-25T16:21:52","modified_gmt":"2025-09-25T19:21:52","slug":"prision-preventiva-para-el-gringo-por-atacar-a-una-mujer-con-su-hija","status":"publish","type":"post","link":"https:\/\/www.eldiariodetucuman.com\/web\/prision-preventiva-para-el-gringo-por-atacar-a-una-mujer-con-su-hija\/","title":{"rendered":"Prisi\u00f3n preventiva para El gringo por atacar a una mujer con su hija"},"content":{"rendered":"<p>    <\/p>\n<p>Durante la audiencia, el auxiliar de fiscal, Leonel Sosa, por instrucciones del titular, Carlos Saltor, lo imput\u00f3 por el delito de robo simple en grado de tentativa, hecho ocurrido el pasado martes 23 en perjuicio de una mujer y de su hija de ocho a\u00f1os. \u201cEl imputado se aprovech\u00f3 de la vulnerabilidad no tan s\u00f3lo de la mujer sino de su ni\u00f1a (cuando iban rumbo al establecimiento escolar). Las agredi\u00f3 y las empuj\u00f3\u201d, coment\u00f3 Sosa. A continuaci\u00f3n, pidi\u00f3 la prisi\u00f3n preventiva por 40 d\u00edas en raz\u00f3n que la menor debe declarar en c\u00e1mara gesell y desarrollarse tambi\u00e9n el informe antropom\u00e9trico (por el video aportado). Seguidamente, el juez actuante hizo lugar parcialmente a lo peticionado por la Fiscal\u00eda, disponiendo la prisi\u00f3n preventiva por 20 d\u00edas, previo informe exhaustivo en el Cuerpo M\u00e9dico Forense para constatar el estado de salud del imputado (conforme a sus dichos en la audiencia). <\/p>\n<h2>El il\u00edcito <\/h2>\n<p>El pasado martes 23 de septiembre, a las 13:30 horas aproximadamente, en circunstancias que una ciudadana se encontraba circulando por avenida Bulnes de San Miguel de Tucum\u00e1n acompa\u00f1ada de su hija de 8 a\u00f1os fue que al llegar a la intersecci\u00f3n con calle Ecuador se hizo presente de forma sorpresiva el imputado, quien procedi\u00f3 a empujarlas haciendo caer a ambas pesadamente al suelo. Acto seguido procedi\u00f3 a sustraer una bolsa pl\u00e1stica que llevaba en sus manos que conten\u00eda la suma de $40.000, un manojo de llaves y un celular, d\u00e1ndose velozmente a la fuga. Finalmente, no pudo lograr su cometido al ser aprehendido a menos de 50 metros por transe\u00fantes que se encontraban en el lugar.<\/p>\n<p>  <strong> FUENTE:<\/strong> Ministerio P\u00fablico Fiscal<br \/>\n<br \/>Fuente: <a href=\"https:\/\/www.lv12.com.ar\/prision-preventiva\/prision-preventiva-el-gringo-atacar-una-mujer-su-hija-n186184\"> Fuente de la nota <\/a><\/p>\n","protected":false},"excerpt":{"rendered":"<p>Durante la audiencia, el auxiliar de fiscal, Leonel Sosa, por instrucciones del titular, Carlos Saltor, lo imput\u00f3 por el delito de robo simple en grado de tentativa, hecho ocurrido el pasado martes 23 en perjuicio de una mujer y de su hija de ocho a\u00f1os. \u201cEl imputado se aprovech\u00f3 de la vulnerabilidad no tan s\u00f3lo [&hellip;]<\/p>\n","protected":false},"author":1,"featured_media":45752,"comment_status":"closed","ping_status":"open","sticky":false,"template":"","format":"standard","meta":{"footnotes":""},"categories":[927],"tags":[],"class_list":{"0":"post-45751","1":"post","2":"type-post","3":"status-publish","4":"format-standard","5":"has-post-thumbnail","7":"category-policiales"},"yoast_head":"<!-- This site is optimized with the Yoast SEO plugin v27.4 - https:\/\/yoast.com\/product\/yoast-seo-wordpress\/ -->\n<title>Prisi\u00f3n preventiva para El gringo por atacar a una mujer con su hija - El Diario de Tucuman<\/title>\n<meta name=\"robots\" content=\"index, follow, max-snippet:-1, max-image-preview:large, max-video-preview:-1\" \/>\n<link rel=\"canonical\" href=\"https:\/\/www.eldiariodetucuman.com\/web\/prision-preventiva-para-el-gringo-por-atacar-a-una-mujer-con-su-hija\/\" \/>\n<meta property=\"og:locale\" content=\"es_ES\" \/>\n<meta property=\"og:type\" content=\"article\" \/>\n<meta property=\"og:title\" content=\"Prisi\u00f3n preventiva para El gringo por atacar a una mujer con su hija - El Diario de Tucuman\" \/>\n<meta property=\"og:description\" content=\"Durante la audiencia, el auxiliar de fiscal, Leonel Sosa, por instrucciones del titular, Carlos Saltor, lo imput\u00f3 por el delito de robo simple en grado de tentativa, hecho ocurrido el pasado martes 23 en perjuicio de una mujer y de su hija de ocho a\u00f1os. \u201cEl imputado se aprovech\u00f3 de la vulnerabilidad no tan s\u00f3lo [&hellip;]\" \/>\n<meta property=\"og:url\" content=\"https:\/\/www.eldiariodetucuman.com\/web\/prision-preventiva-para-el-gringo-por-atacar-a-una-mujer-con-su-hija\/\" \/>\n<meta property=\"og:site_name\" content=\"El Diario de Tucuman\" \/>\n<meta property=\"article:published_time\" content=\"2025-09-25T19:21:52+00:00\" \/>\n<meta name=\"author\" content=\"admin\" \/>\n<meta name=\"twitter:card\" content=\"summary_large_image\" \/>\n<meta name=\"twitter:label1\" content=\"Escrito por\" \/>\n\t<meta name=\"twitter:data1\" content=\"admin\" \/>\n\t<meta name=\"twitter:label2\" content=\"Tiempo de lectura\" \/>\n\t<meta name=\"twitter:data2\" content=\"1 minuto\" \/>\n<script type=\"application\/ld+json\" class=\"yoast-schema-graph\">{\"@context\":\"https:\\\/\\\/schema.org\",\"@graph\":[{\"@type\":\"Article\",\"@id\":\"https:\\\/\\\/www.eldiariodetucuman.com\\\/web\\\/prision-preventiva-para-el-gringo-por-atacar-a-una-mujer-con-su-hija\\\/#article\",\"isPartOf\":{\"@id\":\"https:\\\/\\\/www.eldiariodetucuman.com\\\/web\\\/prision-preventiva-para-el-gringo-por-atacar-a-una-mujer-con-su-hija\\\/\"},\"author\":{\"name\":\"admin\",\"@id\":\"https:\\\/\\\/www.eldiariodetucuman.com\\\/web\\\/#\\\/schema\\\/person\\\/9250197d75ab5483412e19678b121caa\"},\"headline\":\"Prisi\u00f3n preventiva para El gringo por atacar a una mujer con su hija\",\"datePublished\":\"2025-09-25T19:21:52+00:00\",\"mainEntityOfPage\":{\"@id\":\"https:\\\/\\\/www.eldiariodetucuman.com\\\/web\\\/prision-preventiva-para-el-gringo-por-atacar-a-una-mujer-con-su-hija\\\/\"},\"wordCount\":304,\"publisher\":{\"@id\":\"https:\\\/\\\/www.eldiariodetucuman.com\\\/web\\\/#organization\"},\"image\":{\"@id\":\"https:\\\/\\\/www.eldiariodetucuman.com\\\/web\\\/prision-preventiva-para-el-gringo-por-atacar-a-una-mujer-con-su-hija\\\/#primaryimage\"},\"thumbnailUrl\":\"https:\\\/\\\/www.eldiariodetucuman.com\\\/web\\\/wp-content\\\/uploads\\\/2025\\\/09\\\/Prision-preventiva-para-El-gringo-por-atacar-a-una-mujer.png\",\"articleSection\":[\"Policiales\"],\"inLanguage\":\"es\"},{\"@type\":\"WebPage\",\"@id\":\"https:\\\/\\\/www.eldiariodetucuman.com\\\/web\\\/prision-preventiva-para-el-gringo-por-atacar-a-una-mujer-con-su-hija\\\/\",\"url\":\"https:\\\/\\\/www.eldiariodetucuman.com\\\/web\\\/prision-preventiva-para-el-gringo-por-atacar-a-una-mujer-con-su-hija\\\/\",\"name\":\"Prisi\u00f3n preventiva para El gringo por atacar a una mujer con su hija - El Diario de Tucuman\",\"isPartOf\":{\"@id\":\"https:\\\/\\\/www.eldiariodetucuman.com\\\/web\\\/#website\"},\"primaryImageOfPage\":{\"@id\":\"https:\\\/\\\/www.eldiariodetucuman.com\\\/web\\\/prision-preventiva-para-el-gringo-por-atacar-a-una-mujer-con-su-hija\\\/#primaryimage\"},\"image\":{\"@id\":\"https:\\\/\\\/www.eldiariodetucuman.com\\\/web\\\/prision-preventiva-para-el-gringo-por-atacar-a-una-mujer-con-su-hija\\\/#primaryimage\"},\"thumbnailUrl\":\"https:\\\/\\\/www.eldiariodetucuman.com\\\/web\\\/wp-content\\\/uploads\\\/2025\\\/09\\\/Prision-preventiva-para-El-gringo-por-atacar-a-una-mujer.png\",\"datePublished\":\"2025-09-25T19:21:52+00:00\",\"breadcrumb\":{\"@id\":\"https:\\\/\\\/www.eldiariodetucuman.com\\\/web\\\/prision-preventiva-para-el-gringo-por-atacar-a-una-mujer-con-su-hija\\\/#breadcrumb\"},\"inLanguage\":\"es\",\"potentialAction\":[{\"@type\":\"ReadAction\",\"target\":[\"https:\\\/\\\/www.eldiariodetucuman.com\\\/web\\\/prision-preventiva-para-el-gringo-por-atacar-a-una-mujer-con-su-hija\\\/\"]}]},{\"@type\":\"ImageObject\",\"inLanguage\":\"es\",\"@id\":\"https:\\\/\\\/www.eldiariodetucuman.com\\\/web\\\/prision-preventiva-para-el-gringo-por-atacar-a-una-mujer-con-su-hija\\\/#primaryimage\",\"url\":\"https:\\\/\\\/www.eldiariodetucuman.com\\\/web\\\/wp-content\\\/uploads\\\/2025\\\/09\\\/Prision-preventiva-para-El-gringo-por-atacar-a-una-mujer.png\",\"contentUrl\":\"https:\\\/\\\/www.eldiariodetucuman.com\\\/web\\\/wp-content\\\/uploads\\\/2025\\\/09\\\/Prision-preventiva-para-El-gringo-por-atacar-a-una-mujer.png\",\"width\":1200,\"height\":675},{\"@type\":\"BreadcrumbList\",\"@id\":\"https:\\\/\\\/www.eldiariodetucuman.com\\\/web\\\/prision-preventiva-para-el-gringo-por-atacar-a-una-mujer-con-su-hija\\\/#breadcrumb\",\"itemListElement\":[{\"@type\":\"ListItem\",\"position\":1,\"name\":\"Portada\",\"item\":\"https:\\\/\\\/www.eldiariodetucuman.com\\\/web\\\/\"},{\"@type\":\"ListItem\",\"position\":2,\"name\":\"Prisi\u00f3n preventiva para El gringo por atacar a una mujer con su hija\"}]},{\"@type\":\"WebSite\",\"@id\":\"https:\\\/\\\/www.eldiariodetucuman.com\\\/web\\\/#website\",\"url\":\"https:\\\/\\\/www.eldiariodetucuman.com\\\/web\\\/\",\"name\":\"El Diario de Tucuman\",\"description\":\"Diario Tucuman - Informaci\u00f3n y noticias\",\"publisher\":{\"@id\":\"https:\\\/\\\/www.eldiariodetucuman.com\\\/web\\\/#organization\"},\"potentialAction\":[{\"@type\":\"SearchAction\",\"target\":{\"@type\":\"EntryPoint\",\"urlTemplate\":\"https:\\\/\\\/www.eldiariodetucuman.com\\\/web\\\/?s={search_term_string}\"},\"query-input\":{\"@type\":\"PropertyValueSpecification\",\"valueRequired\":true,\"valueName\":\"search_term_string\"}}],\"inLanguage\":\"es\"},{\"@type\":\"Organization\",\"@id\":\"https:\\\/\\\/www.eldiariodetucuman.com\\\/web\\\/#organization\",\"name\":\"El Diario de Tucuman\",\"url\":\"https:\\\/\\\/www.eldiariodetucuman.com\\\/web\\\/\",\"logo\":{\"@type\":\"ImageObject\",\"inLanguage\":\"es\",\"@id\":\"https:\\\/\\\/www.eldiariodetucuman.com\\\/web\\\/#\\\/schema\\\/logo\\\/image\\\/\",\"url\":\"http:\\\/\\\/www.eldiariodetucuman.com\\\/web\\\/wp-content\\\/uploads\\\/2017\\\/12\\\/el-diario-de-tucuman.jpg\",\"contentUrl\":\"http:\\\/\\\/www.eldiariodetucuman.com\\\/web\\\/wp-content\\\/uploads\\\/2017\\\/12\\\/el-diario-de-tucuman.jpg\",\"width\":272,\"height\":92,\"caption\":\"El Diario de Tucuman\"},\"image\":{\"@id\":\"https:\\\/\\\/www.eldiariodetucuman.com\\\/web\\\/#\\\/schema\\\/logo\\\/image\\\/\"}},{\"@type\":\"Person\",\"@id\":\"https:\\\/\\\/www.eldiariodetucuman.com\\\/web\\\/#\\\/schema\\\/person\\\/9250197d75ab5483412e19678b121caa\",\"name\":\"admin\",\"image\":{\"@type\":\"ImageObject\",\"inLanguage\":\"es\",\"@id\":\"https:\\\/\\\/secure.gravatar.com\\\/avatar\\\/c44d117c2be811212c22cb481f6b8384b6873de103fbc49e7a03cc58d7dea4ac?s=96&d=mm&r=g\",\"url\":\"https:\\\/\\\/secure.gravatar.com\\\/avatar\\\/c44d117c2be811212c22cb481f6b8384b6873de103fbc49e7a03cc58d7dea4ac?s=96&d=mm&r=g\",\"contentUrl\":\"https:\\\/\\\/secure.gravatar.com\\\/avatar\\\/c44d117c2be811212c22cb481f6b8384b6873de103fbc49e7a03cc58d7dea4ac?s=96&d=mm&r=g\",\"caption\":\"admin\"},\"url\":\"https:\\\/\\\/www.eldiariodetucuman.com\\\/web\\\/author\\\/admin\\\/\"}]}<\/script>\n<!-- \/ Yoast SEO plugin. -->","yoast_head_json":{"title":"Prisi\u00f3n preventiva para El gringo por atacar a una mujer con su hija - El Diario de Tucuman","robots":{"index":"index","follow":"follow","max-snippet":"max-snippet:-1","max-image-preview":"max-image-preview:large","max-video-preview":"max-video-preview:-1"},"canonical":"https:\/\/www.eldiariodetucuman.com\/web\/prision-preventiva-para-el-gringo-por-atacar-a-una-mujer-con-su-hija\/","og_locale":"es_ES","og_type":"article","og_title":"Prisi\u00f3n preventiva para El gringo por atacar a una mujer con su hija - El Diario de Tucuman","og_description":"Durante la audiencia, el auxiliar de fiscal, Leonel Sosa, por instrucciones del titular, Carlos Saltor, lo imput\u00f3 por el delito de robo simple en grado de tentativa, hecho ocurrido el pasado martes 23 en perjuicio de una mujer y de su hija de ocho a\u00f1os. \u201cEl imputado se aprovech\u00f3 de la vulnerabilidad no tan s\u00f3lo [&hellip;]","og_url":"https:\/\/www.eldiariodetucuman.com\/web\/prision-preventiva-para-el-gringo-por-atacar-a-una-mujer-con-su-hija\/","og_site_name":"El Diario de Tucuman","article_published_time":"2025-09-25T19:21:52+00:00","author":"admin","twitter_card":"summary_large_image","twitter_misc":{"Escrito por":"admin","Tiempo de lectura":"1 minuto"},"schema":{"@context":"https:\/\/schema.org","@graph":[{"@type":"Article","@id":"https:\/\/www.eldiariodetucuman.com\/web\/prision-preventiva-para-el-gringo-por-atacar-a-una-mujer-con-su-hija\/#article","isPartOf":{"@id":"https:\/\/www.eldiariodetucuman.com\/web\/prision-preventiva-para-el-gringo-por-atacar-a-una-mujer-con-su-hija\/"},"author":{"name":"admin","@id":"https:\/\/www.eldiariodetucuman.com\/web\/#\/schema\/person\/9250197d75ab5483412e19678b121caa"},"headline":"Prisi\u00f3n preventiva para El gringo por atacar a una mujer con su hija","datePublished":"2025-09-25T19:21:52+00:00","mainEntityOfPage":{"@id":"https:\/\/www.eldiariodetucuman.com\/web\/prision-preventiva-para-el-gringo-por-atacar-a-una-mujer-con-su-hija\/"},"wordCount":304,"publisher":{"@id":"https:\/\/www.eldiariodetucuman.com\/web\/#organization"},"image":{"@id":"https:\/\/www.eldiariodetucuman.com\/web\/prision-preventiva-para-el-gringo-por-atacar-a-una-mujer-con-su-hija\/#primaryimage"},"thumbnailUrl":"https:\/\/www.eldiariodetucuman.com\/web\/wp-content\/uploads\/2025\/09\/Prision-preventiva-para-El-gringo-por-atacar-a-una-mujer.png","articleSection":["Policiales"],"inLanguage":"es"},{"@type":"WebPage","@id":"https:\/\/www.eldiariodetucuman.com\/web\/prision-preventiva-para-el-gringo-por-atacar-a-una-mujer-con-su-hija\/","url":"https:\/\/www.eldiariodetucuman.com\/web\/prision-preventiva-para-el-gringo-por-atacar-a-una-mujer-con-su-hija\/","name":"Prisi\u00f3n preventiva para El gringo por atacar a una mujer con su hija - El Diario de Tucuman","isPartOf":{"@id":"https:\/\/www.eldiariodetucuman.com\/web\/#website"},"primaryImageOfPage":{"@id":"https:\/\/www.eldiariodetucuman.com\/web\/prision-preventiva-para-el-gringo-por-atacar-a-una-mujer-con-su-hija\/#primaryimage"},"image":{"@id":"https:\/\/www.eldiariodetucuman.com\/web\/prision-preventiva-para-el-gringo-por-atacar-a-una-mujer-con-su-hija\/#primaryimage"},"thumbnailUrl":"https:\/\/www.eldiariodetucuman.com\/web\/wp-content\/uploads\/2025\/09\/Prision-preventiva-para-El-gringo-por-atacar-a-una-mujer.png","datePublished":"2025-09-25T19:21:52+00:00","breadcrumb":{"@id":"https:\/\/www.eldiariodetucuman.com\/web\/prision-preventiva-para-el-gringo-por-atacar-a-una-mujer-con-su-hija\/#breadcrumb"},"inLanguage":"es","potentialAction":[{"@type":"ReadAction","target":["https:\/\/www.eldiariodetucuman.com\/web\/prision-preventiva-para-el-gringo-por-atacar-a-una-mujer-con-su-hija\/"]}]},{"@type":"ImageObject","inLanguage":"es","@id":"https:\/\/www.eldiariodetucuman.com\/web\/prision-preventiva-para-el-gringo-por-atacar-a-una-mujer-con-su-hija\/#primaryimage","url":"https:\/\/www.eldiariodetucuman.com\/web\/wp-content\/uploads\/2025\/09\/Prision-preventiva-para-El-gringo-por-atacar-a-una-mujer.png","contentUrl":"https:\/\/www.eldiariodetucuman.com\/web\/wp-content\/uploads\/2025\/09\/Prision-preventiva-para-El-gringo-por-atacar-a-una-mujer.png","width":1200,"height":675},{"@type":"BreadcrumbList","@id":"https:\/\/www.eldiariodetucuman.com\/web\/prision-preventiva-para-el-gringo-por-atacar-a-una-mujer-con-su-hija\/#breadcrumb","itemListElement":[{"@type":"ListItem","position":1,"name":"Portada","item":"https:\/\/www.eldiariodetucuman.com\/web\/"},{"@type":"ListItem","position":2,"name":"Prisi\u00f3n preventiva para El gringo por atacar a una mujer con su hija"}]},{"@type":"WebSite","@id":"https:\/\/www.eldiariodetucuman.com\/web\/#website","url":"https:\/\/www.eldiariodetucuman.com\/web\/","name":"El Diario de Tucuman","description":"Diario Tucuman - Informaci\u00f3n y noticias","publisher":{"@id":"https:\/\/www.eldiariodetucuman.com\/web\/#organization"},"potentialAction":[{"@type":"SearchAction","target":{"@type":"EntryPoint","urlTemplate":"https:\/\/www.eldiariodetucuman.com\/web\/?s={search_term_string}"},"query-input":{"@type":"PropertyValueSpecification","valueRequired":true,"valueName":"search_term_string"}}],"inLanguage":"es"},{"@type":"Organization","@id":"https:\/\/www.eldiariodetucuman.com\/web\/#organization","name":"El Diario de Tucuman","url":"https:\/\/www.eldiariodetucuman.com\/web\/","logo":{"@type":"ImageObject","inLanguage":"es","@id":"https:\/\/www.eldiariodetucuman.com\/web\/#\/schema\/logo\/image\/","url":"http:\/\/www.eldiariodetucuman.com\/web\/wp-content\/uploads\/2017\/12\/el-diario-de-tucuman.jpg","contentUrl":"http:\/\/www.eldiariodetucuman.com\/web\/wp-content\/uploads\/2017\/12\/el-diario-de-tucuman.jpg","width":272,"height":92,"caption":"El Diario de Tucuman"},"image":{"@id":"https:\/\/www.eldiariodetucuman.com\/web\/#\/schema\/logo\/image\/"}},{"@type":"Person","@id":"https:\/\/www.eldiariodetucuman.com\/web\/#\/schema\/person\/9250197d75ab5483412e19678b121caa","name":"admin","image":{"@type":"ImageObject","inLanguage":"es","@id":"https:\/\/secure.gravatar.com\/avatar\/c44d117c2be811212c22cb481f6b8384b6873de103fbc49e7a03cc58d7dea4ac?s=96&d=mm&r=g","url":"https:\/\/secure.gravatar.com\/avatar\/c44d117c2be811212c22cb481f6b8384b6873de103fbc49e7a03cc58d7dea4ac?s=96&d=mm&r=g","contentUrl":"https:\/\/secure.gravatar.com\/avatar\/c44d117c2be811212c22cb481f6b8384b6873de103fbc49e7a03cc58d7dea4ac?s=96&d=mm&r=g","caption":"admin"},"url":"https:\/\/www.eldiariodetucuman.com\/web\/author\/admin\/"}]}},"_links":{"self":[{"href":"https:\/\/www.eldiariodetucuman.com\/web\/wp-json\/wp\/v2\/posts\/45751","targetHints":{"allow":["GET"]}}],"collection":[{"href":"https:\/\/www.eldiariodetucuman.com\/web\/wp-json\/wp\/v2\/posts"}],"about":[{"href":"https:\/\/www.eldiariodetucuman.com\/web\/wp-json\/wp\/v2\/types\/post"}],"author":[{"embeddable":true,"href":"https:\/\/www.eldiariodetucuman.com\/web\/wp-json\/wp\/v2\/users\/1"}],"replies":[{"embeddable":true,"href":"https:\/\/www.eldiariodetucuman.com\/web\/wp-json\/wp\/v2\/comments?post=45751"}],"version-history":[{"count":0,"href":"https:\/\/www.eldiariodetucuman.com\/web\/wp-json\/wp\/v2\/posts\/45751\/revisions"}],"wp:featuredmedia":[{"embeddable":true,"href":"https:\/\/www.eldiariodetucuman.com\/web\/wp-json\/wp\/v2\/media\/45752"}],"wp:attachment":[{"href":"https:\/\/www.eldiariodetucuman.com\/web\/wp-json\/wp\/v2\/media?parent=45751"}],"wp:term":[{"taxonomy":"category","embeddable":true,"href":"https:\/\/www.eldiariodetucuman.com\/web\/wp-json\/wp\/v2\/categories?post=45751"},{"taxonomy":"post_tag","embeddable":true,"href":"https:\/\/www.eldiariodetucuman.com\/web\/wp-json\/wp\/v2\/tags?post=45751"}],"curies":[{"name":"wp","href":"https:\/\/api.w.org\/{rel}","templated":true}]}}