{"id":45717,"date":"2025-09-21T16:23:09","date_gmt":"2025-09-21T19:23:09","guid":{"rendered":"https:\/\/www.eldiariodetucuman.com\/web\/wanda-nara-sorprendio-al-compartir-un-encuentro-intimo-junto-a-maxi-lopez-familia-mates-y-asado\/"},"modified":"2025-09-21T16:23:09","modified_gmt":"2025-09-21T19:23:09","slug":"wanda-nara-sorprendio-al-compartir-un-encuentro-intimo-junto-a-maxi-lopez-familia-mates-y-asado","status":"publish","type":"post","link":"https:\/\/www.eldiariodetucuman.com\/web\/wanda-nara-sorprendio-al-compartir-un-encuentro-intimo-junto-a-maxi-lopez-familia-mates-y-asado\/","title":{"rendered":"Wanda Nara sorprendi\u00f3 al compartir un encuentro \u00edntimo junto a Maxi L\u00f3pez: familia, mates y asado"},"content":{"rendered":"<p><\/p>\n<p>Durante a\u00f1os\u00a0<strong>Wanda Nara<\/strong>\u00a0y\u00a0<strong>Maxi L\u00f3pez<\/strong>\u00a0tuvieron una mala relaci\u00f3n a causa de las circunstancias que rodeador\u00a0su separaci\u00f3n all\u00e1 en el a\u00f1o 2013. Sin embargo, el tiempo supo limar las asperezas y la ruptura con Mauro Icardi termin\u00f3 de acercarlos, al punto que el exdelantero\u00a0acept\u00f3 formar parte de\u00a0Masterchef Celebrity\u00a0(Telefe) y trabajar codo a codo con su ex.<\/p>\n<p>En este contexto, el exjugador de River Plate que regres\u00f3 al pa\u00eds para dar inicio a este nuevo desaf\u00edo laboral, tuvo el tan esperado reencuentro con sus tres hijos, Valentino, Constantino y Benedicto. Horas despu\u00e9s, vino la foto que nadie esperaba, pero todos quer\u00edan.Maxi junto a Valentino y Zaira Nara<\/p>\n<p>Wanda sorprendi\u00f3 al mostrar, a trav\u00e9s de sus redes sociales, la postal de la familia reunida. En la primera imagen que comparti\u00f3 se lo puede ver al empresario sentado en la mesa junto a su hijo mayor y Zaira Nara, la hermana menor de la conductora, tomando mate y disfrutando de una picada improvisada. A esto tan solo le sum\u00f3 el emoji de un coraz\u00f3n.<\/p>\n<p>Fue la segunda foto la que puede llegar a causar m\u00e1s problemas de los esperados. En esta puede verse a Maxi rodeado de los tres chicos, a Zaira,\u00a0<strong>Andr\u00e9s Nara<\/strong>\u00a0\u2014el pap\u00e1 de ambas, quien siempre expres\u00f3 su afinidad por L\u00f3pez y que por mucho tiempo mantuvo la distancia con su hija mayor a ra\u00edz de la relaci\u00f3n de ella con\u00a0<strong>Mauro Icardi<\/strong>\u2014 y tambi\u00e9n a la hija m\u00e1s grande de la empresaria con el delantero del Galatasary.<\/p>\n<p>La escena, retratada en el interior de una vivienda, evidencia cierta naturalidad y complicidad. El hecho de que la hija de Icardi est\u00e9 sentada al lado de Maximiliano puede llegar a causar problemas, puesto que puede llegar a provocar la furia del delantero, quien\u00a0se encuentra en Turqu\u00eda sin la China Su\u00e1rez. La empresaria decidi\u00f3 no agregar ning\u00fan mensaje en la postal, tan solo mostrar la unidad familiar en un contexto marcado por el conflicto legal con su segundo exmarido.<\/p>\n<p>La dupla volvi\u00f3 a dejar en claro que lograron superar su batalla medi\u00e1tica y lograron reconstruir el v\u00ednculo por el bien de sus hijos. El potencial cruce en las cocinas m\u00e1s famosas del pa\u00eds genera expectativa y morbo en la audiencia.<\/p>\n<p>Las primeras se\u00f1ales de que Maxi hab\u00eda llegado al pa\u00eds las dio\u00a0<strong>Nora Colosimo<\/strong>, abuela materna de los ni\u00f1os. En su Instagram con los cuatro varones felices de volver a estar en el mismo continente luego de meses separados: \u201cLos L\u00f3pez en Argentina\u201d, escribi\u00f3 la mujer en una instant\u00e1nea tomada en el interior de una cocina.<\/p>\n<p>Posteriormente, el futbolista subi\u00f3 a sus redes dos im\u00e1genes al aire libre, bajo el cielo amenazante de una Buenos Aires en modo de tormenta. Padre e hijos lucen c\u00f3mplices como siempre, jugando con la c\u00e1mara y las poses y disfrutando de un reencuentro que solo la pericia de Maxi en el reality determinar\u00e1 por cuanto tiempo es.<\/p>\n<p>Mientras tanto,\u00a0<strong>Daniela Christiansson<\/strong>, la esposa del exfutbolista que\u00a0se encuentra en la dulce espera, permanece del otro lado del Atl\u00e1ntico ajena a cualquier posible revuelo medi\u00e1tico. Se mostr\u00f3 en sus redes disfrutando de una tarde de sol ideal para despedir el verano del hemisferio norte. Tambi\u00e9n realizando algunos ejercicios para mantenerse saludable mientras espera la llegada de su segundo hijo con el exfutbolista.<\/p>\n<p>D\u00edas atr\u00e1s, la sueca revel\u00f3 que est\u00e1n esperando un var\u00f3n y lo hizo a trav\u00e9s del\u00a0gender reveal, una pr\u00e1ctica cada vez m\u00e1s com\u00fan entre los famosos. \u00ab<strong>Hace un mes, tuvimos una dulce fiesta de revelaci\u00f3n de g\u00e9nero, solo para nosotros. Fue encantador, privado y muy dulce. Estamos esperando un ni\u00f1o<\/strong>\u201d, escribi\u00f3 Daniela en sus redes y comparti\u00f3 unas im\u00e1genes que cuentan el resto de la historia.<\/p>\n<p><a href=\"https:\/\/lv7.com.ar\/wanda-nara-sorprendio-al-compartir-un-encuentro-intimo-junto-a-maxi-lopez-familia-mates-y-asado\/\">Feunte de la nota<\/a><\/p>\n","protected":false},"excerpt":{"rendered":"<p>Durante a\u00f1os\u00a0Wanda Nara\u00a0y\u00a0Maxi L\u00f3pez\u00a0tuvieron una mala relaci\u00f3n a causa de las circunstancias que rodeador\u00a0su separaci\u00f3n all\u00e1 en el a\u00f1o 2013. Sin embargo, el tiempo supo limar las asperezas y la ruptura con Mauro Icardi termin\u00f3 de acercarlos, al punto que el exdelantero\u00a0acept\u00f3 formar parte de\u00a0Masterchef Celebrity\u00a0(Telefe) y trabajar codo a codo con su ex. En [&hellip;]<\/p>\n","protected":false},"author":1,"featured_media":0,"comment_status":"closed","ping_status":"open","sticky":false,"template":"","format":"standard","meta":{"footnotes":""},"categories":[191],"tags":[],"class_list":{"0":"post-45717","1":"post","2":"type-post","3":"status-publish","4":"format-standard","6":"category-cartelera-de-espectaculos"},"yoast_head":"<!-- This site is optimized with the Yoast SEO plugin v27.4 - https:\/\/yoast.com\/product\/yoast-seo-wordpress\/ -->\n<title>Wanda Nara sorprendi\u00f3 al compartir un encuentro \u00edntimo junto a Maxi L\u00f3pez: familia, mates y asado - El Diario de Tucuman<\/title>\n<meta name=\"robots\" content=\"index, follow, max-snippet:-1, max-image-preview:large, max-video-preview:-1\" \/>\n<link rel=\"canonical\" href=\"https:\/\/www.eldiariodetucuman.com\/web\/wanda-nara-sorprendio-al-compartir-un-encuentro-intimo-junto-a-maxi-lopez-familia-mates-y-asado\/\" \/>\n<meta property=\"og:locale\" content=\"es_ES\" \/>\n<meta property=\"og:type\" content=\"article\" \/>\n<meta property=\"og:title\" content=\"Wanda Nara sorprendi\u00f3 al compartir un encuentro \u00edntimo junto a Maxi L\u00f3pez: familia, mates y asado - El Diario de Tucuman\" \/>\n<meta property=\"og:description\" content=\"Durante a\u00f1os\u00a0Wanda Nara\u00a0y\u00a0Maxi L\u00f3pez\u00a0tuvieron una mala relaci\u00f3n a causa de las circunstancias que rodeador\u00a0su separaci\u00f3n all\u00e1 en el a\u00f1o 2013. Sin embargo, el tiempo supo limar las asperezas y la ruptura con Mauro Icardi termin\u00f3 de acercarlos, al punto que el exdelantero\u00a0acept\u00f3 formar parte de\u00a0Masterchef Celebrity\u00a0(Telefe) y trabajar codo a codo con su ex. En [&hellip;]\" \/>\n<meta property=\"og:url\" content=\"https:\/\/www.eldiariodetucuman.com\/web\/wanda-nara-sorprendio-al-compartir-un-encuentro-intimo-junto-a-maxi-lopez-familia-mates-y-asado\/\" \/>\n<meta property=\"og:site_name\" content=\"El Diario de Tucuman\" \/>\n<meta property=\"article:published_time\" content=\"2025-09-21T19:23:09+00:00\" \/>\n<meta name=\"author\" content=\"admin\" \/>\n<meta name=\"twitter:card\" content=\"summary_large_image\" \/>\n<meta name=\"twitter:label1\" content=\"Escrito por\" \/>\n\t<meta name=\"twitter:data1\" content=\"admin\" \/>\n\t<meta name=\"twitter:label2\" content=\"Tiempo de lectura\" \/>\n\t<meta name=\"twitter:data2\" content=\"3 minutos\" \/>\n<script type=\"application\/ld+json\" class=\"yoast-schema-graph\">{\"@context\":\"https:\\\/\\\/schema.org\",\"@graph\":[{\"@type\":\"Article\",\"@id\":\"https:\\\/\\\/www.eldiariodetucuman.com\\\/web\\\/wanda-nara-sorprendio-al-compartir-un-encuentro-intimo-junto-a-maxi-lopez-familia-mates-y-asado\\\/#article\",\"isPartOf\":{\"@id\":\"https:\\\/\\\/www.eldiariodetucuman.com\\\/web\\\/wanda-nara-sorprendio-al-compartir-un-encuentro-intimo-junto-a-maxi-lopez-familia-mates-y-asado\\\/\"},\"author\":{\"name\":\"admin\",\"@id\":\"https:\\\/\\\/www.eldiariodetucuman.com\\\/web\\\/#\\\/schema\\\/person\\\/9250197d75ab5483412e19678b121caa\"},\"headline\":\"Wanda Nara sorprendi\u00f3 al compartir un encuentro \u00edntimo junto a Maxi L\u00f3pez: familia, mates y asado\",\"datePublished\":\"2025-09-21T19:23:09+00:00\",\"mainEntityOfPage\":{\"@id\":\"https:\\\/\\\/www.eldiariodetucuman.com\\\/web\\\/wanda-nara-sorprendio-al-compartir-un-encuentro-intimo-junto-a-maxi-lopez-familia-mates-y-asado\\\/\"},\"wordCount\":690,\"publisher\":{\"@id\":\"https:\\\/\\\/www.eldiariodetucuman.com\\\/web\\\/#organization\"},\"articleSection\":[\"Cartelera de espect\u00e1culos\"],\"inLanguage\":\"es\"},{\"@type\":\"WebPage\",\"@id\":\"https:\\\/\\\/www.eldiariodetucuman.com\\\/web\\\/wanda-nara-sorprendio-al-compartir-un-encuentro-intimo-junto-a-maxi-lopez-familia-mates-y-asado\\\/\",\"url\":\"https:\\\/\\\/www.eldiariodetucuman.com\\\/web\\\/wanda-nara-sorprendio-al-compartir-un-encuentro-intimo-junto-a-maxi-lopez-familia-mates-y-asado\\\/\",\"name\":\"Wanda Nara sorprendi\u00f3 al compartir un encuentro \u00edntimo junto a Maxi L\u00f3pez: familia, mates y asado - El Diario de Tucuman\",\"isPartOf\":{\"@id\":\"https:\\\/\\\/www.eldiariodetucuman.com\\\/web\\\/#website\"},\"datePublished\":\"2025-09-21T19:23:09+00:00\",\"breadcrumb\":{\"@id\":\"https:\\\/\\\/www.eldiariodetucuman.com\\\/web\\\/wanda-nara-sorprendio-al-compartir-un-encuentro-intimo-junto-a-maxi-lopez-familia-mates-y-asado\\\/#breadcrumb\"},\"inLanguage\":\"es\",\"potentialAction\":[{\"@type\":\"ReadAction\",\"target\":[\"https:\\\/\\\/www.eldiariodetucuman.com\\\/web\\\/wanda-nara-sorprendio-al-compartir-un-encuentro-intimo-junto-a-maxi-lopez-familia-mates-y-asado\\\/\"]}]},{\"@type\":\"BreadcrumbList\",\"@id\":\"https:\\\/\\\/www.eldiariodetucuman.com\\\/web\\\/wanda-nara-sorprendio-al-compartir-un-encuentro-intimo-junto-a-maxi-lopez-familia-mates-y-asado\\\/#breadcrumb\",\"itemListElement\":[{\"@type\":\"ListItem\",\"position\":1,\"name\":\"Portada\",\"item\":\"https:\\\/\\\/www.eldiariodetucuman.com\\\/web\\\/\"},{\"@type\":\"ListItem\",\"position\":2,\"name\":\"Wanda Nara sorprendi\u00f3 al compartir un encuentro \u00edntimo junto a Maxi L\u00f3pez: familia, mates y asado\"}]},{\"@type\":\"WebSite\",\"@id\":\"https:\\\/\\\/www.eldiariodetucuman.com\\\/web\\\/#website\",\"url\":\"https:\\\/\\\/www.eldiariodetucuman.com\\\/web\\\/\",\"name\":\"El Diario de Tucuman\",\"description\":\"Diario Tucuman - Informaci\u00f3n y noticias\",\"publisher\":{\"@id\":\"https:\\\/\\\/www.eldiariodetucuman.com\\\/web\\\/#organization\"},\"potentialAction\":[{\"@type\":\"SearchAction\",\"target\":{\"@type\":\"EntryPoint\",\"urlTemplate\":\"https:\\\/\\\/www.eldiariodetucuman.com\\\/web\\\/?s={search_term_string}\"},\"query-input\":{\"@type\":\"PropertyValueSpecification\",\"valueRequired\":true,\"valueName\":\"search_term_string\"}}],\"inLanguage\":\"es\"},{\"@type\":\"Organization\",\"@id\":\"https:\\\/\\\/www.eldiariodetucuman.com\\\/web\\\/#organization\",\"name\":\"El Diario de Tucuman\",\"url\":\"https:\\\/\\\/www.eldiariodetucuman.com\\\/web\\\/\",\"logo\":{\"@type\":\"ImageObject\",\"inLanguage\":\"es\",\"@id\":\"https:\\\/\\\/www.eldiariodetucuman.com\\\/web\\\/#\\\/schema\\\/logo\\\/image\\\/\",\"url\":\"http:\\\/\\\/www.eldiariodetucuman.com\\\/web\\\/wp-content\\\/uploads\\\/2017\\\/12\\\/el-diario-de-tucuman.jpg\",\"contentUrl\":\"http:\\\/\\\/www.eldiariodetucuman.com\\\/web\\\/wp-content\\\/uploads\\\/2017\\\/12\\\/el-diario-de-tucuman.jpg\",\"width\":272,\"height\":92,\"caption\":\"El Diario de Tucuman\"},\"image\":{\"@id\":\"https:\\\/\\\/www.eldiariodetucuman.com\\\/web\\\/#\\\/schema\\\/logo\\\/image\\\/\"}},{\"@type\":\"Person\",\"@id\":\"https:\\\/\\\/www.eldiariodetucuman.com\\\/web\\\/#\\\/schema\\\/person\\\/9250197d75ab5483412e19678b121caa\",\"name\":\"admin\",\"image\":{\"@type\":\"ImageObject\",\"inLanguage\":\"es\",\"@id\":\"https:\\\/\\\/secure.gravatar.com\\\/avatar\\\/c44d117c2be811212c22cb481f6b8384b6873de103fbc49e7a03cc58d7dea4ac?s=96&d=mm&r=g\",\"url\":\"https:\\\/\\\/secure.gravatar.com\\\/avatar\\\/c44d117c2be811212c22cb481f6b8384b6873de103fbc49e7a03cc58d7dea4ac?s=96&d=mm&r=g\",\"contentUrl\":\"https:\\\/\\\/secure.gravatar.com\\\/avatar\\\/c44d117c2be811212c22cb481f6b8384b6873de103fbc49e7a03cc58d7dea4ac?s=96&d=mm&r=g\",\"caption\":\"admin\"},\"url\":\"https:\\\/\\\/www.eldiariodetucuman.com\\\/web\\\/author\\\/admin\\\/\"}]}<\/script>\n<!-- \/ Yoast SEO plugin. -->","yoast_head_json":{"title":"Wanda Nara sorprendi\u00f3 al compartir un encuentro \u00edntimo junto a Maxi L\u00f3pez: familia, mates y asado - El Diario de Tucuman","robots":{"index":"index","follow":"follow","max-snippet":"max-snippet:-1","max-image-preview":"max-image-preview:large","max-video-preview":"max-video-preview:-1"},"canonical":"https:\/\/www.eldiariodetucuman.com\/web\/wanda-nara-sorprendio-al-compartir-un-encuentro-intimo-junto-a-maxi-lopez-familia-mates-y-asado\/","og_locale":"es_ES","og_type":"article","og_title":"Wanda Nara sorprendi\u00f3 al compartir un encuentro \u00edntimo junto a Maxi L\u00f3pez: familia, mates y asado - El Diario de Tucuman","og_description":"Durante a\u00f1os\u00a0Wanda Nara\u00a0y\u00a0Maxi L\u00f3pez\u00a0tuvieron una mala relaci\u00f3n a causa de las circunstancias que rodeador\u00a0su separaci\u00f3n all\u00e1 en el a\u00f1o 2013. Sin embargo, el tiempo supo limar las asperezas y la ruptura con Mauro Icardi termin\u00f3 de acercarlos, al punto que el exdelantero\u00a0acept\u00f3 formar parte de\u00a0Masterchef Celebrity\u00a0(Telefe) y trabajar codo a codo con su ex. En [&hellip;]","og_url":"https:\/\/www.eldiariodetucuman.com\/web\/wanda-nara-sorprendio-al-compartir-un-encuentro-intimo-junto-a-maxi-lopez-familia-mates-y-asado\/","og_site_name":"El Diario de Tucuman","article_published_time":"2025-09-21T19:23:09+00:00","author":"admin","twitter_card":"summary_large_image","twitter_misc":{"Escrito por":"admin","Tiempo de lectura":"3 minutos"},"schema":{"@context":"https:\/\/schema.org","@graph":[{"@type":"Article","@id":"https:\/\/www.eldiariodetucuman.com\/web\/wanda-nara-sorprendio-al-compartir-un-encuentro-intimo-junto-a-maxi-lopez-familia-mates-y-asado\/#article","isPartOf":{"@id":"https:\/\/www.eldiariodetucuman.com\/web\/wanda-nara-sorprendio-al-compartir-un-encuentro-intimo-junto-a-maxi-lopez-familia-mates-y-asado\/"},"author":{"name":"admin","@id":"https:\/\/www.eldiariodetucuman.com\/web\/#\/schema\/person\/9250197d75ab5483412e19678b121caa"},"headline":"Wanda Nara sorprendi\u00f3 al compartir un encuentro \u00edntimo junto a Maxi L\u00f3pez: familia, mates y asado","datePublished":"2025-09-21T19:23:09+00:00","mainEntityOfPage":{"@id":"https:\/\/www.eldiariodetucuman.com\/web\/wanda-nara-sorprendio-al-compartir-un-encuentro-intimo-junto-a-maxi-lopez-familia-mates-y-asado\/"},"wordCount":690,"publisher":{"@id":"https:\/\/www.eldiariodetucuman.com\/web\/#organization"},"articleSection":["Cartelera de espect\u00e1culos"],"inLanguage":"es"},{"@type":"WebPage","@id":"https:\/\/www.eldiariodetucuman.com\/web\/wanda-nara-sorprendio-al-compartir-un-encuentro-intimo-junto-a-maxi-lopez-familia-mates-y-asado\/","url":"https:\/\/www.eldiariodetucuman.com\/web\/wanda-nara-sorprendio-al-compartir-un-encuentro-intimo-junto-a-maxi-lopez-familia-mates-y-asado\/","name":"Wanda Nara sorprendi\u00f3 al compartir un encuentro \u00edntimo junto a Maxi L\u00f3pez: familia, mates y asado - El Diario de Tucuman","isPartOf":{"@id":"https:\/\/www.eldiariodetucuman.com\/web\/#website"},"datePublished":"2025-09-21T19:23:09+00:00","breadcrumb":{"@id":"https:\/\/www.eldiariodetucuman.com\/web\/wanda-nara-sorprendio-al-compartir-un-encuentro-intimo-junto-a-maxi-lopez-familia-mates-y-asado\/#breadcrumb"},"inLanguage":"es","potentialAction":[{"@type":"ReadAction","target":["https:\/\/www.eldiariodetucuman.com\/web\/wanda-nara-sorprendio-al-compartir-un-encuentro-intimo-junto-a-maxi-lopez-familia-mates-y-asado\/"]}]},{"@type":"BreadcrumbList","@id":"https:\/\/www.eldiariodetucuman.com\/web\/wanda-nara-sorprendio-al-compartir-un-encuentro-intimo-junto-a-maxi-lopez-familia-mates-y-asado\/#breadcrumb","itemListElement":[{"@type":"ListItem","position":1,"name":"Portada","item":"https:\/\/www.eldiariodetucuman.com\/web\/"},{"@type":"ListItem","position":2,"name":"Wanda Nara sorprendi\u00f3 al compartir un encuentro \u00edntimo junto a Maxi L\u00f3pez: familia, mates y asado"}]},{"@type":"WebSite","@id":"https:\/\/www.eldiariodetucuman.com\/web\/#website","url":"https:\/\/www.eldiariodetucuman.com\/web\/","name":"El Diario de Tucuman","description":"Diario Tucuman - Informaci\u00f3n y noticias","publisher":{"@id":"https:\/\/www.eldiariodetucuman.com\/web\/#organization"},"potentialAction":[{"@type":"SearchAction","target":{"@type":"EntryPoint","urlTemplate":"https:\/\/www.eldiariodetucuman.com\/web\/?s={search_term_string}"},"query-input":{"@type":"PropertyValueSpecification","valueRequired":true,"valueName":"search_term_string"}}],"inLanguage":"es"},{"@type":"Organization","@id":"https:\/\/www.eldiariodetucuman.com\/web\/#organization","name":"El Diario de Tucuman","url":"https:\/\/www.eldiariodetucuman.com\/web\/","logo":{"@type":"ImageObject","inLanguage":"es","@id":"https:\/\/www.eldiariodetucuman.com\/web\/#\/schema\/logo\/image\/","url":"http:\/\/www.eldiariodetucuman.com\/web\/wp-content\/uploads\/2017\/12\/el-diario-de-tucuman.jpg","contentUrl":"http:\/\/www.eldiariodetucuman.com\/web\/wp-content\/uploads\/2017\/12\/el-diario-de-tucuman.jpg","width":272,"height":92,"caption":"El Diario de Tucuman"},"image":{"@id":"https:\/\/www.eldiariodetucuman.com\/web\/#\/schema\/logo\/image\/"}},{"@type":"Person","@id":"https:\/\/www.eldiariodetucuman.com\/web\/#\/schema\/person\/9250197d75ab5483412e19678b121caa","name":"admin","image":{"@type":"ImageObject","inLanguage":"es","@id":"https:\/\/secure.gravatar.com\/avatar\/c44d117c2be811212c22cb481f6b8384b6873de103fbc49e7a03cc58d7dea4ac?s=96&d=mm&r=g","url":"https:\/\/secure.gravatar.com\/avatar\/c44d117c2be811212c22cb481f6b8384b6873de103fbc49e7a03cc58d7dea4ac?s=96&d=mm&r=g","contentUrl":"https:\/\/secure.gravatar.com\/avatar\/c44d117c2be811212c22cb481f6b8384b6873de103fbc49e7a03cc58d7dea4ac?s=96&d=mm&r=g","caption":"admin"},"url":"https:\/\/www.eldiariodetucuman.com\/web\/author\/admin\/"}]}},"_links":{"self":[{"href":"https:\/\/www.eldiariodetucuman.com\/web\/wp-json\/wp\/v2\/posts\/45717","targetHints":{"allow":["GET"]}}],"collection":[{"href":"https:\/\/www.eldiariodetucuman.com\/web\/wp-json\/wp\/v2\/posts"}],"about":[{"href":"https:\/\/www.eldiariodetucuman.com\/web\/wp-json\/wp\/v2\/types\/post"}],"author":[{"embeddable":true,"href":"https:\/\/www.eldiariodetucuman.com\/web\/wp-json\/wp\/v2\/users\/1"}],"replies":[{"embeddable":true,"href":"https:\/\/www.eldiariodetucuman.com\/web\/wp-json\/wp\/v2\/comments?post=45717"}],"version-history":[{"count":0,"href":"https:\/\/www.eldiariodetucuman.com\/web\/wp-json\/wp\/v2\/posts\/45717\/revisions"}],"wp:attachment":[{"href":"https:\/\/www.eldiariodetucuman.com\/web\/wp-json\/wp\/v2\/media?parent=45717"}],"wp:term":[{"taxonomy":"category","embeddable":true,"href":"https:\/\/www.eldiariodetucuman.com\/web\/wp-json\/wp\/v2\/categories?post=45717"},{"taxonomy":"post_tag","embeddable":true,"href":"https:\/\/www.eldiariodetucuman.com\/web\/wp-json\/wp\/v2\/tags?post=45717"}],"curies":[{"name":"wp","href":"https:\/\/api.w.org\/{rel}","templated":true}]}}