{"id":45599,"date":"2025-09-08T22:29:25","date_gmt":"2025-09-09T01:29:25","guid":{"rendered":"https:\/\/www.eldiariodetucuman.com\/web\/duran-barba-explico-cual-fue-el-error-central-en-la-derrota-de-milei-y-senalo-a-santiago-caputo\/"},"modified":"2025-09-08T22:29:27","modified_gmt":"2025-09-09T01:29:27","slug":"duran-barba-explico-cual-fue-el-error-central-en-la-derrota-de-milei-y-senalo-a-santiago-caputo","status":"publish","type":"post","link":"https:\/\/www.eldiariodetucuman.com\/web\/duran-barba-explico-cual-fue-el-error-central-en-la-derrota-de-milei-y-senalo-a-santiago-caputo\/","title":{"rendered":"Dur\u00e1n Barba explic\u00f3 cu\u00e1l fue el error \u00abcentral\u00bb en la derrota de Milei y se\u00f1al\u00f3 a Santiago Caputo"},"content":{"rendered":"<p><\/p>\n<p class=\"com-paragraph  --capital --s\">El consultor pol\u00edtico <strong>Jaime Dur\u00e1n Barba <\/strong>opin\u00f3 sobre el resultado de la elecci\u00f3n legislativa bonaerense y asegur\u00f3 que parte de la derrota de <strong>La Libertad Avanza<\/strong> ante <strong>Fuerza Patria <\/strong>se debi\u00f3 a haber modificado la forma de hacer campa\u00f1a con respecto a la elecci\u00f3n presidencial, cuando Santiago Caputo tuvo un rol fundamental. \u201c<strong>Cambiaron a un excelente dentista por un peluquero<\/strong>\u201c, evalu\u00f3 este lunes a la noche en <strong>LN+<\/strong>. <\/p>\n<p class=\"com-paragraph   --s\">\u201c<strong>Milei gan\u00f3 la presidencia porque hizo una excelente campa\u00f1a electoral. <\/strong>Fue un muy buen candidato, y tuvo una superioridad t\u00e9cnica total sobre los otros candidatos, cuando tuvo un equipo de consultores, encabezado por [Santiago] Caputo, profesional en hacer campa\u00f1as\u201d, explic\u00f3 Barba.<\/p>\n<p class=\"com-paragraph   --s\">El analista que supo ser un cercano asesor del expresidente Mauricio Macri, reconoci\u00f3 que conoce muy bien a Caputo y lo calific\u00f3 como un \u201ccolega preparado\u201d. Plante\u00f3 que al haberlo apartado del desarrollo de la campa\u00f1a, y puesto en su lugar a <strong>Ram\u00f3n \u201cNene\u201d Vera <\/strong>y a<strong> Sebasti\u00e1n Pareja<\/strong>, LLA adopt\u00f3 un modelo similar al del peronismo, que lo termin\u00f3 perjudicando. \u201cEse es el error central\u201d, diagnostic\u00f3.<\/p>\n<p>Dur\u00e1n Barba: \u00ab\u00bfCu\u00e1ndo ha habido una edici\u00f3n de los peri\u00f3dicos por la elecci\u00f3n de los municipios de la provincia de Buenos Aires?\u00bbArchivo<\/p>\n<p class=\"com-paragraph   --s\">\u201c<strong>Si tienen excelentes especialistas en esto, como los tienen, \u00bfpor qu\u00e9 no los usan? <\/strong>Y recurren a algo que se asocia mucho a la casta contra la que vinieron a pelear. Ellos [Vera y Pareja] son punteros peronistas&#8230; Ver el espect\u00e1culo del cierre de campa\u00f1a fue lamentable, trist\u00edsimo. Un potrero con un corral, 2000 personas, insultando a las personas del barrio\u201d, cuestion\u00f3 el ecuatoriano.<\/p>\n<p class=\"com-paragraph   --s\">Adem\u00e1s, Dur\u00e1n Barba asegur\u00f3 que el Gobierno \u201cperdi\u00f3 el discurso anticasta\u201d y enfatiz\u00f3 que tampoco ayud\u00f3 a la administraci\u00f3n haberse peleado con \u201ctodo el que asoma\u201d. \u201c<strong>Se hizo una muy mala campa\u00f1a pudiendo hacerla muy bien.<\/strong> Si te pele\u00e1s con todos te terminan haciendo sindicato y te muelen a palos\u201d, afirm\u00f3.<\/p>\n<p class=\"text ln-text prumo prumo-extra --prumo-italic text-24 --prumo --font-bold\"><b>Las elecciones no las ganas por lo que eres sino por lo que pareces<\/b>\u201d<\/p>\n<h3 class=\"text ln-text text-14 pl-40 --arial\">\u2014 Jaime Dur\u00e1n Barba<\/h3>\n<p class=\"com-paragraph   --s\">En ese sentido, Dur\u00e1n Barda esgrimi\u00f3 que otro de los errores del Gobierno fue haber nacionalizado una campa\u00f1a que, en principio, no deb\u00eda tener tanta relevancia a nivel nacional. \u201cLas elecciones son distintas\u201d, postul\u00f3 y sigui\u00f3: \u201cLas elecciones de CABA tambi\u00e9n las convirtieron en nacionales. En ese caso les fue bien. Ahora convirtieron en nacionales una elecci\u00f3n irrelevante. <strong>\u00bfCu\u00e1ndo ha habido una edici\u00f3n de los peri\u00f3dicos por la elecci\u00f3n de los municipios de la provincia de Buenos Aires?<\/strong> No eran de gobernador ni de intendente\u00bb. <\/p>\n<p class=\"com-paragraph   --s\">\u201c<strong>Fue un error estrat\u00e9gico grave. Convirtieron la elecci\u00f3n en un plebiscito sobre el gobierno de Milei<\/strong>\u201d, arremeti\u00f3 y argument\u00f3 su posici\u00f3n: \u201cMi impresi\u00f3n es que, a menos de que den un giro serio, preciso, no de entusiasmo, van a tener un resultado m\u00e1s triste en octubre. El p\u00e1nico es terrible, siempre que actu\u00e1s bajo p\u00e1nico te hund\u00eds\u201d.<\/p>\n<p>Dur\u00e1n Barba: \u00abHay que tener menos fanatismo y analizar con frialdad la situaci\u00f3n, porque tampoco es cierto que la gente vot\u00f3 en contra del modelo del Gobierno\u00bbSilvana Colombo &#8211; Archivo<\/p>\n<p class=\"com-paragraph   --s\">Seg\u00fan expres\u00f3 el analista y consultor pol\u00edtico, a Milei ahora le tocar\u00eda ser \u201cser sereno, menos prepotente, hablar con la gente que sabe y encontrar una salida\u201d. <\/p>\n<p class=\"com-paragraph   --s\">Por otro lado, seg\u00fan su mirada, Dur\u00e1n Barba analiz\u00f3 que las equivocaciones del Gobierno fomentaron que se lo instale al gobernador <strong>Axel Kicillof <\/strong>como presidenciable para 2027. \u201cNo estaba tan instalado antes de esto. Es el Gobierno quien lo instal\u00f3\u201d, dijo y reflexion\u00f3: \u201c<strong>Hay que tener menos fanatismo y analizar con frialdad la situaci\u00f3n<\/strong>, porque tampoco es cierto que la gente vot\u00f3 en contra del modelo del Gobierno\u201d.<\/p>\n<p class=\"com-paragraph   --s\">Por \u00faltimo, el especialista en comunicaci\u00f3n pol\u00edtica record\u00f3 c\u00f3mo hab\u00eda presentado el Presidente su imagen durante la campa\u00f1a de 2023, y sugiri\u00f3 que deber\u00eda volver a aquella b\u00fasqueda. \u201cMilei proyect\u00f3 la imagen de un se\u00f1or sensible. <strong>Era una persona que lloraba y se entusiasmaba, eso es muy bueno.<\/strong> Hablar bien de tus perros&#8230; por eso sac\u00f3 los votos que sac\u00f3. Al polemizar con un ni\u00f1o autista, lo hace parecer perverso, y <strong>las elecciones no las gan\u00e1s por lo que eres sino por lo que parec\u00e9s. Eso le da m\u00e1s votos que controlar bien la econom\u00eda<\/strong>\u201d.<\/p>\n<p><a href=\"https:\/\/www.lanacion.com.ar\/politica\/jaime-duran-barba-explico-cual-fue-el-error-en-la-derrota-de-milei-y-senalo-a-santiago-caputo-nid08092025\/\">Fuente de la nota <\/a><\/p>\n","protected":false},"excerpt":{"rendered":"<p>El consultor pol\u00edtico Jaime Dur\u00e1n Barba opin\u00f3 sobre el resultado de la elecci\u00f3n legislativa bonaerense y asegur\u00f3 que parte de la derrota de La Libertad Avanza ante Fuerza Patria se debi\u00f3 a haber modificado la forma de hacer campa\u00f1a con respecto a la elecci\u00f3n presidencial, cuando Santiago Caputo tuvo un rol fundamental. \u201cCambiaron a un [&hellip;]<\/p>\n","protected":false},"author":5,"featured_media":45600,"comment_status":"closed","ping_status":"open","sticky":false,"template":"","format":"standard","meta":{"footnotes":""},"categories":[3],"tags":[],"class_list":{"0":"post-45599","1":"post","2":"type-post","3":"status-publish","4":"format-standard","5":"has-post-thumbnail","7":"category-politica"},"yoast_head":"<!-- This site is optimized with the Yoast SEO plugin v27.5 - https:\/\/yoast.com\/product\/yoast-seo-wordpress\/ -->\n<title>Dur\u00e1n Barba explic\u00f3 cu\u00e1l fue el error &quot;central&quot; en la derrota de Milei y se\u00f1al\u00f3 a Santiago Caputo - El Diario de Tucuman<\/title>\n<meta name=\"robots\" content=\"index, follow, max-snippet:-1, max-image-preview:large, max-video-preview:-1\" \/>\n<link rel=\"canonical\" href=\"https:\/\/www.eldiariodetucuman.com\/web\/duran-barba-explico-cual-fue-el-error-central-en-la-derrota-de-milei-y-senalo-a-santiago-caputo\/\" \/>\n<meta property=\"og:locale\" content=\"es_ES\" \/>\n<meta property=\"og:type\" content=\"article\" \/>\n<meta property=\"og:title\" content=\"Dur\u00e1n Barba explic\u00f3 cu\u00e1l fue el error &quot;central&quot; en la derrota de Milei y se\u00f1al\u00f3 a Santiago Caputo - El Diario de Tucuman\" \/>\n<meta property=\"og:description\" content=\"El consultor pol\u00edtico Jaime Dur\u00e1n Barba opin\u00f3 sobre el resultado de la elecci\u00f3n legislativa bonaerense y asegur\u00f3 que parte de la derrota de La Libertad Avanza ante Fuerza Patria se debi\u00f3 a haber modificado la forma de hacer campa\u00f1a con respecto a la elecci\u00f3n presidencial, cuando Santiago Caputo tuvo un rol fundamental. \u201cCambiaron a un [&hellip;]\" \/>\n<meta property=\"og:url\" content=\"https:\/\/www.eldiariodetucuman.com\/web\/duran-barba-explico-cual-fue-el-error-central-en-la-derrota-de-milei-y-senalo-a-santiago-caputo\/\" \/>\n<meta property=\"og:site_name\" content=\"El Diario de Tucuman\" \/>\n<meta property=\"article:published_time\" content=\"2025-09-09T01:29:25+00:00\" \/>\n<meta property=\"article:modified_time\" content=\"2025-09-09T01:29:27+00:00\" \/>\n<meta property=\"og:image\" content=\"https:\/\/www.eldiariodetucuman.com\/web\/wp-content\/uploads\/2025\/09\/jaime-duran-OHBOMCFIXZF45OXGYGNTKKX6JI.jpg\" \/>\n\t<meta property=\"og:image:width\" content=\"1200\" \/>\n\t<meta property=\"og:image:height\" content=\"800\" \/>\n\t<meta property=\"og:image:type\" content=\"image\/jpeg\" \/>\n<meta name=\"author\" content=\"Redactor Uno\" \/>\n<meta name=\"twitter:card\" content=\"summary_large_image\" \/>\n<meta name=\"twitter:label1\" content=\"Escrito por\" \/>\n\t<meta name=\"twitter:data1\" content=\"Redactor Uno\" \/>\n\t<meta name=\"twitter:label2\" content=\"Tiempo de lectura\" \/>\n\t<meta name=\"twitter:data2\" content=\"4 minutos\" \/>\n<script type=\"application\/ld+json\" class=\"yoast-schema-graph\">{\"@context\":\"https:\\\/\\\/schema.org\",\"@graph\":[{\"@type\":\"Article\",\"@id\":\"https:\\\/\\\/www.eldiariodetucuman.com\\\/web\\\/duran-barba-explico-cual-fue-el-error-central-en-la-derrota-de-milei-y-senalo-a-santiago-caputo\\\/#article\",\"isPartOf\":{\"@id\":\"https:\\\/\\\/www.eldiariodetucuman.com\\\/web\\\/duran-barba-explico-cual-fue-el-error-central-en-la-derrota-de-milei-y-senalo-a-santiago-caputo\\\/\"},\"author\":{\"name\":\"Redactor Uno\",\"@id\":\"https:\\\/\\\/www.eldiariodetucuman.com\\\/web\\\/#\\\/schema\\\/person\\\/7e6644a46e60888f6b868594407e08dd\"},\"headline\":\"Dur\u00e1n Barba explic\u00f3 cu\u00e1l fue el error \u00abcentral\u00bb en la derrota de Milei y se\u00f1al\u00f3 a Santiago Caputo\",\"datePublished\":\"2025-09-09T01:29:25+00:00\",\"dateModified\":\"2025-09-09T01:29:27+00:00\",\"mainEntityOfPage\":{\"@id\":\"https:\\\/\\\/www.eldiariodetucuman.com\\\/web\\\/duran-barba-explico-cual-fue-el-error-central-en-la-derrota-de-milei-y-senalo-a-santiago-caputo\\\/\"},\"wordCount\":779,\"publisher\":{\"@id\":\"https:\\\/\\\/www.eldiariodetucuman.com\\\/web\\\/#organization\"},\"image\":{\"@id\":\"https:\\\/\\\/www.eldiariodetucuman.com\\\/web\\\/duran-barba-explico-cual-fue-el-error-central-en-la-derrota-de-milei-y-senalo-a-santiago-caputo\\\/#primaryimage\"},\"thumbnailUrl\":\"https:\\\/\\\/www.eldiariodetucuman.com\\\/web\\\/wp-content\\\/uploads\\\/2025\\\/09\\\/jaime-duran-OHBOMCFIXZF45OXGYGNTKKX6JI.jpg\",\"articleSection\":[\"Politica\"],\"inLanguage\":\"es\"},{\"@type\":\"WebPage\",\"@id\":\"https:\\\/\\\/www.eldiariodetucuman.com\\\/web\\\/duran-barba-explico-cual-fue-el-error-central-en-la-derrota-de-milei-y-senalo-a-santiago-caputo\\\/\",\"url\":\"https:\\\/\\\/www.eldiariodetucuman.com\\\/web\\\/duran-barba-explico-cual-fue-el-error-central-en-la-derrota-de-milei-y-senalo-a-santiago-caputo\\\/\",\"name\":\"Dur\u00e1n Barba explic\u00f3 cu\u00e1l fue el error \\\"central\\\" en la derrota de Milei y se\u00f1al\u00f3 a Santiago Caputo - El Diario de Tucuman\",\"isPartOf\":{\"@id\":\"https:\\\/\\\/www.eldiariodetucuman.com\\\/web\\\/#website\"},\"primaryImageOfPage\":{\"@id\":\"https:\\\/\\\/www.eldiariodetucuman.com\\\/web\\\/duran-barba-explico-cual-fue-el-error-central-en-la-derrota-de-milei-y-senalo-a-santiago-caputo\\\/#primaryimage\"},\"image\":{\"@id\":\"https:\\\/\\\/www.eldiariodetucuman.com\\\/web\\\/duran-barba-explico-cual-fue-el-error-central-en-la-derrota-de-milei-y-senalo-a-santiago-caputo\\\/#primaryimage\"},\"thumbnailUrl\":\"https:\\\/\\\/www.eldiariodetucuman.com\\\/web\\\/wp-content\\\/uploads\\\/2025\\\/09\\\/jaime-duran-OHBOMCFIXZF45OXGYGNTKKX6JI.jpg\",\"datePublished\":\"2025-09-09T01:29:25+00:00\",\"dateModified\":\"2025-09-09T01:29:27+00:00\",\"breadcrumb\":{\"@id\":\"https:\\\/\\\/www.eldiariodetucuman.com\\\/web\\\/duran-barba-explico-cual-fue-el-error-central-en-la-derrota-de-milei-y-senalo-a-santiago-caputo\\\/#breadcrumb\"},\"inLanguage\":\"es\",\"potentialAction\":[{\"@type\":\"ReadAction\",\"target\":[\"https:\\\/\\\/www.eldiariodetucuman.com\\\/web\\\/duran-barba-explico-cual-fue-el-error-central-en-la-derrota-de-milei-y-senalo-a-santiago-caputo\\\/\"]}]},{\"@type\":\"ImageObject\",\"inLanguage\":\"es\",\"@id\":\"https:\\\/\\\/www.eldiariodetucuman.com\\\/web\\\/duran-barba-explico-cual-fue-el-error-central-en-la-derrota-de-milei-y-senalo-a-santiago-caputo\\\/#primaryimage\",\"url\":\"https:\\\/\\\/www.eldiariodetucuman.com\\\/web\\\/wp-content\\\/uploads\\\/2025\\\/09\\\/jaime-duran-OHBOMCFIXZF45OXGYGNTKKX6JI.jpg\",\"contentUrl\":\"https:\\\/\\\/www.eldiariodetucuman.com\\\/web\\\/wp-content\\\/uploads\\\/2025\\\/09\\\/jaime-duran-OHBOMCFIXZF45OXGYGNTKKX6JI.jpg\",\"width\":1200,\"height\":800},{\"@type\":\"BreadcrumbList\",\"@id\":\"https:\\\/\\\/www.eldiariodetucuman.com\\\/web\\\/duran-barba-explico-cual-fue-el-error-central-en-la-derrota-de-milei-y-senalo-a-santiago-caputo\\\/#breadcrumb\",\"itemListElement\":[{\"@type\":\"ListItem\",\"position\":1,\"name\":\"Portada\",\"item\":\"https:\\\/\\\/www.eldiariodetucuman.com\\\/web\\\/\"},{\"@type\":\"ListItem\",\"position\":2,\"name\":\"Dur\u00e1n Barba explic\u00f3 cu\u00e1l fue el error \u00abcentral\u00bb en la derrota de Milei y se\u00f1al\u00f3 a Santiago Caputo\"}]},{\"@type\":\"WebSite\",\"@id\":\"https:\\\/\\\/www.eldiariodetucuman.com\\\/web\\\/#website\",\"url\":\"https:\\\/\\\/www.eldiariodetucuman.com\\\/web\\\/\",\"name\":\"El Diario de Tucuman\",\"description\":\"Diario Tucuman - Informaci\u00f3n y noticias\",\"publisher\":{\"@id\":\"https:\\\/\\\/www.eldiariodetucuman.com\\\/web\\\/#organization\"},\"potentialAction\":[{\"@type\":\"SearchAction\",\"target\":{\"@type\":\"EntryPoint\",\"urlTemplate\":\"https:\\\/\\\/www.eldiariodetucuman.com\\\/web\\\/?s={search_term_string}\"},\"query-input\":{\"@type\":\"PropertyValueSpecification\",\"valueRequired\":true,\"valueName\":\"search_term_string\"}}],\"inLanguage\":\"es\"},{\"@type\":\"Organization\",\"@id\":\"https:\\\/\\\/www.eldiariodetucuman.com\\\/web\\\/#organization\",\"name\":\"El Diario de Tucuman\",\"url\":\"https:\\\/\\\/www.eldiariodetucuman.com\\\/web\\\/\",\"logo\":{\"@type\":\"ImageObject\",\"inLanguage\":\"es\",\"@id\":\"https:\\\/\\\/www.eldiariodetucuman.com\\\/web\\\/#\\\/schema\\\/logo\\\/image\\\/\",\"url\":\"http:\\\/\\\/www.eldiariodetucuman.com\\\/web\\\/wp-content\\\/uploads\\\/2017\\\/12\\\/el-diario-de-tucuman.jpg\",\"contentUrl\":\"http:\\\/\\\/www.eldiariodetucuman.com\\\/web\\\/wp-content\\\/uploads\\\/2017\\\/12\\\/el-diario-de-tucuman.jpg\",\"width\":272,\"height\":92,\"caption\":\"El Diario de Tucuman\"},\"image\":{\"@id\":\"https:\\\/\\\/www.eldiariodetucuman.com\\\/web\\\/#\\\/schema\\\/logo\\\/image\\\/\"}},{\"@type\":\"Person\",\"@id\":\"https:\\\/\\\/www.eldiariodetucuman.com\\\/web\\\/#\\\/schema\\\/person\\\/7e6644a46e60888f6b868594407e08dd\",\"name\":\"Redactor Uno\",\"image\":{\"@type\":\"ImageObject\",\"inLanguage\":\"es\",\"@id\":\"https:\\\/\\\/secure.gravatar.com\\\/avatar\\\/0049b1bdf1bd548385c9ea6b9356431717930913089febd2ba904f0187d7d074?s=96&d=mm&r=g\",\"url\":\"https:\\\/\\\/secure.gravatar.com\\\/avatar\\\/0049b1bdf1bd548385c9ea6b9356431717930913089febd2ba904f0187d7d074?s=96&d=mm&r=g\",\"contentUrl\":\"https:\\\/\\\/secure.gravatar.com\\\/avatar\\\/0049b1bdf1bd548385c9ea6b9356431717930913089febd2ba904f0187d7d074?s=96&d=mm&r=g\",\"caption\":\"Redactor Uno\"},\"url\":\"https:\\\/\\\/www.eldiariodetucuman.com\\\/web\\\/author\\\/mramasco\\\/\"}]}<\/script>\n<!-- \/ Yoast SEO plugin. -->","yoast_head_json":{"title":"Dur\u00e1n Barba explic\u00f3 cu\u00e1l fue el error \"central\" en la derrota de Milei y se\u00f1al\u00f3 a Santiago Caputo - El Diario de Tucuman","robots":{"index":"index","follow":"follow","max-snippet":"max-snippet:-1","max-image-preview":"max-image-preview:large","max-video-preview":"max-video-preview:-1"},"canonical":"https:\/\/www.eldiariodetucuman.com\/web\/duran-barba-explico-cual-fue-el-error-central-en-la-derrota-de-milei-y-senalo-a-santiago-caputo\/","og_locale":"es_ES","og_type":"article","og_title":"Dur\u00e1n Barba explic\u00f3 cu\u00e1l fue el error \"central\" en la derrota de Milei y se\u00f1al\u00f3 a Santiago Caputo - El Diario de Tucuman","og_description":"El consultor pol\u00edtico Jaime Dur\u00e1n Barba opin\u00f3 sobre el resultado de la elecci\u00f3n legislativa bonaerense y asegur\u00f3 que parte de la derrota de La Libertad Avanza ante Fuerza Patria se debi\u00f3 a haber modificado la forma de hacer campa\u00f1a con respecto a la elecci\u00f3n presidencial, cuando Santiago Caputo tuvo un rol fundamental. \u201cCambiaron a un [&hellip;]","og_url":"https:\/\/www.eldiariodetucuman.com\/web\/duran-barba-explico-cual-fue-el-error-central-en-la-derrota-de-milei-y-senalo-a-santiago-caputo\/","og_site_name":"El Diario de Tucuman","article_published_time":"2025-09-09T01:29:25+00:00","article_modified_time":"2025-09-09T01:29:27+00:00","og_image":[{"width":1200,"height":800,"url":"https:\/\/www.eldiariodetucuman.com\/web\/wp-content\/uploads\/2025\/09\/jaime-duran-OHBOMCFIXZF45OXGYGNTKKX6JI.jpg","type":"image\/jpeg"}],"author":"Redactor Uno","twitter_card":"summary_large_image","twitter_misc":{"Escrito por":"Redactor Uno","Tiempo de lectura":"4 minutos"},"schema":{"@context":"https:\/\/schema.org","@graph":[{"@type":"Article","@id":"https:\/\/www.eldiariodetucuman.com\/web\/duran-barba-explico-cual-fue-el-error-central-en-la-derrota-de-milei-y-senalo-a-santiago-caputo\/#article","isPartOf":{"@id":"https:\/\/www.eldiariodetucuman.com\/web\/duran-barba-explico-cual-fue-el-error-central-en-la-derrota-de-milei-y-senalo-a-santiago-caputo\/"},"author":{"name":"Redactor Uno","@id":"https:\/\/www.eldiariodetucuman.com\/web\/#\/schema\/person\/7e6644a46e60888f6b868594407e08dd"},"headline":"Dur\u00e1n Barba explic\u00f3 cu\u00e1l fue el error \u00abcentral\u00bb en la derrota de Milei y se\u00f1al\u00f3 a Santiago Caputo","datePublished":"2025-09-09T01:29:25+00:00","dateModified":"2025-09-09T01:29:27+00:00","mainEntityOfPage":{"@id":"https:\/\/www.eldiariodetucuman.com\/web\/duran-barba-explico-cual-fue-el-error-central-en-la-derrota-de-milei-y-senalo-a-santiago-caputo\/"},"wordCount":779,"publisher":{"@id":"https:\/\/www.eldiariodetucuman.com\/web\/#organization"},"image":{"@id":"https:\/\/www.eldiariodetucuman.com\/web\/duran-barba-explico-cual-fue-el-error-central-en-la-derrota-de-milei-y-senalo-a-santiago-caputo\/#primaryimage"},"thumbnailUrl":"https:\/\/www.eldiariodetucuman.com\/web\/wp-content\/uploads\/2025\/09\/jaime-duran-OHBOMCFIXZF45OXGYGNTKKX6JI.jpg","articleSection":["Politica"],"inLanguage":"es"},{"@type":"WebPage","@id":"https:\/\/www.eldiariodetucuman.com\/web\/duran-barba-explico-cual-fue-el-error-central-en-la-derrota-de-milei-y-senalo-a-santiago-caputo\/","url":"https:\/\/www.eldiariodetucuman.com\/web\/duran-barba-explico-cual-fue-el-error-central-en-la-derrota-de-milei-y-senalo-a-santiago-caputo\/","name":"Dur\u00e1n Barba explic\u00f3 cu\u00e1l fue el error \"central\" en la derrota de Milei y se\u00f1al\u00f3 a Santiago Caputo - El Diario de Tucuman","isPartOf":{"@id":"https:\/\/www.eldiariodetucuman.com\/web\/#website"},"primaryImageOfPage":{"@id":"https:\/\/www.eldiariodetucuman.com\/web\/duran-barba-explico-cual-fue-el-error-central-en-la-derrota-de-milei-y-senalo-a-santiago-caputo\/#primaryimage"},"image":{"@id":"https:\/\/www.eldiariodetucuman.com\/web\/duran-barba-explico-cual-fue-el-error-central-en-la-derrota-de-milei-y-senalo-a-santiago-caputo\/#primaryimage"},"thumbnailUrl":"https:\/\/www.eldiariodetucuman.com\/web\/wp-content\/uploads\/2025\/09\/jaime-duran-OHBOMCFIXZF45OXGYGNTKKX6JI.jpg","datePublished":"2025-09-09T01:29:25+00:00","dateModified":"2025-09-09T01:29:27+00:00","breadcrumb":{"@id":"https:\/\/www.eldiariodetucuman.com\/web\/duran-barba-explico-cual-fue-el-error-central-en-la-derrota-de-milei-y-senalo-a-santiago-caputo\/#breadcrumb"},"inLanguage":"es","potentialAction":[{"@type":"ReadAction","target":["https:\/\/www.eldiariodetucuman.com\/web\/duran-barba-explico-cual-fue-el-error-central-en-la-derrota-de-milei-y-senalo-a-santiago-caputo\/"]}]},{"@type":"ImageObject","inLanguage":"es","@id":"https:\/\/www.eldiariodetucuman.com\/web\/duran-barba-explico-cual-fue-el-error-central-en-la-derrota-de-milei-y-senalo-a-santiago-caputo\/#primaryimage","url":"https:\/\/www.eldiariodetucuman.com\/web\/wp-content\/uploads\/2025\/09\/jaime-duran-OHBOMCFIXZF45OXGYGNTKKX6JI.jpg","contentUrl":"https:\/\/www.eldiariodetucuman.com\/web\/wp-content\/uploads\/2025\/09\/jaime-duran-OHBOMCFIXZF45OXGYGNTKKX6JI.jpg","width":1200,"height":800},{"@type":"BreadcrumbList","@id":"https:\/\/www.eldiariodetucuman.com\/web\/duran-barba-explico-cual-fue-el-error-central-en-la-derrota-de-milei-y-senalo-a-santiago-caputo\/#breadcrumb","itemListElement":[{"@type":"ListItem","position":1,"name":"Portada","item":"https:\/\/www.eldiariodetucuman.com\/web\/"},{"@type":"ListItem","position":2,"name":"Dur\u00e1n Barba explic\u00f3 cu\u00e1l fue el error \u00abcentral\u00bb en la derrota de Milei y se\u00f1al\u00f3 a Santiago Caputo"}]},{"@type":"WebSite","@id":"https:\/\/www.eldiariodetucuman.com\/web\/#website","url":"https:\/\/www.eldiariodetucuman.com\/web\/","name":"El Diario de Tucuman","description":"Diario Tucuman - Informaci\u00f3n y noticias","publisher":{"@id":"https:\/\/www.eldiariodetucuman.com\/web\/#organization"},"potentialAction":[{"@type":"SearchAction","target":{"@type":"EntryPoint","urlTemplate":"https:\/\/www.eldiariodetucuman.com\/web\/?s={search_term_string}"},"query-input":{"@type":"PropertyValueSpecification","valueRequired":true,"valueName":"search_term_string"}}],"inLanguage":"es"},{"@type":"Organization","@id":"https:\/\/www.eldiariodetucuman.com\/web\/#organization","name":"El Diario de Tucuman","url":"https:\/\/www.eldiariodetucuman.com\/web\/","logo":{"@type":"ImageObject","inLanguage":"es","@id":"https:\/\/www.eldiariodetucuman.com\/web\/#\/schema\/logo\/image\/","url":"http:\/\/www.eldiariodetucuman.com\/web\/wp-content\/uploads\/2017\/12\/el-diario-de-tucuman.jpg","contentUrl":"http:\/\/www.eldiariodetucuman.com\/web\/wp-content\/uploads\/2017\/12\/el-diario-de-tucuman.jpg","width":272,"height":92,"caption":"El Diario de Tucuman"},"image":{"@id":"https:\/\/www.eldiariodetucuman.com\/web\/#\/schema\/logo\/image\/"}},{"@type":"Person","@id":"https:\/\/www.eldiariodetucuman.com\/web\/#\/schema\/person\/7e6644a46e60888f6b868594407e08dd","name":"Redactor Uno","image":{"@type":"ImageObject","inLanguage":"es","@id":"https:\/\/secure.gravatar.com\/avatar\/0049b1bdf1bd548385c9ea6b9356431717930913089febd2ba904f0187d7d074?s=96&d=mm&r=g","url":"https:\/\/secure.gravatar.com\/avatar\/0049b1bdf1bd548385c9ea6b9356431717930913089febd2ba904f0187d7d074?s=96&d=mm&r=g","contentUrl":"https:\/\/secure.gravatar.com\/avatar\/0049b1bdf1bd548385c9ea6b9356431717930913089febd2ba904f0187d7d074?s=96&d=mm&r=g","caption":"Redactor Uno"},"url":"https:\/\/www.eldiariodetucuman.com\/web\/author\/mramasco\/"}]}},"_links":{"self":[{"href":"https:\/\/www.eldiariodetucuman.com\/web\/wp-json\/wp\/v2\/posts\/45599","targetHints":{"allow":["GET"]}}],"collection":[{"href":"https:\/\/www.eldiariodetucuman.com\/web\/wp-json\/wp\/v2\/posts"}],"about":[{"href":"https:\/\/www.eldiariodetucuman.com\/web\/wp-json\/wp\/v2\/types\/post"}],"author":[{"embeddable":true,"href":"https:\/\/www.eldiariodetucuman.com\/web\/wp-json\/wp\/v2\/users\/5"}],"replies":[{"embeddable":true,"href":"https:\/\/www.eldiariodetucuman.com\/web\/wp-json\/wp\/v2\/comments?post=45599"}],"version-history":[{"count":1,"href":"https:\/\/www.eldiariodetucuman.com\/web\/wp-json\/wp\/v2\/posts\/45599\/revisions"}],"predecessor-version":[{"id":45601,"href":"https:\/\/www.eldiariodetucuman.com\/web\/wp-json\/wp\/v2\/posts\/45599\/revisions\/45601"}],"wp:featuredmedia":[{"embeddable":true,"href":"https:\/\/www.eldiariodetucuman.com\/web\/wp-json\/wp\/v2\/media\/45600"}],"wp:attachment":[{"href":"https:\/\/www.eldiariodetucuman.com\/web\/wp-json\/wp\/v2\/media?parent=45599"}],"wp:term":[{"taxonomy":"category","embeddable":true,"href":"https:\/\/www.eldiariodetucuman.com\/web\/wp-json\/wp\/v2\/categories?post=45599"},{"taxonomy":"post_tag","embeddable":true,"href":"https:\/\/www.eldiariodetucuman.com\/web\/wp-json\/wp\/v2\/tags?post=45599"}],"curies":[{"name":"wp","href":"https:\/\/api.w.org\/{rel}","templated":true}]}}