{"id":45597,"date":"2025-09-08T17:00:14","date_gmt":"2025-09-08T20:00:14","guid":{"rendered":"https:\/\/www.eldiariodetucuman.com\/web\/nacion-tiene-que-empezar-a-considerar-mas-las-necesidades-de-la-gente-alerto-jaldo\/"},"modified":"2025-09-08T17:00:14","modified_gmt":"2025-09-08T20:00:14","slug":"nacion-tiene-que-empezar-a-considerar-mas-las-necesidades-de-la-gente-alerto-jaldo","status":"publish","type":"post","link":"https:\/\/www.eldiariodetucuman.com\/web\/nacion-tiene-que-empezar-a-considerar-mas-las-necesidades-de-la-gente-alerto-jaldo\/","title":{"rendered":"\u00abNaci\u00f3n tiene que empezar a considerar m\u00e1s las necesidades de la gente\u00bb, alert\u00f3 Jaldo"},"content":{"rendered":"<p><\/p>\n<p data-start=\"306\" data-end=\"759\">Tras los comicios celebrados este domingo en la provincia de Buenos Aires donde Fuerza Patria derrot\u00f3 a La Libertad Avanza del gobierno oficialista, el gobernador \u00a0<strong>Osvaldo Jaldo,<\/strong>\u00a0 advirti\u00f3 que los resultados constituyeron \u201cuna se\u00f1al importante\u201d para el gobierno nacional. Al mismo tiempo, remarc\u00f3 que Tucum\u00e1n tendr\u00e1 su propio turno electoral el pr\u00f3ximo 26 de octubre, cuando se elijan diputados nacionales, e inst\u00f3 a que la campa\u00f1a contin\u00fae \u201ccon tranquilidad y respeto\u201d.<\/p>\n<p data-start=\"1095\" data-end=\"1641\" id=\"isPasted\">Jaldo aclar\u00f3 que el resultado bonaerense no marcaba necesariamente una tendencia, pero reconoci\u00f3 que no pod\u00eda ser deso\u00eddo. \u201cNo digo que marca una tendencia, pero s\u00ed es una se\u00f1al importante, primero para nuestro espacio, y segundo, y fundamentalmente, para el gobierno. <strong>El gobierno nacional (de Javier Milei) est\u00e1 notificado de que tiene que empezar a considerar m\u00e1s las necesidades y la calidad de vida de la gente. Porque solamente con las variables macroecon\u00f3micas no se solucionan los problemas de la gente. Pueden ayudar, pero ya est\u00e1 visto que no alcanza\u201d,<\/strong> advirti\u00f3.<\/p>\n<p data-start=\"761\" data-end=\"1093\">\u201cEl caso de Buenos Aires es particular. All\u00ed se eligieron autoridades provinciales: concejales, intendentes, legisladores. En cambio, el 26 de octubre se realizar\u00e1n elecciones nacionales, donde en Tucum\u00e1n se eligen \u00fanicamente diputados, y en otras provincias tambi\u00e9n senadores\u201d, explic\u00f3 el mandatario en declaraciones a la prensa.<\/p>\n<h3 data-start=\"1643\" data-end=\"1671\">Se\u00f1ales y advertencias<\/h3>\n<p data-start=\"1673\" data-end=\"1893\">Seg\u00fan el gobernador tucumano, el voto de los bonaerenses reflej\u00f3 un malestar que iba m\u00e1s all\u00e1 de los n\u00fameros macro. \u201cLa gente vot\u00f3 de la manera que vot\u00f3 porque siente en carne propia los efectos de la crisis\u201d, sostuvo.<\/p>\n<p data-start=\"1895\" data-end=\"2377\">En ese marco, consider\u00f3 que el 26 de octubre ser\u00e1 un cap\u00edtulo diferente y que la ciudadan\u00eda tucumana tendr\u00e1 la \u00faltima palabra. \u201cQui\u00e9n va a definir es el tucumano a trav\u00e9s del voto. <strong>Nosotros seguimos trabajando como lo venimos haciendo siempre, simplemente pedimos a todos los espacios que se siga desarrollando esta campa\u00f1a electoral como hasta ahora: con total tranquilidad, con total respeto, y que se le d\u00e9 la posibilidad al pueblo tucumano de expedirse en las urnas\u201d, subray\u00f3.<\/strong><\/p>\n<h3 data-start=\"2379\" data-end=\"2405\">Dos a\u00f1os por delante<\/h3>\n<p data-start=\"2407\" data-end=\"2637\">Consultado sobre sus proyecciones pol\u00edticas con vistas a una releecci\u00f3n en el sill\u00f3n de<strong> Lucas C\u00f3rdoba, <\/strong>Jaldo evit\u00f3 especular sobre escenarios de largo plazo. \u201cEl resultado no lo puedo adelantar, y mucho menos hablar del a\u00f1o 2027\u201d, enfatiz\u00f3. En cambio, puso el foco en la gesti\u00f3n actual.<\/p>\n<p data-start=\"2639\" data-end=\"2990\">\u201cA nosotros nos quedan dos a\u00f1os de gobierno, que por lo que avizoramos van a ser a\u00f1os duros. Vamos a tener que dedicar mucho tiempo a la gesti\u00f3n, estar encima de cada problema, no solo de los de la administraci\u00f3n p\u00fablica, sino tambi\u00e9n de los sectores privados, que ya vienen con dificultades y que seguramente van a seguir enfrent\u00e1ndolas\u201d, advirti\u00f3.<\/p>\n<h3 data-start=\"2992\" data-end=\"3032\">Entre la satisfacci\u00f3n y la cautela<\/h3>\n<p data-start=\"3034\" data-end=\"3422\">El gobernador expres\u00f3 su satisfacci\u00f3n por lo ocurrido en Buenos Aires por el triunfo de<strong>\u00a0Axel Kicillof<\/strong>, pero fue cauto en las expectativas sobre una extrapolaci\u00f3n autom\u00e1tica. \u201cMuy contento con los resultados de Buenos Aires, pero eso no quiere decir que sea lo que va a pasar el 26, ni en Tucum\u00e1n ni en el resto de la Argentina. Porque Buenos Aires vuelve a votar el 26, pero ya autoridades nacionales\u201d, explic\u00f3.<\/p>\n<p data-start=\"3424\" data-end=\"3680\">De esta manera, Jaldo busc\u00f3 equilibrar la lectura pol\u00edtica con un llamado a la prudencia<strong>. \u201cLa \u00fanica verdad la dar\u00e1 el voto de la gente. Hasta entonces, lo que corresponde es trabajar, gestionar y garantizar que la campa\u00f1a se desarrolle en paz\u201d, <\/strong>concluy\u00f3.<\/p>\n<p>Fuente: <a href=\"https:\/\/www.comunicaciontucuman.gob.ar\/noticia\/gobernacion\/236828\/nacion-tiene-empezar-considerar-mas-necesidades-gente-alerto-jaldo\"> Fuente de la nota <\/a><\/p>\n","protected":false},"excerpt":{"rendered":"<p>Tras los comicios celebrados este domingo en la provincia de Buenos Aires donde Fuerza Patria derrot\u00f3 a La Libertad Avanza del gobierno oficialista, el gobernador \u00a0Osvaldo Jaldo,\u00a0 advirti\u00f3 que los resultados constituyeron \u201cuna se\u00f1al importante\u201d para el gobierno nacional. Al mismo tiempo, remarc\u00f3 que Tucum\u00e1n tendr\u00e1 su propio turno electoral el pr\u00f3ximo 26 de octubre, [&hellip;]<\/p>\n","protected":false},"author":1,"featured_media":45598,"comment_status":"closed","ping_status":"open","sticky":false,"template":"","format":"standard","meta":{"footnotes":""},"categories":[3],"tags":[],"class_list":{"0":"post-45597","1":"post","2":"type-post","3":"status-publish","4":"format-standard","5":"has-post-thumbnail","7":"category-politica"},"yoast_head":"<!-- This site is optimized with the Yoast SEO plugin v27.4 - https:\/\/yoast.com\/product\/yoast-seo-wordpress\/ -->\n<title>&quot;Naci\u00f3n tiene que empezar a considerar m\u00e1s las necesidades de la gente&quot;, alert\u00f3 Jaldo - El Diario de Tucuman<\/title>\n<meta name=\"robots\" content=\"index, follow, max-snippet:-1, max-image-preview:large, max-video-preview:-1\" \/>\n<link rel=\"canonical\" href=\"https:\/\/www.eldiariodetucuman.com\/web\/nacion-tiene-que-empezar-a-considerar-mas-las-necesidades-de-la-gente-alerto-jaldo\/\" \/>\n<meta property=\"og:locale\" content=\"es_ES\" \/>\n<meta property=\"og:type\" content=\"article\" \/>\n<meta property=\"og:title\" content=\"&quot;Naci\u00f3n tiene que empezar a considerar m\u00e1s las necesidades de la gente&quot;, alert\u00f3 Jaldo - El Diario de Tucuman\" \/>\n<meta property=\"og:description\" content=\"Tras los comicios celebrados este domingo en la provincia de Buenos Aires donde Fuerza Patria derrot\u00f3 a La Libertad Avanza del gobierno oficialista, el gobernador \u00a0Osvaldo Jaldo,\u00a0 advirti\u00f3 que los resultados constituyeron \u201cuna se\u00f1al importante\u201d para el gobierno nacional. Al mismo tiempo, remarc\u00f3 que Tucum\u00e1n tendr\u00e1 su propio turno electoral el pr\u00f3ximo 26 de octubre, [&hellip;]\" \/>\n<meta property=\"og:url\" content=\"https:\/\/www.eldiariodetucuman.com\/web\/nacion-tiene-que-empezar-a-considerar-mas-las-necesidades-de-la-gente-alerto-jaldo\/\" \/>\n<meta property=\"og:site_name\" content=\"El Diario de Tucuman\" \/>\n<meta property=\"article:published_time\" content=\"2025-09-08T20:00:14+00:00\" \/>\n<meta name=\"author\" content=\"admin\" \/>\n<meta name=\"twitter:card\" content=\"summary_large_image\" \/>\n<meta name=\"twitter:label1\" content=\"Escrito por\" \/>\n\t<meta name=\"twitter:data1\" content=\"admin\" \/>\n\t<meta name=\"twitter:label2\" content=\"Tiempo de lectura\" \/>\n\t<meta name=\"twitter:data2\" content=\"3 minutos\" \/>\n<script type=\"application\/ld+json\" class=\"yoast-schema-graph\">{\"@context\":\"https:\\\/\\\/schema.org\",\"@graph\":[{\"@type\":\"Article\",\"@id\":\"https:\\\/\\\/www.eldiariodetucuman.com\\\/web\\\/nacion-tiene-que-empezar-a-considerar-mas-las-necesidades-de-la-gente-alerto-jaldo\\\/#article\",\"isPartOf\":{\"@id\":\"https:\\\/\\\/www.eldiariodetucuman.com\\\/web\\\/nacion-tiene-que-empezar-a-considerar-mas-las-necesidades-de-la-gente-alerto-jaldo\\\/\"},\"author\":{\"name\":\"admin\",\"@id\":\"https:\\\/\\\/www.eldiariodetucuman.com\\\/web\\\/#\\\/schema\\\/person\\\/9250197d75ab5483412e19678b121caa\"},\"headline\":\"\u00abNaci\u00f3n tiene que empezar a considerar m\u00e1s las necesidades de la gente\u00bb, alert\u00f3 Jaldo\",\"datePublished\":\"2025-09-08T20:00:14+00:00\",\"mainEntityOfPage\":{\"@id\":\"https:\\\/\\\/www.eldiariodetucuman.com\\\/web\\\/nacion-tiene-que-empezar-a-considerar-mas-las-necesidades-de-la-gente-alerto-jaldo\\\/\"},\"wordCount\":619,\"publisher\":{\"@id\":\"https:\\\/\\\/www.eldiariodetucuman.com\\\/web\\\/#organization\"},\"image\":{\"@id\":\"https:\\\/\\\/www.eldiariodetucuman.com\\\/web\\\/nacion-tiene-que-empezar-a-considerar-mas-las-necesidades-de-la-gente-alerto-jaldo\\\/#primaryimage\"},\"thumbnailUrl\":\"https:\\\/\\\/www.eldiariodetucuman.com\\\/web\\\/wp-content\\\/uploads\\\/2025\\\/09\\\/Nacion-tiene-que-empezar-a-considerar-mas-las-necesidades-de.jpg\",\"articleSection\":[\"Politica\"],\"inLanguage\":\"es\"},{\"@type\":\"WebPage\",\"@id\":\"https:\\\/\\\/www.eldiariodetucuman.com\\\/web\\\/nacion-tiene-que-empezar-a-considerar-mas-las-necesidades-de-la-gente-alerto-jaldo\\\/\",\"url\":\"https:\\\/\\\/www.eldiariodetucuman.com\\\/web\\\/nacion-tiene-que-empezar-a-considerar-mas-las-necesidades-de-la-gente-alerto-jaldo\\\/\",\"name\":\"\\\"Naci\u00f3n tiene que empezar a considerar m\u00e1s las necesidades de la gente\\\", alert\u00f3 Jaldo - El Diario de Tucuman\",\"isPartOf\":{\"@id\":\"https:\\\/\\\/www.eldiariodetucuman.com\\\/web\\\/#website\"},\"primaryImageOfPage\":{\"@id\":\"https:\\\/\\\/www.eldiariodetucuman.com\\\/web\\\/nacion-tiene-que-empezar-a-considerar-mas-las-necesidades-de-la-gente-alerto-jaldo\\\/#primaryimage\"},\"image\":{\"@id\":\"https:\\\/\\\/www.eldiariodetucuman.com\\\/web\\\/nacion-tiene-que-empezar-a-considerar-mas-las-necesidades-de-la-gente-alerto-jaldo\\\/#primaryimage\"},\"thumbnailUrl\":\"https:\\\/\\\/www.eldiariodetucuman.com\\\/web\\\/wp-content\\\/uploads\\\/2025\\\/09\\\/Nacion-tiene-que-empezar-a-considerar-mas-las-necesidades-de.jpg\",\"datePublished\":\"2025-09-08T20:00:14+00:00\",\"breadcrumb\":{\"@id\":\"https:\\\/\\\/www.eldiariodetucuman.com\\\/web\\\/nacion-tiene-que-empezar-a-considerar-mas-las-necesidades-de-la-gente-alerto-jaldo\\\/#breadcrumb\"},\"inLanguage\":\"es\",\"potentialAction\":[{\"@type\":\"ReadAction\",\"target\":[\"https:\\\/\\\/www.eldiariodetucuman.com\\\/web\\\/nacion-tiene-que-empezar-a-considerar-mas-las-necesidades-de-la-gente-alerto-jaldo\\\/\"]}]},{\"@type\":\"ImageObject\",\"inLanguage\":\"es\",\"@id\":\"https:\\\/\\\/www.eldiariodetucuman.com\\\/web\\\/nacion-tiene-que-empezar-a-considerar-mas-las-necesidades-de-la-gente-alerto-jaldo\\\/#primaryimage\",\"url\":\"https:\\\/\\\/www.eldiariodetucuman.com\\\/web\\\/wp-content\\\/uploads\\\/2025\\\/09\\\/Nacion-tiene-que-empezar-a-considerar-mas-las-necesidades-de.jpg\",\"contentUrl\":\"https:\\\/\\\/www.eldiariodetucuman.com\\\/web\\\/wp-content\\\/uploads\\\/2025\\\/09\\\/Nacion-tiene-que-empezar-a-considerar-mas-las-necesidades-de.jpg\",\"width\":818,\"height\":460},{\"@type\":\"BreadcrumbList\",\"@id\":\"https:\\\/\\\/www.eldiariodetucuman.com\\\/web\\\/nacion-tiene-que-empezar-a-considerar-mas-las-necesidades-de-la-gente-alerto-jaldo\\\/#breadcrumb\",\"itemListElement\":[{\"@type\":\"ListItem\",\"position\":1,\"name\":\"Portada\",\"item\":\"https:\\\/\\\/www.eldiariodetucuman.com\\\/web\\\/\"},{\"@type\":\"ListItem\",\"position\":2,\"name\":\"\u00abNaci\u00f3n tiene que empezar a considerar m\u00e1s las necesidades de la gente\u00bb, alert\u00f3 Jaldo\"}]},{\"@type\":\"WebSite\",\"@id\":\"https:\\\/\\\/www.eldiariodetucuman.com\\\/web\\\/#website\",\"url\":\"https:\\\/\\\/www.eldiariodetucuman.com\\\/web\\\/\",\"name\":\"El Diario de Tucuman\",\"description\":\"Diario Tucuman - Informaci\u00f3n y noticias\",\"publisher\":{\"@id\":\"https:\\\/\\\/www.eldiariodetucuman.com\\\/web\\\/#organization\"},\"potentialAction\":[{\"@type\":\"SearchAction\",\"target\":{\"@type\":\"EntryPoint\",\"urlTemplate\":\"https:\\\/\\\/www.eldiariodetucuman.com\\\/web\\\/?s={search_term_string}\"},\"query-input\":{\"@type\":\"PropertyValueSpecification\",\"valueRequired\":true,\"valueName\":\"search_term_string\"}}],\"inLanguage\":\"es\"},{\"@type\":\"Organization\",\"@id\":\"https:\\\/\\\/www.eldiariodetucuman.com\\\/web\\\/#organization\",\"name\":\"El Diario de Tucuman\",\"url\":\"https:\\\/\\\/www.eldiariodetucuman.com\\\/web\\\/\",\"logo\":{\"@type\":\"ImageObject\",\"inLanguage\":\"es\",\"@id\":\"https:\\\/\\\/www.eldiariodetucuman.com\\\/web\\\/#\\\/schema\\\/logo\\\/image\\\/\",\"url\":\"http:\\\/\\\/www.eldiariodetucuman.com\\\/web\\\/wp-content\\\/uploads\\\/2017\\\/12\\\/el-diario-de-tucuman.jpg\",\"contentUrl\":\"http:\\\/\\\/www.eldiariodetucuman.com\\\/web\\\/wp-content\\\/uploads\\\/2017\\\/12\\\/el-diario-de-tucuman.jpg\",\"width\":272,\"height\":92,\"caption\":\"El Diario de Tucuman\"},\"image\":{\"@id\":\"https:\\\/\\\/www.eldiariodetucuman.com\\\/web\\\/#\\\/schema\\\/logo\\\/image\\\/\"}},{\"@type\":\"Person\",\"@id\":\"https:\\\/\\\/www.eldiariodetucuman.com\\\/web\\\/#\\\/schema\\\/person\\\/9250197d75ab5483412e19678b121caa\",\"name\":\"admin\",\"image\":{\"@type\":\"ImageObject\",\"inLanguage\":\"es\",\"@id\":\"https:\\\/\\\/secure.gravatar.com\\\/avatar\\\/c44d117c2be811212c22cb481f6b8384b6873de103fbc49e7a03cc58d7dea4ac?s=96&d=mm&r=g\",\"url\":\"https:\\\/\\\/secure.gravatar.com\\\/avatar\\\/c44d117c2be811212c22cb481f6b8384b6873de103fbc49e7a03cc58d7dea4ac?s=96&d=mm&r=g\",\"contentUrl\":\"https:\\\/\\\/secure.gravatar.com\\\/avatar\\\/c44d117c2be811212c22cb481f6b8384b6873de103fbc49e7a03cc58d7dea4ac?s=96&d=mm&r=g\",\"caption\":\"admin\"},\"url\":\"https:\\\/\\\/www.eldiariodetucuman.com\\\/web\\\/author\\\/admin\\\/\"}]}<\/script>\n<!-- \/ Yoast SEO plugin. -->","yoast_head_json":{"title":"\"Naci\u00f3n tiene que empezar a considerar m\u00e1s las necesidades de la gente\", alert\u00f3 Jaldo - El Diario de Tucuman","robots":{"index":"index","follow":"follow","max-snippet":"max-snippet:-1","max-image-preview":"max-image-preview:large","max-video-preview":"max-video-preview:-1"},"canonical":"https:\/\/www.eldiariodetucuman.com\/web\/nacion-tiene-que-empezar-a-considerar-mas-las-necesidades-de-la-gente-alerto-jaldo\/","og_locale":"es_ES","og_type":"article","og_title":"\"Naci\u00f3n tiene que empezar a considerar m\u00e1s las necesidades de la gente\", alert\u00f3 Jaldo - El Diario de Tucuman","og_description":"Tras los comicios celebrados este domingo en la provincia de Buenos Aires donde Fuerza Patria derrot\u00f3 a La Libertad Avanza del gobierno oficialista, el gobernador \u00a0Osvaldo Jaldo,\u00a0 advirti\u00f3 que los resultados constituyeron \u201cuna se\u00f1al importante\u201d para el gobierno nacional. Al mismo tiempo, remarc\u00f3 que Tucum\u00e1n tendr\u00e1 su propio turno electoral el pr\u00f3ximo 26 de octubre, [&hellip;]","og_url":"https:\/\/www.eldiariodetucuman.com\/web\/nacion-tiene-que-empezar-a-considerar-mas-las-necesidades-de-la-gente-alerto-jaldo\/","og_site_name":"El Diario de Tucuman","article_published_time":"2025-09-08T20:00:14+00:00","author":"admin","twitter_card":"summary_large_image","twitter_misc":{"Escrito por":"admin","Tiempo de lectura":"3 minutos"},"schema":{"@context":"https:\/\/schema.org","@graph":[{"@type":"Article","@id":"https:\/\/www.eldiariodetucuman.com\/web\/nacion-tiene-que-empezar-a-considerar-mas-las-necesidades-de-la-gente-alerto-jaldo\/#article","isPartOf":{"@id":"https:\/\/www.eldiariodetucuman.com\/web\/nacion-tiene-que-empezar-a-considerar-mas-las-necesidades-de-la-gente-alerto-jaldo\/"},"author":{"name":"admin","@id":"https:\/\/www.eldiariodetucuman.com\/web\/#\/schema\/person\/9250197d75ab5483412e19678b121caa"},"headline":"\u00abNaci\u00f3n tiene que empezar a considerar m\u00e1s las necesidades de la gente\u00bb, alert\u00f3 Jaldo","datePublished":"2025-09-08T20:00:14+00:00","mainEntityOfPage":{"@id":"https:\/\/www.eldiariodetucuman.com\/web\/nacion-tiene-que-empezar-a-considerar-mas-las-necesidades-de-la-gente-alerto-jaldo\/"},"wordCount":619,"publisher":{"@id":"https:\/\/www.eldiariodetucuman.com\/web\/#organization"},"image":{"@id":"https:\/\/www.eldiariodetucuman.com\/web\/nacion-tiene-que-empezar-a-considerar-mas-las-necesidades-de-la-gente-alerto-jaldo\/#primaryimage"},"thumbnailUrl":"https:\/\/www.eldiariodetucuman.com\/web\/wp-content\/uploads\/2025\/09\/Nacion-tiene-que-empezar-a-considerar-mas-las-necesidades-de.jpg","articleSection":["Politica"],"inLanguage":"es"},{"@type":"WebPage","@id":"https:\/\/www.eldiariodetucuman.com\/web\/nacion-tiene-que-empezar-a-considerar-mas-las-necesidades-de-la-gente-alerto-jaldo\/","url":"https:\/\/www.eldiariodetucuman.com\/web\/nacion-tiene-que-empezar-a-considerar-mas-las-necesidades-de-la-gente-alerto-jaldo\/","name":"\"Naci\u00f3n tiene que empezar a considerar m\u00e1s las necesidades de la gente\", alert\u00f3 Jaldo - El Diario de Tucuman","isPartOf":{"@id":"https:\/\/www.eldiariodetucuman.com\/web\/#website"},"primaryImageOfPage":{"@id":"https:\/\/www.eldiariodetucuman.com\/web\/nacion-tiene-que-empezar-a-considerar-mas-las-necesidades-de-la-gente-alerto-jaldo\/#primaryimage"},"image":{"@id":"https:\/\/www.eldiariodetucuman.com\/web\/nacion-tiene-que-empezar-a-considerar-mas-las-necesidades-de-la-gente-alerto-jaldo\/#primaryimage"},"thumbnailUrl":"https:\/\/www.eldiariodetucuman.com\/web\/wp-content\/uploads\/2025\/09\/Nacion-tiene-que-empezar-a-considerar-mas-las-necesidades-de.jpg","datePublished":"2025-09-08T20:00:14+00:00","breadcrumb":{"@id":"https:\/\/www.eldiariodetucuman.com\/web\/nacion-tiene-que-empezar-a-considerar-mas-las-necesidades-de-la-gente-alerto-jaldo\/#breadcrumb"},"inLanguage":"es","potentialAction":[{"@type":"ReadAction","target":["https:\/\/www.eldiariodetucuman.com\/web\/nacion-tiene-que-empezar-a-considerar-mas-las-necesidades-de-la-gente-alerto-jaldo\/"]}]},{"@type":"ImageObject","inLanguage":"es","@id":"https:\/\/www.eldiariodetucuman.com\/web\/nacion-tiene-que-empezar-a-considerar-mas-las-necesidades-de-la-gente-alerto-jaldo\/#primaryimage","url":"https:\/\/www.eldiariodetucuman.com\/web\/wp-content\/uploads\/2025\/09\/Nacion-tiene-que-empezar-a-considerar-mas-las-necesidades-de.jpg","contentUrl":"https:\/\/www.eldiariodetucuman.com\/web\/wp-content\/uploads\/2025\/09\/Nacion-tiene-que-empezar-a-considerar-mas-las-necesidades-de.jpg","width":818,"height":460},{"@type":"BreadcrumbList","@id":"https:\/\/www.eldiariodetucuman.com\/web\/nacion-tiene-que-empezar-a-considerar-mas-las-necesidades-de-la-gente-alerto-jaldo\/#breadcrumb","itemListElement":[{"@type":"ListItem","position":1,"name":"Portada","item":"https:\/\/www.eldiariodetucuman.com\/web\/"},{"@type":"ListItem","position":2,"name":"\u00abNaci\u00f3n tiene que empezar a considerar m\u00e1s las necesidades de la gente\u00bb, alert\u00f3 Jaldo"}]},{"@type":"WebSite","@id":"https:\/\/www.eldiariodetucuman.com\/web\/#website","url":"https:\/\/www.eldiariodetucuman.com\/web\/","name":"El Diario de Tucuman","description":"Diario Tucuman - Informaci\u00f3n y noticias","publisher":{"@id":"https:\/\/www.eldiariodetucuman.com\/web\/#organization"},"potentialAction":[{"@type":"SearchAction","target":{"@type":"EntryPoint","urlTemplate":"https:\/\/www.eldiariodetucuman.com\/web\/?s={search_term_string}"},"query-input":{"@type":"PropertyValueSpecification","valueRequired":true,"valueName":"search_term_string"}}],"inLanguage":"es"},{"@type":"Organization","@id":"https:\/\/www.eldiariodetucuman.com\/web\/#organization","name":"El Diario de Tucuman","url":"https:\/\/www.eldiariodetucuman.com\/web\/","logo":{"@type":"ImageObject","inLanguage":"es","@id":"https:\/\/www.eldiariodetucuman.com\/web\/#\/schema\/logo\/image\/","url":"http:\/\/www.eldiariodetucuman.com\/web\/wp-content\/uploads\/2017\/12\/el-diario-de-tucuman.jpg","contentUrl":"http:\/\/www.eldiariodetucuman.com\/web\/wp-content\/uploads\/2017\/12\/el-diario-de-tucuman.jpg","width":272,"height":92,"caption":"El Diario de Tucuman"},"image":{"@id":"https:\/\/www.eldiariodetucuman.com\/web\/#\/schema\/logo\/image\/"}},{"@type":"Person","@id":"https:\/\/www.eldiariodetucuman.com\/web\/#\/schema\/person\/9250197d75ab5483412e19678b121caa","name":"admin","image":{"@type":"ImageObject","inLanguage":"es","@id":"https:\/\/secure.gravatar.com\/avatar\/c44d117c2be811212c22cb481f6b8384b6873de103fbc49e7a03cc58d7dea4ac?s=96&d=mm&r=g","url":"https:\/\/secure.gravatar.com\/avatar\/c44d117c2be811212c22cb481f6b8384b6873de103fbc49e7a03cc58d7dea4ac?s=96&d=mm&r=g","contentUrl":"https:\/\/secure.gravatar.com\/avatar\/c44d117c2be811212c22cb481f6b8384b6873de103fbc49e7a03cc58d7dea4ac?s=96&d=mm&r=g","caption":"admin"},"url":"https:\/\/www.eldiariodetucuman.com\/web\/author\/admin\/"}]}},"_links":{"self":[{"href":"https:\/\/www.eldiariodetucuman.com\/web\/wp-json\/wp\/v2\/posts\/45597","targetHints":{"allow":["GET"]}}],"collection":[{"href":"https:\/\/www.eldiariodetucuman.com\/web\/wp-json\/wp\/v2\/posts"}],"about":[{"href":"https:\/\/www.eldiariodetucuman.com\/web\/wp-json\/wp\/v2\/types\/post"}],"author":[{"embeddable":true,"href":"https:\/\/www.eldiariodetucuman.com\/web\/wp-json\/wp\/v2\/users\/1"}],"replies":[{"embeddable":true,"href":"https:\/\/www.eldiariodetucuman.com\/web\/wp-json\/wp\/v2\/comments?post=45597"}],"version-history":[{"count":0,"href":"https:\/\/www.eldiariodetucuman.com\/web\/wp-json\/wp\/v2\/posts\/45597\/revisions"}],"wp:featuredmedia":[{"embeddable":true,"href":"https:\/\/www.eldiariodetucuman.com\/web\/wp-json\/wp\/v2\/media\/45598"}],"wp:attachment":[{"href":"https:\/\/www.eldiariodetucuman.com\/web\/wp-json\/wp\/v2\/media?parent=45597"}],"wp:term":[{"taxonomy":"category","embeddable":true,"href":"https:\/\/www.eldiariodetucuman.com\/web\/wp-json\/wp\/v2\/categories?post=45597"},{"taxonomy":"post_tag","embeddable":true,"href":"https:\/\/www.eldiariodetucuman.com\/web\/wp-json\/wp\/v2\/tags?post=45597"}],"curies":[{"name":"wp","href":"https:\/\/api.w.org\/{rel}","templated":true}]}}