{"id":45595,"date":"2025-09-08T16:59:09","date_gmt":"2025-09-08T19:59:09","guid":{"rendered":"https:\/\/www.eldiariodetucuman.com\/web\/la-finalissima-en-incognita-a-causa-de-su-posible-sede\/"},"modified":"2025-09-08T16:59:09","modified_gmt":"2025-09-08T19:59:09","slug":"la-finalissima-en-incognita-a-causa-de-su-posible-sede","status":"publish","type":"post","link":"https:\/\/www.eldiariodetucuman.com\/web\/la-finalissima-en-incognita-a-causa-de-su-posible-sede\/","title":{"rendered":"La Finalissima en inc\u00f3gnita a causa de su posible sede"},"content":{"rendered":"<p>    <\/p>\n<p>En el caso de Lusail, le traer\u00e1 muchos recuerdos positivos al seleccionado de Lionel Scaloni, ya que all\u00ed se consagr\u00f3 Campe\u00f3n del Mundo en el 2022 tras una infartante definici\u00f3n ante Francia. Adem\u00e1s, tambi\u00e9n fue el escenario en el que la Albiceleste le gan\u00f3 a Pa\u00edses Bajos por penales en cuartos de final. Su capacidad es de 89 mil espectadores y es el m\u00e1s nuevo de los cuatro, ya que se inaugur\u00f3 el 11 de agosto de 2022.<\/p>\n<p>La obtenci\u00f3n de la Copa Am\u00e9rica 2024 ante Colombia con el \u00fanico gol de Lautaro Mart\u00ednez se dio en el Hard Rock Stadium, en lo que signific\u00f3 el cuarto t\u00edtulo de la era Scaloni para la celeste y blanca. Adem\u00e1s, Boca jug\u00f3 all\u00ed en el Mundial de Clubes con mayor\u00eda de hinchas xeneizes. Abierto en diciembre de 1987, cuenta con un aforo de 65.326 personas en total.<\/p>\n<p>Uruguay postul\u00f3 al Estadio Centenario para albergar el encuentro entre los campeones de la Copa Am\u00e9rica 2024 y la Eurocopa 2024. La idea es que sea el \u00faltimo partido que se juegue en la m\u00edtica cancha de la capital charr\u00faa antes de que empiecen las obras de renovaci\u00f3n con vistas al Mundial 2030. Su capacidad es de 60.235 y se inaugur\u00f3 el 18 de julio de 1930. Cabe aclarar que Argentina le gan\u00f3 a Uruguay por la fecha 13 de las Eliminatorias en marzo por 1-0.<\/p>\n<p>Wembley fue la sede de la anterior edici\u00f3n de la Finalissima, que enfrent\u00f3 al combinado argentino y a Italia, que gan\u00f3 la Eurocopa en 2021. Es uno de los estadios mas m\u00edticos del mundo f\u00fatbol con m\u00e1s de 100 a\u00f1os de historia. El actual est\u00e1 erigido sobre los cimientos del antiguo recinto, que se inaugur\u00f3 en 1923. El nuevo abri\u00f3 sus puertas a partir del a\u00f1o 2007 y cuenta con 90 mil asientos, lo que lo convierte en el m\u00e1s grande de Inglaterra.<\/p>\n<p>  <strong> FUENTE:<\/strong> TyC Sports<br \/>\n<br \/>Fuente: <a href=\"https:\/\/www.lv12.com.ar\/finalissima\/la-finalissima-incognita-causa-su-posible-sede-n185145\"> Fuente de la nota <\/a><\/p>\n","protected":false},"excerpt":{"rendered":"<p>En el caso de Lusail, le traer\u00e1 muchos recuerdos positivos al seleccionado de Lionel Scaloni, ya que all\u00ed se consagr\u00f3 Campe\u00f3n del Mundo en el 2022 tras una infartante definici\u00f3n ante Francia. Adem\u00e1s, tambi\u00e9n fue el escenario en el que la Albiceleste le gan\u00f3 a Pa\u00edses Bajos por penales en cuartos de final. Su capacidad [&hellip;]<\/p>\n","protected":false},"author":1,"featured_media":45596,"comment_status":"closed","ping_status":"open","sticky":false,"template":"","format":"standard","meta":{"footnotes":""},"categories":[6],"tags":[],"class_list":{"0":"post-45595","1":"post","2":"type-post","3":"status-publish","4":"format-standard","5":"has-post-thumbnail","7":"category-deporte"},"yoast_head":"<!-- This site is optimized with the Yoast SEO plugin v27.4 - https:\/\/yoast.com\/product\/yoast-seo-wordpress\/ -->\n<title>La Finalissima en inc\u00f3gnita a causa de su posible sede - El Diario de Tucuman<\/title>\n<meta name=\"robots\" content=\"index, follow, max-snippet:-1, max-image-preview:large, max-video-preview:-1\" \/>\n<link rel=\"canonical\" href=\"https:\/\/www.eldiariodetucuman.com\/web\/la-finalissima-en-incognita-a-causa-de-su-posible-sede\/\" \/>\n<meta property=\"og:locale\" content=\"es_ES\" \/>\n<meta property=\"og:type\" content=\"article\" \/>\n<meta property=\"og:title\" content=\"La Finalissima en inc\u00f3gnita a causa de su posible sede - El Diario de Tucuman\" \/>\n<meta property=\"og:description\" content=\"En el caso de Lusail, le traer\u00e1 muchos recuerdos positivos al seleccionado de Lionel Scaloni, ya que all\u00ed se consagr\u00f3 Campe\u00f3n del Mundo en el 2022 tras una infartante definici\u00f3n ante Francia. Adem\u00e1s, tambi\u00e9n fue el escenario en el que la Albiceleste le gan\u00f3 a Pa\u00edses Bajos por penales en cuartos de final. Su capacidad [&hellip;]\" \/>\n<meta property=\"og:url\" content=\"https:\/\/www.eldiariodetucuman.com\/web\/la-finalissima-en-incognita-a-causa-de-su-posible-sede\/\" \/>\n<meta property=\"og:site_name\" content=\"El Diario de Tucuman\" \/>\n<meta property=\"article:published_time\" content=\"2025-09-08T19:59:09+00:00\" \/>\n<meta name=\"author\" content=\"admin\" \/>\n<meta name=\"twitter:card\" content=\"summary_large_image\" \/>\n<meta name=\"twitter:label1\" content=\"Escrito por\" \/>\n\t<meta name=\"twitter:data1\" content=\"admin\" \/>\n\t<meta name=\"twitter:label2\" content=\"Tiempo de lectura\" \/>\n\t<meta name=\"twitter:data2\" content=\"2 minutos\" \/>\n<script type=\"application\/ld+json\" class=\"yoast-schema-graph\">{\"@context\":\"https:\\\/\\\/schema.org\",\"@graph\":[{\"@type\":\"Article\",\"@id\":\"https:\\\/\\\/www.eldiariodetucuman.com\\\/web\\\/la-finalissima-en-incognita-a-causa-de-su-posible-sede\\\/#article\",\"isPartOf\":{\"@id\":\"https:\\\/\\\/www.eldiariodetucuman.com\\\/web\\\/la-finalissima-en-incognita-a-causa-de-su-posible-sede\\\/\"},\"author\":{\"name\":\"admin\",\"@id\":\"https:\\\/\\\/www.eldiariodetucuman.com\\\/web\\\/#\\\/schema\\\/person\\\/9250197d75ab5483412e19678b121caa\"},\"headline\":\"La Finalissima en inc\u00f3gnita a causa de su posible sede\",\"datePublished\":\"2025-09-08T19:59:09+00:00\",\"mainEntityOfPage\":{\"@id\":\"https:\\\/\\\/www.eldiariodetucuman.com\\\/web\\\/la-finalissima-en-incognita-a-causa-de-su-posible-sede\\\/\"},\"wordCount\":337,\"publisher\":{\"@id\":\"https:\\\/\\\/www.eldiariodetucuman.com\\\/web\\\/#organization\"},\"image\":{\"@id\":\"https:\\\/\\\/www.eldiariodetucuman.com\\\/web\\\/la-finalissima-en-incognita-a-causa-de-su-posible-sede\\\/#primaryimage\"},\"thumbnailUrl\":\"https:\\\/\\\/www.eldiariodetucuman.com\\\/web\\\/wp-content\\\/uploads\\\/2025\\\/09\\\/La-Finalissima-en-incognita-a-causa-de-su-posible-sede.webp.png\",\"articleSection\":[\"Deporte\"],\"inLanguage\":\"es\"},{\"@type\":\"WebPage\",\"@id\":\"https:\\\/\\\/www.eldiariodetucuman.com\\\/web\\\/la-finalissima-en-incognita-a-causa-de-su-posible-sede\\\/\",\"url\":\"https:\\\/\\\/www.eldiariodetucuman.com\\\/web\\\/la-finalissima-en-incognita-a-causa-de-su-posible-sede\\\/\",\"name\":\"La Finalissima en inc\u00f3gnita a causa de su posible sede - El Diario de Tucuman\",\"isPartOf\":{\"@id\":\"https:\\\/\\\/www.eldiariodetucuman.com\\\/web\\\/#website\"},\"primaryImageOfPage\":{\"@id\":\"https:\\\/\\\/www.eldiariodetucuman.com\\\/web\\\/la-finalissima-en-incognita-a-causa-de-su-posible-sede\\\/#primaryimage\"},\"image\":{\"@id\":\"https:\\\/\\\/www.eldiariodetucuman.com\\\/web\\\/la-finalissima-en-incognita-a-causa-de-su-posible-sede\\\/#primaryimage\"},\"thumbnailUrl\":\"https:\\\/\\\/www.eldiariodetucuman.com\\\/web\\\/wp-content\\\/uploads\\\/2025\\\/09\\\/La-Finalissima-en-incognita-a-causa-de-su-posible-sede.webp.png\",\"datePublished\":\"2025-09-08T19:59:09+00:00\",\"breadcrumb\":{\"@id\":\"https:\\\/\\\/www.eldiariodetucuman.com\\\/web\\\/la-finalissima-en-incognita-a-causa-de-su-posible-sede\\\/#breadcrumb\"},\"inLanguage\":\"es\",\"potentialAction\":[{\"@type\":\"ReadAction\",\"target\":[\"https:\\\/\\\/www.eldiariodetucuman.com\\\/web\\\/la-finalissima-en-incognita-a-causa-de-su-posible-sede\\\/\"]}]},{\"@type\":\"ImageObject\",\"inLanguage\":\"es\",\"@id\":\"https:\\\/\\\/www.eldiariodetucuman.com\\\/web\\\/la-finalissima-en-incognita-a-causa-de-su-posible-sede\\\/#primaryimage\",\"url\":\"https:\\\/\\\/www.eldiariodetucuman.com\\\/web\\\/wp-content\\\/uploads\\\/2025\\\/09\\\/La-Finalissima-en-incognita-a-causa-de-su-posible-sede.webp.png\",\"contentUrl\":\"https:\\\/\\\/www.eldiariodetucuman.com\\\/web\\\/wp-content\\\/uploads\\\/2025\\\/09\\\/La-Finalissima-en-incognita-a-causa-de-su-posible-sede.webp.png\",\"width\":1200,\"height\":675},{\"@type\":\"BreadcrumbList\",\"@id\":\"https:\\\/\\\/www.eldiariodetucuman.com\\\/web\\\/la-finalissima-en-incognita-a-causa-de-su-posible-sede\\\/#breadcrumb\",\"itemListElement\":[{\"@type\":\"ListItem\",\"position\":1,\"name\":\"Portada\",\"item\":\"https:\\\/\\\/www.eldiariodetucuman.com\\\/web\\\/\"},{\"@type\":\"ListItem\",\"position\":2,\"name\":\"La Finalissima en inc\u00f3gnita a causa de su posible sede\"}]},{\"@type\":\"WebSite\",\"@id\":\"https:\\\/\\\/www.eldiariodetucuman.com\\\/web\\\/#website\",\"url\":\"https:\\\/\\\/www.eldiariodetucuman.com\\\/web\\\/\",\"name\":\"El Diario de Tucuman\",\"description\":\"Diario Tucuman - Informaci\u00f3n y noticias\",\"publisher\":{\"@id\":\"https:\\\/\\\/www.eldiariodetucuman.com\\\/web\\\/#organization\"},\"potentialAction\":[{\"@type\":\"SearchAction\",\"target\":{\"@type\":\"EntryPoint\",\"urlTemplate\":\"https:\\\/\\\/www.eldiariodetucuman.com\\\/web\\\/?s={search_term_string}\"},\"query-input\":{\"@type\":\"PropertyValueSpecification\",\"valueRequired\":true,\"valueName\":\"search_term_string\"}}],\"inLanguage\":\"es\"},{\"@type\":\"Organization\",\"@id\":\"https:\\\/\\\/www.eldiariodetucuman.com\\\/web\\\/#organization\",\"name\":\"El Diario de Tucuman\",\"url\":\"https:\\\/\\\/www.eldiariodetucuman.com\\\/web\\\/\",\"logo\":{\"@type\":\"ImageObject\",\"inLanguage\":\"es\",\"@id\":\"https:\\\/\\\/www.eldiariodetucuman.com\\\/web\\\/#\\\/schema\\\/logo\\\/image\\\/\",\"url\":\"http:\\\/\\\/www.eldiariodetucuman.com\\\/web\\\/wp-content\\\/uploads\\\/2017\\\/12\\\/el-diario-de-tucuman.jpg\",\"contentUrl\":\"http:\\\/\\\/www.eldiariodetucuman.com\\\/web\\\/wp-content\\\/uploads\\\/2017\\\/12\\\/el-diario-de-tucuman.jpg\",\"width\":272,\"height\":92,\"caption\":\"El Diario de Tucuman\"},\"image\":{\"@id\":\"https:\\\/\\\/www.eldiariodetucuman.com\\\/web\\\/#\\\/schema\\\/logo\\\/image\\\/\"}},{\"@type\":\"Person\",\"@id\":\"https:\\\/\\\/www.eldiariodetucuman.com\\\/web\\\/#\\\/schema\\\/person\\\/9250197d75ab5483412e19678b121caa\",\"name\":\"admin\",\"image\":{\"@type\":\"ImageObject\",\"inLanguage\":\"es\",\"@id\":\"https:\\\/\\\/secure.gravatar.com\\\/avatar\\\/c44d117c2be811212c22cb481f6b8384b6873de103fbc49e7a03cc58d7dea4ac?s=96&d=mm&r=g\",\"url\":\"https:\\\/\\\/secure.gravatar.com\\\/avatar\\\/c44d117c2be811212c22cb481f6b8384b6873de103fbc49e7a03cc58d7dea4ac?s=96&d=mm&r=g\",\"contentUrl\":\"https:\\\/\\\/secure.gravatar.com\\\/avatar\\\/c44d117c2be811212c22cb481f6b8384b6873de103fbc49e7a03cc58d7dea4ac?s=96&d=mm&r=g\",\"caption\":\"admin\"},\"url\":\"https:\\\/\\\/www.eldiariodetucuman.com\\\/web\\\/author\\\/admin\\\/\"}]}<\/script>\n<!-- \/ Yoast SEO plugin. -->","yoast_head_json":{"title":"La Finalissima en inc\u00f3gnita a causa de su posible sede - El Diario de Tucuman","robots":{"index":"index","follow":"follow","max-snippet":"max-snippet:-1","max-image-preview":"max-image-preview:large","max-video-preview":"max-video-preview:-1"},"canonical":"https:\/\/www.eldiariodetucuman.com\/web\/la-finalissima-en-incognita-a-causa-de-su-posible-sede\/","og_locale":"es_ES","og_type":"article","og_title":"La Finalissima en inc\u00f3gnita a causa de su posible sede - El Diario de Tucuman","og_description":"En el caso de Lusail, le traer\u00e1 muchos recuerdos positivos al seleccionado de Lionel Scaloni, ya que all\u00ed se consagr\u00f3 Campe\u00f3n del Mundo en el 2022 tras una infartante definici\u00f3n ante Francia. Adem\u00e1s, tambi\u00e9n fue el escenario en el que la Albiceleste le gan\u00f3 a Pa\u00edses Bajos por penales en cuartos de final. Su capacidad [&hellip;]","og_url":"https:\/\/www.eldiariodetucuman.com\/web\/la-finalissima-en-incognita-a-causa-de-su-posible-sede\/","og_site_name":"El Diario de Tucuman","article_published_time":"2025-09-08T19:59:09+00:00","author":"admin","twitter_card":"summary_large_image","twitter_misc":{"Escrito por":"admin","Tiempo de lectura":"2 minutos"},"schema":{"@context":"https:\/\/schema.org","@graph":[{"@type":"Article","@id":"https:\/\/www.eldiariodetucuman.com\/web\/la-finalissima-en-incognita-a-causa-de-su-posible-sede\/#article","isPartOf":{"@id":"https:\/\/www.eldiariodetucuman.com\/web\/la-finalissima-en-incognita-a-causa-de-su-posible-sede\/"},"author":{"name":"admin","@id":"https:\/\/www.eldiariodetucuman.com\/web\/#\/schema\/person\/9250197d75ab5483412e19678b121caa"},"headline":"La Finalissima en inc\u00f3gnita a causa de su posible sede","datePublished":"2025-09-08T19:59:09+00:00","mainEntityOfPage":{"@id":"https:\/\/www.eldiariodetucuman.com\/web\/la-finalissima-en-incognita-a-causa-de-su-posible-sede\/"},"wordCount":337,"publisher":{"@id":"https:\/\/www.eldiariodetucuman.com\/web\/#organization"},"image":{"@id":"https:\/\/www.eldiariodetucuman.com\/web\/la-finalissima-en-incognita-a-causa-de-su-posible-sede\/#primaryimage"},"thumbnailUrl":"https:\/\/www.eldiariodetucuman.com\/web\/wp-content\/uploads\/2025\/09\/La-Finalissima-en-incognita-a-causa-de-su-posible-sede.webp.png","articleSection":["Deporte"],"inLanguage":"es"},{"@type":"WebPage","@id":"https:\/\/www.eldiariodetucuman.com\/web\/la-finalissima-en-incognita-a-causa-de-su-posible-sede\/","url":"https:\/\/www.eldiariodetucuman.com\/web\/la-finalissima-en-incognita-a-causa-de-su-posible-sede\/","name":"La Finalissima en inc\u00f3gnita a causa de su posible sede - El Diario de Tucuman","isPartOf":{"@id":"https:\/\/www.eldiariodetucuman.com\/web\/#website"},"primaryImageOfPage":{"@id":"https:\/\/www.eldiariodetucuman.com\/web\/la-finalissima-en-incognita-a-causa-de-su-posible-sede\/#primaryimage"},"image":{"@id":"https:\/\/www.eldiariodetucuman.com\/web\/la-finalissima-en-incognita-a-causa-de-su-posible-sede\/#primaryimage"},"thumbnailUrl":"https:\/\/www.eldiariodetucuman.com\/web\/wp-content\/uploads\/2025\/09\/La-Finalissima-en-incognita-a-causa-de-su-posible-sede.webp.png","datePublished":"2025-09-08T19:59:09+00:00","breadcrumb":{"@id":"https:\/\/www.eldiariodetucuman.com\/web\/la-finalissima-en-incognita-a-causa-de-su-posible-sede\/#breadcrumb"},"inLanguage":"es","potentialAction":[{"@type":"ReadAction","target":["https:\/\/www.eldiariodetucuman.com\/web\/la-finalissima-en-incognita-a-causa-de-su-posible-sede\/"]}]},{"@type":"ImageObject","inLanguage":"es","@id":"https:\/\/www.eldiariodetucuman.com\/web\/la-finalissima-en-incognita-a-causa-de-su-posible-sede\/#primaryimage","url":"https:\/\/www.eldiariodetucuman.com\/web\/wp-content\/uploads\/2025\/09\/La-Finalissima-en-incognita-a-causa-de-su-posible-sede.webp.png","contentUrl":"https:\/\/www.eldiariodetucuman.com\/web\/wp-content\/uploads\/2025\/09\/La-Finalissima-en-incognita-a-causa-de-su-posible-sede.webp.png","width":1200,"height":675},{"@type":"BreadcrumbList","@id":"https:\/\/www.eldiariodetucuman.com\/web\/la-finalissima-en-incognita-a-causa-de-su-posible-sede\/#breadcrumb","itemListElement":[{"@type":"ListItem","position":1,"name":"Portada","item":"https:\/\/www.eldiariodetucuman.com\/web\/"},{"@type":"ListItem","position":2,"name":"La Finalissima en inc\u00f3gnita a causa de su posible sede"}]},{"@type":"WebSite","@id":"https:\/\/www.eldiariodetucuman.com\/web\/#website","url":"https:\/\/www.eldiariodetucuman.com\/web\/","name":"El Diario de Tucuman","description":"Diario Tucuman - Informaci\u00f3n y noticias","publisher":{"@id":"https:\/\/www.eldiariodetucuman.com\/web\/#organization"},"potentialAction":[{"@type":"SearchAction","target":{"@type":"EntryPoint","urlTemplate":"https:\/\/www.eldiariodetucuman.com\/web\/?s={search_term_string}"},"query-input":{"@type":"PropertyValueSpecification","valueRequired":true,"valueName":"search_term_string"}}],"inLanguage":"es"},{"@type":"Organization","@id":"https:\/\/www.eldiariodetucuman.com\/web\/#organization","name":"El Diario de Tucuman","url":"https:\/\/www.eldiariodetucuman.com\/web\/","logo":{"@type":"ImageObject","inLanguage":"es","@id":"https:\/\/www.eldiariodetucuman.com\/web\/#\/schema\/logo\/image\/","url":"http:\/\/www.eldiariodetucuman.com\/web\/wp-content\/uploads\/2017\/12\/el-diario-de-tucuman.jpg","contentUrl":"http:\/\/www.eldiariodetucuman.com\/web\/wp-content\/uploads\/2017\/12\/el-diario-de-tucuman.jpg","width":272,"height":92,"caption":"El Diario de Tucuman"},"image":{"@id":"https:\/\/www.eldiariodetucuman.com\/web\/#\/schema\/logo\/image\/"}},{"@type":"Person","@id":"https:\/\/www.eldiariodetucuman.com\/web\/#\/schema\/person\/9250197d75ab5483412e19678b121caa","name":"admin","image":{"@type":"ImageObject","inLanguage":"es","@id":"https:\/\/secure.gravatar.com\/avatar\/c44d117c2be811212c22cb481f6b8384b6873de103fbc49e7a03cc58d7dea4ac?s=96&d=mm&r=g","url":"https:\/\/secure.gravatar.com\/avatar\/c44d117c2be811212c22cb481f6b8384b6873de103fbc49e7a03cc58d7dea4ac?s=96&d=mm&r=g","contentUrl":"https:\/\/secure.gravatar.com\/avatar\/c44d117c2be811212c22cb481f6b8384b6873de103fbc49e7a03cc58d7dea4ac?s=96&d=mm&r=g","caption":"admin"},"url":"https:\/\/www.eldiariodetucuman.com\/web\/author\/admin\/"}]}},"_links":{"self":[{"href":"https:\/\/www.eldiariodetucuman.com\/web\/wp-json\/wp\/v2\/posts\/45595","targetHints":{"allow":["GET"]}}],"collection":[{"href":"https:\/\/www.eldiariodetucuman.com\/web\/wp-json\/wp\/v2\/posts"}],"about":[{"href":"https:\/\/www.eldiariodetucuman.com\/web\/wp-json\/wp\/v2\/types\/post"}],"author":[{"embeddable":true,"href":"https:\/\/www.eldiariodetucuman.com\/web\/wp-json\/wp\/v2\/users\/1"}],"replies":[{"embeddable":true,"href":"https:\/\/www.eldiariodetucuman.com\/web\/wp-json\/wp\/v2\/comments?post=45595"}],"version-history":[{"count":0,"href":"https:\/\/www.eldiariodetucuman.com\/web\/wp-json\/wp\/v2\/posts\/45595\/revisions"}],"wp:featuredmedia":[{"embeddable":true,"href":"https:\/\/www.eldiariodetucuman.com\/web\/wp-json\/wp\/v2\/media\/45596"}],"wp:attachment":[{"href":"https:\/\/www.eldiariodetucuman.com\/web\/wp-json\/wp\/v2\/media?parent=45595"}],"wp:term":[{"taxonomy":"category","embeddable":true,"href":"https:\/\/www.eldiariodetucuman.com\/web\/wp-json\/wp\/v2\/categories?post=45595"},{"taxonomy":"post_tag","embeddable":true,"href":"https:\/\/www.eldiariodetucuman.com\/web\/wp-json\/wp\/v2\/tags?post=45595"}],"curies":[{"name":"wp","href":"https:\/\/api.w.org\/{rel}","templated":true}]}}