{"id":45590,"date":"2025-09-07T22:27:28","date_gmt":"2025-09-08T01:27:28","guid":{"rendered":"https:\/\/www.eldiariodetucuman.com\/web\/un-economista-cercano-al-gobierno-de-javier-milei-critico-a-los-votantes-de-la-matanza\/"},"modified":"2025-09-07T22:27:30","modified_gmt":"2025-09-08T01:27:30","slug":"un-economista-cercano-al-gobierno-de-javier-milei-critico-a-los-votantes-de-la-matanza","status":"publish","type":"post","link":"https:\/\/www.eldiariodetucuman.com\/web\/un-economista-cercano-al-gobierno-de-javier-milei-critico-a-los-votantes-de-la-matanza\/","title":{"rendered":"Un economista cercano al gobierno de Javier Milei critic\u00f3 a los votantes de La Matanza"},"content":{"rendered":"<p><\/p>\n<p class=\"com-paragraph   --s\"><strong>\u201cNo hay caso. La gente de La Matanza ama cagar en un tacho y caminar en calles de barro\u201d<\/strong>, escribi\u00f3 en su cuenta de X el economista Miguel Boggiano, cercano al presidente Javier Milei y defensor de sus medidas. El mensaje fue publicado minutos antes de que se conocieran los primeros n\u00fameros del escrutinio de las elecciones de la provincia de Buenos Aires. <\/p>\n<p lang=\"es\" dir=\"ltr\">No hay caso. La gente de La Matanza ama cagar en un tacho y caminar en calles de barro.<\/p>\n<p>\u2014 Miguel A Boggiano del 55,6% (@Miguel_Boggiano) September 7, 2025<\/p>\n<p class=\"com-paragraph   --s\">Por otra parte, en las inmediaciones de San Jos\u00e9 1111, la casa en donde Cristina Kirchner cumple su condena, se realiza desde hace algunas horas una concentraci\u00f3n de manifestantes. En ese marco, la expresidenta sali\u00f3 a su balc\u00f3n a saludar a los convocados y el economista tambi\u00e9n, se refiri\u00f3 a eso en sus redes sociales: <strong>\u201cQue la imagen de Cristina celebrando ahora en el balc\u00f3n sea el motor para ir a votar y fiscalizar por LLA en octubre\u201d<\/strong>.<\/p>\n<p class=\"com-paragraph   --s\">En la misma l\u00ednea de buscar la motivaci\u00f3n de las filas libertarias de cara a las elecciones nacionales, Boggiano tambi\u00e9n anticip\u00f3 el mal resultado que recibir\u00eda La Libertad Avanza en las elecciones bonaerenses. As\u00ed, una hora antes de conocerse los primeros resultados, sostuvo que un <strong>\u201cmal resultado\u201d<\/strong> permitir\u00eda sembrar <strong>\u201cel miedo necesario para que todos vayan a votar y fiscalizar en octubre\u201d<\/strong>.<\/p>\n<p class=\"com-paragraph   --s\">Noticia en desarrollo<\/p>\n<p><a href=\"https:\/\/www.lanacion.com.ar\/politica\/el-economista-miguel-boggiano-cercano-a-javier-milei-critico-a-los-votantes-de-la-matanza-aman-cagar-nid07092025\/\">Fuente de la nota <\/a><\/p>\n","protected":false},"excerpt":{"rendered":"<p>\u201cNo hay caso. La gente de La Matanza ama cagar en un tacho y caminar en calles de barro\u201d, escribi\u00f3 en su cuenta de X el economista Miguel Boggiano, cercano al presidente Javier Milei y defensor de sus medidas. El mensaje fue publicado minutos antes de que se conocieran los primeros n\u00fameros del escrutinio de [&hellip;]<\/p>\n","protected":false},"author":5,"featured_media":45591,"comment_status":"closed","ping_status":"open","sticky":false,"template":"","format":"standard","meta":{"footnotes":""},"categories":[3],"tags":[],"class_list":{"0":"post-45590","1":"post","2":"type-post","3":"status-publish","4":"format-standard","5":"has-post-thumbnail","7":"category-politica"},"yoast_head":"<!-- This site is optimized with the Yoast SEO plugin v27.4 - https:\/\/yoast.com\/product\/yoast-seo-wordpress\/ -->\n<title>Un economista cercano al gobierno de Javier Milei critic\u00f3 a los votantes de La Matanza - El Diario de Tucuman<\/title>\n<meta name=\"robots\" content=\"index, follow, max-snippet:-1, max-image-preview:large, max-video-preview:-1\" \/>\n<link rel=\"canonical\" href=\"https:\/\/www.eldiariodetucuman.com\/web\/un-economista-cercano-al-gobierno-de-javier-milei-critico-a-los-votantes-de-la-matanza\/\" \/>\n<meta property=\"og:locale\" content=\"es_ES\" \/>\n<meta property=\"og:type\" content=\"article\" \/>\n<meta property=\"og:title\" content=\"Un economista cercano al gobierno de Javier Milei critic\u00f3 a los votantes de La Matanza - El Diario de Tucuman\" \/>\n<meta property=\"og:description\" content=\"\u201cNo hay caso. La gente de La Matanza ama cagar en un tacho y caminar en calles de barro\u201d, escribi\u00f3 en su cuenta de X el economista Miguel Boggiano, cercano al presidente Javier Milei y defensor de sus medidas. El mensaje fue publicado minutos antes de que se conocieran los primeros n\u00fameros del escrutinio de [&hellip;]\" \/>\n<meta property=\"og:url\" content=\"https:\/\/www.eldiariodetucuman.com\/web\/un-economista-cercano-al-gobierno-de-javier-milei-critico-a-los-votantes-de-la-matanza\/\" \/>\n<meta property=\"og:site_name\" content=\"El Diario de Tucuman\" \/>\n<meta property=\"article:published_time\" content=\"2025-09-08T01:27:28+00:00\" \/>\n<meta property=\"article:modified_time\" content=\"2025-09-08T01:27:30+00:00\" \/>\n<meta property=\"og:image\" content=\"https:\/\/www.eldiariodetucuman.com\/web\/wp-content\/uploads\/2025\/09\/javier-milei-junto-a-miguel-FSTAU55L4VGO5FCUT5KXKIP6H4.jpg\" \/>\n\t<meta property=\"og:image:width\" content=\"1200\" \/>\n\t<meta property=\"og:image:height\" content=\"800\" \/>\n\t<meta property=\"og:image:type\" content=\"image\/jpeg\" \/>\n<meta name=\"author\" content=\"Redactor Uno\" \/>\n<meta name=\"twitter:card\" content=\"summary_large_image\" \/>\n<meta name=\"twitter:label1\" content=\"Escrito por\" \/>\n\t<meta name=\"twitter:data1\" content=\"Redactor Uno\" \/>\n\t<meta name=\"twitter:label2\" content=\"Tiempo de lectura\" \/>\n\t<meta name=\"twitter:data2\" content=\"1 minuto\" \/>\n<script type=\"application\/ld+json\" class=\"yoast-schema-graph\">{\"@context\":\"https:\\\/\\\/schema.org\",\"@graph\":[{\"@type\":\"Article\",\"@id\":\"https:\\\/\\\/www.eldiariodetucuman.com\\\/web\\\/un-economista-cercano-al-gobierno-de-javier-milei-critico-a-los-votantes-de-la-matanza\\\/#article\",\"isPartOf\":{\"@id\":\"https:\\\/\\\/www.eldiariodetucuman.com\\\/web\\\/un-economista-cercano-al-gobierno-de-javier-milei-critico-a-los-votantes-de-la-matanza\\\/\"},\"author\":{\"name\":\"Redactor Uno\",\"@id\":\"https:\\\/\\\/www.eldiariodetucuman.com\\\/web\\\/#\\\/schema\\\/person\\\/7e6644a46e60888f6b868594407e08dd\"},\"headline\":\"Un economista cercano al gobierno de Javier Milei critic\u00f3 a los votantes de La Matanza\",\"datePublished\":\"2025-09-08T01:27:28+00:00\",\"dateModified\":\"2025-09-08T01:27:30+00:00\",\"mainEntityOfPage\":{\"@id\":\"https:\\\/\\\/www.eldiariodetucuman.com\\\/web\\\/un-economista-cercano-al-gobierno-de-javier-milei-critico-a-los-votantes-de-la-matanza\\\/\"},\"wordCount\":260,\"publisher\":{\"@id\":\"https:\\\/\\\/www.eldiariodetucuman.com\\\/web\\\/#organization\"},\"image\":{\"@id\":\"https:\\\/\\\/www.eldiariodetucuman.com\\\/web\\\/un-economista-cercano-al-gobierno-de-javier-milei-critico-a-los-votantes-de-la-matanza\\\/#primaryimage\"},\"thumbnailUrl\":\"https:\\\/\\\/www.eldiariodetucuman.com\\\/web\\\/wp-content\\\/uploads\\\/2025\\\/09\\\/javier-milei-junto-a-miguel-FSTAU55L4VGO5FCUT5KXKIP6H4.jpg\",\"articleSection\":[\"Politica\"],\"inLanguage\":\"es\"},{\"@type\":\"WebPage\",\"@id\":\"https:\\\/\\\/www.eldiariodetucuman.com\\\/web\\\/un-economista-cercano-al-gobierno-de-javier-milei-critico-a-los-votantes-de-la-matanza\\\/\",\"url\":\"https:\\\/\\\/www.eldiariodetucuman.com\\\/web\\\/un-economista-cercano-al-gobierno-de-javier-milei-critico-a-los-votantes-de-la-matanza\\\/\",\"name\":\"Un economista cercano al gobierno de Javier Milei critic\u00f3 a los votantes de La Matanza - El Diario de Tucuman\",\"isPartOf\":{\"@id\":\"https:\\\/\\\/www.eldiariodetucuman.com\\\/web\\\/#website\"},\"primaryImageOfPage\":{\"@id\":\"https:\\\/\\\/www.eldiariodetucuman.com\\\/web\\\/un-economista-cercano-al-gobierno-de-javier-milei-critico-a-los-votantes-de-la-matanza\\\/#primaryimage\"},\"image\":{\"@id\":\"https:\\\/\\\/www.eldiariodetucuman.com\\\/web\\\/un-economista-cercano-al-gobierno-de-javier-milei-critico-a-los-votantes-de-la-matanza\\\/#primaryimage\"},\"thumbnailUrl\":\"https:\\\/\\\/www.eldiariodetucuman.com\\\/web\\\/wp-content\\\/uploads\\\/2025\\\/09\\\/javier-milei-junto-a-miguel-FSTAU55L4VGO5FCUT5KXKIP6H4.jpg\",\"datePublished\":\"2025-09-08T01:27:28+00:00\",\"dateModified\":\"2025-09-08T01:27:30+00:00\",\"breadcrumb\":{\"@id\":\"https:\\\/\\\/www.eldiariodetucuman.com\\\/web\\\/un-economista-cercano-al-gobierno-de-javier-milei-critico-a-los-votantes-de-la-matanza\\\/#breadcrumb\"},\"inLanguage\":\"es\",\"potentialAction\":[{\"@type\":\"ReadAction\",\"target\":[\"https:\\\/\\\/www.eldiariodetucuman.com\\\/web\\\/un-economista-cercano-al-gobierno-de-javier-milei-critico-a-los-votantes-de-la-matanza\\\/\"]}]},{\"@type\":\"ImageObject\",\"inLanguage\":\"es\",\"@id\":\"https:\\\/\\\/www.eldiariodetucuman.com\\\/web\\\/un-economista-cercano-al-gobierno-de-javier-milei-critico-a-los-votantes-de-la-matanza\\\/#primaryimage\",\"url\":\"https:\\\/\\\/www.eldiariodetucuman.com\\\/web\\\/wp-content\\\/uploads\\\/2025\\\/09\\\/javier-milei-junto-a-miguel-FSTAU55L4VGO5FCUT5KXKIP6H4.jpg\",\"contentUrl\":\"https:\\\/\\\/www.eldiariodetucuman.com\\\/web\\\/wp-content\\\/uploads\\\/2025\\\/09\\\/javier-milei-junto-a-miguel-FSTAU55L4VGO5FCUT5KXKIP6H4.jpg\",\"width\":1200,\"height\":800},{\"@type\":\"BreadcrumbList\",\"@id\":\"https:\\\/\\\/www.eldiariodetucuman.com\\\/web\\\/un-economista-cercano-al-gobierno-de-javier-milei-critico-a-los-votantes-de-la-matanza\\\/#breadcrumb\",\"itemListElement\":[{\"@type\":\"ListItem\",\"position\":1,\"name\":\"Portada\",\"item\":\"https:\\\/\\\/www.eldiariodetucuman.com\\\/web\\\/\"},{\"@type\":\"ListItem\",\"position\":2,\"name\":\"Un economista cercano al gobierno de Javier Milei critic\u00f3 a los votantes de La Matanza\"}]},{\"@type\":\"WebSite\",\"@id\":\"https:\\\/\\\/www.eldiariodetucuman.com\\\/web\\\/#website\",\"url\":\"https:\\\/\\\/www.eldiariodetucuman.com\\\/web\\\/\",\"name\":\"El Diario de Tucuman\",\"description\":\"Diario Tucuman - Informaci\u00f3n y noticias\",\"publisher\":{\"@id\":\"https:\\\/\\\/www.eldiariodetucuman.com\\\/web\\\/#organization\"},\"potentialAction\":[{\"@type\":\"SearchAction\",\"target\":{\"@type\":\"EntryPoint\",\"urlTemplate\":\"https:\\\/\\\/www.eldiariodetucuman.com\\\/web\\\/?s={search_term_string}\"},\"query-input\":{\"@type\":\"PropertyValueSpecification\",\"valueRequired\":true,\"valueName\":\"search_term_string\"}}],\"inLanguage\":\"es\"},{\"@type\":\"Organization\",\"@id\":\"https:\\\/\\\/www.eldiariodetucuman.com\\\/web\\\/#organization\",\"name\":\"El Diario de Tucuman\",\"url\":\"https:\\\/\\\/www.eldiariodetucuman.com\\\/web\\\/\",\"logo\":{\"@type\":\"ImageObject\",\"inLanguage\":\"es\",\"@id\":\"https:\\\/\\\/www.eldiariodetucuman.com\\\/web\\\/#\\\/schema\\\/logo\\\/image\\\/\",\"url\":\"http:\\\/\\\/www.eldiariodetucuman.com\\\/web\\\/wp-content\\\/uploads\\\/2017\\\/12\\\/el-diario-de-tucuman.jpg\",\"contentUrl\":\"http:\\\/\\\/www.eldiariodetucuman.com\\\/web\\\/wp-content\\\/uploads\\\/2017\\\/12\\\/el-diario-de-tucuman.jpg\",\"width\":272,\"height\":92,\"caption\":\"El Diario de Tucuman\"},\"image\":{\"@id\":\"https:\\\/\\\/www.eldiariodetucuman.com\\\/web\\\/#\\\/schema\\\/logo\\\/image\\\/\"}},{\"@type\":\"Person\",\"@id\":\"https:\\\/\\\/www.eldiariodetucuman.com\\\/web\\\/#\\\/schema\\\/person\\\/7e6644a46e60888f6b868594407e08dd\",\"name\":\"Redactor Uno\",\"image\":{\"@type\":\"ImageObject\",\"inLanguage\":\"es\",\"@id\":\"https:\\\/\\\/secure.gravatar.com\\\/avatar\\\/0049b1bdf1bd548385c9ea6b9356431717930913089febd2ba904f0187d7d074?s=96&d=mm&r=g\",\"url\":\"https:\\\/\\\/secure.gravatar.com\\\/avatar\\\/0049b1bdf1bd548385c9ea6b9356431717930913089febd2ba904f0187d7d074?s=96&d=mm&r=g\",\"contentUrl\":\"https:\\\/\\\/secure.gravatar.com\\\/avatar\\\/0049b1bdf1bd548385c9ea6b9356431717930913089febd2ba904f0187d7d074?s=96&d=mm&r=g\",\"caption\":\"Redactor Uno\"},\"url\":\"https:\\\/\\\/www.eldiariodetucuman.com\\\/web\\\/author\\\/mramasco\\\/\"}]}<\/script>\n<!-- \/ Yoast SEO plugin. -->","yoast_head_json":{"title":"Un economista cercano al gobierno de Javier Milei critic\u00f3 a los votantes de La Matanza - El Diario de Tucuman","robots":{"index":"index","follow":"follow","max-snippet":"max-snippet:-1","max-image-preview":"max-image-preview:large","max-video-preview":"max-video-preview:-1"},"canonical":"https:\/\/www.eldiariodetucuman.com\/web\/un-economista-cercano-al-gobierno-de-javier-milei-critico-a-los-votantes-de-la-matanza\/","og_locale":"es_ES","og_type":"article","og_title":"Un economista cercano al gobierno de Javier Milei critic\u00f3 a los votantes de La Matanza - El Diario de Tucuman","og_description":"\u201cNo hay caso. La gente de La Matanza ama cagar en un tacho y caminar en calles de barro\u201d, escribi\u00f3 en su cuenta de X el economista Miguel Boggiano, cercano al presidente Javier Milei y defensor de sus medidas. El mensaje fue publicado minutos antes de que se conocieran los primeros n\u00fameros del escrutinio de [&hellip;]","og_url":"https:\/\/www.eldiariodetucuman.com\/web\/un-economista-cercano-al-gobierno-de-javier-milei-critico-a-los-votantes-de-la-matanza\/","og_site_name":"El Diario de Tucuman","article_published_time":"2025-09-08T01:27:28+00:00","article_modified_time":"2025-09-08T01:27:30+00:00","og_image":[{"width":1200,"height":800,"url":"https:\/\/www.eldiariodetucuman.com\/web\/wp-content\/uploads\/2025\/09\/javier-milei-junto-a-miguel-FSTAU55L4VGO5FCUT5KXKIP6H4.jpg","type":"image\/jpeg"}],"author":"Redactor Uno","twitter_card":"summary_large_image","twitter_misc":{"Escrito por":"Redactor Uno","Tiempo de lectura":"1 minuto"},"schema":{"@context":"https:\/\/schema.org","@graph":[{"@type":"Article","@id":"https:\/\/www.eldiariodetucuman.com\/web\/un-economista-cercano-al-gobierno-de-javier-milei-critico-a-los-votantes-de-la-matanza\/#article","isPartOf":{"@id":"https:\/\/www.eldiariodetucuman.com\/web\/un-economista-cercano-al-gobierno-de-javier-milei-critico-a-los-votantes-de-la-matanza\/"},"author":{"name":"Redactor Uno","@id":"https:\/\/www.eldiariodetucuman.com\/web\/#\/schema\/person\/7e6644a46e60888f6b868594407e08dd"},"headline":"Un economista cercano al gobierno de Javier Milei critic\u00f3 a los votantes de La Matanza","datePublished":"2025-09-08T01:27:28+00:00","dateModified":"2025-09-08T01:27:30+00:00","mainEntityOfPage":{"@id":"https:\/\/www.eldiariodetucuman.com\/web\/un-economista-cercano-al-gobierno-de-javier-milei-critico-a-los-votantes-de-la-matanza\/"},"wordCount":260,"publisher":{"@id":"https:\/\/www.eldiariodetucuman.com\/web\/#organization"},"image":{"@id":"https:\/\/www.eldiariodetucuman.com\/web\/un-economista-cercano-al-gobierno-de-javier-milei-critico-a-los-votantes-de-la-matanza\/#primaryimage"},"thumbnailUrl":"https:\/\/www.eldiariodetucuman.com\/web\/wp-content\/uploads\/2025\/09\/javier-milei-junto-a-miguel-FSTAU55L4VGO5FCUT5KXKIP6H4.jpg","articleSection":["Politica"],"inLanguage":"es"},{"@type":"WebPage","@id":"https:\/\/www.eldiariodetucuman.com\/web\/un-economista-cercano-al-gobierno-de-javier-milei-critico-a-los-votantes-de-la-matanza\/","url":"https:\/\/www.eldiariodetucuman.com\/web\/un-economista-cercano-al-gobierno-de-javier-milei-critico-a-los-votantes-de-la-matanza\/","name":"Un economista cercano al gobierno de Javier Milei critic\u00f3 a los votantes de La Matanza - El Diario de Tucuman","isPartOf":{"@id":"https:\/\/www.eldiariodetucuman.com\/web\/#website"},"primaryImageOfPage":{"@id":"https:\/\/www.eldiariodetucuman.com\/web\/un-economista-cercano-al-gobierno-de-javier-milei-critico-a-los-votantes-de-la-matanza\/#primaryimage"},"image":{"@id":"https:\/\/www.eldiariodetucuman.com\/web\/un-economista-cercano-al-gobierno-de-javier-milei-critico-a-los-votantes-de-la-matanza\/#primaryimage"},"thumbnailUrl":"https:\/\/www.eldiariodetucuman.com\/web\/wp-content\/uploads\/2025\/09\/javier-milei-junto-a-miguel-FSTAU55L4VGO5FCUT5KXKIP6H4.jpg","datePublished":"2025-09-08T01:27:28+00:00","dateModified":"2025-09-08T01:27:30+00:00","breadcrumb":{"@id":"https:\/\/www.eldiariodetucuman.com\/web\/un-economista-cercano-al-gobierno-de-javier-milei-critico-a-los-votantes-de-la-matanza\/#breadcrumb"},"inLanguage":"es","potentialAction":[{"@type":"ReadAction","target":["https:\/\/www.eldiariodetucuman.com\/web\/un-economista-cercano-al-gobierno-de-javier-milei-critico-a-los-votantes-de-la-matanza\/"]}]},{"@type":"ImageObject","inLanguage":"es","@id":"https:\/\/www.eldiariodetucuman.com\/web\/un-economista-cercano-al-gobierno-de-javier-milei-critico-a-los-votantes-de-la-matanza\/#primaryimage","url":"https:\/\/www.eldiariodetucuman.com\/web\/wp-content\/uploads\/2025\/09\/javier-milei-junto-a-miguel-FSTAU55L4VGO5FCUT5KXKIP6H4.jpg","contentUrl":"https:\/\/www.eldiariodetucuman.com\/web\/wp-content\/uploads\/2025\/09\/javier-milei-junto-a-miguel-FSTAU55L4VGO5FCUT5KXKIP6H4.jpg","width":1200,"height":800},{"@type":"BreadcrumbList","@id":"https:\/\/www.eldiariodetucuman.com\/web\/un-economista-cercano-al-gobierno-de-javier-milei-critico-a-los-votantes-de-la-matanza\/#breadcrumb","itemListElement":[{"@type":"ListItem","position":1,"name":"Portada","item":"https:\/\/www.eldiariodetucuman.com\/web\/"},{"@type":"ListItem","position":2,"name":"Un economista cercano al gobierno de Javier Milei critic\u00f3 a los votantes de La Matanza"}]},{"@type":"WebSite","@id":"https:\/\/www.eldiariodetucuman.com\/web\/#website","url":"https:\/\/www.eldiariodetucuman.com\/web\/","name":"El Diario de Tucuman","description":"Diario Tucuman - Informaci\u00f3n y noticias","publisher":{"@id":"https:\/\/www.eldiariodetucuman.com\/web\/#organization"},"potentialAction":[{"@type":"SearchAction","target":{"@type":"EntryPoint","urlTemplate":"https:\/\/www.eldiariodetucuman.com\/web\/?s={search_term_string}"},"query-input":{"@type":"PropertyValueSpecification","valueRequired":true,"valueName":"search_term_string"}}],"inLanguage":"es"},{"@type":"Organization","@id":"https:\/\/www.eldiariodetucuman.com\/web\/#organization","name":"El Diario de Tucuman","url":"https:\/\/www.eldiariodetucuman.com\/web\/","logo":{"@type":"ImageObject","inLanguage":"es","@id":"https:\/\/www.eldiariodetucuman.com\/web\/#\/schema\/logo\/image\/","url":"http:\/\/www.eldiariodetucuman.com\/web\/wp-content\/uploads\/2017\/12\/el-diario-de-tucuman.jpg","contentUrl":"http:\/\/www.eldiariodetucuman.com\/web\/wp-content\/uploads\/2017\/12\/el-diario-de-tucuman.jpg","width":272,"height":92,"caption":"El Diario de Tucuman"},"image":{"@id":"https:\/\/www.eldiariodetucuman.com\/web\/#\/schema\/logo\/image\/"}},{"@type":"Person","@id":"https:\/\/www.eldiariodetucuman.com\/web\/#\/schema\/person\/7e6644a46e60888f6b868594407e08dd","name":"Redactor Uno","image":{"@type":"ImageObject","inLanguage":"es","@id":"https:\/\/secure.gravatar.com\/avatar\/0049b1bdf1bd548385c9ea6b9356431717930913089febd2ba904f0187d7d074?s=96&d=mm&r=g","url":"https:\/\/secure.gravatar.com\/avatar\/0049b1bdf1bd548385c9ea6b9356431717930913089febd2ba904f0187d7d074?s=96&d=mm&r=g","contentUrl":"https:\/\/secure.gravatar.com\/avatar\/0049b1bdf1bd548385c9ea6b9356431717930913089febd2ba904f0187d7d074?s=96&d=mm&r=g","caption":"Redactor Uno"},"url":"https:\/\/www.eldiariodetucuman.com\/web\/author\/mramasco\/"}]}},"_links":{"self":[{"href":"https:\/\/www.eldiariodetucuman.com\/web\/wp-json\/wp\/v2\/posts\/45590","targetHints":{"allow":["GET"]}}],"collection":[{"href":"https:\/\/www.eldiariodetucuman.com\/web\/wp-json\/wp\/v2\/posts"}],"about":[{"href":"https:\/\/www.eldiariodetucuman.com\/web\/wp-json\/wp\/v2\/types\/post"}],"author":[{"embeddable":true,"href":"https:\/\/www.eldiariodetucuman.com\/web\/wp-json\/wp\/v2\/users\/5"}],"replies":[{"embeddable":true,"href":"https:\/\/www.eldiariodetucuman.com\/web\/wp-json\/wp\/v2\/comments?post=45590"}],"version-history":[{"count":1,"href":"https:\/\/www.eldiariodetucuman.com\/web\/wp-json\/wp\/v2\/posts\/45590\/revisions"}],"predecessor-version":[{"id":45592,"href":"https:\/\/www.eldiariodetucuman.com\/web\/wp-json\/wp\/v2\/posts\/45590\/revisions\/45592"}],"wp:featuredmedia":[{"embeddable":true,"href":"https:\/\/www.eldiariodetucuman.com\/web\/wp-json\/wp\/v2\/media\/45591"}],"wp:attachment":[{"href":"https:\/\/www.eldiariodetucuman.com\/web\/wp-json\/wp\/v2\/media?parent=45590"}],"wp:term":[{"taxonomy":"category","embeddable":true,"href":"https:\/\/www.eldiariodetucuman.com\/web\/wp-json\/wp\/v2\/categories?post=45590"},{"taxonomy":"post_tag","embeddable":true,"href":"https:\/\/www.eldiariodetucuman.com\/web\/wp-json\/wp\/v2\/tags?post=45590"}],"curies":[{"name":"wp","href":"https:\/\/api.w.org\/{rel}","templated":true}]}}