{"id":45588,"date":"2025-09-07T16:56:16","date_gmt":"2025-09-07T19:56:16","guid":{"rendered":"https:\/\/www.eldiariodetucuman.com\/web\/fue-aburrida-y-no-tuvimos-ritmo\/"},"modified":"2025-09-07T16:56:16","modified_gmt":"2025-09-07T19:56:16","slug":"fue-aburrida-y-no-tuvimos-ritmo","status":"publish","type":"post","link":"https:\/\/www.eldiariodetucuman.com\/web\/fue-aburrida-y-no-tuvimos-ritmo\/","title":{"rendered":"Fue aburrida y no tuvimos ritmo"},"content":{"rendered":"<p>    <\/p>\n<p class=\"\"><strong>\u201cFue muy larga, no ten\u00edamos ritmo, estaba muy solo en la carrera que fue bastante aburrida y no pudimos hacer nada. Tengo un poco de bronca, hay que mejorar para la pr\u00f3xima\u201d<\/strong>, fueron las palabras del piloto argentino apenas terminada su participaci\u00f3n.<\/p>\n<p>image   <\/p>\n<p> Franco Colapinto termin\u00f3 en el puesto n\u00famero 17 en Monza. Foto Reuters<\/p>\n<p class=\"\"><strong> Colapinto sigue sin sumar puntos esta temporada<\/strong> en la m\u00e1xima categor\u00eda del automovilismo, aunque poco a poco se va viendo que est\u00e1 m\u00e1s afianzado y con mejores resultados. Sin embargo, el auto no es lo suficientemente consistente y demuestra que es el peor de la grilla.<\/p>\n<h2 class=\"\">El problema f\u00edsico que sufri\u00f3 Franco Colapinto durante el Gran Premio de Monza<\/h2>\n<p class=\"\"><strong>Franco Colapinto <\/strong>sufri\u00f3 un <strong>problema f\u00edsico<\/strong> que lo perjudic\u00f3 en el <strong>Gran Premio de Monza<\/strong>, que pese a sus buenos tiempos, lo mantuvo en los \u00faltimos lugares de la carrera. El piloto argentino <strong>sinti\u00f3 calambres durante la competencia<\/strong> y tuvo que entrar a boxes.<\/p>\n<p class=\"\"><strong>\u201cNo puedo, me est\u00e1 dando un calambre<\/strong>\u201d, fue la frase del piloto de Alpine durante la carrera, lo que muestra el gran desaf\u00edo f\u00edsico al que est\u00e1n expuestos los corredores.<\/p>\n<p class=\"\">El argentino termin\u00f3 en el <strong>puesto n\u00famero 17 en un circuito en el que se sab\u00eda que iba ser dif\u00edcil conseguir puntos<\/strong>. De hecho, la carerra no tuvo emociones y se desarrollo casi sin problemas.<\/p>\n<p class=\"\">El gran ganador fue <strong>Max Verstappen<\/strong>, que hab\u00eda salido desde la pole, y pudo cculminar un fin de semana espectacular, en un circuito que le sienta muy bien. Lando Norris, termin\u00f3 segundo, mientras que Oscar Piastri acab\u00f3 en el tercer lugar.<\/p>\n<p>  <strong> FUENTE:<\/strong> TN<br \/>\n<br \/>Fuente: <a href=\"https:\/\/www.lv12.com.ar\/colapinto\/colapinto-la-carrera-monza-fue-aburrida-y-no-tuvimos-ritmo-n185066\"> Fuente de la nota <\/a><\/p>\n","protected":false},"excerpt":{"rendered":"<p>\u201cFue muy larga, no ten\u00edamos ritmo, estaba muy solo en la carrera que fue bastante aburrida y no pudimos hacer nada. Tengo un poco de bronca, hay que mejorar para la pr\u00f3xima\u201d, fueron las palabras del piloto argentino apenas terminada su participaci\u00f3n. image Franco Colapinto termin\u00f3 en el puesto n\u00famero 17 en Monza. Foto Reuters [&hellip;]<\/p>\n","protected":false},"author":1,"featured_media":45589,"comment_status":"closed","ping_status":"open","sticky":false,"template":"","format":"standard","meta":{"footnotes":""},"categories":[6],"tags":[],"class_list":{"0":"post-45588","1":"post","2":"type-post","3":"status-publish","4":"format-standard","5":"has-post-thumbnail","7":"category-deporte"},"yoast_head":"<!-- This site is optimized with the Yoast SEO plugin v27.4 - https:\/\/yoast.com\/product\/yoast-seo-wordpress\/ -->\n<title>Fue aburrida y no tuvimos ritmo - El Diario de Tucuman<\/title>\n<meta name=\"robots\" content=\"index, follow, max-snippet:-1, max-image-preview:large, max-video-preview:-1\" \/>\n<link rel=\"canonical\" href=\"https:\/\/www.eldiariodetucuman.com\/web\/fue-aburrida-y-no-tuvimos-ritmo\/\" \/>\n<meta property=\"og:locale\" content=\"es_ES\" \/>\n<meta property=\"og:type\" content=\"article\" \/>\n<meta property=\"og:title\" content=\"Fue aburrida y no tuvimos ritmo - El Diario de Tucuman\" \/>\n<meta property=\"og:description\" content=\"\u201cFue muy larga, no ten\u00edamos ritmo, estaba muy solo en la carrera que fue bastante aburrida y no pudimos hacer nada. Tengo un poco de bronca, hay que mejorar para la pr\u00f3xima\u201d, fueron las palabras del piloto argentino apenas terminada su participaci\u00f3n. image Franco Colapinto termin\u00f3 en el puesto n\u00famero 17 en Monza. Foto Reuters [&hellip;]\" \/>\n<meta property=\"og:url\" content=\"https:\/\/www.eldiariodetucuman.com\/web\/fue-aburrida-y-no-tuvimos-ritmo\/\" \/>\n<meta property=\"og:site_name\" content=\"El Diario de Tucuman\" \/>\n<meta property=\"article:published_time\" content=\"2025-09-07T19:56:16+00:00\" \/>\n<meta name=\"author\" content=\"admin\" \/>\n<meta name=\"twitter:card\" content=\"summary_large_image\" \/>\n<meta name=\"twitter:label1\" content=\"Escrito por\" \/>\n\t<meta name=\"twitter:data1\" content=\"admin\" \/>\n\t<meta name=\"twitter:label2\" content=\"Tiempo de lectura\" \/>\n\t<meta name=\"twitter:data2\" content=\"1 minuto\" \/>\n<script type=\"application\/ld+json\" class=\"yoast-schema-graph\">{\"@context\":\"https:\\\/\\\/schema.org\",\"@graph\":[{\"@type\":\"Article\",\"@id\":\"https:\\\/\\\/www.eldiariodetucuman.com\\\/web\\\/fue-aburrida-y-no-tuvimos-ritmo\\\/#article\",\"isPartOf\":{\"@id\":\"https:\\\/\\\/www.eldiariodetucuman.com\\\/web\\\/fue-aburrida-y-no-tuvimos-ritmo\\\/\"},\"author\":{\"name\":\"admin\",\"@id\":\"https:\\\/\\\/www.eldiariodetucuman.com\\\/web\\\/#\\\/schema\\\/person\\\/9250197d75ab5483412e19678b121caa\"},\"headline\":\"Fue aburrida y no tuvimos ritmo\",\"datePublished\":\"2025-09-07T19:56:16+00:00\",\"mainEntityOfPage\":{\"@id\":\"https:\\\/\\\/www.eldiariodetucuman.com\\\/web\\\/fue-aburrida-y-no-tuvimos-ritmo\\\/\"},\"wordCount\":291,\"publisher\":{\"@id\":\"https:\\\/\\\/www.eldiariodetucuman.com\\\/web\\\/#organization\"},\"image\":{\"@id\":\"https:\\\/\\\/www.eldiariodetucuman.com\\\/web\\\/fue-aburrida-y-no-tuvimos-ritmo\\\/#primaryimage\"},\"thumbnailUrl\":\"https:\\\/\\\/www.eldiariodetucuman.com\\\/web\\\/wp-content\\\/uploads\\\/2025\\\/09\\\/Fue-aburrida-y-no-tuvimos-ritmo.png\",\"articleSection\":[\"Deporte\"],\"inLanguage\":\"es\"},{\"@type\":\"WebPage\",\"@id\":\"https:\\\/\\\/www.eldiariodetucuman.com\\\/web\\\/fue-aburrida-y-no-tuvimos-ritmo\\\/\",\"url\":\"https:\\\/\\\/www.eldiariodetucuman.com\\\/web\\\/fue-aburrida-y-no-tuvimos-ritmo\\\/\",\"name\":\"Fue aburrida y no tuvimos ritmo - El Diario de Tucuman\",\"isPartOf\":{\"@id\":\"https:\\\/\\\/www.eldiariodetucuman.com\\\/web\\\/#website\"},\"primaryImageOfPage\":{\"@id\":\"https:\\\/\\\/www.eldiariodetucuman.com\\\/web\\\/fue-aburrida-y-no-tuvimos-ritmo\\\/#primaryimage\"},\"image\":{\"@id\":\"https:\\\/\\\/www.eldiariodetucuman.com\\\/web\\\/fue-aburrida-y-no-tuvimos-ritmo\\\/#primaryimage\"},\"thumbnailUrl\":\"https:\\\/\\\/www.eldiariodetucuman.com\\\/web\\\/wp-content\\\/uploads\\\/2025\\\/09\\\/Fue-aburrida-y-no-tuvimos-ritmo.png\",\"datePublished\":\"2025-09-07T19:56:16+00:00\",\"breadcrumb\":{\"@id\":\"https:\\\/\\\/www.eldiariodetucuman.com\\\/web\\\/fue-aburrida-y-no-tuvimos-ritmo\\\/#breadcrumb\"},\"inLanguage\":\"es\",\"potentialAction\":[{\"@type\":\"ReadAction\",\"target\":[\"https:\\\/\\\/www.eldiariodetucuman.com\\\/web\\\/fue-aburrida-y-no-tuvimos-ritmo\\\/\"]}]},{\"@type\":\"ImageObject\",\"inLanguage\":\"es\",\"@id\":\"https:\\\/\\\/www.eldiariodetucuman.com\\\/web\\\/fue-aburrida-y-no-tuvimos-ritmo\\\/#primaryimage\",\"url\":\"https:\\\/\\\/www.eldiariodetucuman.com\\\/web\\\/wp-content\\\/uploads\\\/2025\\\/09\\\/Fue-aburrida-y-no-tuvimos-ritmo.png\",\"contentUrl\":\"https:\\\/\\\/www.eldiariodetucuman.com\\\/web\\\/wp-content\\\/uploads\\\/2025\\\/09\\\/Fue-aburrida-y-no-tuvimos-ritmo.png\",\"width\":1200,\"height\":675},{\"@type\":\"BreadcrumbList\",\"@id\":\"https:\\\/\\\/www.eldiariodetucuman.com\\\/web\\\/fue-aburrida-y-no-tuvimos-ritmo\\\/#breadcrumb\",\"itemListElement\":[{\"@type\":\"ListItem\",\"position\":1,\"name\":\"Portada\",\"item\":\"https:\\\/\\\/www.eldiariodetucuman.com\\\/web\\\/\"},{\"@type\":\"ListItem\",\"position\":2,\"name\":\"Fue aburrida y no tuvimos ritmo\"}]},{\"@type\":\"WebSite\",\"@id\":\"https:\\\/\\\/www.eldiariodetucuman.com\\\/web\\\/#website\",\"url\":\"https:\\\/\\\/www.eldiariodetucuman.com\\\/web\\\/\",\"name\":\"El Diario de Tucuman\",\"description\":\"Diario Tucuman - Informaci\u00f3n y noticias\",\"publisher\":{\"@id\":\"https:\\\/\\\/www.eldiariodetucuman.com\\\/web\\\/#organization\"},\"potentialAction\":[{\"@type\":\"SearchAction\",\"target\":{\"@type\":\"EntryPoint\",\"urlTemplate\":\"https:\\\/\\\/www.eldiariodetucuman.com\\\/web\\\/?s={search_term_string}\"},\"query-input\":{\"@type\":\"PropertyValueSpecification\",\"valueRequired\":true,\"valueName\":\"search_term_string\"}}],\"inLanguage\":\"es\"},{\"@type\":\"Organization\",\"@id\":\"https:\\\/\\\/www.eldiariodetucuman.com\\\/web\\\/#organization\",\"name\":\"El Diario de Tucuman\",\"url\":\"https:\\\/\\\/www.eldiariodetucuman.com\\\/web\\\/\",\"logo\":{\"@type\":\"ImageObject\",\"inLanguage\":\"es\",\"@id\":\"https:\\\/\\\/www.eldiariodetucuman.com\\\/web\\\/#\\\/schema\\\/logo\\\/image\\\/\",\"url\":\"http:\\\/\\\/www.eldiariodetucuman.com\\\/web\\\/wp-content\\\/uploads\\\/2017\\\/12\\\/el-diario-de-tucuman.jpg\",\"contentUrl\":\"http:\\\/\\\/www.eldiariodetucuman.com\\\/web\\\/wp-content\\\/uploads\\\/2017\\\/12\\\/el-diario-de-tucuman.jpg\",\"width\":272,\"height\":92,\"caption\":\"El Diario de Tucuman\"},\"image\":{\"@id\":\"https:\\\/\\\/www.eldiariodetucuman.com\\\/web\\\/#\\\/schema\\\/logo\\\/image\\\/\"}},{\"@type\":\"Person\",\"@id\":\"https:\\\/\\\/www.eldiariodetucuman.com\\\/web\\\/#\\\/schema\\\/person\\\/9250197d75ab5483412e19678b121caa\",\"name\":\"admin\",\"image\":{\"@type\":\"ImageObject\",\"inLanguage\":\"es\",\"@id\":\"https:\\\/\\\/secure.gravatar.com\\\/avatar\\\/c44d117c2be811212c22cb481f6b8384b6873de103fbc49e7a03cc58d7dea4ac?s=96&d=mm&r=g\",\"url\":\"https:\\\/\\\/secure.gravatar.com\\\/avatar\\\/c44d117c2be811212c22cb481f6b8384b6873de103fbc49e7a03cc58d7dea4ac?s=96&d=mm&r=g\",\"contentUrl\":\"https:\\\/\\\/secure.gravatar.com\\\/avatar\\\/c44d117c2be811212c22cb481f6b8384b6873de103fbc49e7a03cc58d7dea4ac?s=96&d=mm&r=g\",\"caption\":\"admin\"},\"url\":\"https:\\\/\\\/www.eldiariodetucuman.com\\\/web\\\/author\\\/admin\\\/\"}]}<\/script>\n<!-- \/ Yoast SEO plugin. -->","yoast_head_json":{"title":"Fue aburrida y no tuvimos ritmo - El Diario de Tucuman","robots":{"index":"index","follow":"follow","max-snippet":"max-snippet:-1","max-image-preview":"max-image-preview:large","max-video-preview":"max-video-preview:-1"},"canonical":"https:\/\/www.eldiariodetucuman.com\/web\/fue-aburrida-y-no-tuvimos-ritmo\/","og_locale":"es_ES","og_type":"article","og_title":"Fue aburrida y no tuvimos ritmo - El Diario de Tucuman","og_description":"\u201cFue muy larga, no ten\u00edamos ritmo, estaba muy solo en la carrera que fue bastante aburrida y no pudimos hacer nada. Tengo un poco de bronca, hay que mejorar para la pr\u00f3xima\u201d, fueron las palabras del piloto argentino apenas terminada su participaci\u00f3n. image Franco Colapinto termin\u00f3 en el puesto n\u00famero 17 en Monza. Foto Reuters [&hellip;]","og_url":"https:\/\/www.eldiariodetucuman.com\/web\/fue-aburrida-y-no-tuvimos-ritmo\/","og_site_name":"El Diario de Tucuman","article_published_time":"2025-09-07T19:56:16+00:00","author":"admin","twitter_card":"summary_large_image","twitter_misc":{"Escrito por":"admin","Tiempo de lectura":"1 minuto"},"schema":{"@context":"https:\/\/schema.org","@graph":[{"@type":"Article","@id":"https:\/\/www.eldiariodetucuman.com\/web\/fue-aburrida-y-no-tuvimos-ritmo\/#article","isPartOf":{"@id":"https:\/\/www.eldiariodetucuman.com\/web\/fue-aburrida-y-no-tuvimos-ritmo\/"},"author":{"name":"admin","@id":"https:\/\/www.eldiariodetucuman.com\/web\/#\/schema\/person\/9250197d75ab5483412e19678b121caa"},"headline":"Fue aburrida y no tuvimos ritmo","datePublished":"2025-09-07T19:56:16+00:00","mainEntityOfPage":{"@id":"https:\/\/www.eldiariodetucuman.com\/web\/fue-aburrida-y-no-tuvimos-ritmo\/"},"wordCount":291,"publisher":{"@id":"https:\/\/www.eldiariodetucuman.com\/web\/#organization"},"image":{"@id":"https:\/\/www.eldiariodetucuman.com\/web\/fue-aburrida-y-no-tuvimos-ritmo\/#primaryimage"},"thumbnailUrl":"https:\/\/www.eldiariodetucuman.com\/web\/wp-content\/uploads\/2025\/09\/Fue-aburrida-y-no-tuvimos-ritmo.png","articleSection":["Deporte"],"inLanguage":"es"},{"@type":"WebPage","@id":"https:\/\/www.eldiariodetucuman.com\/web\/fue-aburrida-y-no-tuvimos-ritmo\/","url":"https:\/\/www.eldiariodetucuman.com\/web\/fue-aburrida-y-no-tuvimos-ritmo\/","name":"Fue aburrida y no tuvimos ritmo - El Diario de Tucuman","isPartOf":{"@id":"https:\/\/www.eldiariodetucuman.com\/web\/#website"},"primaryImageOfPage":{"@id":"https:\/\/www.eldiariodetucuman.com\/web\/fue-aburrida-y-no-tuvimos-ritmo\/#primaryimage"},"image":{"@id":"https:\/\/www.eldiariodetucuman.com\/web\/fue-aburrida-y-no-tuvimos-ritmo\/#primaryimage"},"thumbnailUrl":"https:\/\/www.eldiariodetucuman.com\/web\/wp-content\/uploads\/2025\/09\/Fue-aburrida-y-no-tuvimos-ritmo.png","datePublished":"2025-09-07T19:56:16+00:00","breadcrumb":{"@id":"https:\/\/www.eldiariodetucuman.com\/web\/fue-aburrida-y-no-tuvimos-ritmo\/#breadcrumb"},"inLanguage":"es","potentialAction":[{"@type":"ReadAction","target":["https:\/\/www.eldiariodetucuman.com\/web\/fue-aburrida-y-no-tuvimos-ritmo\/"]}]},{"@type":"ImageObject","inLanguage":"es","@id":"https:\/\/www.eldiariodetucuman.com\/web\/fue-aburrida-y-no-tuvimos-ritmo\/#primaryimage","url":"https:\/\/www.eldiariodetucuman.com\/web\/wp-content\/uploads\/2025\/09\/Fue-aburrida-y-no-tuvimos-ritmo.png","contentUrl":"https:\/\/www.eldiariodetucuman.com\/web\/wp-content\/uploads\/2025\/09\/Fue-aburrida-y-no-tuvimos-ritmo.png","width":1200,"height":675},{"@type":"BreadcrumbList","@id":"https:\/\/www.eldiariodetucuman.com\/web\/fue-aburrida-y-no-tuvimos-ritmo\/#breadcrumb","itemListElement":[{"@type":"ListItem","position":1,"name":"Portada","item":"https:\/\/www.eldiariodetucuman.com\/web\/"},{"@type":"ListItem","position":2,"name":"Fue aburrida y no tuvimos ritmo"}]},{"@type":"WebSite","@id":"https:\/\/www.eldiariodetucuman.com\/web\/#website","url":"https:\/\/www.eldiariodetucuman.com\/web\/","name":"El Diario de Tucuman","description":"Diario Tucuman - Informaci\u00f3n y noticias","publisher":{"@id":"https:\/\/www.eldiariodetucuman.com\/web\/#organization"},"potentialAction":[{"@type":"SearchAction","target":{"@type":"EntryPoint","urlTemplate":"https:\/\/www.eldiariodetucuman.com\/web\/?s={search_term_string}"},"query-input":{"@type":"PropertyValueSpecification","valueRequired":true,"valueName":"search_term_string"}}],"inLanguage":"es"},{"@type":"Organization","@id":"https:\/\/www.eldiariodetucuman.com\/web\/#organization","name":"El Diario de Tucuman","url":"https:\/\/www.eldiariodetucuman.com\/web\/","logo":{"@type":"ImageObject","inLanguage":"es","@id":"https:\/\/www.eldiariodetucuman.com\/web\/#\/schema\/logo\/image\/","url":"http:\/\/www.eldiariodetucuman.com\/web\/wp-content\/uploads\/2017\/12\/el-diario-de-tucuman.jpg","contentUrl":"http:\/\/www.eldiariodetucuman.com\/web\/wp-content\/uploads\/2017\/12\/el-diario-de-tucuman.jpg","width":272,"height":92,"caption":"El Diario de Tucuman"},"image":{"@id":"https:\/\/www.eldiariodetucuman.com\/web\/#\/schema\/logo\/image\/"}},{"@type":"Person","@id":"https:\/\/www.eldiariodetucuman.com\/web\/#\/schema\/person\/9250197d75ab5483412e19678b121caa","name":"admin","image":{"@type":"ImageObject","inLanguage":"es","@id":"https:\/\/secure.gravatar.com\/avatar\/c44d117c2be811212c22cb481f6b8384b6873de103fbc49e7a03cc58d7dea4ac?s=96&d=mm&r=g","url":"https:\/\/secure.gravatar.com\/avatar\/c44d117c2be811212c22cb481f6b8384b6873de103fbc49e7a03cc58d7dea4ac?s=96&d=mm&r=g","contentUrl":"https:\/\/secure.gravatar.com\/avatar\/c44d117c2be811212c22cb481f6b8384b6873de103fbc49e7a03cc58d7dea4ac?s=96&d=mm&r=g","caption":"admin"},"url":"https:\/\/www.eldiariodetucuman.com\/web\/author\/admin\/"}]}},"_links":{"self":[{"href":"https:\/\/www.eldiariodetucuman.com\/web\/wp-json\/wp\/v2\/posts\/45588","targetHints":{"allow":["GET"]}}],"collection":[{"href":"https:\/\/www.eldiariodetucuman.com\/web\/wp-json\/wp\/v2\/posts"}],"about":[{"href":"https:\/\/www.eldiariodetucuman.com\/web\/wp-json\/wp\/v2\/types\/post"}],"author":[{"embeddable":true,"href":"https:\/\/www.eldiariodetucuman.com\/web\/wp-json\/wp\/v2\/users\/1"}],"replies":[{"embeddable":true,"href":"https:\/\/www.eldiariodetucuman.com\/web\/wp-json\/wp\/v2\/comments?post=45588"}],"version-history":[{"count":0,"href":"https:\/\/www.eldiariodetucuman.com\/web\/wp-json\/wp\/v2\/posts\/45588\/revisions"}],"wp:featuredmedia":[{"embeddable":true,"href":"https:\/\/www.eldiariodetucuman.com\/web\/wp-json\/wp\/v2\/media\/45589"}],"wp:attachment":[{"href":"https:\/\/www.eldiariodetucuman.com\/web\/wp-json\/wp\/v2\/media?parent=45588"}],"wp:term":[{"taxonomy":"category","embeddable":true,"href":"https:\/\/www.eldiariodetucuman.com\/web\/wp-json\/wp\/v2\/categories?post=45588"},{"taxonomy":"post_tag","embeddable":true,"href":"https:\/\/www.eldiariodetucuman.com\/web\/wp-json\/wp\/v2\/tags?post=45588"}],"curies":[{"name":"wp","href":"https:\/\/api.w.org\/{rel}","templated":true}]}}