{"id":45586,"date":"2025-09-07T16:03:23","date_gmt":"2025-09-07T19:03:23","guid":{"rendered":"https:\/\/www.eldiariodetucuman.com\/web\/tres-hombres-fueron-acusados-de-robar-en-la-escuela-anselmo-rojo\/"},"modified":"2025-09-07T16:03:23","modified_gmt":"2025-09-07T19:03:23","slug":"tres-hombres-fueron-acusados-de-robar-en-la-escuela-anselmo-rojo","status":"publish","type":"post","link":"https:\/\/www.eldiariodetucuman.com\/web\/tres-hombres-fueron-acusados-de-robar-en-la-escuela-anselmo-rojo\/","title":{"rendered":"Tres hombres fueron acusados de robar en la Escuela Anselmo Rojo"},"content":{"rendered":"<p><\/p>\n<p> En representaci\u00f3n de la fiscal, Mar\u00eda del Carmen Reuter, la auxiliar de fiscal, Mar\u00eda Paula Bellom\u00edo, record\u00f3 el inicio de la investigaci\u00f3n (el viernes pasado se le dict\u00f3 la prisi\u00f3n preventiva a \u201cNahuelito\u201d). A continuaci\u00f3n, relat\u00f3 las evidencias, entre ellas, las actas de aprehensi\u00f3n efectuadas por personal de la comisar\u00eda de El Colmenar (lograron recuperar algunos reflectores, focos y una c\u00e1mara de seguridad).  <\/p>\n<h2><strong>\u201cHan desvalijado un establecimiento escolar durante una semana\u201d<\/strong><\/h2>\n<p>En ambas jornadas, la Auxiliar de Fiscal pidi\u00f3 la prisi\u00f3n preventiva por un mes (con vencimiento el martes 7 de octubre), tales medidas fueran autorizadas por las juezas intervinientes, respectivamente. <\/p>\n<p>\u201cExistieron varios hechos, es decir, una pluralidad de sucesos con denuncia y evidencias que demuestran las roturas y el robo de focos, reflectores y una c\u00e1mara de seguridad. Han desvalijado un establecimiento escolar durante una semana. Fueron tres los autores en todo momento y les han quitado a los ni\u00f1os la posibilidad de recibir un regalo por el D\u00eda del Estudiante porque las autoridades tuvieron que restablecer los elementos que posteriormente eran ofrecidos en el vecindario. Ingresaron a plena luz del d\u00eda (cuando estaban los ni\u00f1os en el jard\u00edn), incluso, las madres presentes los observaron sacar los objetos de la galer\u00eda\u201d, dijo Bellom\u00edo.<\/p>\n<p>Y agreg\u00f3: \u201cEn caso de avanzar puede que la condena sea efectiva, pese a que no tengan antecedentes. Son sujetos de la zona y los vecinos est\u00e1n con miedo. Se aprovecharon de la circunstancia de la presencia de maestras mujeres, en su mayor\u00eda, en el horario vespertino\u201d. Seguidamente, la investigadora coment\u00f3 que falta el informe de captura y digitalizaci\u00f3n e informe antropom\u00e9trico (para realizar el comparativo).<\/p>\n<p> image   <\/p>\n<p> Tres hombres fueron acusados de robar en la Escuela Anselmo Rojo.<\/p>\n<h2><strong> Los hechos <\/strong><\/h2>\n<p>Entre los d\u00edas jueves 29 y domingo 31 de agosto del corriente a\u00f1o, en horas de la tarde\/noche, los imputados, previo acuerdo de voluntades y distribuci\u00f3n de tareas que cada uno realizar\u00eda, ingresaron a la escuela Anselmo Rojo ubicada en calle Jos\u00e9 Hern\u00e1ndez al 200 de la localidad de El Colmenar, trepando por los techos y del interior arrancaron nueve focos (que se encontraban en el interior de los reflectores colocados en la galer\u00eda y periferia del establecimiento) y una c\u00e1mara de seguridad como as\u00ed tambi\u00e9n rompieron un candado del aula de 5to grado para luego irse del lugar con los objetos descriptos.<\/p>\n<p>El raid delictivo continu\u00f3 el martes 2 de septiembre, a las 16:00 horas, utilizando el mismo modus operandi (trepando por los techos) arrancaron cinco reflectores, siendo advertidos de su accionar por las madres de los menores que asisten al colegio por lo que se fueron con los objetos mencionados por el port\u00f3n del frente.<\/p>\n<p>Finalmente, el mi\u00e9rcoles 3 de septiembre, en horas de la tarde\/noche, los acusados se hicieron presentes por el costado del establecimiento, sobre calle Rivadavia, de donde sustrajeron un tubo de desag\u00fce fluvial y con los hierros (que sujetan los tubos) se treparon a los techos de la escuela de donde se llevaron cinco focos, doce tubos fluorescentes que se hallaban en la galer\u00eda del comedor escolar y tres tubos con sus respectivas bases, colocados en la galer\u00eda interna de primer grado.<\/p>\n<p>Fuente: <a href=\"https:\/\/www.lv12.com.ar\/escuela-anselmo-rojo\/tres-hombres-fueron-acusados-robar-la-escuela-anselmo-rojo-n185064\"> Fuente de la nota <\/a><\/p>\n","protected":false},"excerpt":{"rendered":"<p>En representaci\u00f3n de la fiscal, Mar\u00eda del Carmen Reuter, la auxiliar de fiscal, Mar\u00eda Paula Bellom\u00edo, record\u00f3 el inicio de la investigaci\u00f3n (el viernes pasado se le dict\u00f3 la prisi\u00f3n preventiva a \u201cNahuelito\u201d). A continuaci\u00f3n, relat\u00f3 las evidencias, entre ellas, las actas de aprehensi\u00f3n efectuadas por personal de la comisar\u00eda de El Colmenar (lograron recuperar [&hellip;]<\/p>\n","protected":false},"author":1,"featured_media":45587,"comment_status":"closed","ping_status":"open","sticky":false,"template":"","format":"standard","meta":{"footnotes":""},"categories":[927],"tags":[],"class_list":{"0":"post-45586","1":"post","2":"type-post","3":"status-publish","4":"format-standard","5":"has-post-thumbnail","7":"category-policiales"},"yoast_head":"<!-- This site is optimized with the Yoast SEO plugin v27.5 - https:\/\/yoast.com\/product\/yoast-seo-wordpress\/ -->\n<title>Tres hombres fueron acusados de robar en la Escuela Anselmo Rojo - El Diario de Tucuman<\/title>\n<meta name=\"robots\" content=\"index, follow, max-snippet:-1, max-image-preview:large, max-video-preview:-1\" \/>\n<link rel=\"canonical\" href=\"https:\/\/www.eldiariodetucuman.com\/web\/tres-hombres-fueron-acusados-de-robar-en-la-escuela-anselmo-rojo\/\" \/>\n<meta property=\"og:locale\" content=\"es_ES\" \/>\n<meta property=\"og:type\" content=\"article\" \/>\n<meta property=\"og:title\" content=\"Tres hombres fueron acusados de robar en la Escuela Anselmo Rojo - El Diario de Tucuman\" \/>\n<meta property=\"og:description\" content=\"En representaci\u00f3n de la fiscal, Mar\u00eda del Carmen Reuter, la auxiliar de fiscal, Mar\u00eda Paula Bellom\u00edo, record\u00f3 el inicio de la investigaci\u00f3n (el viernes pasado se le dict\u00f3 la prisi\u00f3n preventiva a \u201cNahuelito\u201d). A continuaci\u00f3n, relat\u00f3 las evidencias, entre ellas, las actas de aprehensi\u00f3n efectuadas por personal de la comisar\u00eda de El Colmenar (lograron recuperar [&hellip;]\" \/>\n<meta property=\"og:url\" content=\"https:\/\/www.eldiariodetucuman.com\/web\/tres-hombres-fueron-acusados-de-robar-en-la-escuela-anselmo-rojo\/\" \/>\n<meta property=\"og:site_name\" content=\"El Diario de Tucuman\" \/>\n<meta property=\"article:published_time\" content=\"2025-09-07T19:03:23+00:00\" \/>\n<meta name=\"author\" content=\"admin\" \/>\n<meta name=\"twitter:card\" content=\"summary_large_image\" \/>\n<meta name=\"twitter:label1\" content=\"Escrito por\" \/>\n\t<meta name=\"twitter:data1\" content=\"admin\" \/>\n\t<meta name=\"twitter:label2\" content=\"Tiempo de lectura\" \/>\n\t<meta name=\"twitter:data2\" content=\"3 minutos\" \/>\n<script type=\"application\/ld+json\" class=\"yoast-schema-graph\">{\"@context\":\"https:\\\/\\\/schema.org\",\"@graph\":[{\"@type\":\"Article\",\"@id\":\"https:\\\/\\\/www.eldiariodetucuman.com\\\/web\\\/tres-hombres-fueron-acusados-de-robar-en-la-escuela-anselmo-rojo\\\/#article\",\"isPartOf\":{\"@id\":\"https:\\\/\\\/www.eldiariodetucuman.com\\\/web\\\/tres-hombres-fueron-acusados-de-robar-en-la-escuela-anselmo-rojo\\\/\"},\"author\":{\"name\":\"admin\",\"@id\":\"https:\\\/\\\/www.eldiariodetucuman.com\\\/web\\\/#\\\/schema\\\/person\\\/9250197d75ab5483412e19678b121caa\"},\"headline\":\"Tres hombres fueron acusados de robar en la Escuela Anselmo Rojo\",\"datePublished\":\"2025-09-07T19:03:23+00:00\",\"mainEntityOfPage\":{\"@id\":\"https:\\\/\\\/www.eldiariodetucuman.com\\\/web\\\/tres-hombres-fueron-acusados-de-robar-en-la-escuela-anselmo-rojo\\\/\"},\"wordCount\":569,\"publisher\":{\"@id\":\"https:\\\/\\\/www.eldiariodetucuman.com\\\/web\\\/#organization\"},\"image\":{\"@id\":\"https:\\\/\\\/www.eldiariodetucuman.com\\\/web\\\/tres-hombres-fueron-acusados-de-robar-en-la-escuela-anselmo-rojo\\\/#primaryimage\"},\"thumbnailUrl\":\"https:\\\/\\\/www.eldiariodetucuman.com\\\/web\\\/wp-content\\\/uploads\\\/2025\\\/09\\\/Tres-hombres-fueron-acusados-de-robar-en-la-Escuela-Anselmo.png\",\"articleSection\":[\"Policiales\"],\"inLanguage\":\"es\"},{\"@type\":\"WebPage\",\"@id\":\"https:\\\/\\\/www.eldiariodetucuman.com\\\/web\\\/tres-hombres-fueron-acusados-de-robar-en-la-escuela-anselmo-rojo\\\/\",\"url\":\"https:\\\/\\\/www.eldiariodetucuman.com\\\/web\\\/tres-hombres-fueron-acusados-de-robar-en-la-escuela-anselmo-rojo\\\/\",\"name\":\"Tres hombres fueron acusados de robar en la Escuela Anselmo Rojo - El Diario de Tucuman\",\"isPartOf\":{\"@id\":\"https:\\\/\\\/www.eldiariodetucuman.com\\\/web\\\/#website\"},\"primaryImageOfPage\":{\"@id\":\"https:\\\/\\\/www.eldiariodetucuman.com\\\/web\\\/tres-hombres-fueron-acusados-de-robar-en-la-escuela-anselmo-rojo\\\/#primaryimage\"},\"image\":{\"@id\":\"https:\\\/\\\/www.eldiariodetucuman.com\\\/web\\\/tres-hombres-fueron-acusados-de-robar-en-la-escuela-anselmo-rojo\\\/#primaryimage\"},\"thumbnailUrl\":\"https:\\\/\\\/www.eldiariodetucuman.com\\\/web\\\/wp-content\\\/uploads\\\/2025\\\/09\\\/Tres-hombres-fueron-acusados-de-robar-en-la-Escuela-Anselmo.png\",\"datePublished\":\"2025-09-07T19:03:23+00:00\",\"breadcrumb\":{\"@id\":\"https:\\\/\\\/www.eldiariodetucuman.com\\\/web\\\/tres-hombres-fueron-acusados-de-robar-en-la-escuela-anselmo-rojo\\\/#breadcrumb\"},\"inLanguage\":\"es\",\"potentialAction\":[{\"@type\":\"ReadAction\",\"target\":[\"https:\\\/\\\/www.eldiariodetucuman.com\\\/web\\\/tres-hombres-fueron-acusados-de-robar-en-la-escuela-anselmo-rojo\\\/\"]}]},{\"@type\":\"ImageObject\",\"inLanguage\":\"es\",\"@id\":\"https:\\\/\\\/www.eldiariodetucuman.com\\\/web\\\/tres-hombres-fueron-acusados-de-robar-en-la-escuela-anselmo-rojo\\\/#primaryimage\",\"url\":\"https:\\\/\\\/www.eldiariodetucuman.com\\\/web\\\/wp-content\\\/uploads\\\/2025\\\/09\\\/Tres-hombres-fueron-acusados-de-robar-en-la-Escuela-Anselmo.png\",\"contentUrl\":\"https:\\\/\\\/www.eldiariodetucuman.com\\\/web\\\/wp-content\\\/uploads\\\/2025\\\/09\\\/Tres-hombres-fueron-acusados-de-robar-en-la-Escuela-Anselmo.png\",\"width\":1200,\"height\":675},{\"@type\":\"BreadcrumbList\",\"@id\":\"https:\\\/\\\/www.eldiariodetucuman.com\\\/web\\\/tres-hombres-fueron-acusados-de-robar-en-la-escuela-anselmo-rojo\\\/#breadcrumb\",\"itemListElement\":[{\"@type\":\"ListItem\",\"position\":1,\"name\":\"Portada\",\"item\":\"https:\\\/\\\/www.eldiariodetucuman.com\\\/web\\\/\"},{\"@type\":\"ListItem\",\"position\":2,\"name\":\"Tres hombres fueron acusados de robar en la Escuela Anselmo Rojo\"}]},{\"@type\":\"WebSite\",\"@id\":\"https:\\\/\\\/www.eldiariodetucuman.com\\\/web\\\/#website\",\"url\":\"https:\\\/\\\/www.eldiariodetucuman.com\\\/web\\\/\",\"name\":\"El Diario de Tucuman\",\"description\":\"Diario Tucuman - Informaci\u00f3n y noticias\",\"publisher\":{\"@id\":\"https:\\\/\\\/www.eldiariodetucuman.com\\\/web\\\/#organization\"},\"potentialAction\":[{\"@type\":\"SearchAction\",\"target\":{\"@type\":\"EntryPoint\",\"urlTemplate\":\"https:\\\/\\\/www.eldiariodetucuman.com\\\/web\\\/?s={search_term_string}\"},\"query-input\":{\"@type\":\"PropertyValueSpecification\",\"valueRequired\":true,\"valueName\":\"search_term_string\"}}],\"inLanguage\":\"es\"},{\"@type\":\"Organization\",\"@id\":\"https:\\\/\\\/www.eldiariodetucuman.com\\\/web\\\/#organization\",\"name\":\"El Diario de Tucuman\",\"url\":\"https:\\\/\\\/www.eldiariodetucuman.com\\\/web\\\/\",\"logo\":{\"@type\":\"ImageObject\",\"inLanguage\":\"es\",\"@id\":\"https:\\\/\\\/www.eldiariodetucuman.com\\\/web\\\/#\\\/schema\\\/logo\\\/image\\\/\",\"url\":\"http:\\\/\\\/www.eldiariodetucuman.com\\\/web\\\/wp-content\\\/uploads\\\/2017\\\/12\\\/el-diario-de-tucuman.jpg\",\"contentUrl\":\"http:\\\/\\\/www.eldiariodetucuman.com\\\/web\\\/wp-content\\\/uploads\\\/2017\\\/12\\\/el-diario-de-tucuman.jpg\",\"width\":272,\"height\":92,\"caption\":\"El Diario de Tucuman\"},\"image\":{\"@id\":\"https:\\\/\\\/www.eldiariodetucuman.com\\\/web\\\/#\\\/schema\\\/logo\\\/image\\\/\"}},{\"@type\":\"Person\",\"@id\":\"https:\\\/\\\/www.eldiariodetucuman.com\\\/web\\\/#\\\/schema\\\/person\\\/9250197d75ab5483412e19678b121caa\",\"name\":\"admin\",\"image\":{\"@type\":\"ImageObject\",\"inLanguage\":\"es\",\"@id\":\"https:\\\/\\\/secure.gravatar.com\\\/avatar\\\/c44d117c2be811212c22cb481f6b8384b6873de103fbc49e7a03cc58d7dea4ac?s=96&d=mm&r=g\",\"url\":\"https:\\\/\\\/secure.gravatar.com\\\/avatar\\\/c44d117c2be811212c22cb481f6b8384b6873de103fbc49e7a03cc58d7dea4ac?s=96&d=mm&r=g\",\"contentUrl\":\"https:\\\/\\\/secure.gravatar.com\\\/avatar\\\/c44d117c2be811212c22cb481f6b8384b6873de103fbc49e7a03cc58d7dea4ac?s=96&d=mm&r=g\",\"caption\":\"admin\"},\"url\":\"https:\\\/\\\/www.eldiariodetucuman.com\\\/web\\\/author\\\/admin\\\/\"}]}<\/script>\n<!-- \/ Yoast SEO plugin. -->","yoast_head_json":{"title":"Tres hombres fueron acusados de robar en la Escuela Anselmo Rojo - El Diario de Tucuman","robots":{"index":"index","follow":"follow","max-snippet":"max-snippet:-1","max-image-preview":"max-image-preview:large","max-video-preview":"max-video-preview:-1"},"canonical":"https:\/\/www.eldiariodetucuman.com\/web\/tres-hombres-fueron-acusados-de-robar-en-la-escuela-anselmo-rojo\/","og_locale":"es_ES","og_type":"article","og_title":"Tres hombres fueron acusados de robar en la Escuela Anselmo Rojo - El Diario de Tucuman","og_description":"En representaci\u00f3n de la fiscal, Mar\u00eda del Carmen Reuter, la auxiliar de fiscal, Mar\u00eda Paula Bellom\u00edo, record\u00f3 el inicio de la investigaci\u00f3n (el viernes pasado se le dict\u00f3 la prisi\u00f3n preventiva a \u201cNahuelito\u201d). A continuaci\u00f3n, relat\u00f3 las evidencias, entre ellas, las actas de aprehensi\u00f3n efectuadas por personal de la comisar\u00eda de El Colmenar (lograron recuperar [&hellip;]","og_url":"https:\/\/www.eldiariodetucuman.com\/web\/tres-hombres-fueron-acusados-de-robar-en-la-escuela-anselmo-rojo\/","og_site_name":"El Diario de Tucuman","article_published_time":"2025-09-07T19:03:23+00:00","author":"admin","twitter_card":"summary_large_image","twitter_misc":{"Escrito por":"admin","Tiempo de lectura":"3 minutos"},"schema":{"@context":"https:\/\/schema.org","@graph":[{"@type":"Article","@id":"https:\/\/www.eldiariodetucuman.com\/web\/tres-hombres-fueron-acusados-de-robar-en-la-escuela-anselmo-rojo\/#article","isPartOf":{"@id":"https:\/\/www.eldiariodetucuman.com\/web\/tres-hombres-fueron-acusados-de-robar-en-la-escuela-anselmo-rojo\/"},"author":{"name":"admin","@id":"https:\/\/www.eldiariodetucuman.com\/web\/#\/schema\/person\/9250197d75ab5483412e19678b121caa"},"headline":"Tres hombres fueron acusados de robar en la Escuela Anselmo Rojo","datePublished":"2025-09-07T19:03:23+00:00","mainEntityOfPage":{"@id":"https:\/\/www.eldiariodetucuman.com\/web\/tres-hombres-fueron-acusados-de-robar-en-la-escuela-anselmo-rojo\/"},"wordCount":569,"publisher":{"@id":"https:\/\/www.eldiariodetucuman.com\/web\/#organization"},"image":{"@id":"https:\/\/www.eldiariodetucuman.com\/web\/tres-hombres-fueron-acusados-de-robar-en-la-escuela-anselmo-rojo\/#primaryimage"},"thumbnailUrl":"https:\/\/www.eldiariodetucuman.com\/web\/wp-content\/uploads\/2025\/09\/Tres-hombres-fueron-acusados-de-robar-en-la-Escuela-Anselmo.png","articleSection":["Policiales"],"inLanguage":"es"},{"@type":"WebPage","@id":"https:\/\/www.eldiariodetucuman.com\/web\/tres-hombres-fueron-acusados-de-robar-en-la-escuela-anselmo-rojo\/","url":"https:\/\/www.eldiariodetucuman.com\/web\/tres-hombres-fueron-acusados-de-robar-en-la-escuela-anselmo-rojo\/","name":"Tres hombres fueron acusados de robar en la Escuela Anselmo Rojo - El Diario de Tucuman","isPartOf":{"@id":"https:\/\/www.eldiariodetucuman.com\/web\/#website"},"primaryImageOfPage":{"@id":"https:\/\/www.eldiariodetucuman.com\/web\/tres-hombres-fueron-acusados-de-robar-en-la-escuela-anselmo-rojo\/#primaryimage"},"image":{"@id":"https:\/\/www.eldiariodetucuman.com\/web\/tres-hombres-fueron-acusados-de-robar-en-la-escuela-anselmo-rojo\/#primaryimage"},"thumbnailUrl":"https:\/\/www.eldiariodetucuman.com\/web\/wp-content\/uploads\/2025\/09\/Tres-hombres-fueron-acusados-de-robar-en-la-Escuela-Anselmo.png","datePublished":"2025-09-07T19:03:23+00:00","breadcrumb":{"@id":"https:\/\/www.eldiariodetucuman.com\/web\/tres-hombres-fueron-acusados-de-robar-en-la-escuela-anselmo-rojo\/#breadcrumb"},"inLanguage":"es","potentialAction":[{"@type":"ReadAction","target":["https:\/\/www.eldiariodetucuman.com\/web\/tres-hombres-fueron-acusados-de-robar-en-la-escuela-anselmo-rojo\/"]}]},{"@type":"ImageObject","inLanguage":"es","@id":"https:\/\/www.eldiariodetucuman.com\/web\/tres-hombres-fueron-acusados-de-robar-en-la-escuela-anselmo-rojo\/#primaryimage","url":"https:\/\/www.eldiariodetucuman.com\/web\/wp-content\/uploads\/2025\/09\/Tres-hombres-fueron-acusados-de-robar-en-la-Escuela-Anselmo.png","contentUrl":"https:\/\/www.eldiariodetucuman.com\/web\/wp-content\/uploads\/2025\/09\/Tres-hombres-fueron-acusados-de-robar-en-la-Escuela-Anselmo.png","width":1200,"height":675},{"@type":"BreadcrumbList","@id":"https:\/\/www.eldiariodetucuman.com\/web\/tres-hombres-fueron-acusados-de-robar-en-la-escuela-anselmo-rojo\/#breadcrumb","itemListElement":[{"@type":"ListItem","position":1,"name":"Portada","item":"https:\/\/www.eldiariodetucuman.com\/web\/"},{"@type":"ListItem","position":2,"name":"Tres hombres fueron acusados de robar en la Escuela Anselmo Rojo"}]},{"@type":"WebSite","@id":"https:\/\/www.eldiariodetucuman.com\/web\/#website","url":"https:\/\/www.eldiariodetucuman.com\/web\/","name":"El Diario de Tucuman","description":"Diario Tucuman - Informaci\u00f3n y noticias","publisher":{"@id":"https:\/\/www.eldiariodetucuman.com\/web\/#organization"},"potentialAction":[{"@type":"SearchAction","target":{"@type":"EntryPoint","urlTemplate":"https:\/\/www.eldiariodetucuman.com\/web\/?s={search_term_string}"},"query-input":{"@type":"PropertyValueSpecification","valueRequired":true,"valueName":"search_term_string"}}],"inLanguage":"es"},{"@type":"Organization","@id":"https:\/\/www.eldiariodetucuman.com\/web\/#organization","name":"El Diario de Tucuman","url":"https:\/\/www.eldiariodetucuman.com\/web\/","logo":{"@type":"ImageObject","inLanguage":"es","@id":"https:\/\/www.eldiariodetucuman.com\/web\/#\/schema\/logo\/image\/","url":"http:\/\/www.eldiariodetucuman.com\/web\/wp-content\/uploads\/2017\/12\/el-diario-de-tucuman.jpg","contentUrl":"http:\/\/www.eldiariodetucuman.com\/web\/wp-content\/uploads\/2017\/12\/el-diario-de-tucuman.jpg","width":272,"height":92,"caption":"El Diario de Tucuman"},"image":{"@id":"https:\/\/www.eldiariodetucuman.com\/web\/#\/schema\/logo\/image\/"}},{"@type":"Person","@id":"https:\/\/www.eldiariodetucuman.com\/web\/#\/schema\/person\/9250197d75ab5483412e19678b121caa","name":"admin","image":{"@type":"ImageObject","inLanguage":"es","@id":"https:\/\/secure.gravatar.com\/avatar\/c44d117c2be811212c22cb481f6b8384b6873de103fbc49e7a03cc58d7dea4ac?s=96&d=mm&r=g","url":"https:\/\/secure.gravatar.com\/avatar\/c44d117c2be811212c22cb481f6b8384b6873de103fbc49e7a03cc58d7dea4ac?s=96&d=mm&r=g","contentUrl":"https:\/\/secure.gravatar.com\/avatar\/c44d117c2be811212c22cb481f6b8384b6873de103fbc49e7a03cc58d7dea4ac?s=96&d=mm&r=g","caption":"admin"},"url":"https:\/\/www.eldiariodetucuman.com\/web\/author\/admin\/"}]}},"_links":{"self":[{"href":"https:\/\/www.eldiariodetucuman.com\/web\/wp-json\/wp\/v2\/posts\/45586","targetHints":{"allow":["GET"]}}],"collection":[{"href":"https:\/\/www.eldiariodetucuman.com\/web\/wp-json\/wp\/v2\/posts"}],"about":[{"href":"https:\/\/www.eldiariodetucuman.com\/web\/wp-json\/wp\/v2\/types\/post"}],"author":[{"embeddable":true,"href":"https:\/\/www.eldiariodetucuman.com\/web\/wp-json\/wp\/v2\/users\/1"}],"replies":[{"embeddable":true,"href":"https:\/\/www.eldiariodetucuman.com\/web\/wp-json\/wp\/v2\/comments?post=45586"}],"version-history":[{"count":0,"href":"https:\/\/www.eldiariodetucuman.com\/web\/wp-json\/wp\/v2\/posts\/45586\/revisions"}],"wp:featuredmedia":[{"embeddable":true,"href":"https:\/\/www.eldiariodetucuman.com\/web\/wp-json\/wp\/v2\/media\/45587"}],"wp:attachment":[{"href":"https:\/\/www.eldiariodetucuman.com\/web\/wp-json\/wp\/v2\/media?parent=45586"}],"wp:term":[{"taxonomy":"category","embeddable":true,"href":"https:\/\/www.eldiariodetucuman.com\/web\/wp-json\/wp\/v2\/categories?post=45586"},{"taxonomy":"post_tag","embeddable":true,"href":"https:\/\/www.eldiariodetucuman.com\/web\/wp-json\/wp\/v2\/tags?post=45586"}],"curies":[{"name":"wp","href":"https:\/\/api.w.org\/{rel}","templated":true}]}}