{"id":45584,"date":"2025-09-07T14:55:15","date_gmt":"2025-09-07T17:55:15","guid":{"rendered":"https:\/\/www.eldiariodetucuman.com\/web\/cual-es-el-plan-del-gobierno-si-luis-caputo-se-queda-sin-dolares-para-vender-despues-de-la-eleccion\/"},"modified":"2025-09-07T14:55:15","modified_gmt":"2025-09-07T17:55:15","slug":"cual-es-el-plan-del-gobierno-si-luis-caputo-se-queda-sin-dolares-para-vender-despues-de-la-eleccion","status":"publish","type":"post","link":"https:\/\/www.eldiariodetucuman.com\/web\/cual-es-el-plan-del-gobierno-si-luis-caputo-se-queda-sin-dolares-para-vender-despues-de-la-eleccion\/","title":{"rendered":"Cu\u00e1l es el plan del Gobierno si Luis Caputo se queda sin d\u00f3lares para vender despu\u00e9s de la elecci\u00f3n"},"content":{"rendered":"<p><\/p>\n<p>A pesar del bajo perfil adoptado, el ministro de Econom\u00eda eval\u00faa c\u00f3mo seguir para estabilizar el mercado del d\u00f3lar y las tasas.<\/p>\n<p>El ministro\u00a0<strong>Luis Caputo<\/strong>\u00a0piensa en verde. Mejor dicho, verde\u00a0<strong>d\u00f3lar<\/strong>.<\/p>\n<p>La econom\u00eda atraviesa un momento cr\u00edtico a las puertas de las\u00a0<strong>elecciones legislativas en la provincia de Buenos Aires<\/strong>. La incertidumbre pol\u00edtica, combinada con la presi\u00f3n sobre el tipo de cambio, pone a prueba la capacidad del Gobierno para mantener la estabilidad. Un resultado adverso en los comicios podr\u00eda desatar una mayor demanda de d\u00f3lares, tensionando las reservas internacionales del\u00a0<strong>Banco Central de la Rep\u00fablica Argentina<\/strong>\u00a0(<strong>BCRA<\/strong>), que ya se encuentran en terreno negativo. En este contexto, el Ejecutivo ha preparado\u00a0<strong>un plan alternativo<\/strong>, no anunciado oficialmente, pero que se perfila como una maniobra pragm\u00e1tica para garantizar liquidez en el\u00a0<strong>Mercado \u00danico y Libre de Cambios (MULC).<\/strong><\/p>\n<p>Este plan B se centra en la\u00a0<strong>reducci\u00f3n de la Posici\u00f3n Global Neta de Moneda Extranjera (PGNME) de los bancos<\/strong>, una medida destinada a\u00a0<strong>liberar d\u00f3lares<\/strong>\u00a0y contener la volatilidad en un mercado bajo presi\u00f3n. La PGNME representa el balance neto de activos y pasivos en moneda extranjera que las entidades financieras pueden mantener, incluyendo operaciones al contado, a t\u00e9rmino y otros instrumentos ligados al tipo de cambio.<\/p>\n<p>Recientemente, el BCRA\u00a0<strong>reforz\u00f3 los controles sobre esta posici\u00f3n con medidas<\/strong>\u00a0como la\u00a0<strong>Comunicaci\u00f3n \u201cA\u201d 8311<\/strong>, que limit\u00f3 la capacidad de los bancos para incrementar sus tenencias de divisas al cierre de cada mes y estableci\u00f3 un cumplimiento diario de la PGNME negativa a partir de diciembre de 2025. Estas restricciones buscan evitar movimientos especulativos que desestabilicen el MULC, mientras que el aumento de los encajes bancarios ha reducido la liquidez en pesos, limitando la demanda de d\u00f3lares por parte de las entidades financieras. Sin embargo, estas medidas han generado cr\u00edticas en el sector bancario, que percibe un endurecimiento de las reglas en un contexto de alta incertidumbre.<\/p>\n<h2>Los bancos, la variable de ajuste en el mundo d\u00f3lar<\/h2>\n<p>El\u00a0<strong>plan B del Gobierno<\/strong>, dise\u00f1ado como una herramienta de emergencia ante un posible escenario postelectoral adverso, implicar\u00eda una profundizaci\u00f3n de estas restricciones. Reducir a\u00fan m\u00e1s los l\u00edmites de la PGNME\u00a0<strong>obligar\u00eda a los bancos a desarmar posiciones en d\u00f3lares,<\/strong>\u00a0ya sea vendiendo divisas en el MULC o ajustando sus carteras de activos dolarizados. Esto generar\u00eda un flujo inmediato de d\u00f3lares al mercado, aliviando la presi\u00f3n cambiaria sin necesidad de recurrir masivamente a las reservas del BCRA. Seg\u00fan pudo saber\u00a0<strong>\u00c1mbito<\/strong>, esta medida estuvo sobre la mesa de decisiones hace apenas algunos d\u00edas, pero el ministro Luis Caputo prefiri\u00f3 esperar y no seguir tensionando la relaci\u00f3n con los bancos.<\/p>\n<p>Esto fue as\u00ed porque la estrategia conlleva riesgos significativos.<strong>\u00a0Forzar a los bancos a desprenderse de sus tenencias en moneda extranjera podr\u00eda generar fricciones en el sistema financiero<\/strong>, especialmente si las entidades interpretan estas medidas como un cambio abrupto en las reglas de juego, como ya han se\u00f1alado en el pasado.<\/p>\n<p>Esta semana,\u00a0<strong>el Tesoro intensific\u00f3 sus esfuerzos para contener la volatilidad cambiaria<\/strong>, interviniendo directamente en el MULC con ventas significativas de d\u00f3lares. El martes 2, coincidiendo con el anuncio de una nueva estrategia de intervenci\u00f3n,\u00a0<strong>el Tesoro vendi\u00f3 u$s200 millones<\/strong>, aunque el mi\u00e9rcoles revirti\u00f3 parcialmente esta din\u00e1mica. Ayer jueves, las ventas se reanudaron con una inyecci\u00f3n de u$s150 millones. Estas operaciones, lideradas por el secretario de Finanzas,\u00a0<strong>Pablo Quirno<\/strong>, buscaron estabilizar el tipo de cambio, que cerr\u00f3 en $1.365 tras un repunte de los d\u00f3lares financieros y oficiales, mientras el d\u00f3lar blue mostr\u00f3 una leve baja.<\/p>\n<p>Sin embargo, el BCRA continu\u00f3 perdiendo reservas, evidenciando la dificultad de sostener el equilibrio cambiario en un contexto de incertidumbre electoral. A pesar de estas intervenciones, el mercado mantiene la guardia alta. Seg\u00fan estimaciones,\u00a0<strong>el Tesoro contaba inicialmente con un poder de fuego de u$s1.800 millones<\/strong>\u00a0para intervenir hasta las elecciones nacionales. Con las operaciones recientes, se calcula que le restan aproximadamente u$s1.600 millones, una cifra limitada para enfrentar una posible corrida cambiaria, especialmente si los $65 billones en dep\u00f3sitos a plazo fijo migran hacia el d\u00f3lar, forzando al BCRA a intervenir en\u00a0<strong>el techo de la banda cambiaria, actualmente en $1.482<\/strong>.<\/p>\n<h2>El frente financiero, cada vez m\u00e1s complicado<\/h2>\n<p>La autorizaci\u00f3n del\u00a0<strong>Fondo Monetario Internacional<\/strong>\u00a0(FMI) para estas ventas,\u00a0<strong>condicionada al uso de recursos del super\u00e1vit fiscal,<\/strong>\u00a0refleja la delicada relaci\u00f3n entre el Gobierno y el organismo, que exige acumular reservas para cumplir con las metas del programa de u$s20.000 millones acordado en abril. El impacto de las elecciones bonaerenses a\u00f1ade una capa adicional de complejidad. Las encuestas sugieren que\u00a0<strong>el peronismo podr\u00eda obtener una victoria contundente<\/strong>\u00a0en la tercera secci\u00f3n electoral, mientras que la primera secci\u00f3n anticipa una contienda m\u00e1s re\u00f1ida. Aunque se espera que La Libertad Avanza (LLA) capture una porci\u00f3n de votos m\u00e1s significativa en las secciones, el peronismo podr\u00eda consolidar un respaldo mayor, fortaleciendo su posici\u00f3n de cara a los comicios nacionales.<\/p>\n<p>Este escenario\u00a0<strong>mantiene en vilo a los mercados<\/strong>, que ven en el resultado electoral una se\u00f1al sobre la capacidad del Gobierno para sostener su agenda econ\u00f3mica. Comparado con 2023, cuando el peronismo gan\u00f3 la tercera secci\u00f3n por 16 puntos, las proyecciones actuales indican una brecha menor, pero suficiente para mantener la presi\u00f3n sobre el oficialismo. El dato es que, m\u00e1s all\u00e1 de lo electoral, los analistas comienzan a restarle peso a los comicios como determinante exclusivo de la din\u00e1mica econ\u00f3mica.<\/p>\n<p>El Gobierno enfrenta\u00a0<strong>desaf\u00edos estructurales que trascienden el resultado de las urnas<\/strong>. Los super\u00e1vits gemelos, que fueron un pilar de la gesti\u00f3n de Milei, evidencian un futuro que no es promisorio: el super\u00e1vit financiero no s\u00f3lo se perdi\u00f3, sino que en julio, tomando los intereses que se capitalizan, hubiera dado en d\u00e9ficit de $19 billones. Por otro lado, el primario est\u00e1 en riesgo tras la reciente aprobaci\u00f3n en el Senado de la emergencia por discapacidad, que invalid\u00f3 el veto presidencial. Estas presiones fiscales, combinadas con un atraso cambiario estimado entre 20% y 30% en t\u00e9rminos reales, dificultan la acumulaci\u00f3n de reservas y generan dudas sobre la sostenibilidad del esquema de bandas cambiarias, que permite al tipo de cambio flotar entre $1.000 y $1.400, con ajustes mensuales de -1% y +1%, respectivamente.<\/p>\n<p>El plan B, centrado en la reducci\u00f3n de la PGNME, se presenta como una herramienta de contenci\u00f3n para ganar tiempo frente a un escenario de alta volatilidad. Sin embargo, su efectividad depender\u00e1 de la magnitud del ajuste, la reacci\u00f3n del sistema bancario y la capacidad del BCRA para gestionar la liquidez de manera coordinada.<\/p>\n<p>\u00c1MBITO<\/p>\n<p>Fuente: <a href=\"https:\/\/tucuman24.com\/nota\/189943\/cual-es-el-plan-del-gobierno-si-luis-caputo-se-queda-sin-dolares-para-vender-despues-de-la-eleccion.html\"> Fuente de la nota <\/a><\/p>\n","protected":false},"excerpt":{"rendered":"<p>A pesar del bajo perfil adoptado, el ministro de Econom\u00eda eval\u00faa c\u00f3mo seguir para estabilizar el mercado del d\u00f3lar y las tasas. El ministro\u00a0Luis Caputo\u00a0piensa en verde. Mejor dicho, verde\u00a0d\u00f3lar. La econom\u00eda atraviesa un momento cr\u00edtico a las puertas de las\u00a0elecciones legislativas en la provincia de Buenos Aires. La incertidumbre pol\u00edtica, combinada con la presi\u00f3n [&hellip;]<\/p>\n","protected":false},"author":1,"featured_media":45585,"comment_status":"closed","ping_status":"open","sticky":false,"template":"","format":"standard","meta":{"footnotes":""},"categories":[2],"tags":[],"class_list":{"0":"post-45584","1":"post","2":"type-post","3":"status-publish","4":"format-standard","5":"has-post-thumbnail","7":"category-actualidad"},"yoast_head":"<!-- This site is optimized with the Yoast SEO plugin v27.5 - https:\/\/yoast.com\/product\/yoast-seo-wordpress\/ -->\n<title>Cu\u00e1l es el plan del Gobierno si Luis Caputo se queda sin d\u00f3lares para vender despu\u00e9s de la elecci\u00f3n - El Diario de Tucuman<\/title>\n<meta name=\"robots\" content=\"index, follow, max-snippet:-1, max-image-preview:large, max-video-preview:-1\" \/>\n<link rel=\"canonical\" href=\"https:\/\/www.eldiariodetucuman.com\/web\/cual-es-el-plan-del-gobierno-si-luis-caputo-se-queda-sin-dolares-para-vender-despues-de-la-eleccion\/\" \/>\n<meta property=\"og:locale\" content=\"es_ES\" \/>\n<meta property=\"og:type\" content=\"article\" \/>\n<meta property=\"og:title\" content=\"Cu\u00e1l es el plan del Gobierno si Luis Caputo se queda sin d\u00f3lares para vender despu\u00e9s de la elecci\u00f3n - El Diario de Tucuman\" \/>\n<meta property=\"og:description\" content=\"A pesar del bajo perfil adoptado, el ministro de Econom\u00eda eval\u00faa c\u00f3mo seguir para estabilizar el mercado del d\u00f3lar y las tasas. El ministro\u00a0Luis Caputo\u00a0piensa en verde. Mejor dicho, verde\u00a0d\u00f3lar. La econom\u00eda atraviesa un momento cr\u00edtico a las puertas de las\u00a0elecciones legislativas en la provincia de Buenos Aires. La incertidumbre pol\u00edtica, combinada con la presi\u00f3n [&hellip;]\" \/>\n<meta property=\"og:url\" content=\"https:\/\/www.eldiariodetucuman.com\/web\/cual-es-el-plan-del-gobierno-si-luis-caputo-se-queda-sin-dolares-para-vender-despues-de-la-eleccion\/\" \/>\n<meta property=\"og:site_name\" content=\"El Diario de Tucuman\" \/>\n<meta property=\"article:published_time\" content=\"2025-09-07T17:55:15+00:00\" \/>\n<meta name=\"author\" content=\"admin\" \/>\n<meta name=\"twitter:card\" content=\"summary_large_image\" \/>\n<meta name=\"twitter:label1\" content=\"Escrito por\" \/>\n\t<meta name=\"twitter:data1\" content=\"admin\" \/>\n\t<meta name=\"twitter:label2\" content=\"Tiempo de lectura\" \/>\n\t<meta name=\"twitter:data2\" content=\"6 minutos\" \/>\n<script type=\"application\/ld+json\" class=\"yoast-schema-graph\">{\"@context\":\"https:\\\/\\\/schema.org\",\"@graph\":[{\"@type\":\"Article\",\"@id\":\"https:\\\/\\\/www.eldiariodetucuman.com\\\/web\\\/cual-es-el-plan-del-gobierno-si-luis-caputo-se-queda-sin-dolares-para-vender-despues-de-la-eleccion\\\/#article\",\"isPartOf\":{\"@id\":\"https:\\\/\\\/www.eldiariodetucuman.com\\\/web\\\/cual-es-el-plan-del-gobierno-si-luis-caputo-se-queda-sin-dolares-para-vender-despues-de-la-eleccion\\\/\"},\"author\":{\"name\":\"admin\",\"@id\":\"https:\\\/\\\/www.eldiariodetucuman.com\\\/web\\\/#\\\/schema\\\/person\\\/9250197d75ab5483412e19678b121caa\"},\"headline\":\"Cu\u00e1l es el plan del Gobierno si Luis Caputo se queda sin d\u00f3lares para vender despu\u00e9s de la elecci\u00f3n\",\"datePublished\":\"2025-09-07T17:55:15+00:00\",\"mainEntityOfPage\":{\"@id\":\"https:\\\/\\\/www.eldiariodetucuman.com\\\/web\\\/cual-es-el-plan-del-gobierno-si-luis-caputo-se-queda-sin-dolares-para-vender-despues-de-la-eleccion\\\/\"},\"wordCount\":1175,\"publisher\":{\"@id\":\"https:\\\/\\\/www.eldiariodetucuman.com\\\/web\\\/#organization\"},\"image\":{\"@id\":\"https:\\\/\\\/www.eldiariodetucuman.com\\\/web\\\/cual-es-el-plan-del-gobierno-si-luis-caputo-se-queda-sin-dolares-para-vender-despues-de-la-eleccion\\\/#primaryimage\"},\"thumbnailUrl\":\"https:\\\/\\\/www.eldiariodetucuman.com\\\/web\\\/wp-content\\\/uploads\\\/2025\\\/09\\\/Cual-es-el-plan-del-Gobierno-si-Luis-Caputo-se.png\",\"articleSection\":[\"Actualidad\"],\"inLanguage\":\"es\"},{\"@type\":\"WebPage\",\"@id\":\"https:\\\/\\\/www.eldiariodetucuman.com\\\/web\\\/cual-es-el-plan-del-gobierno-si-luis-caputo-se-queda-sin-dolares-para-vender-despues-de-la-eleccion\\\/\",\"url\":\"https:\\\/\\\/www.eldiariodetucuman.com\\\/web\\\/cual-es-el-plan-del-gobierno-si-luis-caputo-se-queda-sin-dolares-para-vender-despues-de-la-eleccion\\\/\",\"name\":\"Cu\u00e1l es el plan del Gobierno si Luis Caputo se queda sin d\u00f3lares para vender despu\u00e9s de la elecci\u00f3n - El Diario de Tucuman\",\"isPartOf\":{\"@id\":\"https:\\\/\\\/www.eldiariodetucuman.com\\\/web\\\/#website\"},\"primaryImageOfPage\":{\"@id\":\"https:\\\/\\\/www.eldiariodetucuman.com\\\/web\\\/cual-es-el-plan-del-gobierno-si-luis-caputo-se-queda-sin-dolares-para-vender-despues-de-la-eleccion\\\/#primaryimage\"},\"image\":{\"@id\":\"https:\\\/\\\/www.eldiariodetucuman.com\\\/web\\\/cual-es-el-plan-del-gobierno-si-luis-caputo-se-queda-sin-dolares-para-vender-despues-de-la-eleccion\\\/#primaryimage\"},\"thumbnailUrl\":\"https:\\\/\\\/www.eldiariodetucuman.com\\\/web\\\/wp-content\\\/uploads\\\/2025\\\/09\\\/Cual-es-el-plan-del-Gobierno-si-Luis-Caputo-se.png\",\"datePublished\":\"2025-09-07T17:55:15+00:00\",\"breadcrumb\":{\"@id\":\"https:\\\/\\\/www.eldiariodetucuman.com\\\/web\\\/cual-es-el-plan-del-gobierno-si-luis-caputo-se-queda-sin-dolares-para-vender-despues-de-la-eleccion\\\/#breadcrumb\"},\"inLanguage\":\"es\",\"potentialAction\":[{\"@type\":\"ReadAction\",\"target\":[\"https:\\\/\\\/www.eldiariodetucuman.com\\\/web\\\/cual-es-el-plan-del-gobierno-si-luis-caputo-se-queda-sin-dolares-para-vender-despues-de-la-eleccion\\\/\"]}]},{\"@type\":\"ImageObject\",\"inLanguage\":\"es\",\"@id\":\"https:\\\/\\\/www.eldiariodetucuman.com\\\/web\\\/cual-es-el-plan-del-gobierno-si-luis-caputo-se-queda-sin-dolares-para-vender-despues-de-la-eleccion\\\/#primaryimage\",\"url\":\"https:\\\/\\\/www.eldiariodetucuman.com\\\/web\\\/wp-content\\\/uploads\\\/2025\\\/09\\\/Cual-es-el-plan-del-Gobierno-si-Luis-Caputo-se.png\",\"contentUrl\":\"https:\\\/\\\/www.eldiariodetucuman.com\\\/web\\\/wp-content\\\/uploads\\\/2025\\\/09\\\/Cual-es-el-plan-del-Gobierno-si-Luis-Caputo-se.png\",\"width\":790,\"height\":445},{\"@type\":\"BreadcrumbList\",\"@id\":\"https:\\\/\\\/www.eldiariodetucuman.com\\\/web\\\/cual-es-el-plan-del-gobierno-si-luis-caputo-se-queda-sin-dolares-para-vender-despues-de-la-eleccion\\\/#breadcrumb\",\"itemListElement\":[{\"@type\":\"ListItem\",\"position\":1,\"name\":\"Portada\",\"item\":\"https:\\\/\\\/www.eldiariodetucuman.com\\\/web\\\/\"},{\"@type\":\"ListItem\",\"position\":2,\"name\":\"Cu\u00e1l es el plan del Gobierno si Luis Caputo se queda sin d\u00f3lares para vender despu\u00e9s de la elecci\u00f3n\"}]},{\"@type\":\"WebSite\",\"@id\":\"https:\\\/\\\/www.eldiariodetucuman.com\\\/web\\\/#website\",\"url\":\"https:\\\/\\\/www.eldiariodetucuman.com\\\/web\\\/\",\"name\":\"El Diario de Tucuman\",\"description\":\"Diario Tucuman - Informaci\u00f3n y noticias\",\"publisher\":{\"@id\":\"https:\\\/\\\/www.eldiariodetucuman.com\\\/web\\\/#organization\"},\"potentialAction\":[{\"@type\":\"SearchAction\",\"target\":{\"@type\":\"EntryPoint\",\"urlTemplate\":\"https:\\\/\\\/www.eldiariodetucuman.com\\\/web\\\/?s={search_term_string}\"},\"query-input\":{\"@type\":\"PropertyValueSpecification\",\"valueRequired\":true,\"valueName\":\"search_term_string\"}}],\"inLanguage\":\"es\"},{\"@type\":\"Organization\",\"@id\":\"https:\\\/\\\/www.eldiariodetucuman.com\\\/web\\\/#organization\",\"name\":\"El Diario de Tucuman\",\"url\":\"https:\\\/\\\/www.eldiariodetucuman.com\\\/web\\\/\",\"logo\":{\"@type\":\"ImageObject\",\"inLanguage\":\"es\",\"@id\":\"https:\\\/\\\/www.eldiariodetucuman.com\\\/web\\\/#\\\/schema\\\/logo\\\/image\\\/\",\"url\":\"http:\\\/\\\/www.eldiariodetucuman.com\\\/web\\\/wp-content\\\/uploads\\\/2017\\\/12\\\/el-diario-de-tucuman.jpg\",\"contentUrl\":\"http:\\\/\\\/www.eldiariodetucuman.com\\\/web\\\/wp-content\\\/uploads\\\/2017\\\/12\\\/el-diario-de-tucuman.jpg\",\"width\":272,\"height\":92,\"caption\":\"El Diario de Tucuman\"},\"image\":{\"@id\":\"https:\\\/\\\/www.eldiariodetucuman.com\\\/web\\\/#\\\/schema\\\/logo\\\/image\\\/\"}},{\"@type\":\"Person\",\"@id\":\"https:\\\/\\\/www.eldiariodetucuman.com\\\/web\\\/#\\\/schema\\\/person\\\/9250197d75ab5483412e19678b121caa\",\"name\":\"admin\",\"image\":{\"@type\":\"ImageObject\",\"inLanguage\":\"es\",\"@id\":\"https:\\\/\\\/secure.gravatar.com\\\/avatar\\\/c44d117c2be811212c22cb481f6b8384b6873de103fbc49e7a03cc58d7dea4ac?s=96&d=mm&r=g\",\"url\":\"https:\\\/\\\/secure.gravatar.com\\\/avatar\\\/c44d117c2be811212c22cb481f6b8384b6873de103fbc49e7a03cc58d7dea4ac?s=96&d=mm&r=g\",\"contentUrl\":\"https:\\\/\\\/secure.gravatar.com\\\/avatar\\\/c44d117c2be811212c22cb481f6b8384b6873de103fbc49e7a03cc58d7dea4ac?s=96&d=mm&r=g\",\"caption\":\"admin\"},\"url\":\"https:\\\/\\\/www.eldiariodetucuman.com\\\/web\\\/author\\\/admin\\\/\"}]}<\/script>\n<!-- \/ Yoast SEO plugin. -->","yoast_head_json":{"title":"Cu\u00e1l es el plan del Gobierno si Luis Caputo se queda sin d\u00f3lares para vender despu\u00e9s de la elecci\u00f3n - El Diario de Tucuman","robots":{"index":"index","follow":"follow","max-snippet":"max-snippet:-1","max-image-preview":"max-image-preview:large","max-video-preview":"max-video-preview:-1"},"canonical":"https:\/\/www.eldiariodetucuman.com\/web\/cual-es-el-plan-del-gobierno-si-luis-caputo-se-queda-sin-dolares-para-vender-despues-de-la-eleccion\/","og_locale":"es_ES","og_type":"article","og_title":"Cu\u00e1l es el plan del Gobierno si Luis Caputo se queda sin d\u00f3lares para vender despu\u00e9s de la elecci\u00f3n - El Diario de Tucuman","og_description":"A pesar del bajo perfil adoptado, el ministro de Econom\u00eda eval\u00faa c\u00f3mo seguir para estabilizar el mercado del d\u00f3lar y las tasas. El ministro\u00a0Luis Caputo\u00a0piensa en verde. Mejor dicho, verde\u00a0d\u00f3lar. La econom\u00eda atraviesa un momento cr\u00edtico a las puertas de las\u00a0elecciones legislativas en la provincia de Buenos Aires. La incertidumbre pol\u00edtica, combinada con la presi\u00f3n [&hellip;]","og_url":"https:\/\/www.eldiariodetucuman.com\/web\/cual-es-el-plan-del-gobierno-si-luis-caputo-se-queda-sin-dolares-para-vender-despues-de-la-eleccion\/","og_site_name":"El Diario de Tucuman","article_published_time":"2025-09-07T17:55:15+00:00","author":"admin","twitter_card":"summary_large_image","twitter_misc":{"Escrito por":"admin","Tiempo de lectura":"6 minutos"},"schema":{"@context":"https:\/\/schema.org","@graph":[{"@type":"Article","@id":"https:\/\/www.eldiariodetucuman.com\/web\/cual-es-el-plan-del-gobierno-si-luis-caputo-se-queda-sin-dolares-para-vender-despues-de-la-eleccion\/#article","isPartOf":{"@id":"https:\/\/www.eldiariodetucuman.com\/web\/cual-es-el-plan-del-gobierno-si-luis-caputo-se-queda-sin-dolares-para-vender-despues-de-la-eleccion\/"},"author":{"name":"admin","@id":"https:\/\/www.eldiariodetucuman.com\/web\/#\/schema\/person\/9250197d75ab5483412e19678b121caa"},"headline":"Cu\u00e1l es el plan del Gobierno si Luis Caputo se queda sin d\u00f3lares para vender despu\u00e9s de la elecci\u00f3n","datePublished":"2025-09-07T17:55:15+00:00","mainEntityOfPage":{"@id":"https:\/\/www.eldiariodetucuman.com\/web\/cual-es-el-plan-del-gobierno-si-luis-caputo-se-queda-sin-dolares-para-vender-despues-de-la-eleccion\/"},"wordCount":1175,"publisher":{"@id":"https:\/\/www.eldiariodetucuman.com\/web\/#organization"},"image":{"@id":"https:\/\/www.eldiariodetucuman.com\/web\/cual-es-el-plan-del-gobierno-si-luis-caputo-se-queda-sin-dolares-para-vender-despues-de-la-eleccion\/#primaryimage"},"thumbnailUrl":"https:\/\/www.eldiariodetucuman.com\/web\/wp-content\/uploads\/2025\/09\/Cual-es-el-plan-del-Gobierno-si-Luis-Caputo-se.png","articleSection":["Actualidad"],"inLanguage":"es"},{"@type":"WebPage","@id":"https:\/\/www.eldiariodetucuman.com\/web\/cual-es-el-plan-del-gobierno-si-luis-caputo-se-queda-sin-dolares-para-vender-despues-de-la-eleccion\/","url":"https:\/\/www.eldiariodetucuman.com\/web\/cual-es-el-plan-del-gobierno-si-luis-caputo-se-queda-sin-dolares-para-vender-despues-de-la-eleccion\/","name":"Cu\u00e1l es el plan del Gobierno si Luis Caputo se queda sin d\u00f3lares para vender despu\u00e9s de la elecci\u00f3n - El Diario de Tucuman","isPartOf":{"@id":"https:\/\/www.eldiariodetucuman.com\/web\/#website"},"primaryImageOfPage":{"@id":"https:\/\/www.eldiariodetucuman.com\/web\/cual-es-el-plan-del-gobierno-si-luis-caputo-se-queda-sin-dolares-para-vender-despues-de-la-eleccion\/#primaryimage"},"image":{"@id":"https:\/\/www.eldiariodetucuman.com\/web\/cual-es-el-plan-del-gobierno-si-luis-caputo-se-queda-sin-dolares-para-vender-despues-de-la-eleccion\/#primaryimage"},"thumbnailUrl":"https:\/\/www.eldiariodetucuman.com\/web\/wp-content\/uploads\/2025\/09\/Cual-es-el-plan-del-Gobierno-si-Luis-Caputo-se.png","datePublished":"2025-09-07T17:55:15+00:00","breadcrumb":{"@id":"https:\/\/www.eldiariodetucuman.com\/web\/cual-es-el-plan-del-gobierno-si-luis-caputo-se-queda-sin-dolares-para-vender-despues-de-la-eleccion\/#breadcrumb"},"inLanguage":"es","potentialAction":[{"@type":"ReadAction","target":["https:\/\/www.eldiariodetucuman.com\/web\/cual-es-el-plan-del-gobierno-si-luis-caputo-se-queda-sin-dolares-para-vender-despues-de-la-eleccion\/"]}]},{"@type":"ImageObject","inLanguage":"es","@id":"https:\/\/www.eldiariodetucuman.com\/web\/cual-es-el-plan-del-gobierno-si-luis-caputo-se-queda-sin-dolares-para-vender-despues-de-la-eleccion\/#primaryimage","url":"https:\/\/www.eldiariodetucuman.com\/web\/wp-content\/uploads\/2025\/09\/Cual-es-el-plan-del-Gobierno-si-Luis-Caputo-se.png","contentUrl":"https:\/\/www.eldiariodetucuman.com\/web\/wp-content\/uploads\/2025\/09\/Cual-es-el-plan-del-Gobierno-si-Luis-Caputo-se.png","width":790,"height":445},{"@type":"BreadcrumbList","@id":"https:\/\/www.eldiariodetucuman.com\/web\/cual-es-el-plan-del-gobierno-si-luis-caputo-se-queda-sin-dolares-para-vender-despues-de-la-eleccion\/#breadcrumb","itemListElement":[{"@type":"ListItem","position":1,"name":"Portada","item":"https:\/\/www.eldiariodetucuman.com\/web\/"},{"@type":"ListItem","position":2,"name":"Cu\u00e1l es el plan del Gobierno si Luis Caputo se queda sin d\u00f3lares para vender despu\u00e9s de la elecci\u00f3n"}]},{"@type":"WebSite","@id":"https:\/\/www.eldiariodetucuman.com\/web\/#website","url":"https:\/\/www.eldiariodetucuman.com\/web\/","name":"El Diario de Tucuman","description":"Diario Tucuman - Informaci\u00f3n y noticias","publisher":{"@id":"https:\/\/www.eldiariodetucuman.com\/web\/#organization"},"potentialAction":[{"@type":"SearchAction","target":{"@type":"EntryPoint","urlTemplate":"https:\/\/www.eldiariodetucuman.com\/web\/?s={search_term_string}"},"query-input":{"@type":"PropertyValueSpecification","valueRequired":true,"valueName":"search_term_string"}}],"inLanguage":"es"},{"@type":"Organization","@id":"https:\/\/www.eldiariodetucuman.com\/web\/#organization","name":"El Diario de Tucuman","url":"https:\/\/www.eldiariodetucuman.com\/web\/","logo":{"@type":"ImageObject","inLanguage":"es","@id":"https:\/\/www.eldiariodetucuman.com\/web\/#\/schema\/logo\/image\/","url":"http:\/\/www.eldiariodetucuman.com\/web\/wp-content\/uploads\/2017\/12\/el-diario-de-tucuman.jpg","contentUrl":"http:\/\/www.eldiariodetucuman.com\/web\/wp-content\/uploads\/2017\/12\/el-diario-de-tucuman.jpg","width":272,"height":92,"caption":"El Diario de Tucuman"},"image":{"@id":"https:\/\/www.eldiariodetucuman.com\/web\/#\/schema\/logo\/image\/"}},{"@type":"Person","@id":"https:\/\/www.eldiariodetucuman.com\/web\/#\/schema\/person\/9250197d75ab5483412e19678b121caa","name":"admin","image":{"@type":"ImageObject","inLanguage":"es","@id":"https:\/\/secure.gravatar.com\/avatar\/c44d117c2be811212c22cb481f6b8384b6873de103fbc49e7a03cc58d7dea4ac?s=96&d=mm&r=g","url":"https:\/\/secure.gravatar.com\/avatar\/c44d117c2be811212c22cb481f6b8384b6873de103fbc49e7a03cc58d7dea4ac?s=96&d=mm&r=g","contentUrl":"https:\/\/secure.gravatar.com\/avatar\/c44d117c2be811212c22cb481f6b8384b6873de103fbc49e7a03cc58d7dea4ac?s=96&d=mm&r=g","caption":"admin"},"url":"https:\/\/www.eldiariodetucuman.com\/web\/author\/admin\/"}]}},"_links":{"self":[{"href":"https:\/\/www.eldiariodetucuman.com\/web\/wp-json\/wp\/v2\/posts\/45584","targetHints":{"allow":["GET"]}}],"collection":[{"href":"https:\/\/www.eldiariodetucuman.com\/web\/wp-json\/wp\/v2\/posts"}],"about":[{"href":"https:\/\/www.eldiariodetucuman.com\/web\/wp-json\/wp\/v2\/types\/post"}],"author":[{"embeddable":true,"href":"https:\/\/www.eldiariodetucuman.com\/web\/wp-json\/wp\/v2\/users\/1"}],"replies":[{"embeddable":true,"href":"https:\/\/www.eldiariodetucuman.com\/web\/wp-json\/wp\/v2\/comments?post=45584"}],"version-history":[{"count":0,"href":"https:\/\/www.eldiariodetucuman.com\/web\/wp-json\/wp\/v2\/posts\/45584\/revisions"}],"wp:featuredmedia":[{"embeddable":true,"href":"https:\/\/www.eldiariodetucuman.com\/web\/wp-json\/wp\/v2\/media\/45585"}],"wp:attachment":[{"href":"https:\/\/www.eldiariodetucuman.com\/web\/wp-json\/wp\/v2\/media?parent=45584"}],"wp:term":[{"taxonomy":"category","embeddable":true,"href":"https:\/\/www.eldiariodetucuman.com\/web\/wp-json\/wp\/v2\/categories?post=45584"},{"taxonomy":"post_tag","embeddable":true,"href":"https:\/\/www.eldiariodetucuman.com\/web\/wp-json\/wp\/v2\/tags?post=45584"}],"curies":[{"name":"wp","href":"https:\/\/api.w.org\/{rel}","templated":true}]}}