{"id":45581,"date":"2025-09-06T22:25:06","date_gmt":"2025-09-07T01:25:06","guid":{"rendered":"https:\/\/www.eldiariodetucuman.com\/web\/gane-o-pierda-milei-se-asoma-a-un-punto-de-inflexion\/"},"modified":"2025-09-06T22:25:08","modified_gmt":"2025-09-07T01:25:08","slug":"gane-o-pierda-milei-se-asoma-a-un-punto-de-inflexion","status":"publish","type":"post","link":"https:\/\/www.eldiariodetucuman.com\/web\/gane-o-pierda-milei-se-asoma-a-un-punto-de-inflexion\/","title":{"rendered":"Gane o pierda, Milei se asoma a un punto de inflexi\u00f3n"},"content":{"rendered":"<p><\/p>\n<p class=\"com-paragraph  --capital --s\">El mito de la infalibilidad de <strong>Javier Milei<\/strong> se construy\u00f3 sobre tres pilares. Solvencia t\u00e9cnica, reflejada en una planificaci\u00f3n milim\u00e9trica del programa econ\u00f3mico. Un mensaje \u00e9tico orientado al combate de los desalmados que usan el Estado para enriquecerse. Y una m\u00edstica grupal que infunde lazos religiosos entre sus seguidores. Todo ese edificio narrativo tambalea en el momento m\u00e1s inoportuno. \u00a0<\/p>\n<p class=\"com-paragraph   --s\">Los d\u00edas previos a las elecciones en la provincia de Buenos Aires se sucedieron como un calvario para el gobierno libertario. Milei empez\u00f3 la campa\u00f1a en un pico de optimismo, que lo llev\u00f3 a convertir unos comicios de fuerte impronta municipal en una cruzada para terminar con el kirchnerismo. La termin\u00f3 enredado en una severa crisis de confianza, con su dispositivo de gobernabilidad averiado, los mercados en alerta y un manifiesto esp\u00edritu de desuni\u00f3n entre los propios.\u00a0<\/p>\n<p class=\"com-paragraph   --s\">El resultado que se conocer\u00e1 en la noche del domingo pondr\u00e1 a Milei ante un punto de inflexi\u00f3n. El \u201cempate t\u00e9cnico\u201d que pronostic\u00f3 antes de la veda o una victoria de la alianza entre <strong>La Libertad Avanza (LLA) <\/strong>y el <strong>Pro <\/strong>le permitir\u00edan detener una da\u00f1ina espiral de incertidumbre. Pero dif\u00edcilmente le alcanzar\u00edan para acomodar m\u00e1gicamente todo lo que se sali\u00f3 de lugar. \u00a0<\/p>\n<p class=\"com-paragraph   --s\">Lo que est\u00e1 en juego en las urnas bonaerenses es en qu\u00e9 clima tendr\u00e1 que iniciar Milei la reconstrucci\u00f3n de su pol\u00edtica cambiaria -emparchada de urgencia el martes pasado-, de su equipo de colaboradores y de las alianzas requeridas para gobernar en minor\u00eda parlamentaria, una condici\u00f3n que no se arreglar\u00e1\u00a0en este turno electoral. \u00a0<\/p>\n<p class=\"com-paragraph   --s\">\u00bfHabr\u00e1 sosiego al final del escrutinio? Las sospechas de corrupci\u00f3n en el \u00e1rea de Discapacidad, instaladas con la difusi\u00f3n de los <strong>audios de Diego Spagnuolo<\/strong>, afectaron no solo la popularidad de los hermanos Milei, sino tambi\u00e9n su \u00e1nimo. Una <strong>atm\u00f3sfera persecutoria <\/strong>rodea a la Casa Rosada sobre todo desde que se conocieron grabaciones clandestinas a Karina Milei. \u00a0<\/p>\n<p class=\"com-paragraph   --s\">La reacci\u00f3n agot\u00f3 todo atisbo de templanza en la cima del poder. Se orden\u00f3 una exhaustiva revisi\u00f3n de todos los despachos relevantes, en busca de micr\u00f3fonos ocultos. No apareci\u00f3 nada. Lo mismo se hizo en las salas nobles de la C\u00e1mara de Diputados, se\u00f1or\u00edo de los Menem. La secretaria general de la Presidencia impuls\u00f3 una demanda judicial para prohibir la publicaci\u00f3n de cualquier grabaci\u00f3n de su voz. Un juez civil y comercial, Alejandro Patricio Maraniello, le dio el gusto de imponer una <strong>censura previa en nombre de la libertad<\/strong>. \u00a0<\/p>\n<p>Karina Milei, en MorenoHern\u00e1n Zenteno &#8211; La Nacion<\/p>\n<p class=\"com-paragraph   --s\">A la jugada se zambull\u00f3 Patricia Bullrich con un escrito en el que le pidi\u00f3 a la justicia federal que allanara a periodistas y medios en busca de informaci\u00f3n sobre las grabaciones al \u201cJefe\u201d, como llama Milei a su hermana. Lo quiso negar cuando le recordaron en televisi\u00f3n su antiguo af\u00e1n por defender la inviolabilidad de las fuentes period\u00edsticas. Le sali\u00f3 mal.\u00a0<\/p>\n<p>Bullrich, sobre los pedidos de allanamientos a periodistas<\/p>\n<p class=\"com-paragraph   --s\">El Gobierno denunci\u00f3 <strong>una conjura internacional<\/strong> en la que ubic\u00f3 a los servicios rusos, el gobierno de Venezuela y la AFA, mezclados con la diputada <strong>Marcela Pagano<\/strong>, que entr\u00f3 al Congreso como protegida de Milei hace apenas dos a\u00f1os. Todo con el objetivo de afectar a los hermanos libertarios, socavar la seguridad nacional y allanar el regreso del kirchnerismo al poder.\u00a0<\/p>\n<p class=\"com-paragraph   --s\">Es un relato victimista que traza una explicaci\u00f3n para los problemas del oficialismo, pero no ofrece respuestas a los dichos atribuidos a Spagnuolo sobre un supuesto sistema de retornos en la compra de drogas para el \u00e1rea de Discapacidad. \u00bfC\u00f3mo encaja un amigo \u00edntimo del Presidente, asiduo concurrente a las veladas dominicales de \u00f3pera en la residencia de Olivos, en el complot mal\u00e9fico gestado por Putin, Maduro y el Chiqui Tapia?\u00a0<\/p>\n<p class=\"com-paragraph   --s\">Bullrich consider\u00f3 un agravante que los encargados de la operaci\u00f3n hubieran guardado durante un a\u00f1o los audios de Spagnuolo para darlos a conocer en la campa\u00f1a electoral. No se pregunt\u00f3 si lo que dec\u00eda en esas charlas imp\u00fadicas era cierto o no y c\u00f3mo pudo ser que nadie hubiera prevenido al Presidente durante todo ese tiempo de lo que iba diciendo por ah\u00ed un funcionario que alguna vez lo represent\u00f3 como abogado. <\/p>\n<p class=\"com-paragraph   --s\">El esc\u00e1ndalo reaviv\u00f3 la tendencia obscena en el ambiente libertario a grabarse entre ellos a escondidas. Al exjefe de Gabinete <strong>Nicol\u00e1s Posse<\/strong> lo expulsaron bajo la acusaci\u00f3n (nunca comprobada) de hacer espionaje interno. Desde antes de llegar al poder candidatos, legisladores y funcionarios se revolean audios por los medios o redes sociales al comp\u00e1s de sus rabietas internas. <\/p>\n<p class=\"com-paragraph   --s\">Quien m\u00e1s se acerc\u00f3 a repudiar a Spagnuolo fue Milei. Prometi\u00f3 denunciarlo penalmente hace 10 d\u00edas, pero a\u00fan no lo hizo. El exfuncionario deja trascender que podr\u00eda declarar como arrepentido en la causa judicial. Las amenazas cruzadas congelan la situaci\u00f3n. \u00a0<\/p>\n<p>El acto de cierre de campa\u00f1a del presidente Javier Milei para la elecciones en la provincia de Buenos Aires Hern\u00e1n Zenteno &#8211; La Nacion<\/p>\n<p class=\"com-paragraph   --s\">Un relativo alivio era palpable en el oficialismo porque no aparecieron nuevos audios comprometedores en las v\u00edsperas de la votaci\u00f3n. Pero sobrevolaba una inc\u00f3gnita sobre la conveniencia de la estrategia judicial elegida. \u00bfLa desesperaci\u00f3n por censurar unas grabaciones en apariencia insulsas no habr\u00e1 alimentado la suspicacia de que Karina Milei tiene algo que ocultar?\u00a0<\/p>\n<p class=\"com-paragraph   --s\">Milei se encarg\u00f3 de reivindicarla en p\u00fablico. Y le pidi\u00f3 que se quedara en Buenos Aires mientras \u00e9l viaj\u00f3 a <strong>Los \u00c1ngeles<\/strong>, como se\u00f1al de que la Casa Rosada quedaba bajo control familiar en esas horas de estr\u00e9pito.<\/p>\n<p class=\"com-paragraph   --s\">El Presidente se llev\u00f3 a <strong>Luis Caputo<\/strong>. Fue una forma de mostrar unidad en el mando econ\u00f3mico en horas en las que corr\u00edan versiones de un distanciamiento entre ellos a ra\u00edz de filtraciones surgidas desde el Palacio de Hacienda que atribuyen a Milei \u2013y no a Caputo- la autor\u00eda intelectual de una serie de decisiones que afectaron la pol\u00edtica aplicada desde el acuerdo con el <strong>Fondo Monetario Internacional (FMI)<\/strong>.\u00a0<\/p>\n<p>Luis Caputo, antes de viajar a Los \u00c1ngeles con Milei; detr\u00e1s, Santiago  Bausili, presidente del BCRARicardo Pristupluk &#8211; LA NACION<\/p>\n<p class=\"com-paragraph   --s\">La presi\u00f3n sobre el mercado de cambios deriv\u00f3 en el anuncio de que el Tesoro intervendr\u00e1 dentro de las bandas de flotaci\u00f3n anunciadas en abril. Fue como arriar una bandera gigante. <strong>\u201c\u00a1El d\u00f3lar flooooooota!\u201d<\/strong>, gritaban Milei, Caputo y todo el equipo econ\u00f3mico para burlarse de los t\u00e9cnicos que se\u00f1alaban inconsistencias en el programa\u00a0cambiario. Negar la intervenci\u00f3n estatal en el mercado era un dogma. C\u00f3mo olvidar el <strong>\u201ccompr\u00e1, campe\u00f3n, no te la pierdas\u201d <\/strong>del ministro. Pas\u00f3 una vida: fue el 1 de julio.<\/p>\n<p class=\"com-paragraph   --s\">El nuevo parche le sirvi\u00f3 al Gobierno para tapar una olla a presi\u00f3n. Pero al costo de vender unos 500 millones de d\u00f3lares en cuatro d\u00edas. Y algo peor: tuvo que romper una regla firmada con el FMI y anunciada por el Presidente. La confianza se construye cuando las normas se cumplen en los momentos dif\u00edciles. <\/p>\n<p class=\"com-paragraph   --s\">El mercado recela de la improvisaci\u00f3n. Milei y Caputo lo saben, a juzgar por su costumbre de presentar\u00a0sus medidas como fruto de un fr\u00edo c\u00e1lculo dise\u00f1ado en tiempos inmemoriales. <strong>El volantazo inocultable del martes pasado confirm\u00f3 la expectativa de que habr\u00e1 un nuevo esquema cambiario despu\u00e9s del proceso electoral<\/strong>. Lo que garantiza al menos dos meses de inestabilidad hasta las legislativas de finales de octubre.\u00a0<\/p>\n<p class=\"com-paragraph   --s\">A la agitaci\u00f3n financiera se sum\u00f3 otro Vietnam en el Congreso. La oposici\u00f3n <strong>dio vuelta el veto de Milei a la emergencia en discapacidad<\/strong> con el voto de todos los senadores salvo los libertarios y la bullrichista <strong>Carmen \u00c1lvarez Rivero<\/strong>. Otra mayor\u00eda abrumadora dio el primer paso hacia la aprobaci\u00f3n de <strong>una ley que limitar\u00eda el uso de decretos para gobernar<\/strong>.<\/p>\n<p>El kirchnerismo se anot\u00f3 un triunfo en el Senado: lo acompa\u00f1\u00f3 casi toda la oposici\u00f3nSoledad Aznarez<\/p>\n<p class=\"com-paragraph   --s\">Los libertarios van desamparados a las sesiones. Hasta los aliados del Pro arrastran los pies. La ruptura de los pactos con los gobernadores que le permiti\u00f3 a Milei gestionar con pocos sobresaltos en 2024 ha sido una fuente de debilidad institucional. <strong>Para muchos opositores moderados se rompi\u00f3 el tab\u00fa de \u201cvotar con el kirchnerismo\u201d.<\/strong> El Presidente minimiz\u00f3 el efecto porque cre\u00eda a ciegas en un <strong>triunfo arrasador <\/strong>en las elecciones que obligar\u00eda a los d\u00edscolos a volver, arrodillados, a pedir clemencia. \u00a0<\/p>\n<p class=\"com-paragraph   --s\">Ese escenario est\u00e1 hoy en dudas. Los gobernadores, obsesionados con blindar sus territorios, empezaron a explorar una alianza nacional de cara a 2027. Se convencieron de que Milei nunca los admitir\u00e1 en su para\u00edso libertario y que <strong>solo les propone el trato del escorpi\u00f3n<\/strong>: picarlos en pleno cruce del r\u00edo. La foto de casi todos los gobernadores en ronda durante la fiesta aniversario del diario Clar\u00edn, el lunes pasado, fue un mensaje pol\u00edtico que el ala racional de la Casa Rosada ley\u00f3 con preocupaci\u00f3n. \u00a0<\/p>\n<p class=\"com-paragraph   --s\">La derrota con la ley de discapacidad expuso al mile\u00edsmo a otro episodio inc\u00f3modo. Fue cuando el propagandista <strong>Daniel Parisini (Gordo Dan) <\/strong>emiti\u00f3 un tuit aberrante contra el senador <strong>Luis Juez<\/strong>,<strong> <\/strong>que vot\u00f3 con la oposici\u00f3n y aleg\u00f3 que lo hac\u00eda en nombre de su hija con par\u00e1lisis cerebral. El jefe de Gabinete, <strong>Guillermo Francos<\/strong>, sinti\u00f3 la necesidad de condenar la brutalidad de Parisini. \u201cEste se\u00f1or no forma parte del Gobierno\u201d, dijo. Parisini insisti\u00f3 con su ataque a Juez y se permiti\u00f3 recordarle a Francos su pasado como funcionario de la administraci\u00f3n de <strong>Alberto Fern\u00e1ndez<\/strong> (fue representante argentino en el BID).\u00a0<\/p>\n<p class=\"com-paragraph   --s\">Las redes libertarias estallaron con comentarios a favor de uno y de otro. Parisini suele cobijar a Milei en su canal de streaming, Carajo. A su mesa concurren Luis Caputo y su equipo econ\u00f3mico a explicar los detalles del programa entre risotadas, elogios y cargadas a los rivales. Y, lejos de ser un mero comunicador deslenguado,\u00a0es\u00a0<strong>\u00edntimo de Santiago Caputo<\/strong>, que le encomend\u00f3 liderar la agrupaci\u00f3n\u00a0Las Fuerzas del Cielo. \u00bfFue su r\u00e1faga despectiva contra Francos una forma de cobrarse tard\u00edamente la derrota de su sector en el reparto de candidaturas de LLA? \u00a0<\/p>\n<p>Santiago Caputo en la Asamblea Legislativa del 1 de marzo pasado, con Sebasti\u00e1n Amerio y el \u00abGordo Dan\u00bbRodrigo Nespolo<\/p>\n<p class=\"com-paragraph   --s\">Lo \u00fanico seguro es que hasta el mensaje contra Juez los tuiteros caputistas parec\u00edan en huelga de dedos ca\u00eddos, mientras la temperatura de las redes la marcaban los antimile\u00edstas, con jingles sobre las coimas y burlas a <strong>Karina<\/strong>. \u00a0<\/p>\n<p class=\"com-paragraph   --s\">Tampoco es que los ganadores de las listas garanticen un upgrade de calidad institucional. Milei pidi\u00f3 por un lugar expectante en la n\u00f3mina de candidatos a diputados por Buenos Aires para <strong>Sergio Figliuolo, alias \u201cTronco\u201d<\/strong>, compa\u00f1ero de micr\u00f3fono de Alejandro Fantino. Despu\u00e9s del acto de cierre de campa\u00f1a del Presidente en Moreno, el probable futuro legislador nacional dijo que el conurbano <strong>\u201ces <\/strong><strong>the walking dead<\/strong><strong>\u201d <\/strong>y que los vecinos que protestaban contra los libertarios en la zona <strong>\u201ceran 25 monos sin dientes tirando piedras\u201d<\/strong>.\u00a0<\/p>\n<p>Francotiradore y elicopteros y mucha seguridad en los momentos previos al acto de cierre de La Libertad Avanza (LLA) de cara a las elecciones bonaerenses . Predio del club Villa \u00e7ngela de la localidad de Trujuy, en el coraz\u00f3n de MorenoHernan Zenteno<\/p>\n<p class=\"com-paragraph   --s\">Milei lleg\u00f3 a ese acto de cierre mientras circulaban en la Casa Rosada encuestas poco favorables para LLA de cara a las legislativas bonaerenses de este domingo. Suficiente para hacerlo abrir el paraguas, hablar de un \u201cempate t\u00e9cnico\u201d y apelar, desde el dramatismo, a la participaci\u00f3n. \u00a0<\/p>\n<p class=\"com-paragraph   --s\">No se baj\u00f3 de la narrativa que se impuso al inicio de la campa\u00f1a, cuando \u00e9ramos tan j\u00f3venes y pocos sab\u00edan qui\u00e9n era Spagnuolo. <strong>\u201cKirchnerismo nunca m\u00e1s\u201d <\/strong>se pens\u00f3 como un eslogan maximalista, anclado en un optimismo a prueba de balas. Cuando la econom\u00eda navegaba en aguas estables, el logro de la baja inflacionaria parec\u00eda blindado, el peronismo se hund\u00eda en sus rencores y Cristina Kirchner quedaba presa en su casa. <\/p>\n<p class=\"com-paragraph   --s\">La oferta se redujo a demonizar al enemigo. Lo mismo hizo <strong>Axel Kicillof<\/strong>. La polarizaci\u00f3n es un ticket al autoenga\u00f1o. En el peronismo se ilusionan con festejar en medio de este momento de fragilidad libertaria. <strong>\u00bfPodr\u00e1 un eventual triunfo de Fuerza Patria curar los odios ancestrales que dividen a sus integrantes?<\/strong> \u00bfPuede Kicillof considerarse ganador si el hipot\u00e9tico \u00e9xito fuera obra de los caciquejos municipales del partido? Para \u00e9l, ganar es un acto de supervivencia. Solo despu\u00e9s podr\u00e1 so\u00f1ar con un camino hacia el liderazgo nacional. <strong>Enfrente tendr\u00e1, antes que nadie, a Cristina y M\u00e1ximo Kirchner. \u00a0<\/strong><\/p>\n<p>El cierre de Kicillof en Pilar; un acto que termin\u00f3 con el gobernador en el escenario mientras se pasaba un audio de Cristina KirchnerDiego Nasello &#8211; Prensa Gobernaci\u00f3n<\/p>\n<p class=\"com-paragraph   --s\">Milei no distingue entre kirchneristas. <strong>Los llam\u00f3 \u201cchanchos sucios\u201d.<\/strong> Los acus\u00f3 de haber convertido a Buenos Aires en un<strong> gran chiquero<\/strong> y en un ba\u00f1o de sangre en los \u00faltimos 20 a\u00f1os de gobierno provincial. Por suerte no estaba para corregirlo su secretario de Ambiente, <strong>Daniel Scioli<\/strong>, gobernador en un tercio de ese per\u00edodo y a quien el propio Presidente asesoraba durante la aventura.\u00a0<\/p>\n<p class=\"com-paragraph   --s\">Al calor del discurso, Milei volvi\u00f3 a incurrir en lapsus. <strong>\u201c\u00a1Los kirchneristas te rompen las piernas, compran las muletas con sobreprecios y te exigen que les des las gracias! \u00a1Son unos delincuentes!\u201d<\/strong>, bram\u00f3. Falt\u00f3 que la cara de Spagnuolo se recortara en las pantallas gigantes.\u00a0<\/p>\n<p class=\"com-paragraph   --s\">Entre el p\u00fablico aplaud\u00eda Patricia Bullrich, a quien esta vez <strong>le fall\u00f3 el ojo de lince que la ayuda a detectar barrabravas en lugares<\/strong>. Una investigaci\u00f3n del periodista <strong>Gustavo Grabia<\/strong> revel\u00f3 c\u00f3mo le franquearon el ingreso al acto a una docena de <strong>barras encapuchados<\/strong> de River y otros clubes. Al parecer cumplieron \u201cfunciones de seguridad\u201d en previsi\u00f3n de desbordes de bandas enemigas. <strong>A veces, el que las hace las cobra. \u00a0<\/strong><\/p>\n<p>Los encapuchados, identificados luego como barrabravas, a quienes les franquearon el acceso al acto de LLA en MorenoNicol\u00e1s Su\u00e1rez<\/p>\n<p class=\"com-paragraph   --s\">Todo vale para el \u201cnunca m\u00e1s\u201d antikirchnerista. Aunque la polarizaci\u00f3n extrema configure la paradoja que condiciona el futuro de Milei: lo que funciona como truco electoral, va en contra de los intereses de un gobierno urgido de consensos para aprobar las reformas contempladas en su plan.\u00a0\u00a0<\/p>\n<p><a href=\"https:\/\/www.lanacion.com.ar\/politica\/gane-o-pierda-milei-se-asoma-a-un-punto-de-inflexion-nid06092025\/\">Fuente de la nota <\/a><\/p>\n","protected":false},"excerpt":{"rendered":"<p>El mito de la infalibilidad de Javier Milei se construy\u00f3 sobre tres pilares. Solvencia t\u00e9cnica, reflejada en una planificaci\u00f3n milim\u00e9trica del programa econ\u00f3mico. Un mensaje \u00e9tico orientado al combate de los desalmados que usan el Estado para enriquecerse. Y una m\u00edstica grupal que infunde lazos religiosos entre sus seguidores. Todo ese edificio narrativo tambalea en [&hellip;]<\/p>\n","protected":false},"author":5,"featured_media":45582,"comment_status":"closed","ping_status":"open","sticky":false,"template":"","format":"standard","meta":{"footnotes":""},"categories":[3],"tags":[],"class_list":{"0":"post-45581","1":"post","2":"type-post","3":"status-publish","4":"format-standard","5":"has-post-thumbnail","7":"category-politica"},"yoast_head":"<!-- This site is optimized with the Yoast SEO plugin v27.5 - https:\/\/yoast.com\/product\/yoast-seo-wordpress\/ -->\n<title>Gane o pierda, Milei se asoma a un punto de inflexi\u00f3n - El Diario de Tucuman<\/title>\n<meta name=\"robots\" content=\"index, follow, max-snippet:-1, max-image-preview:large, max-video-preview:-1\" \/>\n<link rel=\"canonical\" href=\"https:\/\/www.eldiariodetucuman.com\/web\/gane-o-pierda-milei-se-asoma-a-un-punto-de-inflexion\/\" \/>\n<meta property=\"og:locale\" content=\"es_ES\" \/>\n<meta property=\"og:type\" content=\"article\" \/>\n<meta property=\"og:title\" content=\"Gane o pierda, Milei se asoma a un punto de inflexi\u00f3n - El Diario de Tucuman\" \/>\n<meta property=\"og:description\" content=\"El mito de la infalibilidad de Javier Milei se construy\u00f3 sobre tres pilares. Solvencia t\u00e9cnica, reflejada en una planificaci\u00f3n milim\u00e9trica del programa econ\u00f3mico. Un mensaje \u00e9tico orientado al combate de los desalmados que usan el Estado para enriquecerse. Y una m\u00edstica grupal que infunde lazos religiosos entre sus seguidores. Todo ese edificio narrativo tambalea en [&hellip;]\" \/>\n<meta property=\"og:url\" content=\"https:\/\/www.eldiariodetucuman.com\/web\/gane-o-pierda-milei-se-asoma-a-un-punto-de-inflexion\/\" \/>\n<meta property=\"og:site_name\" content=\"El Diario de Tucuman\" \/>\n<meta property=\"article:published_time\" content=\"2025-09-07T01:25:06+00:00\" \/>\n<meta property=\"article:modified_time\" content=\"2025-09-07T01:25:08+00:00\" \/>\n<meta property=\"og:image\" content=\"https:\/\/www.eldiariodetucuman.com\/web\/wp-content\/uploads\/2025\/09\/los-hermanos-milei-abrazados-en-el-acto-de-cierre-IADJEXFSU5HQNEPL44DC2K4OZM.JPG\" \/>\n\t<meta property=\"og:image:width\" content=\"1200\" \/>\n\t<meta property=\"og:image:height\" content=\"800\" \/>\n\t<meta property=\"og:image:type\" content=\"image\/jpeg\" \/>\n<meta name=\"author\" content=\"Redactor Uno\" \/>\n<meta name=\"twitter:card\" content=\"summary_large_image\" \/>\n<meta name=\"twitter:label1\" content=\"Escrito por\" \/>\n\t<meta name=\"twitter:data1\" content=\"Redactor Uno\" \/>\n\t<meta name=\"twitter:label2\" content=\"Tiempo de lectura\" \/>\n\t<meta name=\"twitter:data2\" content=\"12 minutos\" \/>\n<script type=\"application\/ld+json\" class=\"yoast-schema-graph\">{\"@context\":\"https:\\\/\\\/schema.org\",\"@graph\":[{\"@type\":\"Article\",\"@id\":\"https:\\\/\\\/www.eldiariodetucuman.com\\\/web\\\/gane-o-pierda-milei-se-asoma-a-un-punto-de-inflexion\\\/#article\",\"isPartOf\":{\"@id\":\"https:\\\/\\\/www.eldiariodetucuman.com\\\/web\\\/gane-o-pierda-milei-se-asoma-a-un-punto-de-inflexion\\\/\"},\"author\":{\"name\":\"Redactor Uno\",\"@id\":\"https:\\\/\\\/www.eldiariodetucuman.com\\\/web\\\/#\\\/schema\\\/person\\\/7e6644a46e60888f6b868594407e08dd\"},\"headline\":\"Gane o pierda, Milei se asoma a un punto de inflexi\u00f3n\",\"datePublished\":\"2025-09-07T01:25:06+00:00\",\"dateModified\":\"2025-09-07T01:25:08+00:00\",\"mainEntityOfPage\":{\"@id\":\"https:\\\/\\\/www.eldiariodetucuman.com\\\/web\\\/gane-o-pierda-milei-se-asoma-a-un-punto-de-inflexion\\\/\"},\"wordCount\":2449,\"publisher\":{\"@id\":\"https:\\\/\\\/www.eldiariodetucuman.com\\\/web\\\/#organization\"},\"image\":{\"@id\":\"https:\\\/\\\/www.eldiariodetucuman.com\\\/web\\\/gane-o-pierda-milei-se-asoma-a-un-punto-de-inflexion\\\/#primaryimage\"},\"thumbnailUrl\":\"https:\\\/\\\/www.eldiariodetucuman.com\\\/web\\\/wp-content\\\/uploads\\\/2025\\\/09\\\/los-hermanos-milei-abrazados-en-el-acto-de-cierre-IADJEXFSU5HQNEPL44DC2K4OZM.JPG\",\"articleSection\":[\"Politica\"],\"inLanguage\":\"es\"},{\"@type\":\"WebPage\",\"@id\":\"https:\\\/\\\/www.eldiariodetucuman.com\\\/web\\\/gane-o-pierda-milei-se-asoma-a-un-punto-de-inflexion\\\/\",\"url\":\"https:\\\/\\\/www.eldiariodetucuman.com\\\/web\\\/gane-o-pierda-milei-se-asoma-a-un-punto-de-inflexion\\\/\",\"name\":\"Gane o pierda, Milei se asoma a un punto de inflexi\u00f3n - El Diario de Tucuman\",\"isPartOf\":{\"@id\":\"https:\\\/\\\/www.eldiariodetucuman.com\\\/web\\\/#website\"},\"primaryImageOfPage\":{\"@id\":\"https:\\\/\\\/www.eldiariodetucuman.com\\\/web\\\/gane-o-pierda-milei-se-asoma-a-un-punto-de-inflexion\\\/#primaryimage\"},\"image\":{\"@id\":\"https:\\\/\\\/www.eldiariodetucuman.com\\\/web\\\/gane-o-pierda-milei-se-asoma-a-un-punto-de-inflexion\\\/#primaryimage\"},\"thumbnailUrl\":\"https:\\\/\\\/www.eldiariodetucuman.com\\\/web\\\/wp-content\\\/uploads\\\/2025\\\/09\\\/los-hermanos-milei-abrazados-en-el-acto-de-cierre-IADJEXFSU5HQNEPL44DC2K4OZM.JPG\",\"datePublished\":\"2025-09-07T01:25:06+00:00\",\"dateModified\":\"2025-09-07T01:25:08+00:00\",\"breadcrumb\":{\"@id\":\"https:\\\/\\\/www.eldiariodetucuman.com\\\/web\\\/gane-o-pierda-milei-se-asoma-a-un-punto-de-inflexion\\\/#breadcrumb\"},\"inLanguage\":\"es\",\"potentialAction\":[{\"@type\":\"ReadAction\",\"target\":[\"https:\\\/\\\/www.eldiariodetucuman.com\\\/web\\\/gane-o-pierda-milei-se-asoma-a-un-punto-de-inflexion\\\/\"]}]},{\"@type\":\"ImageObject\",\"inLanguage\":\"es\",\"@id\":\"https:\\\/\\\/www.eldiariodetucuman.com\\\/web\\\/gane-o-pierda-milei-se-asoma-a-un-punto-de-inflexion\\\/#primaryimage\",\"url\":\"https:\\\/\\\/www.eldiariodetucuman.com\\\/web\\\/wp-content\\\/uploads\\\/2025\\\/09\\\/los-hermanos-milei-abrazados-en-el-acto-de-cierre-IADJEXFSU5HQNEPL44DC2K4OZM.JPG\",\"contentUrl\":\"https:\\\/\\\/www.eldiariodetucuman.com\\\/web\\\/wp-content\\\/uploads\\\/2025\\\/09\\\/los-hermanos-milei-abrazados-en-el-acto-de-cierre-IADJEXFSU5HQNEPL44DC2K4OZM.JPG\",\"width\":1200,\"height\":800},{\"@type\":\"BreadcrumbList\",\"@id\":\"https:\\\/\\\/www.eldiariodetucuman.com\\\/web\\\/gane-o-pierda-milei-se-asoma-a-un-punto-de-inflexion\\\/#breadcrumb\",\"itemListElement\":[{\"@type\":\"ListItem\",\"position\":1,\"name\":\"Portada\",\"item\":\"https:\\\/\\\/www.eldiariodetucuman.com\\\/web\\\/\"},{\"@type\":\"ListItem\",\"position\":2,\"name\":\"Gane o pierda, Milei se asoma a un punto de inflexi\u00f3n\"}]},{\"@type\":\"WebSite\",\"@id\":\"https:\\\/\\\/www.eldiariodetucuman.com\\\/web\\\/#website\",\"url\":\"https:\\\/\\\/www.eldiariodetucuman.com\\\/web\\\/\",\"name\":\"El Diario de Tucuman\",\"description\":\"Diario Tucuman - Informaci\u00f3n y noticias\",\"publisher\":{\"@id\":\"https:\\\/\\\/www.eldiariodetucuman.com\\\/web\\\/#organization\"},\"potentialAction\":[{\"@type\":\"SearchAction\",\"target\":{\"@type\":\"EntryPoint\",\"urlTemplate\":\"https:\\\/\\\/www.eldiariodetucuman.com\\\/web\\\/?s={search_term_string}\"},\"query-input\":{\"@type\":\"PropertyValueSpecification\",\"valueRequired\":true,\"valueName\":\"search_term_string\"}}],\"inLanguage\":\"es\"},{\"@type\":\"Organization\",\"@id\":\"https:\\\/\\\/www.eldiariodetucuman.com\\\/web\\\/#organization\",\"name\":\"El Diario de Tucuman\",\"url\":\"https:\\\/\\\/www.eldiariodetucuman.com\\\/web\\\/\",\"logo\":{\"@type\":\"ImageObject\",\"inLanguage\":\"es\",\"@id\":\"https:\\\/\\\/www.eldiariodetucuman.com\\\/web\\\/#\\\/schema\\\/logo\\\/image\\\/\",\"url\":\"http:\\\/\\\/www.eldiariodetucuman.com\\\/web\\\/wp-content\\\/uploads\\\/2017\\\/12\\\/el-diario-de-tucuman.jpg\",\"contentUrl\":\"http:\\\/\\\/www.eldiariodetucuman.com\\\/web\\\/wp-content\\\/uploads\\\/2017\\\/12\\\/el-diario-de-tucuman.jpg\",\"width\":272,\"height\":92,\"caption\":\"El Diario de Tucuman\"},\"image\":{\"@id\":\"https:\\\/\\\/www.eldiariodetucuman.com\\\/web\\\/#\\\/schema\\\/logo\\\/image\\\/\"}},{\"@type\":\"Person\",\"@id\":\"https:\\\/\\\/www.eldiariodetucuman.com\\\/web\\\/#\\\/schema\\\/person\\\/7e6644a46e60888f6b868594407e08dd\",\"name\":\"Redactor Uno\",\"image\":{\"@type\":\"ImageObject\",\"inLanguage\":\"es\",\"@id\":\"https:\\\/\\\/secure.gravatar.com\\\/avatar\\\/0049b1bdf1bd548385c9ea6b9356431717930913089febd2ba904f0187d7d074?s=96&d=mm&r=g\",\"url\":\"https:\\\/\\\/secure.gravatar.com\\\/avatar\\\/0049b1bdf1bd548385c9ea6b9356431717930913089febd2ba904f0187d7d074?s=96&d=mm&r=g\",\"contentUrl\":\"https:\\\/\\\/secure.gravatar.com\\\/avatar\\\/0049b1bdf1bd548385c9ea6b9356431717930913089febd2ba904f0187d7d074?s=96&d=mm&r=g\",\"caption\":\"Redactor Uno\"},\"url\":\"https:\\\/\\\/www.eldiariodetucuman.com\\\/web\\\/author\\\/mramasco\\\/\"}]}<\/script>\n<!-- \/ Yoast SEO plugin. -->","yoast_head_json":{"title":"Gane o pierda, Milei se asoma a un punto de inflexi\u00f3n - El Diario de Tucuman","robots":{"index":"index","follow":"follow","max-snippet":"max-snippet:-1","max-image-preview":"max-image-preview:large","max-video-preview":"max-video-preview:-1"},"canonical":"https:\/\/www.eldiariodetucuman.com\/web\/gane-o-pierda-milei-se-asoma-a-un-punto-de-inflexion\/","og_locale":"es_ES","og_type":"article","og_title":"Gane o pierda, Milei se asoma a un punto de inflexi\u00f3n - El Diario de Tucuman","og_description":"El mito de la infalibilidad de Javier Milei se construy\u00f3 sobre tres pilares. Solvencia t\u00e9cnica, reflejada en una planificaci\u00f3n milim\u00e9trica del programa econ\u00f3mico. Un mensaje \u00e9tico orientado al combate de los desalmados que usan el Estado para enriquecerse. Y una m\u00edstica grupal que infunde lazos religiosos entre sus seguidores. Todo ese edificio narrativo tambalea en [&hellip;]","og_url":"https:\/\/www.eldiariodetucuman.com\/web\/gane-o-pierda-milei-se-asoma-a-un-punto-de-inflexion\/","og_site_name":"El Diario de Tucuman","article_published_time":"2025-09-07T01:25:06+00:00","article_modified_time":"2025-09-07T01:25:08+00:00","og_image":[{"width":1200,"height":800,"url":"https:\/\/www.eldiariodetucuman.com\/web\/wp-content\/uploads\/2025\/09\/los-hermanos-milei-abrazados-en-el-acto-de-cierre-IADJEXFSU5HQNEPL44DC2K4OZM.JPG","type":"image\/jpeg"}],"author":"Redactor Uno","twitter_card":"summary_large_image","twitter_misc":{"Escrito por":"Redactor Uno","Tiempo de lectura":"12 minutos"},"schema":{"@context":"https:\/\/schema.org","@graph":[{"@type":"Article","@id":"https:\/\/www.eldiariodetucuman.com\/web\/gane-o-pierda-milei-se-asoma-a-un-punto-de-inflexion\/#article","isPartOf":{"@id":"https:\/\/www.eldiariodetucuman.com\/web\/gane-o-pierda-milei-se-asoma-a-un-punto-de-inflexion\/"},"author":{"name":"Redactor Uno","@id":"https:\/\/www.eldiariodetucuman.com\/web\/#\/schema\/person\/7e6644a46e60888f6b868594407e08dd"},"headline":"Gane o pierda, Milei se asoma a un punto de inflexi\u00f3n","datePublished":"2025-09-07T01:25:06+00:00","dateModified":"2025-09-07T01:25:08+00:00","mainEntityOfPage":{"@id":"https:\/\/www.eldiariodetucuman.com\/web\/gane-o-pierda-milei-se-asoma-a-un-punto-de-inflexion\/"},"wordCount":2449,"publisher":{"@id":"https:\/\/www.eldiariodetucuman.com\/web\/#organization"},"image":{"@id":"https:\/\/www.eldiariodetucuman.com\/web\/gane-o-pierda-milei-se-asoma-a-un-punto-de-inflexion\/#primaryimage"},"thumbnailUrl":"https:\/\/www.eldiariodetucuman.com\/web\/wp-content\/uploads\/2025\/09\/los-hermanos-milei-abrazados-en-el-acto-de-cierre-IADJEXFSU5HQNEPL44DC2K4OZM.JPG","articleSection":["Politica"],"inLanguage":"es"},{"@type":"WebPage","@id":"https:\/\/www.eldiariodetucuman.com\/web\/gane-o-pierda-milei-se-asoma-a-un-punto-de-inflexion\/","url":"https:\/\/www.eldiariodetucuman.com\/web\/gane-o-pierda-milei-se-asoma-a-un-punto-de-inflexion\/","name":"Gane o pierda, Milei se asoma a un punto de inflexi\u00f3n - El Diario de Tucuman","isPartOf":{"@id":"https:\/\/www.eldiariodetucuman.com\/web\/#website"},"primaryImageOfPage":{"@id":"https:\/\/www.eldiariodetucuman.com\/web\/gane-o-pierda-milei-se-asoma-a-un-punto-de-inflexion\/#primaryimage"},"image":{"@id":"https:\/\/www.eldiariodetucuman.com\/web\/gane-o-pierda-milei-se-asoma-a-un-punto-de-inflexion\/#primaryimage"},"thumbnailUrl":"https:\/\/www.eldiariodetucuman.com\/web\/wp-content\/uploads\/2025\/09\/los-hermanos-milei-abrazados-en-el-acto-de-cierre-IADJEXFSU5HQNEPL44DC2K4OZM.JPG","datePublished":"2025-09-07T01:25:06+00:00","dateModified":"2025-09-07T01:25:08+00:00","breadcrumb":{"@id":"https:\/\/www.eldiariodetucuman.com\/web\/gane-o-pierda-milei-se-asoma-a-un-punto-de-inflexion\/#breadcrumb"},"inLanguage":"es","potentialAction":[{"@type":"ReadAction","target":["https:\/\/www.eldiariodetucuman.com\/web\/gane-o-pierda-milei-se-asoma-a-un-punto-de-inflexion\/"]}]},{"@type":"ImageObject","inLanguage":"es","@id":"https:\/\/www.eldiariodetucuman.com\/web\/gane-o-pierda-milei-se-asoma-a-un-punto-de-inflexion\/#primaryimage","url":"https:\/\/www.eldiariodetucuman.com\/web\/wp-content\/uploads\/2025\/09\/los-hermanos-milei-abrazados-en-el-acto-de-cierre-IADJEXFSU5HQNEPL44DC2K4OZM.JPG","contentUrl":"https:\/\/www.eldiariodetucuman.com\/web\/wp-content\/uploads\/2025\/09\/los-hermanos-milei-abrazados-en-el-acto-de-cierre-IADJEXFSU5HQNEPL44DC2K4OZM.JPG","width":1200,"height":800},{"@type":"BreadcrumbList","@id":"https:\/\/www.eldiariodetucuman.com\/web\/gane-o-pierda-milei-se-asoma-a-un-punto-de-inflexion\/#breadcrumb","itemListElement":[{"@type":"ListItem","position":1,"name":"Portada","item":"https:\/\/www.eldiariodetucuman.com\/web\/"},{"@type":"ListItem","position":2,"name":"Gane o pierda, Milei se asoma a un punto de inflexi\u00f3n"}]},{"@type":"WebSite","@id":"https:\/\/www.eldiariodetucuman.com\/web\/#website","url":"https:\/\/www.eldiariodetucuman.com\/web\/","name":"El Diario de Tucuman","description":"Diario Tucuman - Informaci\u00f3n y noticias","publisher":{"@id":"https:\/\/www.eldiariodetucuman.com\/web\/#organization"},"potentialAction":[{"@type":"SearchAction","target":{"@type":"EntryPoint","urlTemplate":"https:\/\/www.eldiariodetucuman.com\/web\/?s={search_term_string}"},"query-input":{"@type":"PropertyValueSpecification","valueRequired":true,"valueName":"search_term_string"}}],"inLanguage":"es"},{"@type":"Organization","@id":"https:\/\/www.eldiariodetucuman.com\/web\/#organization","name":"El Diario de Tucuman","url":"https:\/\/www.eldiariodetucuman.com\/web\/","logo":{"@type":"ImageObject","inLanguage":"es","@id":"https:\/\/www.eldiariodetucuman.com\/web\/#\/schema\/logo\/image\/","url":"http:\/\/www.eldiariodetucuman.com\/web\/wp-content\/uploads\/2017\/12\/el-diario-de-tucuman.jpg","contentUrl":"http:\/\/www.eldiariodetucuman.com\/web\/wp-content\/uploads\/2017\/12\/el-diario-de-tucuman.jpg","width":272,"height":92,"caption":"El Diario de Tucuman"},"image":{"@id":"https:\/\/www.eldiariodetucuman.com\/web\/#\/schema\/logo\/image\/"}},{"@type":"Person","@id":"https:\/\/www.eldiariodetucuman.com\/web\/#\/schema\/person\/7e6644a46e60888f6b868594407e08dd","name":"Redactor Uno","image":{"@type":"ImageObject","inLanguage":"es","@id":"https:\/\/secure.gravatar.com\/avatar\/0049b1bdf1bd548385c9ea6b9356431717930913089febd2ba904f0187d7d074?s=96&d=mm&r=g","url":"https:\/\/secure.gravatar.com\/avatar\/0049b1bdf1bd548385c9ea6b9356431717930913089febd2ba904f0187d7d074?s=96&d=mm&r=g","contentUrl":"https:\/\/secure.gravatar.com\/avatar\/0049b1bdf1bd548385c9ea6b9356431717930913089febd2ba904f0187d7d074?s=96&d=mm&r=g","caption":"Redactor Uno"},"url":"https:\/\/www.eldiariodetucuman.com\/web\/author\/mramasco\/"}]}},"_links":{"self":[{"href":"https:\/\/www.eldiariodetucuman.com\/web\/wp-json\/wp\/v2\/posts\/45581","targetHints":{"allow":["GET"]}}],"collection":[{"href":"https:\/\/www.eldiariodetucuman.com\/web\/wp-json\/wp\/v2\/posts"}],"about":[{"href":"https:\/\/www.eldiariodetucuman.com\/web\/wp-json\/wp\/v2\/types\/post"}],"author":[{"embeddable":true,"href":"https:\/\/www.eldiariodetucuman.com\/web\/wp-json\/wp\/v2\/users\/5"}],"replies":[{"embeddable":true,"href":"https:\/\/www.eldiariodetucuman.com\/web\/wp-json\/wp\/v2\/comments?post=45581"}],"version-history":[{"count":1,"href":"https:\/\/www.eldiariodetucuman.com\/web\/wp-json\/wp\/v2\/posts\/45581\/revisions"}],"predecessor-version":[{"id":45583,"href":"https:\/\/www.eldiariodetucuman.com\/web\/wp-json\/wp\/v2\/posts\/45581\/revisions\/45583"}],"wp:featuredmedia":[{"embeddable":true,"href":"https:\/\/www.eldiariodetucuman.com\/web\/wp-json\/wp\/v2\/media\/45582"}],"wp:attachment":[{"href":"https:\/\/www.eldiariodetucuman.com\/web\/wp-json\/wp\/v2\/media?parent=45581"}],"wp:term":[{"taxonomy":"category","embeddable":true,"href":"https:\/\/www.eldiariodetucuman.com\/web\/wp-json\/wp\/v2\/categories?post=45581"},{"taxonomy":"post_tag","embeddable":true,"href":"https:\/\/www.eldiariodetucuman.com\/web\/wp-json\/wp\/v2\/tags?post=45581"}],"curies":[{"name":"wp","href":"https:\/\/api.w.org\/{rel}","templated":true}]}}