{"id":45579,"date":"2025-09-06T16:53:59","date_gmt":"2025-09-06T19:53:59","guid":{"rendered":"https:\/\/www.eldiariodetucuman.com\/web\/velez-y-central-cordoba-disputan-el-titulo-este-sabado\/"},"modified":"2025-09-06T16:53:59","modified_gmt":"2025-09-06T19:53:59","slug":"velez-y-central-cordoba-disputan-el-titulo-este-sabado","status":"publish","type":"post","link":"https:\/\/www.eldiariodetucuman.com\/web\/velez-y-central-cordoba-disputan-el-titulo-este-sabado\/","title":{"rendered":"V\u00e9lez y Central C\u00f3rdoba disputan el t\u00edtulo este s\u00e1bado"},"content":{"rendered":"<p>  <\/p>\n<p> <strong>V\u00e9lez<\/strong> buscar\u00e1 su 19\u00b0 campeonato reconocido por la AFA y el 2\u00b0 de esta competici\u00f3n (se impuso ante Arsenal en la edici\u00f3n 2013). El Fort\u00edn, que va en busca del 2\u00b0 t\u00edtulo en el a\u00f1o (ya gan\u00f3 la Supercopa Internacional ante EDLP), est\u00e1 atravesando un gran momento ya que <strong>lleva cuatro victorias al hilo, disputar\u00e1 los cuartos de final de la Copa Libertadores -ante Racing- y solo perdi\u00f3 un partido en el semestre<\/strong>. \u00abTenemos un plantel como para aspirar a ser campe\u00f3n\u00bb, asever\u00f3 el DT Guillermo Barros Schelotto en la previa.<\/p>\n<p>Adem\u00e1s de que est\u00e1 <strong>segundo e invicto en su zona, Central C\u00f3rdoba<\/strong> acumula dos victorias (3-0 ante Belgrano en Alberdi y 2-0 contra Estudiantes) al hilo que lo hace llegar con un envi\u00f3n an\u00edmico a la final que se disputar\u00e1 en Rosario. El Ferroviario, que intentar\u00e1 bordar su segunda estrella en el pecho, obtuvo este cupo por haber ganado la \u00faltima Copa Argentina, justamente ante el Fort\u00edn. El entrenador Omar De Felippe dijo en la \u00faltima conferencia de prensa antes del cruce: \u00abQueremos ganar esta final. Me gusta que mi equipo compita\u00bb.<\/p>\n<h2>La probable formaci\u00f3n de V\u00e9lez vs. Central C\u00f3rdoba, por la Supercopa Argentina<\/h2>\n<p>Tom\u00e1s <strong>Marchiori<\/strong>; Jano <strong>Gord\u00f3n<\/strong>, Emanuel <strong>Mammana<\/strong>, Lisandro <strong>Magall\u00e1n<\/strong>, El\u00edas <strong>G\u00f3mez<\/strong>; Rodrigo <strong>Aliendro<\/strong>, Claudio <strong>Baeza <\/strong>o Agust\u00edn <strong>Bouzat<\/strong>, Tom\u00e1s <strong>Galv\u00e1n<\/strong>; Maher <strong>Carrizo<\/strong>; Braian <strong>Romero<\/strong>, Imanol <strong>Machuca<\/strong>. DT: Guillermo <strong>Barros Schelotto<\/strong>. <\/p>\n<h2>El posible once de Central C\u00f3rdoba vs. V\u00e9lez, por la Supercopa Argentina<\/h2>\n<p>Alan <strong>Aguerre<\/strong>; Fernando <strong>Mart\u00ednez<\/strong>, Lucas <strong>Abascia<\/strong>, Jonathan <strong>Galv\u00e1n<\/strong>, Braian <strong>Cufre<\/strong>; Mat\u00edas <strong>Perell\u00f3<\/strong>, Mat\u00edas <strong>Vera<\/strong>, Iv\u00e1n <strong>G\u00f3mez<\/strong>, Jos\u00e9 <strong>Florent\u00edn<\/strong>; Mat\u00edas <strong>Godoy<\/strong>, Gast\u00f3n <strong>Ver\u00f3n<\/strong>. DT: Omar <strong>de Felippe.<\/strong><\/p>\n<h2>V\u00e9lez vs. Central C\u00f3rdoba, por la Supercopa Argentina: d\u00f3nde ver en vivo y datos del partido<\/h2>\n<p>    Hora: 16 TV: ESPN  \u00c1rbitro: Facundo Tello VAR: Nicol\u00e1s Lamolina Estadio: Gigante de Arroyito    <strong>FUENTE:<\/strong> TyC<br \/>\n<br \/>Fuente: <a href=\"https:\/\/www.lv12.com.ar\/supercopa-argentina\/supercopa-argentina-velez-y-central-cordoba-disputan-el-titulo-este-sabado-n185043\"> Fuente de la nota <\/a><\/p>\n","protected":false},"excerpt":{"rendered":"<p>V\u00e9lez buscar\u00e1 su 19\u00b0 campeonato reconocido por la AFA y el 2\u00b0 de esta competici\u00f3n (se impuso ante Arsenal en la edici\u00f3n 2013). El Fort\u00edn, que va en busca del 2\u00b0 t\u00edtulo en el a\u00f1o (ya gan\u00f3 la Supercopa Internacional ante EDLP), est\u00e1 atravesando un gran momento ya que lleva cuatro victorias al hilo, disputar\u00e1 [&hellip;]<\/p>\n","protected":false},"author":1,"featured_media":45580,"comment_status":"closed","ping_status":"open","sticky":false,"template":"","format":"standard","meta":{"footnotes":""},"categories":[6],"tags":[],"class_list":{"0":"post-45579","1":"post","2":"type-post","3":"status-publish","4":"format-standard","5":"has-post-thumbnail","7":"category-deporte"},"yoast_head":"<!-- This site is optimized with the Yoast SEO plugin v27.5 - https:\/\/yoast.com\/product\/yoast-seo-wordpress\/ -->\n<title>V\u00e9lez y Central C\u00f3rdoba disputan el t\u00edtulo este s\u00e1bado - El Diario de Tucuman<\/title>\n<meta name=\"robots\" content=\"index, follow, max-snippet:-1, max-image-preview:large, max-video-preview:-1\" \/>\n<link rel=\"canonical\" href=\"https:\/\/www.eldiariodetucuman.com\/web\/velez-y-central-cordoba-disputan-el-titulo-este-sabado\/\" \/>\n<meta property=\"og:locale\" content=\"es_ES\" \/>\n<meta property=\"og:type\" content=\"article\" \/>\n<meta property=\"og:title\" content=\"V\u00e9lez y Central C\u00f3rdoba disputan el t\u00edtulo este s\u00e1bado - El Diario de Tucuman\" \/>\n<meta property=\"og:description\" content=\"V\u00e9lez buscar\u00e1 su 19\u00b0 campeonato reconocido por la AFA y el 2\u00b0 de esta competici\u00f3n (se impuso ante Arsenal en la edici\u00f3n 2013). El Fort\u00edn, que va en busca del 2\u00b0 t\u00edtulo en el a\u00f1o (ya gan\u00f3 la Supercopa Internacional ante EDLP), est\u00e1 atravesando un gran momento ya que lleva cuatro victorias al hilo, disputar\u00e1 [&hellip;]\" \/>\n<meta property=\"og:url\" content=\"https:\/\/www.eldiariodetucuman.com\/web\/velez-y-central-cordoba-disputan-el-titulo-este-sabado\/\" \/>\n<meta property=\"og:site_name\" content=\"El Diario de Tucuman\" \/>\n<meta property=\"article:published_time\" content=\"2025-09-06T19:53:59+00:00\" \/>\n<meta name=\"author\" content=\"admin\" \/>\n<meta name=\"twitter:card\" content=\"summary_large_image\" \/>\n<meta name=\"twitter:label1\" content=\"Escrito por\" \/>\n\t<meta name=\"twitter:data1\" content=\"admin\" \/>\n\t<meta name=\"twitter:label2\" content=\"Tiempo de lectura\" \/>\n\t<meta name=\"twitter:data2\" content=\"2 minutos\" \/>\n<script type=\"application\/ld+json\" class=\"yoast-schema-graph\">{\"@context\":\"https:\\\/\\\/schema.org\",\"@graph\":[{\"@type\":\"Article\",\"@id\":\"https:\\\/\\\/www.eldiariodetucuman.com\\\/web\\\/velez-y-central-cordoba-disputan-el-titulo-este-sabado\\\/#article\",\"isPartOf\":{\"@id\":\"https:\\\/\\\/www.eldiariodetucuman.com\\\/web\\\/velez-y-central-cordoba-disputan-el-titulo-este-sabado\\\/\"},\"author\":{\"name\":\"admin\",\"@id\":\"https:\\\/\\\/www.eldiariodetucuman.com\\\/web\\\/#\\\/schema\\\/person\\\/9250197d75ab5483412e19678b121caa\"},\"headline\":\"V\u00e9lez y Central C\u00f3rdoba disputan el t\u00edtulo este s\u00e1bado\",\"datePublished\":\"2025-09-06T19:53:59+00:00\",\"mainEntityOfPage\":{\"@id\":\"https:\\\/\\\/www.eldiariodetucuman.com\\\/web\\\/velez-y-central-cordoba-disputan-el-titulo-este-sabado\\\/\"},\"wordCount\":346,\"publisher\":{\"@id\":\"https:\\\/\\\/www.eldiariodetucuman.com\\\/web\\\/#organization\"},\"image\":{\"@id\":\"https:\\\/\\\/www.eldiariodetucuman.com\\\/web\\\/velez-y-central-cordoba-disputan-el-titulo-este-sabado\\\/#primaryimage\"},\"thumbnailUrl\":\"https:\\\/\\\/www.eldiariodetucuman.com\\\/web\\\/wp-content\\\/uploads\\\/2025\\\/09\\\/Velez-y-Central-Cordoba-disputan-el-titulo-este-sabado.png\",\"articleSection\":[\"Deporte\"],\"inLanguage\":\"es\"},{\"@type\":\"WebPage\",\"@id\":\"https:\\\/\\\/www.eldiariodetucuman.com\\\/web\\\/velez-y-central-cordoba-disputan-el-titulo-este-sabado\\\/\",\"url\":\"https:\\\/\\\/www.eldiariodetucuman.com\\\/web\\\/velez-y-central-cordoba-disputan-el-titulo-este-sabado\\\/\",\"name\":\"V\u00e9lez y Central C\u00f3rdoba disputan el t\u00edtulo este s\u00e1bado - El Diario de Tucuman\",\"isPartOf\":{\"@id\":\"https:\\\/\\\/www.eldiariodetucuman.com\\\/web\\\/#website\"},\"primaryImageOfPage\":{\"@id\":\"https:\\\/\\\/www.eldiariodetucuman.com\\\/web\\\/velez-y-central-cordoba-disputan-el-titulo-este-sabado\\\/#primaryimage\"},\"image\":{\"@id\":\"https:\\\/\\\/www.eldiariodetucuman.com\\\/web\\\/velez-y-central-cordoba-disputan-el-titulo-este-sabado\\\/#primaryimage\"},\"thumbnailUrl\":\"https:\\\/\\\/www.eldiariodetucuman.com\\\/web\\\/wp-content\\\/uploads\\\/2025\\\/09\\\/Velez-y-Central-Cordoba-disputan-el-titulo-este-sabado.png\",\"datePublished\":\"2025-09-06T19:53:59+00:00\",\"breadcrumb\":{\"@id\":\"https:\\\/\\\/www.eldiariodetucuman.com\\\/web\\\/velez-y-central-cordoba-disputan-el-titulo-este-sabado\\\/#breadcrumb\"},\"inLanguage\":\"es\",\"potentialAction\":[{\"@type\":\"ReadAction\",\"target\":[\"https:\\\/\\\/www.eldiariodetucuman.com\\\/web\\\/velez-y-central-cordoba-disputan-el-titulo-este-sabado\\\/\"]}]},{\"@type\":\"ImageObject\",\"inLanguage\":\"es\",\"@id\":\"https:\\\/\\\/www.eldiariodetucuman.com\\\/web\\\/velez-y-central-cordoba-disputan-el-titulo-este-sabado\\\/#primaryimage\",\"url\":\"https:\\\/\\\/www.eldiariodetucuman.com\\\/web\\\/wp-content\\\/uploads\\\/2025\\\/09\\\/Velez-y-Central-Cordoba-disputan-el-titulo-este-sabado.png\",\"contentUrl\":\"https:\\\/\\\/www.eldiariodetucuman.com\\\/web\\\/wp-content\\\/uploads\\\/2025\\\/09\\\/Velez-y-Central-Cordoba-disputan-el-titulo-este-sabado.png\",\"width\":1200,\"height\":675},{\"@type\":\"BreadcrumbList\",\"@id\":\"https:\\\/\\\/www.eldiariodetucuman.com\\\/web\\\/velez-y-central-cordoba-disputan-el-titulo-este-sabado\\\/#breadcrumb\",\"itemListElement\":[{\"@type\":\"ListItem\",\"position\":1,\"name\":\"Portada\",\"item\":\"https:\\\/\\\/www.eldiariodetucuman.com\\\/web\\\/\"},{\"@type\":\"ListItem\",\"position\":2,\"name\":\"V\u00e9lez y Central C\u00f3rdoba disputan el t\u00edtulo este s\u00e1bado\"}]},{\"@type\":\"WebSite\",\"@id\":\"https:\\\/\\\/www.eldiariodetucuman.com\\\/web\\\/#website\",\"url\":\"https:\\\/\\\/www.eldiariodetucuman.com\\\/web\\\/\",\"name\":\"El Diario de Tucuman\",\"description\":\"Diario Tucuman - Informaci\u00f3n y noticias\",\"publisher\":{\"@id\":\"https:\\\/\\\/www.eldiariodetucuman.com\\\/web\\\/#organization\"},\"potentialAction\":[{\"@type\":\"SearchAction\",\"target\":{\"@type\":\"EntryPoint\",\"urlTemplate\":\"https:\\\/\\\/www.eldiariodetucuman.com\\\/web\\\/?s={search_term_string}\"},\"query-input\":{\"@type\":\"PropertyValueSpecification\",\"valueRequired\":true,\"valueName\":\"search_term_string\"}}],\"inLanguage\":\"es\"},{\"@type\":\"Organization\",\"@id\":\"https:\\\/\\\/www.eldiariodetucuman.com\\\/web\\\/#organization\",\"name\":\"El Diario de Tucuman\",\"url\":\"https:\\\/\\\/www.eldiariodetucuman.com\\\/web\\\/\",\"logo\":{\"@type\":\"ImageObject\",\"inLanguage\":\"es\",\"@id\":\"https:\\\/\\\/www.eldiariodetucuman.com\\\/web\\\/#\\\/schema\\\/logo\\\/image\\\/\",\"url\":\"http:\\\/\\\/www.eldiariodetucuman.com\\\/web\\\/wp-content\\\/uploads\\\/2017\\\/12\\\/el-diario-de-tucuman.jpg\",\"contentUrl\":\"http:\\\/\\\/www.eldiariodetucuman.com\\\/web\\\/wp-content\\\/uploads\\\/2017\\\/12\\\/el-diario-de-tucuman.jpg\",\"width\":272,\"height\":92,\"caption\":\"El Diario de Tucuman\"},\"image\":{\"@id\":\"https:\\\/\\\/www.eldiariodetucuman.com\\\/web\\\/#\\\/schema\\\/logo\\\/image\\\/\"}},{\"@type\":\"Person\",\"@id\":\"https:\\\/\\\/www.eldiariodetucuman.com\\\/web\\\/#\\\/schema\\\/person\\\/9250197d75ab5483412e19678b121caa\",\"name\":\"admin\",\"image\":{\"@type\":\"ImageObject\",\"inLanguage\":\"es\",\"@id\":\"https:\\\/\\\/secure.gravatar.com\\\/avatar\\\/c44d117c2be811212c22cb481f6b8384b6873de103fbc49e7a03cc58d7dea4ac?s=96&d=mm&r=g\",\"url\":\"https:\\\/\\\/secure.gravatar.com\\\/avatar\\\/c44d117c2be811212c22cb481f6b8384b6873de103fbc49e7a03cc58d7dea4ac?s=96&d=mm&r=g\",\"contentUrl\":\"https:\\\/\\\/secure.gravatar.com\\\/avatar\\\/c44d117c2be811212c22cb481f6b8384b6873de103fbc49e7a03cc58d7dea4ac?s=96&d=mm&r=g\",\"caption\":\"admin\"},\"url\":\"https:\\\/\\\/www.eldiariodetucuman.com\\\/web\\\/author\\\/admin\\\/\"}]}<\/script>\n<!-- \/ Yoast SEO plugin. -->","yoast_head_json":{"title":"V\u00e9lez y Central C\u00f3rdoba disputan el t\u00edtulo este s\u00e1bado - El Diario de Tucuman","robots":{"index":"index","follow":"follow","max-snippet":"max-snippet:-1","max-image-preview":"max-image-preview:large","max-video-preview":"max-video-preview:-1"},"canonical":"https:\/\/www.eldiariodetucuman.com\/web\/velez-y-central-cordoba-disputan-el-titulo-este-sabado\/","og_locale":"es_ES","og_type":"article","og_title":"V\u00e9lez y Central C\u00f3rdoba disputan el t\u00edtulo este s\u00e1bado - El Diario de Tucuman","og_description":"V\u00e9lez buscar\u00e1 su 19\u00b0 campeonato reconocido por la AFA y el 2\u00b0 de esta competici\u00f3n (se impuso ante Arsenal en la edici\u00f3n 2013). El Fort\u00edn, que va en busca del 2\u00b0 t\u00edtulo en el a\u00f1o (ya gan\u00f3 la Supercopa Internacional ante EDLP), est\u00e1 atravesando un gran momento ya que lleva cuatro victorias al hilo, disputar\u00e1 [&hellip;]","og_url":"https:\/\/www.eldiariodetucuman.com\/web\/velez-y-central-cordoba-disputan-el-titulo-este-sabado\/","og_site_name":"El Diario de Tucuman","article_published_time":"2025-09-06T19:53:59+00:00","author":"admin","twitter_card":"summary_large_image","twitter_misc":{"Escrito por":"admin","Tiempo de lectura":"2 minutos"},"schema":{"@context":"https:\/\/schema.org","@graph":[{"@type":"Article","@id":"https:\/\/www.eldiariodetucuman.com\/web\/velez-y-central-cordoba-disputan-el-titulo-este-sabado\/#article","isPartOf":{"@id":"https:\/\/www.eldiariodetucuman.com\/web\/velez-y-central-cordoba-disputan-el-titulo-este-sabado\/"},"author":{"name":"admin","@id":"https:\/\/www.eldiariodetucuman.com\/web\/#\/schema\/person\/9250197d75ab5483412e19678b121caa"},"headline":"V\u00e9lez y Central C\u00f3rdoba disputan el t\u00edtulo este s\u00e1bado","datePublished":"2025-09-06T19:53:59+00:00","mainEntityOfPage":{"@id":"https:\/\/www.eldiariodetucuman.com\/web\/velez-y-central-cordoba-disputan-el-titulo-este-sabado\/"},"wordCount":346,"publisher":{"@id":"https:\/\/www.eldiariodetucuman.com\/web\/#organization"},"image":{"@id":"https:\/\/www.eldiariodetucuman.com\/web\/velez-y-central-cordoba-disputan-el-titulo-este-sabado\/#primaryimage"},"thumbnailUrl":"https:\/\/www.eldiariodetucuman.com\/web\/wp-content\/uploads\/2025\/09\/Velez-y-Central-Cordoba-disputan-el-titulo-este-sabado.png","articleSection":["Deporte"],"inLanguage":"es"},{"@type":"WebPage","@id":"https:\/\/www.eldiariodetucuman.com\/web\/velez-y-central-cordoba-disputan-el-titulo-este-sabado\/","url":"https:\/\/www.eldiariodetucuman.com\/web\/velez-y-central-cordoba-disputan-el-titulo-este-sabado\/","name":"V\u00e9lez y Central C\u00f3rdoba disputan el t\u00edtulo este s\u00e1bado - El Diario de Tucuman","isPartOf":{"@id":"https:\/\/www.eldiariodetucuman.com\/web\/#website"},"primaryImageOfPage":{"@id":"https:\/\/www.eldiariodetucuman.com\/web\/velez-y-central-cordoba-disputan-el-titulo-este-sabado\/#primaryimage"},"image":{"@id":"https:\/\/www.eldiariodetucuman.com\/web\/velez-y-central-cordoba-disputan-el-titulo-este-sabado\/#primaryimage"},"thumbnailUrl":"https:\/\/www.eldiariodetucuman.com\/web\/wp-content\/uploads\/2025\/09\/Velez-y-Central-Cordoba-disputan-el-titulo-este-sabado.png","datePublished":"2025-09-06T19:53:59+00:00","breadcrumb":{"@id":"https:\/\/www.eldiariodetucuman.com\/web\/velez-y-central-cordoba-disputan-el-titulo-este-sabado\/#breadcrumb"},"inLanguage":"es","potentialAction":[{"@type":"ReadAction","target":["https:\/\/www.eldiariodetucuman.com\/web\/velez-y-central-cordoba-disputan-el-titulo-este-sabado\/"]}]},{"@type":"ImageObject","inLanguage":"es","@id":"https:\/\/www.eldiariodetucuman.com\/web\/velez-y-central-cordoba-disputan-el-titulo-este-sabado\/#primaryimage","url":"https:\/\/www.eldiariodetucuman.com\/web\/wp-content\/uploads\/2025\/09\/Velez-y-Central-Cordoba-disputan-el-titulo-este-sabado.png","contentUrl":"https:\/\/www.eldiariodetucuman.com\/web\/wp-content\/uploads\/2025\/09\/Velez-y-Central-Cordoba-disputan-el-titulo-este-sabado.png","width":1200,"height":675},{"@type":"BreadcrumbList","@id":"https:\/\/www.eldiariodetucuman.com\/web\/velez-y-central-cordoba-disputan-el-titulo-este-sabado\/#breadcrumb","itemListElement":[{"@type":"ListItem","position":1,"name":"Portada","item":"https:\/\/www.eldiariodetucuman.com\/web\/"},{"@type":"ListItem","position":2,"name":"V\u00e9lez y Central C\u00f3rdoba disputan el t\u00edtulo este s\u00e1bado"}]},{"@type":"WebSite","@id":"https:\/\/www.eldiariodetucuman.com\/web\/#website","url":"https:\/\/www.eldiariodetucuman.com\/web\/","name":"El Diario de Tucuman","description":"Diario Tucuman - Informaci\u00f3n y noticias","publisher":{"@id":"https:\/\/www.eldiariodetucuman.com\/web\/#organization"},"potentialAction":[{"@type":"SearchAction","target":{"@type":"EntryPoint","urlTemplate":"https:\/\/www.eldiariodetucuman.com\/web\/?s={search_term_string}"},"query-input":{"@type":"PropertyValueSpecification","valueRequired":true,"valueName":"search_term_string"}}],"inLanguage":"es"},{"@type":"Organization","@id":"https:\/\/www.eldiariodetucuman.com\/web\/#organization","name":"El Diario de Tucuman","url":"https:\/\/www.eldiariodetucuman.com\/web\/","logo":{"@type":"ImageObject","inLanguage":"es","@id":"https:\/\/www.eldiariodetucuman.com\/web\/#\/schema\/logo\/image\/","url":"http:\/\/www.eldiariodetucuman.com\/web\/wp-content\/uploads\/2017\/12\/el-diario-de-tucuman.jpg","contentUrl":"http:\/\/www.eldiariodetucuman.com\/web\/wp-content\/uploads\/2017\/12\/el-diario-de-tucuman.jpg","width":272,"height":92,"caption":"El Diario de Tucuman"},"image":{"@id":"https:\/\/www.eldiariodetucuman.com\/web\/#\/schema\/logo\/image\/"}},{"@type":"Person","@id":"https:\/\/www.eldiariodetucuman.com\/web\/#\/schema\/person\/9250197d75ab5483412e19678b121caa","name":"admin","image":{"@type":"ImageObject","inLanguage":"es","@id":"https:\/\/secure.gravatar.com\/avatar\/c44d117c2be811212c22cb481f6b8384b6873de103fbc49e7a03cc58d7dea4ac?s=96&d=mm&r=g","url":"https:\/\/secure.gravatar.com\/avatar\/c44d117c2be811212c22cb481f6b8384b6873de103fbc49e7a03cc58d7dea4ac?s=96&d=mm&r=g","contentUrl":"https:\/\/secure.gravatar.com\/avatar\/c44d117c2be811212c22cb481f6b8384b6873de103fbc49e7a03cc58d7dea4ac?s=96&d=mm&r=g","caption":"admin"},"url":"https:\/\/www.eldiariodetucuman.com\/web\/author\/admin\/"}]}},"_links":{"self":[{"href":"https:\/\/www.eldiariodetucuman.com\/web\/wp-json\/wp\/v2\/posts\/45579","targetHints":{"allow":["GET"]}}],"collection":[{"href":"https:\/\/www.eldiariodetucuman.com\/web\/wp-json\/wp\/v2\/posts"}],"about":[{"href":"https:\/\/www.eldiariodetucuman.com\/web\/wp-json\/wp\/v2\/types\/post"}],"author":[{"embeddable":true,"href":"https:\/\/www.eldiariodetucuman.com\/web\/wp-json\/wp\/v2\/users\/1"}],"replies":[{"embeddable":true,"href":"https:\/\/www.eldiariodetucuman.com\/web\/wp-json\/wp\/v2\/comments?post=45579"}],"version-history":[{"count":0,"href":"https:\/\/www.eldiariodetucuman.com\/web\/wp-json\/wp\/v2\/posts\/45579\/revisions"}],"wp:featuredmedia":[{"embeddable":true,"href":"https:\/\/www.eldiariodetucuman.com\/web\/wp-json\/wp\/v2\/media\/45580"}],"wp:attachment":[{"href":"https:\/\/www.eldiariodetucuman.com\/web\/wp-json\/wp\/v2\/media?parent=45579"}],"wp:term":[{"taxonomy":"category","embeddable":true,"href":"https:\/\/www.eldiariodetucuman.com\/web\/wp-json\/wp\/v2\/categories?post=45579"},{"taxonomy":"post_tag","embeddable":true,"href":"https:\/\/www.eldiariodetucuman.com\/web\/wp-json\/wp\/v2\/tags?post=45579"}],"curies":[{"name":"wp","href":"https:\/\/api.w.org\/{rel}","templated":true}]}}