{"id":45576,"date":"2025-09-05T22:23:27","date_gmt":"2025-09-06T01:23:27","guid":{"rendered":"https:\/\/www.eldiariodetucuman.com\/web\/el-plan-de-los-libertarios-para-contener-a-juez-la-veloz-llamada-de-francos-y-el-mensaje-de-karina-milei\/"},"modified":"2025-09-05T22:23:29","modified_gmt":"2025-09-06T01:23:29","slug":"el-plan-de-los-libertarios-para-contener-a-juez-la-veloz-llamada-de-francos-y-el-mensaje-de-karina-milei","status":"publish","type":"post","link":"https:\/\/www.eldiariodetucuman.com\/web\/el-plan-de-los-libertarios-para-contener-a-juez-la-veloz-llamada-de-francos-y-el-mensaje-de-karina-milei\/","title":{"rendered":"El plan de los libertarios para contener a Juez: la veloz llamada de Francos y el mensaje de Karina Milei"},"content":{"rendered":"<p><\/p>\n<p class=\"com-paragraph  --capital --s\">C\u00d3RDOBA.- Primero fue <strong>Guillermo Francos<\/strong>, el jefe de Gabinete, quien llam\u00f3 por tel\u00e9fono a <strong>Luis Juez<\/strong> para solidarizarse con \u00e9l. Tambi\u00e9n recibi\u00f3 un mensaje, en el mismo sentido, de <strong>Karina Milei<\/strong>, \u201cel Jefe\u201d. Ellos y otros dirigentes de La Libertad Avanza (LLA) apuntaron a hacer una suerte de \u201ccontrol de da\u00f1os\u201d despu\u00e9s del agresivo posteo de Daniel Parisini, m\u00e1s conocido como <strong>\u201cGordo Dan\u201d<\/strong> contra el senador. <\/p>\n<p class=\"com-paragraph   --s\">Ahora, la expectativa est\u00e1 en <strong>si lo llamar\u00e1 o le escribir\u00e1 Javier Milei<\/strong>, a quien el cordob\u00e9s considera un \u201camigo\u201d, dijeron a <strong>LA NACION<\/strong> fuentes cercanas a Juez. Hasta este mediod\u00eda el Presidente no se hab\u00eda comunicado con \u00e9l. <\/p>\n<p class=\"com-paragraph   --s\">En un principio, el senador eligi\u00f3 el silencio, convencido de que no hay que darle \u201cm\u00e1s juego\u201d a Parisini, y en las \u00faltimas horas ha recibido apoyos de libertarios y opositores. Tambi\u00e9n se sum\u00f3 el gobernador Mart\u00edn Llaryora a los repudios. <\/p>\n<p class=\"com-paragraph   --s\">Sin embargo, 24 horas despu\u00e9s de la publicaci\u00f3n de los comentarios, Juez aclar\u00f3 que no quiso hablar para \u201cno ser funcional\u201d a la pol\u00edtica y calific\u00f3 los dichos como \u201cuna sarta de barbaridades\u201d. \u201cYo no puedo callarme la boca: <strong>cuando hablo de Milagros es para darle visibilidad a un tema que ha sido invisible y manoseado<\/strong>. Ha sido destrozado por los pol\u00edticos, que usaron el dolor para hacer caja, en el gobierno que vos quieras\u00bb, se\u00f1al\u00f3 en TN y advirti\u00f3: \u00ab<strong>No es para humillarme ni que me maltraten<\/strong>. Esa no es la forma,<strong>as\u00ed no se defiende la libertad. Lo digo con respeto, se lo dije a Francos y Karina Milei. No se ofende a los que quieren ayudar<\/strong>\u201c.<\/p>\n<p class=\"com-paragraph   --s\">Su hijo,<strong> Mart\u00edn Juez<\/strong> sali\u00f3 a hablar al momento. \u201c\u00bfQu\u00e9 vas a esperar de ese gordo pelotudo? Es un imb\u00e9cil. Tiene un tema con ponerla; se ve que, como no lo hace, tiene que poner eso en Twitter\u201d, dijo en di\u00e1logo con Radio con Vos. Calific\u00f3 a Parisini de \u201cinadaptado\u201d y advirti\u00f3 que \u201csi esta es la discusi\u00f3n pol\u00edtica que vamos a tener en la Argentina en los pr\u00f3ximos a\u00f1os, <strong>se viene el peor de los mundos<\/strong>\u201d.<\/p>\n<p class=\"com-paragraph   --s\">Mart\u00edn Juez es concejal de la ciudad de C\u00f3rdoba por el Frente C\u00edvico. Es hermano de Milagros, la tercera hija del senador y su esposa, quien naci\u00f3 con par\u00e1lisis cerebral y tiene 24 a\u00f1os. <\/p>\n<p class=\"com-paragraph   --s\">La familia, como era esperable, est\u00e1 afectada por los dichos de Parisini, a quien el Presidente en su \u00faltima visita a esta ciudad -para participar de La Derecha Fest- <strong>le regal\u00f3 su discurso como muestra de su amistad.<\/strong><\/p>\n<p class=\"com-paragraph   --s\">Ayer, despu\u00e9s de haber llamado al senador, Francos dijo en TN que el posteo de Parisini le pareci\u00f3 \u201cabsolutamente fuera de lugar\u201d. A\u00f1adi\u00f3: \u201cCreo que no puede aceptarse de ninguna manera la groser\u00eda ni la forma en la que se expresa ni el fondo de la cuesti\u00f3n. Juez ya hab\u00eda anticipado en su votaci\u00f3n anterior cu\u00e1l era su posici\u00f3n, de modo que a m\u00ed no me sorprende para nada\u201d.<\/p>\n<p class=\"com-paragraph   --s\">Este viernes por la ma\u00f1ana, Mart\u00edn Juez dijo, en referencia a Parisini: \u201cEs dif\u00edcil disociar a esta persona del gobierno nacional porque <strong>es alguien al cual el Presidente le ha dado entrevistas, ha ido al canal que tienen de <\/strong><strong>streaming;<\/strong><strong> por lo tanto, obviamente que por lo menos yo como hermano y como hijo me veo completamente afectado<\/strong>, particularmente por la brutalidad y la forma\u201d.<\/p>\n<p class=\"com-paragraph   --s\">Hace casi dos meses Juez tambi\u00e9n fue blanco de los trolls libertarios cuando vot\u00f3 por primera vez a favor de la emergencia en discapacidad -lo que ya le hab\u00eda adelantado al Presidente- y acompa\u00f1\u00f3 tambi\u00e9n la suba de las jubilaciones y el bono. Los mensajes en las redes le recordaron sus encuentros con Milei, sus cenas compartidas. Lo acusaron de \u201ctraidor\u201d.<\/p>\n<p class=\"com-paragraph   --s\">El Frente C\u00edvico integra la alianza electoral de LLA en C\u00f3rdoba y el senador <strong>participa de las reuniones del comando de campa\u00f1a. <\/strong>En ese contexto, parece complejo que Juez tome alguna decisi\u00f3n m\u00e1s de fondo respecto a su sociedad pol\u00edtica.<\/p>\n<p class=\"com-paragraph   --s\">En el marco de esos encuentros de campa\u00f1a, Juez tiene reuniones con distintos referentes libertarios, entre ellos <strong>Agust\u00edn Laje, <\/strong>quien tambi\u00e9n suele mantener largas charlas con el Gordo Dan en sus streamings.<\/p>\n<p>Javier Milei y Agust\u00edn Laje en La Derecha Fest, en C\u00f3rdoba@agustinlaje<\/p>\n<p class=\"com-paragraph   --s\">Hace unos d\u00edas, cuando ya hab\u00eda estado con los candidatos en su presentaci\u00f3n, Juez se pronunci\u00f3 sobre las supuestas coimas en la Agencia Nacional de Discapacidad. \u201cEste Gobierno firm\u00f3 un pacto con la sociedad para luchar contra la corrupci\u00f3n. La \u2018batalla cultural\u2019 es luchar contra la corrupci\u00f3n que hay en la pol\u00edtica. No hacerlo es intolerable. No se lo tolero ni al enemigo ni al amigo\u201d, dijo el senador a <strong>LA NACION.<\/strong><\/p>\n<p><a href=\"https:\/\/www.lanacion.com.ar\/politica\/el-plan-de-los-libertarios-para-contener-a-juez-la-veloz-llamada-de-francos-y-un-mensaje-de-karina-nid05092025\/\">Fuente de la nota <\/a><\/p>\n","protected":false},"excerpt":{"rendered":"<p>C\u00d3RDOBA.- Primero fue Guillermo Francos, el jefe de Gabinete, quien llam\u00f3 por tel\u00e9fono a Luis Juez para solidarizarse con \u00e9l. Tambi\u00e9n recibi\u00f3 un mensaje, en el mismo sentido, de Karina Milei, \u201cel Jefe\u201d. Ellos y otros dirigentes de La Libertad Avanza (LLA) apuntaron a hacer una suerte de \u201ccontrol de da\u00f1os\u201d despu\u00e9s del agresivo posteo [&hellip;]<\/p>\n","protected":false},"author":5,"featured_media":45577,"comment_status":"closed","ping_status":"open","sticky":false,"template":"","format":"standard","meta":{"footnotes":""},"categories":[3],"tags":[],"class_list":{"0":"post-45576","1":"post","2":"type-post","3":"status-publish","4":"format-standard","5":"has-post-thumbnail","7":"category-politica"},"yoast_head":"<!-- This site is optimized with the Yoast SEO plugin v27.5 - https:\/\/yoast.com\/product\/yoast-seo-wordpress\/ -->\n<title>El plan de los libertarios para contener a Juez: la veloz llamada de Francos y el mensaje de Karina Milei - El Diario de Tucuman<\/title>\n<meta name=\"robots\" content=\"index, follow, max-snippet:-1, max-image-preview:large, max-video-preview:-1\" \/>\n<link rel=\"canonical\" href=\"https:\/\/www.eldiariodetucuman.com\/web\/el-plan-de-los-libertarios-para-contener-a-juez-la-veloz-llamada-de-francos-y-el-mensaje-de-karina-milei\/\" \/>\n<meta property=\"og:locale\" content=\"es_ES\" \/>\n<meta property=\"og:type\" content=\"article\" \/>\n<meta property=\"og:title\" content=\"El plan de los libertarios para contener a Juez: la veloz llamada de Francos y el mensaje de Karina Milei - El Diario de Tucuman\" \/>\n<meta property=\"og:description\" content=\"C\u00d3RDOBA.- Primero fue Guillermo Francos, el jefe de Gabinete, quien llam\u00f3 por tel\u00e9fono a Luis Juez para solidarizarse con \u00e9l. Tambi\u00e9n recibi\u00f3 un mensaje, en el mismo sentido, de Karina Milei, \u201cel Jefe\u201d. Ellos y otros dirigentes de La Libertad Avanza (LLA) apuntaron a hacer una suerte de \u201ccontrol de da\u00f1os\u201d despu\u00e9s del agresivo posteo [&hellip;]\" \/>\n<meta property=\"og:url\" content=\"https:\/\/www.eldiariodetucuman.com\/web\/el-plan-de-los-libertarios-para-contener-a-juez-la-veloz-llamada-de-francos-y-el-mensaje-de-karina-milei\/\" \/>\n<meta property=\"og:site_name\" content=\"El Diario de Tucuman\" \/>\n<meta property=\"article:published_time\" content=\"2025-09-06T01:23:27+00:00\" \/>\n<meta property=\"article:modified_time\" content=\"2025-09-06T01:23:29+00:00\" \/>\n<meta property=\"og:image\" content=\"https:\/\/www.eldiariodetucuman.com\/web\/wp-content\/uploads\/2025\/09\/el-senador-luis-juez-emocionado-durante-el-debate-BRPPTCSLPZDZPKVSUCCNV2IHKE.JPG\" \/>\n\t<meta property=\"og:image:width\" content=\"1200\" \/>\n\t<meta property=\"og:image:height\" content=\"802\" \/>\n\t<meta property=\"og:image:type\" content=\"image\/jpeg\" \/>\n<meta name=\"author\" content=\"Redactor Uno\" \/>\n<meta name=\"twitter:card\" content=\"summary_large_image\" \/>\n<meta name=\"twitter:label1\" content=\"Escrito por\" \/>\n\t<meta name=\"twitter:data1\" content=\"Redactor Uno\" \/>\n\t<meta name=\"twitter:label2\" content=\"Tiempo de lectura\" \/>\n\t<meta name=\"twitter:data2\" content=\"4 minutos\" \/>\n<script type=\"application\/ld+json\" class=\"yoast-schema-graph\">{\"@context\":\"https:\\\/\\\/schema.org\",\"@graph\":[{\"@type\":\"Article\",\"@id\":\"https:\\\/\\\/www.eldiariodetucuman.com\\\/web\\\/el-plan-de-los-libertarios-para-contener-a-juez-la-veloz-llamada-de-francos-y-el-mensaje-de-karina-milei\\\/#article\",\"isPartOf\":{\"@id\":\"https:\\\/\\\/www.eldiariodetucuman.com\\\/web\\\/el-plan-de-los-libertarios-para-contener-a-juez-la-veloz-llamada-de-francos-y-el-mensaje-de-karina-milei\\\/\"},\"author\":{\"name\":\"Redactor Uno\",\"@id\":\"https:\\\/\\\/www.eldiariodetucuman.com\\\/web\\\/#\\\/schema\\\/person\\\/7e6644a46e60888f6b868594407e08dd\"},\"headline\":\"El plan de los libertarios para contener a Juez: la veloz llamada de Francos y el mensaje de Karina Milei\",\"datePublished\":\"2025-09-06T01:23:27+00:00\",\"dateModified\":\"2025-09-06T01:23:29+00:00\",\"mainEntityOfPage\":{\"@id\":\"https:\\\/\\\/www.eldiariodetucuman.com\\\/web\\\/el-plan-de-los-libertarios-para-contener-a-juez-la-veloz-llamada-de-francos-y-el-mensaje-de-karina-milei\\\/\"},\"wordCount\":847,\"publisher\":{\"@id\":\"https:\\\/\\\/www.eldiariodetucuman.com\\\/web\\\/#organization\"},\"image\":{\"@id\":\"https:\\\/\\\/www.eldiariodetucuman.com\\\/web\\\/el-plan-de-los-libertarios-para-contener-a-juez-la-veloz-llamada-de-francos-y-el-mensaje-de-karina-milei\\\/#primaryimage\"},\"thumbnailUrl\":\"https:\\\/\\\/www.eldiariodetucuman.com\\\/web\\\/wp-content\\\/uploads\\\/2025\\\/09\\\/el-senador-luis-juez-emocionado-durante-el-debate-BRPPTCSLPZDZPKVSUCCNV2IHKE.JPG\",\"articleSection\":[\"Politica\"],\"inLanguage\":\"es\"},{\"@type\":\"WebPage\",\"@id\":\"https:\\\/\\\/www.eldiariodetucuman.com\\\/web\\\/el-plan-de-los-libertarios-para-contener-a-juez-la-veloz-llamada-de-francos-y-el-mensaje-de-karina-milei\\\/\",\"url\":\"https:\\\/\\\/www.eldiariodetucuman.com\\\/web\\\/el-plan-de-los-libertarios-para-contener-a-juez-la-veloz-llamada-de-francos-y-el-mensaje-de-karina-milei\\\/\",\"name\":\"El plan de los libertarios para contener a Juez: la veloz llamada de Francos y el mensaje de Karina Milei - El Diario de Tucuman\",\"isPartOf\":{\"@id\":\"https:\\\/\\\/www.eldiariodetucuman.com\\\/web\\\/#website\"},\"primaryImageOfPage\":{\"@id\":\"https:\\\/\\\/www.eldiariodetucuman.com\\\/web\\\/el-plan-de-los-libertarios-para-contener-a-juez-la-veloz-llamada-de-francos-y-el-mensaje-de-karina-milei\\\/#primaryimage\"},\"image\":{\"@id\":\"https:\\\/\\\/www.eldiariodetucuman.com\\\/web\\\/el-plan-de-los-libertarios-para-contener-a-juez-la-veloz-llamada-de-francos-y-el-mensaje-de-karina-milei\\\/#primaryimage\"},\"thumbnailUrl\":\"https:\\\/\\\/www.eldiariodetucuman.com\\\/web\\\/wp-content\\\/uploads\\\/2025\\\/09\\\/el-senador-luis-juez-emocionado-durante-el-debate-BRPPTCSLPZDZPKVSUCCNV2IHKE.JPG\",\"datePublished\":\"2025-09-06T01:23:27+00:00\",\"dateModified\":\"2025-09-06T01:23:29+00:00\",\"breadcrumb\":{\"@id\":\"https:\\\/\\\/www.eldiariodetucuman.com\\\/web\\\/el-plan-de-los-libertarios-para-contener-a-juez-la-veloz-llamada-de-francos-y-el-mensaje-de-karina-milei\\\/#breadcrumb\"},\"inLanguage\":\"es\",\"potentialAction\":[{\"@type\":\"ReadAction\",\"target\":[\"https:\\\/\\\/www.eldiariodetucuman.com\\\/web\\\/el-plan-de-los-libertarios-para-contener-a-juez-la-veloz-llamada-de-francos-y-el-mensaje-de-karina-milei\\\/\"]}]},{\"@type\":\"ImageObject\",\"inLanguage\":\"es\",\"@id\":\"https:\\\/\\\/www.eldiariodetucuman.com\\\/web\\\/el-plan-de-los-libertarios-para-contener-a-juez-la-veloz-llamada-de-francos-y-el-mensaje-de-karina-milei\\\/#primaryimage\",\"url\":\"https:\\\/\\\/www.eldiariodetucuman.com\\\/web\\\/wp-content\\\/uploads\\\/2025\\\/09\\\/el-senador-luis-juez-emocionado-durante-el-debate-BRPPTCSLPZDZPKVSUCCNV2IHKE.JPG\",\"contentUrl\":\"https:\\\/\\\/www.eldiariodetucuman.com\\\/web\\\/wp-content\\\/uploads\\\/2025\\\/09\\\/el-senador-luis-juez-emocionado-durante-el-debate-BRPPTCSLPZDZPKVSUCCNV2IHKE.JPG\",\"width\":1200,\"height\":802},{\"@type\":\"BreadcrumbList\",\"@id\":\"https:\\\/\\\/www.eldiariodetucuman.com\\\/web\\\/el-plan-de-los-libertarios-para-contener-a-juez-la-veloz-llamada-de-francos-y-el-mensaje-de-karina-milei\\\/#breadcrumb\",\"itemListElement\":[{\"@type\":\"ListItem\",\"position\":1,\"name\":\"Portada\",\"item\":\"https:\\\/\\\/www.eldiariodetucuman.com\\\/web\\\/\"},{\"@type\":\"ListItem\",\"position\":2,\"name\":\"El plan de los libertarios para contener a Juez: la veloz llamada de Francos y el mensaje de Karina Milei\"}]},{\"@type\":\"WebSite\",\"@id\":\"https:\\\/\\\/www.eldiariodetucuman.com\\\/web\\\/#website\",\"url\":\"https:\\\/\\\/www.eldiariodetucuman.com\\\/web\\\/\",\"name\":\"El Diario de Tucuman\",\"description\":\"Diario Tucuman - Informaci\u00f3n y noticias\",\"publisher\":{\"@id\":\"https:\\\/\\\/www.eldiariodetucuman.com\\\/web\\\/#organization\"},\"potentialAction\":[{\"@type\":\"SearchAction\",\"target\":{\"@type\":\"EntryPoint\",\"urlTemplate\":\"https:\\\/\\\/www.eldiariodetucuman.com\\\/web\\\/?s={search_term_string}\"},\"query-input\":{\"@type\":\"PropertyValueSpecification\",\"valueRequired\":true,\"valueName\":\"search_term_string\"}}],\"inLanguage\":\"es\"},{\"@type\":\"Organization\",\"@id\":\"https:\\\/\\\/www.eldiariodetucuman.com\\\/web\\\/#organization\",\"name\":\"El Diario de Tucuman\",\"url\":\"https:\\\/\\\/www.eldiariodetucuman.com\\\/web\\\/\",\"logo\":{\"@type\":\"ImageObject\",\"inLanguage\":\"es\",\"@id\":\"https:\\\/\\\/www.eldiariodetucuman.com\\\/web\\\/#\\\/schema\\\/logo\\\/image\\\/\",\"url\":\"http:\\\/\\\/www.eldiariodetucuman.com\\\/web\\\/wp-content\\\/uploads\\\/2017\\\/12\\\/el-diario-de-tucuman.jpg\",\"contentUrl\":\"http:\\\/\\\/www.eldiariodetucuman.com\\\/web\\\/wp-content\\\/uploads\\\/2017\\\/12\\\/el-diario-de-tucuman.jpg\",\"width\":272,\"height\":92,\"caption\":\"El Diario de Tucuman\"},\"image\":{\"@id\":\"https:\\\/\\\/www.eldiariodetucuman.com\\\/web\\\/#\\\/schema\\\/logo\\\/image\\\/\"}},{\"@type\":\"Person\",\"@id\":\"https:\\\/\\\/www.eldiariodetucuman.com\\\/web\\\/#\\\/schema\\\/person\\\/7e6644a46e60888f6b868594407e08dd\",\"name\":\"Redactor Uno\",\"image\":{\"@type\":\"ImageObject\",\"inLanguage\":\"es\",\"@id\":\"https:\\\/\\\/secure.gravatar.com\\\/avatar\\\/0049b1bdf1bd548385c9ea6b9356431717930913089febd2ba904f0187d7d074?s=96&d=mm&r=g\",\"url\":\"https:\\\/\\\/secure.gravatar.com\\\/avatar\\\/0049b1bdf1bd548385c9ea6b9356431717930913089febd2ba904f0187d7d074?s=96&d=mm&r=g\",\"contentUrl\":\"https:\\\/\\\/secure.gravatar.com\\\/avatar\\\/0049b1bdf1bd548385c9ea6b9356431717930913089febd2ba904f0187d7d074?s=96&d=mm&r=g\",\"caption\":\"Redactor Uno\"},\"url\":\"https:\\\/\\\/www.eldiariodetucuman.com\\\/web\\\/author\\\/mramasco\\\/\"}]}<\/script>\n<!-- \/ Yoast SEO plugin. -->","yoast_head_json":{"title":"El plan de los libertarios para contener a Juez: la veloz llamada de Francos y el mensaje de Karina Milei - El Diario de Tucuman","robots":{"index":"index","follow":"follow","max-snippet":"max-snippet:-1","max-image-preview":"max-image-preview:large","max-video-preview":"max-video-preview:-1"},"canonical":"https:\/\/www.eldiariodetucuman.com\/web\/el-plan-de-los-libertarios-para-contener-a-juez-la-veloz-llamada-de-francos-y-el-mensaje-de-karina-milei\/","og_locale":"es_ES","og_type":"article","og_title":"El plan de los libertarios para contener a Juez: la veloz llamada de Francos y el mensaje de Karina Milei - El Diario de Tucuman","og_description":"C\u00d3RDOBA.- Primero fue Guillermo Francos, el jefe de Gabinete, quien llam\u00f3 por tel\u00e9fono a Luis Juez para solidarizarse con \u00e9l. Tambi\u00e9n recibi\u00f3 un mensaje, en el mismo sentido, de Karina Milei, \u201cel Jefe\u201d. Ellos y otros dirigentes de La Libertad Avanza (LLA) apuntaron a hacer una suerte de \u201ccontrol de da\u00f1os\u201d despu\u00e9s del agresivo posteo [&hellip;]","og_url":"https:\/\/www.eldiariodetucuman.com\/web\/el-plan-de-los-libertarios-para-contener-a-juez-la-veloz-llamada-de-francos-y-el-mensaje-de-karina-milei\/","og_site_name":"El Diario de Tucuman","article_published_time":"2025-09-06T01:23:27+00:00","article_modified_time":"2025-09-06T01:23:29+00:00","og_image":[{"width":1200,"height":802,"url":"https:\/\/www.eldiariodetucuman.com\/web\/wp-content\/uploads\/2025\/09\/el-senador-luis-juez-emocionado-durante-el-debate-BRPPTCSLPZDZPKVSUCCNV2IHKE.JPG","type":"image\/jpeg"}],"author":"Redactor Uno","twitter_card":"summary_large_image","twitter_misc":{"Escrito por":"Redactor Uno","Tiempo de lectura":"4 minutos"},"schema":{"@context":"https:\/\/schema.org","@graph":[{"@type":"Article","@id":"https:\/\/www.eldiariodetucuman.com\/web\/el-plan-de-los-libertarios-para-contener-a-juez-la-veloz-llamada-de-francos-y-el-mensaje-de-karina-milei\/#article","isPartOf":{"@id":"https:\/\/www.eldiariodetucuman.com\/web\/el-plan-de-los-libertarios-para-contener-a-juez-la-veloz-llamada-de-francos-y-el-mensaje-de-karina-milei\/"},"author":{"name":"Redactor Uno","@id":"https:\/\/www.eldiariodetucuman.com\/web\/#\/schema\/person\/7e6644a46e60888f6b868594407e08dd"},"headline":"El plan de los libertarios para contener a Juez: la veloz llamada de Francos y el mensaje de Karina Milei","datePublished":"2025-09-06T01:23:27+00:00","dateModified":"2025-09-06T01:23:29+00:00","mainEntityOfPage":{"@id":"https:\/\/www.eldiariodetucuman.com\/web\/el-plan-de-los-libertarios-para-contener-a-juez-la-veloz-llamada-de-francos-y-el-mensaje-de-karina-milei\/"},"wordCount":847,"publisher":{"@id":"https:\/\/www.eldiariodetucuman.com\/web\/#organization"},"image":{"@id":"https:\/\/www.eldiariodetucuman.com\/web\/el-plan-de-los-libertarios-para-contener-a-juez-la-veloz-llamada-de-francos-y-el-mensaje-de-karina-milei\/#primaryimage"},"thumbnailUrl":"https:\/\/www.eldiariodetucuman.com\/web\/wp-content\/uploads\/2025\/09\/el-senador-luis-juez-emocionado-durante-el-debate-BRPPTCSLPZDZPKVSUCCNV2IHKE.JPG","articleSection":["Politica"],"inLanguage":"es"},{"@type":"WebPage","@id":"https:\/\/www.eldiariodetucuman.com\/web\/el-plan-de-los-libertarios-para-contener-a-juez-la-veloz-llamada-de-francos-y-el-mensaje-de-karina-milei\/","url":"https:\/\/www.eldiariodetucuman.com\/web\/el-plan-de-los-libertarios-para-contener-a-juez-la-veloz-llamada-de-francos-y-el-mensaje-de-karina-milei\/","name":"El plan de los libertarios para contener a Juez: la veloz llamada de Francos y el mensaje de Karina Milei - El Diario de Tucuman","isPartOf":{"@id":"https:\/\/www.eldiariodetucuman.com\/web\/#website"},"primaryImageOfPage":{"@id":"https:\/\/www.eldiariodetucuman.com\/web\/el-plan-de-los-libertarios-para-contener-a-juez-la-veloz-llamada-de-francos-y-el-mensaje-de-karina-milei\/#primaryimage"},"image":{"@id":"https:\/\/www.eldiariodetucuman.com\/web\/el-plan-de-los-libertarios-para-contener-a-juez-la-veloz-llamada-de-francos-y-el-mensaje-de-karina-milei\/#primaryimage"},"thumbnailUrl":"https:\/\/www.eldiariodetucuman.com\/web\/wp-content\/uploads\/2025\/09\/el-senador-luis-juez-emocionado-durante-el-debate-BRPPTCSLPZDZPKVSUCCNV2IHKE.JPG","datePublished":"2025-09-06T01:23:27+00:00","dateModified":"2025-09-06T01:23:29+00:00","breadcrumb":{"@id":"https:\/\/www.eldiariodetucuman.com\/web\/el-plan-de-los-libertarios-para-contener-a-juez-la-veloz-llamada-de-francos-y-el-mensaje-de-karina-milei\/#breadcrumb"},"inLanguage":"es","potentialAction":[{"@type":"ReadAction","target":["https:\/\/www.eldiariodetucuman.com\/web\/el-plan-de-los-libertarios-para-contener-a-juez-la-veloz-llamada-de-francos-y-el-mensaje-de-karina-milei\/"]}]},{"@type":"ImageObject","inLanguage":"es","@id":"https:\/\/www.eldiariodetucuman.com\/web\/el-plan-de-los-libertarios-para-contener-a-juez-la-veloz-llamada-de-francos-y-el-mensaje-de-karina-milei\/#primaryimage","url":"https:\/\/www.eldiariodetucuman.com\/web\/wp-content\/uploads\/2025\/09\/el-senador-luis-juez-emocionado-durante-el-debate-BRPPTCSLPZDZPKVSUCCNV2IHKE.JPG","contentUrl":"https:\/\/www.eldiariodetucuman.com\/web\/wp-content\/uploads\/2025\/09\/el-senador-luis-juez-emocionado-durante-el-debate-BRPPTCSLPZDZPKVSUCCNV2IHKE.JPG","width":1200,"height":802},{"@type":"BreadcrumbList","@id":"https:\/\/www.eldiariodetucuman.com\/web\/el-plan-de-los-libertarios-para-contener-a-juez-la-veloz-llamada-de-francos-y-el-mensaje-de-karina-milei\/#breadcrumb","itemListElement":[{"@type":"ListItem","position":1,"name":"Portada","item":"https:\/\/www.eldiariodetucuman.com\/web\/"},{"@type":"ListItem","position":2,"name":"El plan de los libertarios para contener a Juez: la veloz llamada de Francos y el mensaje de Karina Milei"}]},{"@type":"WebSite","@id":"https:\/\/www.eldiariodetucuman.com\/web\/#website","url":"https:\/\/www.eldiariodetucuman.com\/web\/","name":"El Diario de Tucuman","description":"Diario Tucuman - Informaci\u00f3n y noticias","publisher":{"@id":"https:\/\/www.eldiariodetucuman.com\/web\/#organization"},"potentialAction":[{"@type":"SearchAction","target":{"@type":"EntryPoint","urlTemplate":"https:\/\/www.eldiariodetucuman.com\/web\/?s={search_term_string}"},"query-input":{"@type":"PropertyValueSpecification","valueRequired":true,"valueName":"search_term_string"}}],"inLanguage":"es"},{"@type":"Organization","@id":"https:\/\/www.eldiariodetucuman.com\/web\/#organization","name":"El Diario de Tucuman","url":"https:\/\/www.eldiariodetucuman.com\/web\/","logo":{"@type":"ImageObject","inLanguage":"es","@id":"https:\/\/www.eldiariodetucuman.com\/web\/#\/schema\/logo\/image\/","url":"http:\/\/www.eldiariodetucuman.com\/web\/wp-content\/uploads\/2017\/12\/el-diario-de-tucuman.jpg","contentUrl":"http:\/\/www.eldiariodetucuman.com\/web\/wp-content\/uploads\/2017\/12\/el-diario-de-tucuman.jpg","width":272,"height":92,"caption":"El Diario de Tucuman"},"image":{"@id":"https:\/\/www.eldiariodetucuman.com\/web\/#\/schema\/logo\/image\/"}},{"@type":"Person","@id":"https:\/\/www.eldiariodetucuman.com\/web\/#\/schema\/person\/7e6644a46e60888f6b868594407e08dd","name":"Redactor Uno","image":{"@type":"ImageObject","inLanguage":"es","@id":"https:\/\/secure.gravatar.com\/avatar\/0049b1bdf1bd548385c9ea6b9356431717930913089febd2ba904f0187d7d074?s=96&d=mm&r=g","url":"https:\/\/secure.gravatar.com\/avatar\/0049b1bdf1bd548385c9ea6b9356431717930913089febd2ba904f0187d7d074?s=96&d=mm&r=g","contentUrl":"https:\/\/secure.gravatar.com\/avatar\/0049b1bdf1bd548385c9ea6b9356431717930913089febd2ba904f0187d7d074?s=96&d=mm&r=g","caption":"Redactor Uno"},"url":"https:\/\/www.eldiariodetucuman.com\/web\/author\/mramasco\/"}]}},"_links":{"self":[{"href":"https:\/\/www.eldiariodetucuman.com\/web\/wp-json\/wp\/v2\/posts\/45576","targetHints":{"allow":["GET"]}}],"collection":[{"href":"https:\/\/www.eldiariodetucuman.com\/web\/wp-json\/wp\/v2\/posts"}],"about":[{"href":"https:\/\/www.eldiariodetucuman.com\/web\/wp-json\/wp\/v2\/types\/post"}],"author":[{"embeddable":true,"href":"https:\/\/www.eldiariodetucuman.com\/web\/wp-json\/wp\/v2\/users\/5"}],"replies":[{"embeddable":true,"href":"https:\/\/www.eldiariodetucuman.com\/web\/wp-json\/wp\/v2\/comments?post=45576"}],"version-history":[{"count":1,"href":"https:\/\/www.eldiariodetucuman.com\/web\/wp-json\/wp\/v2\/posts\/45576\/revisions"}],"predecessor-version":[{"id":45578,"href":"https:\/\/www.eldiariodetucuman.com\/web\/wp-json\/wp\/v2\/posts\/45576\/revisions\/45578"}],"wp:featuredmedia":[{"embeddable":true,"href":"https:\/\/www.eldiariodetucuman.com\/web\/wp-json\/wp\/v2\/media\/45577"}],"wp:attachment":[{"href":"https:\/\/www.eldiariodetucuman.com\/web\/wp-json\/wp\/v2\/media?parent=45576"}],"wp:term":[{"taxonomy":"category","embeddable":true,"href":"https:\/\/www.eldiariodetucuman.com\/web\/wp-json\/wp\/v2\/categories?post=45576"},{"taxonomy":"post_tag","embeddable":true,"href":"https:\/\/www.eldiariodetucuman.com\/web\/wp-json\/wp\/v2\/tags?post=45576"}],"curies":[{"name":"wp","href":"https:\/\/api.w.org\/{rel}","templated":true}]}}