{"id":45574,"date":"2025-09-05T16:55:32","date_gmt":"2025-09-05T19:55:32","guid":{"rendered":"https:\/\/www.eldiariodetucuman.com\/web\/jaldo-inauguro-el-patio-techado-de-la-escuela-claudia-velez-de-cano-de-amaicha-del-valle\/"},"modified":"2025-09-05T16:55:32","modified_gmt":"2025-09-05T19:55:32","slug":"jaldo-inauguro-el-patio-techado-de-la-escuela-claudia-velez-de-cano-de-amaicha-del-valle","status":"publish","type":"post","link":"https:\/\/www.eldiariodetucuman.com\/web\/jaldo-inauguro-el-patio-techado-de-la-escuela-claudia-velez-de-cano-de-amaicha-del-valle\/","title":{"rendered":"Jaldo inaugur\u00f3 el patio techado de la escuela Claudia V\u00e9lez de Cano de Amaicha del Valle"},"content":{"rendered":"<p><\/p>\n<p>El gobernador <strong>Osvaldo Jaldo<\/strong> visit\u00f3 este viernes por la ma\u00f1ana la Escuela N\u00b0 10 Claudia V\u00e9lez de Cano de Amaicha del Valle para dejar inaugurado el patio techado, una obra que permitir\u00e1 a los alumnos y docentes disfrutar de actividades en el establecimiento durante todo el a\u00f1o.<\/p>\n<p>La hist\u00f3rica instituci\u00f3n, de 119 a\u00f1os de antig\u00fcedad en la comunidad educativa, abarca los niveles Inicial y Primario, con una matr\u00edcula de 246 estudiantes que asisten en jornada completa, de 8.30 a 16.30 horas. Est\u00e1 ubicada en las calles Ernesto Padilla e Hip\u00f3lito Irigoyen de Amaicha del Valle, departamento Taf\u00ed del Valle.<\/p>\n<p>En la oportunidad, acompa\u00f1aron al Gobernador, los ministros <strong>Susana Montaldo<\/strong> (Educaci\u00f3n), <strong>Dar\u00edo Monteros<\/strong> (Interior), <strong>Regino Amado<\/strong> (Gobierno y Justicia); la diputada nacional <strong>Gladys Medina<\/strong>; intendente de Taf\u00ed del Valle, <strong>Francisco Caliva;<\/strong> el comisionado comunal de Amaicha del Valle, <strong>Paul Caillou<\/strong>; y el legislador<strong> Javier Noguera.\u00a0<\/strong><\/p>\n<p>\u201cLa escuelita ya cuenta con su patio cubierto para que lo disfruten. Hoy cumplimos con la palabra empe\u00f1ada dejando inaugurado oficialmente este espacio que tendr\u00e1 m\u00faltiples funciones. Aqu\u00ed lo principal es el estudio, es aprender, pero luego tambi\u00e9n la escuela realiza actividades culturales y recreativas, como los talleres de folclore. La comunidad de Amaicha tambi\u00e9n hace uso de este espacio\u201d, destac\u00f3 Jaldo.\u00a0<\/p>\n<\/p>\n<p>Asimismo, el Gobernador destac\u00f3 la antig\u00fcedad de la instituci\u00f3n y celebr\u00f3 la labor de los docentes, quienes \u201chacen patria ense\u00f1ando en estas escuelas y cuidando a los ni\u00f1os tucumanos\u201d.\u00a0<\/p>\n<p><strong>\u201cPara el Gobierno de la Provincia la educaci\u00f3n est\u00e1 primero, por eso gracias a los docentes, a los \u00a0directores y a toda la comunidad que hace posible que los ni\u00f1os y ni\u00f1as asistan a diario a la escuela\u201d, a\u00f1adi\u00f3 Jaldo.<\/strong><\/p>\n<p>La ministra de Educaci\u00f3n, Susana Montaldo, expres\u00f3 que \u201cel Gobernador es inclaudicable con su compromiso de aportar a las escuelas en todos los sentidos: para el personal docente, para que las escuelas est\u00e9n en buen estado. Estoy muy contenta, ya que es la tercera vez que visito esta escuela\u201d.<\/p>\n<\/p>\n<p>La jornada tuvo un significado especial al coincidir con el D\u00eda de la Mujer Originaria, lo que gener\u00f3 un ambiente emotivo entre la comunidad educativa. \u201cAqu\u00ed est\u00e1 la Pachamama acompa\u00f1\u00e1ndonos, y los chicos bailaban, pero al aire libre, sin un lugar resguardado. En los d\u00edas de fr\u00edo realmente se siente, as\u00ed que este nuevo tinglado es muy necesario\u201d, coment\u00f3 Montaldo.<\/p>\n<p>La funcionaria adelant\u00f3 que se prev\u00e9n nuevas obras de infraestructura, en l\u00ednea con las necesidades de la instituci\u00f3n educativa, gracias al decidido respaldo del Gobierno provincial. \u201cVamos a seguir trabajando en lo que la escuela necesita, gracias a este compromiso del gobernador Osvaldo Jaldo de dar prioridad a la educaci\u00f3n, porque representa un mejor futuro para los chicos\u201d, concluy\u00f3.<\/p>\n<p>\u00abAl patio cubierto lo esperaron por d\u00e9cadas los estudiantes y este Gobierno de la Provincia, en la gesti\u00f3n de Osvaldo Jaldo, lo pudo hacer a trav\u00e9s de la Direcci\u00f3n de Construcciones Escolares\u00bb, recalc\u00f3 el ministro Dar\u00edo Monteros.\u00a0<\/p>\n<p>El director, <strong>Juan Carlos Ale<\/strong>, destac\u00f3: \u201cEs una emoci\u00f3n muy grande. Esta obra se ven\u00eda gestionando hace a\u00f1os y hoy, gracias a esta gesti\u00f3n, se concret\u00f3 con rapidez. Nos permitir\u00e1 desarrollar muchas actividades educativas y comunitarias\u00bb.<\/p>\n<\/p>\n<p><strong>\u201cEs muy importante contar con la visita del gobernador Jaldo, es un respaldo fundamental para nuestra escuela,\u201d agreg\u00f3 el director.<\/strong><\/p>\n<p>El director de Materiales y Construcciones Escolares, <strong>Ram\u00f3n Cano<\/strong>, precis\u00f3 que la obra comprende \u201c240 metros cuadrados con una inversi\u00f3n de $57 millones. La pol\u00edtica del Gobernador es invertir en educaci\u00f3n y esto es una clara muestra\u201d.<\/p>\n<p>Por su parte, el legislador <strong>Javier Noguera<\/strong> remarc\u00f3 que \u201cen contraste con lo que ocurre a nivel nacional, mientras se desfinancia la educaci\u00f3n, la salud y la obra p\u00fablica, Tucum\u00e1n sigue exhibiendo vitalidad en ese prop\u00f3sito, acercando soluciones a los vecinos. El Gobernador da muestras en el d\u00eda a d\u00eda de lo que es calidad en la gesti\u00f3n, el compromiso con nuestros vecinos y especialmente con comunidades que hist\u00f3ricamente han estado tan postergadas\u201d.<\/p>\n<p>El delegado <strong>Paul Caillou<\/strong> sostuvo que junto al gobernador se inauguraron obras que la comunidad esperaba hace tiempo: \u201cel tinglado de la escuela 10, la escuela cabecera, hay muchos chicos, hay m\u00e1s de 230 alumnos, adem\u00e1s se hacen actividades culturales, la Fiesta del Bandone\u00f3n en el verano, en realidad significa much\u00edsimo, much\u00edsimo avance para Amaicha\u201d.<\/p>\n<\/p>\n<p><strong>Bienestar para alumnos y docentes<\/strong><\/p>\n<p><strong>Clara D\u00edaz<\/strong>, madre de una alumna de segundo a\u00f1o, expres\u00f3 su satisfacci\u00f3n por la obra: \u201cPara m\u00ed es algo muy satisfactorio, porque se necesitaba este tinglado desde hace tiempo para el bienestar de los chicos, especialmente durante los actos y actividades escolares.\u201d<\/p>\n<p>Adem\u00e1s, valor\u00f3 la presencia del gobernador Osvaldo Jaldo en el acto y dijo que \u201ces muy importante que venga m\u00e1s seguido. Eso quiere decir que est\u00e1 con Amaicha, que no nos olvida\u00bb.<\/p>\n<p><strong>Diana Estefan\u00eda Arias<\/strong>, madre de Cynthia Selene Rojas Arias, alumna de 10 a\u00f1os, expres\u00f3 su alegr\u00eda y agradecimiento por la obra y por la visita del gobernador Osvaldo Jaldo.<\/p>\n<p>\u201cEs una gran alegr\u00eda, ya que era muy necesario este tinglado por el sol y el fr\u00edo. M\u00e1s que feliz y agradecida,\u201d se\u00f1al\u00f3 Arias. Adem\u00e1s, sostuvo que \u201ces un privilegio tener al Gobernador ac\u00e1 en nuestro pueblo. Habiendo tantos lugares, que \u00e9l elija venir aqu\u00ed es muy importante para nosotros\u00bb.<\/p>\n<p>Fuente: <a href=\"https:\/\/www.comunicaciontucuman.gob.ar\/noticia\/gobernacion\/236762\/jaldo-inauguro-patio-techado-escuela-claudia-velez-cano-amaicha-valle\"> Fuente de la nota <\/a><\/p>\n","protected":false},"excerpt":{"rendered":"<p>El gobernador Osvaldo Jaldo visit\u00f3 este viernes por la ma\u00f1ana la Escuela N\u00b0 10 Claudia V\u00e9lez de Cano de Amaicha del Valle para dejar inaugurado el patio techado, una obra que permitir\u00e1 a los alumnos y docentes disfrutar de actividades en el establecimiento durante todo el a\u00f1o. La hist\u00f3rica instituci\u00f3n, de 119 a\u00f1os de antig\u00fcedad [&hellip;]<\/p>\n","protected":false},"author":1,"featured_media":45575,"comment_status":"closed","ping_status":"open","sticky":false,"template":"","format":"standard","meta":{"footnotes":""},"categories":[3],"tags":[],"class_list":{"0":"post-45574","1":"post","2":"type-post","3":"status-publish","4":"format-standard","5":"has-post-thumbnail","7":"category-politica"},"yoast_head":"<!-- This site is optimized with the Yoast SEO plugin v27.5 - https:\/\/yoast.com\/product\/yoast-seo-wordpress\/ -->\n<title>Jaldo inaugur\u00f3 el patio techado de la escuela Claudia V\u00e9lez de Cano de Amaicha del Valle - El Diario de Tucuman<\/title>\n<meta name=\"robots\" content=\"index, follow, max-snippet:-1, max-image-preview:large, max-video-preview:-1\" \/>\n<link rel=\"canonical\" href=\"https:\/\/www.eldiariodetucuman.com\/web\/jaldo-inauguro-el-patio-techado-de-la-escuela-claudia-velez-de-cano-de-amaicha-del-valle\/\" \/>\n<meta property=\"og:locale\" content=\"es_ES\" \/>\n<meta property=\"og:type\" content=\"article\" \/>\n<meta property=\"og:title\" content=\"Jaldo inaugur\u00f3 el patio techado de la escuela Claudia V\u00e9lez de Cano de Amaicha del Valle - El Diario de Tucuman\" \/>\n<meta property=\"og:description\" content=\"El gobernador Osvaldo Jaldo visit\u00f3 este viernes por la ma\u00f1ana la Escuela N\u00b0 10 Claudia V\u00e9lez de Cano de Amaicha del Valle para dejar inaugurado el patio techado, una obra que permitir\u00e1 a los alumnos y docentes disfrutar de actividades en el establecimiento durante todo el a\u00f1o. La hist\u00f3rica instituci\u00f3n, de 119 a\u00f1os de antig\u00fcedad [&hellip;]\" \/>\n<meta property=\"og:url\" content=\"https:\/\/www.eldiariodetucuman.com\/web\/jaldo-inauguro-el-patio-techado-de-la-escuela-claudia-velez-de-cano-de-amaicha-del-valle\/\" \/>\n<meta property=\"og:site_name\" content=\"El Diario de Tucuman\" \/>\n<meta property=\"article:published_time\" content=\"2025-09-05T19:55:32+00:00\" \/>\n<meta name=\"author\" content=\"admin\" \/>\n<meta name=\"twitter:card\" content=\"summary_large_image\" \/>\n<meta name=\"twitter:label1\" content=\"Escrito por\" \/>\n\t<meta name=\"twitter:data1\" content=\"admin\" \/>\n\t<meta name=\"twitter:label2\" content=\"Tiempo de lectura\" \/>\n\t<meta name=\"twitter:data2\" content=\"5 minutos\" \/>\n<script type=\"application\/ld+json\" class=\"yoast-schema-graph\">{\"@context\":\"https:\\\/\\\/schema.org\",\"@graph\":[{\"@type\":\"Article\",\"@id\":\"https:\\\/\\\/www.eldiariodetucuman.com\\\/web\\\/jaldo-inauguro-el-patio-techado-de-la-escuela-claudia-velez-de-cano-de-amaicha-del-valle\\\/#article\",\"isPartOf\":{\"@id\":\"https:\\\/\\\/www.eldiariodetucuman.com\\\/web\\\/jaldo-inauguro-el-patio-techado-de-la-escuela-claudia-velez-de-cano-de-amaicha-del-valle\\\/\"},\"author\":{\"name\":\"admin\",\"@id\":\"https:\\\/\\\/www.eldiariodetucuman.com\\\/web\\\/#\\\/schema\\\/person\\\/9250197d75ab5483412e19678b121caa\"},\"headline\":\"Jaldo inaugur\u00f3 el patio techado de la escuela Claudia V\u00e9lez de Cano de Amaicha del Valle\",\"datePublished\":\"2025-09-05T19:55:32+00:00\",\"mainEntityOfPage\":{\"@id\":\"https:\\\/\\\/www.eldiariodetucuman.com\\\/web\\\/jaldo-inauguro-el-patio-techado-de-la-escuela-claudia-velez-de-cano-de-amaicha-del-valle\\\/\"},\"wordCount\":944,\"publisher\":{\"@id\":\"https:\\\/\\\/www.eldiariodetucuman.com\\\/web\\\/#organization\"},\"image\":{\"@id\":\"https:\\\/\\\/www.eldiariodetucuman.com\\\/web\\\/jaldo-inauguro-el-patio-techado-de-la-escuela-claudia-velez-de-cano-de-amaicha-del-valle\\\/#primaryimage\"},\"thumbnailUrl\":\"https:\\\/\\\/www.eldiariodetucuman.com\\\/web\\\/wp-content\\\/uploads\\\/2025\\\/09\\\/Jaldo-inauguro-el-patio-techado-de-la-escuela-Claudia-Velez.jpeg\",\"articleSection\":[\"Politica\"],\"inLanguage\":\"es\"},{\"@type\":\"WebPage\",\"@id\":\"https:\\\/\\\/www.eldiariodetucuman.com\\\/web\\\/jaldo-inauguro-el-patio-techado-de-la-escuela-claudia-velez-de-cano-de-amaicha-del-valle\\\/\",\"url\":\"https:\\\/\\\/www.eldiariodetucuman.com\\\/web\\\/jaldo-inauguro-el-patio-techado-de-la-escuela-claudia-velez-de-cano-de-amaicha-del-valle\\\/\",\"name\":\"Jaldo inaugur\u00f3 el patio techado de la escuela Claudia V\u00e9lez de Cano de Amaicha del Valle - El Diario de Tucuman\",\"isPartOf\":{\"@id\":\"https:\\\/\\\/www.eldiariodetucuman.com\\\/web\\\/#website\"},\"primaryImageOfPage\":{\"@id\":\"https:\\\/\\\/www.eldiariodetucuman.com\\\/web\\\/jaldo-inauguro-el-patio-techado-de-la-escuela-claudia-velez-de-cano-de-amaicha-del-valle\\\/#primaryimage\"},\"image\":{\"@id\":\"https:\\\/\\\/www.eldiariodetucuman.com\\\/web\\\/jaldo-inauguro-el-patio-techado-de-la-escuela-claudia-velez-de-cano-de-amaicha-del-valle\\\/#primaryimage\"},\"thumbnailUrl\":\"https:\\\/\\\/www.eldiariodetucuman.com\\\/web\\\/wp-content\\\/uploads\\\/2025\\\/09\\\/Jaldo-inauguro-el-patio-techado-de-la-escuela-Claudia-Velez.jpeg\",\"datePublished\":\"2025-09-05T19:55:32+00:00\",\"breadcrumb\":{\"@id\":\"https:\\\/\\\/www.eldiariodetucuman.com\\\/web\\\/jaldo-inauguro-el-patio-techado-de-la-escuela-claudia-velez-de-cano-de-amaicha-del-valle\\\/#breadcrumb\"},\"inLanguage\":\"es\",\"potentialAction\":[{\"@type\":\"ReadAction\",\"target\":[\"https:\\\/\\\/www.eldiariodetucuman.com\\\/web\\\/jaldo-inauguro-el-patio-techado-de-la-escuela-claudia-velez-de-cano-de-amaicha-del-valle\\\/\"]}]},{\"@type\":\"ImageObject\",\"inLanguage\":\"es\",\"@id\":\"https:\\\/\\\/www.eldiariodetucuman.com\\\/web\\\/jaldo-inauguro-el-patio-techado-de-la-escuela-claudia-velez-de-cano-de-amaicha-del-valle\\\/#primaryimage\",\"url\":\"https:\\\/\\\/www.eldiariodetucuman.com\\\/web\\\/wp-content\\\/uploads\\\/2025\\\/09\\\/Jaldo-inauguro-el-patio-techado-de-la-escuela-Claudia-Velez.jpeg\",\"contentUrl\":\"https:\\\/\\\/www.eldiariodetucuman.com\\\/web\\\/wp-content\\\/uploads\\\/2025\\\/09\\\/Jaldo-inauguro-el-patio-techado-de-la-escuela-Claudia-Velez.jpeg\",\"width\":818,\"height\":460},{\"@type\":\"BreadcrumbList\",\"@id\":\"https:\\\/\\\/www.eldiariodetucuman.com\\\/web\\\/jaldo-inauguro-el-patio-techado-de-la-escuela-claudia-velez-de-cano-de-amaicha-del-valle\\\/#breadcrumb\",\"itemListElement\":[{\"@type\":\"ListItem\",\"position\":1,\"name\":\"Portada\",\"item\":\"https:\\\/\\\/www.eldiariodetucuman.com\\\/web\\\/\"},{\"@type\":\"ListItem\",\"position\":2,\"name\":\"Jaldo inaugur\u00f3 el patio techado de la escuela Claudia V\u00e9lez de Cano de Amaicha del Valle\"}]},{\"@type\":\"WebSite\",\"@id\":\"https:\\\/\\\/www.eldiariodetucuman.com\\\/web\\\/#website\",\"url\":\"https:\\\/\\\/www.eldiariodetucuman.com\\\/web\\\/\",\"name\":\"El Diario de Tucuman\",\"description\":\"Diario Tucuman - Informaci\u00f3n y noticias\",\"publisher\":{\"@id\":\"https:\\\/\\\/www.eldiariodetucuman.com\\\/web\\\/#organization\"},\"potentialAction\":[{\"@type\":\"SearchAction\",\"target\":{\"@type\":\"EntryPoint\",\"urlTemplate\":\"https:\\\/\\\/www.eldiariodetucuman.com\\\/web\\\/?s={search_term_string}\"},\"query-input\":{\"@type\":\"PropertyValueSpecification\",\"valueRequired\":true,\"valueName\":\"search_term_string\"}}],\"inLanguage\":\"es\"},{\"@type\":\"Organization\",\"@id\":\"https:\\\/\\\/www.eldiariodetucuman.com\\\/web\\\/#organization\",\"name\":\"El Diario de Tucuman\",\"url\":\"https:\\\/\\\/www.eldiariodetucuman.com\\\/web\\\/\",\"logo\":{\"@type\":\"ImageObject\",\"inLanguage\":\"es\",\"@id\":\"https:\\\/\\\/www.eldiariodetucuman.com\\\/web\\\/#\\\/schema\\\/logo\\\/image\\\/\",\"url\":\"http:\\\/\\\/www.eldiariodetucuman.com\\\/web\\\/wp-content\\\/uploads\\\/2017\\\/12\\\/el-diario-de-tucuman.jpg\",\"contentUrl\":\"http:\\\/\\\/www.eldiariodetucuman.com\\\/web\\\/wp-content\\\/uploads\\\/2017\\\/12\\\/el-diario-de-tucuman.jpg\",\"width\":272,\"height\":92,\"caption\":\"El Diario de Tucuman\"},\"image\":{\"@id\":\"https:\\\/\\\/www.eldiariodetucuman.com\\\/web\\\/#\\\/schema\\\/logo\\\/image\\\/\"}},{\"@type\":\"Person\",\"@id\":\"https:\\\/\\\/www.eldiariodetucuman.com\\\/web\\\/#\\\/schema\\\/person\\\/9250197d75ab5483412e19678b121caa\",\"name\":\"admin\",\"image\":{\"@type\":\"ImageObject\",\"inLanguage\":\"es\",\"@id\":\"https:\\\/\\\/secure.gravatar.com\\\/avatar\\\/c44d117c2be811212c22cb481f6b8384b6873de103fbc49e7a03cc58d7dea4ac?s=96&d=mm&r=g\",\"url\":\"https:\\\/\\\/secure.gravatar.com\\\/avatar\\\/c44d117c2be811212c22cb481f6b8384b6873de103fbc49e7a03cc58d7dea4ac?s=96&d=mm&r=g\",\"contentUrl\":\"https:\\\/\\\/secure.gravatar.com\\\/avatar\\\/c44d117c2be811212c22cb481f6b8384b6873de103fbc49e7a03cc58d7dea4ac?s=96&d=mm&r=g\",\"caption\":\"admin\"},\"url\":\"https:\\\/\\\/www.eldiariodetucuman.com\\\/web\\\/author\\\/admin\\\/\"}]}<\/script>\n<!-- \/ Yoast SEO plugin. -->","yoast_head_json":{"title":"Jaldo inaugur\u00f3 el patio techado de la escuela Claudia V\u00e9lez de Cano de Amaicha del Valle - El Diario de Tucuman","robots":{"index":"index","follow":"follow","max-snippet":"max-snippet:-1","max-image-preview":"max-image-preview:large","max-video-preview":"max-video-preview:-1"},"canonical":"https:\/\/www.eldiariodetucuman.com\/web\/jaldo-inauguro-el-patio-techado-de-la-escuela-claudia-velez-de-cano-de-amaicha-del-valle\/","og_locale":"es_ES","og_type":"article","og_title":"Jaldo inaugur\u00f3 el patio techado de la escuela Claudia V\u00e9lez de Cano de Amaicha del Valle - El Diario de Tucuman","og_description":"El gobernador Osvaldo Jaldo visit\u00f3 este viernes por la ma\u00f1ana la Escuela N\u00b0 10 Claudia V\u00e9lez de Cano de Amaicha del Valle para dejar inaugurado el patio techado, una obra que permitir\u00e1 a los alumnos y docentes disfrutar de actividades en el establecimiento durante todo el a\u00f1o. La hist\u00f3rica instituci\u00f3n, de 119 a\u00f1os de antig\u00fcedad [&hellip;]","og_url":"https:\/\/www.eldiariodetucuman.com\/web\/jaldo-inauguro-el-patio-techado-de-la-escuela-claudia-velez-de-cano-de-amaicha-del-valle\/","og_site_name":"El Diario de Tucuman","article_published_time":"2025-09-05T19:55:32+00:00","author":"admin","twitter_card":"summary_large_image","twitter_misc":{"Escrito por":"admin","Tiempo de lectura":"5 minutos"},"schema":{"@context":"https:\/\/schema.org","@graph":[{"@type":"Article","@id":"https:\/\/www.eldiariodetucuman.com\/web\/jaldo-inauguro-el-patio-techado-de-la-escuela-claudia-velez-de-cano-de-amaicha-del-valle\/#article","isPartOf":{"@id":"https:\/\/www.eldiariodetucuman.com\/web\/jaldo-inauguro-el-patio-techado-de-la-escuela-claudia-velez-de-cano-de-amaicha-del-valle\/"},"author":{"name":"admin","@id":"https:\/\/www.eldiariodetucuman.com\/web\/#\/schema\/person\/9250197d75ab5483412e19678b121caa"},"headline":"Jaldo inaugur\u00f3 el patio techado de la escuela Claudia V\u00e9lez de Cano de Amaicha del Valle","datePublished":"2025-09-05T19:55:32+00:00","mainEntityOfPage":{"@id":"https:\/\/www.eldiariodetucuman.com\/web\/jaldo-inauguro-el-patio-techado-de-la-escuela-claudia-velez-de-cano-de-amaicha-del-valle\/"},"wordCount":944,"publisher":{"@id":"https:\/\/www.eldiariodetucuman.com\/web\/#organization"},"image":{"@id":"https:\/\/www.eldiariodetucuman.com\/web\/jaldo-inauguro-el-patio-techado-de-la-escuela-claudia-velez-de-cano-de-amaicha-del-valle\/#primaryimage"},"thumbnailUrl":"https:\/\/www.eldiariodetucuman.com\/web\/wp-content\/uploads\/2025\/09\/Jaldo-inauguro-el-patio-techado-de-la-escuela-Claudia-Velez.jpeg","articleSection":["Politica"],"inLanguage":"es"},{"@type":"WebPage","@id":"https:\/\/www.eldiariodetucuman.com\/web\/jaldo-inauguro-el-patio-techado-de-la-escuela-claudia-velez-de-cano-de-amaicha-del-valle\/","url":"https:\/\/www.eldiariodetucuman.com\/web\/jaldo-inauguro-el-patio-techado-de-la-escuela-claudia-velez-de-cano-de-amaicha-del-valle\/","name":"Jaldo inaugur\u00f3 el patio techado de la escuela Claudia V\u00e9lez de Cano de Amaicha del Valle - El Diario de Tucuman","isPartOf":{"@id":"https:\/\/www.eldiariodetucuman.com\/web\/#website"},"primaryImageOfPage":{"@id":"https:\/\/www.eldiariodetucuman.com\/web\/jaldo-inauguro-el-patio-techado-de-la-escuela-claudia-velez-de-cano-de-amaicha-del-valle\/#primaryimage"},"image":{"@id":"https:\/\/www.eldiariodetucuman.com\/web\/jaldo-inauguro-el-patio-techado-de-la-escuela-claudia-velez-de-cano-de-amaicha-del-valle\/#primaryimage"},"thumbnailUrl":"https:\/\/www.eldiariodetucuman.com\/web\/wp-content\/uploads\/2025\/09\/Jaldo-inauguro-el-patio-techado-de-la-escuela-Claudia-Velez.jpeg","datePublished":"2025-09-05T19:55:32+00:00","breadcrumb":{"@id":"https:\/\/www.eldiariodetucuman.com\/web\/jaldo-inauguro-el-patio-techado-de-la-escuela-claudia-velez-de-cano-de-amaicha-del-valle\/#breadcrumb"},"inLanguage":"es","potentialAction":[{"@type":"ReadAction","target":["https:\/\/www.eldiariodetucuman.com\/web\/jaldo-inauguro-el-patio-techado-de-la-escuela-claudia-velez-de-cano-de-amaicha-del-valle\/"]}]},{"@type":"ImageObject","inLanguage":"es","@id":"https:\/\/www.eldiariodetucuman.com\/web\/jaldo-inauguro-el-patio-techado-de-la-escuela-claudia-velez-de-cano-de-amaicha-del-valle\/#primaryimage","url":"https:\/\/www.eldiariodetucuman.com\/web\/wp-content\/uploads\/2025\/09\/Jaldo-inauguro-el-patio-techado-de-la-escuela-Claudia-Velez.jpeg","contentUrl":"https:\/\/www.eldiariodetucuman.com\/web\/wp-content\/uploads\/2025\/09\/Jaldo-inauguro-el-patio-techado-de-la-escuela-Claudia-Velez.jpeg","width":818,"height":460},{"@type":"BreadcrumbList","@id":"https:\/\/www.eldiariodetucuman.com\/web\/jaldo-inauguro-el-patio-techado-de-la-escuela-claudia-velez-de-cano-de-amaicha-del-valle\/#breadcrumb","itemListElement":[{"@type":"ListItem","position":1,"name":"Portada","item":"https:\/\/www.eldiariodetucuman.com\/web\/"},{"@type":"ListItem","position":2,"name":"Jaldo inaugur\u00f3 el patio techado de la escuela Claudia V\u00e9lez de Cano de Amaicha del Valle"}]},{"@type":"WebSite","@id":"https:\/\/www.eldiariodetucuman.com\/web\/#website","url":"https:\/\/www.eldiariodetucuman.com\/web\/","name":"El Diario de Tucuman","description":"Diario Tucuman - Informaci\u00f3n y noticias","publisher":{"@id":"https:\/\/www.eldiariodetucuman.com\/web\/#organization"},"potentialAction":[{"@type":"SearchAction","target":{"@type":"EntryPoint","urlTemplate":"https:\/\/www.eldiariodetucuman.com\/web\/?s={search_term_string}"},"query-input":{"@type":"PropertyValueSpecification","valueRequired":true,"valueName":"search_term_string"}}],"inLanguage":"es"},{"@type":"Organization","@id":"https:\/\/www.eldiariodetucuman.com\/web\/#organization","name":"El Diario de Tucuman","url":"https:\/\/www.eldiariodetucuman.com\/web\/","logo":{"@type":"ImageObject","inLanguage":"es","@id":"https:\/\/www.eldiariodetucuman.com\/web\/#\/schema\/logo\/image\/","url":"http:\/\/www.eldiariodetucuman.com\/web\/wp-content\/uploads\/2017\/12\/el-diario-de-tucuman.jpg","contentUrl":"http:\/\/www.eldiariodetucuman.com\/web\/wp-content\/uploads\/2017\/12\/el-diario-de-tucuman.jpg","width":272,"height":92,"caption":"El Diario de Tucuman"},"image":{"@id":"https:\/\/www.eldiariodetucuman.com\/web\/#\/schema\/logo\/image\/"}},{"@type":"Person","@id":"https:\/\/www.eldiariodetucuman.com\/web\/#\/schema\/person\/9250197d75ab5483412e19678b121caa","name":"admin","image":{"@type":"ImageObject","inLanguage":"es","@id":"https:\/\/secure.gravatar.com\/avatar\/c44d117c2be811212c22cb481f6b8384b6873de103fbc49e7a03cc58d7dea4ac?s=96&d=mm&r=g","url":"https:\/\/secure.gravatar.com\/avatar\/c44d117c2be811212c22cb481f6b8384b6873de103fbc49e7a03cc58d7dea4ac?s=96&d=mm&r=g","contentUrl":"https:\/\/secure.gravatar.com\/avatar\/c44d117c2be811212c22cb481f6b8384b6873de103fbc49e7a03cc58d7dea4ac?s=96&d=mm&r=g","caption":"admin"},"url":"https:\/\/www.eldiariodetucuman.com\/web\/author\/admin\/"}]}},"_links":{"self":[{"href":"https:\/\/www.eldiariodetucuman.com\/web\/wp-json\/wp\/v2\/posts\/45574","targetHints":{"allow":["GET"]}}],"collection":[{"href":"https:\/\/www.eldiariodetucuman.com\/web\/wp-json\/wp\/v2\/posts"}],"about":[{"href":"https:\/\/www.eldiariodetucuman.com\/web\/wp-json\/wp\/v2\/types\/post"}],"author":[{"embeddable":true,"href":"https:\/\/www.eldiariodetucuman.com\/web\/wp-json\/wp\/v2\/users\/1"}],"replies":[{"embeddable":true,"href":"https:\/\/www.eldiariodetucuman.com\/web\/wp-json\/wp\/v2\/comments?post=45574"}],"version-history":[{"count":0,"href":"https:\/\/www.eldiariodetucuman.com\/web\/wp-json\/wp\/v2\/posts\/45574\/revisions"}],"wp:featuredmedia":[{"embeddable":true,"href":"https:\/\/www.eldiariodetucuman.com\/web\/wp-json\/wp\/v2\/media\/45575"}],"wp:attachment":[{"href":"https:\/\/www.eldiariodetucuman.com\/web\/wp-json\/wp\/v2\/media?parent=45574"}],"wp:term":[{"taxonomy":"category","embeddable":true,"href":"https:\/\/www.eldiariodetucuman.com\/web\/wp-json\/wp\/v2\/categories?post=45574"},{"taxonomy":"post_tag","embeddable":true,"href":"https:\/\/www.eldiariodetucuman.com\/web\/wp-json\/wp\/v2\/tags?post=45574"}],"curies":[{"name":"wp","href":"https:\/\/api.w.org\/{rel}","templated":true}]}}