{"id":45572,"date":"2025-09-05T16:51:57","date_gmt":"2025-09-05T19:51:57","guid":{"rendered":"https:\/\/www.eldiariodetucuman.com\/web\/franco-colapinto-estamos-muy-lejos\/"},"modified":"2025-09-05T16:51:57","modified_gmt":"2025-09-05T19:51:57","slug":"franco-colapinto-estamos-muy-lejos","status":"publish","type":"post","link":"https:\/\/www.eldiariodetucuman.com\/web\/franco-colapinto-estamos-muy-lejos\/","title":{"rendered":"Franco Colapinto: Estamos muy lejos"},"content":{"rendered":"<p>    <\/p>\n<p>Nos est\u00e1 costando mucho en las rectas, obviamente, sab\u00edamos que iba a ser dif\u00edcil por eso. Lo que no nos esper\u00e1bamos tanto era tener tanta inestabilidad, un balance complicado en las entradas. Hay que entender por qu\u00e9 tenemos tan poco agarre atr\u00e1s y por qu\u00e9 sobrecalentamos tanto las gomas. Tranquilos para ma\u00f1ana, pero hay que buscar mucha m\u00e1s performance porque estamos muy lejos\u00bb, expres\u00f3 el pilarense.<\/p>\n<p>Colapinto termin\u00f3 la FP2 con un tiempo de 1:21.554, a 0.462 de su compa\u00f1ero Pierre Gasly y a 1.686 del l\u00edder Lando Norris, de McLaren. Adem\u00e1s, explic\u00f3 que su monoplaza no estaba de la mejor manera: \u00abTratamos de dar vueltas con m\u00e1s gasolina y m\u00e1s pesados. Nos cost\u00f3 mucho. En general no se sent\u00eda bien el auto. Un poco lo de los viernes, que nos pasa a veces. Creo que en general hay que buscar el camino\u00bb.<\/p>\n<p>Tambi\u00e9n, coment\u00f3 que fue \u00abun d\u00eda dif\u00edcil\u00bb aunque \u00abera de esperar\u00bb y remarc\u00f3 que trabajaran duro \u00abpara encontrar algunas mejoras\u00bb. \u00abEl coche era dif\u00edcil de conducir y solo tenemos que ver si podemos adaptarnos a algunas de estas limitaciones\u00bb, agreg\u00f3. En Monza, se cumplir\u00e1 un a\u00f1o del debut del argentino en la F\u00f3rmula 1, cuando corri\u00f3 para Williams y finaliz\u00f3 en el 12\u00b0 lugar.<\/p>\n<p>Colapinto viene de un buen rendimiento en el circuito de Zandvoort en el que finaliz\u00f3 en la 11\u00b0 posici\u00f3n, muy cerca de los puntos. Sin embargo, fue criticado por Flavio Briatore, quien no est\u00e1 contento con su rendimiento y expres\u00f3 que \u00abquiz\u00e1s necesitaba un a\u00f1o m\u00e1s\u00bb. Este s\u00e1bado seguir\u00e1 la acci\u00f3n con las pr\u00e1cticas libres de 7:30 a 8:30 y luego, a las 11 ser\u00e1 la clasificaci\u00f3n. Por \u00faltimo, la carrera tendr\u00e1 lugar este domingo a las 10.<\/p>\n<p>  <strong> FUENTE:<\/strong> TyC Sports<br \/>\n<br \/>Fuente: <a href=\"https:\/\/www.lv12.com.ar\/franco-colapinto\/franco-colapinto-estamos-muy-lejos-n185022\"> Fuente de la nota <\/a><\/p>\n","protected":false},"excerpt":{"rendered":"<p>Nos est\u00e1 costando mucho en las rectas, obviamente, sab\u00edamos que iba a ser dif\u00edcil por eso. Lo que no nos esper\u00e1bamos tanto era tener tanta inestabilidad, un balance complicado en las entradas. Hay que entender por qu\u00e9 tenemos tan poco agarre atr\u00e1s y por qu\u00e9 sobrecalentamos tanto las gomas. Tranquilos para ma\u00f1ana, pero hay que [&hellip;]<\/p>\n","protected":false},"author":1,"featured_media":45573,"comment_status":"closed","ping_status":"open","sticky":false,"template":"","format":"standard","meta":{"footnotes":""},"categories":[6],"tags":[],"class_list":{"0":"post-45572","1":"post","2":"type-post","3":"status-publish","4":"format-standard","5":"has-post-thumbnail","7":"category-deporte"},"yoast_head":"<!-- This site is optimized with the Yoast SEO plugin v27.5 - https:\/\/yoast.com\/product\/yoast-seo-wordpress\/ -->\n<title>Franco Colapinto: Estamos muy lejos - El Diario de Tucuman<\/title>\n<meta name=\"robots\" content=\"index, follow, max-snippet:-1, max-image-preview:large, max-video-preview:-1\" \/>\n<link rel=\"canonical\" href=\"https:\/\/www.eldiariodetucuman.com\/web\/franco-colapinto-estamos-muy-lejos\/\" \/>\n<meta property=\"og:locale\" content=\"es_ES\" \/>\n<meta property=\"og:type\" content=\"article\" \/>\n<meta property=\"og:title\" content=\"Franco Colapinto: Estamos muy lejos - El Diario de Tucuman\" \/>\n<meta property=\"og:description\" content=\"Nos est\u00e1 costando mucho en las rectas, obviamente, sab\u00edamos que iba a ser dif\u00edcil por eso. Lo que no nos esper\u00e1bamos tanto era tener tanta inestabilidad, un balance complicado en las entradas. Hay que entender por qu\u00e9 tenemos tan poco agarre atr\u00e1s y por qu\u00e9 sobrecalentamos tanto las gomas. Tranquilos para ma\u00f1ana, pero hay que [&hellip;]\" \/>\n<meta property=\"og:url\" content=\"https:\/\/www.eldiariodetucuman.com\/web\/franco-colapinto-estamos-muy-lejos\/\" \/>\n<meta property=\"og:site_name\" content=\"El Diario de Tucuman\" \/>\n<meta property=\"article:published_time\" content=\"2025-09-05T19:51:57+00:00\" \/>\n<meta name=\"author\" content=\"admin\" \/>\n<meta name=\"twitter:card\" content=\"summary_large_image\" \/>\n<meta name=\"twitter:label1\" content=\"Escrito por\" \/>\n\t<meta name=\"twitter:data1\" content=\"admin\" \/>\n\t<meta name=\"twitter:label2\" content=\"Tiempo de lectura\" \/>\n\t<meta name=\"twitter:data2\" content=\"2 minutos\" \/>\n<script type=\"application\/ld+json\" class=\"yoast-schema-graph\">{\"@context\":\"https:\\\/\\\/schema.org\",\"@graph\":[{\"@type\":\"Article\",\"@id\":\"https:\\\/\\\/www.eldiariodetucuman.com\\\/web\\\/franco-colapinto-estamos-muy-lejos\\\/#article\",\"isPartOf\":{\"@id\":\"https:\\\/\\\/www.eldiariodetucuman.com\\\/web\\\/franco-colapinto-estamos-muy-lejos\\\/\"},\"author\":{\"name\":\"admin\",\"@id\":\"https:\\\/\\\/www.eldiariodetucuman.com\\\/web\\\/#\\\/schema\\\/person\\\/9250197d75ab5483412e19678b121caa\"},\"headline\":\"Franco Colapinto: Estamos muy lejos\",\"datePublished\":\"2025-09-05T19:51:57+00:00\",\"mainEntityOfPage\":{\"@id\":\"https:\\\/\\\/www.eldiariodetucuman.com\\\/web\\\/franco-colapinto-estamos-muy-lejos\\\/\"},\"wordCount\":314,\"publisher\":{\"@id\":\"https:\\\/\\\/www.eldiariodetucuman.com\\\/web\\\/#organization\"},\"image\":{\"@id\":\"https:\\\/\\\/www.eldiariodetucuman.com\\\/web\\\/franco-colapinto-estamos-muy-lejos\\\/#primaryimage\"},\"thumbnailUrl\":\"https:\\\/\\\/www.eldiariodetucuman.com\\\/web\\\/wp-content\\\/uploads\\\/2025\\\/09\\\/Franco-Colapinto-Estamos-muy-lejos.webp.png\",\"articleSection\":[\"Deporte\"],\"inLanguage\":\"es\"},{\"@type\":\"WebPage\",\"@id\":\"https:\\\/\\\/www.eldiariodetucuman.com\\\/web\\\/franco-colapinto-estamos-muy-lejos\\\/\",\"url\":\"https:\\\/\\\/www.eldiariodetucuman.com\\\/web\\\/franco-colapinto-estamos-muy-lejos\\\/\",\"name\":\"Franco Colapinto: Estamos muy lejos - El Diario de Tucuman\",\"isPartOf\":{\"@id\":\"https:\\\/\\\/www.eldiariodetucuman.com\\\/web\\\/#website\"},\"primaryImageOfPage\":{\"@id\":\"https:\\\/\\\/www.eldiariodetucuman.com\\\/web\\\/franco-colapinto-estamos-muy-lejos\\\/#primaryimage\"},\"image\":{\"@id\":\"https:\\\/\\\/www.eldiariodetucuman.com\\\/web\\\/franco-colapinto-estamos-muy-lejos\\\/#primaryimage\"},\"thumbnailUrl\":\"https:\\\/\\\/www.eldiariodetucuman.com\\\/web\\\/wp-content\\\/uploads\\\/2025\\\/09\\\/Franco-Colapinto-Estamos-muy-lejos.webp.png\",\"datePublished\":\"2025-09-05T19:51:57+00:00\",\"breadcrumb\":{\"@id\":\"https:\\\/\\\/www.eldiariodetucuman.com\\\/web\\\/franco-colapinto-estamos-muy-lejos\\\/#breadcrumb\"},\"inLanguage\":\"es\",\"potentialAction\":[{\"@type\":\"ReadAction\",\"target\":[\"https:\\\/\\\/www.eldiariodetucuman.com\\\/web\\\/franco-colapinto-estamos-muy-lejos\\\/\"]}]},{\"@type\":\"ImageObject\",\"inLanguage\":\"es\",\"@id\":\"https:\\\/\\\/www.eldiariodetucuman.com\\\/web\\\/franco-colapinto-estamos-muy-lejos\\\/#primaryimage\",\"url\":\"https:\\\/\\\/www.eldiariodetucuman.com\\\/web\\\/wp-content\\\/uploads\\\/2025\\\/09\\\/Franco-Colapinto-Estamos-muy-lejos.webp.png\",\"contentUrl\":\"https:\\\/\\\/www.eldiariodetucuman.com\\\/web\\\/wp-content\\\/uploads\\\/2025\\\/09\\\/Franco-Colapinto-Estamos-muy-lejos.webp.png\",\"width\":1200,\"height\":675},{\"@type\":\"BreadcrumbList\",\"@id\":\"https:\\\/\\\/www.eldiariodetucuman.com\\\/web\\\/franco-colapinto-estamos-muy-lejos\\\/#breadcrumb\",\"itemListElement\":[{\"@type\":\"ListItem\",\"position\":1,\"name\":\"Portada\",\"item\":\"https:\\\/\\\/www.eldiariodetucuman.com\\\/web\\\/\"},{\"@type\":\"ListItem\",\"position\":2,\"name\":\"Franco Colapinto: Estamos muy lejos\"}]},{\"@type\":\"WebSite\",\"@id\":\"https:\\\/\\\/www.eldiariodetucuman.com\\\/web\\\/#website\",\"url\":\"https:\\\/\\\/www.eldiariodetucuman.com\\\/web\\\/\",\"name\":\"El Diario de Tucuman\",\"description\":\"Diario Tucuman - Informaci\u00f3n y noticias\",\"publisher\":{\"@id\":\"https:\\\/\\\/www.eldiariodetucuman.com\\\/web\\\/#organization\"},\"potentialAction\":[{\"@type\":\"SearchAction\",\"target\":{\"@type\":\"EntryPoint\",\"urlTemplate\":\"https:\\\/\\\/www.eldiariodetucuman.com\\\/web\\\/?s={search_term_string}\"},\"query-input\":{\"@type\":\"PropertyValueSpecification\",\"valueRequired\":true,\"valueName\":\"search_term_string\"}}],\"inLanguage\":\"es\"},{\"@type\":\"Organization\",\"@id\":\"https:\\\/\\\/www.eldiariodetucuman.com\\\/web\\\/#organization\",\"name\":\"El Diario de Tucuman\",\"url\":\"https:\\\/\\\/www.eldiariodetucuman.com\\\/web\\\/\",\"logo\":{\"@type\":\"ImageObject\",\"inLanguage\":\"es\",\"@id\":\"https:\\\/\\\/www.eldiariodetucuman.com\\\/web\\\/#\\\/schema\\\/logo\\\/image\\\/\",\"url\":\"http:\\\/\\\/www.eldiariodetucuman.com\\\/web\\\/wp-content\\\/uploads\\\/2017\\\/12\\\/el-diario-de-tucuman.jpg\",\"contentUrl\":\"http:\\\/\\\/www.eldiariodetucuman.com\\\/web\\\/wp-content\\\/uploads\\\/2017\\\/12\\\/el-diario-de-tucuman.jpg\",\"width\":272,\"height\":92,\"caption\":\"El Diario de Tucuman\"},\"image\":{\"@id\":\"https:\\\/\\\/www.eldiariodetucuman.com\\\/web\\\/#\\\/schema\\\/logo\\\/image\\\/\"}},{\"@type\":\"Person\",\"@id\":\"https:\\\/\\\/www.eldiariodetucuman.com\\\/web\\\/#\\\/schema\\\/person\\\/9250197d75ab5483412e19678b121caa\",\"name\":\"admin\",\"image\":{\"@type\":\"ImageObject\",\"inLanguage\":\"es\",\"@id\":\"https:\\\/\\\/secure.gravatar.com\\\/avatar\\\/c44d117c2be811212c22cb481f6b8384b6873de103fbc49e7a03cc58d7dea4ac?s=96&d=mm&r=g\",\"url\":\"https:\\\/\\\/secure.gravatar.com\\\/avatar\\\/c44d117c2be811212c22cb481f6b8384b6873de103fbc49e7a03cc58d7dea4ac?s=96&d=mm&r=g\",\"contentUrl\":\"https:\\\/\\\/secure.gravatar.com\\\/avatar\\\/c44d117c2be811212c22cb481f6b8384b6873de103fbc49e7a03cc58d7dea4ac?s=96&d=mm&r=g\",\"caption\":\"admin\"},\"url\":\"https:\\\/\\\/www.eldiariodetucuman.com\\\/web\\\/author\\\/admin\\\/\"}]}<\/script>\n<!-- \/ Yoast SEO plugin. -->","yoast_head_json":{"title":"Franco Colapinto: Estamos muy lejos - El Diario de Tucuman","robots":{"index":"index","follow":"follow","max-snippet":"max-snippet:-1","max-image-preview":"max-image-preview:large","max-video-preview":"max-video-preview:-1"},"canonical":"https:\/\/www.eldiariodetucuman.com\/web\/franco-colapinto-estamos-muy-lejos\/","og_locale":"es_ES","og_type":"article","og_title":"Franco Colapinto: Estamos muy lejos - El Diario de Tucuman","og_description":"Nos est\u00e1 costando mucho en las rectas, obviamente, sab\u00edamos que iba a ser dif\u00edcil por eso. Lo que no nos esper\u00e1bamos tanto era tener tanta inestabilidad, un balance complicado en las entradas. Hay que entender por qu\u00e9 tenemos tan poco agarre atr\u00e1s y por qu\u00e9 sobrecalentamos tanto las gomas. Tranquilos para ma\u00f1ana, pero hay que [&hellip;]","og_url":"https:\/\/www.eldiariodetucuman.com\/web\/franco-colapinto-estamos-muy-lejos\/","og_site_name":"El Diario de Tucuman","article_published_time":"2025-09-05T19:51:57+00:00","author":"admin","twitter_card":"summary_large_image","twitter_misc":{"Escrito por":"admin","Tiempo de lectura":"2 minutos"},"schema":{"@context":"https:\/\/schema.org","@graph":[{"@type":"Article","@id":"https:\/\/www.eldiariodetucuman.com\/web\/franco-colapinto-estamos-muy-lejos\/#article","isPartOf":{"@id":"https:\/\/www.eldiariodetucuman.com\/web\/franco-colapinto-estamos-muy-lejos\/"},"author":{"name":"admin","@id":"https:\/\/www.eldiariodetucuman.com\/web\/#\/schema\/person\/9250197d75ab5483412e19678b121caa"},"headline":"Franco Colapinto: Estamos muy lejos","datePublished":"2025-09-05T19:51:57+00:00","mainEntityOfPage":{"@id":"https:\/\/www.eldiariodetucuman.com\/web\/franco-colapinto-estamos-muy-lejos\/"},"wordCount":314,"publisher":{"@id":"https:\/\/www.eldiariodetucuman.com\/web\/#organization"},"image":{"@id":"https:\/\/www.eldiariodetucuman.com\/web\/franco-colapinto-estamos-muy-lejos\/#primaryimage"},"thumbnailUrl":"https:\/\/www.eldiariodetucuman.com\/web\/wp-content\/uploads\/2025\/09\/Franco-Colapinto-Estamos-muy-lejos.webp.png","articleSection":["Deporte"],"inLanguage":"es"},{"@type":"WebPage","@id":"https:\/\/www.eldiariodetucuman.com\/web\/franco-colapinto-estamos-muy-lejos\/","url":"https:\/\/www.eldiariodetucuman.com\/web\/franco-colapinto-estamos-muy-lejos\/","name":"Franco Colapinto: Estamos muy lejos - El Diario de Tucuman","isPartOf":{"@id":"https:\/\/www.eldiariodetucuman.com\/web\/#website"},"primaryImageOfPage":{"@id":"https:\/\/www.eldiariodetucuman.com\/web\/franco-colapinto-estamos-muy-lejos\/#primaryimage"},"image":{"@id":"https:\/\/www.eldiariodetucuman.com\/web\/franco-colapinto-estamos-muy-lejos\/#primaryimage"},"thumbnailUrl":"https:\/\/www.eldiariodetucuman.com\/web\/wp-content\/uploads\/2025\/09\/Franco-Colapinto-Estamos-muy-lejos.webp.png","datePublished":"2025-09-05T19:51:57+00:00","breadcrumb":{"@id":"https:\/\/www.eldiariodetucuman.com\/web\/franco-colapinto-estamos-muy-lejos\/#breadcrumb"},"inLanguage":"es","potentialAction":[{"@type":"ReadAction","target":["https:\/\/www.eldiariodetucuman.com\/web\/franco-colapinto-estamos-muy-lejos\/"]}]},{"@type":"ImageObject","inLanguage":"es","@id":"https:\/\/www.eldiariodetucuman.com\/web\/franco-colapinto-estamos-muy-lejos\/#primaryimage","url":"https:\/\/www.eldiariodetucuman.com\/web\/wp-content\/uploads\/2025\/09\/Franco-Colapinto-Estamos-muy-lejos.webp.png","contentUrl":"https:\/\/www.eldiariodetucuman.com\/web\/wp-content\/uploads\/2025\/09\/Franco-Colapinto-Estamos-muy-lejos.webp.png","width":1200,"height":675},{"@type":"BreadcrumbList","@id":"https:\/\/www.eldiariodetucuman.com\/web\/franco-colapinto-estamos-muy-lejos\/#breadcrumb","itemListElement":[{"@type":"ListItem","position":1,"name":"Portada","item":"https:\/\/www.eldiariodetucuman.com\/web\/"},{"@type":"ListItem","position":2,"name":"Franco Colapinto: Estamos muy lejos"}]},{"@type":"WebSite","@id":"https:\/\/www.eldiariodetucuman.com\/web\/#website","url":"https:\/\/www.eldiariodetucuman.com\/web\/","name":"El Diario de Tucuman","description":"Diario Tucuman - Informaci\u00f3n y noticias","publisher":{"@id":"https:\/\/www.eldiariodetucuman.com\/web\/#organization"},"potentialAction":[{"@type":"SearchAction","target":{"@type":"EntryPoint","urlTemplate":"https:\/\/www.eldiariodetucuman.com\/web\/?s={search_term_string}"},"query-input":{"@type":"PropertyValueSpecification","valueRequired":true,"valueName":"search_term_string"}}],"inLanguage":"es"},{"@type":"Organization","@id":"https:\/\/www.eldiariodetucuman.com\/web\/#organization","name":"El Diario de Tucuman","url":"https:\/\/www.eldiariodetucuman.com\/web\/","logo":{"@type":"ImageObject","inLanguage":"es","@id":"https:\/\/www.eldiariodetucuman.com\/web\/#\/schema\/logo\/image\/","url":"http:\/\/www.eldiariodetucuman.com\/web\/wp-content\/uploads\/2017\/12\/el-diario-de-tucuman.jpg","contentUrl":"http:\/\/www.eldiariodetucuman.com\/web\/wp-content\/uploads\/2017\/12\/el-diario-de-tucuman.jpg","width":272,"height":92,"caption":"El Diario de Tucuman"},"image":{"@id":"https:\/\/www.eldiariodetucuman.com\/web\/#\/schema\/logo\/image\/"}},{"@type":"Person","@id":"https:\/\/www.eldiariodetucuman.com\/web\/#\/schema\/person\/9250197d75ab5483412e19678b121caa","name":"admin","image":{"@type":"ImageObject","inLanguage":"es","@id":"https:\/\/secure.gravatar.com\/avatar\/c44d117c2be811212c22cb481f6b8384b6873de103fbc49e7a03cc58d7dea4ac?s=96&d=mm&r=g","url":"https:\/\/secure.gravatar.com\/avatar\/c44d117c2be811212c22cb481f6b8384b6873de103fbc49e7a03cc58d7dea4ac?s=96&d=mm&r=g","contentUrl":"https:\/\/secure.gravatar.com\/avatar\/c44d117c2be811212c22cb481f6b8384b6873de103fbc49e7a03cc58d7dea4ac?s=96&d=mm&r=g","caption":"admin"},"url":"https:\/\/www.eldiariodetucuman.com\/web\/author\/admin\/"}]}},"_links":{"self":[{"href":"https:\/\/www.eldiariodetucuman.com\/web\/wp-json\/wp\/v2\/posts\/45572","targetHints":{"allow":["GET"]}}],"collection":[{"href":"https:\/\/www.eldiariodetucuman.com\/web\/wp-json\/wp\/v2\/posts"}],"about":[{"href":"https:\/\/www.eldiariodetucuman.com\/web\/wp-json\/wp\/v2\/types\/post"}],"author":[{"embeddable":true,"href":"https:\/\/www.eldiariodetucuman.com\/web\/wp-json\/wp\/v2\/users\/1"}],"replies":[{"embeddable":true,"href":"https:\/\/www.eldiariodetucuman.com\/web\/wp-json\/wp\/v2\/comments?post=45572"}],"version-history":[{"count":0,"href":"https:\/\/www.eldiariodetucuman.com\/web\/wp-json\/wp\/v2\/posts\/45572\/revisions"}],"wp:featuredmedia":[{"embeddable":true,"href":"https:\/\/www.eldiariodetucuman.com\/web\/wp-json\/wp\/v2\/media\/45573"}],"wp:attachment":[{"href":"https:\/\/www.eldiariodetucuman.com\/web\/wp-json\/wp\/v2\/media?parent=45572"}],"wp:term":[{"taxonomy":"category","embeddable":true,"href":"https:\/\/www.eldiariodetucuman.com\/web\/wp-json\/wp\/v2\/categories?post=45572"},{"taxonomy":"post_tag","embeddable":true,"href":"https:\/\/www.eldiariodetucuman.com\/web\/wp-json\/wp\/v2\/tags?post=45572"}],"curies":[{"name":"wp","href":"https:\/\/api.w.org\/{rel}","templated":true}]}}