{"id":45568,"date":"2025-09-05T14:53:27","date_gmt":"2025-09-05T17:53:27","guid":{"rendered":"https:\/\/www.eldiariodetucuman.com\/web\/el-vicepresidente-del-banco-central-hablo-sobre-la-tension-financiera-ya-pasamos-el-peor-momento\/"},"modified":"2025-09-05T14:53:27","modified_gmt":"2025-09-05T17:53:27","slug":"el-vicepresidente-del-banco-central-hablo-sobre-la-tension-financiera-ya-pasamos-el-peor-momento","status":"publish","type":"post","link":"https:\/\/www.eldiariodetucuman.com\/web\/el-vicepresidente-del-banco-central-hablo-sobre-la-tension-financiera-ya-pasamos-el-peor-momento\/","title":{"rendered":"El vicepresidente del Banco Central habl\u00f3 sobre la tensi\u00f3n financiera: \u201cYa pasamos el peor momento\u201d"},"content":{"rendered":"<p><\/p>\n<h2>Vladimir Werning expuso ante ejecutivos de finanzas en Bariloche. \u201cNo usamos ni un d\u00f3lar del FMI, est\u00e1n para sostener el r\u00e9gimen cambiario\u00a0a\u00a0futuro\u201d, asegur\u00f3<\/h2>\n<p>El vicepresidente del Banco Central,\u00a0<strong>Vladimir Werning<\/strong>, plante\u00f3 la fortaleza de los fundamentos macroecon\u00f3micos del pa\u00eds frente al a\u00f1o electoral. \u201cEn t\u00e9rminos de pol\u00edtica econ\u00f3mica tenemos fundamentos<strong>\u00a0tan s\u00f3lidos como las monta\u00f1as<\/strong>, eso nos permite atravesar el a\u00f1o electoral\u201d, sostuvo, y agreg\u00f3 que \u201cla coyuntura del d\u00eda a d\u00eda nos enfrasca en peque\u00f1ez, con cosas vol\u00e1tiles, pero el largo plazo aparece con gran claridad\u201d.<\/p>\n<p>En un evento del\u00a0<strong>Instituto Argentino de Ejecutivos de Finanzas (IAEF)<\/strong>\u00a0en Bariloche, Werning explic\u00f3 que la volatilidad observada en la demanda de dinero y el mercado cambiario, as\u00ed como las expectativas de tasas m\u00e1s altas a corto plazo, son efectos transitorios vinculados a la coyuntura electoral. \u201cAl mismo tiempo se nota que esa pendiente es declinante, es decir lo ven como un<strong>\u00a0efecto temporario<\/strong>\u00a0por la coyuntura por el tema electoral. Detr\u00e1s de eso hay solidez\u201d, asegur\u00f3.<\/p>\n<p>En ese sentido, diferenci\u00f3 los desaf\u00edos actuales de los problemas del pasado: \u201cLa raz\u00f3n del riesgo pa\u00eds es por las\u00a0<strong>malas decisiones del pasado<\/strong>, no por los fundamentos de este plan. Nos exigen tener m\u00e9tricas mejores que a otros pa\u00edses, estamos trabajando para tener un nivel s\u00f3lido de reservas. Una vez pasada la incertidumbre electoral, va a haber un camino m\u00e1s claro para la refinanciaci\u00f3n de la deuda y el acceso al mercado\u201d.<\/p>\n<p>En relaci\u00f3n con el r\u00e9gimen cambiario, Werning destac\u00f3 la estabilidad de las bandas y la coordinaci\u00f3n con el Tesoro. \u201cDentro del esquema cambiario, que funciona muy bien, hay una sutileza que no se percibe. Tenemos el mandato de comprar pesos en el tope de la banda y vender pesos en el piso de la banda. El Tesoro tiene objetivos propios, pero el esquema tiene reglas para el BCRA que no han cambiado en nada.\u00a0<strong>No hemos gastado ni un d\u00f3lar de esas reservas<\/strong>, est\u00e1n para sostener el r\u00e9gimen cambiario a futuro\u201d, explic\u00f3.<\/p>\n<p>Y aclar\u00f3 que los recientes shocks, tanto por las elecciones como por movimientos de liquidez en el mercado secundario, son temporales y forman parte de la transici\u00f3n hacia un ancla monetaria: \u201cPara ser consistentes el ancla deben ser determinadas por el mercado. Estamos como en la adolescencia, en una transici\u00f3n, y dentro de las reglas que se anunciaron, hemos ido eliminando las LEFI.\u00a0<strong>Son shocks temporarios<\/strong>\u201d.Vladimir Werning, vicepresidente del Banco Central, expuso en IAEF en Bariloche<\/p>\n<p>Respecto de la normalizaci\u00f3n de las tasas de inter\u00e9s, Werning afirm\u00f3 que \u201cya pasamos el peor momento y estamos empezando a normalizar la situaci\u00f3n. Hab\u00eda un shock eleccionario que, aun normaliz\u00e1ndose el mercado, todav\u00eda no est\u00e1 definido. Las elecciones implican un riesgo que reflejan esas tasas\u201d.<\/p>\n<p>Tambi\u00e9n se\u00f1al\u00f3 que la percepci\u00f3n de escasez de reservas era m\u00e1s un \u201cproblema psicol\u00f3gico\u201d que real: \u201cSe gener\u00f3 una sensaci\u00f3n falsa de escasez de reservas, al Fondo le pareci\u00f3 bien que a lo largo del programa el nivel de reservas acumuladas quede igual. Si el BCRA comprara d\u00f3lares tendr\u00eda impacto monetario; \u00bfC\u00f3mo podemos emitir si hay una reducci\u00f3n de la demanda de dinero?<strong>\u00a0Ser\u00eda contraproducente<\/strong>\u201d, se pregunt\u00f3 y se respondi\u00f3 el funcionario.<\/p>\n<p>Werning concluy\u00f3 destacando la coordinaci\u00f3n con el FMI y la prudencia del programa econ\u00f3mico: \u201cSe dec\u00eda que hab\u00eda que comprar reservas para tener acceso al mercado. Nosotros pensamos que dejando pasar el a\u00f1o electoral, va a ser muy f\u00e1cil acumular ya con el acceso al mercado. No tiene sentido poner el carro delante del caballo. El Fondo tambi\u00e9n lo entendi\u00f3 perfectamente. El programa con el FMI es exitoso. El tema de las reservas era un problema psicol\u00f3gico y contable\u201d.<\/p>\n<p>El evento de IAEF en Bariloche cuenta tambi\u00e9n con la presencia de otros funcionarios nacionales como la ministra de Seguridad\u00a0<strong>Patricia Bullrich<\/strong>, el de Desregulaci\u00f3n\u00a0<strong>Federico Sturzenegger\u00a0<\/strong>y el secretario de Finanzas<strong>\u00a0Pablo Quirno<\/strong>, que expondr\u00e1 este viernes al mediod\u00eda. Werning, consultado por la decisi\u00f3n del Tesoro de empezar a intervenir con d\u00f3lares propios, declin\u00f3 contestar al tratarse de una medida del Ministerio de Econom\u00eda. \u201cVa a ser la primera pregunta de ma\u00f1ana\u201d, adelant\u00f3 el presidente de IAEF\u00a0<strong>Pablo Miedziak<\/strong>.<\/p>\n<p>INFOBAE<\/p>\n<p>Fuente: <a href=\"https:\/\/tucuman24.com\/nota\/189853\/el-vicepresidente-del-banco-central-hablo-sobre-la-tension-financiera-ya-pasamos-el-peor-momento.html\"> Fuente de la nota <\/a><\/p>\n","protected":false},"excerpt":{"rendered":"<p>Vladimir Werning expuso ante ejecutivos de finanzas en Bariloche. \u201cNo usamos ni un d\u00f3lar del FMI, est\u00e1n para sostener el r\u00e9gimen cambiario\u00a0a\u00a0futuro\u201d, asegur\u00f3 El vicepresidente del Banco Central,\u00a0Vladimir Werning, plante\u00f3 la fortaleza de los fundamentos macroecon\u00f3micos del pa\u00eds frente al a\u00f1o electoral. \u201cEn t\u00e9rminos de pol\u00edtica econ\u00f3mica tenemos fundamentos\u00a0tan s\u00f3lidos como las monta\u00f1as, eso nos [&hellip;]<\/p>\n","protected":false},"author":1,"featured_media":45569,"comment_status":"closed","ping_status":"open","sticky":false,"template":"","format":"standard","meta":{"footnotes":""},"categories":[2],"tags":[],"class_list":{"0":"post-45568","1":"post","2":"type-post","3":"status-publish","4":"format-standard","5":"has-post-thumbnail","7":"category-actualidad"},"yoast_head":"<!-- This site is optimized with the Yoast SEO plugin v27.5 - https:\/\/yoast.com\/product\/yoast-seo-wordpress\/ -->\n<title>El vicepresidente del Banco Central habl\u00f3 sobre la tensi\u00f3n financiera: \u201cYa pasamos el peor momento\u201d - El Diario de Tucuman<\/title>\n<meta name=\"robots\" content=\"index, follow, max-snippet:-1, max-image-preview:large, max-video-preview:-1\" \/>\n<link rel=\"canonical\" href=\"https:\/\/www.eldiariodetucuman.com\/web\/el-vicepresidente-del-banco-central-hablo-sobre-la-tension-financiera-ya-pasamos-el-peor-momento\/\" \/>\n<meta property=\"og:locale\" content=\"es_ES\" \/>\n<meta property=\"og:type\" content=\"article\" \/>\n<meta property=\"og:title\" content=\"El vicepresidente del Banco Central habl\u00f3 sobre la tensi\u00f3n financiera: \u201cYa pasamos el peor momento\u201d - El Diario de Tucuman\" \/>\n<meta property=\"og:description\" content=\"Vladimir Werning expuso ante ejecutivos de finanzas en Bariloche. \u201cNo usamos ni un d\u00f3lar del FMI, est\u00e1n para sostener el r\u00e9gimen cambiario\u00a0a\u00a0futuro\u201d, asegur\u00f3 El vicepresidente del Banco Central,\u00a0Vladimir Werning, plante\u00f3 la fortaleza de los fundamentos macroecon\u00f3micos del pa\u00eds frente al a\u00f1o electoral. \u201cEn t\u00e9rminos de pol\u00edtica econ\u00f3mica tenemos fundamentos\u00a0tan s\u00f3lidos como las monta\u00f1as, eso nos [&hellip;]\" \/>\n<meta property=\"og:url\" content=\"https:\/\/www.eldiariodetucuman.com\/web\/el-vicepresidente-del-banco-central-hablo-sobre-la-tension-financiera-ya-pasamos-el-peor-momento\/\" \/>\n<meta property=\"og:site_name\" content=\"El Diario de Tucuman\" \/>\n<meta property=\"article:published_time\" content=\"2025-09-05T17:53:27+00:00\" \/>\n<meta name=\"author\" content=\"admin\" \/>\n<meta name=\"twitter:card\" content=\"summary_large_image\" \/>\n<meta name=\"twitter:label1\" content=\"Escrito por\" \/>\n\t<meta name=\"twitter:data1\" content=\"admin\" \/>\n\t<meta name=\"twitter:label2\" content=\"Tiempo de lectura\" \/>\n\t<meta name=\"twitter:data2\" content=\"4 minutos\" \/>\n<script type=\"application\/ld+json\" class=\"yoast-schema-graph\">{\"@context\":\"https:\\\/\\\/schema.org\",\"@graph\":[{\"@type\":\"Article\",\"@id\":\"https:\\\/\\\/www.eldiariodetucuman.com\\\/web\\\/el-vicepresidente-del-banco-central-hablo-sobre-la-tension-financiera-ya-pasamos-el-peor-momento\\\/#article\",\"isPartOf\":{\"@id\":\"https:\\\/\\\/www.eldiariodetucuman.com\\\/web\\\/el-vicepresidente-del-banco-central-hablo-sobre-la-tension-financiera-ya-pasamos-el-peor-momento\\\/\"},\"author\":{\"name\":\"admin\",\"@id\":\"https:\\\/\\\/www.eldiariodetucuman.com\\\/web\\\/#\\\/schema\\\/person\\\/9250197d75ab5483412e19678b121caa\"},\"headline\":\"El vicepresidente del Banco Central habl\u00f3 sobre la tensi\u00f3n financiera: \u201cYa pasamos el peor momento\u201d\",\"datePublished\":\"2025-09-05T17:53:27+00:00\",\"mainEntityOfPage\":{\"@id\":\"https:\\\/\\\/www.eldiariodetucuman.com\\\/web\\\/el-vicepresidente-del-banco-central-hablo-sobre-la-tension-financiera-ya-pasamos-el-peor-momento\\\/\"},\"wordCount\":774,\"publisher\":{\"@id\":\"https:\\\/\\\/www.eldiariodetucuman.com\\\/web\\\/#organization\"},\"image\":{\"@id\":\"https:\\\/\\\/www.eldiariodetucuman.com\\\/web\\\/el-vicepresidente-del-banco-central-hablo-sobre-la-tension-financiera-ya-pasamos-el-peor-momento\\\/#primaryimage\"},\"thumbnailUrl\":\"https:\\\/\\\/www.eldiariodetucuman.com\\\/web\\\/wp-content\\\/uploads\\\/2025\\\/09\\\/El-vicepresidente-del-Banco-Central-hablo-sobre-la-tension-financiera.png\",\"articleSection\":[\"Actualidad\"],\"inLanguage\":\"es\"},{\"@type\":\"WebPage\",\"@id\":\"https:\\\/\\\/www.eldiariodetucuman.com\\\/web\\\/el-vicepresidente-del-banco-central-hablo-sobre-la-tension-financiera-ya-pasamos-el-peor-momento\\\/\",\"url\":\"https:\\\/\\\/www.eldiariodetucuman.com\\\/web\\\/el-vicepresidente-del-banco-central-hablo-sobre-la-tension-financiera-ya-pasamos-el-peor-momento\\\/\",\"name\":\"El vicepresidente del Banco Central habl\u00f3 sobre la tensi\u00f3n financiera: \u201cYa pasamos el peor momento\u201d - El Diario de Tucuman\",\"isPartOf\":{\"@id\":\"https:\\\/\\\/www.eldiariodetucuman.com\\\/web\\\/#website\"},\"primaryImageOfPage\":{\"@id\":\"https:\\\/\\\/www.eldiariodetucuman.com\\\/web\\\/el-vicepresidente-del-banco-central-hablo-sobre-la-tension-financiera-ya-pasamos-el-peor-momento\\\/#primaryimage\"},\"image\":{\"@id\":\"https:\\\/\\\/www.eldiariodetucuman.com\\\/web\\\/el-vicepresidente-del-banco-central-hablo-sobre-la-tension-financiera-ya-pasamos-el-peor-momento\\\/#primaryimage\"},\"thumbnailUrl\":\"https:\\\/\\\/www.eldiariodetucuman.com\\\/web\\\/wp-content\\\/uploads\\\/2025\\\/09\\\/El-vicepresidente-del-Banco-Central-hablo-sobre-la-tension-financiera.png\",\"datePublished\":\"2025-09-05T17:53:27+00:00\",\"breadcrumb\":{\"@id\":\"https:\\\/\\\/www.eldiariodetucuman.com\\\/web\\\/el-vicepresidente-del-banco-central-hablo-sobre-la-tension-financiera-ya-pasamos-el-peor-momento\\\/#breadcrumb\"},\"inLanguage\":\"es\",\"potentialAction\":[{\"@type\":\"ReadAction\",\"target\":[\"https:\\\/\\\/www.eldiariodetucuman.com\\\/web\\\/el-vicepresidente-del-banco-central-hablo-sobre-la-tension-financiera-ya-pasamos-el-peor-momento\\\/\"]}]},{\"@type\":\"ImageObject\",\"inLanguage\":\"es\",\"@id\":\"https:\\\/\\\/www.eldiariodetucuman.com\\\/web\\\/el-vicepresidente-del-banco-central-hablo-sobre-la-tension-financiera-ya-pasamos-el-peor-momento\\\/#primaryimage\",\"url\":\"https:\\\/\\\/www.eldiariodetucuman.com\\\/web\\\/wp-content\\\/uploads\\\/2025\\\/09\\\/El-vicepresidente-del-Banco-Central-hablo-sobre-la-tension-financiera.png\",\"contentUrl\":\"https:\\\/\\\/www.eldiariodetucuman.com\\\/web\\\/wp-content\\\/uploads\\\/2025\\\/09\\\/El-vicepresidente-del-Banco-Central-hablo-sobre-la-tension-financiera.png\",\"width\":793,\"height\":446},{\"@type\":\"BreadcrumbList\",\"@id\":\"https:\\\/\\\/www.eldiariodetucuman.com\\\/web\\\/el-vicepresidente-del-banco-central-hablo-sobre-la-tension-financiera-ya-pasamos-el-peor-momento\\\/#breadcrumb\",\"itemListElement\":[{\"@type\":\"ListItem\",\"position\":1,\"name\":\"Portada\",\"item\":\"https:\\\/\\\/www.eldiariodetucuman.com\\\/web\\\/\"},{\"@type\":\"ListItem\",\"position\":2,\"name\":\"El vicepresidente del Banco Central habl\u00f3 sobre la tensi\u00f3n financiera: \u201cYa pasamos el peor momento\u201d\"}]},{\"@type\":\"WebSite\",\"@id\":\"https:\\\/\\\/www.eldiariodetucuman.com\\\/web\\\/#website\",\"url\":\"https:\\\/\\\/www.eldiariodetucuman.com\\\/web\\\/\",\"name\":\"El Diario de Tucuman\",\"description\":\"Diario Tucuman - Informaci\u00f3n y noticias\",\"publisher\":{\"@id\":\"https:\\\/\\\/www.eldiariodetucuman.com\\\/web\\\/#organization\"},\"potentialAction\":[{\"@type\":\"SearchAction\",\"target\":{\"@type\":\"EntryPoint\",\"urlTemplate\":\"https:\\\/\\\/www.eldiariodetucuman.com\\\/web\\\/?s={search_term_string}\"},\"query-input\":{\"@type\":\"PropertyValueSpecification\",\"valueRequired\":true,\"valueName\":\"search_term_string\"}}],\"inLanguage\":\"es\"},{\"@type\":\"Organization\",\"@id\":\"https:\\\/\\\/www.eldiariodetucuman.com\\\/web\\\/#organization\",\"name\":\"El Diario de Tucuman\",\"url\":\"https:\\\/\\\/www.eldiariodetucuman.com\\\/web\\\/\",\"logo\":{\"@type\":\"ImageObject\",\"inLanguage\":\"es\",\"@id\":\"https:\\\/\\\/www.eldiariodetucuman.com\\\/web\\\/#\\\/schema\\\/logo\\\/image\\\/\",\"url\":\"http:\\\/\\\/www.eldiariodetucuman.com\\\/web\\\/wp-content\\\/uploads\\\/2017\\\/12\\\/el-diario-de-tucuman.jpg\",\"contentUrl\":\"http:\\\/\\\/www.eldiariodetucuman.com\\\/web\\\/wp-content\\\/uploads\\\/2017\\\/12\\\/el-diario-de-tucuman.jpg\",\"width\":272,\"height\":92,\"caption\":\"El Diario de Tucuman\"},\"image\":{\"@id\":\"https:\\\/\\\/www.eldiariodetucuman.com\\\/web\\\/#\\\/schema\\\/logo\\\/image\\\/\"}},{\"@type\":\"Person\",\"@id\":\"https:\\\/\\\/www.eldiariodetucuman.com\\\/web\\\/#\\\/schema\\\/person\\\/9250197d75ab5483412e19678b121caa\",\"name\":\"admin\",\"image\":{\"@type\":\"ImageObject\",\"inLanguage\":\"es\",\"@id\":\"https:\\\/\\\/secure.gravatar.com\\\/avatar\\\/c44d117c2be811212c22cb481f6b8384b6873de103fbc49e7a03cc58d7dea4ac?s=96&d=mm&r=g\",\"url\":\"https:\\\/\\\/secure.gravatar.com\\\/avatar\\\/c44d117c2be811212c22cb481f6b8384b6873de103fbc49e7a03cc58d7dea4ac?s=96&d=mm&r=g\",\"contentUrl\":\"https:\\\/\\\/secure.gravatar.com\\\/avatar\\\/c44d117c2be811212c22cb481f6b8384b6873de103fbc49e7a03cc58d7dea4ac?s=96&d=mm&r=g\",\"caption\":\"admin\"},\"url\":\"https:\\\/\\\/www.eldiariodetucuman.com\\\/web\\\/author\\\/admin\\\/\"}]}<\/script>\n<!-- \/ Yoast SEO plugin. -->","yoast_head_json":{"title":"El vicepresidente del Banco Central habl\u00f3 sobre la tensi\u00f3n financiera: \u201cYa pasamos el peor momento\u201d - El Diario de Tucuman","robots":{"index":"index","follow":"follow","max-snippet":"max-snippet:-1","max-image-preview":"max-image-preview:large","max-video-preview":"max-video-preview:-1"},"canonical":"https:\/\/www.eldiariodetucuman.com\/web\/el-vicepresidente-del-banco-central-hablo-sobre-la-tension-financiera-ya-pasamos-el-peor-momento\/","og_locale":"es_ES","og_type":"article","og_title":"El vicepresidente del Banco Central habl\u00f3 sobre la tensi\u00f3n financiera: \u201cYa pasamos el peor momento\u201d - El Diario de Tucuman","og_description":"Vladimir Werning expuso ante ejecutivos de finanzas en Bariloche. \u201cNo usamos ni un d\u00f3lar del FMI, est\u00e1n para sostener el r\u00e9gimen cambiario\u00a0a\u00a0futuro\u201d, asegur\u00f3 El vicepresidente del Banco Central,\u00a0Vladimir Werning, plante\u00f3 la fortaleza de los fundamentos macroecon\u00f3micos del pa\u00eds frente al a\u00f1o electoral. \u201cEn t\u00e9rminos de pol\u00edtica econ\u00f3mica tenemos fundamentos\u00a0tan s\u00f3lidos como las monta\u00f1as, eso nos [&hellip;]","og_url":"https:\/\/www.eldiariodetucuman.com\/web\/el-vicepresidente-del-banco-central-hablo-sobre-la-tension-financiera-ya-pasamos-el-peor-momento\/","og_site_name":"El Diario de Tucuman","article_published_time":"2025-09-05T17:53:27+00:00","author":"admin","twitter_card":"summary_large_image","twitter_misc":{"Escrito por":"admin","Tiempo de lectura":"4 minutos"},"schema":{"@context":"https:\/\/schema.org","@graph":[{"@type":"Article","@id":"https:\/\/www.eldiariodetucuman.com\/web\/el-vicepresidente-del-banco-central-hablo-sobre-la-tension-financiera-ya-pasamos-el-peor-momento\/#article","isPartOf":{"@id":"https:\/\/www.eldiariodetucuman.com\/web\/el-vicepresidente-del-banco-central-hablo-sobre-la-tension-financiera-ya-pasamos-el-peor-momento\/"},"author":{"name":"admin","@id":"https:\/\/www.eldiariodetucuman.com\/web\/#\/schema\/person\/9250197d75ab5483412e19678b121caa"},"headline":"El vicepresidente del Banco Central habl\u00f3 sobre la tensi\u00f3n financiera: \u201cYa pasamos el peor momento\u201d","datePublished":"2025-09-05T17:53:27+00:00","mainEntityOfPage":{"@id":"https:\/\/www.eldiariodetucuman.com\/web\/el-vicepresidente-del-banco-central-hablo-sobre-la-tension-financiera-ya-pasamos-el-peor-momento\/"},"wordCount":774,"publisher":{"@id":"https:\/\/www.eldiariodetucuman.com\/web\/#organization"},"image":{"@id":"https:\/\/www.eldiariodetucuman.com\/web\/el-vicepresidente-del-banco-central-hablo-sobre-la-tension-financiera-ya-pasamos-el-peor-momento\/#primaryimage"},"thumbnailUrl":"https:\/\/www.eldiariodetucuman.com\/web\/wp-content\/uploads\/2025\/09\/El-vicepresidente-del-Banco-Central-hablo-sobre-la-tension-financiera.png","articleSection":["Actualidad"],"inLanguage":"es"},{"@type":"WebPage","@id":"https:\/\/www.eldiariodetucuman.com\/web\/el-vicepresidente-del-banco-central-hablo-sobre-la-tension-financiera-ya-pasamos-el-peor-momento\/","url":"https:\/\/www.eldiariodetucuman.com\/web\/el-vicepresidente-del-banco-central-hablo-sobre-la-tension-financiera-ya-pasamos-el-peor-momento\/","name":"El vicepresidente del Banco Central habl\u00f3 sobre la tensi\u00f3n financiera: \u201cYa pasamos el peor momento\u201d - El Diario de Tucuman","isPartOf":{"@id":"https:\/\/www.eldiariodetucuman.com\/web\/#website"},"primaryImageOfPage":{"@id":"https:\/\/www.eldiariodetucuman.com\/web\/el-vicepresidente-del-banco-central-hablo-sobre-la-tension-financiera-ya-pasamos-el-peor-momento\/#primaryimage"},"image":{"@id":"https:\/\/www.eldiariodetucuman.com\/web\/el-vicepresidente-del-banco-central-hablo-sobre-la-tension-financiera-ya-pasamos-el-peor-momento\/#primaryimage"},"thumbnailUrl":"https:\/\/www.eldiariodetucuman.com\/web\/wp-content\/uploads\/2025\/09\/El-vicepresidente-del-Banco-Central-hablo-sobre-la-tension-financiera.png","datePublished":"2025-09-05T17:53:27+00:00","breadcrumb":{"@id":"https:\/\/www.eldiariodetucuman.com\/web\/el-vicepresidente-del-banco-central-hablo-sobre-la-tension-financiera-ya-pasamos-el-peor-momento\/#breadcrumb"},"inLanguage":"es","potentialAction":[{"@type":"ReadAction","target":["https:\/\/www.eldiariodetucuman.com\/web\/el-vicepresidente-del-banco-central-hablo-sobre-la-tension-financiera-ya-pasamos-el-peor-momento\/"]}]},{"@type":"ImageObject","inLanguage":"es","@id":"https:\/\/www.eldiariodetucuman.com\/web\/el-vicepresidente-del-banco-central-hablo-sobre-la-tension-financiera-ya-pasamos-el-peor-momento\/#primaryimage","url":"https:\/\/www.eldiariodetucuman.com\/web\/wp-content\/uploads\/2025\/09\/El-vicepresidente-del-Banco-Central-hablo-sobre-la-tension-financiera.png","contentUrl":"https:\/\/www.eldiariodetucuman.com\/web\/wp-content\/uploads\/2025\/09\/El-vicepresidente-del-Banco-Central-hablo-sobre-la-tension-financiera.png","width":793,"height":446},{"@type":"BreadcrumbList","@id":"https:\/\/www.eldiariodetucuman.com\/web\/el-vicepresidente-del-banco-central-hablo-sobre-la-tension-financiera-ya-pasamos-el-peor-momento\/#breadcrumb","itemListElement":[{"@type":"ListItem","position":1,"name":"Portada","item":"https:\/\/www.eldiariodetucuman.com\/web\/"},{"@type":"ListItem","position":2,"name":"El vicepresidente del Banco Central habl\u00f3 sobre la tensi\u00f3n financiera: \u201cYa pasamos el peor momento\u201d"}]},{"@type":"WebSite","@id":"https:\/\/www.eldiariodetucuman.com\/web\/#website","url":"https:\/\/www.eldiariodetucuman.com\/web\/","name":"El Diario de Tucuman","description":"Diario Tucuman - Informaci\u00f3n y noticias","publisher":{"@id":"https:\/\/www.eldiariodetucuman.com\/web\/#organization"},"potentialAction":[{"@type":"SearchAction","target":{"@type":"EntryPoint","urlTemplate":"https:\/\/www.eldiariodetucuman.com\/web\/?s={search_term_string}"},"query-input":{"@type":"PropertyValueSpecification","valueRequired":true,"valueName":"search_term_string"}}],"inLanguage":"es"},{"@type":"Organization","@id":"https:\/\/www.eldiariodetucuman.com\/web\/#organization","name":"El Diario de Tucuman","url":"https:\/\/www.eldiariodetucuman.com\/web\/","logo":{"@type":"ImageObject","inLanguage":"es","@id":"https:\/\/www.eldiariodetucuman.com\/web\/#\/schema\/logo\/image\/","url":"http:\/\/www.eldiariodetucuman.com\/web\/wp-content\/uploads\/2017\/12\/el-diario-de-tucuman.jpg","contentUrl":"http:\/\/www.eldiariodetucuman.com\/web\/wp-content\/uploads\/2017\/12\/el-diario-de-tucuman.jpg","width":272,"height":92,"caption":"El Diario de Tucuman"},"image":{"@id":"https:\/\/www.eldiariodetucuman.com\/web\/#\/schema\/logo\/image\/"}},{"@type":"Person","@id":"https:\/\/www.eldiariodetucuman.com\/web\/#\/schema\/person\/9250197d75ab5483412e19678b121caa","name":"admin","image":{"@type":"ImageObject","inLanguage":"es","@id":"https:\/\/secure.gravatar.com\/avatar\/c44d117c2be811212c22cb481f6b8384b6873de103fbc49e7a03cc58d7dea4ac?s=96&d=mm&r=g","url":"https:\/\/secure.gravatar.com\/avatar\/c44d117c2be811212c22cb481f6b8384b6873de103fbc49e7a03cc58d7dea4ac?s=96&d=mm&r=g","contentUrl":"https:\/\/secure.gravatar.com\/avatar\/c44d117c2be811212c22cb481f6b8384b6873de103fbc49e7a03cc58d7dea4ac?s=96&d=mm&r=g","caption":"admin"},"url":"https:\/\/www.eldiariodetucuman.com\/web\/author\/admin\/"}]}},"_links":{"self":[{"href":"https:\/\/www.eldiariodetucuman.com\/web\/wp-json\/wp\/v2\/posts\/45568","targetHints":{"allow":["GET"]}}],"collection":[{"href":"https:\/\/www.eldiariodetucuman.com\/web\/wp-json\/wp\/v2\/posts"}],"about":[{"href":"https:\/\/www.eldiariodetucuman.com\/web\/wp-json\/wp\/v2\/types\/post"}],"author":[{"embeddable":true,"href":"https:\/\/www.eldiariodetucuman.com\/web\/wp-json\/wp\/v2\/users\/1"}],"replies":[{"embeddable":true,"href":"https:\/\/www.eldiariodetucuman.com\/web\/wp-json\/wp\/v2\/comments?post=45568"}],"version-history":[{"count":0,"href":"https:\/\/www.eldiariodetucuman.com\/web\/wp-json\/wp\/v2\/posts\/45568\/revisions"}],"wp:featuredmedia":[{"embeddable":true,"href":"https:\/\/www.eldiariodetucuman.com\/web\/wp-json\/wp\/v2\/media\/45569"}],"wp:attachment":[{"href":"https:\/\/www.eldiariodetucuman.com\/web\/wp-json\/wp\/v2\/media?parent=45568"}],"wp:term":[{"taxonomy":"category","embeddable":true,"href":"https:\/\/www.eldiariodetucuman.com\/web\/wp-json\/wp\/v2\/categories?post=45568"},{"taxonomy":"post_tag","embeddable":true,"href":"https:\/\/www.eldiariodetucuman.com\/web\/wp-json\/wp\/v2\/tags?post=45568"}],"curies":[{"name":"wp","href":"https:\/\/api.w.org\/{rel}","templated":true}]}}