{"id":45565,"date":"2025-09-04T22:20:33","date_gmt":"2025-09-05T01:20:33","guid":{"rendered":"https:\/\/www.eldiariodetucuman.com\/web\/el-unico-candidato-de-caputo-que-paso-el-filtro-de-karina-milei-y-competira-en-la-seccion-mas-caliente-del-conurbano\/"},"modified":"2025-09-04T22:20:34","modified_gmt":"2025-09-05T01:20:34","slug":"el-unico-candidato-de-caputo-que-paso-el-filtro-de-karina-milei-y-competira-en-la-seccion-mas-caliente-del-conurbano","status":"publish","type":"post","link":"https:\/\/www.eldiariodetucuman.com\/web\/el-unico-candidato-de-caputo-que-paso-el-filtro-de-karina-milei-y-competira-en-la-seccion-mas-caliente-del-conurbano\/","title":{"rendered":"El \u00fanico candidato de Caputo que pas\u00f3 el filtro de Karina Milei y competir\u00e1 en la secci\u00f3n m\u00e1s caliente del conurbano"},"content":{"rendered":"<p><\/p>\n<p class=\"com-paragraph   --s\"><strong>Nahuel Sotelo<\/strong> se dispone a dejar la oficina con vista abierta al barrio de Retiro que lo recibi\u00f3 cuando desembarc\u00f3 en la<strong> Canciller\u00eda <\/strong>como <strong>Secretario de Culto y Civilizaci\u00f3n. <\/strong>En casi 12 meses supo apropiarse de aquel espacio que hered\u00f3 con textos religiosos, como la Biblia, el Cor\u00e1n, y otras escrituras sagradas. \u00c9l sum\u00f3 lo suyo. Un retrato de Milei durante la asunci\u00f3n presidencial y algunas estatuillas de la Virgen de Lujan, de Salta, el se\u00f1or de los Milagros y San Expedito. En el piso, todav\u00eda sin colgar, un cuadro con la camiseta de San Lorenzo que tiene en el centro la imagen del papa Francisco, en homenaje al sumo pont\u00edfice fan\u00e1tico, al igual que \u00e9l, del Cicl\u00f3n. Una reliquia que puede que tenga que embalar despu\u00e9s del <strong>7 de septiembre<\/strong> cuando se conozcan los resultados de las elecciones legislativas en la Provincia.<\/p>\n<p class=\"com-paragraph   --s\">El funcionario es el \u00fanico representante de las \u00ab<strong>Fuerzas del Cielo\u00bb <\/strong>que competir\u00e1 en los comicios provinciales. Lo har\u00e1 desde un relegado pero \u201centrable\u201d quinto lugar dentro de la n\u00f3mina que encabeza<strong> Maximiliano Bondarenko <\/strong>en la tercera secci\u00f3n electoral. Era eso o nada en el armado de septiembre para los \u201ccelestiales\u201d que responden al asesor todoterreno<strong> Santiago Caputo. <\/strong>Pese al desaf\u00edo que representa para el Gobierno la disputa por el hist\u00f3rico basti\u00f3n peronista, Sotelo tiene altas chances de asumir como diputado. Para que eso no ocurra, LLA tendr\u00eda que sufrir una derrota por una diferencia de m\u00e1s de 25 puntos. O apelar a las bondades de una candidatura testimonial, alternativa que <strong>Karina Milei <\/strong>ya vet\u00f3. <\/p>\n<p>El secretario de Culto, Nahuel Sotelo en entrevista sobre la coyuntura pol\u00edtica. &#13;13\/08\/2025.Hernan Zenteno &#8211; La Nacion<\/p>\n<p class=\"com-paragraph   --s\">En la solapa izquierda de su traje morado a cuadros reluce el pin de las<strong> Fuerzas del Cielo. <\/strong>En compos\u00e9 con una corbata verde. Todo en su justa medida. Aunque asegura que las formas \u201cno importan\u201d, Sotelo cuida las suyas. Sus movimientos dentro y fuera del universo libertario son cautos, como su tono de voz. No tiene formaci\u00f3n diplom\u00e1tica, pero es un autodidacta del tacto. As\u00ed, esquiva el conflicto que podr\u00eda representarle siquiera pronunciarse sobre la interna abierta entre los \u201ccelestiales\u201d que responden al asesor presidencial Santiago Caputo y los \u201cterrenales\u201d que reportan a Karina Milei en t\u00e1ndem con los <strong>Menem<\/strong> y<strong> Sebasti\u00e1n Pareja. \u201cEs una cuesti\u00f3n que el periodismo intenta instalar\u201d, <\/strong>dir\u00e1. <\/p>\n<p class=\"com-paragraph   --s\">Durante la entrevista con LA NACION, realizada antes del esc\u00e1ndalo de los audios atribuidos al extitular de la Agencia Nacional de Discapacidad (Andis) y a la Secretar\u00eda general de la Presidencia, Sotelo se definir\u00e1 como \u201cun soldado de La Libertad Avanza\u201d. En los d\u00edas posteriores y pese a los reiterados contactos de este medio, har\u00e1 gala de ello y optar\u00e1 por el silencio. Antes de volver a la legislatura bonaerense ser\u00e1, ante todo, un buen soldado de la Casa Rosada. <\/p>\n<p>El secretario de Culto, Nahuel Sotelo en entrevista sobre la coyuntura pol\u00edtica. &#13;13\/08\/2025.Hernan Zenteno &#8211; La Nacion<\/p>\n<p class=\"com-paragraph   --s\"><strong>-\u00bfEn qu\u00e9 secciones cre\u00e9s que pueden ganar el domingo? \u00bfQu\u00e9 puede pasar en la tercera?<\/strong><\/p>\n<p class=\"com-paragraph   --s\">Vamos a ganar 7 a 1 o 8 a 0. La tercera secci\u00f3n es la m\u00e1s dif\u00edcil, donde el aparato kirchnerista sale a jugar mucho m\u00e1s fuerte porque los consejos deliberantes de los intendentes est\u00e1n en riesgo. Creo que es una batalla muy complicada. Se puede ganar, s\u00ed, pero necesitamos que la gente vaya a votar porque los que tenemos en frente son los culpables de la situaci\u00f3n en la que vivimos. Mayra Mendoza, Ver\u00f3nica Magario, ya le han hecho demasiado da\u00f1o a la provincia y hoy las enfrentamos en la tercera secci\u00f3n. <\/p>\n<p class=\"com-paragraph   --s\">Lo que hizo el gobernador Kicillof de separar las elecciones genera doble gasto, recurso y log\u00edstica. Fue meramente por una cuesti\u00f3n electoralista. Porque ellos creen que separando las elecciones pueden ganar. Lo importante de esta votaci\u00f3n es que la gente vaya a votar. <\/p>\n<p class=\"com-paragraph   --s\"><strong>-\u00bfEl tema de la baja participaci\u00f3n es una de las principales preocupaciones de LLA en estas elecciones?<\/strong><\/p>\n<p class=\"com-paragraph   --s\">S\u00ed, porque si uno se fija no est\u00e1n haciendo campa\u00f1as informativas [por la gobernaci\u00f3n bonaerense]. Cuando la gente entre al cuarto oscuro va a tener dos opciones. O m\u00e1s de lo mismo, o ponerle el \u00faltimo clavo del ataud al kirchnerismo. <\/p>\n<p class=\"com-paragraph   --s\"><strong>-En las listas predominan candidatos poco conocidos, salvo Diego Valenzuela y Guillermo Montenegro. \u00bfCre\u00e9s que esto puede influir en una elecci\u00f3n con baja participaci\u00f3n?<\/strong><\/p>\n<p class=\"com-paragraph   --s\">-No lo veo as\u00ed, porque cuando la gente entre al cuarto oscuro va a ver la boleta violeta con el logo de LLA. Por ende, van a estar representadas las ideas de Milei. Nosotros no nos detenemos tanto en si los candidatos son conocidos, o no, sino que estamos trayendo gente nueva a la pol\u00edtica.<\/p>\n<p class=\"com-paragraph   --s\"><strong>-\u00bfHubiese contribuido a una mayor participaci\u00f3n electoral el haber resuelto candidaturas con perfiles m\u00e1s conocidos?<\/strong><\/p>\n<p class=\"com-paragraph   --s\">Es contraf\u00e1ctico. No lo s\u00e9. S\u00ed, puedo decir que se ha decidido lo mejor para La Libertad Avanza.<\/p>\n<p class=\"com-paragraph   --s\"><strong>-En relaci\u00f3n a la estrategia electoral, \u00bfse hizo alg\u00fan tipo de autocr\u00edtica sobre la fuga de intendentes de Pro? \u00bfSe los deber\u00eda haber contenido? <\/strong><\/p>\n<p class=\"com-paragraph   --s\">No escuch\u00e9 a nadie hacer una cr\u00edtica de eso. Ac\u00e1 est\u00e1n los que quieren estar y saben que cambiando la provincia de Buenos Aires se cambia el pa\u00eds. Si la discusi\u00f3n es por los cargos, est\u00e1 bien que est\u00e9n afuera. Los que defienden las ideas del Presidente est\u00e1n todos adentro. Si hay algunos que se enojaron porque no les dieron un cargo u otro es mejor que est\u00e9n afuera. <\/p>\n<p class=\"com-paragraph   --s\"><strong>-Algunos intendentes que se salieron de la alianza, como Pablo Petrecca de Jun\u00edn, dijeron que en LLA les ped\u00edan el 75% de los cargos en los concejos deliberantes, lo que afectar\u00eda la gobernabilidad. <\/strong><\/p>\n<p class=\"com-paragraph   --s\">Si el intendente est\u00e1 tranquilo con que las ideas a llevar a los municipios son las de recortar gastos innecesarios y de no utilizar al Estado como un aguantadero de militancia pol\u00edtica, no veo temor alguno. Nosotros somos defensores de las ideas, no de los cargos. Los que se fueron, lo hicieron por los cargos. No escuch\u00e9 a nadie estar en contra de las ideas. Se fueron en su libertad y no hago un juicio de valor, pero los intendentes y concejales que estaban de acuerdo se quedaron adentro. <\/p>\n<p class=\"com-paragraph   --s\"><strong>-Pero es de p\u00fablico conocimiento que Santiago Caputo no estaba de acuerdo con la estrategia electoral de Sebasti\u00e1n Pareja. <\/strong><\/p>\n<p class=\"com-paragraph   --s\">No los escuch\u00e9 nunca ni a Santiago ni a Sebasti\u00e1n diciendo que estaban disconformes con una estrategia u otra. <\/p>\n<p>El secretario de Culto, Nahuel Sotelo en entrevista sobre la coyuntura pol\u00edtica. &#13;13\/08\/2025.Hernan Zenteno &#8211; La Nacion<\/p>\n<p class=\"com-paragraph   --s\"> <strong>-\u00bfNeg\u00e1s cualquier interna interna entre \u201ccelestiales\u201d y \u201cterritoriales\u201d?<\/strong><\/p>\n<p class=\"com-paragraph   --s\">No hay internas dentro de La Libertad Avanza (LLA), s\u00ed puede haber distintas opiniones. Pero que distintas opiniones lleguen a ser una interna, es demasiado.<\/p>\n<p class=\"com-paragraph   --s\"><strong>-\u00bfLa del Presidente y la vice Victoria Villarruel no es una interna? <\/strong><\/p>\n<p class=\"com-paragraph   --s\">S\u00ed, pero yo estoy hablando de La Libertad Avanza.<\/p>\n<p class=\"com-paragraph   --s\"><strong>-\u00bfElla no es de LLA?<\/strong><\/p>\n<p class=\"com-paragraph   --s\">Ella decidi\u00f3 quedarse al costado de LLA, pero no voy a hablar de esa interna. Todos los que estamos ocupando un lugar, lo hacemos pura y exclusivamente por el presidente Milei y defendemos sus ideas. Todos los que defendemos fielmente y lealmente las ideas estamos adentro.<\/p>\n<p class=\"com-paragraph   --s\"><strong>-\u00bfVillarruel no las defiende? Por su parte, Milei la insult\u00f3 y lleg\u00f3 a decirle \u201ctraidora\u201d <\/strong><\/p>\n<p class=\"com-paragraph   --s\">No voy a hablar. Solo voy a decir que seguimos el lineamiento del Presidente y si \u00e9l lo dijo es por algo. <\/p>\n<p class=\"com-paragraph   --s\"><strong>-Tu candidatura a diputado por la tercera secci\u00f3n fue resulta a \u00faltimo momento, hasta entonces se barajaban otros nombres de las Fuerzas del Cielo, \u00bfc\u00f3mo fue el proceso de selecci\u00f3n? <\/strong><\/p>\n<p class=\"com-paragraph   --s\">La verdad es que yo siempre he dicho que estaba a disposici\u00f3n del partido. Est\u00e1bamos viendo el cierre de Quilmes donde hab\u00eda un sector que ped\u00eda que sea el candidato a concejal, est\u00e1bamos en plena charla, y despu\u00e9s se decidi\u00f3 que vaya como candidato a diputado en la provincia para renovar la banca. Yo ya he estado en la legislatura, tengo experiencia, y m\u00e1s de 50 proyectos presentados en su momento.<strong> <\/strong>Lleg\u00f3 eso, y yo soy un soldado de la Libertad Avanza. <\/p>\n<p>El secretario de Culto, Nahuel Sotelo en entrevista sobre la coyuntura pol\u00edtica. &#13;13\/08\/2025.Hernan Zenteno &#8211; La Nacion<\/p>\n<p class=\"com-paragraph   --s\"><strong>-\u00bfPor qu\u00e9 crees que fuiste el \u00fanico en entrar como representante de las Fuerzas del Cielo? \u00bfTu candidatura fue impulsada Santiago Caputo? \u00bfDesde el tri\u00e1ngulo de hierro?<\/strong><\/p>\n<p class=\"com-paragraph   --s\">Esas cosas son de cierre de listas y quedan para adentro. No hablo de charlas intrapartidarias. <\/p>\n<p class=\"com-paragraph   --s\"><strong>-Adem\u00e1s del tuyo, otro de los nombres que se evaluaba era el de Lucas Luna, titular de Intercargo. \u00bfPor qu\u00e9 se baj\u00f3 su candidatura?<\/strong><\/p>\n<p class=\"com-paragraph   --s\">No s\u00e9, fue una decisi\u00f3n del partido, del grupo. Lucas es un gran amigo, para nosotros era lo mismo, trabaja con muchas cosas. Nosotros militamos el espacio de las ideas, estamos ac\u00e1 por eso y se decidi\u00f3 que sea yo.<\/p>\n<p class=\"com-paragraph   --s\"><strong>-Lucas Luna hizo un posteo en Twitter en el que dijo: \u201cNo odiamos lo suficiente al Islam\u201d y Sharif Menem reaccion\u00f3 con un insulto y le pidi\u00f3 que borre su posteo. Despu\u00e9s de este episodio se baj\u00f3 su candidatura.<\/strong><\/p>\n<p class=\"com-paragraph   --s\">No s\u00e9, esas son discusiones entre miembros del partido. Y ni siquiera fue una discusi\u00f3n, son las formas de las redes. Fue un intercambio de opiniones. No voy a hacer juicio de valor de eso. Su opini\u00f3n no trajo ninguna concencuencia en cuanto a las relaciones que tenemos dentro de la Secretaria de Culto. <\/p>\n<p>El secretario de Culto, Nahuel Sotelo en entrevista sobre la coyuntura pol\u00edtica. &#13;13\/08\/2025.Hernan Zenteno &#8211; La Nacion<\/p>\n<p class=\"com-paragraph   --s\"><strong>-\u00bfCre\u00e9s que fue acertado que en la listas bonaerenses figure solo un candidato de las Fuerzas del Cielo? \u00bfHubo equilibrio en el armado? <\/strong><\/p>\n<p class=\"com-paragraph   --s\">Las Fuerzas del Cielo es una agrupaci\u00f3n que est\u00e1 adentro de La Libertad Avanza como hay otras que no tienen representantes. Nosotros militamos las listas, en el caso de la tercera con Bondarenko fue una decisi\u00f3n acertada si tenemos que hablar de la inseguridad que vivimos, porque lo que necesita el votante bonaerense son propuestas sobre seguridad. <\/p>\n<p class=\"com-paragraph   --s\"><strong>-\u00bfQu\u00e9 te llev\u00f3 a aceptar ir quinto en la lista?<\/strong><\/p>\n<p class=\"com-paragraph   --s\">Ac\u00e1 tenemos que entender que para que nosotros podamos cambiar el pa\u00eds como lo queremos hacer necesitamos tambi\u00e9n de la provincia de Buenos Aires que es madre de todas las batallas. Si yo soy util en la legislatura de la provincia para ponerle un freno a los atropellos de Kicillfof voy a estar ah\u00ed porque ahora no se trata de mirar cargos.<\/p>\n<p class=\"com-paragraph   --s\">Ac\u00e1 hay un proyecto para levantar al pa\u00eds, a largo plazo. El Presidente siempre habla de una batalla cultural y una pol\u00edtica. \u00c9l no mira a dos a\u00f1os ni a cuatro, mira a futuro. <\/p>\n<p class=\"com-paragraph   --s\"><strong>-En tu caso deber\u00edas dejar el Ejecutivo para volver a la legislatura bonaerense, lugar que dejaste como diputado para asumir hace un a\u00f1o al frente de la Secretar\u00eda de Culto y Civilizaci\u00f3n <\/strong><\/p>\n<p class=\"com-paragraph   --s\">Todos los que estemos en alg\u00fan lugal del Ejecutivo o Legislativo, tenemos que entender que lo prioritario es siempre el proyecto de pa\u00eds a largo plazo. No miro que es m\u00e1s o menos importante, sino d\u00f3nde voy a ser m\u00e1s \u00fatil. No se trata de proyectos personales.<\/p>\n<p class=\"com-paragraph   --s\"><strong>-Se habla mucho de las candidaturas testimoniales dentro del peronismo. En tu caso, por lo que dec\u00eds, infiero entonces que \u00bfvas a asumir?<\/strong><\/p>\n<p class=\"com-paragraph   --s\">S\u00ed, claro. Yo voy a ser \u00fatil donde el partido me pida que est\u00e9. Si es como candidato y despu\u00e9s en la Legislatura, voy a estar ah\u00ed. <\/p>\n<p class=\"com-paragraph   --s\"><strong>-Adem\u00e1s de las cr\u00edticas a las candidaturas testimoniales, LLA se presenta con un discurso anti-casta. \u00bfQu\u00e9 opin\u00e1s de que Adorni haya puesto a su hermano al frente de la lista de la octava secci\u00f3n?<\/strong><\/p>\n<p class=\"com-paragraph   --s\">Francisco es liberal desde antes de Javier [Milei] Si hay una proyecto de una persona que ha sido coherente con sus ideas, \u00bfcu\u00e1l es el problema?<\/p>\n<p class=\"com-paragraph   --s\"><strong>-Si entr\u00e1s a la Legislatura bonaerense, \u00bfqu\u00e9 proyectos presentar\u00edas primero?<\/strong><\/p>\n<p class=\"com-paragraph   --s\">El primero ser\u00eda equipar de armas no letales a la polic\u00eda bonaerense. Hoy hay solo dos formas de detener un delito y es por medio de la fuerza f\u00edsica o con una pistola. El arma de fuego probablemente deje un herido grave o un muerto y si el polic\u00eda utiliza la fuerza f\u00edsica probablemente el que termine muerto u herido es \u00e9l. Entonces, hay algo entre medio que son las armas no letales. Hay que cambiar la reglamentaci\u00f3n y permitir su uso. <\/p>\n<p class=\"com-paragraph   --s\">La segunda propuesta habr\u00eda que analizarla presupuestariamente y ver si hay disponible una partida presupuestaria para poner c\u00e1maras en los chalecos o en el uniforme de la polic\u00eda. Si se puede controlar eso se puede saber cuando hay abuso de autoridad o cuando un efectivo act\u00faa en cumplimiento de su deber. <\/p>\n<p class=\"com-paragraph   --s\"><strong>-La campa\u00f1a en la provincia se estructur\u00f3 bajo el slogan \u2018Kirchnerismo Nunca M\u00e1s\u00bb, criticado por amplios sectores por considerarlo una vanalizaci\u00f3n de los derechos humanos. \u00bfQu\u00e9 opin\u00e1s?<\/strong><\/p>\n<p class=\"com-paragraph   --s\">Estoy 100 por ciento de acuerdo [con el slogan]. Hablemos de los derechos humanos en Buenos Aires donde hay chicos que no comen todos los d\u00edas, donde el kirchnerismo dej\u00f3 m\u00e1s del 50% de pobres, donde no hay cloacas ni llega el asfalto y se inunda todo. \u00bfDe qu\u00e9 derechos humanos puede hablar el kirchnerismo? S\u00ed, nunca m\u00e1s.<\/p>\n<p class=\"com-paragraph   --s\"><strong>-Las cr\u00edticas no vinieron solo de sectores kirchneristas <\/strong><\/p>\n<p class=\"com-paragraph   --s\">Si ahora les interesan los derechos humanos, hubieran hecho algo por la sociedad. Este es el Gobierno que ha bajado la pobreza, que ha sacado a los ni\u00f1os del hambre. No fueron ellos, ellos construyeron todo un sistema perverso, clientelista para ganar elecciones y dejar de lado a la gente.<\/p>\n<p class=\"com-paragraph   --s\"><strong>-Otra de las voces que se expres\u00f3 en el \u00faltimo tiempo fue la Iglesia. Hace un mes el arzobispo de Buenos Aires, monse\u00f1or Jorge Garc\u00eda Cuerva, llam\u00f3 a \u201cno desentenderse de los que m\u00e1s sufren\u201d <\/strong><\/p>\n<p class=\"com-paragraph   --s\">No le podemos pedir a este Gobierno que solucione todo en dos a\u00f1os, ha solucionado la inflaci\u00f3n que le pegaba a los m\u00e1s pobres. Este gobierno, principalmente se ocup\u00f3 de que la asignaci\u00f3n universal diera por encima de la inflaci\u00f3n y de sacar los intermediarios para que reciban la ayuda de manera directa. Este gobierno es el que se ha ocupado. <\/p>\n<p class=\"com-paragraph   --s\">La entrevista con Sotelo se realiz\u00f3 un d\u00eda antes de que la C\u00e1mara de Diputados rechazara el veto a la emergencia en discapacidad (algo que confirm\u00f3 el Senado este jueves 4 de septiembre). El d\u00eda de la nota, al ser consultado sobre si el Gobierno no ten\u00eda que hacer m\u00e1s por los discapacitados, Sotelo dijo: \u201cSe viene trabajando pero yo no estoy en ese \u00e1rea, se empez\u00f3 a auditar. La discapacidad se utiliz\u00f3 pioliticamente cuando se le entregaban subsidios a personas que no eran discapacitadas. Lo que hicieron [los gobiernos anteriores] es de una bajeza moral terrible. Ah\u00ed es donde tenemos que estar indignados\u201d.<\/p>\n<p class=\"com-paragraph   --s\"><strong>Luego del esc\u00e1ndalo de <\/strong><strong>los audios de Diego Spagnuolo<\/strong><strong>, ahora extitular de la Agencia de Discapacidad, que habla de presuntos sobornos para la compra de medicamentos destinados a discapacitados, Sotelo fue consultado varias veces para completar esta nota, pero prefiri\u00f3 no responder.<\/strong><\/p>\n<p>El secretario de Culto, Nahuel Sotelo en entrevista sobre la coyuntura pol\u00edtica. &#13;13\/08\/2025.Hernan Zenteno &#8211; La Nacion<\/p>\n<p><a href=\"https:\/\/www.lanacion.com.ar\/politica\/nahuel-sotelo-el-unico-candidato-de-caputo-que-paso-el-filtro-de-karina-milei-se-prepara-para-volver-nid04092025\/\">Fuente de la nota <\/a><\/p>\n","protected":false},"excerpt":{"rendered":"<p>Nahuel Sotelo se dispone a dejar la oficina con vista abierta al barrio de Retiro que lo recibi\u00f3 cuando desembarc\u00f3 en la Canciller\u00eda como Secretario de Culto y Civilizaci\u00f3n. En casi 12 meses supo apropiarse de aquel espacio que hered\u00f3 con textos religiosos, como la Biblia, el Cor\u00e1n, y otras escrituras sagradas. \u00c9l sum\u00f3 lo [&hellip;]<\/p>\n","protected":false},"author":5,"featured_media":45566,"comment_status":"closed","ping_status":"open","sticky":false,"template":"","format":"standard","meta":{"footnotes":""},"categories":[3],"tags":[],"class_list":{"0":"post-45565","1":"post","2":"type-post","3":"status-publish","4":"format-standard","5":"has-post-thumbnail","7":"category-politica"},"yoast_head":"<!-- This site is optimized with the Yoast SEO plugin v27.5 - https:\/\/yoast.com\/product\/yoast-seo-wordpress\/ -->\n<title>El \u00fanico candidato de Caputo que pas\u00f3 el filtro de Karina Milei y competir\u00e1 en la secci\u00f3n m\u00e1s caliente del conurbano - El Diario de Tucuman<\/title>\n<meta name=\"robots\" content=\"index, follow, max-snippet:-1, max-image-preview:large, max-video-preview:-1\" \/>\n<link rel=\"canonical\" href=\"https:\/\/www.eldiariodetucuman.com\/web\/el-unico-candidato-de-caputo-que-paso-el-filtro-de-karina-milei-y-competira-en-la-seccion-mas-caliente-del-conurbano\/\" \/>\n<meta property=\"og:locale\" content=\"es_ES\" \/>\n<meta property=\"og:type\" content=\"article\" \/>\n<meta property=\"og:title\" content=\"El \u00fanico candidato de Caputo que pas\u00f3 el filtro de Karina Milei y competir\u00e1 en la secci\u00f3n m\u00e1s caliente del conurbano - El Diario de Tucuman\" \/>\n<meta property=\"og:description\" content=\"Nahuel Sotelo se dispone a dejar la oficina con vista abierta al barrio de Retiro que lo recibi\u00f3 cuando desembarc\u00f3 en la Canciller\u00eda como Secretario de Culto y Civilizaci\u00f3n. En casi 12 meses supo apropiarse de aquel espacio que hered\u00f3 con textos religiosos, como la Biblia, el Cor\u00e1n, y otras escrituras sagradas. \u00c9l sum\u00f3 lo [&hellip;]\" \/>\n<meta property=\"og:url\" content=\"https:\/\/www.eldiariodetucuman.com\/web\/el-unico-candidato-de-caputo-que-paso-el-filtro-de-karina-milei-y-competira-en-la-seccion-mas-caliente-del-conurbano\/\" \/>\n<meta property=\"og:site_name\" content=\"El Diario de Tucuman\" \/>\n<meta property=\"article:published_time\" content=\"2025-09-05T01:20:33+00:00\" \/>\n<meta property=\"article:modified_time\" content=\"2025-09-05T01:20:34+00:00\" \/>\n<meta property=\"og:image\" content=\"https:\/\/www.eldiariodetucuman.com\/web\/wp-content\/uploads\/2025\/09\/el-secretario-de-culto-sotelo-niega-internas-en-WJOR7W74LFCKPEHFF5YZVED6WQ.jpg\" \/>\n\t<meta property=\"og:image:width\" content=\"1200\" \/>\n\t<meta property=\"og:image:height\" content=\"800\" \/>\n\t<meta property=\"og:image:type\" content=\"image\/jpeg\" \/>\n<meta name=\"author\" content=\"Redactor Uno\" \/>\n<meta name=\"twitter:card\" content=\"summary_large_image\" \/>\n<meta name=\"twitter:label1\" content=\"Escrito por\" \/>\n\t<meta name=\"twitter:data1\" content=\"Redactor Uno\" \/>\n\t<meta name=\"twitter:label2\" content=\"Tiempo de lectura\" \/>\n\t<meta name=\"twitter:data2\" content=\"13 minutos\" \/>\n<script type=\"application\/ld+json\" class=\"yoast-schema-graph\">{\"@context\":\"https:\\\/\\\/schema.org\",\"@graph\":[{\"@type\":\"Article\",\"@id\":\"https:\\\/\\\/www.eldiariodetucuman.com\\\/web\\\/el-unico-candidato-de-caputo-que-paso-el-filtro-de-karina-milei-y-competira-en-la-seccion-mas-caliente-del-conurbano\\\/#article\",\"isPartOf\":{\"@id\":\"https:\\\/\\\/www.eldiariodetucuman.com\\\/web\\\/el-unico-candidato-de-caputo-que-paso-el-filtro-de-karina-milei-y-competira-en-la-seccion-mas-caliente-del-conurbano\\\/\"},\"author\":{\"name\":\"Redactor Uno\",\"@id\":\"https:\\\/\\\/www.eldiariodetucuman.com\\\/web\\\/#\\\/schema\\\/person\\\/7e6644a46e60888f6b868594407e08dd\"},\"headline\":\"El \u00fanico candidato de Caputo que pas\u00f3 el filtro de Karina Milei y competir\u00e1 en la secci\u00f3n m\u00e1s caliente del conurbano\",\"datePublished\":\"2025-09-05T01:20:33+00:00\",\"dateModified\":\"2025-09-05T01:20:34+00:00\",\"mainEntityOfPage\":{\"@id\":\"https:\\\/\\\/www.eldiariodetucuman.com\\\/web\\\/el-unico-candidato-de-caputo-que-paso-el-filtro-de-karina-milei-y-competira-en-la-seccion-mas-caliente-del-conurbano\\\/\"},\"wordCount\":2659,\"publisher\":{\"@id\":\"https:\\\/\\\/www.eldiariodetucuman.com\\\/web\\\/#organization\"},\"image\":{\"@id\":\"https:\\\/\\\/www.eldiariodetucuman.com\\\/web\\\/el-unico-candidato-de-caputo-que-paso-el-filtro-de-karina-milei-y-competira-en-la-seccion-mas-caliente-del-conurbano\\\/#primaryimage\"},\"thumbnailUrl\":\"https:\\\/\\\/www.eldiariodetucuman.com\\\/web\\\/wp-content\\\/uploads\\\/2025\\\/09\\\/el-secretario-de-culto-sotelo-niega-internas-en-WJOR7W74LFCKPEHFF5YZVED6WQ.jpg\",\"articleSection\":[\"Politica\"],\"inLanguage\":\"es\"},{\"@type\":\"WebPage\",\"@id\":\"https:\\\/\\\/www.eldiariodetucuman.com\\\/web\\\/el-unico-candidato-de-caputo-que-paso-el-filtro-de-karina-milei-y-competira-en-la-seccion-mas-caliente-del-conurbano\\\/\",\"url\":\"https:\\\/\\\/www.eldiariodetucuman.com\\\/web\\\/el-unico-candidato-de-caputo-que-paso-el-filtro-de-karina-milei-y-competira-en-la-seccion-mas-caliente-del-conurbano\\\/\",\"name\":\"El \u00fanico candidato de Caputo que pas\u00f3 el filtro de Karina Milei y competir\u00e1 en la secci\u00f3n m\u00e1s caliente del conurbano - El Diario de Tucuman\",\"isPartOf\":{\"@id\":\"https:\\\/\\\/www.eldiariodetucuman.com\\\/web\\\/#website\"},\"primaryImageOfPage\":{\"@id\":\"https:\\\/\\\/www.eldiariodetucuman.com\\\/web\\\/el-unico-candidato-de-caputo-que-paso-el-filtro-de-karina-milei-y-competira-en-la-seccion-mas-caliente-del-conurbano\\\/#primaryimage\"},\"image\":{\"@id\":\"https:\\\/\\\/www.eldiariodetucuman.com\\\/web\\\/el-unico-candidato-de-caputo-que-paso-el-filtro-de-karina-milei-y-competira-en-la-seccion-mas-caliente-del-conurbano\\\/#primaryimage\"},\"thumbnailUrl\":\"https:\\\/\\\/www.eldiariodetucuman.com\\\/web\\\/wp-content\\\/uploads\\\/2025\\\/09\\\/el-secretario-de-culto-sotelo-niega-internas-en-WJOR7W74LFCKPEHFF5YZVED6WQ.jpg\",\"datePublished\":\"2025-09-05T01:20:33+00:00\",\"dateModified\":\"2025-09-05T01:20:34+00:00\",\"breadcrumb\":{\"@id\":\"https:\\\/\\\/www.eldiariodetucuman.com\\\/web\\\/el-unico-candidato-de-caputo-que-paso-el-filtro-de-karina-milei-y-competira-en-la-seccion-mas-caliente-del-conurbano\\\/#breadcrumb\"},\"inLanguage\":\"es\",\"potentialAction\":[{\"@type\":\"ReadAction\",\"target\":[\"https:\\\/\\\/www.eldiariodetucuman.com\\\/web\\\/el-unico-candidato-de-caputo-que-paso-el-filtro-de-karina-milei-y-competira-en-la-seccion-mas-caliente-del-conurbano\\\/\"]}]},{\"@type\":\"ImageObject\",\"inLanguage\":\"es\",\"@id\":\"https:\\\/\\\/www.eldiariodetucuman.com\\\/web\\\/el-unico-candidato-de-caputo-que-paso-el-filtro-de-karina-milei-y-competira-en-la-seccion-mas-caliente-del-conurbano\\\/#primaryimage\",\"url\":\"https:\\\/\\\/www.eldiariodetucuman.com\\\/web\\\/wp-content\\\/uploads\\\/2025\\\/09\\\/el-secretario-de-culto-sotelo-niega-internas-en-WJOR7W74LFCKPEHFF5YZVED6WQ.jpg\",\"contentUrl\":\"https:\\\/\\\/www.eldiariodetucuman.com\\\/web\\\/wp-content\\\/uploads\\\/2025\\\/09\\\/el-secretario-de-culto-sotelo-niega-internas-en-WJOR7W74LFCKPEHFF5YZVED6WQ.jpg\",\"width\":1200,\"height\":800},{\"@type\":\"BreadcrumbList\",\"@id\":\"https:\\\/\\\/www.eldiariodetucuman.com\\\/web\\\/el-unico-candidato-de-caputo-que-paso-el-filtro-de-karina-milei-y-competira-en-la-seccion-mas-caliente-del-conurbano\\\/#breadcrumb\",\"itemListElement\":[{\"@type\":\"ListItem\",\"position\":1,\"name\":\"Portada\",\"item\":\"https:\\\/\\\/www.eldiariodetucuman.com\\\/web\\\/\"},{\"@type\":\"ListItem\",\"position\":2,\"name\":\"El \u00fanico candidato de Caputo que pas\u00f3 el filtro de Karina Milei y competir\u00e1 en la secci\u00f3n m\u00e1s caliente del conurbano\"}]},{\"@type\":\"WebSite\",\"@id\":\"https:\\\/\\\/www.eldiariodetucuman.com\\\/web\\\/#website\",\"url\":\"https:\\\/\\\/www.eldiariodetucuman.com\\\/web\\\/\",\"name\":\"El Diario de Tucuman\",\"description\":\"Diario Tucuman - Informaci\u00f3n y noticias\",\"publisher\":{\"@id\":\"https:\\\/\\\/www.eldiariodetucuman.com\\\/web\\\/#organization\"},\"potentialAction\":[{\"@type\":\"SearchAction\",\"target\":{\"@type\":\"EntryPoint\",\"urlTemplate\":\"https:\\\/\\\/www.eldiariodetucuman.com\\\/web\\\/?s={search_term_string}\"},\"query-input\":{\"@type\":\"PropertyValueSpecification\",\"valueRequired\":true,\"valueName\":\"search_term_string\"}}],\"inLanguage\":\"es\"},{\"@type\":\"Organization\",\"@id\":\"https:\\\/\\\/www.eldiariodetucuman.com\\\/web\\\/#organization\",\"name\":\"El Diario de Tucuman\",\"url\":\"https:\\\/\\\/www.eldiariodetucuman.com\\\/web\\\/\",\"logo\":{\"@type\":\"ImageObject\",\"inLanguage\":\"es\",\"@id\":\"https:\\\/\\\/www.eldiariodetucuman.com\\\/web\\\/#\\\/schema\\\/logo\\\/image\\\/\",\"url\":\"http:\\\/\\\/www.eldiariodetucuman.com\\\/web\\\/wp-content\\\/uploads\\\/2017\\\/12\\\/el-diario-de-tucuman.jpg\",\"contentUrl\":\"http:\\\/\\\/www.eldiariodetucuman.com\\\/web\\\/wp-content\\\/uploads\\\/2017\\\/12\\\/el-diario-de-tucuman.jpg\",\"width\":272,\"height\":92,\"caption\":\"El Diario de Tucuman\"},\"image\":{\"@id\":\"https:\\\/\\\/www.eldiariodetucuman.com\\\/web\\\/#\\\/schema\\\/logo\\\/image\\\/\"}},{\"@type\":\"Person\",\"@id\":\"https:\\\/\\\/www.eldiariodetucuman.com\\\/web\\\/#\\\/schema\\\/person\\\/7e6644a46e60888f6b868594407e08dd\",\"name\":\"Redactor Uno\",\"image\":{\"@type\":\"ImageObject\",\"inLanguage\":\"es\",\"@id\":\"https:\\\/\\\/secure.gravatar.com\\\/avatar\\\/0049b1bdf1bd548385c9ea6b9356431717930913089febd2ba904f0187d7d074?s=96&d=mm&r=g\",\"url\":\"https:\\\/\\\/secure.gravatar.com\\\/avatar\\\/0049b1bdf1bd548385c9ea6b9356431717930913089febd2ba904f0187d7d074?s=96&d=mm&r=g\",\"contentUrl\":\"https:\\\/\\\/secure.gravatar.com\\\/avatar\\\/0049b1bdf1bd548385c9ea6b9356431717930913089febd2ba904f0187d7d074?s=96&d=mm&r=g\",\"caption\":\"Redactor Uno\"},\"url\":\"https:\\\/\\\/www.eldiariodetucuman.com\\\/web\\\/author\\\/mramasco\\\/\"}]}<\/script>\n<!-- \/ Yoast SEO plugin. -->","yoast_head_json":{"title":"El \u00fanico candidato de Caputo que pas\u00f3 el filtro de Karina Milei y competir\u00e1 en la secci\u00f3n m\u00e1s caliente del conurbano - El Diario de Tucuman","robots":{"index":"index","follow":"follow","max-snippet":"max-snippet:-1","max-image-preview":"max-image-preview:large","max-video-preview":"max-video-preview:-1"},"canonical":"https:\/\/www.eldiariodetucuman.com\/web\/el-unico-candidato-de-caputo-que-paso-el-filtro-de-karina-milei-y-competira-en-la-seccion-mas-caliente-del-conurbano\/","og_locale":"es_ES","og_type":"article","og_title":"El \u00fanico candidato de Caputo que pas\u00f3 el filtro de Karina Milei y competir\u00e1 en la secci\u00f3n m\u00e1s caliente del conurbano - El Diario de Tucuman","og_description":"Nahuel Sotelo se dispone a dejar la oficina con vista abierta al barrio de Retiro que lo recibi\u00f3 cuando desembarc\u00f3 en la Canciller\u00eda como Secretario de Culto y Civilizaci\u00f3n. En casi 12 meses supo apropiarse de aquel espacio que hered\u00f3 con textos religiosos, como la Biblia, el Cor\u00e1n, y otras escrituras sagradas. \u00c9l sum\u00f3 lo [&hellip;]","og_url":"https:\/\/www.eldiariodetucuman.com\/web\/el-unico-candidato-de-caputo-que-paso-el-filtro-de-karina-milei-y-competira-en-la-seccion-mas-caliente-del-conurbano\/","og_site_name":"El Diario de Tucuman","article_published_time":"2025-09-05T01:20:33+00:00","article_modified_time":"2025-09-05T01:20:34+00:00","og_image":[{"width":1200,"height":800,"url":"https:\/\/www.eldiariodetucuman.com\/web\/wp-content\/uploads\/2025\/09\/el-secretario-de-culto-sotelo-niega-internas-en-WJOR7W74LFCKPEHFF5YZVED6WQ.jpg","type":"image\/jpeg"}],"author":"Redactor Uno","twitter_card":"summary_large_image","twitter_misc":{"Escrito por":"Redactor Uno","Tiempo de lectura":"13 minutos"},"schema":{"@context":"https:\/\/schema.org","@graph":[{"@type":"Article","@id":"https:\/\/www.eldiariodetucuman.com\/web\/el-unico-candidato-de-caputo-que-paso-el-filtro-de-karina-milei-y-competira-en-la-seccion-mas-caliente-del-conurbano\/#article","isPartOf":{"@id":"https:\/\/www.eldiariodetucuman.com\/web\/el-unico-candidato-de-caputo-que-paso-el-filtro-de-karina-milei-y-competira-en-la-seccion-mas-caliente-del-conurbano\/"},"author":{"name":"Redactor Uno","@id":"https:\/\/www.eldiariodetucuman.com\/web\/#\/schema\/person\/7e6644a46e60888f6b868594407e08dd"},"headline":"El \u00fanico candidato de Caputo que pas\u00f3 el filtro de Karina Milei y competir\u00e1 en la secci\u00f3n m\u00e1s caliente del conurbano","datePublished":"2025-09-05T01:20:33+00:00","dateModified":"2025-09-05T01:20:34+00:00","mainEntityOfPage":{"@id":"https:\/\/www.eldiariodetucuman.com\/web\/el-unico-candidato-de-caputo-que-paso-el-filtro-de-karina-milei-y-competira-en-la-seccion-mas-caliente-del-conurbano\/"},"wordCount":2659,"publisher":{"@id":"https:\/\/www.eldiariodetucuman.com\/web\/#organization"},"image":{"@id":"https:\/\/www.eldiariodetucuman.com\/web\/el-unico-candidato-de-caputo-que-paso-el-filtro-de-karina-milei-y-competira-en-la-seccion-mas-caliente-del-conurbano\/#primaryimage"},"thumbnailUrl":"https:\/\/www.eldiariodetucuman.com\/web\/wp-content\/uploads\/2025\/09\/el-secretario-de-culto-sotelo-niega-internas-en-WJOR7W74LFCKPEHFF5YZVED6WQ.jpg","articleSection":["Politica"],"inLanguage":"es"},{"@type":"WebPage","@id":"https:\/\/www.eldiariodetucuman.com\/web\/el-unico-candidato-de-caputo-que-paso-el-filtro-de-karina-milei-y-competira-en-la-seccion-mas-caliente-del-conurbano\/","url":"https:\/\/www.eldiariodetucuman.com\/web\/el-unico-candidato-de-caputo-que-paso-el-filtro-de-karina-milei-y-competira-en-la-seccion-mas-caliente-del-conurbano\/","name":"El \u00fanico candidato de Caputo que pas\u00f3 el filtro de Karina Milei y competir\u00e1 en la secci\u00f3n m\u00e1s caliente del conurbano - El Diario de Tucuman","isPartOf":{"@id":"https:\/\/www.eldiariodetucuman.com\/web\/#website"},"primaryImageOfPage":{"@id":"https:\/\/www.eldiariodetucuman.com\/web\/el-unico-candidato-de-caputo-que-paso-el-filtro-de-karina-milei-y-competira-en-la-seccion-mas-caliente-del-conurbano\/#primaryimage"},"image":{"@id":"https:\/\/www.eldiariodetucuman.com\/web\/el-unico-candidato-de-caputo-que-paso-el-filtro-de-karina-milei-y-competira-en-la-seccion-mas-caliente-del-conurbano\/#primaryimage"},"thumbnailUrl":"https:\/\/www.eldiariodetucuman.com\/web\/wp-content\/uploads\/2025\/09\/el-secretario-de-culto-sotelo-niega-internas-en-WJOR7W74LFCKPEHFF5YZVED6WQ.jpg","datePublished":"2025-09-05T01:20:33+00:00","dateModified":"2025-09-05T01:20:34+00:00","breadcrumb":{"@id":"https:\/\/www.eldiariodetucuman.com\/web\/el-unico-candidato-de-caputo-que-paso-el-filtro-de-karina-milei-y-competira-en-la-seccion-mas-caliente-del-conurbano\/#breadcrumb"},"inLanguage":"es","potentialAction":[{"@type":"ReadAction","target":["https:\/\/www.eldiariodetucuman.com\/web\/el-unico-candidato-de-caputo-que-paso-el-filtro-de-karina-milei-y-competira-en-la-seccion-mas-caliente-del-conurbano\/"]}]},{"@type":"ImageObject","inLanguage":"es","@id":"https:\/\/www.eldiariodetucuman.com\/web\/el-unico-candidato-de-caputo-que-paso-el-filtro-de-karina-milei-y-competira-en-la-seccion-mas-caliente-del-conurbano\/#primaryimage","url":"https:\/\/www.eldiariodetucuman.com\/web\/wp-content\/uploads\/2025\/09\/el-secretario-de-culto-sotelo-niega-internas-en-WJOR7W74LFCKPEHFF5YZVED6WQ.jpg","contentUrl":"https:\/\/www.eldiariodetucuman.com\/web\/wp-content\/uploads\/2025\/09\/el-secretario-de-culto-sotelo-niega-internas-en-WJOR7W74LFCKPEHFF5YZVED6WQ.jpg","width":1200,"height":800},{"@type":"BreadcrumbList","@id":"https:\/\/www.eldiariodetucuman.com\/web\/el-unico-candidato-de-caputo-que-paso-el-filtro-de-karina-milei-y-competira-en-la-seccion-mas-caliente-del-conurbano\/#breadcrumb","itemListElement":[{"@type":"ListItem","position":1,"name":"Portada","item":"https:\/\/www.eldiariodetucuman.com\/web\/"},{"@type":"ListItem","position":2,"name":"El \u00fanico candidato de Caputo que pas\u00f3 el filtro de Karina Milei y competir\u00e1 en la secci\u00f3n m\u00e1s caliente del conurbano"}]},{"@type":"WebSite","@id":"https:\/\/www.eldiariodetucuman.com\/web\/#website","url":"https:\/\/www.eldiariodetucuman.com\/web\/","name":"El Diario de Tucuman","description":"Diario Tucuman - Informaci\u00f3n y noticias","publisher":{"@id":"https:\/\/www.eldiariodetucuman.com\/web\/#organization"},"potentialAction":[{"@type":"SearchAction","target":{"@type":"EntryPoint","urlTemplate":"https:\/\/www.eldiariodetucuman.com\/web\/?s={search_term_string}"},"query-input":{"@type":"PropertyValueSpecification","valueRequired":true,"valueName":"search_term_string"}}],"inLanguage":"es"},{"@type":"Organization","@id":"https:\/\/www.eldiariodetucuman.com\/web\/#organization","name":"El Diario de Tucuman","url":"https:\/\/www.eldiariodetucuman.com\/web\/","logo":{"@type":"ImageObject","inLanguage":"es","@id":"https:\/\/www.eldiariodetucuman.com\/web\/#\/schema\/logo\/image\/","url":"http:\/\/www.eldiariodetucuman.com\/web\/wp-content\/uploads\/2017\/12\/el-diario-de-tucuman.jpg","contentUrl":"http:\/\/www.eldiariodetucuman.com\/web\/wp-content\/uploads\/2017\/12\/el-diario-de-tucuman.jpg","width":272,"height":92,"caption":"El Diario de Tucuman"},"image":{"@id":"https:\/\/www.eldiariodetucuman.com\/web\/#\/schema\/logo\/image\/"}},{"@type":"Person","@id":"https:\/\/www.eldiariodetucuman.com\/web\/#\/schema\/person\/7e6644a46e60888f6b868594407e08dd","name":"Redactor Uno","image":{"@type":"ImageObject","inLanguage":"es","@id":"https:\/\/secure.gravatar.com\/avatar\/0049b1bdf1bd548385c9ea6b9356431717930913089febd2ba904f0187d7d074?s=96&d=mm&r=g","url":"https:\/\/secure.gravatar.com\/avatar\/0049b1bdf1bd548385c9ea6b9356431717930913089febd2ba904f0187d7d074?s=96&d=mm&r=g","contentUrl":"https:\/\/secure.gravatar.com\/avatar\/0049b1bdf1bd548385c9ea6b9356431717930913089febd2ba904f0187d7d074?s=96&d=mm&r=g","caption":"Redactor Uno"},"url":"https:\/\/www.eldiariodetucuman.com\/web\/author\/mramasco\/"}]}},"_links":{"self":[{"href":"https:\/\/www.eldiariodetucuman.com\/web\/wp-json\/wp\/v2\/posts\/45565","targetHints":{"allow":["GET"]}}],"collection":[{"href":"https:\/\/www.eldiariodetucuman.com\/web\/wp-json\/wp\/v2\/posts"}],"about":[{"href":"https:\/\/www.eldiariodetucuman.com\/web\/wp-json\/wp\/v2\/types\/post"}],"author":[{"embeddable":true,"href":"https:\/\/www.eldiariodetucuman.com\/web\/wp-json\/wp\/v2\/users\/5"}],"replies":[{"embeddable":true,"href":"https:\/\/www.eldiariodetucuman.com\/web\/wp-json\/wp\/v2\/comments?post=45565"}],"version-history":[{"count":1,"href":"https:\/\/www.eldiariodetucuman.com\/web\/wp-json\/wp\/v2\/posts\/45565\/revisions"}],"predecessor-version":[{"id":45567,"href":"https:\/\/www.eldiariodetucuman.com\/web\/wp-json\/wp\/v2\/posts\/45565\/revisions\/45567"}],"wp:featuredmedia":[{"embeddable":true,"href":"https:\/\/www.eldiariodetucuman.com\/web\/wp-json\/wp\/v2\/media\/45566"}],"wp:attachment":[{"href":"https:\/\/www.eldiariodetucuman.com\/web\/wp-json\/wp\/v2\/media?parent=45565"}],"wp:term":[{"taxonomy":"category","embeddable":true,"href":"https:\/\/www.eldiariodetucuman.com\/web\/wp-json\/wp\/v2\/categories?post=45565"},{"taxonomy":"post_tag","embeddable":true,"href":"https:\/\/www.eldiariodetucuman.com\/web\/wp-json\/wp\/v2\/tags?post=45565"}],"curies":[{"name":"wp","href":"https:\/\/api.w.org\/{rel}","templated":true}]}}