{"id":45563,"date":"2025-09-04T16:53:33","date_gmt":"2025-09-04T19:53:33","guid":{"rendered":"https:\/\/www.eldiariodetucuman.com\/web\/tucuman-mascotas-realizo-mas-de-1-500-castraciones-y-2-600-prestaciones-sanitarias-en-agosto\/"},"modified":"2025-09-04T16:53:33","modified_gmt":"2025-09-04T19:53:33","slug":"tucuman-mascotas-realizo-mas-de-1-500-castraciones-y-2-600-prestaciones-sanitarias-en-agosto","status":"publish","type":"post","link":"https:\/\/www.eldiariodetucuman.com\/web\/tucuman-mascotas-realizo-mas-de-1-500-castraciones-y-2-600-prestaciones-sanitarias-en-agosto\/","title":{"rendered":"Tucum\u00e1n Mascotas realiz\u00f3 m\u00e1s de 1.500 castraciones y 2.600 prestaciones sanitarias en agosto"},"content":{"rendered":"<p><\/p>\n<p id=\"isPasted\"><strong>Florencia Rocha<\/strong>, responsable del programa, se\u00f1al\u00f3: \u201cEl balance del mes de agosto es muy positivo, estamos viendo que en el interior hemos trabajado casi 1000 castraciones y entre 1.300 y 1.500 vacunas y desparasitaciones en todo el interior. Recordemos que esta semana estamos en Cebil Redondo y la semana pr\u00f3xima estamos en El Cadillal\u201d.<\/p>\n<\/p>\n<p>Respecto al trabajo en San Miguel de Tucum\u00e1n, Rocha indic\u00f3: \u201cTenemos un trabajo articulado en conjunto con el programa La Salud M\u00e1s Cerca del Ministerio de Salud. Trabajando conjuntamente, esta semana nos encontramos en L\u00eddoro Quinteros y Fortunata Garc\u00eda. Ah\u00ed tenemos casi 500 castraciones realizadas y entre 1.100 y 1.300 vacunas y desparasitaciones, as\u00ed que podemos decir que el trabajo del mes de agosto es muy positivo\u201d.<\/p>\n<\/p>\n<p>En relaci\u00f3n con la respuesta de la comunidad, afirm\u00f3: \u201cLa devoluci\u00f3n es muy positiva. Sabemos que hay una necesidad muy grande. Desde el inicio de la gesti\u00f3n del gobernador, Osvaldo Jaldo, nos encontramos trabajando en cada barrio del interior y en cada barrio de San Miguel de Tucum\u00e1n. As\u00ed que la gesti\u00f3n est\u00e1 directamente llegando a la casa de cada familia\u201d.<\/p>\n<\/p>\n<p>Finalmente, destac\u00f3 la importancia de la comunicaci\u00f3n institucional: \u201cNosotros toda la semana estamos publicando en nuestras redes, como tambi\u00e9n as\u00ed en la p\u00e1gina de Gobierno. Van a encontrar en d\u00f3nde nos encontramos en el interior y en la Capital actualmente, trabajando conjuntamente con La Salud M\u00e1s Cerca del Ministerio de Salud\u201d.<\/p>\n<p>Fuente: <a href=\"https:\/\/www.comunicaciontucuman.gob.ar\/noticia\/gobernacion\/236741\/tucuman-mascotas-realizo-mas-1500-castraciones-2600-prestaciones-sanitarias-agosto\"> Fuente de la nota <\/a><\/p>\n","protected":false},"excerpt":{"rendered":"<p>Florencia Rocha, responsable del programa, se\u00f1al\u00f3: \u201cEl balance del mes de agosto es muy positivo, estamos viendo que en el interior hemos trabajado casi 1000 castraciones y entre 1.300 y 1.500 vacunas y desparasitaciones en todo el interior. Recordemos que esta semana estamos en Cebil Redondo y la semana pr\u00f3xima estamos en El Cadillal\u201d. Respecto [&hellip;]<\/p>\n","protected":false},"author":1,"featured_media":45564,"comment_status":"closed","ping_status":"open","sticky":false,"template":"","format":"standard","meta":{"footnotes":""},"categories":[3],"tags":[],"class_list":{"0":"post-45563","1":"post","2":"type-post","3":"status-publish","4":"format-standard","5":"has-post-thumbnail","7":"category-politica"},"yoast_head":"<!-- This site is optimized with the Yoast SEO plugin v27.5 - https:\/\/yoast.com\/product\/yoast-seo-wordpress\/ -->\n<title>Tucum\u00e1n Mascotas realiz\u00f3 m\u00e1s de 1.500 castraciones y 2.600 prestaciones sanitarias en agosto - El Diario de Tucuman<\/title>\n<meta name=\"robots\" content=\"index, follow, max-snippet:-1, max-image-preview:large, max-video-preview:-1\" \/>\n<link rel=\"canonical\" href=\"https:\/\/www.eldiariodetucuman.com\/web\/tucuman-mascotas-realizo-mas-de-1-500-castraciones-y-2-600-prestaciones-sanitarias-en-agosto\/\" \/>\n<meta property=\"og:locale\" content=\"es_ES\" \/>\n<meta property=\"og:type\" content=\"article\" \/>\n<meta property=\"og:title\" content=\"Tucum\u00e1n Mascotas realiz\u00f3 m\u00e1s de 1.500 castraciones y 2.600 prestaciones sanitarias en agosto - El Diario de Tucuman\" \/>\n<meta property=\"og:description\" content=\"Florencia Rocha, responsable del programa, se\u00f1al\u00f3: \u201cEl balance del mes de agosto es muy positivo, estamos viendo que en el interior hemos trabajado casi 1000 castraciones y entre 1.300 y 1.500 vacunas y desparasitaciones en todo el interior. Recordemos que esta semana estamos en Cebil Redondo y la semana pr\u00f3xima estamos en El Cadillal\u201d. Respecto [&hellip;]\" \/>\n<meta property=\"og:url\" content=\"https:\/\/www.eldiariodetucuman.com\/web\/tucuman-mascotas-realizo-mas-de-1-500-castraciones-y-2-600-prestaciones-sanitarias-en-agosto\/\" \/>\n<meta property=\"og:site_name\" content=\"El Diario de Tucuman\" \/>\n<meta property=\"article:published_time\" content=\"2025-09-04T19:53:33+00:00\" \/>\n<meta name=\"author\" content=\"admin\" \/>\n<meta name=\"twitter:card\" content=\"summary_large_image\" \/>\n<meta name=\"twitter:label1\" content=\"Escrito por\" \/>\n\t<meta name=\"twitter:data1\" content=\"admin\" \/>\n\t<meta name=\"twitter:label2\" content=\"Tiempo de lectura\" \/>\n\t<meta name=\"twitter:data2\" content=\"1 minuto\" \/>\n<script type=\"application\/ld+json\" class=\"yoast-schema-graph\">{\"@context\":\"https:\\\/\\\/schema.org\",\"@graph\":[{\"@type\":\"Article\",\"@id\":\"https:\\\/\\\/www.eldiariodetucuman.com\\\/web\\\/tucuman-mascotas-realizo-mas-de-1-500-castraciones-y-2-600-prestaciones-sanitarias-en-agosto\\\/#article\",\"isPartOf\":{\"@id\":\"https:\\\/\\\/www.eldiariodetucuman.com\\\/web\\\/tucuman-mascotas-realizo-mas-de-1-500-castraciones-y-2-600-prestaciones-sanitarias-en-agosto\\\/\"},\"author\":{\"name\":\"admin\",\"@id\":\"https:\\\/\\\/www.eldiariodetucuman.com\\\/web\\\/#\\\/schema\\\/person\\\/9250197d75ab5483412e19678b121caa\"},\"headline\":\"Tucum\u00e1n Mascotas realiz\u00f3 m\u00e1s de 1.500 castraciones y 2.600 prestaciones sanitarias en agosto\",\"datePublished\":\"2025-09-04T19:53:33+00:00\",\"mainEntityOfPage\":{\"@id\":\"https:\\\/\\\/www.eldiariodetucuman.com\\\/web\\\/tucuman-mascotas-realizo-mas-de-1-500-castraciones-y-2-600-prestaciones-sanitarias-en-agosto\\\/\"},\"wordCount\":261,\"publisher\":{\"@id\":\"https:\\\/\\\/www.eldiariodetucuman.com\\\/web\\\/#organization\"},\"image\":{\"@id\":\"https:\\\/\\\/www.eldiariodetucuman.com\\\/web\\\/tucuman-mascotas-realizo-mas-de-1-500-castraciones-y-2-600-prestaciones-sanitarias-en-agosto\\\/#primaryimage\"},\"thumbnailUrl\":\"https:\\\/\\\/www.eldiariodetucuman.com\\\/web\\\/wp-content\\\/uploads\\\/2025\\\/09\\\/Tucuman-Mascotas-realizo-mas-de-1500-castraciones-y-2600-prestaciones.jpg\",\"articleSection\":[\"Politica\"],\"inLanguage\":\"es\"},{\"@type\":\"WebPage\",\"@id\":\"https:\\\/\\\/www.eldiariodetucuman.com\\\/web\\\/tucuman-mascotas-realizo-mas-de-1-500-castraciones-y-2-600-prestaciones-sanitarias-en-agosto\\\/\",\"url\":\"https:\\\/\\\/www.eldiariodetucuman.com\\\/web\\\/tucuman-mascotas-realizo-mas-de-1-500-castraciones-y-2-600-prestaciones-sanitarias-en-agosto\\\/\",\"name\":\"Tucum\u00e1n Mascotas realiz\u00f3 m\u00e1s de 1.500 castraciones y 2.600 prestaciones sanitarias en agosto - El Diario de Tucuman\",\"isPartOf\":{\"@id\":\"https:\\\/\\\/www.eldiariodetucuman.com\\\/web\\\/#website\"},\"primaryImageOfPage\":{\"@id\":\"https:\\\/\\\/www.eldiariodetucuman.com\\\/web\\\/tucuman-mascotas-realizo-mas-de-1-500-castraciones-y-2-600-prestaciones-sanitarias-en-agosto\\\/#primaryimage\"},\"image\":{\"@id\":\"https:\\\/\\\/www.eldiariodetucuman.com\\\/web\\\/tucuman-mascotas-realizo-mas-de-1-500-castraciones-y-2-600-prestaciones-sanitarias-en-agosto\\\/#primaryimage\"},\"thumbnailUrl\":\"https:\\\/\\\/www.eldiariodetucuman.com\\\/web\\\/wp-content\\\/uploads\\\/2025\\\/09\\\/Tucuman-Mascotas-realizo-mas-de-1500-castraciones-y-2600-prestaciones.jpg\",\"datePublished\":\"2025-09-04T19:53:33+00:00\",\"breadcrumb\":{\"@id\":\"https:\\\/\\\/www.eldiariodetucuman.com\\\/web\\\/tucuman-mascotas-realizo-mas-de-1-500-castraciones-y-2-600-prestaciones-sanitarias-en-agosto\\\/#breadcrumb\"},\"inLanguage\":\"es\",\"potentialAction\":[{\"@type\":\"ReadAction\",\"target\":[\"https:\\\/\\\/www.eldiariodetucuman.com\\\/web\\\/tucuman-mascotas-realizo-mas-de-1-500-castraciones-y-2-600-prestaciones-sanitarias-en-agosto\\\/\"]}]},{\"@type\":\"ImageObject\",\"inLanguage\":\"es\",\"@id\":\"https:\\\/\\\/www.eldiariodetucuman.com\\\/web\\\/tucuman-mascotas-realizo-mas-de-1-500-castraciones-y-2-600-prestaciones-sanitarias-en-agosto\\\/#primaryimage\",\"url\":\"https:\\\/\\\/www.eldiariodetucuman.com\\\/web\\\/wp-content\\\/uploads\\\/2025\\\/09\\\/Tucuman-Mascotas-realizo-mas-de-1500-castraciones-y-2600-prestaciones.jpg\",\"contentUrl\":\"https:\\\/\\\/www.eldiariodetucuman.com\\\/web\\\/wp-content\\\/uploads\\\/2025\\\/09\\\/Tucuman-Mascotas-realizo-mas-de-1500-castraciones-y-2600-prestaciones.jpg\",\"width\":818,\"height\":460},{\"@type\":\"BreadcrumbList\",\"@id\":\"https:\\\/\\\/www.eldiariodetucuman.com\\\/web\\\/tucuman-mascotas-realizo-mas-de-1-500-castraciones-y-2-600-prestaciones-sanitarias-en-agosto\\\/#breadcrumb\",\"itemListElement\":[{\"@type\":\"ListItem\",\"position\":1,\"name\":\"Portada\",\"item\":\"https:\\\/\\\/www.eldiariodetucuman.com\\\/web\\\/\"},{\"@type\":\"ListItem\",\"position\":2,\"name\":\"Tucum\u00e1n Mascotas realiz\u00f3 m\u00e1s de 1.500 castraciones y 2.600 prestaciones sanitarias en agosto\"}]},{\"@type\":\"WebSite\",\"@id\":\"https:\\\/\\\/www.eldiariodetucuman.com\\\/web\\\/#website\",\"url\":\"https:\\\/\\\/www.eldiariodetucuman.com\\\/web\\\/\",\"name\":\"El Diario de Tucuman\",\"description\":\"Diario Tucuman - Informaci\u00f3n y noticias\",\"publisher\":{\"@id\":\"https:\\\/\\\/www.eldiariodetucuman.com\\\/web\\\/#organization\"},\"potentialAction\":[{\"@type\":\"SearchAction\",\"target\":{\"@type\":\"EntryPoint\",\"urlTemplate\":\"https:\\\/\\\/www.eldiariodetucuman.com\\\/web\\\/?s={search_term_string}\"},\"query-input\":{\"@type\":\"PropertyValueSpecification\",\"valueRequired\":true,\"valueName\":\"search_term_string\"}}],\"inLanguage\":\"es\"},{\"@type\":\"Organization\",\"@id\":\"https:\\\/\\\/www.eldiariodetucuman.com\\\/web\\\/#organization\",\"name\":\"El Diario de Tucuman\",\"url\":\"https:\\\/\\\/www.eldiariodetucuman.com\\\/web\\\/\",\"logo\":{\"@type\":\"ImageObject\",\"inLanguage\":\"es\",\"@id\":\"https:\\\/\\\/www.eldiariodetucuman.com\\\/web\\\/#\\\/schema\\\/logo\\\/image\\\/\",\"url\":\"http:\\\/\\\/www.eldiariodetucuman.com\\\/web\\\/wp-content\\\/uploads\\\/2017\\\/12\\\/el-diario-de-tucuman.jpg\",\"contentUrl\":\"http:\\\/\\\/www.eldiariodetucuman.com\\\/web\\\/wp-content\\\/uploads\\\/2017\\\/12\\\/el-diario-de-tucuman.jpg\",\"width\":272,\"height\":92,\"caption\":\"El Diario de Tucuman\"},\"image\":{\"@id\":\"https:\\\/\\\/www.eldiariodetucuman.com\\\/web\\\/#\\\/schema\\\/logo\\\/image\\\/\"}},{\"@type\":\"Person\",\"@id\":\"https:\\\/\\\/www.eldiariodetucuman.com\\\/web\\\/#\\\/schema\\\/person\\\/9250197d75ab5483412e19678b121caa\",\"name\":\"admin\",\"image\":{\"@type\":\"ImageObject\",\"inLanguage\":\"es\",\"@id\":\"https:\\\/\\\/secure.gravatar.com\\\/avatar\\\/c44d117c2be811212c22cb481f6b8384b6873de103fbc49e7a03cc58d7dea4ac?s=96&d=mm&r=g\",\"url\":\"https:\\\/\\\/secure.gravatar.com\\\/avatar\\\/c44d117c2be811212c22cb481f6b8384b6873de103fbc49e7a03cc58d7dea4ac?s=96&d=mm&r=g\",\"contentUrl\":\"https:\\\/\\\/secure.gravatar.com\\\/avatar\\\/c44d117c2be811212c22cb481f6b8384b6873de103fbc49e7a03cc58d7dea4ac?s=96&d=mm&r=g\",\"caption\":\"admin\"},\"url\":\"https:\\\/\\\/www.eldiariodetucuman.com\\\/web\\\/author\\\/admin\\\/\"}]}<\/script>\n<!-- \/ Yoast SEO plugin. -->","yoast_head_json":{"title":"Tucum\u00e1n Mascotas realiz\u00f3 m\u00e1s de 1.500 castraciones y 2.600 prestaciones sanitarias en agosto - El Diario de Tucuman","robots":{"index":"index","follow":"follow","max-snippet":"max-snippet:-1","max-image-preview":"max-image-preview:large","max-video-preview":"max-video-preview:-1"},"canonical":"https:\/\/www.eldiariodetucuman.com\/web\/tucuman-mascotas-realizo-mas-de-1-500-castraciones-y-2-600-prestaciones-sanitarias-en-agosto\/","og_locale":"es_ES","og_type":"article","og_title":"Tucum\u00e1n Mascotas realiz\u00f3 m\u00e1s de 1.500 castraciones y 2.600 prestaciones sanitarias en agosto - El Diario de Tucuman","og_description":"Florencia Rocha, responsable del programa, se\u00f1al\u00f3: \u201cEl balance del mes de agosto es muy positivo, estamos viendo que en el interior hemos trabajado casi 1000 castraciones y entre 1.300 y 1.500 vacunas y desparasitaciones en todo el interior. Recordemos que esta semana estamos en Cebil Redondo y la semana pr\u00f3xima estamos en El Cadillal\u201d. Respecto [&hellip;]","og_url":"https:\/\/www.eldiariodetucuman.com\/web\/tucuman-mascotas-realizo-mas-de-1-500-castraciones-y-2-600-prestaciones-sanitarias-en-agosto\/","og_site_name":"El Diario de Tucuman","article_published_time":"2025-09-04T19:53:33+00:00","author":"admin","twitter_card":"summary_large_image","twitter_misc":{"Escrito por":"admin","Tiempo de lectura":"1 minuto"},"schema":{"@context":"https:\/\/schema.org","@graph":[{"@type":"Article","@id":"https:\/\/www.eldiariodetucuman.com\/web\/tucuman-mascotas-realizo-mas-de-1-500-castraciones-y-2-600-prestaciones-sanitarias-en-agosto\/#article","isPartOf":{"@id":"https:\/\/www.eldiariodetucuman.com\/web\/tucuman-mascotas-realizo-mas-de-1-500-castraciones-y-2-600-prestaciones-sanitarias-en-agosto\/"},"author":{"name":"admin","@id":"https:\/\/www.eldiariodetucuman.com\/web\/#\/schema\/person\/9250197d75ab5483412e19678b121caa"},"headline":"Tucum\u00e1n Mascotas realiz\u00f3 m\u00e1s de 1.500 castraciones y 2.600 prestaciones sanitarias en agosto","datePublished":"2025-09-04T19:53:33+00:00","mainEntityOfPage":{"@id":"https:\/\/www.eldiariodetucuman.com\/web\/tucuman-mascotas-realizo-mas-de-1-500-castraciones-y-2-600-prestaciones-sanitarias-en-agosto\/"},"wordCount":261,"publisher":{"@id":"https:\/\/www.eldiariodetucuman.com\/web\/#organization"},"image":{"@id":"https:\/\/www.eldiariodetucuman.com\/web\/tucuman-mascotas-realizo-mas-de-1-500-castraciones-y-2-600-prestaciones-sanitarias-en-agosto\/#primaryimage"},"thumbnailUrl":"https:\/\/www.eldiariodetucuman.com\/web\/wp-content\/uploads\/2025\/09\/Tucuman-Mascotas-realizo-mas-de-1500-castraciones-y-2600-prestaciones.jpg","articleSection":["Politica"],"inLanguage":"es"},{"@type":"WebPage","@id":"https:\/\/www.eldiariodetucuman.com\/web\/tucuman-mascotas-realizo-mas-de-1-500-castraciones-y-2-600-prestaciones-sanitarias-en-agosto\/","url":"https:\/\/www.eldiariodetucuman.com\/web\/tucuman-mascotas-realizo-mas-de-1-500-castraciones-y-2-600-prestaciones-sanitarias-en-agosto\/","name":"Tucum\u00e1n Mascotas realiz\u00f3 m\u00e1s de 1.500 castraciones y 2.600 prestaciones sanitarias en agosto - El Diario de Tucuman","isPartOf":{"@id":"https:\/\/www.eldiariodetucuman.com\/web\/#website"},"primaryImageOfPage":{"@id":"https:\/\/www.eldiariodetucuman.com\/web\/tucuman-mascotas-realizo-mas-de-1-500-castraciones-y-2-600-prestaciones-sanitarias-en-agosto\/#primaryimage"},"image":{"@id":"https:\/\/www.eldiariodetucuman.com\/web\/tucuman-mascotas-realizo-mas-de-1-500-castraciones-y-2-600-prestaciones-sanitarias-en-agosto\/#primaryimage"},"thumbnailUrl":"https:\/\/www.eldiariodetucuman.com\/web\/wp-content\/uploads\/2025\/09\/Tucuman-Mascotas-realizo-mas-de-1500-castraciones-y-2600-prestaciones.jpg","datePublished":"2025-09-04T19:53:33+00:00","breadcrumb":{"@id":"https:\/\/www.eldiariodetucuman.com\/web\/tucuman-mascotas-realizo-mas-de-1-500-castraciones-y-2-600-prestaciones-sanitarias-en-agosto\/#breadcrumb"},"inLanguage":"es","potentialAction":[{"@type":"ReadAction","target":["https:\/\/www.eldiariodetucuman.com\/web\/tucuman-mascotas-realizo-mas-de-1-500-castraciones-y-2-600-prestaciones-sanitarias-en-agosto\/"]}]},{"@type":"ImageObject","inLanguage":"es","@id":"https:\/\/www.eldiariodetucuman.com\/web\/tucuman-mascotas-realizo-mas-de-1-500-castraciones-y-2-600-prestaciones-sanitarias-en-agosto\/#primaryimage","url":"https:\/\/www.eldiariodetucuman.com\/web\/wp-content\/uploads\/2025\/09\/Tucuman-Mascotas-realizo-mas-de-1500-castraciones-y-2600-prestaciones.jpg","contentUrl":"https:\/\/www.eldiariodetucuman.com\/web\/wp-content\/uploads\/2025\/09\/Tucuman-Mascotas-realizo-mas-de-1500-castraciones-y-2600-prestaciones.jpg","width":818,"height":460},{"@type":"BreadcrumbList","@id":"https:\/\/www.eldiariodetucuman.com\/web\/tucuman-mascotas-realizo-mas-de-1-500-castraciones-y-2-600-prestaciones-sanitarias-en-agosto\/#breadcrumb","itemListElement":[{"@type":"ListItem","position":1,"name":"Portada","item":"https:\/\/www.eldiariodetucuman.com\/web\/"},{"@type":"ListItem","position":2,"name":"Tucum\u00e1n Mascotas realiz\u00f3 m\u00e1s de 1.500 castraciones y 2.600 prestaciones sanitarias en agosto"}]},{"@type":"WebSite","@id":"https:\/\/www.eldiariodetucuman.com\/web\/#website","url":"https:\/\/www.eldiariodetucuman.com\/web\/","name":"El Diario de Tucuman","description":"Diario Tucuman - Informaci\u00f3n y noticias","publisher":{"@id":"https:\/\/www.eldiariodetucuman.com\/web\/#organization"},"potentialAction":[{"@type":"SearchAction","target":{"@type":"EntryPoint","urlTemplate":"https:\/\/www.eldiariodetucuman.com\/web\/?s={search_term_string}"},"query-input":{"@type":"PropertyValueSpecification","valueRequired":true,"valueName":"search_term_string"}}],"inLanguage":"es"},{"@type":"Organization","@id":"https:\/\/www.eldiariodetucuman.com\/web\/#organization","name":"El Diario de Tucuman","url":"https:\/\/www.eldiariodetucuman.com\/web\/","logo":{"@type":"ImageObject","inLanguage":"es","@id":"https:\/\/www.eldiariodetucuman.com\/web\/#\/schema\/logo\/image\/","url":"http:\/\/www.eldiariodetucuman.com\/web\/wp-content\/uploads\/2017\/12\/el-diario-de-tucuman.jpg","contentUrl":"http:\/\/www.eldiariodetucuman.com\/web\/wp-content\/uploads\/2017\/12\/el-diario-de-tucuman.jpg","width":272,"height":92,"caption":"El Diario de Tucuman"},"image":{"@id":"https:\/\/www.eldiariodetucuman.com\/web\/#\/schema\/logo\/image\/"}},{"@type":"Person","@id":"https:\/\/www.eldiariodetucuman.com\/web\/#\/schema\/person\/9250197d75ab5483412e19678b121caa","name":"admin","image":{"@type":"ImageObject","inLanguage":"es","@id":"https:\/\/secure.gravatar.com\/avatar\/c44d117c2be811212c22cb481f6b8384b6873de103fbc49e7a03cc58d7dea4ac?s=96&d=mm&r=g","url":"https:\/\/secure.gravatar.com\/avatar\/c44d117c2be811212c22cb481f6b8384b6873de103fbc49e7a03cc58d7dea4ac?s=96&d=mm&r=g","contentUrl":"https:\/\/secure.gravatar.com\/avatar\/c44d117c2be811212c22cb481f6b8384b6873de103fbc49e7a03cc58d7dea4ac?s=96&d=mm&r=g","caption":"admin"},"url":"https:\/\/www.eldiariodetucuman.com\/web\/author\/admin\/"}]}},"_links":{"self":[{"href":"https:\/\/www.eldiariodetucuman.com\/web\/wp-json\/wp\/v2\/posts\/45563","targetHints":{"allow":["GET"]}}],"collection":[{"href":"https:\/\/www.eldiariodetucuman.com\/web\/wp-json\/wp\/v2\/posts"}],"about":[{"href":"https:\/\/www.eldiariodetucuman.com\/web\/wp-json\/wp\/v2\/types\/post"}],"author":[{"embeddable":true,"href":"https:\/\/www.eldiariodetucuman.com\/web\/wp-json\/wp\/v2\/users\/1"}],"replies":[{"embeddable":true,"href":"https:\/\/www.eldiariodetucuman.com\/web\/wp-json\/wp\/v2\/comments?post=45563"}],"version-history":[{"count":0,"href":"https:\/\/www.eldiariodetucuman.com\/web\/wp-json\/wp\/v2\/posts\/45563\/revisions"}],"wp:featuredmedia":[{"embeddable":true,"href":"https:\/\/www.eldiariodetucuman.com\/web\/wp-json\/wp\/v2\/media\/45564"}],"wp:attachment":[{"href":"https:\/\/www.eldiariodetucuman.com\/web\/wp-json\/wp\/v2\/media?parent=45563"}],"wp:term":[{"taxonomy":"category","embeddable":true,"href":"https:\/\/www.eldiariodetucuman.com\/web\/wp-json\/wp\/v2\/categories?post=45563"},{"taxonomy":"post_tag","embeddable":true,"href":"https:\/\/www.eldiariodetucuman.com\/web\/wp-json\/wp\/v2\/tags?post=45563"}],"curies":[{"name":"wp","href":"https:\/\/api.w.org\/{rel}","templated":true}]}}