{"id":45561,"date":"2025-09-04T16:49:36","date_gmt":"2025-09-04T19:49:36","guid":{"rendered":"https:\/\/www.eldiariodetucuman.com\/web\/avanza-en-tucuman-el-gran-abierto-del-norte-de-golf\/"},"modified":"2025-09-04T16:49:36","modified_gmt":"2025-09-04T19:49:36","slug":"avanza-en-tucuman-el-gran-abierto-del-norte-de-golf","status":"publish","type":"post","link":"https:\/\/www.eldiariodetucuman.com\/web\/avanza-en-tucuman-el-gran-abierto-del-norte-de-golf\/","title":{"rendered":"Avanza en Tucum\u00e1n el gran Abierto del Norte de Golf"},"content":{"rendered":"<p>  <\/p>\n<p> \u00abEsta semana participan por el Abierto del NOA y paralelamente a la Copa San Pablo que corona al mejor golfista aficionado\u00bb, expres\u00f3.<\/p>\n<p>image   <\/p>\n<p>Consultado por el desempe\u00f1o de las \u00faltimas jornadas, Bruchmann conto: \u00abhasta ayer el tucumano Martin Contini y Andr\u00e9s Gallego de Bs As, seguidos por grandes jugadores tucumanos como Nelson Ledesma, C\u00e9sar Costilla, Augusto N\u00fa\u00f1ez y una lista larga con pretensiones de clasificar y entre hoy y ma\u00f1ana se definir\u00edan quienes ser\u00e1n los candidatos (si el clima lo permite)\u00bb.<\/p>\n<p>Tambi\u00e9n se refiri\u00f3 a la participaci\u00f3n del reconocido Pigu Romero, quien \u00abayer no tuvo un buen desempe\u00f1o pero sostuvo que seguramente hoy va a destacarse en su juego para llegar como candidato el fin de semana\u00bb.<\/p>\n<p>Acerca de su juego desempe\u00f1o en el torneo, Bruchman reconoci\u00f3 \u00abtuve un comienzo discreto posicion\u00e1ndome a cuatro hoyos del actual campe\u00f3n argentino de aficionados y estoy con la mejor expectativa para clasificar en las pr\u00f3ximas jornadas\u00bb.<\/p>\n<p>Por \u00faltimo, asegur\u00f3 que el prestigioso torneo \u00abquedar\u00e1 con 80 participantes, entre profesionales y aficionados que disputar\u00e1n las finales entre ma\u00f1ana y el s\u00e1bado; esperando llegar a la culminaci\u00f3n y premiaci\u00f3n durante la tarde de ese d\u00eda\u00bb.<\/p>\n<p>     <strong>FUENTE:<\/strong> LV12<br \/>\n<br \/>Fuente: <a href=\"https:\/\/www.lv12.com.ar\/golf\/avanza-tucuman-el-gran-abierto-del-norte-golf-n184956\"> Fuente de la nota <\/a><\/p>\n","protected":false},"excerpt":{"rendered":"<p>\u00abEsta semana participan por el Abierto del NOA y paralelamente a la Copa San Pablo que corona al mejor golfista aficionado\u00bb, expres\u00f3. image Consultado por el desempe\u00f1o de las \u00faltimas jornadas, Bruchmann conto: \u00abhasta ayer el tucumano Martin Contini y Andr\u00e9s Gallego de Bs As, seguidos por grandes jugadores tucumanos como Nelson Ledesma, C\u00e9sar Costilla, [&hellip;]<\/p>\n","protected":false},"author":1,"featured_media":45562,"comment_status":"closed","ping_status":"open","sticky":false,"template":"","format":"standard","meta":{"footnotes":""},"categories":[6],"tags":[],"class_list":{"0":"post-45561","1":"post","2":"type-post","3":"status-publish","4":"format-standard","5":"has-post-thumbnail","7":"category-deporte"},"yoast_head":"<!-- This site is optimized with the Yoast SEO plugin v27.5 - https:\/\/yoast.com\/product\/yoast-seo-wordpress\/ -->\n<title>Avanza en Tucum\u00e1n el gran Abierto del Norte de Golf - El Diario de Tucuman<\/title>\n<meta name=\"robots\" content=\"index, follow, max-snippet:-1, max-image-preview:large, max-video-preview:-1\" \/>\n<link rel=\"canonical\" href=\"https:\/\/www.eldiariodetucuman.com\/web\/avanza-en-tucuman-el-gran-abierto-del-norte-de-golf\/\" \/>\n<meta property=\"og:locale\" content=\"es_ES\" \/>\n<meta property=\"og:type\" content=\"article\" \/>\n<meta property=\"og:title\" content=\"Avanza en Tucum\u00e1n el gran Abierto del Norte de Golf - El Diario de Tucuman\" \/>\n<meta property=\"og:description\" content=\"\u00abEsta semana participan por el Abierto del NOA y paralelamente a la Copa San Pablo que corona al mejor golfista aficionado\u00bb, expres\u00f3. image Consultado por el desempe\u00f1o de las \u00faltimas jornadas, Bruchmann conto: \u00abhasta ayer el tucumano Martin Contini y Andr\u00e9s Gallego de Bs As, seguidos por grandes jugadores tucumanos como Nelson Ledesma, C\u00e9sar Costilla, [&hellip;]\" \/>\n<meta property=\"og:url\" content=\"https:\/\/www.eldiariodetucuman.com\/web\/avanza-en-tucuman-el-gran-abierto-del-norte-de-golf\/\" \/>\n<meta property=\"og:site_name\" content=\"El Diario de Tucuman\" \/>\n<meta property=\"article:published_time\" content=\"2025-09-04T19:49:36+00:00\" \/>\n<meta name=\"author\" content=\"admin\" \/>\n<meta name=\"twitter:card\" content=\"summary_large_image\" \/>\n<meta name=\"twitter:label1\" content=\"Escrito por\" \/>\n\t<meta name=\"twitter:data1\" content=\"admin\" \/>\n\t<meta name=\"twitter:label2\" content=\"Tiempo de lectura\" \/>\n\t<meta name=\"twitter:data2\" content=\"1 minuto\" \/>\n<script type=\"application\/ld+json\" class=\"yoast-schema-graph\">{\"@context\":\"https:\\\/\\\/schema.org\",\"@graph\":[{\"@type\":\"Article\",\"@id\":\"https:\\\/\\\/www.eldiariodetucuman.com\\\/web\\\/avanza-en-tucuman-el-gran-abierto-del-norte-de-golf\\\/#article\",\"isPartOf\":{\"@id\":\"https:\\\/\\\/www.eldiariodetucuman.com\\\/web\\\/avanza-en-tucuman-el-gran-abierto-del-norte-de-golf\\\/\"},\"author\":{\"name\":\"admin\",\"@id\":\"https:\\\/\\\/www.eldiariodetucuman.com\\\/web\\\/#\\\/schema\\\/person\\\/9250197d75ab5483412e19678b121caa\"},\"headline\":\"Avanza en Tucum\u00e1n el gran Abierto del Norte de Golf\",\"datePublished\":\"2025-09-04T19:49:36+00:00\",\"mainEntityOfPage\":{\"@id\":\"https:\\\/\\\/www.eldiariodetucuman.com\\\/web\\\/avanza-en-tucuman-el-gran-abierto-del-norte-de-golf\\\/\"},\"wordCount\":227,\"publisher\":{\"@id\":\"https:\\\/\\\/www.eldiariodetucuman.com\\\/web\\\/#organization\"},\"image\":{\"@id\":\"https:\\\/\\\/www.eldiariodetucuman.com\\\/web\\\/avanza-en-tucuman-el-gran-abierto-del-norte-de-golf\\\/#primaryimage\"},\"thumbnailUrl\":\"https:\\\/\\\/www.eldiariodetucuman.com\\\/web\\\/wp-content\\\/uploads\\\/2025\\\/09\\\/Avanza-en-Tucuman-el-gran-Abierto-del-Norte-de-Golf.png\",\"articleSection\":[\"Deporte\"],\"inLanguage\":\"es\"},{\"@type\":\"WebPage\",\"@id\":\"https:\\\/\\\/www.eldiariodetucuman.com\\\/web\\\/avanza-en-tucuman-el-gran-abierto-del-norte-de-golf\\\/\",\"url\":\"https:\\\/\\\/www.eldiariodetucuman.com\\\/web\\\/avanza-en-tucuman-el-gran-abierto-del-norte-de-golf\\\/\",\"name\":\"Avanza en Tucum\u00e1n el gran Abierto del Norte de Golf - El Diario de Tucuman\",\"isPartOf\":{\"@id\":\"https:\\\/\\\/www.eldiariodetucuman.com\\\/web\\\/#website\"},\"primaryImageOfPage\":{\"@id\":\"https:\\\/\\\/www.eldiariodetucuman.com\\\/web\\\/avanza-en-tucuman-el-gran-abierto-del-norte-de-golf\\\/#primaryimage\"},\"image\":{\"@id\":\"https:\\\/\\\/www.eldiariodetucuman.com\\\/web\\\/avanza-en-tucuman-el-gran-abierto-del-norte-de-golf\\\/#primaryimage\"},\"thumbnailUrl\":\"https:\\\/\\\/www.eldiariodetucuman.com\\\/web\\\/wp-content\\\/uploads\\\/2025\\\/09\\\/Avanza-en-Tucuman-el-gran-Abierto-del-Norte-de-Golf.png\",\"datePublished\":\"2025-09-04T19:49:36+00:00\",\"breadcrumb\":{\"@id\":\"https:\\\/\\\/www.eldiariodetucuman.com\\\/web\\\/avanza-en-tucuman-el-gran-abierto-del-norte-de-golf\\\/#breadcrumb\"},\"inLanguage\":\"es\",\"potentialAction\":[{\"@type\":\"ReadAction\",\"target\":[\"https:\\\/\\\/www.eldiariodetucuman.com\\\/web\\\/avanza-en-tucuman-el-gran-abierto-del-norte-de-golf\\\/\"]}]},{\"@type\":\"ImageObject\",\"inLanguage\":\"es\",\"@id\":\"https:\\\/\\\/www.eldiariodetucuman.com\\\/web\\\/avanza-en-tucuman-el-gran-abierto-del-norte-de-golf\\\/#primaryimage\",\"url\":\"https:\\\/\\\/www.eldiariodetucuman.com\\\/web\\\/wp-content\\\/uploads\\\/2025\\\/09\\\/Avanza-en-Tucuman-el-gran-Abierto-del-Norte-de-Golf.png\",\"contentUrl\":\"https:\\\/\\\/www.eldiariodetucuman.com\\\/web\\\/wp-content\\\/uploads\\\/2025\\\/09\\\/Avanza-en-Tucuman-el-gran-Abierto-del-Norte-de-Golf.png\",\"width\":1200,\"height\":675},{\"@type\":\"BreadcrumbList\",\"@id\":\"https:\\\/\\\/www.eldiariodetucuman.com\\\/web\\\/avanza-en-tucuman-el-gran-abierto-del-norte-de-golf\\\/#breadcrumb\",\"itemListElement\":[{\"@type\":\"ListItem\",\"position\":1,\"name\":\"Portada\",\"item\":\"https:\\\/\\\/www.eldiariodetucuman.com\\\/web\\\/\"},{\"@type\":\"ListItem\",\"position\":2,\"name\":\"Avanza en Tucum\u00e1n el gran Abierto del Norte de Golf\"}]},{\"@type\":\"WebSite\",\"@id\":\"https:\\\/\\\/www.eldiariodetucuman.com\\\/web\\\/#website\",\"url\":\"https:\\\/\\\/www.eldiariodetucuman.com\\\/web\\\/\",\"name\":\"El Diario de Tucuman\",\"description\":\"Diario Tucuman - Informaci\u00f3n y noticias\",\"publisher\":{\"@id\":\"https:\\\/\\\/www.eldiariodetucuman.com\\\/web\\\/#organization\"},\"potentialAction\":[{\"@type\":\"SearchAction\",\"target\":{\"@type\":\"EntryPoint\",\"urlTemplate\":\"https:\\\/\\\/www.eldiariodetucuman.com\\\/web\\\/?s={search_term_string}\"},\"query-input\":{\"@type\":\"PropertyValueSpecification\",\"valueRequired\":true,\"valueName\":\"search_term_string\"}}],\"inLanguage\":\"es\"},{\"@type\":\"Organization\",\"@id\":\"https:\\\/\\\/www.eldiariodetucuman.com\\\/web\\\/#organization\",\"name\":\"El Diario de Tucuman\",\"url\":\"https:\\\/\\\/www.eldiariodetucuman.com\\\/web\\\/\",\"logo\":{\"@type\":\"ImageObject\",\"inLanguage\":\"es\",\"@id\":\"https:\\\/\\\/www.eldiariodetucuman.com\\\/web\\\/#\\\/schema\\\/logo\\\/image\\\/\",\"url\":\"http:\\\/\\\/www.eldiariodetucuman.com\\\/web\\\/wp-content\\\/uploads\\\/2017\\\/12\\\/el-diario-de-tucuman.jpg\",\"contentUrl\":\"http:\\\/\\\/www.eldiariodetucuman.com\\\/web\\\/wp-content\\\/uploads\\\/2017\\\/12\\\/el-diario-de-tucuman.jpg\",\"width\":272,\"height\":92,\"caption\":\"El Diario de Tucuman\"},\"image\":{\"@id\":\"https:\\\/\\\/www.eldiariodetucuman.com\\\/web\\\/#\\\/schema\\\/logo\\\/image\\\/\"}},{\"@type\":\"Person\",\"@id\":\"https:\\\/\\\/www.eldiariodetucuman.com\\\/web\\\/#\\\/schema\\\/person\\\/9250197d75ab5483412e19678b121caa\",\"name\":\"admin\",\"image\":{\"@type\":\"ImageObject\",\"inLanguage\":\"es\",\"@id\":\"https:\\\/\\\/secure.gravatar.com\\\/avatar\\\/c44d117c2be811212c22cb481f6b8384b6873de103fbc49e7a03cc58d7dea4ac?s=96&d=mm&r=g\",\"url\":\"https:\\\/\\\/secure.gravatar.com\\\/avatar\\\/c44d117c2be811212c22cb481f6b8384b6873de103fbc49e7a03cc58d7dea4ac?s=96&d=mm&r=g\",\"contentUrl\":\"https:\\\/\\\/secure.gravatar.com\\\/avatar\\\/c44d117c2be811212c22cb481f6b8384b6873de103fbc49e7a03cc58d7dea4ac?s=96&d=mm&r=g\",\"caption\":\"admin\"},\"url\":\"https:\\\/\\\/www.eldiariodetucuman.com\\\/web\\\/author\\\/admin\\\/\"}]}<\/script>\n<!-- \/ Yoast SEO plugin. -->","yoast_head_json":{"title":"Avanza en Tucum\u00e1n el gran Abierto del Norte de Golf - El Diario de Tucuman","robots":{"index":"index","follow":"follow","max-snippet":"max-snippet:-1","max-image-preview":"max-image-preview:large","max-video-preview":"max-video-preview:-1"},"canonical":"https:\/\/www.eldiariodetucuman.com\/web\/avanza-en-tucuman-el-gran-abierto-del-norte-de-golf\/","og_locale":"es_ES","og_type":"article","og_title":"Avanza en Tucum\u00e1n el gran Abierto del Norte de Golf - El Diario de Tucuman","og_description":"\u00abEsta semana participan por el Abierto del NOA y paralelamente a la Copa San Pablo que corona al mejor golfista aficionado\u00bb, expres\u00f3. image Consultado por el desempe\u00f1o de las \u00faltimas jornadas, Bruchmann conto: \u00abhasta ayer el tucumano Martin Contini y Andr\u00e9s Gallego de Bs As, seguidos por grandes jugadores tucumanos como Nelson Ledesma, C\u00e9sar Costilla, [&hellip;]","og_url":"https:\/\/www.eldiariodetucuman.com\/web\/avanza-en-tucuman-el-gran-abierto-del-norte-de-golf\/","og_site_name":"El Diario de Tucuman","article_published_time":"2025-09-04T19:49:36+00:00","author":"admin","twitter_card":"summary_large_image","twitter_misc":{"Escrito por":"admin","Tiempo de lectura":"1 minuto"},"schema":{"@context":"https:\/\/schema.org","@graph":[{"@type":"Article","@id":"https:\/\/www.eldiariodetucuman.com\/web\/avanza-en-tucuman-el-gran-abierto-del-norte-de-golf\/#article","isPartOf":{"@id":"https:\/\/www.eldiariodetucuman.com\/web\/avanza-en-tucuman-el-gran-abierto-del-norte-de-golf\/"},"author":{"name":"admin","@id":"https:\/\/www.eldiariodetucuman.com\/web\/#\/schema\/person\/9250197d75ab5483412e19678b121caa"},"headline":"Avanza en Tucum\u00e1n el gran Abierto del Norte de Golf","datePublished":"2025-09-04T19:49:36+00:00","mainEntityOfPage":{"@id":"https:\/\/www.eldiariodetucuman.com\/web\/avanza-en-tucuman-el-gran-abierto-del-norte-de-golf\/"},"wordCount":227,"publisher":{"@id":"https:\/\/www.eldiariodetucuman.com\/web\/#organization"},"image":{"@id":"https:\/\/www.eldiariodetucuman.com\/web\/avanza-en-tucuman-el-gran-abierto-del-norte-de-golf\/#primaryimage"},"thumbnailUrl":"https:\/\/www.eldiariodetucuman.com\/web\/wp-content\/uploads\/2025\/09\/Avanza-en-Tucuman-el-gran-Abierto-del-Norte-de-Golf.png","articleSection":["Deporte"],"inLanguage":"es"},{"@type":"WebPage","@id":"https:\/\/www.eldiariodetucuman.com\/web\/avanza-en-tucuman-el-gran-abierto-del-norte-de-golf\/","url":"https:\/\/www.eldiariodetucuman.com\/web\/avanza-en-tucuman-el-gran-abierto-del-norte-de-golf\/","name":"Avanza en Tucum\u00e1n el gran Abierto del Norte de Golf - El Diario de Tucuman","isPartOf":{"@id":"https:\/\/www.eldiariodetucuman.com\/web\/#website"},"primaryImageOfPage":{"@id":"https:\/\/www.eldiariodetucuman.com\/web\/avanza-en-tucuman-el-gran-abierto-del-norte-de-golf\/#primaryimage"},"image":{"@id":"https:\/\/www.eldiariodetucuman.com\/web\/avanza-en-tucuman-el-gran-abierto-del-norte-de-golf\/#primaryimage"},"thumbnailUrl":"https:\/\/www.eldiariodetucuman.com\/web\/wp-content\/uploads\/2025\/09\/Avanza-en-Tucuman-el-gran-Abierto-del-Norte-de-Golf.png","datePublished":"2025-09-04T19:49:36+00:00","breadcrumb":{"@id":"https:\/\/www.eldiariodetucuman.com\/web\/avanza-en-tucuman-el-gran-abierto-del-norte-de-golf\/#breadcrumb"},"inLanguage":"es","potentialAction":[{"@type":"ReadAction","target":["https:\/\/www.eldiariodetucuman.com\/web\/avanza-en-tucuman-el-gran-abierto-del-norte-de-golf\/"]}]},{"@type":"ImageObject","inLanguage":"es","@id":"https:\/\/www.eldiariodetucuman.com\/web\/avanza-en-tucuman-el-gran-abierto-del-norte-de-golf\/#primaryimage","url":"https:\/\/www.eldiariodetucuman.com\/web\/wp-content\/uploads\/2025\/09\/Avanza-en-Tucuman-el-gran-Abierto-del-Norte-de-Golf.png","contentUrl":"https:\/\/www.eldiariodetucuman.com\/web\/wp-content\/uploads\/2025\/09\/Avanza-en-Tucuman-el-gran-Abierto-del-Norte-de-Golf.png","width":1200,"height":675},{"@type":"BreadcrumbList","@id":"https:\/\/www.eldiariodetucuman.com\/web\/avanza-en-tucuman-el-gran-abierto-del-norte-de-golf\/#breadcrumb","itemListElement":[{"@type":"ListItem","position":1,"name":"Portada","item":"https:\/\/www.eldiariodetucuman.com\/web\/"},{"@type":"ListItem","position":2,"name":"Avanza en Tucum\u00e1n el gran Abierto del Norte de Golf"}]},{"@type":"WebSite","@id":"https:\/\/www.eldiariodetucuman.com\/web\/#website","url":"https:\/\/www.eldiariodetucuman.com\/web\/","name":"El Diario de Tucuman","description":"Diario Tucuman - Informaci\u00f3n y noticias","publisher":{"@id":"https:\/\/www.eldiariodetucuman.com\/web\/#organization"},"potentialAction":[{"@type":"SearchAction","target":{"@type":"EntryPoint","urlTemplate":"https:\/\/www.eldiariodetucuman.com\/web\/?s={search_term_string}"},"query-input":{"@type":"PropertyValueSpecification","valueRequired":true,"valueName":"search_term_string"}}],"inLanguage":"es"},{"@type":"Organization","@id":"https:\/\/www.eldiariodetucuman.com\/web\/#organization","name":"El Diario de Tucuman","url":"https:\/\/www.eldiariodetucuman.com\/web\/","logo":{"@type":"ImageObject","inLanguage":"es","@id":"https:\/\/www.eldiariodetucuman.com\/web\/#\/schema\/logo\/image\/","url":"http:\/\/www.eldiariodetucuman.com\/web\/wp-content\/uploads\/2017\/12\/el-diario-de-tucuman.jpg","contentUrl":"http:\/\/www.eldiariodetucuman.com\/web\/wp-content\/uploads\/2017\/12\/el-diario-de-tucuman.jpg","width":272,"height":92,"caption":"El Diario de Tucuman"},"image":{"@id":"https:\/\/www.eldiariodetucuman.com\/web\/#\/schema\/logo\/image\/"}},{"@type":"Person","@id":"https:\/\/www.eldiariodetucuman.com\/web\/#\/schema\/person\/9250197d75ab5483412e19678b121caa","name":"admin","image":{"@type":"ImageObject","inLanguage":"es","@id":"https:\/\/secure.gravatar.com\/avatar\/c44d117c2be811212c22cb481f6b8384b6873de103fbc49e7a03cc58d7dea4ac?s=96&d=mm&r=g","url":"https:\/\/secure.gravatar.com\/avatar\/c44d117c2be811212c22cb481f6b8384b6873de103fbc49e7a03cc58d7dea4ac?s=96&d=mm&r=g","contentUrl":"https:\/\/secure.gravatar.com\/avatar\/c44d117c2be811212c22cb481f6b8384b6873de103fbc49e7a03cc58d7dea4ac?s=96&d=mm&r=g","caption":"admin"},"url":"https:\/\/www.eldiariodetucuman.com\/web\/author\/admin\/"}]}},"_links":{"self":[{"href":"https:\/\/www.eldiariodetucuman.com\/web\/wp-json\/wp\/v2\/posts\/45561","targetHints":{"allow":["GET"]}}],"collection":[{"href":"https:\/\/www.eldiariodetucuman.com\/web\/wp-json\/wp\/v2\/posts"}],"about":[{"href":"https:\/\/www.eldiariodetucuman.com\/web\/wp-json\/wp\/v2\/types\/post"}],"author":[{"embeddable":true,"href":"https:\/\/www.eldiariodetucuman.com\/web\/wp-json\/wp\/v2\/users\/1"}],"replies":[{"embeddable":true,"href":"https:\/\/www.eldiariodetucuman.com\/web\/wp-json\/wp\/v2\/comments?post=45561"}],"version-history":[{"count":0,"href":"https:\/\/www.eldiariodetucuman.com\/web\/wp-json\/wp\/v2\/posts\/45561\/revisions"}],"wp:featuredmedia":[{"embeddable":true,"href":"https:\/\/www.eldiariodetucuman.com\/web\/wp-json\/wp\/v2\/media\/45562"}],"wp:attachment":[{"href":"https:\/\/www.eldiariodetucuman.com\/web\/wp-json\/wp\/v2\/media?parent=45561"}],"wp:term":[{"taxonomy":"category","embeddable":true,"href":"https:\/\/www.eldiariodetucuman.com\/web\/wp-json\/wp\/v2\/categories?post=45561"},{"taxonomy":"post_tag","embeddable":true,"href":"https:\/\/www.eldiariodetucuman.com\/web\/wp-json\/wp\/v2\/tags?post=45561"}],"curies":[{"name":"wp","href":"https:\/\/api.w.org\/{rel}","templated":true}]}}