{"id":45558,"date":"2025-09-03T22:18:31","date_gmt":"2025-09-04T01:18:31","guid":{"rendered":"https:\/\/www.eldiariodetucuman.com\/web\/cierre-de-campana-de-milei-en-moreno-en-vivo-el-discurso-antes-de-las-elecciones-2025-en-provincia\/"},"modified":"2025-09-03T22:18:34","modified_gmt":"2025-09-04T01:18:34","slug":"cierre-de-campana-de-milei-en-moreno-en-vivo-el-discurso-antes-de-las-elecciones-2025-en-provincia","status":"publish","type":"post","link":"https:\/\/www.eldiariodetucuman.com\/web\/cierre-de-campana-de-milei-en-moreno-en-vivo-el-discurso-antes-de-las-elecciones-2025-en-provincia\/","title":{"rendered":"Cierre de campa\u00f1a de Milei en Moreno, en vivo: el discurso antes de las elecciones 2025 en provincia"},"content":{"rendered":"<p><\/p>\n<p class=\"com-paragraph   --s\">\u201cQueremos que los bonaerenses dejen de temer. Queremos que el kirchnerismo no pueda nunca m\u00e1s quitarles sus sue\u00f1os. Necesitamos que vayan a votar y se animen a votar por un futuro distinto. No dejen que los voceros de la pol\u00edtica les digan que son todos los mismos y no valen nada. Vota a LA Libertad Avanza para frenar a Kicillof y pintemos de violeta la provincia\u201d, concluy\u00f3 al respecto. <\/p>\n<p class=\"com-paragraph   --s\">En otro tramo de su discurso, Milei hizo una defensa de su hermana Karina Milei, recientemente envuelta en el esc\u00e1ndalo de los audios atribuidos al extitular de la Agencia de Discapacidad Diego Spagnuolo, en los que presuntamente hablaba de pedidos de coimas en su \u00e1rea, y en los que se involucraba en la trama a la secretaria general de la Presidencia. <\/p>\n<p class=\"com-paragraph   --s\">\u201cEn la desesperada total, van contra la familia. Imag\u00ednense como deben estar las cosas en la provincia de Buenos Aires, que se metieron con mi hermana. Vaya que est\u00e1n asustados y el domingo les vamos a pintar la provincia de violeta\u201d, indic\u00f3 Milei. <\/p>\n<p class=\"com-paragraph   --s\">Las declaraciones del mandatario se dan adem\u00e1s a menos de una semana de haberse filtrado audios con la supuesta voz de Karina Milei grabada de manera clandestina. <\/p>\n<p><a href=\"https:\/\/www.lanacion.com.ar\/politica\/cierre-de-campana-de-milei-en-moreno-en-vivo-el-discurso-antes-de-las-elecciones-2025-en-provincia-nid03092025\/\">Fuente de la nota <\/a><\/p>\n","protected":false},"excerpt":{"rendered":"<p>\u201cQueremos que los bonaerenses dejen de temer. Queremos que el kirchnerismo no pueda nunca m\u00e1s quitarles sus sue\u00f1os. Necesitamos que vayan a votar y se animen a votar por un futuro distinto. No dejen que los voceros de la pol\u00edtica les digan que son todos los mismos y no valen nada. Vota a LA Libertad [&hellip;]<\/p>\n","protected":false},"author":5,"featured_media":45559,"comment_status":"closed","ping_status":"open","sticky":false,"template":"","format":"standard","meta":{"footnotes":""},"categories":[3],"tags":[],"class_list":{"0":"post-45558","1":"post","2":"type-post","3":"status-publish","4":"format-standard","5":"has-post-thumbnail","7":"category-politica"},"yoast_head":"<!-- This site is optimized with the Yoast SEO plugin v27.5 - https:\/\/yoast.com\/product\/yoast-seo-wordpress\/ -->\n<title>Cierre de campa\u00f1a de Milei en Moreno, en vivo: el discurso antes de las elecciones 2025 en provincia - El Diario de Tucuman<\/title>\n<meta name=\"robots\" content=\"index, follow, max-snippet:-1, max-image-preview:large, max-video-preview:-1\" \/>\n<link rel=\"canonical\" href=\"https:\/\/www.eldiariodetucuman.com\/web\/cierre-de-campana-de-milei-en-moreno-en-vivo-el-discurso-antes-de-las-elecciones-2025-en-provincia\/\" \/>\n<meta property=\"og:locale\" content=\"es_ES\" \/>\n<meta property=\"og:type\" content=\"article\" \/>\n<meta property=\"og:title\" content=\"Cierre de campa\u00f1a de Milei en Moreno, en vivo: el discurso antes de las elecciones 2025 en provincia - El Diario de Tucuman\" \/>\n<meta property=\"og:description\" content=\"\u201cQueremos que los bonaerenses dejen de temer. Queremos que el kirchnerismo no pueda nunca m\u00e1s quitarles sus sue\u00f1os. Necesitamos que vayan a votar y se animen a votar por un futuro distinto. No dejen que los voceros de la pol\u00edtica les digan que son todos los mismos y no valen nada. Vota a LA Libertad [&hellip;]\" \/>\n<meta property=\"og:url\" content=\"https:\/\/www.eldiariodetucuman.com\/web\/cierre-de-campana-de-milei-en-moreno-en-vivo-el-discurso-antes-de-las-elecciones-2025-en-provincia\/\" \/>\n<meta property=\"og:site_name\" content=\"El Diario de Tucuman\" \/>\n<meta property=\"article:published_time\" content=\"2025-09-04T01:18:31+00:00\" \/>\n<meta property=\"article:modified_time\" content=\"2025-09-04T01:18:34+00:00\" \/>\n<meta property=\"og:image\" content=\"https:\/\/www.eldiariodetucuman.com\/web\/wp-content\/uploads\/2025\/09\/el-acto-de-javier-milei-en-la-localidad-de-KIKAOLZDT5HPJD7CUFWZIJJF3I.jpg\" \/>\n\t<meta property=\"og:image:width\" content=\"1200\" \/>\n\t<meta property=\"og:image:height\" content=\"800\" \/>\n\t<meta property=\"og:image:type\" content=\"image\/jpeg\" \/>\n<meta name=\"author\" content=\"Redactor Uno\" \/>\n<meta name=\"twitter:card\" content=\"summary_large_image\" \/>\n<meta name=\"twitter:label1\" content=\"Escrito por\" \/>\n\t<meta name=\"twitter:data1\" content=\"Redactor Uno\" \/>\n\t<meta name=\"twitter:label2\" content=\"Tiempo de lectura\" \/>\n\t<meta name=\"twitter:data2\" content=\"1 minuto\" \/>\n<script type=\"application\/ld+json\" class=\"yoast-schema-graph\">{\"@context\":\"https:\\\/\\\/schema.org\",\"@graph\":[{\"@type\":\"Article\",\"@id\":\"https:\\\/\\\/www.eldiariodetucuman.com\\\/web\\\/cierre-de-campana-de-milei-en-moreno-en-vivo-el-discurso-antes-de-las-elecciones-2025-en-provincia\\\/#article\",\"isPartOf\":{\"@id\":\"https:\\\/\\\/www.eldiariodetucuman.com\\\/web\\\/cierre-de-campana-de-milei-en-moreno-en-vivo-el-discurso-antes-de-las-elecciones-2025-en-provincia\\\/\"},\"author\":{\"name\":\"Redactor Uno\",\"@id\":\"https:\\\/\\\/www.eldiariodetucuman.com\\\/web\\\/#\\\/schema\\\/person\\\/7e6644a46e60888f6b868594407e08dd\"},\"headline\":\"Cierre de campa\u00f1a de Milei en Moreno, en vivo: el discurso antes de las elecciones 2025 en provincia\",\"datePublished\":\"2025-09-04T01:18:31+00:00\",\"dateModified\":\"2025-09-04T01:18:34+00:00\",\"mainEntityOfPage\":{\"@id\":\"https:\\\/\\\/www.eldiariodetucuman.com\\\/web\\\/cierre-de-campana-de-milei-en-moreno-en-vivo-el-discurso-antes-de-las-elecciones-2025-en-provincia\\\/\"},\"wordCount\":229,\"publisher\":{\"@id\":\"https:\\\/\\\/www.eldiariodetucuman.com\\\/web\\\/#organization\"},\"image\":{\"@id\":\"https:\\\/\\\/www.eldiariodetucuman.com\\\/web\\\/cierre-de-campana-de-milei-en-moreno-en-vivo-el-discurso-antes-de-las-elecciones-2025-en-provincia\\\/#primaryimage\"},\"thumbnailUrl\":\"https:\\\/\\\/www.eldiariodetucuman.com\\\/web\\\/wp-content\\\/uploads\\\/2025\\\/09\\\/el-acto-de-javier-milei-en-la-localidad-de-KIKAOLZDT5HPJD7CUFWZIJJF3I.jpg\",\"articleSection\":[\"Politica\"],\"inLanguage\":\"es\"},{\"@type\":\"WebPage\",\"@id\":\"https:\\\/\\\/www.eldiariodetucuman.com\\\/web\\\/cierre-de-campana-de-milei-en-moreno-en-vivo-el-discurso-antes-de-las-elecciones-2025-en-provincia\\\/\",\"url\":\"https:\\\/\\\/www.eldiariodetucuman.com\\\/web\\\/cierre-de-campana-de-milei-en-moreno-en-vivo-el-discurso-antes-de-las-elecciones-2025-en-provincia\\\/\",\"name\":\"Cierre de campa\u00f1a de Milei en Moreno, en vivo: el discurso antes de las elecciones 2025 en provincia - El Diario de Tucuman\",\"isPartOf\":{\"@id\":\"https:\\\/\\\/www.eldiariodetucuman.com\\\/web\\\/#website\"},\"primaryImageOfPage\":{\"@id\":\"https:\\\/\\\/www.eldiariodetucuman.com\\\/web\\\/cierre-de-campana-de-milei-en-moreno-en-vivo-el-discurso-antes-de-las-elecciones-2025-en-provincia\\\/#primaryimage\"},\"image\":{\"@id\":\"https:\\\/\\\/www.eldiariodetucuman.com\\\/web\\\/cierre-de-campana-de-milei-en-moreno-en-vivo-el-discurso-antes-de-las-elecciones-2025-en-provincia\\\/#primaryimage\"},\"thumbnailUrl\":\"https:\\\/\\\/www.eldiariodetucuman.com\\\/web\\\/wp-content\\\/uploads\\\/2025\\\/09\\\/el-acto-de-javier-milei-en-la-localidad-de-KIKAOLZDT5HPJD7CUFWZIJJF3I.jpg\",\"datePublished\":\"2025-09-04T01:18:31+00:00\",\"dateModified\":\"2025-09-04T01:18:34+00:00\",\"breadcrumb\":{\"@id\":\"https:\\\/\\\/www.eldiariodetucuman.com\\\/web\\\/cierre-de-campana-de-milei-en-moreno-en-vivo-el-discurso-antes-de-las-elecciones-2025-en-provincia\\\/#breadcrumb\"},\"inLanguage\":\"es\",\"potentialAction\":[{\"@type\":\"ReadAction\",\"target\":[\"https:\\\/\\\/www.eldiariodetucuman.com\\\/web\\\/cierre-de-campana-de-milei-en-moreno-en-vivo-el-discurso-antes-de-las-elecciones-2025-en-provincia\\\/\"]}]},{\"@type\":\"ImageObject\",\"inLanguage\":\"es\",\"@id\":\"https:\\\/\\\/www.eldiariodetucuman.com\\\/web\\\/cierre-de-campana-de-milei-en-moreno-en-vivo-el-discurso-antes-de-las-elecciones-2025-en-provincia\\\/#primaryimage\",\"url\":\"https:\\\/\\\/www.eldiariodetucuman.com\\\/web\\\/wp-content\\\/uploads\\\/2025\\\/09\\\/el-acto-de-javier-milei-en-la-localidad-de-KIKAOLZDT5HPJD7CUFWZIJJF3I.jpg\",\"contentUrl\":\"https:\\\/\\\/www.eldiariodetucuman.com\\\/web\\\/wp-content\\\/uploads\\\/2025\\\/09\\\/el-acto-de-javier-milei-en-la-localidad-de-KIKAOLZDT5HPJD7CUFWZIJJF3I.jpg\",\"width\":1200,\"height\":800},{\"@type\":\"BreadcrumbList\",\"@id\":\"https:\\\/\\\/www.eldiariodetucuman.com\\\/web\\\/cierre-de-campana-de-milei-en-moreno-en-vivo-el-discurso-antes-de-las-elecciones-2025-en-provincia\\\/#breadcrumb\",\"itemListElement\":[{\"@type\":\"ListItem\",\"position\":1,\"name\":\"Portada\",\"item\":\"https:\\\/\\\/www.eldiariodetucuman.com\\\/web\\\/\"},{\"@type\":\"ListItem\",\"position\":2,\"name\":\"Cierre de campa\u00f1a de Milei en Moreno, en vivo: el discurso antes de las elecciones 2025 en provincia\"}]},{\"@type\":\"WebSite\",\"@id\":\"https:\\\/\\\/www.eldiariodetucuman.com\\\/web\\\/#website\",\"url\":\"https:\\\/\\\/www.eldiariodetucuman.com\\\/web\\\/\",\"name\":\"El Diario de Tucuman\",\"description\":\"Diario Tucuman - Informaci\u00f3n y noticias\",\"publisher\":{\"@id\":\"https:\\\/\\\/www.eldiariodetucuman.com\\\/web\\\/#organization\"},\"potentialAction\":[{\"@type\":\"SearchAction\",\"target\":{\"@type\":\"EntryPoint\",\"urlTemplate\":\"https:\\\/\\\/www.eldiariodetucuman.com\\\/web\\\/?s={search_term_string}\"},\"query-input\":{\"@type\":\"PropertyValueSpecification\",\"valueRequired\":true,\"valueName\":\"search_term_string\"}}],\"inLanguage\":\"es\"},{\"@type\":\"Organization\",\"@id\":\"https:\\\/\\\/www.eldiariodetucuman.com\\\/web\\\/#organization\",\"name\":\"El Diario de Tucuman\",\"url\":\"https:\\\/\\\/www.eldiariodetucuman.com\\\/web\\\/\",\"logo\":{\"@type\":\"ImageObject\",\"inLanguage\":\"es\",\"@id\":\"https:\\\/\\\/www.eldiariodetucuman.com\\\/web\\\/#\\\/schema\\\/logo\\\/image\\\/\",\"url\":\"http:\\\/\\\/www.eldiariodetucuman.com\\\/web\\\/wp-content\\\/uploads\\\/2017\\\/12\\\/el-diario-de-tucuman.jpg\",\"contentUrl\":\"http:\\\/\\\/www.eldiariodetucuman.com\\\/web\\\/wp-content\\\/uploads\\\/2017\\\/12\\\/el-diario-de-tucuman.jpg\",\"width\":272,\"height\":92,\"caption\":\"El Diario de Tucuman\"},\"image\":{\"@id\":\"https:\\\/\\\/www.eldiariodetucuman.com\\\/web\\\/#\\\/schema\\\/logo\\\/image\\\/\"}},{\"@type\":\"Person\",\"@id\":\"https:\\\/\\\/www.eldiariodetucuman.com\\\/web\\\/#\\\/schema\\\/person\\\/7e6644a46e60888f6b868594407e08dd\",\"name\":\"Redactor Uno\",\"image\":{\"@type\":\"ImageObject\",\"inLanguage\":\"es\",\"@id\":\"https:\\\/\\\/secure.gravatar.com\\\/avatar\\\/0049b1bdf1bd548385c9ea6b9356431717930913089febd2ba904f0187d7d074?s=96&d=mm&r=g\",\"url\":\"https:\\\/\\\/secure.gravatar.com\\\/avatar\\\/0049b1bdf1bd548385c9ea6b9356431717930913089febd2ba904f0187d7d074?s=96&d=mm&r=g\",\"contentUrl\":\"https:\\\/\\\/secure.gravatar.com\\\/avatar\\\/0049b1bdf1bd548385c9ea6b9356431717930913089febd2ba904f0187d7d074?s=96&d=mm&r=g\",\"caption\":\"Redactor Uno\"},\"url\":\"https:\\\/\\\/www.eldiariodetucuman.com\\\/web\\\/author\\\/mramasco\\\/\"}]}<\/script>\n<!-- \/ Yoast SEO plugin. -->","yoast_head_json":{"title":"Cierre de campa\u00f1a de Milei en Moreno, en vivo: el discurso antes de las elecciones 2025 en provincia - El Diario de Tucuman","robots":{"index":"index","follow":"follow","max-snippet":"max-snippet:-1","max-image-preview":"max-image-preview:large","max-video-preview":"max-video-preview:-1"},"canonical":"https:\/\/www.eldiariodetucuman.com\/web\/cierre-de-campana-de-milei-en-moreno-en-vivo-el-discurso-antes-de-las-elecciones-2025-en-provincia\/","og_locale":"es_ES","og_type":"article","og_title":"Cierre de campa\u00f1a de Milei en Moreno, en vivo: el discurso antes de las elecciones 2025 en provincia - El Diario de Tucuman","og_description":"\u201cQueremos que los bonaerenses dejen de temer. Queremos que el kirchnerismo no pueda nunca m\u00e1s quitarles sus sue\u00f1os. Necesitamos que vayan a votar y se animen a votar por un futuro distinto. No dejen que los voceros de la pol\u00edtica les digan que son todos los mismos y no valen nada. Vota a LA Libertad [&hellip;]","og_url":"https:\/\/www.eldiariodetucuman.com\/web\/cierre-de-campana-de-milei-en-moreno-en-vivo-el-discurso-antes-de-las-elecciones-2025-en-provincia\/","og_site_name":"El Diario de Tucuman","article_published_time":"2025-09-04T01:18:31+00:00","article_modified_time":"2025-09-04T01:18:34+00:00","og_image":[{"width":1200,"height":800,"url":"https:\/\/www.eldiariodetucuman.com\/web\/wp-content\/uploads\/2025\/09\/el-acto-de-javier-milei-en-la-localidad-de-KIKAOLZDT5HPJD7CUFWZIJJF3I.jpg","type":"image\/jpeg"}],"author":"Redactor Uno","twitter_card":"summary_large_image","twitter_misc":{"Escrito por":"Redactor Uno","Tiempo de lectura":"1 minuto"},"schema":{"@context":"https:\/\/schema.org","@graph":[{"@type":"Article","@id":"https:\/\/www.eldiariodetucuman.com\/web\/cierre-de-campana-de-milei-en-moreno-en-vivo-el-discurso-antes-de-las-elecciones-2025-en-provincia\/#article","isPartOf":{"@id":"https:\/\/www.eldiariodetucuman.com\/web\/cierre-de-campana-de-milei-en-moreno-en-vivo-el-discurso-antes-de-las-elecciones-2025-en-provincia\/"},"author":{"name":"Redactor Uno","@id":"https:\/\/www.eldiariodetucuman.com\/web\/#\/schema\/person\/7e6644a46e60888f6b868594407e08dd"},"headline":"Cierre de campa\u00f1a de Milei en Moreno, en vivo: el discurso antes de las elecciones 2025 en provincia","datePublished":"2025-09-04T01:18:31+00:00","dateModified":"2025-09-04T01:18:34+00:00","mainEntityOfPage":{"@id":"https:\/\/www.eldiariodetucuman.com\/web\/cierre-de-campana-de-milei-en-moreno-en-vivo-el-discurso-antes-de-las-elecciones-2025-en-provincia\/"},"wordCount":229,"publisher":{"@id":"https:\/\/www.eldiariodetucuman.com\/web\/#organization"},"image":{"@id":"https:\/\/www.eldiariodetucuman.com\/web\/cierre-de-campana-de-milei-en-moreno-en-vivo-el-discurso-antes-de-las-elecciones-2025-en-provincia\/#primaryimage"},"thumbnailUrl":"https:\/\/www.eldiariodetucuman.com\/web\/wp-content\/uploads\/2025\/09\/el-acto-de-javier-milei-en-la-localidad-de-KIKAOLZDT5HPJD7CUFWZIJJF3I.jpg","articleSection":["Politica"],"inLanguage":"es"},{"@type":"WebPage","@id":"https:\/\/www.eldiariodetucuman.com\/web\/cierre-de-campana-de-milei-en-moreno-en-vivo-el-discurso-antes-de-las-elecciones-2025-en-provincia\/","url":"https:\/\/www.eldiariodetucuman.com\/web\/cierre-de-campana-de-milei-en-moreno-en-vivo-el-discurso-antes-de-las-elecciones-2025-en-provincia\/","name":"Cierre de campa\u00f1a de Milei en Moreno, en vivo: el discurso antes de las elecciones 2025 en provincia - El Diario de Tucuman","isPartOf":{"@id":"https:\/\/www.eldiariodetucuman.com\/web\/#website"},"primaryImageOfPage":{"@id":"https:\/\/www.eldiariodetucuman.com\/web\/cierre-de-campana-de-milei-en-moreno-en-vivo-el-discurso-antes-de-las-elecciones-2025-en-provincia\/#primaryimage"},"image":{"@id":"https:\/\/www.eldiariodetucuman.com\/web\/cierre-de-campana-de-milei-en-moreno-en-vivo-el-discurso-antes-de-las-elecciones-2025-en-provincia\/#primaryimage"},"thumbnailUrl":"https:\/\/www.eldiariodetucuman.com\/web\/wp-content\/uploads\/2025\/09\/el-acto-de-javier-milei-en-la-localidad-de-KIKAOLZDT5HPJD7CUFWZIJJF3I.jpg","datePublished":"2025-09-04T01:18:31+00:00","dateModified":"2025-09-04T01:18:34+00:00","breadcrumb":{"@id":"https:\/\/www.eldiariodetucuman.com\/web\/cierre-de-campana-de-milei-en-moreno-en-vivo-el-discurso-antes-de-las-elecciones-2025-en-provincia\/#breadcrumb"},"inLanguage":"es","potentialAction":[{"@type":"ReadAction","target":["https:\/\/www.eldiariodetucuman.com\/web\/cierre-de-campana-de-milei-en-moreno-en-vivo-el-discurso-antes-de-las-elecciones-2025-en-provincia\/"]}]},{"@type":"ImageObject","inLanguage":"es","@id":"https:\/\/www.eldiariodetucuman.com\/web\/cierre-de-campana-de-milei-en-moreno-en-vivo-el-discurso-antes-de-las-elecciones-2025-en-provincia\/#primaryimage","url":"https:\/\/www.eldiariodetucuman.com\/web\/wp-content\/uploads\/2025\/09\/el-acto-de-javier-milei-en-la-localidad-de-KIKAOLZDT5HPJD7CUFWZIJJF3I.jpg","contentUrl":"https:\/\/www.eldiariodetucuman.com\/web\/wp-content\/uploads\/2025\/09\/el-acto-de-javier-milei-en-la-localidad-de-KIKAOLZDT5HPJD7CUFWZIJJF3I.jpg","width":1200,"height":800},{"@type":"BreadcrumbList","@id":"https:\/\/www.eldiariodetucuman.com\/web\/cierre-de-campana-de-milei-en-moreno-en-vivo-el-discurso-antes-de-las-elecciones-2025-en-provincia\/#breadcrumb","itemListElement":[{"@type":"ListItem","position":1,"name":"Portada","item":"https:\/\/www.eldiariodetucuman.com\/web\/"},{"@type":"ListItem","position":2,"name":"Cierre de campa\u00f1a de Milei en Moreno, en vivo: el discurso antes de las elecciones 2025 en provincia"}]},{"@type":"WebSite","@id":"https:\/\/www.eldiariodetucuman.com\/web\/#website","url":"https:\/\/www.eldiariodetucuman.com\/web\/","name":"El Diario de Tucuman","description":"Diario Tucuman - Informaci\u00f3n y noticias","publisher":{"@id":"https:\/\/www.eldiariodetucuman.com\/web\/#organization"},"potentialAction":[{"@type":"SearchAction","target":{"@type":"EntryPoint","urlTemplate":"https:\/\/www.eldiariodetucuman.com\/web\/?s={search_term_string}"},"query-input":{"@type":"PropertyValueSpecification","valueRequired":true,"valueName":"search_term_string"}}],"inLanguage":"es"},{"@type":"Organization","@id":"https:\/\/www.eldiariodetucuman.com\/web\/#organization","name":"El Diario de Tucuman","url":"https:\/\/www.eldiariodetucuman.com\/web\/","logo":{"@type":"ImageObject","inLanguage":"es","@id":"https:\/\/www.eldiariodetucuman.com\/web\/#\/schema\/logo\/image\/","url":"http:\/\/www.eldiariodetucuman.com\/web\/wp-content\/uploads\/2017\/12\/el-diario-de-tucuman.jpg","contentUrl":"http:\/\/www.eldiariodetucuman.com\/web\/wp-content\/uploads\/2017\/12\/el-diario-de-tucuman.jpg","width":272,"height":92,"caption":"El Diario de Tucuman"},"image":{"@id":"https:\/\/www.eldiariodetucuman.com\/web\/#\/schema\/logo\/image\/"}},{"@type":"Person","@id":"https:\/\/www.eldiariodetucuman.com\/web\/#\/schema\/person\/7e6644a46e60888f6b868594407e08dd","name":"Redactor Uno","image":{"@type":"ImageObject","inLanguage":"es","@id":"https:\/\/secure.gravatar.com\/avatar\/0049b1bdf1bd548385c9ea6b9356431717930913089febd2ba904f0187d7d074?s=96&d=mm&r=g","url":"https:\/\/secure.gravatar.com\/avatar\/0049b1bdf1bd548385c9ea6b9356431717930913089febd2ba904f0187d7d074?s=96&d=mm&r=g","contentUrl":"https:\/\/secure.gravatar.com\/avatar\/0049b1bdf1bd548385c9ea6b9356431717930913089febd2ba904f0187d7d074?s=96&d=mm&r=g","caption":"Redactor Uno"},"url":"https:\/\/www.eldiariodetucuman.com\/web\/author\/mramasco\/"}]}},"_links":{"self":[{"href":"https:\/\/www.eldiariodetucuman.com\/web\/wp-json\/wp\/v2\/posts\/45558","targetHints":{"allow":["GET"]}}],"collection":[{"href":"https:\/\/www.eldiariodetucuman.com\/web\/wp-json\/wp\/v2\/posts"}],"about":[{"href":"https:\/\/www.eldiariodetucuman.com\/web\/wp-json\/wp\/v2\/types\/post"}],"author":[{"embeddable":true,"href":"https:\/\/www.eldiariodetucuman.com\/web\/wp-json\/wp\/v2\/users\/5"}],"replies":[{"embeddable":true,"href":"https:\/\/www.eldiariodetucuman.com\/web\/wp-json\/wp\/v2\/comments?post=45558"}],"version-history":[{"count":1,"href":"https:\/\/www.eldiariodetucuman.com\/web\/wp-json\/wp\/v2\/posts\/45558\/revisions"}],"predecessor-version":[{"id":45560,"href":"https:\/\/www.eldiariodetucuman.com\/web\/wp-json\/wp\/v2\/posts\/45558\/revisions\/45560"}],"wp:featuredmedia":[{"embeddable":true,"href":"https:\/\/www.eldiariodetucuman.com\/web\/wp-json\/wp\/v2\/media\/45559"}],"wp:attachment":[{"href":"https:\/\/www.eldiariodetucuman.com\/web\/wp-json\/wp\/v2\/media?parent=45558"}],"wp:term":[{"taxonomy":"category","embeddable":true,"href":"https:\/\/www.eldiariodetucuman.com\/web\/wp-json\/wp\/v2\/categories?post=45558"},{"taxonomy":"post_tag","embeddable":true,"href":"https:\/\/www.eldiariodetucuman.com\/web\/wp-json\/wp\/v2\/tags?post=45558"}],"curies":[{"name":"wp","href":"https:\/\/api.w.org\/{rel}","templated":true}]}}