{"id":45556,"date":"2025-09-03T16:51:50","date_gmt":"2025-09-03T19:51:50","guid":{"rendered":"https:\/\/www.eldiariodetucuman.com\/web\/jaldo-reunio-a-directores-de-hospitales-y-ratifico-lo-que-se-gasta-en-salud-es-una-inversion\/"},"modified":"2025-09-03T16:51:50","modified_gmt":"2025-09-03T19:51:50","slug":"jaldo-reunio-a-directores-de-hospitales-y-ratifico-lo-que-se-gasta-en-salud-es-una-inversion","status":"publish","type":"post","link":"https:\/\/www.eldiariodetucuman.com\/web\/jaldo-reunio-a-directores-de-hospitales-y-ratifico-lo-que-se-gasta-en-salud-es-una-inversion\/","title":{"rendered":"Jaldo reuni\u00f3 a directores de hospitales y ratific\u00f3: \u00abLo que se gasta en salud es una inversi\u00f3n\u00bb"},"content":{"rendered":"<p><\/p>\n<p id=\"isPasted\">El gobernador <strong>Osvaldo Jaldo<\/strong> mantuvo una reuni\u00f3n en el despacho del Ministerio de Salud con su titular, Luis Medina Ruiz y todos los directores y jefes de hospitales tanto del interior como distrital donde le contaron sobre la <strong>producci\u00f3n en cuanto cirug\u00edas y atenciones en actualizaciones tecnol\u00f3gicas<\/strong> con la idea de reflejar la gesti\u00f3n actual del gobierno en dicha \u00e1rea tan sensible e importante.<\/p>\n<p>Acompa\u00f1aron adem\u00e1s al Primer Mandatario y al ministro el secretario Ejecutivo M\u00e9dico,<strong> Daniel Amado<\/strong> y el secretario Ejecutivo Contable, <strong>Fabio Andina.<\/strong><\/p>\n<p><strong>\u201cEmpezamos nuestra agenda con un \u00e1rea esencial: la salud y la vida de los tucumanos. Por eso nos reunimos con el ministro y con todos los directores de hospitales\u201d, expres\u00f3 Jaldo al inicio del encuentro. El mandatario remarc\u00f3 que la coyuntura econ\u00f3mica nacional impacta directamente en la gesti\u00f3n sanitaria: \u201cCon un d\u00f3lar que sigue subiendo, muchos de los insumos que utilizamos est\u00e1n dolarizados\u00bb como \u00abequipamiento, tecnolog\u00eda, medicamentos. Por eso quer\u00edamos saber c\u00f3mo estamos hoy y qu\u00e9 recaudos debemos tomar hacia adelante\u201d.<\/strong><\/p>\n<p>La cita, que se desarroll\u00f3 en la sede ministerial, tambi\u00e9n tuvo como t\u00f3picos la evaluaci\u00f3n del funcionamiento del sistema sanitario provincial, la provisi\u00f3n de insumos y el debate sobre la atenci\u00f3n a pacientes de pa\u00edses vecinos.<\/p>\n<\/p>\n<h3>Salud p\u00fablica gratuita y abierta<\/h3>\n<p>Uno de los temas sensibles fue la discusi\u00f3n que se instal\u00f3 en varias provincias sobre la posibilidad de cobrar la atenci\u00f3n a pacientes extranjeros. Frente a esa tendencia, Jaldo fue categ\u00f3rico:<strong> \u201cNosotros no vamos a cobrar un solo peso a nadie. No preguntamos de qu\u00e9 religi\u00f3n son ni de d\u00f3nde vienen. Con el documento en la mano, se atiende a todos los pacientes en nuestros hospitales\u201d.<\/strong><\/p>\n<p>El titular del Poder Ejecutivo asegur\u00f3 que la decisi\u00f3n se sustenta en que la demanda est\u00e1 controlada, el servicio es eficiente y existe disponibilidad de insumos y profesionales. <strong>\u201cHoy la salud p\u00fablica en Tucum\u00e1n est\u00e1 en niveles muy importantes. <\/strong>Las estad\u00edsticas hablan solas: consultas, operaciones, trasplantes, di\u00e1lisis. Todo eso se brinda de manera gratuita. Y no s\u00f3lo quienes no tienen obra social se atienden aqu\u00ed; tambi\u00e9n los que cuentan con cobertura privada eligen los hospitales p\u00fablicos\u201d, subray\u00f3.<\/p>\n<p>Jaldo cerr\u00f3 con una reflexi\u00f3n sobre el desaf\u00edo de gestionar en un contexto de inflaci\u00f3n y de restricciones presupuestarias: \u201cHoy m\u00e1s que nunca debemos hablar de eficiencia. Cada director debe ejecutar su presupuesto de manera responsable.<strong> Lo que se gasta en salud no es un gasto, es una inversi\u00f3n<\/strong>. Me voy muy contento porque no fue un mon\u00f3logo: hablaron 15 o 20 directores, plantearon la realidad de sus hospitales, y eso nos permite planificar con datos concretos\u201d.<\/p>\n<p>El gobernador defendi\u00f3, en suma, una idea de gesti\u00f3n basada en la presencia y el contacto directo: \u201cAs\u00ed como me re\u00fano con la plana de la Polic\u00eda o inauguro escuelas, lo hago tambi\u00e9n con la salud. Todas las \u00e1reas son importantes. Y la salud, sin dudas, es central\u201d.<\/p>\n<h3>Respaldo<\/h3>\n<p>El ministro Medina Ruiz confirm\u00f3 lo expuesto por el gobernador y brind\u00f3 n\u00fameros concretos que dimensionan la magnitud del sistema:\u00a0<\/p>\n<p>\u201cEn agosto realizamos 550.000 atenciones m\u00e9dicas. El 60% fueron consultas programadas y el 30% consultas de guardia. Llegamos al r\u00e9cord de 241 cirug\u00edas en un solo d\u00eda y promediamos entre 180 y 190 intervenciones diarias. Eso habla de un crecimiento de la complejidad y de la capacidad de respuesta\u201d.<\/p>\n<p>El funcionario agradeci\u00f3 la presencia del mandatario y resalt\u00f3 el impacto que tuvo en los directores: \u201cEllos no sab\u00edan que ven\u00eda el gobernador. La reuni\u00f3n fue cerrada, sin prensa, y pudieron expresarse libremente. Explicaron que tienen cero faltante de insumos, que aumentaron la complejidad con nuevos equipos y que se suman recursos humanos. Eso no est\u00e1 ocurriendo en el resto del pa\u00eds, donde hay recortes y demoras en programas y medicamentos\u201d.<\/p>\n<p>Medina Ruiz remarc\u00f3 adem\u00e1s la importancia del trabajo en red entre hospitales: \u201cHoy hay formalidad y coordinaci\u00f3n. Se derivan pacientes seg\u00fan la complejidad, no por contactos personales como pasaba antes. Y eso fortalece la atenci\u00f3n\u201d.<\/p>\n<\/p>\n<p>El titular de la cartera sanitaria adelant\u00f3 que en los pr\u00f3ximos d\u00edas Tucum\u00e1n sumar\u00e1 programas innovadores. Entre ellos, <strong>una red provincial de atenci\u00f3n del accidente cerebrovascular<\/strong> (ACV) para resolver casos en cualquier punto del territorio, y un plan de salud materno-fetal con la participaci\u00f3n del especialista Mario Palermo, que incluye intervenciones quir\u00fargicas a beb\u00e9s a\u00fan en gestaci\u00f3n.<\/p>\n<p>\u201cSe trata de seguir creciendo, de incorporar tecnolog\u00eda y programas. La motivaci\u00f3n de los profesionales aumenta cuando tienen los equipos necesarios. El resultado final es claro: el paciente recibe la mejor atenci\u00f3n posible\u201d, se\u00f1al\u00f3 Medina Ruiz.<\/p>\n<h3>Expresar el sentir<\/h3>\n<p>La directora del Hospital Centro de Salud,<strong> Karina Lotto,<\/strong> coincidi\u00f3 en el balance positivo del encuentro. \u201cFue muy gratificante la palabra del gobernador y poder expresar lo que sentimos como directores. Nosotros solemos reunirnos con el ministro, pero la presencia de Jaldo nos dio la oportunidad de contar la situaci\u00f3n particular de cada hospital\u201d, afirm\u00f3.<\/p>\n<p>Otros responsables de centros asistenciales, como la directora del Hospital de Concepci\u00f3n y el director del Hospital de Monteros, expusieron sobre la ampliaci\u00f3n de servicios en sus \u00e1reas. Se destacaron, entre otros, el crecimiento de la atenci\u00f3n oftalmol\u00f3gica en el oeste y el fortalecimiento de las \u00e1reas cr\u00edticas en el interior.<\/p>\n<p>Fuente: <a href=\"https:\/\/www.comunicaciontucuman.gob.ar\/noticia\/gobernacion\/236716\/jaldo-reunio-directores-hospitales-ratifico-lo-se-gasta-salud-inversion\"> Fuente de la nota <\/a><\/p>\n","protected":false},"excerpt":{"rendered":"<p>El gobernador Osvaldo Jaldo mantuvo una reuni\u00f3n en el despacho del Ministerio de Salud con su titular, Luis Medina Ruiz y todos los directores y jefes de hospitales tanto del interior como distrital donde le contaron sobre la producci\u00f3n en cuanto cirug\u00edas y atenciones en actualizaciones tecnol\u00f3gicas con la idea de reflejar la gesti\u00f3n actual [&hellip;]<\/p>\n","protected":false},"author":1,"featured_media":45557,"comment_status":"closed","ping_status":"open","sticky":false,"template":"","format":"standard","meta":{"footnotes":""},"categories":[3],"tags":[],"class_list":{"0":"post-45556","1":"post","2":"type-post","3":"status-publish","4":"format-standard","5":"has-post-thumbnail","7":"category-politica"},"yoast_head":"<!-- This site is optimized with the Yoast SEO plugin v27.5 - https:\/\/yoast.com\/product\/yoast-seo-wordpress\/ -->\n<title>Jaldo reuni\u00f3 a directores de hospitales y ratific\u00f3: &quot;Lo que se gasta en salud es una inversi\u00f3n&quot; - El Diario de Tucuman<\/title>\n<meta name=\"robots\" content=\"index, follow, max-snippet:-1, max-image-preview:large, max-video-preview:-1\" \/>\n<link rel=\"canonical\" href=\"https:\/\/www.eldiariodetucuman.com\/web\/jaldo-reunio-a-directores-de-hospitales-y-ratifico-lo-que-se-gasta-en-salud-es-una-inversion\/\" \/>\n<meta property=\"og:locale\" content=\"es_ES\" \/>\n<meta property=\"og:type\" content=\"article\" \/>\n<meta property=\"og:title\" content=\"Jaldo reuni\u00f3 a directores de hospitales y ratific\u00f3: &quot;Lo que se gasta en salud es una inversi\u00f3n&quot; - El Diario de Tucuman\" \/>\n<meta property=\"og:description\" content=\"El gobernador Osvaldo Jaldo mantuvo una reuni\u00f3n en el despacho del Ministerio de Salud con su titular, Luis Medina Ruiz y todos los directores y jefes de hospitales tanto del interior como distrital donde le contaron sobre la producci\u00f3n en cuanto cirug\u00edas y atenciones en actualizaciones tecnol\u00f3gicas con la idea de reflejar la gesti\u00f3n actual [&hellip;]\" \/>\n<meta property=\"og:url\" content=\"https:\/\/www.eldiariodetucuman.com\/web\/jaldo-reunio-a-directores-de-hospitales-y-ratifico-lo-que-se-gasta-en-salud-es-una-inversion\/\" \/>\n<meta property=\"og:site_name\" content=\"El Diario de Tucuman\" \/>\n<meta property=\"article:published_time\" content=\"2025-09-03T19:51:50+00:00\" \/>\n<meta name=\"author\" content=\"admin\" \/>\n<meta name=\"twitter:card\" content=\"summary_large_image\" \/>\n<meta name=\"twitter:label1\" content=\"Escrito por\" \/>\n\t<meta name=\"twitter:data1\" content=\"admin\" \/>\n\t<meta name=\"twitter:label2\" content=\"Tiempo de lectura\" \/>\n\t<meta name=\"twitter:data2\" content=\"5 minutos\" \/>\n<script type=\"application\/ld+json\" class=\"yoast-schema-graph\">{\"@context\":\"https:\\\/\\\/schema.org\",\"@graph\":[{\"@type\":\"Article\",\"@id\":\"https:\\\/\\\/www.eldiariodetucuman.com\\\/web\\\/jaldo-reunio-a-directores-de-hospitales-y-ratifico-lo-que-se-gasta-en-salud-es-una-inversion\\\/#article\",\"isPartOf\":{\"@id\":\"https:\\\/\\\/www.eldiariodetucuman.com\\\/web\\\/jaldo-reunio-a-directores-de-hospitales-y-ratifico-lo-que-se-gasta-en-salud-es-una-inversion\\\/\"},\"author\":{\"name\":\"admin\",\"@id\":\"https:\\\/\\\/www.eldiariodetucuman.com\\\/web\\\/#\\\/schema\\\/person\\\/9250197d75ab5483412e19678b121caa\"},\"headline\":\"Jaldo reuni\u00f3 a directores de hospitales y ratific\u00f3: \u00abLo que se gasta en salud es una inversi\u00f3n\u00bb\",\"datePublished\":\"2025-09-03T19:51:50+00:00\",\"mainEntityOfPage\":{\"@id\":\"https:\\\/\\\/www.eldiariodetucuman.com\\\/web\\\/jaldo-reunio-a-directores-de-hospitales-y-ratifico-lo-que-se-gasta-en-salud-es-una-inversion\\\/\"},\"wordCount\":945,\"publisher\":{\"@id\":\"https:\\\/\\\/www.eldiariodetucuman.com\\\/web\\\/#organization\"},\"image\":{\"@id\":\"https:\\\/\\\/www.eldiariodetucuman.com\\\/web\\\/jaldo-reunio-a-directores-de-hospitales-y-ratifico-lo-que-se-gasta-en-salud-es-una-inversion\\\/#primaryimage\"},\"thumbnailUrl\":\"https:\\\/\\\/www.eldiariodetucuman.com\\\/web\\\/wp-content\\\/uploads\\\/2025\\\/09\\\/Jaldo-reunio-a-directores-de-hospitales-y-ratifico-Lo-que.jpeg\",\"articleSection\":[\"Politica\"],\"inLanguage\":\"es\"},{\"@type\":\"WebPage\",\"@id\":\"https:\\\/\\\/www.eldiariodetucuman.com\\\/web\\\/jaldo-reunio-a-directores-de-hospitales-y-ratifico-lo-que-se-gasta-en-salud-es-una-inversion\\\/\",\"url\":\"https:\\\/\\\/www.eldiariodetucuman.com\\\/web\\\/jaldo-reunio-a-directores-de-hospitales-y-ratifico-lo-que-se-gasta-en-salud-es-una-inversion\\\/\",\"name\":\"Jaldo reuni\u00f3 a directores de hospitales y ratific\u00f3: \\\"Lo que se gasta en salud es una inversi\u00f3n\\\" - El Diario de Tucuman\",\"isPartOf\":{\"@id\":\"https:\\\/\\\/www.eldiariodetucuman.com\\\/web\\\/#website\"},\"primaryImageOfPage\":{\"@id\":\"https:\\\/\\\/www.eldiariodetucuman.com\\\/web\\\/jaldo-reunio-a-directores-de-hospitales-y-ratifico-lo-que-se-gasta-en-salud-es-una-inversion\\\/#primaryimage\"},\"image\":{\"@id\":\"https:\\\/\\\/www.eldiariodetucuman.com\\\/web\\\/jaldo-reunio-a-directores-de-hospitales-y-ratifico-lo-que-se-gasta-en-salud-es-una-inversion\\\/#primaryimage\"},\"thumbnailUrl\":\"https:\\\/\\\/www.eldiariodetucuman.com\\\/web\\\/wp-content\\\/uploads\\\/2025\\\/09\\\/Jaldo-reunio-a-directores-de-hospitales-y-ratifico-Lo-que.jpeg\",\"datePublished\":\"2025-09-03T19:51:50+00:00\",\"breadcrumb\":{\"@id\":\"https:\\\/\\\/www.eldiariodetucuman.com\\\/web\\\/jaldo-reunio-a-directores-de-hospitales-y-ratifico-lo-que-se-gasta-en-salud-es-una-inversion\\\/#breadcrumb\"},\"inLanguage\":\"es\",\"potentialAction\":[{\"@type\":\"ReadAction\",\"target\":[\"https:\\\/\\\/www.eldiariodetucuman.com\\\/web\\\/jaldo-reunio-a-directores-de-hospitales-y-ratifico-lo-que-se-gasta-en-salud-es-una-inversion\\\/\"]}]},{\"@type\":\"ImageObject\",\"inLanguage\":\"es\",\"@id\":\"https:\\\/\\\/www.eldiariodetucuman.com\\\/web\\\/jaldo-reunio-a-directores-de-hospitales-y-ratifico-lo-que-se-gasta-en-salud-es-una-inversion\\\/#primaryimage\",\"url\":\"https:\\\/\\\/www.eldiariodetucuman.com\\\/web\\\/wp-content\\\/uploads\\\/2025\\\/09\\\/Jaldo-reunio-a-directores-de-hospitales-y-ratifico-Lo-que.jpeg\",\"contentUrl\":\"https:\\\/\\\/www.eldiariodetucuman.com\\\/web\\\/wp-content\\\/uploads\\\/2025\\\/09\\\/Jaldo-reunio-a-directores-de-hospitales-y-ratifico-Lo-que.jpeg\",\"width\":818,\"height\":460},{\"@type\":\"BreadcrumbList\",\"@id\":\"https:\\\/\\\/www.eldiariodetucuman.com\\\/web\\\/jaldo-reunio-a-directores-de-hospitales-y-ratifico-lo-que-se-gasta-en-salud-es-una-inversion\\\/#breadcrumb\",\"itemListElement\":[{\"@type\":\"ListItem\",\"position\":1,\"name\":\"Portada\",\"item\":\"https:\\\/\\\/www.eldiariodetucuman.com\\\/web\\\/\"},{\"@type\":\"ListItem\",\"position\":2,\"name\":\"Jaldo reuni\u00f3 a directores de hospitales y ratific\u00f3: \u00abLo que se gasta en salud es una inversi\u00f3n\u00bb\"}]},{\"@type\":\"WebSite\",\"@id\":\"https:\\\/\\\/www.eldiariodetucuman.com\\\/web\\\/#website\",\"url\":\"https:\\\/\\\/www.eldiariodetucuman.com\\\/web\\\/\",\"name\":\"El Diario de Tucuman\",\"description\":\"Diario Tucuman - Informaci\u00f3n y noticias\",\"publisher\":{\"@id\":\"https:\\\/\\\/www.eldiariodetucuman.com\\\/web\\\/#organization\"},\"potentialAction\":[{\"@type\":\"SearchAction\",\"target\":{\"@type\":\"EntryPoint\",\"urlTemplate\":\"https:\\\/\\\/www.eldiariodetucuman.com\\\/web\\\/?s={search_term_string}\"},\"query-input\":{\"@type\":\"PropertyValueSpecification\",\"valueRequired\":true,\"valueName\":\"search_term_string\"}}],\"inLanguage\":\"es\"},{\"@type\":\"Organization\",\"@id\":\"https:\\\/\\\/www.eldiariodetucuman.com\\\/web\\\/#organization\",\"name\":\"El Diario de Tucuman\",\"url\":\"https:\\\/\\\/www.eldiariodetucuman.com\\\/web\\\/\",\"logo\":{\"@type\":\"ImageObject\",\"inLanguage\":\"es\",\"@id\":\"https:\\\/\\\/www.eldiariodetucuman.com\\\/web\\\/#\\\/schema\\\/logo\\\/image\\\/\",\"url\":\"http:\\\/\\\/www.eldiariodetucuman.com\\\/web\\\/wp-content\\\/uploads\\\/2017\\\/12\\\/el-diario-de-tucuman.jpg\",\"contentUrl\":\"http:\\\/\\\/www.eldiariodetucuman.com\\\/web\\\/wp-content\\\/uploads\\\/2017\\\/12\\\/el-diario-de-tucuman.jpg\",\"width\":272,\"height\":92,\"caption\":\"El Diario de Tucuman\"},\"image\":{\"@id\":\"https:\\\/\\\/www.eldiariodetucuman.com\\\/web\\\/#\\\/schema\\\/logo\\\/image\\\/\"}},{\"@type\":\"Person\",\"@id\":\"https:\\\/\\\/www.eldiariodetucuman.com\\\/web\\\/#\\\/schema\\\/person\\\/9250197d75ab5483412e19678b121caa\",\"name\":\"admin\",\"image\":{\"@type\":\"ImageObject\",\"inLanguage\":\"es\",\"@id\":\"https:\\\/\\\/secure.gravatar.com\\\/avatar\\\/c44d117c2be811212c22cb481f6b8384b6873de103fbc49e7a03cc58d7dea4ac?s=96&d=mm&r=g\",\"url\":\"https:\\\/\\\/secure.gravatar.com\\\/avatar\\\/c44d117c2be811212c22cb481f6b8384b6873de103fbc49e7a03cc58d7dea4ac?s=96&d=mm&r=g\",\"contentUrl\":\"https:\\\/\\\/secure.gravatar.com\\\/avatar\\\/c44d117c2be811212c22cb481f6b8384b6873de103fbc49e7a03cc58d7dea4ac?s=96&d=mm&r=g\",\"caption\":\"admin\"},\"url\":\"https:\\\/\\\/www.eldiariodetucuman.com\\\/web\\\/author\\\/admin\\\/\"}]}<\/script>\n<!-- \/ Yoast SEO plugin. -->","yoast_head_json":{"title":"Jaldo reuni\u00f3 a directores de hospitales y ratific\u00f3: \"Lo que se gasta en salud es una inversi\u00f3n\" - El Diario de Tucuman","robots":{"index":"index","follow":"follow","max-snippet":"max-snippet:-1","max-image-preview":"max-image-preview:large","max-video-preview":"max-video-preview:-1"},"canonical":"https:\/\/www.eldiariodetucuman.com\/web\/jaldo-reunio-a-directores-de-hospitales-y-ratifico-lo-que-se-gasta-en-salud-es-una-inversion\/","og_locale":"es_ES","og_type":"article","og_title":"Jaldo reuni\u00f3 a directores de hospitales y ratific\u00f3: \"Lo que se gasta en salud es una inversi\u00f3n\" - El Diario de Tucuman","og_description":"El gobernador Osvaldo Jaldo mantuvo una reuni\u00f3n en el despacho del Ministerio de Salud con su titular, Luis Medina Ruiz y todos los directores y jefes de hospitales tanto del interior como distrital donde le contaron sobre la producci\u00f3n en cuanto cirug\u00edas y atenciones en actualizaciones tecnol\u00f3gicas con la idea de reflejar la gesti\u00f3n actual [&hellip;]","og_url":"https:\/\/www.eldiariodetucuman.com\/web\/jaldo-reunio-a-directores-de-hospitales-y-ratifico-lo-que-se-gasta-en-salud-es-una-inversion\/","og_site_name":"El Diario de Tucuman","article_published_time":"2025-09-03T19:51:50+00:00","author":"admin","twitter_card":"summary_large_image","twitter_misc":{"Escrito por":"admin","Tiempo de lectura":"5 minutos"},"schema":{"@context":"https:\/\/schema.org","@graph":[{"@type":"Article","@id":"https:\/\/www.eldiariodetucuman.com\/web\/jaldo-reunio-a-directores-de-hospitales-y-ratifico-lo-que-se-gasta-en-salud-es-una-inversion\/#article","isPartOf":{"@id":"https:\/\/www.eldiariodetucuman.com\/web\/jaldo-reunio-a-directores-de-hospitales-y-ratifico-lo-que-se-gasta-en-salud-es-una-inversion\/"},"author":{"name":"admin","@id":"https:\/\/www.eldiariodetucuman.com\/web\/#\/schema\/person\/9250197d75ab5483412e19678b121caa"},"headline":"Jaldo reuni\u00f3 a directores de hospitales y ratific\u00f3: \u00abLo que se gasta en salud es una inversi\u00f3n\u00bb","datePublished":"2025-09-03T19:51:50+00:00","mainEntityOfPage":{"@id":"https:\/\/www.eldiariodetucuman.com\/web\/jaldo-reunio-a-directores-de-hospitales-y-ratifico-lo-que-se-gasta-en-salud-es-una-inversion\/"},"wordCount":945,"publisher":{"@id":"https:\/\/www.eldiariodetucuman.com\/web\/#organization"},"image":{"@id":"https:\/\/www.eldiariodetucuman.com\/web\/jaldo-reunio-a-directores-de-hospitales-y-ratifico-lo-que-se-gasta-en-salud-es-una-inversion\/#primaryimage"},"thumbnailUrl":"https:\/\/www.eldiariodetucuman.com\/web\/wp-content\/uploads\/2025\/09\/Jaldo-reunio-a-directores-de-hospitales-y-ratifico-Lo-que.jpeg","articleSection":["Politica"],"inLanguage":"es"},{"@type":"WebPage","@id":"https:\/\/www.eldiariodetucuman.com\/web\/jaldo-reunio-a-directores-de-hospitales-y-ratifico-lo-que-se-gasta-en-salud-es-una-inversion\/","url":"https:\/\/www.eldiariodetucuman.com\/web\/jaldo-reunio-a-directores-de-hospitales-y-ratifico-lo-que-se-gasta-en-salud-es-una-inversion\/","name":"Jaldo reuni\u00f3 a directores de hospitales y ratific\u00f3: \"Lo que se gasta en salud es una inversi\u00f3n\" - El Diario de Tucuman","isPartOf":{"@id":"https:\/\/www.eldiariodetucuman.com\/web\/#website"},"primaryImageOfPage":{"@id":"https:\/\/www.eldiariodetucuman.com\/web\/jaldo-reunio-a-directores-de-hospitales-y-ratifico-lo-que-se-gasta-en-salud-es-una-inversion\/#primaryimage"},"image":{"@id":"https:\/\/www.eldiariodetucuman.com\/web\/jaldo-reunio-a-directores-de-hospitales-y-ratifico-lo-que-se-gasta-en-salud-es-una-inversion\/#primaryimage"},"thumbnailUrl":"https:\/\/www.eldiariodetucuman.com\/web\/wp-content\/uploads\/2025\/09\/Jaldo-reunio-a-directores-de-hospitales-y-ratifico-Lo-que.jpeg","datePublished":"2025-09-03T19:51:50+00:00","breadcrumb":{"@id":"https:\/\/www.eldiariodetucuman.com\/web\/jaldo-reunio-a-directores-de-hospitales-y-ratifico-lo-que-se-gasta-en-salud-es-una-inversion\/#breadcrumb"},"inLanguage":"es","potentialAction":[{"@type":"ReadAction","target":["https:\/\/www.eldiariodetucuman.com\/web\/jaldo-reunio-a-directores-de-hospitales-y-ratifico-lo-que-se-gasta-en-salud-es-una-inversion\/"]}]},{"@type":"ImageObject","inLanguage":"es","@id":"https:\/\/www.eldiariodetucuman.com\/web\/jaldo-reunio-a-directores-de-hospitales-y-ratifico-lo-que-se-gasta-en-salud-es-una-inversion\/#primaryimage","url":"https:\/\/www.eldiariodetucuman.com\/web\/wp-content\/uploads\/2025\/09\/Jaldo-reunio-a-directores-de-hospitales-y-ratifico-Lo-que.jpeg","contentUrl":"https:\/\/www.eldiariodetucuman.com\/web\/wp-content\/uploads\/2025\/09\/Jaldo-reunio-a-directores-de-hospitales-y-ratifico-Lo-que.jpeg","width":818,"height":460},{"@type":"BreadcrumbList","@id":"https:\/\/www.eldiariodetucuman.com\/web\/jaldo-reunio-a-directores-de-hospitales-y-ratifico-lo-que-se-gasta-en-salud-es-una-inversion\/#breadcrumb","itemListElement":[{"@type":"ListItem","position":1,"name":"Portada","item":"https:\/\/www.eldiariodetucuman.com\/web\/"},{"@type":"ListItem","position":2,"name":"Jaldo reuni\u00f3 a directores de hospitales y ratific\u00f3: \u00abLo que se gasta en salud es una inversi\u00f3n\u00bb"}]},{"@type":"WebSite","@id":"https:\/\/www.eldiariodetucuman.com\/web\/#website","url":"https:\/\/www.eldiariodetucuman.com\/web\/","name":"El Diario de Tucuman","description":"Diario Tucuman - Informaci\u00f3n y noticias","publisher":{"@id":"https:\/\/www.eldiariodetucuman.com\/web\/#organization"},"potentialAction":[{"@type":"SearchAction","target":{"@type":"EntryPoint","urlTemplate":"https:\/\/www.eldiariodetucuman.com\/web\/?s={search_term_string}"},"query-input":{"@type":"PropertyValueSpecification","valueRequired":true,"valueName":"search_term_string"}}],"inLanguage":"es"},{"@type":"Organization","@id":"https:\/\/www.eldiariodetucuman.com\/web\/#organization","name":"El Diario de Tucuman","url":"https:\/\/www.eldiariodetucuman.com\/web\/","logo":{"@type":"ImageObject","inLanguage":"es","@id":"https:\/\/www.eldiariodetucuman.com\/web\/#\/schema\/logo\/image\/","url":"http:\/\/www.eldiariodetucuman.com\/web\/wp-content\/uploads\/2017\/12\/el-diario-de-tucuman.jpg","contentUrl":"http:\/\/www.eldiariodetucuman.com\/web\/wp-content\/uploads\/2017\/12\/el-diario-de-tucuman.jpg","width":272,"height":92,"caption":"El Diario de Tucuman"},"image":{"@id":"https:\/\/www.eldiariodetucuman.com\/web\/#\/schema\/logo\/image\/"}},{"@type":"Person","@id":"https:\/\/www.eldiariodetucuman.com\/web\/#\/schema\/person\/9250197d75ab5483412e19678b121caa","name":"admin","image":{"@type":"ImageObject","inLanguage":"es","@id":"https:\/\/secure.gravatar.com\/avatar\/c44d117c2be811212c22cb481f6b8384b6873de103fbc49e7a03cc58d7dea4ac?s=96&d=mm&r=g","url":"https:\/\/secure.gravatar.com\/avatar\/c44d117c2be811212c22cb481f6b8384b6873de103fbc49e7a03cc58d7dea4ac?s=96&d=mm&r=g","contentUrl":"https:\/\/secure.gravatar.com\/avatar\/c44d117c2be811212c22cb481f6b8384b6873de103fbc49e7a03cc58d7dea4ac?s=96&d=mm&r=g","caption":"admin"},"url":"https:\/\/www.eldiariodetucuman.com\/web\/author\/admin\/"}]}},"_links":{"self":[{"href":"https:\/\/www.eldiariodetucuman.com\/web\/wp-json\/wp\/v2\/posts\/45556","targetHints":{"allow":["GET"]}}],"collection":[{"href":"https:\/\/www.eldiariodetucuman.com\/web\/wp-json\/wp\/v2\/posts"}],"about":[{"href":"https:\/\/www.eldiariodetucuman.com\/web\/wp-json\/wp\/v2\/types\/post"}],"author":[{"embeddable":true,"href":"https:\/\/www.eldiariodetucuman.com\/web\/wp-json\/wp\/v2\/users\/1"}],"replies":[{"embeddable":true,"href":"https:\/\/www.eldiariodetucuman.com\/web\/wp-json\/wp\/v2\/comments?post=45556"}],"version-history":[{"count":0,"href":"https:\/\/www.eldiariodetucuman.com\/web\/wp-json\/wp\/v2\/posts\/45556\/revisions"}],"wp:featuredmedia":[{"embeddable":true,"href":"https:\/\/www.eldiariodetucuman.com\/web\/wp-json\/wp\/v2\/media\/45557"}],"wp:attachment":[{"href":"https:\/\/www.eldiariodetucuman.com\/web\/wp-json\/wp\/v2\/media?parent=45556"}],"wp:term":[{"taxonomy":"category","embeddable":true,"href":"https:\/\/www.eldiariodetucuman.com\/web\/wp-json\/wp\/v2\/categories?post=45556"},{"taxonomy":"post_tag","embeddable":true,"href":"https:\/\/www.eldiariodetucuman.com\/web\/wp-json\/wp\/v2\/tags?post=45556"}],"curies":[{"name":"wp","href":"https:\/\/api.w.org\/{rel}","templated":true}]}}