{"id":45550,"date":"2025-09-03T14:51:31","date_gmt":"2025-09-03T17:51:31","guid":{"rendered":"https:\/\/www.eldiariodetucuman.com\/web\/el-gobierno-redobla-la-apuesta-para-frenar-al-dolar\/"},"modified":"2025-09-03T14:51:31","modified_gmt":"2025-09-03T17:51:31","slug":"el-gobierno-redobla-la-apuesta-para-frenar-al-dolar","status":"publish","type":"post","link":"https:\/\/www.eldiariodetucuman.com\/web\/el-gobierno-redobla-la-apuesta-para-frenar-al-dolar\/","title":{"rendered":"El Gobierno redobla la apuesta para frenar al d\u00f3lar"},"content":{"rendered":"<p><\/p>\n<p>El Ministerio de Econom\u00eda inform\u00f3 que el Tesoro intervendr\u00e1 en el mercado de cambios luego de tres d\u00edas de suba en la divisa. El acuerdo con el FMI lo permite.<\/p>\n<p><strong>\u201cContamos con poder de fuego\u201d<\/strong>\u00a0se\u00f1alan en medios del Gobierno con relaci\u00f3n a las\u00a0<strong>tensiones que viene mostrando el\u00a0<\/strong>d\u00f3lar.\u00a0La jornada comenz\u00f3 con un mensaje del secretario de Finanzas,\u00a0<strong>Pablo Quirno<\/strong>, se\u00f1alando en la red social X que\u00a0<strong>\u201cEl Tesoro Nacional anuncia que a partir del d\u00eda de la fecha\u00a0participar\u00e1 en el mercado libre de cambios\u00a0con el fin de contribuir a su liquidez y normal funcionamiento\u201d.<\/strong><\/p>\n<p>En la jornada del lunes, el\u00a0<strong>d\u00f3lar spot<\/strong>\u00a0subi\u00f3 por tercera jornada consecutiva, con un incremento de 2,2% para situarse por encima de los $1.370.<\/p>\n<p>El comunicado de Quirno se conoci\u00f3 a las 10:40 horas, cuando el d\u00f3lar rondaba los 1.380 pesos y una hora m\u00e1s tarde hab\u00eda bajado a cerca de 1.362 pesos.<\/p>\n<p>En medios del mercado se comenta que el funcionario no hizo m\u00e1s que sincerar lo que el mercado sospechaba, es decir que el Tesoro se est\u00e1 desprendiendo de d\u00f3lares para tratar de frenar la suba de la divisa y evitar de esta forma la suba del tipo de cambio impacte sobre la inflaci\u00f3n y, en consecuencia, afecte las posibilidades electorales del Gobierno.<\/p>\n<p>La \u00faltima informaci\u00f3n disponible (correspondiente al 28 de agosto) arroja que\u00a0<strong>el Tesoro contaba con u$s1.709 millones<\/strong>\u00a0en su cuenta en el\u00a0<strong>Banco Central (BCRA<\/strong>).<\/p>\n<p>No obstante, en medios oficiales se aclara que el acuerdo con el Fondo Monetario Internacional (FMI) permite la intervenci\u00f3n de las autoridades dentro de la banda de flotaci\u00f3n. En este sentido, se calcula en medios privados que\u00a0<strong>\u201cel poder de fuego\u201d de las autoridades ronda los u$s 20.000 millones<\/strong>, conformados fundamentalmente por los u$s12.000 millones que se recibieron del FMI y que hoy est\u00e1n en manos del Banco Central luego de la recompra de Letras Intransferibles.<\/p>\n<p>En realidad, fue el propio presidente,\u00a0<strong>Javier Milei,<\/strong>\u00a0el que se fij\u00f3 una restricci\u00f3n al se\u00f1alar que no comprar\u00edan d\u00f3lares hasta que la cotizaci\u00f3n tocara el piso de la banda.<\/p>\n<p>Algunos operadores criticaron la decisi\u00f3n de la secretar\u00eda de Finanzas al sostener que resulta\u00a0<strong>\u201cincongruente\u201d\u00a0<\/strong>que en momentos en que el BCRA registra reservas netas negativas, el Tesoro se ponga a vender d\u00f3lares dentro de una banda en la que se supon\u00eda que iba a flotar.<\/p>\n<p>Seguramente la medida no ser\u00eda bien recibida por los bonistas que computar\u00e1n la perspectiva de menos d\u00f3lares a la hora de cobrar sus acreencias.<\/p>\n<h2><strong>Incertidumbre<\/strong><\/h2>\n<p>La presi\u00f3n compradora en el mercado de cambios coincide con un momento de incertidumbre pol\u00edtico y preocupaciones por la marcha de la econom\u00eda. Ayer se conoci\u00f3 que la recaudaci\u00f3n tributaria de agosto verific\u00f3 una ca\u00edda real de 2,8% interanual \u2013 que se reduce a 0,7% de ca\u00edda si se excluye el impacto del retiro del impuesto PAIS- dando\u00a0<strong>\u201calgunas se\u00f1ales de enfriamiento de la actividad\u201d<\/strong>, seg\u00fan Ecolatina.<\/p>\n<p>Paralelamente, el mercado est\u00e1 expectante a lo que suceda el pr\u00f3ximo domingo en las cruciales elecciones de la provincia de Buenos Aires.<\/p>\n<p><strong>Las \u00faltimas encuestas que circularon en la Casa Rosada muestran que los libertarios pierden por \u201cs\u00f3lo 4 puntos\u201d,\u00a0<\/strong>pero en medios privados circulan otras mediciones que dan cuenta de un margen mayor (del orden de los 7 puntos) a favor del kirchnerismo.<\/p>\n<p>\u00c1MBITO<\/p>\n<p>Fuente: <a href=\"https:\/\/tucuman24.com\/nota\/189620\/el-gobierno-redobla-la-apuesta-para-frenar-al-dolar.html\"> Fuente de la nota <\/a><\/p>\n","protected":false},"excerpt":{"rendered":"<p>El Ministerio de Econom\u00eda inform\u00f3 que el Tesoro intervendr\u00e1 en el mercado de cambios luego de tres d\u00edas de suba en la divisa. El acuerdo con el FMI lo permite. \u201cContamos con poder de fuego\u201d\u00a0se\u00f1alan en medios del Gobierno con relaci\u00f3n a las\u00a0tensiones que viene mostrando el\u00a0d\u00f3lar.\u00a0La jornada comenz\u00f3 con un mensaje del secretario de [&hellip;]<\/p>\n","protected":false},"author":1,"featured_media":45551,"comment_status":"closed","ping_status":"open","sticky":false,"template":"","format":"standard","meta":{"footnotes":""},"categories":[2],"tags":[],"class_list":{"0":"post-45550","1":"post","2":"type-post","3":"status-publish","4":"format-standard","5":"has-post-thumbnail","7":"category-actualidad"},"yoast_head":"<!-- This site is optimized with the Yoast SEO plugin v27.5 - https:\/\/yoast.com\/product\/yoast-seo-wordpress\/ -->\n<title>El Gobierno redobla la apuesta para frenar al d\u00f3lar - El Diario de Tucuman<\/title>\n<meta name=\"robots\" content=\"index, follow, max-snippet:-1, max-image-preview:large, max-video-preview:-1\" \/>\n<link rel=\"canonical\" href=\"https:\/\/www.eldiariodetucuman.com\/web\/el-gobierno-redobla-la-apuesta-para-frenar-al-dolar\/\" \/>\n<meta property=\"og:locale\" content=\"es_ES\" \/>\n<meta property=\"og:type\" content=\"article\" \/>\n<meta property=\"og:title\" content=\"El Gobierno redobla la apuesta para frenar al d\u00f3lar - El Diario de Tucuman\" \/>\n<meta property=\"og:description\" content=\"El Ministerio de Econom\u00eda inform\u00f3 que el Tesoro intervendr\u00e1 en el mercado de cambios luego de tres d\u00edas de suba en la divisa. El acuerdo con el FMI lo permite. \u201cContamos con poder de fuego\u201d\u00a0se\u00f1alan en medios del Gobierno con relaci\u00f3n a las\u00a0tensiones que viene mostrando el\u00a0d\u00f3lar.\u00a0La jornada comenz\u00f3 con un mensaje del secretario de [&hellip;]\" \/>\n<meta property=\"og:url\" content=\"https:\/\/www.eldiariodetucuman.com\/web\/el-gobierno-redobla-la-apuesta-para-frenar-al-dolar\/\" \/>\n<meta property=\"og:site_name\" content=\"El Diario de Tucuman\" \/>\n<meta property=\"article:published_time\" content=\"2025-09-03T17:51:31+00:00\" \/>\n<meta name=\"author\" content=\"admin\" \/>\n<meta name=\"twitter:card\" content=\"summary_large_image\" \/>\n<meta name=\"twitter:label1\" content=\"Escrito por\" \/>\n\t<meta name=\"twitter:data1\" content=\"admin\" \/>\n\t<meta name=\"twitter:label2\" content=\"Tiempo de lectura\" \/>\n\t<meta name=\"twitter:data2\" content=\"3 minutos\" \/>\n<script type=\"application\/ld+json\" class=\"yoast-schema-graph\">{\"@context\":\"https:\\\/\\\/schema.org\",\"@graph\":[{\"@type\":\"Article\",\"@id\":\"https:\\\/\\\/www.eldiariodetucuman.com\\\/web\\\/el-gobierno-redobla-la-apuesta-para-frenar-al-dolar\\\/#article\",\"isPartOf\":{\"@id\":\"https:\\\/\\\/www.eldiariodetucuman.com\\\/web\\\/el-gobierno-redobla-la-apuesta-para-frenar-al-dolar\\\/\"},\"author\":{\"name\":\"admin\",\"@id\":\"https:\\\/\\\/www.eldiariodetucuman.com\\\/web\\\/#\\\/schema\\\/person\\\/9250197d75ab5483412e19678b121caa\"},\"headline\":\"El Gobierno redobla la apuesta para frenar al d\u00f3lar\",\"datePublished\":\"2025-09-03T17:51:31+00:00\",\"mainEntityOfPage\":{\"@id\":\"https:\\\/\\\/www.eldiariodetucuman.com\\\/web\\\/el-gobierno-redobla-la-apuesta-para-frenar-al-dolar\\\/\"},\"wordCount\":595,\"publisher\":{\"@id\":\"https:\\\/\\\/www.eldiariodetucuman.com\\\/web\\\/#organization\"},\"image\":{\"@id\":\"https:\\\/\\\/www.eldiariodetucuman.com\\\/web\\\/el-gobierno-redobla-la-apuesta-para-frenar-al-dolar\\\/#primaryimage\"},\"thumbnailUrl\":\"https:\\\/\\\/www.eldiariodetucuman.com\\\/web\\\/wp-content\\\/uploads\\\/2025\\\/09\\\/El-Gobierno-redobla-la-apuesta-para-frenar-al-dolar.png\",\"articleSection\":[\"Actualidad\"],\"inLanguage\":\"es\"},{\"@type\":\"WebPage\",\"@id\":\"https:\\\/\\\/www.eldiariodetucuman.com\\\/web\\\/el-gobierno-redobla-la-apuesta-para-frenar-al-dolar\\\/\",\"url\":\"https:\\\/\\\/www.eldiariodetucuman.com\\\/web\\\/el-gobierno-redobla-la-apuesta-para-frenar-al-dolar\\\/\",\"name\":\"El Gobierno redobla la apuesta para frenar al d\u00f3lar - El Diario de Tucuman\",\"isPartOf\":{\"@id\":\"https:\\\/\\\/www.eldiariodetucuman.com\\\/web\\\/#website\"},\"primaryImageOfPage\":{\"@id\":\"https:\\\/\\\/www.eldiariodetucuman.com\\\/web\\\/el-gobierno-redobla-la-apuesta-para-frenar-al-dolar\\\/#primaryimage\"},\"image\":{\"@id\":\"https:\\\/\\\/www.eldiariodetucuman.com\\\/web\\\/el-gobierno-redobla-la-apuesta-para-frenar-al-dolar\\\/#primaryimage\"},\"thumbnailUrl\":\"https:\\\/\\\/www.eldiariodetucuman.com\\\/web\\\/wp-content\\\/uploads\\\/2025\\\/09\\\/El-Gobierno-redobla-la-apuesta-para-frenar-al-dolar.png\",\"datePublished\":\"2025-09-03T17:51:31+00:00\",\"breadcrumb\":{\"@id\":\"https:\\\/\\\/www.eldiariodetucuman.com\\\/web\\\/el-gobierno-redobla-la-apuesta-para-frenar-al-dolar\\\/#breadcrumb\"},\"inLanguage\":\"es\",\"potentialAction\":[{\"@type\":\"ReadAction\",\"target\":[\"https:\\\/\\\/www.eldiariodetucuman.com\\\/web\\\/el-gobierno-redobla-la-apuesta-para-frenar-al-dolar\\\/\"]}]},{\"@type\":\"ImageObject\",\"inLanguage\":\"es\",\"@id\":\"https:\\\/\\\/www.eldiariodetucuman.com\\\/web\\\/el-gobierno-redobla-la-apuesta-para-frenar-al-dolar\\\/#primaryimage\",\"url\":\"https:\\\/\\\/www.eldiariodetucuman.com\\\/web\\\/wp-content\\\/uploads\\\/2025\\\/09\\\/El-Gobierno-redobla-la-apuesta-para-frenar-al-dolar.png\",\"contentUrl\":\"https:\\\/\\\/www.eldiariodetucuman.com\\\/web\\\/wp-content\\\/uploads\\\/2025\\\/09\\\/El-Gobierno-redobla-la-apuesta-para-frenar-al-dolar.png\",\"width\":793,\"height\":528},{\"@type\":\"BreadcrumbList\",\"@id\":\"https:\\\/\\\/www.eldiariodetucuman.com\\\/web\\\/el-gobierno-redobla-la-apuesta-para-frenar-al-dolar\\\/#breadcrumb\",\"itemListElement\":[{\"@type\":\"ListItem\",\"position\":1,\"name\":\"Portada\",\"item\":\"https:\\\/\\\/www.eldiariodetucuman.com\\\/web\\\/\"},{\"@type\":\"ListItem\",\"position\":2,\"name\":\"El Gobierno redobla la apuesta para frenar al d\u00f3lar\"}]},{\"@type\":\"WebSite\",\"@id\":\"https:\\\/\\\/www.eldiariodetucuman.com\\\/web\\\/#website\",\"url\":\"https:\\\/\\\/www.eldiariodetucuman.com\\\/web\\\/\",\"name\":\"El Diario de Tucuman\",\"description\":\"Diario Tucuman - Informaci\u00f3n y noticias\",\"publisher\":{\"@id\":\"https:\\\/\\\/www.eldiariodetucuman.com\\\/web\\\/#organization\"},\"potentialAction\":[{\"@type\":\"SearchAction\",\"target\":{\"@type\":\"EntryPoint\",\"urlTemplate\":\"https:\\\/\\\/www.eldiariodetucuman.com\\\/web\\\/?s={search_term_string}\"},\"query-input\":{\"@type\":\"PropertyValueSpecification\",\"valueRequired\":true,\"valueName\":\"search_term_string\"}}],\"inLanguage\":\"es\"},{\"@type\":\"Organization\",\"@id\":\"https:\\\/\\\/www.eldiariodetucuman.com\\\/web\\\/#organization\",\"name\":\"El Diario de Tucuman\",\"url\":\"https:\\\/\\\/www.eldiariodetucuman.com\\\/web\\\/\",\"logo\":{\"@type\":\"ImageObject\",\"inLanguage\":\"es\",\"@id\":\"https:\\\/\\\/www.eldiariodetucuman.com\\\/web\\\/#\\\/schema\\\/logo\\\/image\\\/\",\"url\":\"http:\\\/\\\/www.eldiariodetucuman.com\\\/web\\\/wp-content\\\/uploads\\\/2017\\\/12\\\/el-diario-de-tucuman.jpg\",\"contentUrl\":\"http:\\\/\\\/www.eldiariodetucuman.com\\\/web\\\/wp-content\\\/uploads\\\/2017\\\/12\\\/el-diario-de-tucuman.jpg\",\"width\":272,\"height\":92,\"caption\":\"El Diario de Tucuman\"},\"image\":{\"@id\":\"https:\\\/\\\/www.eldiariodetucuman.com\\\/web\\\/#\\\/schema\\\/logo\\\/image\\\/\"}},{\"@type\":\"Person\",\"@id\":\"https:\\\/\\\/www.eldiariodetucuman.com\\\/web\\\/#\\\/schema\\\/person\\\/9250197d75ab5483412e19678b121caa\",\"name\":\"admin\",\"image\":{\"@type\":\"ImageObject\",\"inLanguage\":\"es\",\"@id\":\"https:\\\/\\\/secure.gravatar.com\\\/avatar\\\/c44d117c2be811212c22cb481f6b8384b6873de103fbc49e7a03cc58d7dea4ac?s=96&d=mm&r=g\",\"url\":\"https:\\\/\\\/secure.gravatar.com\\\/avatar\\\/c44d117c2be811212c22cb481f6b8384b6873de103fbc49e7a03cc58d7dea4ac?s=96&d=mm&r=g\",\"contentUrl\":\"https:\\\/\\\/secure.gravatar.com\\\/avatar\\\/c44d117c2be811212c22cb481f6b8384b6873de103fbc49e7a03cc58d7dea4ac?s=96&d=mm&r=g\",\"caption\":\"admin\"},\"url\":\"https:\\\/\\\/www.eldiariodetucuman.com\\\/web\\\/author\\\/admin\\\/\"}]}<\/script>\n<!-- \/ Yoast SEO plugin. -->","yoast_head_json":{"title":"El Gobierno redobla la apuesta para frenar al d\u00f3lar - El Diario de Tucuman","robots":{"index":"index","follow":"follow","max-snippet":"max-snippet:-1","max-image-preview":"max-image-preview:large","max-video-preview":"max-video-preview:-1"},"canonical":"https:\/\/www.eldiariodetucuman.com\/web\/el-gobierno-redobla-la-apuesta-para-frenar-al-dolar\/","og_locale":"es_ES","og_type":"article","og_title":"El Gobierno redobla la apuesta para frenar al d\u00f3lar - El Diario de Tucuman","og_description":"El Ministerio de Econom\u00eda inform\u00f3 que el Tesoro intervendr\u00e1 en el mercado de cambios luego de tres d\u00edas de suba en la divisa. El acuerdo con el FMI lo permite. \u201cContamos con poder de fuego\u201d\u00a0se\u00f1alan en medios del Gobierno con relaci\u00f3n a las\u00a0tensiones que viene mostrando el\u00a0d\u00f3lar.\u00a0La jornada comenz\u00f3 con un mensaje del secretario de [&hellip;]","og_url":"https:\/\/www.eldiariodetucuman.com\/web\/el-gobierno-redobla-la-apuesta-para-frenar-al-dolar\/","og_site_name":"El Diario de Tucuman","article_published_time":"2025-09-03T17:51:31+00:00","author":"admin","twitter_card":"summary_large_image","twitter_misc":{"Escrito por":"admin","Tiempo de lectura":"3 minutos"},"schema":{"@context":"https:\/\/schema.org","@graph":[{"@type":"Article","@id":"https:\/\/www.eldiariodetucuman.com\/web\/el-gobierno-redobla-la-apuesta-para-frenar-al-dolar\/#article","isPartOf":{"@id":"https:\/\/www.eldiariodetucuman.com\/web\/el-gobierno-redobla-la-apuesta-para-frenar-al-dolar\/"},"author":{"name":"admin","@id":"https:\/\/www.eldiariodetucuman.com\/web\/#\/schema\/person\/9250197d75ab5483412e19678b121caa"},"headline":"El Gobierno redobla la apuesta para frenar al d\u00f3lar","datePublished":"2025-09-03T17:51:31+00:00","mainEntityOfPage":{"@id":"https:\/\/www.eldiariodetucuman.com\/web\/el-gobierno-redobla-la-apuesta-para-frenar-al-dolar\/"},"wordCount":595,"publisher":{"@id":"https:\/\/www.eldiariodetucuman.com\/web\/#organization"},"image":{"@id":"https:\/\/www.eldiariodetucuman.com\/web\/el-gobierno-redobla-la-apuesta-para-frenar-al-dolar\/#primaryimage"},"thumbnailUrl":"https:\/\/www.eldiariodetucuman.com\/web\/wp-content\/uploads\/2025\/09\/El-Gobierno-redobla-la-apuesta-para-frenar-al-dolar.png","articleSection":["Actualidad"],"inLanguage":"es"},{"@type":"WebPage","@id":"https:\/\/www.eldiariodetucuman.com\/web\/el-gobierno-redobla-la-apuesta-para-frenar-al-dolar\/","url":"https:\/\/www.eldiariodetucuman.com\/web\/el-gobierno-redobla-la-apuesta-para-frenar-al-dolar\/","name":"El Gobierno redobla la apuesta para frenar al d\u00f3lar - El Diario de Tucuman","isPartOf":{"@id":"https:\/\/www.eldiariodetucuman.com\/web\/#website"},"primaryImageOfPage":{"@id":"https:\/\/www.eldiariodetucuman.com\/web\/el-gobierno-redobla-la-apuesta-para-frenar-al-dolar\/#primaryimage"},"image":{"@id":"https:\/\/www.eldiariodetucuman.com\/web\/el-gobierno-redobla-la-apuesta-para-frenar-al-dolar\/#primaryimage"},"thumbnailUrl":"https:\/\/www.eldiariodetucuman.com\/web\/wp-content\/uploads\/2025\/09\/El-Gobierno-redobla-la-apuesta-para-frenar-al-dolar.png","datePublished":"2025-09-03T17:51:31+00:00","breadcrumb":{"@id":"https:\/\/www.eldiariodetucuman.com\/web\/el-gobierno-redobla-la-apuesta-para-frenar-al-dolar\/#breadcrumb"},"inLanguage":"es","potentialAction":[{"@type":"ReadAction","target":["https:\/\/www.eldiariodetucuman.com\/web\/el-gobierno-redobla-la-apuesta-para-frenar-al-dolar\/"]}]},{"@type":"ImageObject","inLanguage":"es","@id":"https:\/\/www.eldiariodetucuman.com\/web\/el-gobierno-redobla-la-apuesta-para-frenar-al-dolar\/#primaryimage","url":"https:\/\/www.eldiariodetucuman.com\/web\/wp-content\/uploads\/2025\/09\/El-Gobierno-redobla-la-apuesta-para-frenar-al-dolar.png","contentUrl":"https:\/\/www.eldiariodetucuman.com\/web\/wp-content\/uploads\/2025\/09\/El-Gobierno-redobla-la-apuesta-para-frenar-al-dolar.png","width":793,"height":528},{"@type":"BreadcrumbList","@id":"https:\/\/www.eldiariodetucuman.com\/web\/el-gobierno-redobla-la-apuesta-para-frenar-al-dolar\/#breadcrumb","itemListElement":[{"@type":"ListItem","position":1,"name":"Portada","item":"https:\/\/www.eldiariodetucuman.com\/web\/"},{"@type":"ListItem","position":2,"name":"El Gobierno redobla la apuesta para frenar al d\u00f3lar"}]},{"@type":"WebSite","@id":"https:\/\/www.eldiariodetucuman.com\/web\/#website","url":"https:\/\/www.eldiariodetucuman.com\/web\/","name":"El Diario de Tucuman","description":"Diario Tucuman - Informaci\u00f3n y noticias","publisher":{"@id":"https:\/\/www.eldiariodetucuman.com\/web\/#organization"},"potentialAction":[{"@type":"SearchAction","target":{"@type":"EntryPoint","urlTemplate":"https:\/\/www.eldiariodetucuman.com\/web\/?s={search_term_string}"},"query-input":{"@type":"PropertyValueSpecification","valueRequired":true,"valueName":"search_term_string"}}],"inLanguage":"es"},{"@type":"Organization","@id":"https:\/\/www.eldiariodetucuman.com\/web\/#organization","name":"El Diario de Tucuman","url":"https:\/\/www.eldiariodetucuman.com\/web\/","logo":{"@type":"ImageObject","inLanguage":"es","@id":"https:\/\/www.eldiariodetucuman.com\/web\/#\/schema\/logo\/image\/","url":"http:\/\/www.eldiariodetucuman.com\/web\/wp-content\/uploads\/2017\/12\/el-diario-de-tucuman.jpg","contentUrl":"http:\/\/www.eldiariodetucuman.com\/web\/wp-content\/uploads\/2017\/12\/el-diario-de-tucuman.jpg","width":272,"height":92,"caption":"El Diario de Tucuman"},"image":{"@id":"https:\/\/www.eldiariodetucuman.com\/web\/#\/schema\/logo\/image\/"}},{"@type":"Person","@id":"https:\/\/www.eldiariodetucuman.com\/web\/#\/schema\/person\/9250197d75ab5483412e19678b121caa","name":"admin","image":{"@type":"ImageObject","inLanguage":"es","@id":"https:\/\/secure.gravatar.com\/avatar\/c44d117c2be811212c22cb481f6b8384b6873de103fbc49e7a03cc58d7dea4ac?s=96&d=mm&r=g","url":"https:\/\/secure.gravatar.com\/avatar\/c44d117c2be811212c22cb481f6b8384b6873de103fbc49e7a03cc58d7dea4ac?s=96&d=mm&r=g","contentUrl":"https:\/\/secure.gravatar.com\/avatar\/c44d117c2be811212c22cb481f6b8384b6873de103fbc49e7a03cc58d7dea4ac?s=96&d=mm&r=g","caption":"admin"},"url":"https:\/\/www.eldiariodetucuman.com\/web\/author\/admin\/"}]}},"_links":{"self":[{"href":"https:\/\/www.eldiariodetucuman.com\/web\/wp-json\/wp\/v2\/posts\/45550","targetHints":{"allow":["GET"]}}],"collection":[{"href":"https:\/\/www.eldiariodetucuman.com\/web\/wp-json\/wp\/v2\/posts"}],"about":[{"href":"https:\/\/www.eldiariodetucuman.com\/web\/wp-json\/wp\/v2\/types\/post"}],"author":[{"embeddable":true,"href":"https:\/\/www.eldiariodetucuman.com\/web\/wp-json\/wp\/v2\/users\/1"}],"replies":[{"embeddable":true,"href":"https:\/\/www.eldiariodetucuman.com\/web\/wp-json\/wp\/v2\/comments?post=45550"}],"version-history":[{"count":0,"href":"https:\/\/www.eldiariodetucuman.com\/web\/wp-json\/wp\/v2\/posts\/45550\/revisions"}],"wp:featuredmedia":[{"embeddable":true,"href":"https:\/\/www.eldiariodetucuman.com\/web\/wp-json\/wp\/v2\/media\/45551"}],"wp:attachment":[{"href":"https:\/\/www.eldiariodetucuman.com\/web\/wp-json\/wp\/v2\/media?parent=45550"}],"wp:term":[{"taxonomy":"category","embeddable":true,"href":"https:\/\/www.eldiariodetucuman.com\/web\/wp-json\/wp\/v2\/categories?post=45550"},{"taxonomy":"post_tag","embeddable":true,"href":"https:\/\/www.eldiariodetucuman.com\/web\/wp-json\/wp\/v2\/tags?post=45550"}],"curies":[{"name":"wp","href":"https:\/\/api.w.org\/{rel}","templated":true}]}}