{"id":45547,"date":"2025-09-02T22:17:10","date_gmt":"2025-09-03T01:17:10","guid":{"rendered":"https:\/\/www.eldiariodetucuman.com\/web\/el-ministerio-de-seguridad-bonaerense-advierte-que-la-visita-de-milei-a-moreno-implica-graves-riesgos\/"},"modified":"2025-09-02T22:17:14","modified_gmt":"2025-09-03T01:17:14","slug":"el-ministerio-de-seguridad-bonaerense-advierte-que-la-visita-de-milei-a-moreno-implica-graves-riesgos","status":"publish","type":"post","link":"https:\/\/www.eldiariodetucuman.com\/web\/el-ministerio-de-seguridad-bonaerense-advierte-que-la-visita-de-milei-a-moreno-implica-graves-riesgos\/","title":{"rendered":"El Ministerio de Seguridad bonaerense advierte que la visita de Milei a Moreno implica \u201cgraves riesgos\u201d"},"content":{"rendered":"<p><\/p>\n<p class=\"com-paragraph  --capital --s\">En un informe dirigido a la Casa Militar, el <strong>Ministerio de Seguridad de la provincia de Buenos Aires<\/strong> advirti\u00f3 que el acto de cierre de campa\u00f1a de La Libertad Avanza (LLA) al que prev\u00e9 asistir el presidente <strong>Javier Milei<\/strong>, este mi\u00e9rcoles, en el distrito bonaerense de Moreno, implica <strong>\u201cgraves riesgos\u201d<\/strong> por la presencia de \u201cescombros\u201d y \u201celementos para arrojar\u201d en los alrededores del Club Villa \u00c1ngela, en la localidad de Trujui, donde se har\u00e1 la actividad desde las 17.<\/p>\n<p class=\"com-paragraph   --s\">Ante una consulta de <strong>LA NACION<\/strong>, en la Casa Rosada consideraron el informe como <strong>\u201cuna amenaza del gobierno de (Axel) Kicillof\u201d<\/strong>, dijo esta noche un ministro del presidente Milei.<\/p>\n<p class=\"com-paragraph   --s\">Luego del ataque a piedrazos contra la caravana presidencial de la semana pasada, en <strong>Lomas de Zamora<\/strong>, el nuevo desembarco de Milei en el conurbano genera inquietud, pero fuentes de LLA confirmaron el cierre de campa\u00f1a.<strong> \u201cEl acto se hace\u201d<\/strong>, ratific\u00f3 un dirigente del partido libertario.<\/p>\n<p class=\"com-paragraph   --s\">En un informe en el que el ministerio que conduce <strong>Javier Alonso<\/strong> compromete la presencia de m\u00f3viles y efectivos de la polic\u00eda bonaerense, al que accedi\u00f3 <strong>LA NACION<\/strong> y cuya recepci\u00f3n confirmaron fuentes del gobierno nacional, se hacen tambi\u00e9n una serie de avisos preventivos, con once puntos detallados. <\/p>\n<p class=\"com-paragraph   --s\">\u201cMe veo en la obligaci\u00f3n de hacerle saber las dificultades y graves riesgos que se presentan frente a la realizaci\u00f3n de esta actividad\u201d, indic\u00f3 Alonso en el informe, dirigido a <strong>Sebasti\u00e1n Ignacio Ib\u00e1\u00f1ez<\/strong>, jefe de la Casa Militar.<\/p>\n<p class=\"com-paragraph   --s\">En uno de los puntos de advertencia, se plantea que \u201cel sector [donde se desarrollar\u00e1 el acto] se encuentra con viviendas en construcci\u00f3n y por ello varias <strong>pilas de escombros<\/strong>, como asimismo las calles son de tierra con un mejorado consolidado con escombros, lo que<strong> facilita elementos para arrojar<\/strong> en casi todos los sectores cercanos al evento\u201d.<\/p>\n<p>La caravana presidencial, en su paso accidentado por Lomas de ZamoraSantiago Filipuzzi &#8211; LA NACION<\/p>\n<p class=\"com-paragraph   --s\">El lugar elegido -que el ministerio provincial analiz\u00f3 con personal policial, seg\u00fan consta en el documento enviado a la Casa Militar-, \u201ces <strong>una cancha de f\u00fatbol, tipo \u2018potrero\u2019<\/strong> de un club barrial, que no cuenta con la infraestructura m\u00ednima requerida para albergar un evento masivo que reunir\u00e1 a cerca de 10 mil personas, m\u00e1s a\u00fan con la presencia del Presidente de la Naci\u00f3n\u201d.<\/p>\n<p class=\"com-paragraph   --s\">\u201cEl predio cuenta con un alambrado precario y en varios sectores el terreno se encuentra anegado por el agua ca\u00edda en las lluvias recientes\u201d, se especifica en la comunicaci\u00f3n ministerial. <strong>\u201cLa iluminaci\u00f3n del predio no resulta \u00f3ptima. Se observan varias torres de iluminaci\u00f3n, sin embargo al momento solo encienden dos de ellas\u201d<\/strong>, se avisa.<\/p>\n<p class=\"com-paragraph   --s\">Seg\u00fan consta en el informe, no hay una \u201cv\u00eda de escape para garantizar la adecuada evacuaci\u00f3n de la comitiva presente en caso de ser necesario\u201d. Se agrega que \u201cla calle de tierra del sector de atr\u00e1s del escenario, situada entre el predio y calle Santos Dumont, se halla <strong>inutilizable<\/strong>, en raz\u00f3n de encontrarse parcialmente inundada y con pozos que dificultan la circulaci\u00f3n, m\u00e1s a\u00fan para <strong>veh\u00edculos blindados<\/strong>\u201d.<\/p>\n<p>Javier Alonso, ministro de Seguridad bonaerense<\/p>\n<p class=\"com-paragraph   --s\">Entre las advertencias, se especifica que se esperan \u201c100 micros con militantes partidarios\u201d, lo que provocar\u00e1 \u201cun embotellamiento\u201d de tr\u00e1nsito; que habr\u00e1 <strong>\u201cun solo acceso\u201d<\/strong> para las personas que asistan y la comitiva presidencial, motivo que \u201cdificultar\u00e1 notoriamente el control de personas ajenas al evento o <strong>manifestantes opositores<\/strong>\u201d.<\/p>\n<p class=\"com-paragraph   --s\">Un aspecto positivo para la seguridad presidencial que se menciona en la comunicaci\u00f3n del ministerio bonaerense es que \u201cse encuentran pocas casas \u2018en altura\u2019, lo que <strong>no representa un riesgo grave para posibles tiradores<\/strong> y resulta de f\u00e1cil control\u201d.<\/p>\n<p class=\"com-paragraph   --s\">\u201cNo resulta favorable la locaci\u00f3n\u201d, concluye el informe, en el que el ministerio bonaerense se compromete tambi\u00e9n a cumplir con la colaboraci\u00f3n solicitada por la Casa Militar: \u201c<strong>ocho unidades antidisturbios <\/strong>de Infanter\u00eda; tres grupos ROP (Restablecimiento del Orden P\u00fablico-UTOI); 8 motos GPM, Equipo de Respuesta R\u00e1pida; 18 efectivos uniformados; seguridad a los vallados; personal y medios para cortes y desv\u00edos de tr\u00e1nsito; cuatro motos y m\u00f3viles jurisdiccionales recorriendo las inmediaciones del lugar\u201d.<\/p>\n<p><a href=\"https:\/\/www.lanacion.com.ar\/politica\/en-un-informe-reservado-el-ministerio-de-seguridad-bonaerense-advierte-que-la-visita-de-milei-a-nid02092025\/\">Fuente de la nota <\/a><\/p>\n","protected":false},"excerpt":{"rendered":"<p>En un informe dirigido a la Casa Militar, el Ministerio de Seguridad de la provincia de Buenos Aires advirti\u00f3 que el acto de cierre de campa\u00f1a de La Libertad Avanza (LLA) al que prev\u00e9 asistir el presidente Javier Milei, este mi\u00e9rcoles, en el distrito bonaerense de Moreno, implica \u201cgraves riesgos\u201d por la presencia de \u201cescombros\u201d [&hellip;]<\/p>\n","protected":false},"author":5,"featured_media":45548,"comment_status":"closed","ping_status":"open","sticky":false,"template":"","format":"standard","meta":{"footnotes":""},"categories":[3],"tags":[],"class_list":{"0":"post-45547","1":"post","2":"type-post","3":"status-publish","4":"format-standard","5":"has-post-thumbnail","7":"category-politica"},"yoast_head":"<!-- This site is optimized with the Yoast SEO plugin v27.5 - https:\/\/yoast.com\/product\/yoast-seo-wordpress\/ -->\n<title>El Ministerio de Seguridad bonaerense advierte que la visita de Milei a Moreno implica \u201cgraves riesgos\u201d - El Diario de Tucuman<\/title>\n<meta name=\"robots\" content=\"index, follow, max-snippet:-1, max-image-preview:large, max-video-preview:-1\" \/>\n<link rel=\"canonical\" href=\"https:\/\/www.eldiariodetucuman.com\/web\/el-ministerio-de-seguridad-bonaerense-advierte-que-la-visita-de-milei-a-moreno-implica-graves-riesgos\/\" \/>\n<meta property=\"og:locale\" content=\"es_ES\" \/>\n<meta property=\"og:type\" content=\"article\" \/>\n<meta property=\"og:title\" content=\"El Ministerio de Seguridad bonaerense advierte que la visita de Milei a Moreno implica \u201cgraves riesgos\u201d - El Diario de Tucuman\" \/>\n<meta property=\"og:description\" content=\"En un informe dirigido a la Casa Militar, el Ministerio de Seguridad de la provincia de Buenos Aires advirti\u00f3 que el acto de cierre de campa\u00f1a de La Libertad Avanza (LLA) al que prev\u00e9 asistir el presidente Javier Milei, este mi\u00e9rcoles, en el distrito bonaerense de Moreno, implica \u201cgraves riesgos\u201d por la presencia de \u201cescombros\u201d [&hellip;]\" \/>\n<meta property=\"og:url\" content=\"https:\/\/www.eldiariodetucuman.com\/web\/el-ministerio-de-seguridad-bonaerense-advierte-que-la-visita-de-milei-a-moreno-implica-graves-riesgos\/\" \/>\n<meta property=\"og:site_name\" content=\"El Diario de Tucuman\" \/>\n<meta property=\"article:published_time\" content=\"2025-09-03T01:17:10+00:00\" \/>\n<meta property=\"article:modified_time\" content=\"2025-09-03T01:17:14+00:00\" \/>\n<meta property=\"og:image\" content=\"https:\/\/www.eldiariodetucuman.com\/web\/wp-content\/uploads\/2025\/09\/milei-durante-la-caravana-de-la-semana-pasada-en-LVCWAY7FWZAM5ALJ6XEKPVKLHQ.JPG\" \/>\n\t<meta property=\"og:image:width\" content=\"1200\" \/>\n\t<meta property=\"og:image:height\" content=\"800\" \/>\n\t<meta property=\"og:image:type\" content=\"image\/jpeg\" \/>\n<meta name=\"author\" content=\"Redactor Uno\" \/>\n<meta name=\"twitter:card\" content=\"summary_large_image\" \/>\n<meta name=\"twitter:label1\" content=\"Escrito por\" \/>\n\t<meta name=\"twitter:data1\" content=\"Redactor Uno\" \/>\n\t<meta name=\"twitter:label2\" content=\"Tiempo de lectura\" \/>\n\t<meta name=\"twitter:data2\" content=\"4 minutos\" \/>\n<script type=\"application\/ld+json\" class=\"yoast-schema-graph\">{\"@context\":\"https:\\\/\\\/schema.org\",\"@graph\":[{\"@type\":\"Article\",\"@id\":\"https:\\\/\\\/www.eldiariodetucuman.com\\\/web\\\/el-ministerio-de-seguridad-bonaerense-advierte-que-la-visita-de-milei-a-moreno-implica-graves-riesgos\\\/#article\",\"isPartOf\":{\"@id\":\"https:\\\/\\\/www.eldiariodetucuman.com\\\/web\\\/el-ministerio-de-seguridad-bonaerense-advierte-que-la-visita-de-milei-a-moreno-implica-graves-riesgos\\\/\"},\"author\":{\"name\":\"Redactor Uno\",\"@id\":\"https:\\\/\\\/www.eldiariodetucuman.com\\\/web\\\/#\\\/schema\\\/person\\\/7e6644a46e60888f6b868594407e08dd\"},\"headline\":\"El Ministerio de Seguridad bonaerense advierte que la visita de Milei a Moreno implica \u201cgraves riesgos\u201d\",\"datePublished\":\"2025-09-03T01:17:10+00:00\",\"dateModified\":\"2025-09-03T01:17:14+00:00\",\"mainEntityOfPage\":{\"@id\":\"https:\\\/\\\/www.eldiariodetucuman.com\\\/web\\\/el-ministerio-de-seguridad-bonaerense-advierte-que-la-visita-de-milei-a-moreno-implica-graves-riesgos\\\/\"},\"wordCount\":717,\"publisher\":{\"@id\":\"https:\\\/\\\/www.eldiariodetucuman.com\\\/web\\\/#organization\"},\"image\":{\"@id\":\"https:\\\/\\\/www.eldiariodetucuman.com\\\/web\\\/el-ministerio-de-seguridad-bonaerense-advierte-que-la-visita-de-milei-a-moreno-implica-graves-riesgos\\\/#primaryimage\"},\"thumbnailUrl\":\"https:\\\/\\\/www.eldiariodetucuman.com\\\/web\\\/wp-content\\\/uploads\\\/2025\\\/09\\\/milei-durante-la-caravana-de-la-semana-pasada-en-LVCWAY7FWZAM5ALJ6XEKPVKLHQ.JPG\",\"articleSection\":[\"Politica\"],\"inLanguage\":\"es\"},{\"@type\":\"WebPage\",\"@id\":\"https:\\\/\\\/www.eldiariodetucuman.com\\\/web\\\/el-ministerio-de-seguridad-bonaerense-advierte-que-la-visita-de-milei-a-moreno-implica-graves-riesgos\\\/\",\"url\":\"https:\\\/\\\/www.eldiariodetucuman.com\\\/web\\\/el-ministerio-de-seguridad-bonaerense-advierte-que-la-visita-de-milei-a-moreno-implica-graves-riesgos\\\/\",\"name\":\"El Ministerio de Seguridad bonaerense advierte que la visita de Milei a Moreno implica \u201cgraves riesgos\u201d - El Diario de Tucuman\",\"isPartOf\":{\"@id\":\"https:\\\/\\\/www.eldiariodetucuman.com\\\/web\\\/#website\"},\"primaryImageOfPage\":{\"@id\":\"https:\\\/\\\/www.eldiariodetucuman.com\\\/web\\\/el-ministerio-de-seguridad-bonaerense-advierte-que-la-visita-de-milei-a-moreno-implica-graves-riesgos\\\/#primaryimage\"},\"image\":{\"@id\":\"https:\\\/\\\/www.eldiariodetucuman.com\\\/web\\\/el-ministerio-de-seguridad-bonaerense-advierte-que-la-visita-de-milei-a-moreno-implica-graves-riesgos\\\/#primaryimage\"},\"thumbnailUrl\":\"https:\\\/\\\/www.eldiariodetucuman.com\\\/web\\\/wp-content\\\/uploads\\\/2025\\\/09\\\/milei-durante-la-caravana-de-la-semana-pasada-en-LVCWAY7FWZAM5ALJ6XEKPVKLHQ.JPG\",\"datePublished\":\"2025-09-03T01:17:10+00:00\",\"dateModified\":\"2025-09-03T01:17:14+00:00\",\"breadcrumb\":{\"@id\":\"https:\\\/\\\/www.eldiariodetucuman.com\\\/web\\\/el-ministerio-de-seguridad-bonaerense-advierte-que-la-visita-de-milei-a-moreno-implica-graves-riesgos\\\/#breadcrumb\"},\"inLanguage\":\"es\",\"potentialAction\":[{\"@type\":\"ReadAction\",\"target\":[\"https:\\\/\\\/www.eldiariodetucuman.com\\\/web\\\/el-ministerio-de-seguridad-bonaerense-advierte-que-la-visita-de-milei-a-moreno-implica-graves-riesgos\\\/\"]}]},{\"@type\":\"ImageObject\",\"inLanguage\":\"es\",\"@id\":\"https:\\\/\\\/www.eldiariodetucuman.com\\\/web\\\/el-ministerio-de-seguridad-bonaerense-advierte-que-la-visita-de-milei-a-moreno-implica-graves-riesgos\\\/#primaryimage\",\"url\":\"https:\\\/\\\/www.eldiariodetucuman.com\\\/web\\\/wp-content\\\/uploads\\\/2025\\\/09\\\/milei-durante-la-caravana-de-la-semana-pasada-en-LVCWAY7FWZAM5ALJ6XEKPVKLHQ.JPG\",\"contentUrl\":\"https:\\\/\\\/www.eldiariodetucuman.com\\\/web\\\/wp-content\\\/uploads\\\/2025\\\/09\\\/milei-durante-la-caravana-de-la-semana-pasada-en-LVCWAY7FWZAM5ALJ6XEKPVKLHQ.JPG\",\"width\":1200,\"height\":800},{\"@type\":\"BreadcrumbList\",\"@id\":\"https:\\\/\\\/www.eldiariodetucuman.com\\\/web\\\/el-ministerio-de-seguridad-bonaerense-advierte-que-la-visita-de-milei-a-moreno-implica-graves-riesgos\\\/#breadcrumb\",\"itemListElement\":[{\"@type\":\"ListItem\",\"position\":1,\"name\":\"Portada\",\"item\":\"https:\\\/\\\/www.eldiariodetucuman.com\\\/web\\\/\"},{\"@type\":\"ListItem\",\"position\":2,\"name\":\"El Ministerio de Seguridad bonaerense advierte que la visita de Milei a Moreno implica \u201cgraves riesgos\u201d\"}]},{\"@type\":\"WebSite\",\"@id\":\"https:\\\/\\\/www.eldiariodetucuman.com\\\/web\\\/#website\",\"url\":\"https:\\\/\\\/www.eldiariodetucuman.com\\\/web\\\/\",\"name\":\"El Diario de Tucuman\",\"description\":\"Diario Tucuman - Informaci\u00f3n y noticias\",\"publisher\":{\"@id\":\"https:\\\/\\\/www.eldiariodetucuman.com\\\/web\\\/#organization\"},\"potentialAction\":[{\"@type\":\"SearchAction\",\"target\":{\"@type\":\"EntryPoint\",\"urlTemplate\":\"https:\\\/\\\/www.eldiariodetucuman.com\\\/web\\\/?s={search_term_string}\"},\"query-input\":{\"@type\":\"PropertyValueSpecification\",\"valueRequired\":true,\"valueName\":\"search_term_string\"}}],\"inLanguage\":\"es\"},{\"@type\":\"Organization\",\"@id\":\"https:\\\/\\\/www.eldiariodetucuman.com\\\/web\\\/#organization\",\"name\":\"El Diario de Tucuman\",\"url\":\"https:\\\/\\\/www.eldiariodetucuman.com\\\/web\\\/\",\"logo\":{\"@type\":\"ImageObject\",\"inLanguage\":\"es\",\"@id\":\"https:\\\/\\\/www.eldiariodetucuman.com\\\/web\\\/#\\\/schema\\\/logo\\\/image\\\/\",\"url\":\"http:\\\/\\\/www.eldiariodetucuman.com\\\/web\\\/wp-content\\\/uploads\\\/2017\\\/12\\\/el-diario-de-tucuman.jpg\",\"contentUrl\":\"http:\\\/\\\/www.eldiariodetucuman.com\\\/web\\\/wp-content\\\/uploads\\\/2017\\\/12\\\/el-diario-de-tucuman.jpg\",\"width\":272,\"height\":92,\"caption\":\"El Diario de Tucuman\"},\"image\":{\"@id\":\"https:\\\/\\\/www.eldiariodetucuman.com\\\/web\\\/#\\\/schema\\\/logo\\\/image\\\/\"}},{\"@type\":\"Person\",\"@id\":\"https:\\\/\\\/www.eldiariodetucuman.com\\\/web\\\/#\\\/schema\\\/person\\\/7e6644a46e60888f6b868594407e08dd\",\"name\":\"Redactor Uno\",\"image\":{\"@type\":\"ImageObject\",\"inLanguage\":\"es\",\"@id\":\"https:\\\/\\\/secure.gravatar.com\\\/avatar\\\/0049b1bdf1bd548385c9ea6b9356431717930913089febd2ba904f0187d7d074?s=96&d=mm&r=g\",\"url\":\"https:\\\/\\\/secure.gravatar.com\\\/avatar\\\/0049b1bdf1bd548385c9ea6b9356431717930913089febd2ba904f0187d7d074?s=96&d=mm&r=g\",\"contentUrl\":\"https:\\\/\\\/secure.gravatar.com\\\/avatar\\\/0049b1bdf1bd548385c9ea6b9356431717930913089febd2ba904f0187d7d074?s=96&d=mm&r=g\",\"caption\":\"Redactor Uno\"},\"url\":\"https:\\\/\\\/www.eldiariodetucuman.com\\\/web\\\/author\\\/mramasco\\\/\"}]}<\/script>\n<!-- \/ Yoast SEO plugin. -->","yoast_head_json":{"title":"El Ministerio de Seguridad bonaerense advierte que la visita de Milei a Moreno implica \u201cgraves riesgos\u201d - El Diario de Tucuman","robots":{"index":"index","follow":"follow","max-snippet":"max-snippet:-1","max-image-preview":"max-image-preview:large","max-video-preview":"max-video-preview:-1"},"canonical":"https:\/\/www.eldiariodetucuman.com\/web\/el-ministerio-de-seguridad-bonaerense-advierte-que-la-visita-de-milei-a-moreno-implica-graves-riesgos\/","og_locale":"es_ES","og_type":"article","og_title":"El Ministerio de Seguridad bonaerense advierte que la visita de Milei a Moreno implica \u201cgraves riesgos\u201d - El Diario de Tucuman","og_description":"En un informe dirigido a la Casa Militar, el Ministerio de Seguridad de la provincia de Buenos Aires advirti\u00f3 que el acto de cierre de campa\u00f1a de La Libertad Avanza (LLA) al que prev\u00e9 asistir el presidente Javier Milei, este mi\u00e9rcoles, en el distrito bonaerense de Moreno, implica \u201cgraves riesgos\u201d por la presencia de \u201cescombros\u201d [&hellip;]","og_url":"https:\/\/www.eldiariodetucuman.com\/web\/el-ministerio-de-seguridad-bonaerense-advierte-que-la-visita-de-milei-a-moreno-implica-graves-riesgos\/","og_site_name":"El Diario de Tucuman","article_published_time":"2025-09-03T01:17:10+00:00","article_modified_time":"2025-09-03T01:17:14+00:00","og_image":[{"width":1200,"height":800,"url":"https:\/\/www.eldiariodetucuman.com\/web\/wp-content\/uploads\/2025\/09\/milei-durante-la-caravana-de-la-semana-pasada-en-LVCWAY7FWZAM5ALJ6XEKPVKLHQ.JPG","type":"image\/jpeg"}],"author":"Redactor Uno","twitter_card":"summary_large_image","twitter_misc":{"Escrito por":"Redactor Uno","Tiempo de lectura":"4 minutos"},"schema":{"@context":"https:\/\/schema.org","@graph":[{"@type":"Article","@id":"https:\/\/www.eldiariodetucuman.com\/web\/el-ministerio-de-seguridad-bonaerense-advierte-que-la-visita-de-milei-a-moreno-implica-graves-riesgos\/#article","isPartOf":{"@id":"https:\/\/www.eldiariodetucuman.com\/web\/el-ministerio-de-seguridad-bonaerense-advierte-que-la-visita-de-milei-a-moreno-implica-graves-riesgos\/"},"author":{"name":"Redactor Uno","@id":"https:\/\/www.eldiariodetucuman.com\/web\/#\/schema\/person\/7e6644a46e60888f6b868594407e08dd"},"headline":"El Ministerio de Seguridad bonaerense advierte que la visita de Milei a Moreno implica \u201cgraves riesgos\u201d","datePublished":"2025-09-03T01:17:10+00:00","dateModified":"2025-09-03T01:17:14+00:00","mainEntityOfPage":{"@id":"https:\/\/www.eldiariodetucuman.com\/web\/el-ministerio-de-seguridad-bonaerense-advierte-que-la-visita-de-milei-a-moreno-implica-graves-riesgos\/"},"wordCount":717,"publisher":{"@id":"https:\/\/www.eldiariodetucuman.com\/web\/#organization"},"image":{"@id":"https:\/\/www.eldiariodetucuman.com\/web\/el-ministerio-de-seguridad-bonaerense-advierte-que-la-visita-de-milei-a-moreno-implica-graves-riesgos\/#primaryimage"},"thumbnailUrl":"https:\/\/www.eldiariodetucuman.com\/web\/wp-content\/uploads\/2025\/09\/milei-durante-la-caravana-de-la-semana-pasada-en-LVCWAY7FWZAM5ALJ6XEKPVKLHQ.JPG","articleSection":["Politica"],"inLanguage":"es"},{"@type":"WebPage","@id":"https:\/\/www.eldiariodetucuman.com\/web\/el-ministerio-de-seguridad-bonaerense-advierte-que-la-visita-de-milei-a-moreno-implica-graves-riesgos\/","url":"https:\/\/www.eldiariodetucuman.com\/web\/el-ministerio-de-seguridad-bonaerense-advierte-que-la-visita-de-milei-a-moreno-implica-graves-riesgos\/","name":"El Ministerio de Seguridad bonaerense advierte que la visita de Milei a Moreno implica \u201cgraves riesgos\u201d - El Diario de Tucuman","isPartOf":{"@id":"https:\/\/www.eldiariodetucuman.com\/web\/#website"},"primaryImageOfPage":{"@id":"https:\/\/www.eldiariodetucuman.com\/web\/el-ministerio-de-seguridad-bonaerense-advierte-que-la-visita-de-milei-a-moreno-implica-graves-riesgos\/#primaryimage"},"image":{"@id":"https:\/\/www.eldiariodetucuman.com\/web\/el-ministerio-de-seguridad-bonaerense-advierte-que-la-visita-de-milei-a-moreno-implica-graves-riesgos\/#primaryimage"},"thumbnailUrl":"https:\/\/www.eldiariodetucuman.com\/web\/wp-content\/uploads\/2025\/09\/milei-durante-la-caravana-de-la-semana-pasada-en-LVCWAY7FWZAM5ALJ6XEKPVKLHQ.JPG","datePublished":"2025-09-03T01:17:10+00:00","dateModified":"2025-09-03T01:17:14+00:00","breadcrumb":{"@id":"https:\/\/www.eldiariodetucuman.com\/web\/el-ministerio-de-seguridad-bonaerense-advierte-que-la-visita-de-milei-a-moreno-implica-graves-riesgos\/#breadcrumb"},"inLanguage":"es","potentialAction":[{"@type":"ReadAction","target":["https:\/\/www.eldiariodetucuman.com\/web\/el-ministerio-de-seguridad-bonaerense-advierte-que-la-visita-de-milei-a-moreno-implica-graves-riesgos\/"]}]},{"@type":"ImageObject","inLanguage":"es","@id":"https:\/\/www.eldiariodetucuman.com\/web\/el-ministerio-de-seguridad-bonaerense-advierte-que-la-visita-de-milei-a-moreno-implica-graves-riesgos\/#primaryimage","url":"https:\/\/www.eldiariodetucuman.com\/web\/wp-content\/uploads\/2025\/09\/milei-durante-la-caravana-de-la-semana-pasada-en-LVCWAY7FWZAM5ALJ6XEKPVKLHQ.JPG","contentUrl":"https:\/\/www.eldiariodetucuman.com\/web\/wp-content\/uploads\/2025\/09\/milei-durante-la-caravana-de-la-semana-pasada-en-LVCWAY7FWZAM5ALJ6XEKPVKLHQ.JPG","width":1200,"height":800},{"@type":"BreadcrumbList","@id":"https:\/\/www.eldiariodetucuman.com\/web\/el-ministerio-de-seguridad-bonaerense-advierte-que-la-visita-de-milei-a-moreno-implica-graves-riesgos\/#breadcrumb","itemListElement":[{"@type":"ListItem","position":1,"name":"Portada","item":"https:\/\/www.eldiariodetucuman.com\/web\/"},{"@type":"ListItem","position":2,"name":"El Ministerio de Seguridad bonaerense advierte que la visita de Milei a Moreno implica \u201cgraves riesgos\u201d"}]},{"@type":"WebSite","@id":"https:\/\/www.eldiariodetucuman.com\/web\/#website","url":"https:\/\/www.eldiariodetucuman.com\/web\/","name":"El Diario de Tucuman","description":"Diario Tucuman - Informaci\u00f3n y noticias","publisher":{"@id":"https:\/\/www.eldiariodetucuman.com\/web\/#organization"},"potentialAction":[{"@type":"SearchAction","target":{"@type":"EntryPoint","urlTemplate":"https:\/\/www.eldiariodetucuman.com\/web\/?s={search_term_string}"},"query-input":{"@type":"PropertyValueSpecification","valueRequired":true,"valueName":"search_term_string"}}],"inLanguage":"es"},{"@type":"Organization","@id":"https:\/\/www.eldiariodetucuman.com\/web\/#organization","name":"El Diario de Tucuman","url":"https:\/\/www.eldiariodetucuman.com\/web\/","logo":{"@type":"ImageObject","inLanguage":"es","@id":"https:\/\/www.eldiariodetucuman.com\/web\/#\/schema\/logo\/image\/","url":"http:\/\/www.eldiariodetucuman.com\/web\/wp-content\/uploads\/2017\/12\/el-diario-de-tucuman.jpg","contentUrl":"http:\/\/www.eldiariodetucuman.com\/web\/wp-content\/uploads\/2017\/12\/el-diario-de-tucuman.jpg","width":272,"height":92,"caption":"El Diario de Tucuman"},"image":{"@id":"https:\/\/www.eldiariodetucuman.com\/web\/#\/schema\/logo\/image\/"}},{"@type":"Person","@id":"https:\/\/www.eldiariodetucuman.com\/web\/#\/schema\/person\/7e6644a46e60888f6b868594407e08dd","name":"Redactor Uno","image":{"@type":"ImageObject","inLanguage":"es","@id":"https:\/\/secure.gravatar.com\/avatar\/0049b1bdf1bd548385c9ea6b9356431717930913089febd2ba904f0187d7d074?s=96&d=mm&r=g","url":"https:\/\/secure.gravatar.com\/avatar\/0049b1bdf1bd548385c9ea6b9356431717930913089febd2ba904f0187d7d074?s=96&d=mm&r=g","contentUrl":"https:\/\/secure.gravatar.com\/avatar\/0049b1bdf1bd548385c9ea6b9356431717930913089febd2ba904f0187d7d074?s=96&d=mm&r=g","caption":"Redactor Uno"},"url":"https:\/\/www.eldiariodetucuman.com\/web\/author\/mramasco\/"}]}},"_links":{"self":[{"href":"https:\/\/www.eldiariodetucuman.com\/web\/wp-json\/wp\/v2\/posts\/45547","targetHints":{"allow":["GET"]}}],"collection":[{"href":"https:\/\/www.eldiariodetucuman.com\/web\/wp-json\/wp\/v2\/posts"}],"about":[{"href":"https:\/\/www.eldiariodetucuman.com\/web\/wp-json\/wp\/v2\/types\/post"}],"author":[{"embeddable":true,"href":"https:\/\/www.eldiariodetucuman.com\/web\/wp-json\/wp\/v2\/users\/5"}],"replies":[{"embeddable":true,"href":"https:\/\/www.eldiariodetucuman.com\/web\/wp-json\/wp\/v2\/comments?post=45547"}],"version-history":[{"count":1,"href":"https:\/\/www.eldiariodetucuman.com\/web\/wp-json\/wp\/v2\/posts\/45547\/revisions"}],"predecessor-version":[{"id":45549,"href":"https:\/\/www.eldiariodetucuman.com\/web\/wp-json\/wp\/v2\/posts\/45547\/revisions\/45549"}],"wp:featuredmedia":[{"embeddable":true,"href":"https:\/\/www.eldiariodetucuman.com\/web\/wp-json\/wp\/v2\/media\/45548"}],"wp:attachment":[{"href":"https:\/\/www.eldiariodetucuman.com\/web\/wp-json\/wp\/v2\/media?parent=45547"}],"wp:term":[{"taxonomy":"category","embeddable":true,"href":"https:\/\/www.eldiariodetucuman.com\/web\/wp-json\/wp\/v2\/categories?post=45547"},{"taxonomy":"post_tag","embeddable":true,"href":"https:\/\/www.eldiariodetucuman.com\/web\/wp-json\/wp\/v2\/tags?post=45547"}],"curies":[{"name":"wp","href":"https:\/\/api.w.org\/{rel}","templated":true}]}}