{"id":45545,"date":"2025-09-02T16:49:31","date_gmt":"2025-09-02T19:49:31","guid":{"rendered":"https:\/\/www.eldiariodetucuman.com\/web\/el-vicegobernador-acevedo-recibio-al-embajador-de-portugal-en-argentina\/"},"modified":"2025-09-02T16:49:31","modified_gmt":"2025-09-02T19:49:31","slug":"el-vicegobernador-acevedo-recibio-al-embajador-de-portugal-en-argentina","status":"publish","type":"post","link":"https:\/\/www.eldiariodetucuman.com\/web\/el-vicegobernador-acevedo-recibio-al-embajador-de-portugal-en-argentina\/","title":{"rendered":"El vicegobernador Acevedo recibi\u00f3 al embajador de Portugal en Argentina"},"content":{"rendered":"<p><\/p>\n<p id=\"isPasted\">El vicegobernador <strong>Miguel Acevedo<\/strong>, a cargo del Poder Ejecutivo recibi\u00f3 en la ma\u00f1ana del martes al embajador de Portugal en Argentina, <strong>Gon\u00e7alo<\/strong><strong> Teles Gomes<\/strong>. La visita del diplom\u00e1tico estuvo orientada a identificar \u00e1reas de cooperaci\u00f3n en deporte, cultura, turismo, vitivinicultura, agua y saneamiento, innovaci\u00f3n, tecnolog\u00eda, emprendimientos, cooperaci\u00f3n acad\u00e9mica y financiamiento internacional de la provincia.\u00a0<\/p>\n<\/p>\n<p>Participaron el ministro de Gobierno y Justicia, <strong>Regino Amado<\/strong>, la titular de Educaci\u00f3n, <strong>Susana Montaldo,\u00a0<\/strong>el ministro de Econom\u00eda y Producci\u00f3n, <strong>Daniel Abad,\u00a0<\/strong>el titular de Obras P\u00fablicas,<strong>\u00a0Marcelo Nazur,<\/strong> el m\u00e1ximo responsable de Salud, Luis Medina Ruiz, el ministro de Seguridad, Eugenio Ag\u00fcero Gamboa, la Fiscal de Estado,<strong>\u00a0Gilda Pedicone,<\/strong> el secretario general de la Gobernaci\u00f3n, <strong>Federico Nazur<\/strong>, la secretaria de Relaciones Internacionales<strong>, Virginia Avila y Carolina Mara\u00f1on,<\/strong> subsecretaria de Relaciones Internacionales, el secretario de Producci\u00f3n<strong>\u00a0Eduardo Castro<\/strong>, <strong\/>el presidente del Ente Turismo, <strong>Domingo Amaya,<\/strong> la presidenta Cluster Tecnologico<strong>, Maria Jose Salomon, el presidente Red Federal de Econom\u00eda del Conocimiento, Alejandro Paez, Maximiliano Bravo de la empresa Vortex, el exrugbista tucuman Daniel Hourcade, ext\u00e9cnico tucumano de rugby de la Selecci\u00f3n de Portugal y Mat\u00edas Gim\u00e9nez, j<\/strong>ugador de Rugby tucumano, en Portugal.<\/p>\n<\/p>\n<p data-start=\"252\" data-end=\"594\" id=\"isPasted\">Teles Gomes explic\u00f3 que su visita al Jard\u00edn de la Rep\u00fablica respondi\u00f3 al objetivo de \u201cconocer Tucum\u00e1n, su econom\u00eda y las oportunidades de negocio e intercambio de todo tipo entre Portugal y la provincia\u201d. Se\u00f1al\u00f3 que lleg\u00f3 al pa\u00eds nueve meses atr\u00e1s y que desde entonces recorri\u00f3 distintas provincias argentinas. En la reuni\u00f3n, seg\u00fan detall\u00f3, se abordaron los ejes de cooperaci\u00f3n en la <strong data-start=\"956\" data-end=\"1024\">econom\u00eda del conocimiento, la agroindustria y la vitivinicultura<\/strong>.<\/p>\n<p data-start=\"1029\" data-end=\"1454\">\u201cSe me presentaron los puntos fuertes de Tucum\u00e1n, hablamos incluso de rugby, porque un tucumano fue seleccionador de Portugal y contribuy\u00f3 al desarrollo de ese deporte en mi pa\u00eds\u201d, indic\u00f3. Adem\u00e1s, destac\u00f3 la misi\u00f3n comercial tucumana que viaj\u00f3 en marzo a Lisboa para conocer clusters tecnol\u00f3gicos, y sostuvo que \u201chay posibilidades concretas de colaboraci\u00f3n tanto en la industria del vino como en el desarrollo tecnol\u00f3gico\u201d.<\/p>\n<p data-start=\"1456\" data-end=\"1737\">Consultado por la situaci\u00f3n econ\u00f3mica argentina, el embajador consider\u00f3 que el pa\u00eds atravesaba \u201cun momento clave\u201d. Remarc\u00f3 el potencial de sectores como la <strong data-start=\"1612\" data-end=\"1663\">miner\u00eda, el petr\u00f3leo, el gas y la agroindustria<\/strong>, y manifest\u00f3 optimismo ante un eventual acuerdo Uni\u00f3n Europea con el Mercosur.<\/p>\n<p data-start=\"1739\" data-end=\"2075\">En relaci\u00f3n a los lazos migratorios, record\u00f3 que \u201cviv\u00edan en Portugal m\u00e1s de 200 mil argentinos de origen portugu\u00e9s\u201d, pero subray\u00f3 que en los \u00faltimos a\u00f1os se cuadruplic\u00f3 el n\u00famero de argentinos que se radicaron en su pa\u00eds. \u201cLa afinidad cultural y ling\u00fc\u00edstica hace que los argentinos se adapten muy r\u00e1pido y se sientan en casa\u201d, se\u00f1al\u00f3.<\/p>\n<p data-start=\"1739\" data-end=\"2075\">\n<p data-start=\"2077\" data-end=\"2347\">Sobre la <strong data-start=\"2086\" data-end=\"2097\">ExpoCom<\/strong>, que tendr\u00e1 lugar pr\u00f3ximamente en Tucum\u00e1n, adelant\u00f3 \u201clas oportunidades son mutuas, pero el protagonismo le corresponde al sector privado. Nosotros, como diplom\u00e1ticos, abrimos el camino\u201d, remarc\u00f3.<\/p>\n<p data-start=\"2077\" data-end=\"2347\">Confirm\u00f3 adem\u00e1s que visitar\u00e1 los Valles Calchaqu\u00edes para interiorizarse sobre la producci\u00f3n vitivin\u00edcola local, donde ser\u00eda recibido por la C\u00e1mara de Bodegueros. \u201cEst\u00e1 en mi programa para ma\u00f1ana, es un sector vital tanto para Portugal como para el norte argentino\u201d, indic\u00f3.<\/p>\n<h3 data-start=\"2077\" data-end=\"2347\">Consolidar v\u00ednculos<\/h3>\n<p data-start=\"2077\" data-end=\"2347\">El ministro <strong data-start=\"2388\" data-end=\"2404\">Regino Amado<\/strong> asegur\u00f3 que la reuni\u00f3n consolid\u00f3 los v\u00ednculos que se hab\u00edan iniciado en el encuentro <strong data-start=\"2490\" data-end=\"2527\">Smart City de Santiago del Estero<\/strong>. Explic\u00f3 que se convers\u00f3 sobre econom\u00eda del conocimiento y sobre la vitivinicultura, actividad que el embajador conocer\u00eda en su visita a Colalao del Valle.<\/p>\n<p data-start=\"2077\" data-end=\"2347\">En ese sentido el ministro pol\u00edtico indic\u00f3: \u00abHa estado en muchos pa\u00edses antes de llegar a la Argentina y ha tenido una mirada federal en sus recorridos, por eso antes estuvo en Santiago, hoy en Tucum\u00e1n, ma\u00f1ana en Salta y eso hace que pueda comparar lo que tenemos nosotros los tucumanos como oferta productiva, c\u00f3mo podemos interrelacionarnos\u00bb.\u00a0<\/p>\n<p data-start=\"2077\" data-end=\"2347\">Amado record\u00f3 que \u201cen Portugal ya se hab\u00edan reunido empresarios tucumanos del cl\u00faster tecnol\u00f3gico, junto a la agencia de inversiones de la Argentina y de Portugal\u201d. A\u00f1adi\u00f3 que varios empresarios avanzaron en acuerdos y otros analizaron abrir sucursales en Europa a trav\u00e9s del mercado portugu\u00e9s.<\/p>\n<p data-start=\"2985\" data-end=\"3275\">Tambi\u00e9n destac\u00f3 el componente deportivo de la agenda: \u201cEl embajador es un apasionado del rugby. En la reuni\u00f3n mencionamos a Daniel Hourcade, referente internacional y asesor de la selecci\u00f3n portuguesa, y a jugadores tucumanos que se desempe\u00f1an en clubes de ese pa\u00eds, como Mat\u00edas Jim\u00e9nez\u201d.<\/p>\n<h3 data-start=\"2985\" data-end=\"3275\">Sector tecnol\u00f3gico<\/h3>\n<p data-start=\"2985\" data-end=\"3275\">El presidente de la Red Federal de la Econom\u00eda del Conocimiento, <strong data-start=\"3384\" data-end=\"3402\">Alejandro P\u00e1ez<\/strong>, sostuvo que el encuentro permiti\u00f3 mostrar a Tucum\u00e1n como \u201cun verdadero polo del sector, gracias a la ley provincial que fue impulsada junto al gobernador Osvaldo Jaldo y al ministro Amado\u201d.<\/p>\n<p data-start=\"3597\" data-end=\"3888\">Resalt\u00f3 que la provincia no solo formaba talentos y generaba empleo de calidad, sino que tambi\u00e9n brindaba condiciones para que empresas se radiquen y exporten sus servicios. \u201cEstas son oportunidades que debemos aprovechar para crecer y posicionarnos tambi\u00e9n a nivel internacional\u201d, afirm\u00f3.<\/p>\n<p data-start=\"3597\" data-end=\"3888\">Consultado por los desaf\u00edos inmediatos, P\u00e1ez resalt\u00f3 la importancia de la ExpoCom (la Expo de la Tecnolog\u00eda del Conocimiento) que se realizar\u00e1 entre el jueves y viernes pr\u00f3ximo en el Sheraton Tucum\u00e1n: \u201cCualquier evento que difunda la econom\u00eda del conocimiento es valioso. Participamos en encuentros en Salta, C\u00f3rdoba y Tandil, y siempre llevamos la experiencia tucumana al resto del pa\u00eds. Ahora buscamos que el mundo nos vea\u201d.<\/p>\n<p data-start=\"3890\" data-end=\"4270\">La presidenta del Cl\u00faster Tecnol\u00f3gico de Tucum\u00e1n, <strong data-start=\"3940\" data-end=\"3962\">Mar\u00eda Jos\u00e9 Salom\u00f3n<\/strong>, coincidi\u00f3 en la importancia del encuentro. Record\u00f3 que en marzo realizaron la primera misi\u00f3n exploratoria a Portugal y que desde entonces avanzaron en acuerdos de importaci\u00f3n y exportaci\u00f3n. \u201cEstamos trabajando en internacionalizar nuestras empresas y en fortalecer la formaci\u00f3n de talento local\u201d, indic\u00f3.<\/p>\n<p data-start=\"3890\" data-end=\"4270\">\n<h3 data-start=\"3890\" data-end=\"4270\">El rugby presente<\/h3>\n<p data-start=\"3890\" data-end=\"4270\">La reuni\u00f3n sum\u00f3 un componente emotivo con la presencia de <strong data-start=\"4368\" data-end=\"4395\">Daniel \u201cHuevo\u201d Hourcade<\/strong>, exentrenador de la selecci\u00f3n de rugby de Portugal y exrugbista tucumano.<\/p>\n<p data-start=\"4473\" data-end=\"4716\">Hourcade calific\u00f3 el gesto del embajador de invitarlo como \u201cmuy lindo\u201d y record\u00f3 que vivi\u00f3 cinco a\u00f1os en Portugal, donde particip\u00f3 en dos mundiales y en un campeonato europeo. \u201cFue un reconocimiento muy valioso. Me sent\u00ed muy contento\u201d, dijo.<\/p>\n<p data-start=\"4473\" data-end=\"4716\">Hourcade destac\u00f3 el v\u00ednculo hist\u00f3rico entre Tucum\u00e1n y el rugby portugu\u00e9s, que contin\u00faa vigente con varios jugadores argentinos en sus ligas. \u201cHay muchos tucumanos en Portugal, desde Gabriel Asc\u00e1rate hasta j\u00f3venes que viajan hoy mismo a sumarse a clubes. Es un intercambio cultural y deportivo muy valioso, porque los portugueses son muy parecidos a nosotros en la forma de vivir\u201d, se\u00f1al\u00f3.<\/p>\n<p>Fuente: <a href=\"https:\/\/www.comunicaciontucuman.gob.ar\/noticia\/gobernacion\/236690\/vicegobernador-acevedo-recibio-al-embajador-portugal-argentina\"> Fuente de la nota <\/a><\/p>\n","protected":false},"excerpt":{"rendered":"<p>El vicegobernador Miguel Acevedo, a cargo del Poder Ejecutivo recibi\u00f3 en la ma\u00f1ana del martes al embajador de Portugal en Argentina, Gon\u00e7alo Teles Gomes. La visita del diplom\u00e1tico estuvo orientada a identificar \u00e1reas de cooperaci\u00f3n en deporte, cultura, turismo, vitivinicultura, agua y saneamiento, innovaci\u00f3n, tecnolog\u00eda, emprendimientos, cooperaci\u00f3n acad\u00e9mica y financiamiento internacional de la provincia.\u00a0 Participaron [&hellip;]<\/p>\n","protected":false},"author":1,"featured_media":45546,"comment_status":"closed","ping_status":"open","sticky":false,"template":"","format":"standard","meta":{"footnotes":""},"categories":[3],"tags":[],"class_list":{"0":"post-45545","1":"post","2":"type-post","3":"status-publish","4":"format-standard","5":"has-post-thumbnail","7":"category-politica"},"yoast_head":"<!-- This site is optimized with the Yoast SEO plugin v27.5 - https:\/\/yoast.com\/product\/yoast-seo-wordpress\/ -->\n<title>El vicegobernador Acevedo recibi\u00f3 al embajador de Portugal en Argentina - El Diario de Tucuman<\/title>\n<meta name=\"robots\" content=\"index, follow, max-snippet:-1, max-image-preview:large, max-video-preview:-1\" \/>\n<link rel=\"canonical\" href=\"https:\/\/www.eldiariodetucuman.com\/web\/el-vicegobernador-acevedo-recibio-al-embajador-de-portugal-en-argentina\/\" \/>\n<meta property=\"og:locale\" content=\"es_ES\" \/>\n<meta property=\"og:type\" content=\"article\" \/>\n<meta property=\"og:title\" content=\"El vicegobernador Acevedo recibi\u00f3 al embajador de Portugal en Argentina - El Diario de Tucuman\" \/>\n<meta property=\"og:description\" content=\"El vicegobernador Miguel Acevedo, a cargo del Poder Ejecutivo recibi\u00f3 en la ma\u00f1ana del martes al embajador de Portugal en Argentina, Gon\u00e7alo Teles Gomes. La visita del diplom\u00e1tico estuvo orientada a identificar \u00e1reas de cooperaci\u00f3n en deporte, cultura, turismo, vitivinicultura, agua y saneamiento, innovaci\u00f3n, tecnolog\u00eda, emprendimientos, cooperaci\u00f3n acad\u00e9mica y financiamiento internacional de la provincia.\u00a0 Participaron [&hellip;]\" \/>\n<meta property=\"og:url\" content=\"https:\/\/www.eldiariodetucuman.com\/web\/el-vicegobernador-acevedo-recibio-al-embajador-de-portugal-en-argentina\/\" \/>\n<meta property=\"og:site_name\" content=\"El Diario de Tucuman\" \/>\n<meta property=\"article:published_time\" content=\"2025-09-02T19:49:31+00:00\" \/>\n<meta name=\"author\" content=\"admin\" \/>\n<meta name=\"twitter:card\" content=\"summary_large_image\" \/>\n<meta name=\"twitter:label1\" content=\"Escrito por\" \/>\n\t<meta name=\"twitter:data1\" content=\"admin\" \/>\n\t<meta name=\"twitter:label2\" content=\"Tiempo de lectura\" \/>\n\t<meta name=\"twitter:data2\" content=\"6 minutos\" \/>\n<script type=\"application\/ld+json\" class=\"yoast-schema-graph\">{\"@context\":\"https:\\\/\\\/schema.org\",\"@graph\":[{\"@type\":\"Article\",\"@id\":\"https:\\\/\\\/www.eldiariodetucuman.com\\\/web\\\/el-vicegobernador-acevedo-recibio-al-embajador-de-portugal-en-argentina\\\/#article\",\"isPartOf\":{\"@id\":\"https:\\\/\\\/www.eldiariodetucuman.com\\\/web\\\/el-vicegobernador-acevedo-recibio-al-embajador-de-portugal-en-argentina\\\/\"},\"author\":{\"name\":\"admin\",\"@id\":\"https:\\\/\\\/www.eldiariodetucuman.com\\\/web\\\/#\\\/schema\\\/person\\\/9250197d75ab5483412e19678b121caa\"},\"headline\":\"El vicegobernador Acevedo recibi\u00f3 al embajador de Portugal en Argentina\",\"datePublished\":\"2025-09-02T19:49:31+00:00\",\"mainEntityOfPage\":{\"@id\":\"https:\\\/\\\/www.eldiariodetucuman.com\\\/web\\\/el-vicegobernador-acevedo-recibio-al-embajador-de-portugal-en-argentina\\\/\"},\"wordCount\":1162,\"publisher\":{\"@id\":\"https:\\\/\\\/www.eldiariodetucuman.com\\\/web\\\/#organization\"},\"image\":{\"@id\":\"https:\\\/\\\/www.eldiariodetucuman.com\\\/web\\\/el-vicegobernador-acevedo-recibio-al-embajador-de-portugal-en-argentina\\\/#primaryimage\"},\"thumbnailUrl\":\"https:\\\/\\\/www.eldiariodetucuman.com\\\/web\\\/wp-content\\\/uploads\\\/2025\\\/09\\\/El-vicegobernador-Acevedo-recibio-al-embajador-de-Portugal-en-Argentina.jpeg\",\"articleSection\":[\"Politica\"],\"inLanguage\":\"es\"},{\"@type\":\"WebPage\",\"@id\":\"https:\\\/\\\/www.eldiariodetucuman.com\\\/web\\\/el-vicegobernador-acevedo-recibio-al-embajador-de-portugal-en-argentina\\\/\",\"url\":\"https:\\\/\\\/www.eldiariodetucuman.com\\\/web\\\/el-vicegobernador-acevedo-recibio-al-embajador-de-portugal-en-argentina\\\/\",\"name\":\"El vicegobernador Acevedo recibi\u00f3 al embajador de Portugal en Argentina - El Diario de Tucuman\",\"isPartOf\":{\"@id\":\"https:\\\/\\\/www.eldiariodetucuman.com\\\/web\\\/#website\"},\"primaryImageOfPage\":{\"@id\":\"https:\\\/\\\/www.eldiariodetucuman.com\\\/web\\\/el-vicegobernador-acevedo-recibio-al-embajador-de-portugal-en-argentina\\\/#primaryimage\"},\"image\":{\"@id\":\"https:\\\/\\\/www.eldiariodetucuman.com\\\/web\\\/el-vicegobernador-acevedo-recibio-al-embajador-de-portugal-en-argentina\\\/#primaryimage\"},\"thumbnailUrl\":\"https:\\\/\\\/www.eldiariodetucuman.com\\\/web\\\/wp-content\\\/uploads\\\/2025\\\/09\\\/El-vicegobernador-Acevedo-recibio-al-embajador-de-Portugal-en-Argentina.jpeg\",\"datePublished\":\"2025-09-02T19:49:31+00:00\",\"breadcrumb\":{\"@id\":\"https:\\\/\\\/www.eldiariodetucuman.com\\\/web\\\/el-vicegobernador-acevedo-recibio-al-embajador-de-portugal-en-argentina\\\/#breadcrumb\"},\"inLanguage\":\"es\",\"potentialAction\":[{\"@type\":\"ReadAction\",\"target\":[\"https:\\\/\\\/www.eldiariodetucuman.com\\\/web\\\/el-vicegobernador-acevedo-recibio-al-embajador-de-portugal-en-argentina\\\/\"]}]},{\"@type\":\"ImageObject\",\"inLanguage\":\"es\",\"@id\":\"https:\\\/\\\/www.eldiariodetucuman.com\\\/web\\\/el-vicegobernador-acevedo-recibio-al-embajador-de-portugal-en-argentina\\\/#primaryimage\",\"url\":\"https:\\\/\\\/www.eldiariodetucuman.com\\\/web\\\/wp-content\\\/uploads\\\/2025\\\/09\\\/El-vicegobernador-Acevedo-recibio-al-embajador-de-Portugal-en-Argentina.jpeg\",\"contentUrl\":\"https:\\\/\\\/www.eldiariodetucuman.com\\\/web\\\/wp-content\\\/uploads\\\/2025\\\/09\\\/El-vicegobernador-Acevedo-recibio-al-embajador-de-Portugal-en-Argentina.jpeg\",\"width\":818,\"height\":460},{\"@type\":\"BreadcrumbList\",\"@id\":\"https:\\\/\\\/www.eldiariodetucuman.com\\\/web\\\/el-vicegobernador-acevedo-recibio-al-embajador-de-portugal-en-argentina\\\/#breadcrumb\",\"itemListElement\":[{\"@type\":\"ListItem\",\"position\":1,\"name\":\"Portada\",\"item\":\"https:\\\/\\\/www.eldiariodetucuman.com\\\/web\\\/\"},{\"@type\":\"ListItem\",\"position\":2,\"name\":\"El vicegobernador Acevedo recibi\u00f3 al embajador de Portugal en Argentina\"}]},{\"@type\":\"WebSite\",\"@id\":\"https:\\\/\\\/www.eldiariodetucuman.com\\\/web\\\/#website\",\"url\":\"https:\\\/\\\/www.eldiariodetucuman.com\\\/web\\\/\",\"name\":\"El Diario de Tucuman\",\"description\":\"Diario Tucuman - Informaci\u00f3n y noticias\",\"publisher\":{\"@id\":\"https:\\\/\\\/www.eldiariodetucuman.com\\\/web\\\/#organization\"},\"potentialAction\":[{\"@type\":\"SearchAction\",\"target\":{\"@type\":\"EntryPoint\",\"urlTemplate\":\"https:\\\/\\\/www.eldiariodetucuman.com\\\/web\\\/?s={search_term_string}\"},\"query-input\":{\"@type\":\"PropertyValueSpecification\",\"valueRequired\":true,\"valueName\":\"search_term_string\"}}],\"inLanguage\":\"es\"},{\"@type\":\"Organization\",\"@id\":\"https:\\\/\\\/www.eldiariodetucuman.com\\\/web\\\/#organization\",\"name\":\"El Diario de Tucuman\",\"url\":\"https:\\\/\\\/www.eldiariodetucuman.com\\\/web\\\/\",\"logo\":{\"@type\":\"ImageObject\",\"inLanguage\":\"es\",\"@id\":\"https:\\\/\\\/www.eldiariodetucuman.com\\\/web\\\/#\\\/schema\\\/logo\\\/image\\\/\",\"url\":\"http:\\\/\\\/www.eldiariodetucuman.com\\\/web\\\/wp-content\\\/uploads\\\/2017\\\/12\\\/el-diario-de-tucuman.jpg\",\"contentUrl\":\"http:\\\/\\\/www.eldiariodetucuman.com\\\/web\\\/wp-content\\\/uploads\\\/2017\\\/12\\\/el-diario-de-tucuman.jpg\",\"width\":272,\"height\":92,\"caption\":\"El Diario de Tucuman\"},\"image\":{\"@id\":\"https:\\\/\\\/www.eldiariodetucuman.com\\\/web\\\/#\\\/schema\\\/logo\\\/image\\\/\"}},{\"@type\":\"Person\",\"@id\":\"https:\\\/\\\/www.eldiariodetucuman.com\\\/web\\\/#\\\/schema\\\/person\\\/9250197d75ab5483412e19678b121caa\",\"name\":\"admin\",\"image\":{\"@type\":\"ImageObject\",\"inLanguage\":\"es\",\"@id\":\"https:\\\/\\\/secure.gravatar.com\\\/avatar\\\/c44d117c2be811212c22cb481f6b8384b6873de103fbc49e7a03cc58d7dea4ac?s=96&d=mm&r=g\",\"url\":\"https:\\\/\\\/secure.gravatar.com\\\/avatar\\\/c44d117c2be811212c22cb481f6b8384b6873de103fbc49e7a03cc58d7dea4ac?s=96&d=mm&r=g\",\"contentUrl\":\"https:\\\/\\\/secure.gravatar.com\\\/avatar\\\/c44d117c2be811212c22cb481f6b8384b6873de103fbc49e7a03cc58d7dea4ac?s=96&d=mm&r=g\",\"caption\":\"admin\"},\"url\":\"https:\\\/\\\/www.eldiariodetucuman.com\\\/web\\\/author\\\/admin\\\/\"}]}<\/script>\n<!-- \/ Yoast SEO plugin. -->","yoast_head_json":{"title":"El vicegobernador Acevedo recibi\u00f3 al embajador de Portugal en Argentina - El Diario de Tucuman","robots":{"index":"index","follow":"follow","max-snippet":"max-snippet:-1","max-image-preview":"max-image-preview:large","max-video-preview":"max-video-preview:-1"},"canonical":"https:\/\/www.eldiariodetucuman.com\/web\/el-vicegobernador-acevedo-recibio-al-embajador-de-portugal-en-argentina\/","og_locale":"es_ES","og_type":"article","og_title":"El vicegobernador Acevedo recibi\u00f3 al embajador de Portugal en Argentina - El Diario de Tucuman","og_description":"El vicegobernador Miguel Acevedo, a cargo del Poder Ejecutivo recibi\u00f3 en la ma\u00f1ana del martes al embajador de Portugal en Argentina, Gon\u00e7alo Teles Gomes. La visita del diplom\u00e1tico estuvo orientada a identificar \u00e1reas de cooperaci\u00f3n en deporte, cultura, turismo, vitivinicultura, agua y saneamiento, innovaci\u00f3n, tecnolog\u00eda, emprendimientos, cooperaci\u00f3n acad\u00e9mica y financiamiento internacional de la provincia.\u00a0 Participaron [&hellip;]","og_url":"https:\/\/www.eldiariodetucuman.com\/web\/el-vicegobernador-acevedo-recibio-al-embajador-de-portugal-en-argentina\/","og_site_name":"El Diario de Tucuman","article_published_time":"2025-09-02T19:49:31+00:00","author":"admin","twitter_card":"summary_large_image","twitter_misc":{"Escrito por":"admin","Tiempo de lectura":"6 minutos"},"schema":{"@context":"https:\/\/schema.org","@graph":[{"@type":"Article","@id":"https:\/\/www.eldiariodetucuman.com\/web\/el-vicegobernador-acevedo-recibio-al-embajador-de-portugal-en-argentina\/#article","isPartOf":{"@id":"https:\/\/www.eldiariodetucuman.com\/web\/el-vicegobernador-acevedo-recibio-al-embajador-de-portugal-en-argentina\/"},"author":{"name":"admin","@id":"https:\/\/www.eldiariodetucuman.com\/web\/#\/schema\/person\/9250197d75ab5483412e19678b121caa"},"headline":"El vicegobernador Acevedo recibi\u00f3 al embajador de Portugal en Argentina","datePublished":"2025-09-02T19:49:31+00:00","mainEntityOfPage":{"@id":"https:\/\/www.eldiariodetucuman.com\/web\/el-vicegobernador-acevedo-recibio-al-embajador-de-portugal-en-argentina\/"},"wordCount":1162,"publisher":{"@id":"https:\/\/www.eldiariodetucuman.com\/web\/#organization"},"image":{"@id":"https:\/\/www.eldiariodetucuman.com\/web\/el-vicegobernador-acevedo-recibio-al-embajador-de-portugal-en-argentina\/#primaryimage"},"thumbnailUrl":"https:\/\/www.eldiariodetucuman.com\/web\/wp-content\/uploads\/2025\/09\/El-vicegobernador-Acevedo-recibio-al-embajador-de-Portugal-en-Argentina.jpeg","articleSection":["Politica"],"inLanguage":"es"},{"@type":"WebPage","@id":"https:\/\/www.eldiariodetucuman.com\/web\/el-vicegobernador-acevedo-recibio-al-embajador-de-portugal-en-argentina\/","url":"https:\/\/www.eldiariodetucuman.com\/web\/el-vicegobernador-acevedo-recibio-al-embajador-de-portugal-en-argentina\/","name":"El vicegobernador Acevedo recibi\u00f3 al embajador de Portugal en Argentina - El Diario de Tucuman","isPartOf":{"@id":"https:\/\/www.eldiariodetucuman.com\/web\/#website"},"primaryImageOfPage":{"@id":"https:\/\/www.eldiariodetucuman.com\/web\/el-vicegobernador-acevedo-recibio-al-embajador-de-portugal-en-argentina\/#primaryimage"},"image":{"@id":"https:\/\/www.eldiariodetucuman.com\/web\/el-vicegobernador-acevedo-recibio-al-embajador-de-portugal-en-argentina\/#primaryimage"},"thumbnailUrl":"https:\/\/www.eldiariodetucuman.com\/web\/wp-content\/uploads\/2025\/09\/El-vicegobernador-Acevedo-recibio-al-embajador-de-Portugal-en-Argentina.jpeg","datePublished":"2025-09-02T19:49:31+00:00","breadcrumb":{"@id":"https:\/\/www.eldiariodetucuman.com\/web\/el-vicegobernador-acevedo-recibio-al-embajador-de-portugal-en-argentina\/#breadcrumb"},"inLanguage":"es","potentialAction":[{"@type":"ReadAction","target":["https:\/\/www.eldiariodetucuman.com\/web\/el-vicegobernador-acevedo-recibio-al-embajador-de-portugal-en-argentina\/"]}]},{"@type":"ImageObject","inLanguage":"es","@id":"https:\/\/www.eldiariodetucuman.com\/web\/el-vicegobernador-acevedo-recibio-al-embajador-de-portugal-en-argentina\/#primaryimage","url":"https:\/\/www.eldiariodetucuman.com\/web\/wp-content\/uploads\/2025\/09\/El-vicegobernador-Acevedo-recibio-al-embajador-de-Portugal-en-Argentina.jpeg","contentUrl":"https:\/\/www.eldiariodetucuman.com\/web\/wp-content\/uploads\/2025\/09\/El-vicegobernador-Acevedo-recibio-al-embajador-de-Portugal-en-Argentina.jpeg","width":818,"height":460},{"@type":"BreadcrumbList","@id":"https:\/\/www.eldiariodetucuman.com\/web\/el-vicegobernador-acevedo-recibio-al-embajador-de-portugal-en-argentina\/#breadcrumb","itemListElement":[{"@type":"ListItem","position":1,"name":"Portada","item":"https:\/\/www.eldiariodetucuman.com\/web\/"},{"@type":"ListItem","position":2,"name":"El vicegobernador Acevedo recibi\u00f3 al embajador de Portugal en Argentina"}]},{"@type":"WebSite","@id":"https:\/\/www.eldiariodetucuman.com\/web\/#website","url":"https:\/\/www.eldiariodetucuman.com\/web\/","name":"El Diario de Tucuman","description":"Diario Tucuman - Informaci\u00f3n y noticias","publisher":{"@id":"https:\/\/www.eldiariodetucuman.com\/web\/#organization"},"potentialAction":[{"@type":"SearchAction","target":{"@type":"EntryPoint","urlTemplate":"https:\/\/www.eldiariodetucuman.com\/web\/?s={search_term_string}"},"query-input":{"@type":"PropertyValueSpecification","valueRequired":true,"valueName":"search_term_string"}}],"inLanguage":"es"},{"@type":"Organization","@id":"https:\/\/www.eldiariodetucuman.com\/web\/#organization","name":"El Diario de Tucuman","url":"https:\/\/www.eldiariodetucuman.com\/web\/","logo":{"@type":"ImageObject","inLanguage":"es","@id":"https:\/\/www.eldiariodetucuman.com\/web\/#\/schema\/logo\/image\/","url":"http:\/\/www.eldiariodetucuman.com\/web\/wp-content\/uploads\/2017\/12\/el-diario-de-tucuman.jpg","contentUrl":"http:\/\/www.eldiariodetucuman.com\/web\/wp-content\/uploads\/2017\/12\/el-diario-de-tucuman.jpg","width":272,"height":92,"caption":"El Diario de Tucuman"},"image":{"@id":"https:\/\/www.eldiariodetucuman.com\/web\/#\/schema\/logo\/image\/"}},{"@type":"Person","@id":"https:\/\/www.eldiariodetucuman.com\/web\/#\/schema\/person\/9250197d75ab5483412e19678b121caa","name":"admin","image":{"@type":"ImageObject","inLanguage":"es","@id":"https:\/\/secure.gravatar.com\/avatar\/c44d117c2be811212c22cb481f6b8384b6873de103fbc49e7a03cc58d7dea4ac?s=96&d=mm&r=g","url":"https:\/\/secure.gravatar.com\/avatar\/c44d117c2be811212c22cb481f6b8384b6873de103fbc49e7a03cc58d7dea4ac?s=96&d=mm&r=g","contentUrl":"https:\/\/secure.gravatar.com\/avatar\/c44d117c2be811212c22cb481f6b8384b6873de103fbc49e7a03cc58d7dea4ac?s=96&d=mm&r=g","caption":"admin"},"url":"https:\/\/www.eldiariodetucuman.com\/web\/author\/admin\/"}]}},"_links":{"self":[{"href":"https:\/\/www.eldiariodetucuman.com\/web\/wp-json\/wp\/v2\/posts\/45545","targetHints":{"allow":["GET"]}}],"collection":[{"href":"https:\/\/www.eldiariodetucuman.com\/web\/wp-json\/wp\/v2\/posts"}],"about":[{"href":"https:\/\/www.eldiariodetucuman.com\/web\/wp-json\/wp\/v2\/types\/post"}],"author":[{"embeddable":true,"href":"https:\/\/www.eldiariodetucuman.com\/web\/wp-json\/wp\/v2\/users\/1"}],"replies":[{"embeddable":true,"href":"https:\/\/www.eldiariodetucuman.com\/web\/wp-json\/wp\/v2\/comments?post=45545"}],"version-history":[{"count":0,"href":"https:\/\/www.eldiariodetucuman.com\/web\/wp-json\/wp\/v2\/posts\/45545\/revisions"}],"wp:featuredmedia":[{"embeddable":true,"href":"https:\/\/www.eldiariodetucuman.com\/web\/wp-json\/wp\/v2\/media\/45546"}],"wp:attachment":[{"href":"https:\/\/www.eldiariodetucuman.com\/web\/wp-json\/wp\/v2\/media?parent=45545"}],"wp:term":[{"taxonomy":"category","embeddable":true,"href":"https:\/\/www.eldiariodetucuman.com\/web\/wp-json\/wp\/v2\/categories?post=45545"},{"taxonomy":"post_tag","embeddable":true,"href":"https:\/\/www.eldiariodetucuman.com\/web\/wp-json\/wp\/v2\/tags?post=45545"}],"curies":[{"name":"wp","href":"https:\/\/api.w.org\/{rel}","templated":true}]}}