{"id":45517,"date":"2025-08-30T14:47:50","date_gmt":"2025-08-30T17:47:50","guid":{"rendered":"https:\/\/www.eldiariodetucuman.com\/web\/la-inflacion-de-alimentos-en-agosto-subio-3-por-la-inestabilidad-del-dolar-segun-analistas\/"},"modified":"2025-08-30T14:47:50","modified_gmt":"2025-08-30T17:47:50","slug":"la-inflacion-de-alimentos-en-agosto-subio-3-por-la-inestabilidad-del-dolar-segun-analistas","status":"publish","type":"post","link":"https:\/\/www.eldiariodetucuman.com\/web\/la-inflacion-de-alimentos-en-agosto-subio-3-por-la-inestabilidad-del-dolar-segun-analistas\/","title":{"rendered":"La inflaci\u00f3n de alimentos en agosto subi\u00f3 3% por la inestabilidad del d\u00f3lar, seg\u00fan analistas"},"content":{"rendered":"<p><\/p>\n<p>Bebidas e infusiones tuvieron el incremento m\u00e1s alto. Esperan que los precios sigan al alza en septiembre, rompiendo la tendencia a la baja de los primeros meses del a\u00f1o.<\/p>\n<p>La inestabilidad del d\u00f3lar de las \u00faltima semanas tuvo su correlato en la\u00a0<strong>inflaci\u00f3n de los alimentos que en agosto trep\u00f3 a 3%, pese a que en la \u00faltima semana se produjo una deflaci\u00f3n de 0,1%,<\/strong>\u00a0seg\u00fan un estudio privado.<\/p>\n<p>El impulso que tuvieron los precios de los productos comestibles en la primera mitad del per\u00edodo del mes explica el resultado \u201cpunta a punta\u201d. Ese aumento se dio como reflejo de la suba del d\u00f3lar que se produjo en el final de julio y los primeros d\u00edas de agosto.<\/p>\n<p>La proyecci\u00f3n corresponde a las mediciones de la consultora LCG que releva 8.000 productos semanalmente en cinco supermercados con corte los mi\u00e9rcoles.<\/p>\n<p>Si se toma el promedio de las \u00faltimas cuatro semanas,\u00a0la suba del precio de los alimentos se reduce a 2,4%. Frutas (6%), bebidas e infusiones (4,6%), verduras (3%), panificados (2,5%) y carnes 2,5%, resultan los principales incrementos.<\/p>\n<p>De esta forma, se verifica que hubo un traslado parcial a precios de la suba del d\u00f3lar a la zona e $ 1.370.<\/p>\n<p>En tanto, para EcoGo la inflaci\u00f3n en alimentos consumidos dentro del hogar ascender\u00eda a 2,3% en agosto. Incorporando los aumentos registrados en alimentos consumidos fuera del hogar (3,2%), el indicador se ubica en 2,5%.<\/p>\n<p>El consenso entre las principales consultoras es que la inflaci\u00f3n de agosto se ubicar\u00eda por encima de 2%, levemente por encima de julio, que fue del 1,9%.<\/p>\n<p>As\u00ed se frenar\u00eda la tendencia bajista y con perspectivas menos favorables para septiembre luego de los aumentos anunciados especialmente en los combustibles.<\/p>\n<p>De este modo, se complica el principal argumento del gobierno de cara a las elecciones nacionales del 26 de octubre, es una baja consistente de la inflaci\u00f3n gracias a la eliminaci\u00f3n de la emisi\u00f3n monetaria.<\/p>\n<p>Esto se traslada adem\u00e1s a las expecativas de la poblaci\u00f3n. En ese sentido,\u00a0la inflaci\u00f3n esperada para los pr\u00f3ximos 12 meses es de 39,6% en la medici\u00f3n de agosto, lo que implic\u00f3 un aumento de 5,3 puntos porcentuales respecto a julio, inform\u00f3 la Universidad Torcuato di Tella.<\/p>\n<p>DATACLAVE<\/p>\n<p>Fuente: <a href=\"https:\/\/tucuman24.com\/nota\/189349\/la-inflacion-de-alimentos-en-agosto-subio-3-por-la-inestabilidad-del-dolar-segun-analistas.html\"> Fuente de la nota <\/a><\/p>\n","protected":false},"excerpt":{"rendered":"<p>Bebidas e infusiones tuvieron el incremento m\u00e1s alto. Esperan que los precios sigan al alza en septiembre, rompiendo la tendencia a la baja de los primeros meses del a\u00f1o. La inestabilidad del d\u00f3lar de las \u00faltima semanas tuvo su correlato en la\u00a0inflaci\u00f3n de los alimentos que en agosto trep\u00f3 a 3%, pese a que en [&hellip;]<\/p>\n","protected":false},"author":1,"featured_media":45053,"comment_status":"closed","ping_status":"open","sticky":false,"template":"","format":"standard","meta":{"footnotes":""},"categories":[2],"tags":[],"class_list":{"0":"post-45517","1":"post","2":"type-post","3":"status-publish","4":"format-standard","5":"has-post-thumbnail","7":"category-actualidad"},"yoast_head":"<!-- This site is optimized with the Yoast SEO plugin v27.5 - https:\/\/yoast.com\/product\/yoast-seo-wordpress\/ -->\n<title>La inflaci\u00f3n de alimentos en agosto subi\u00f3 3% por la inestabilidad del d\u00f3lar, seg\u00fan analistas - El Diario de Tucuman<\/title>\n<meta name=\"robots\" content=\"index, follow, max-snippet:-1, max-image-preview:large, max-video-preview:-1\" \/>\n<link rel=\"canonical\" href=\"https:\/\/www.eldiariodetucuman.com\/web\/la-inflacion-de-alimentos-en-agosto-subio-3-por-la-inestabilidad-del-dolar-segun-analistas\/\" \/>\n<meta property=\"og:locale\" content=\"es_ES\" \/>\n<meta property=\"og:type\" content=\"article\" \/>\n<meta property=\"og:title\" content=\"La inflaci\u00f3n de alimentos en agosto subi\u00f3 3% por la inestabilidad del d\u00f3lar, seg\u00fan analistas - El Diario de Tucuman\" \/>\n<meta property=\"og:description\" content=\"Bebidas e infusiones tuvieron el incremento m\u00e1s alto. Esperan que los precios sigan al alza en septiembre, rompiendo la tendencia a la baja de los primeros meses del a\u00f1o. La inestabilidad del d\u00f3lar de las \u00faltima semanas tuvo su correlato en la\u00a0inflaci\u00f3n de los alimentos que en agosto trep\u00f3 a 3%, pese a que en [&hellip;]\" \/>\n<meta property=\"og:url\" content=\"https:\/\/www.eldiariodetucuman.com\/web\/la-inflacion-de-alimentos-en-agosto-subio-3-por-la-inestabilidad-del-dolar-segun-analistas\/\" \/>\n<meta property=\"og:site_name\" content=\"El Diario de Tucuman\" \/>\n<meta property=\"article:published_time\" content=\"2025-08-30T17:47:50+00:00\" \/>\n<meta name=\"author\" content=\"admin\" \/>\n<meta name=\"twitter:card\" content=\"summary_large_image\" \/>\n<meta name=\"twitter:label1\" content=\"Escrito por\" \/>\n\t<meta name=\"twitter:data1\" content=\"admin\" \/>\n\t<meta name=\"twitter:label2\" content=\"Tiempo de lectura\" \/>\n\t<meta name=\"twitter:data2\" content=\"2 minutos\" \/>\n<script type=\"application\/ld+json\" class=\"yoast-schema-graph\">{\"@context\":\"https:\\\/\\\/schema.org\",\"@graph\":[{\"@type\":\"Article\",\"@id\":\"https:\\\/\\\/www.eldiariodetucuman.com\\\/web\\\/la-inflacion-de-alimentos-en-agosto-subio-3-por-la-inestabilidad-del-dolar-segun-analistas\\\/#article\",\"isPartOf\":{\"@id\":\"https:\\\/\\\/www.eldiariodetucuman.com\\\/web\\\/la-inflacion-de-alimentos-en-agosto-subio-3-por-la-inestabilidad-del-dolar-segun-analistas\\\/\"},\"author\":{\"name\":\"admin\",\"@id\":\"https:\\\/\\\/www.eldiariodetucuman.com\\\/web\\\/#\\\/schema\\\/person\\\/9250197d75ab5483412e19678b121caa\"},\"headline\":\"La inflaci\u00f3n de alimentos en agosto subi\u00f3 3% por la inestabilidad del d\u00f3lar, seg\u00fan analistas\",\"datePublished\":\"2025-08-30T17:47:50+00:00\",\"mainEntityOfPage\":{\"@id\":\"https:\\\/\\\/www.eldiariodetucuman.com\\\/web\\\/la-inflacion-de-alimentos-en-agosto-subio-3-por-la-inestabilidad-del-dolar-segun-analistas\\\/\"},\"wordCount\":394,\"publisher\":{\"@id\":\"https:\\\/\\\/www.eldiariodetucuman.com\\\/web\\\/#organization\"},\"image\":{\"@id\":\"https:\\\/\\\/www.eldiariodetucuman.com\\\/web\\\/la-inflacion-de-alimentos-en-agosto-subio-3-por-la-inestabilidad-del-dolar-segun-analistas\\\/#primaryimage\"},\"thumbnailUrl\":\"https:\\\/\\\/www.eldiariodetucuman.com\\\/web\\\/wp-content\\\/uploads\\\/2025\\\/07\\\/Se-conocera-la-inflacion-de-junio-\u00bfhabra-registrado-el-INDEC.png\",\"articleSection\":[\"Actualidad\"],\"inLanguage\":\"es\"},{\"@type\":\"WebPage\",\"@id\":\"https:\\\/\\\/www.eldiariodetucuman.com\\\/web\\\/la-inflacion-de-alimentos-en-agosto-subio-3-por-la-inestabilidad-del-dolar-segun-analistas\\\/\",\"url\":\"https:\\\/\\\/www.eldiariodetucuman.com\\\/web\\\/la-inflacion-de-alimentos-en-agosto-subio-3-por-la-inestabilidad-del-dolar-segun-analistas\\\/\",\"name\":\"La inflaci\u00f3n de alimentos en agosto subi\u00f3 3% por la inestabilidad del d\u00f3lar, seg\u00fan analistas - El Diario de Tucuman\",\"isPartOf\":{\"@id\":\"https:\\\/\\\/www.eldiariodetucuman.com\\\/web\\\/#website\"},\"primaryImageOfPage\":{\"@id\":\"https:\\\/\\\/www.eldiariodetucuman.com\\\/web\\\/la-inflacion-de-alimentos-en-agosto-subio-3-por-la-inestabilidad-del-dolar-segun-analistas\\\/#primaryimage\"},\"image\":{\"@id\":\"https:\\\/\\\/www.eldiariodetucuman.com\\\/web\\\/la-inflacion-de-alimentos-en-agosto-subio-3-por-la-inestabilidad-del-dolar-segun-analistas\\\/#primaryimage\"},\"thumbnailUrl\":\"https:\\\/\\\/www.eldiariodetucuman.com\\\/web\\\/wp-content\\\/uploads\\\/2025\\\/07\\\/Se-conocera-la-inflacion-de-junio-\u00bfhabra-registrado-el-INDEC.png\",\"datePublished\":\"2025-08-30T17:47:50+00:00\",\"breadcrumb\":{\"@id\":\"https:\\\/\\\/www.eldiariodetucuman.com\\\/web\\\/la-inflacion-de-alimentos-en-agosto-subio-3-por-la-inestabilidad-del-dolar-segun-analistas\\\/#breadcrumb\"},\"inLanguage\":\"es\",\"potentialAction\":[{\"@type\":\"ReadAction\",\"target\":[\"https:\\\/\\\/www.eldiariodetucuman.com\\\/web\\\/la-inflacion-de-alimentos-en-agosto-subio-3-por-la-inestabilidad-del-dolar-segun-analistas\\\/\"]}]},{\"@type\":\"ImageObject\",\"inLanguage\":\"es\",\"@id\":\"https:\\\/\\\/www.eldiariodetucuman.com\\\/web\\\/la-inflacion-de-alimentos-en-agosto-subio-3-por-la-inestabilidad-del-dolar-segun-analistas\\\/#primaryimage\",\"url\":\"https:\\\/\\\/www.eldiariodetucuman.com\\\/web\\\/wp-content\\\/uploads\\\/2025\\\/07\\\/Se-conocera-la-inflacion-de-junio-\u00bfhabra-registrado-el-INDEC.png\",\"contentUrl\":\"https:\\\/\\\/www.eldiariodetucuman.com\\\/web\\\/wp-content\\\/uploads\\\/2025\\\/07\\\/Se-conocera-la-inflacion-de-junio-\u00bfhabra-registrado-el-INDEC.png\",\"width\":772,\"height\":435},{\"@type\":\"BreadcrumbList\",\"@id\":\"https:\\\/\\\/www.eldiariodetucuman.com\\\/web\\\/la-inflacion-de-alimentos-en-agosto-subio-3-por-la-inestabilidad-del-dolar-segun-analistas\\\/#breadcrumb\",\"itemListElement\":[{\"@type\":\"ListItem\",\"position\":1,\"name\":\"Portada\",\"item\":\"https:\\\/\\\/www.eldiariodetucuman.com\\\/web\\\/\"},{\"@type\":\"ListItem\",\"position\":2,\"name\":\"La inflaci\u00f3n de alimentos en agosto subi\u00f3 3% por la inestabilidad del d\u00f3lar, seg\u00fan analistas\"}]},{\"@type\":\"WebSite\",\"@id\":\"https:\\\/\\\/www.eldiariodetucuman.com\\\/web\\\/#website\",\"url\":\"https:\\\/\\\/www.eldiariodetucuman.com\\\/web\\\/\",\"name\":\"El Diario de Tucuman\",\"description\":\"Diario Tucuman - Informaci\u00f3n y noticias\",\"publisher\":{\"@id\":\"https:\\\/\\\/www.eldiariodetucuman.com\\\/web\\\/#organization\"},\"potentialAction\":[{\"@type\":\"SearchAction\",\"target\":{\"@type\":\"EntryPoint\",\"urlTemplate\":\"https:\\\/\\\/www.eldiariodetucuman.com\\\/web\\\/?s={search_term_string}\"},\"query-input\":{\"@type\":\"PropertyValueSpecification\",\"valueRequired\":true,\"valueName\":\"search_term_string\"}}],\"inLanguage\":\"es\"},{\"@type\":\"Organization\",\"@id\":\"https:\\\/\\\/www.eldiariodetucuman.com\\\/web\\\/#organization\",\"name\":\"El Diario de Tucuman\",\"url\":\"https:\\\/\\\/www.eldiariodetucuman.com\\\/web\\\/\",\"logo\":{\"@type\":\"ImageObject\",\"inLanguage\":\"es\",\"@id\":\"https:\\\/\\\/www.eldiariodetucuman.com\\\/web\\\/#\\\/schema\\\/logo\\\/image\\\/\",\"url\":\"http:\\\/\\\/www.eldiariodetucuman.com\\\/web\\\/wp-content\\\/uploads\\\/2017\\\/12\\\/el-diario-de-tucuman.jpg\",\"contentUrl\":\"http:\\\/\\\/www.eldiariodetucuman.com\\\/web\\\/wp-content\\\/uploads\\\/2017\\\/12\\\/el-diario-de-tucuman.jpg\",\"width\":272,\"height\":92,\"caption\":\"El Diario de Tucuman\"},\"image\":{\"@id\":\"https:\\\/\\\/www.eldiariodetucuman.com\\\/web\\\/#\\\/schema\\\/logo\\\/image\\\/\"}},{\"@type\":\"Person\",\"@id\":\"https:\\\/\\\/www.eldiariodetucuman.com\\\/web\\\/#\\\/schema\\\/person\\\/9250197d75ab5483412e19678b121caa\",\"name\":\"admin\",\"image\":{\"@type\":\"ImageObject\",\"inLanguage\":\"es\",\"@id\":\"https:\\\/\\\/secure.gravatar.com\\\/avatar\\\/c44d117c2be811212c22cb481f6b8384b6873de103fbc49e7a03cc58d7dea4ac?s=96&d=mm&r=g\",\"url\":\"https:\\\/\\\/secure.gravatar.com\\\/avatar\\\/c44d117c2be811212c22cb481f6b8384b6873de103fbc49e7a03cc58d7dea4ac?s=96&d=mm&r=g\",\"contentUrl\":\"https:\\\/\\\/secure.gravatar.com\\\/avatar\\\/c44d117c2be811212c22cb481f6b8384b6873de103fbc49e7a03cc58d7dea4ac?s=96&d=mm&r=g\",\"caption\":\"admin\"},\"url\":\"https:\\\/\\\/www.eldiariodetucuman.com\\\/web\\\/author\\\/admin\\\/\"}]}<\/script>\n<!-- \/ Yoast SEO plugin. -->","yoast_head_json":{"title":"La inflaci\u00f3n de alimentos en agosto subi\u00f3 3% por la inestabilidad del d\u00f3lar, seg\u00fan analistas - El Diario de Tucuman","robots":{"index":"index","follow":"follow","max-snippet":"max-snippet:-1","max-image-preview":"max-image-preview:large","max-video-preview":"max-video-preview:-1"},"canonical":"https:\/\/www.eldiariodetucuman.com\/web\/la-inflacion-de-alimentos-en-agosto-subio-3-por-la-inestabilidad-del-dolar-segun-analistas\/","og_locale":"es_ES","og_type":"article","og_title":"La inflaci\u00f3n de alimentos en agosto subi\u00f3 3% por la inestabilidad del d\u00f3lar, seg\u00fan analistas - El Diario de Tucuman","og_description":"Bebidas e infusiones tuvieron el incremento m\u00e1s alto. Esperan que los precios sigan al alza en septiembre, rompiendo la tendencia a la baja de los primeros meses del a\u00f1o. La inestabilidad del d\u00f3lar de las \u00faltima semanas tuvo su correlato en la\u00a0inflaci\u00f3n de los alimentos que en agosto trep\u00f3 a 3%, pese a que en [&hellip;]","og_url":"https:\/\/www.eldiariodetucuman.com\/web\/la-inflacion-de-alimentos-en-agosto-subio-3-por-la-inestabilidad-del-dolar-segun-analistas\/","og_site_name":"El Diario de Tucuman","article_published_time":"2025-08-30T17:47:50+00:00","author":"admin","twitter_card":"summary_large_image","twitter_misc":{"Escrito por":"admin","Tiempo de lectura":"2 minutos"},"schema":{"@context":"https:\/\/schema.org","@graph":[{"@type":"Article","@id":"https:\/\/www.eldiariodetucuman.com\/web\/la-inflacion-de-alimentos-en-agosto-subio-3-por-la-inestabilidad-del-dolar-segun-analistas\/#article","isPartOf":{"@id":"https:\/\/www.eldiariodetucuman.com\/web\/la-inflacion-de-alimentos-en-agosto-subio-3-por-la-inestabilidad-del-dolar-segun-analistas\/"},"author":{"name":"admin","@id":"https:\/\/www.eldiariodetucuman.com\/web\/#\/schema\/person\/9250197d75ab5483412e19678b121caa"},"headline":"La inflaci\u00f3n de alimentos en agosto subi\u00f3 3% por la inestabilidad del d\u00f3lar, seg\u00fan analistas","datePublished":"2025-08-30T17:47:50+00:00","mainEntityOfPage":{"@id":"https:\/\/www.eldiariodetucuman.com\/web\/la-inflacion-de-alimentos-en-agosto-subio-3-por-la-inestabilidad-del-dolar-segun-analistas\/"},"wordCount":394,"publisher":{"@id":"https:\/\/www.eldiariodetucuman.com\/web\/#organization"},"image":{"@id":"https:\/\/www.eldiariodetucuman.com\/web\/la-inflacion-de-alimentos-en-agosto-subio-3-por-la-inestabilidad-del-dolar-segun-analistas\/#primaryimage"},"thumbnailUrl":"https:\/\/www.eldiariodetucuman.com\/web\/wp-content\/uploads\/2025\/07\/Se-conocera-la-inflacion-de-junio-\u00bfhabra-registrado-el-INDEC.png","articleSection":["Actualidad"],"inLanguage":"es"},{"@type":"WebPage","@id":"https:\/\/www.eldiariodetucuman.com\/web\/la-inflacion-de-alimentos-en-agosto-subio-3-por-la-inestabilidad-del-dolar-segun-analistas\/","url":"https:\/\/www.eldiariodetucuman.com\/web\/la-inflacion-de-alimentos-en-agosto-subio-3-por-la-inestabilidad-del-dolar-segun-analistas\/","name":"La inflaci\u00f3n de alimentos en agosto subi\u00f3 3% por la inestabilidad del d\u00f3lar, seg\u00fan analistas - El Diario de Tucuman","isPartOf":{"@id":"https:\/\/www.eldiariodetucuman.com\/web\/#website"},"primaryImageOfPage":{"@id":"https:\/\/www.eldiariodetucuman.com\/web\/la-inflacion-de-alimentos-en-agosto-subio-3-por-la-inestabilidad-del-dolar-segun-analistas\/#primaryimage"},"image":{"@id":"https:\/\/www.eldiariodetucuman.com\/web\/la-inflacion-de-alimentos-en-agosto-subio-3-por-la-inestabilidad-del-dolar-segun-analistas\/#primaryimage"},"thumbnailUrl":"https:\/\/www.eldiariodetucuman.com\/web\/wp-content\/uploads\/2025\/07\/Se-conocera-la-inflacion-de-junio-\u00bfhabra-registrado-el-INDEC.png","datePublished":"2025-08-30T17:47:50+00:00","breadcrumb":{"@id":"https:\/\/www.eldiariodetucuman.com\/web\/la-inflacion-de-alimentos-en-agosto-subio-3-por-la-inestabilidad-del-dolar-segun-analistas\/#breadcrumb"},"inLanguage":"es","potentialAction":[{"@type":"ReadAction","target":["https:\/\/www.eldiariodetucuman.com\/web\/la-inflacion-de-alimentos-en-agosto-subio-3-por-la-inestabilidad-del-dolar-segun-analistas\/"]}]},{"@type":"ImageObject","inLanguage":"es","@id":"https:\/\/www.eldiariodetucuman.com\/web\/la-inflacion-de-alimentos-en-agosto-subio-3-por-la-inestabilidad-del-dolar-segun-analistas\/#primaryimage","url":"https:\/\/www.eldiariodetucuman.com\/web\/wp-content\/uploads\/2025\/07\/Se-conocera-la-inflacion-de-junio-\u00bfhabra-registrado-el-INDEC.png","contentUrl":"https:\/\/www.eldiariodetucuman.com\/web\/wp-content\/uploads\/2025\/07\/Se-conocera-la-inflacion-de-junio-\u00bfhabra-registrado-el-INDEC.png","width":772,"height":435},{"@type":"BreadcrumbList","@id":"https:\/\/www.eldiariodetucuman.com\/web\/la-inflacion-de-alimentos-en-agosto-subio-3-por-la-inestabilidad-del-dolar-segun-analistas\/#breadcrumb","itemListElement":[{"@type":"ListItem","position":1,"name":"Portada","item":"https:\/\/www.eldiariodetucuman.com\/web\/"},{"@type":"ListItem","position":2,"name":"La inflaci\u00f3n de alimentos en agosto subi\u00f3 3% por la inestabilidad del d\u00f3lar, seg\u00fan analistas"}]},{"@type":"WebSite","@id":"https:\/\/www.eldiariodetucuman.com\/web\/#website","url":"https:\/\/www.eldiariodetucuman.com\/web\/","name":"El Diario de Tucuman","description":"Diario Tucuman - Informaci\u00f3n y noticias","publisher":{"@id":"https:\/\/www.eldiariodetucuman.com\/web\/#organization"},"potentialAction":[{"@type":"SearchAction","target":{"@type":"EntryPoint","urlTemplate":"https:\/\/www.eldiariodetucuman.com\/web\/?s={search_term_string}"},"query-input":{"@type":"PropertyValueSpecification","valueRequired":true,"valueName":"search_term_string"}}],"inLanguage":"es"},{"@type":"Organization","@id":"https:\/\/www.eldiariodetucuman.com\/web\/#organization","name":"El Diario de Tucuman","url":"https:\/\/www.eldiariodetucuman.com\/web\/","logo":{"@type":"ImageObject","inLanguage":"es","@id":"https:\/\/www.eldiariodetucuman.com\/web\/#\/schema\/logo\/image\/","url":"http:\/\/www.eldiariodetucuman.com\/web\/wp-content\/uploads\/2017\/12\/el-diario-de-tucuman.jpg","contentUrl":"http:\/\/www.eldiariodetucuman.com\/web\/wp-content\/uploads\/2017\/12\/el-diario-de-tucuman.jpg","width":272,"height":92,"caption":"El Diario de Tucuman"},"image":{"@id":"https:\/\/www.eldiariodetucuman.com\/web\/#\/schema\/logo\/image\/"}},{"@type":"Person","@id":"https:\/\/www.eldiariodetucuman.com\/web\/#\/schema\/person\/9250197d75ab5483412e19678b121caa","name":"admin","image":{"@type":"ImageObject","inLanguage":"es","@id":"https:\/\/secure.gravatar.com\/avatar\/c44d117c2be811212c22cb481f6b8384b6873de103fbc49e7a03cc58d7dea4ac?s=96&d=mm&r=g","url":"https:\/\/secure.gravatar.com\/avatar\/c44d117c2be811212c22cb481f6b8384b6873de103fbc49e7a03cc58d7dea4ac?s=96&d=mm&r=g","contentUrl":"https:\/\/secure.gravatar.com\/avatar\/c44d117c2be811212c22cb481f6b8384b6873de103fbc49e7a03cc58d7dea4ac?s=96&d=mm&r=g","caption":"admin"},"url":"https:\/\/www.eldiariodetucuman.com\/web\/author\/admin\/"}]}},"_links":{"self":[{"href":"https:\/\/www.eldiariodetucuman.com\/web\/wp-json\/wp\/v2\/posts\/45517","targetHints":{"allow":["GET"]}}],"collection":[{"href":"https:\/\/www.eldiariodetucuman.com\/web\/wp-json\/wp\/v2\/posts"}],"about":[{"href":"https:\/\/www.eldiariodetucuman.com\/web\/wp-json\/wp\/v2\/types\/post"}],"author":[{"embeddable":true,"href":"https:\/\/www.eldiariodetucuman.com\/web\/wp-json\/wp\/v2\/users\/1"}],"replies":[{"embeddable":true,"href":"https:\/\/www.eldiariodetucuman.com\/web\/wp-json\/wp\/v2\/comments?post=45517"}],"version-history":[{"count":0,"href":"https:\/\/www.eldiariodetucuman.com\/web\/wp-json\/wp\/v2\/posts\/45517\/revisions"}],"wp:featuredmedia":[{"embeddable":true,"href":"https:\/\/www.eldiariodetucuman.com\/web\/wp-json\/wp\/v2\/media\/45053"}],"wp:attachment":[{"href":"https:\/\/www.eldiariodetucuman.com\/web\/wp-json\/wp\/v2\/media?parent=45517"}],"wp:term":[{"taxonomy":"category","embeddable":true,"href":"https:\/\/www.eldiariodetucuman.com\/web\/wp-json\/wp\/v2\/categories?post=45517"},{"taxonomy":"post_tag","embeddable":true,"href":"https:\/\/www.eldiariodetucuman.com\/web\/wp-json\/wp\/v2\/tags?post=45517"}],"curies":[{"name":"wp","href":"https:\/\/api.w.org\/{rel}","templated":true}]}}