{"id":45515,"date":"2025-08-30T04:43:02","date_gmt":"2025-08-30T07:43:02","guid":{"rendered":"https:\/\/www.eldiariodetucuman.com\/web\/homenajearon-a-alberdi-con-un-izamiento-de-bandera-en-el-ministerio-de-educacion\/"},"modified":"2025-08-30T04:43:02","modified_gmt":"2025-08-30T07:43:02","slug":"homenajearon-a-alberdi-con-un-izamiento-de-bandera-en-el-ministerio-de-educacion","status":"publish","type":"post","link":"https:\/\/www.eldiariodetucuman.com\/web\/homenajearon-a-alberdi-con-un-izamiento-de-bandera-en-el-ministerio-de-educacion\/","title":{"rendered":"Homenajearon a Alberdi con un izamiento de bandera en el Ministerio de Educaci\u00f3n"},"content":{"rendered":"<p><\/p>\n<p id=\"isPasted\">En la Secretar\u00eda de Educaci\u00f3n y en conmemoraci\u00f3n del 251\u00b0 Aniversario del Nacimiento de Juan Bautista Alberdi, se realiz\u00f3 un emotivo izamiento de bandera, que fue confeccionada y donada al Ministerio de Educaci\u00f3n por docentes y alumnas del CEJA Paula Albarrac\u00edn, dependiente de la Direcci\u00f3n de J\u00f3venes y Adultos. Adem\u00e1s, se inaugur\u00f3 la revalorizaci\u00f3n del hist\u00f3rico m\u00e1stil sobre avenida Sarmiento a cargo de la coordinaci\u00f3n de Intendencia.<\/p>\n<p>Encabez\u00f3 el acto la ministra de Educaci\u00f3n, <strong>Susana Montaldo<\/strong>; la secretaria de Estado de Educaci\u00f3n, <strong>Gabriela Gallardo<\/strong>; y el subsecretario de Asistencia Legal y T\u00e9cnica, <strong>Facundo Juez P\u00e9rez<\/strong>; las alumnas que confeccionaron la bandera, <strong>Rosa Del Carmen Garc\u00eda<\/strong> y <strong>Elba Mariel Garc\u00eda<\/strong>; Directores y Directoras de nivel, supervisoras, docentes y trabajadores.<\/p>\n<p>Adem\u00e1s, participaron del izamiento <strong>Ricardo Miguel Basile<\/strong>, integrante de la direcci\u00f3n de Personal; <strong>Ra\u00fal Armando Abraham<\/strong>, personal de Mesa de Entrada; <strong>Marcela Aguilar<\/strong>, personal de Comunicaciones; <strong>Ren\u00e9 Rosales<\/strong>, personal de Educaci\u00f3n Secundaria y <strong>Osvaldo Vildoza<\/strong>, personal de direcci\u00f3n Primaria<\/p>\n<p>Luego del emotivo acto, Susana Montaldo destac\u00f3: \u201cHoy recordamos los 215 a\u00f1os del natalicio de Juan Bautista Alberdi, un tucumano ilustre y logramos coincidir esa fecha con poner la bandera elaborada por nuestras docentes de institutos de j\u00f3venes y adultos, y el personal administrativo del Ministerio de Educaci\u00f3n en el m\u00e1stil del ministerio. Fue un acto emotivo quiero decirles a todos los empleados administrativos y docentes que trabajan para que tengamos una educaci\u00f3n de mejor calidad\u201d.<\/p>\n<\/p>\n<p>Elba Mariel Garc\u00eda, profesora del CEJA Paula Albarrac\u00edn de Sarmiento: \u201cSoy profesora de textil artesanal. Confeccionar la bandera para el Ministerio de Educaci\u00f3nes una gran satisfacci\u00f3n y esta en especial que es mi \u00faltima bandera porque me jubilo en diciembre. Trabajamos con las alumnas del taller y con la profesora Rosa Garc\u00eda. Esto es un gran reconocimiento a la labor docente y m\u00e1s a una escuela de manualidades. La bandera tiene 7 metros de largo por 4 metros de ancho, lleva cada 75 cent\u00edmetros las piolas para sujetar la bandera\u201d.<\/p>\n<p>Marcela Aguilar, trabajadora del Ministerio de Educaci\u00f3n, coment\u00f3: \u201csoy profesora de Adultos y Educaci\u00f3n Primaria, trabajo en la oficina de Comunicaciones. Hoy es mi \u00faltimo d\u00eda de trabajo, despu\u00e9s de 35 a\u00f1os de labor. Estoy muy emocionada que Dios me haya bendecido con este broche de oro a mi carrera, poder izar mi bandera. Todos se despidieron de m\u00ed, est\u00e1 mi familia, mis compa\u00f1eros, jefes, todo. La Secretar\u00eda de Educaci\u00f3n es mi segundo hogar\u201d.<\/p>\n<\/p>\n<p>Fuente: <a href=\"https:\/\/www.comunicaciontucuman.gob.ar\/noticia\/gobernacion\/236641\/homenajearon-alberdi-izamiento-bandera-ministerio-educacion\"> Fuente de la nota <\/a><\/p>\n","protected":false},"excerpt":{"rendered":"<p>En la Secretar\u00eda de Educaci\u00f3n y en conmemoraci\u00f3n del 251\u00b0 Aniversario del Nacimiento de Juan Bautista Alberdi, se realiz\u00f3 un emotivo izamiento de bandera, que fue confeccionada y donada al Ministerio de Educaci\u00f3n por docentes y alumnas del CEJA Paula Albarrac\u00edn, dependiente de la Direcci\u00f3n de J\u00f3venes y Adultos. Adem\u00e1s, se inaugur\u00f3 la revalorizaci\u00f3n del [&hellip;]<\/p>\n","protected":false},"author":1,"featured_media":45516,"comment_status":"closed","ping_status":"open","sticky":false,"template":"","format":"standard","meta":{"footnotes":""},"categories":[3],"tags":[],"class_list":{"0":"post-45515","1":"post","2":"type-post","3":"status-publish","4":"format-standard","5":"has-post-thumbnail","7":"category-politica"},"yoast_head":"<!-- This site is optimized with the Yoast SEO plugin v27.5 - https:\/\/yoast.com\/product\/yoast-seo-wordpress\/ -->\n<title>Homenajearon a Alberdi con un izamiento de bandera en el Ministerio de Educaci\u00f3n - El Diario de Tucuman<\/title>\n<meta name=\"robots\" content=\"index, follow, max-snippet:-1, max-image-preview:large, max-video-preview:-1\" \/>\n<link rel=\"canonical\" href=\"https:\/\/www.eldiariodetucuman.com\/web\/homenajearon-a-alberdi-con-un-izamiento-de-bandera-en-el-ministerio-de-educacion\/\" \/>\n<meta property=\"og:locale\" content=\"es_ES\" \/>\n<meta property=\"og:type\" content=\"article\" \/>\n<meta property=\"og:title\" content=\"Homenajearon a Alberdi con un izamiento de bandera en el Ministerio de Educaci\u00f3n - El Diario de Tucuman\" \/>\n<meta property=\"og:description\" content=\"En la Secretar\u00eda de Educaci\u00f3n y en conmemoraci\u00f3n del 251\u00b0 Aniversario del Nacimiento de Juan Bautista Alberdi, se realiz\u00f3 un emotivo izamiento de bandera, que fue confeccionada y donada al Ministerio de Educaci\u00f3n por docentes y alumnas del CEJA Paula Albarrac\u00edn, dependiente de la Direcci\u00f3n de J\u00f3venes y Adultos. Adem\u00e1s, se inaugur\u00f3 la revalorizaci\u00f3n del [&hellip;]\" \/>\n<meta property=\"og:url\" content=\"https:\/\/www.eldiariodetucuman.com\/web\/homenajearon-a-alberdi-con-un-izamiento-de-bandera-en-el-ministerio-de-educacion\/\" \/>\n<meta property=\"og:site_name\" content=\"El Diario de Tucuman\" \/>\n<meta property=\"article:published_time\" content=\"2025-08-30T07:43:02+00:00\" \/>\n<meta name=\"author\" content=\"admin\" \/>\n<meta name=\"twitter:card\" content=\"summary_large_image\" \/>\n<meta name=\"twitter:label1\" content=\"Escrito por\" \/>\n\t<meta name=\"twitter:data1\" content=\"admin\" \/>\n\t<meta name=\"twitter:label2\" content=\"Tiempo de lectura\" \/>\n\t<meta name=\"twitter:data2\" content=\"2 minutos\" \/>\n<script type=\"application\/ld+json\" class=\"yoast-schema-graph\">{\"@context\":\"https:\\\/\\\/schema.org\",\"@graph\":[{\"@type\":\"Article\",\"@id\":\"https:\\\/\\\/www.eldiariodetucuman.com\\\/web\\\/homenajearon-a-alberdi-con-un-izamiento-de-bandera-en-el-ministerio-de-educacion\\\/#article\",\"isPartOf\":{\"@id\":\"https:\\\/\\\/www.eldiariodetucuman.com\\\/web\\\/homenajearon-a-alberdi-con-un-izamiento-de-bandera-en-el-ministerio-de-educacion\\\/\"},\"author\":{\"name\":\"admin\",\"@id\":\"https:\\\/\\\/www.eldiariodetucuman.com\\\/web\\\/#\\\/schema\\\/person\\\/9250197d75ab5483412e19678b121caa\"},\"headline\":\"Homenajearon a Alberdi con un izamiento de bandera en el Ministerio de Educaci\u00f3n\",\"datePublished\":\"2025-08-30T07:43:02+00:00\",\"mainEntityOfPage\":{\"@id\":\"https:\\\/\\\/www.eldiariodetucuman.com\\\/web\\\/homenajearon-a-alberdi-con-un-izamiento-de-bandera-en-el-ministerio-de-educacion\\\/\"},\"wordCount\":453,\"publisher\":{\"@id\":\"https:\\\/\\\/www.eldiariodetucuman.com\\\/web\\\/#organization\"},\"image\":{\"@id\":\"https:\\\/\\\/www.eldiariodetucuman.com\\\/web\\\/homenajearon-a-alberdi-con-un-izamiento-de-bandera-en-el-ministerio-de-educacion\\\/#primaryimage\"},\"thumbnailUrl\":\"https:\\\/\\\/www.eldiariodetucuman.com\\\/web\\\/wp-content\\\/uploads\\\/2025\\\/08\\\/Homenajearon-a-Alberdi-con-un-izamiento-de-bandera-en-el.jpeg\",\"articleSection\":[\"Politica\"],\"inLanguage\":\"es\"},{\"@type\":\"WebPage\",\"@id\":\"https:\\\/\\\/www.eldiariodetucuman.com\\\/web\\\/homenajearon-a-alberdi-con-un-izamiento-de-bandera-en-el-ministerio-de-educacion\\\/\",\"url\":\"https:\\\/\\\/www.eldiariodetucuman.com\\\/web\\\/homenajearon-a-alberdi-con-un-izamiento-de-bandera-en-el-ministerio-de-educacion\\\/\",\"name\":\"Homenajearon a Alberdi con un izamiento de bandera en el Ministerio de Educaci\u00f3n - El Diario de Tucuman\",\"isPartOf\":{\"@id\":\"https:\\\/\\\/www.eldiariodetucuman.com\\\/web\\\/#website\"},\"primaryImageOfPage\":{\"@id\":\"https:\\\/\\\/www.eldiariodetucuman.com\\\/web\\\/homenajearon-a-alberdi-con-un-izamiento-de-bandera-en-el-ministerio-de-educacion\\\/#primaryimage\"},\"image\":{\"@id\":\"https:\\\/\\\/www.eldiariodetucuman.com\\\/web\\\/homenajearon-a-alberdi-con-un-izamiento-de-bandera-en-el-ministerio-de-educacion\\\/#primaryimage\"},\"thumbnailUrl\":\"https:\\\/\\\/www.eldiariodetucuman.com\\\/web\\\/wp-content\\\/uploads\\\/2025\\\/08\\\/Homenajearon-a-Alberdi-con-un-izamiento-de-bandera-en-el.jpeg\",\"datePublished\":\"2025-08-30T07:43:02+00:00\",\"breadcrumb\":{\"@id\":\"https:\\\/\\\/www.eldiariodetucuman.com\\\/web\\\/homenajearon-a-alberdi-con-un-izamiento-de-bandera-en-el-ministerio-de-educacion\\\/#breadcrumb\"},\"inLanguage\":\"es\",\"potentialAction\":[{\"@type\":\"ReadAction\",\"target\":[\"https:\\\/\\\/www.eldiariodetucuman.com\\\/web\\\/homenajearon-a-alberdi-con-un-izamiento-de-bandera-en-el-ministerio-de-educacion\\\/\"]}]},{\"@type\":\"ImageObject\",\"inLanguage\":\"es\",\"@id\":\"https:\\\/\\\/www.eldiariodetucuman.com\\\/web\\\/homenajearon-a-alberdi-con-un-izamiento-de-bandera-en-el-ministerio-de-educacion\\\/#primaryimage\",\"url\":\"https:\\\/\\\/www.eldiariodetucuman.com\\\/web\\\/wp-content\\\/uploads\\\/2025\\\/08\\\/Homenajearon-a-Alberdi-con-un-izamiento-de-bandera-en-el.jpeg\",\"contentUrl\":\"https:\\\/\\\/www.eldiariodetucuman.com\\\/web\\\/wp-content\\\/uploads\\\/2025\\\/08\\\/Homenajearon-a-Alberdi-con-un-izamiento-de-bandera-en-el.jpeg\",\"width\":818,\"height\":460},{\"@type\":\"BreadcrumbList\",\"@id\":\"https:\\\/\\\/www.eldiariodetucuman.com\\\/web\\\/homenajearon-a-alberdi-con-un-izamiento-de-bandera-en-el-ministerio-de-educacion\\\/#breadcrumb\",\"itemListElement\":[{\"@type\":\"ListItem\",\"position\":1,\"name\":\"Portada\",\"item\":\"https:\\\/\\\/www.eldiariodetucuman.com\\\/web\\\/\"},{\"@type\":\"ListItem\",\"position\":2,\"name\":\"Homenajearon a Alberdi con un izamiento de bandera en el Ministerio de Educaci\u00f3n\"}]},{\"@type\":\"WebSite\",\"@id\":\"https:\\\/\\\/www.eldiariodetucuman.com\\\/web\\\/#website\",\"url\":\"https:\\\/\\\/www.eldiariodetucuman.com\\\/web\\\/\",\"name\":\"El Diario de Tucuman\",\"description\":\"Diario Tucuman - Informaci\u00f3n y noticias\",\"publisher\":{\"@id\":\"https:\\\/\\\/www.eldiariodetucuman.com\\\/web\\\/#organization\"},\"potentialAction\":[{\"@type\":\"SearchAction\",\"target\":{\"@type\":\"EntryPoint\",\"urlTemplate\":\"https:\\\/\\\/www.eldiariodetucuman.com\\\/web\\\/?s={search_term_string}\"},\"query-input\":{\"@type\":\"PropertyValueSpecification\",\"valueRequired\":true,\"valueName\":\"search_term_string\"}}],\"inLanguage\":\"es\"},{\"@type\":\"Organization\",\"@id\":\"https:\\\/\\\/www.eldiariodetucuman.com\\\/web\\\/#organization\",\"name\":\"El Diario de Tucuman\",\"url\":\"https:\\\/\\\/www.eldiariodetucuman.com\\\/web\\\/\",\"logo\":{\"@type\":\"ImageObject\",\"inLanguage\":\"es\",\"@id\":\"https:\\\/\\\/www.eldiariodetucuman.com\\\/web\\\/#\\\/schema\\\/logo\\\/image\\\/\",\"url\":\"http:\\\/\\\/www.eldiariodetucuman.com\\\/web\\\/wp-content\\\/uploads\\\/2017\\\/12\\\/el-diario-de-tucuman.jpg\",\"contentUrl\":\"http:\\\/\\\/www.eldiariodetucuman.com\\\/web\\\/wp-content\\\/uploads\\\/2017\\\/12\\\/el-diario-de-tucuman.jpg\",\"width\":272,\"height\":92,\"caption\":\"El Diario de Tucuman\"},\"image\":{\"@id\":\"https:\\\/\\\/www.eldiariodetucuman.com\\\/web\\\/#\\\/schema\\\/logo\\\/image\\\/\"}},{\"@type\":\"Person\",\"@id\":\"https:\\\/\\\/www.eldiariodetucuman.com\\\/web\\\/#\\\/schema\\\/person\\\/9250197d75ab5483412e19678b121caa\",\"name\":\"admin\",\"image\":{\"@type\":\"ImageObject\",\"inLanguage\":\"es\",\"@id\":\"https:\\\/\\\/secure.gravatar.com\\\/avatar\\\/c44d117c2be811212c22cb481f6b8384b6873de103fbc49e7a03cc58d7dea4ac?s=96&d=mm&r=g\",\"url\":\"https:\\\/\\\/secure.gravatar.com\\\/avatar\\\/c44d117c2be811212c22cb481f6b8384b6873de103fbc49e7a03cc58d7dea4ac?s=96&d=mm&r=g\",\"contentUrl\":\"https:\\\/\\\/secure.gravatar.com\\\/avatar\\\/c44d117c2be811212c22cb481f6b8384b6873de103fbc49e7a03cc58d7dea4ac?s=96&d=mm&r=g\",\"caption\":\"admin\"},\"url\":\"https:\\\/\\\/www.eldiariodetucuman.com\\\/web\\\/author\\\/admin\\\/\"}]}<\/script>\n<!-- \/ Yoast SEO plugin. -->","yoast_head_json":{"title":"Homenajearon a Alberdi con un izamiento de bandera en el Ministerio de Educaci\u00f3n - El Diario de Tucuman","robots":{"index":"index","follow":"follow","max-snippet":"max-snippet:-1","max-image-preview":"max-image-preview:large","max-video-preview":"max-video-preview:-1"},"canonical":"https:\/\/www.eldiariodetucuman.com\/web\/homenajearon-a-alberdi-con-un-izamiento-de-bandera-en-el-ministerio-de-educacion\/","og_locale":"es_ES","og_type":"article","og_title":"Homenajearon a Alberdi con un izamiento de bandera en el Ministerio de Educaci\u00f3n - El Diario de Tucuman","og_description":"En la Secretar\u00eda de Educaci\u00f3n y en conmemoraci\u00f3n del 251\u00b0 Aniversario del Nacimiento de Juan Bautista Alberdi, se realiz\u00f3 un emotivo izamiento de bandera, que fue confeccionada y donada al Ministerio de Educaci\u00f3n por docentes y alumnas del CEJA Paula Albarrac\u00edn, dependiente de la Direcci\u00f3n de J\u00f3venes y Adultos. Adem\u00e1s, se inaugur\u00f3 la revalorizaci\u00f3n del [&hellip;]","og_url":"https:\/\/www.eldiariodetucuman.com\/web\/homenajearon-a-alberdi-con-un-izamiento-de-bandera-en-el-ministerio-de-educacion\/","og_site_name":"El Diario de Tucuman","article_published_time":"2025-08-30T07:43:02+00:00","author":"admin","twitter_card":"summary_large_image","twitter_misc":{"Escrito por":"admin","Tiempo de lectura":"2 minutos"},"schema":{"@context":"https:\/\/schema.org","@graph":[{"@type":"Article","@id":"https:\/\/www.eldiariodetucuman.com\/web\/homenajearon-a-alberdi-con-un-izamiento-de-bandera-en-el-ministerio-de-educacion\/#article","isPartOf":{"@id":"https:\/\/www.eldiariodetucuman.com\/web\/homenajearon-a-alberdi-con-un-izamiento-de-bandera-en-el-ministerio-de-educacion\/"},"author":{"name":"admin","@id":"https:\/\/www.eldiariodetucuman.com\/web\/#\/schema\/person\/9250197d75ab5483412e19678b121caa"},"headline":"Homenajearon a Alberdi con un izamiento de bandera en el Ministerio de Educaci\u00f3n","datePublished":"2025-08-30T07:43:02+00:00","mainEntityOfPage":{"@id":"https:\/\/www.eldiariodetucuman.com\/web\/homenajearon-a-alberdi-con-un-izamiento-de-bandera-en-el-ministerio-de-educacion\/"},"wordCount":453,"publisher":{"@id":"https:\/\/www.eldiariodetucuman.com\/web\/#organization"},"image":{"@id":"https:\/\/www.eldiariodetucuman.com\/web\/homenajearon-a-alberdi-con-un-izamiento-de-bandera-en-el-ministerio-de-educacion\/#primaryimage"},"thumbnailUrl":"https:\/\/www.eldiariodetucuman.com\/web\/wp-content\/uploads\/2025\/08\/Homenajearon-a-Alberdi-con-un-izamiento-de-bandera-en-el.jpeg","articleSection":["Politica"],"inLanguage":"es"},{"@type":"WebPage","@id":"https:\/\/www.eldiariodetucuman.com\/web\/homenajearon-a-alberdi-con-un-izamiento-de-bandera-en-el-ministerio-de-educacion\/","url":"https:\/\/www.eldiariodetucuman.com\/web\/homenajearon-a-alberdi-con-un-izamiento-de-bandera-en-el-ministerio-de-educacion\/","name":"Homenajearon a Alberdi con un izamiento de bandera en el Ministerio de Educaci\u00f3n - El Diario de Tucuman","isPartOf":{"@id":"https:\/\/www.eldiariodetucuman.com\/web\/#website"},"primaryImageOfPage":{"@id":"https:\/\/www.eldiariodetucuman.com\/web\/homenajearon-a-alberdi-con-un-izamiento-de-bandera-en-el-ministerio-de-educacion\/#primaryimage"},"image":{"@id":"https:\/\/www.eldiariodetucuman.com\/web\/homenajearon-a-alberdi-con-un-izamiento-de-bandera-en-el-ministerio-de-educacion\/#primaryimage"},"thumbnailUrl":"https:\/\/www.eldiariodetucuman.com\/web\/wp-content\/uploads\/2025\/08\/Homenajearon-a-Alberdi-con-un-izamiento-de-bandera-en-el.jpeg","datePublished":"2025-08-30T07:43:02+00:00","breadcrumb":{"@id":"https:\/\/www.eldiariodetucuman.com\/web\/homenajearon-a-alberdi-con-un-izamiento-de-bandera-en-el-ministerio-de-educacion\/#breadcrumb"},"inLanguage":"es","potentialAction":[{"@type":"ReadAction","target":["https:\/\/www.eldiariodetucuman.com\/web\/homenajearon-a-alberdi-con-un-izamiento-de-bandera-en-el-ministerio-de-educacion\/"]}]},{"@type":"ImageObject","inLanguage":"es","@id":"https:\/\/www.eldiariodetucuman.com\/web\/homenajearon-a-alberdi-con-un-izamiento-de-bandera-en-el-ministerio-de-educacion\/#primaryimage","url":"https:\/\/www.eldiariodetucuman.com\/web\/wp-content\/uploads\/2025\/08\/Homenajearon-a-Alberdi-con-un-izamiento-de-bandera-en-el.jpeg","contentUrl":"https:\/\/www.eldiariodetucuman.com\/web\/wp-content\/uploads\/2025\/08\/Homenajearon-a-Alberdi-con-un-izamiento-de-bandera-en-el.jpeg","width":818,"height":460},{"@type":"BreadcrumbList","@id":"https:\/\/www.eldiariodetucuman.com\/web\/homenajearon-a-alberdi-con-un-izamiento-de-bandera-en-el-ministerio-de-educacion\/#breadcrumb","itemListElement":[{"@type":"ListItem","position":1,"name":"Portada","item":"https:\/\/www.eldiariodetucuman.com\/web\/"},{"@type":"ListItem","position":2,"name":"Homenajearon a Alberdi con un izamiento de bandera en el Ministerio de Educaci\u00f3n"}]},{"@type":"WebSite","@id":"https:\/\/www.eldiariodetucuman.com\/web\/#website","url":"https:\/\/www.eldiariodetucuman.com\/web\/","name":"El Diario de Tucuman","description":"Diario Tucuman - Informaci\u00f3n y noticias","publisher":{"@id":"https:\/\/www.eldiariodetucuman.com\/web\/#organization"},"potentialAction":[{"@type":"SearchAction","target":{"@type":"EntryPoint","urlTemplate":"https:\/\/www.eldiariodetucuman.com\/web\/?s={search_term_string}"},"query-input":{"@type":"PropertyValueSpecification","valueRequired":true,"valueName":"search_term_string"}}],"inLanguage":"es"},{"@type":"Organization","@id":"https:\/\/www.eldiariodetucuman.com\/web\/#organization","name":"El Diario de Tucuman","url":"https:\/\/www.eldiariodetucuman.com\/web\/","logo":{"@type":"ImageObject","inLanguage":"es","@id":"https:\/\/www.eldiariodetucuman.com\/web\/#\/schema\/logo\/image\/","url":"http:\/\/www.eldiariodetucuman.com\/web\/wp-content\/uploads\/2017\/12\/el-diario-de-tucuman.jpg","contentUrl":"http:\/\/www.eldiariodetucuman.com\/web\/wp-content\/uploads\/2017\/12\/el-diario-de-tucuman.jpg","width":272,"height":92,"caption":"El Diario de Tucuman"},"image":{"@id":"https:\/\/www.eldiariodetucuman.com\/web\/#\/schema\/logo\/image\/"}},{"@type":"Person","@id":"https:\/\/www.eldiariodetucuman.com\/web\/#\/schema\/person\/9250197d75ab5483412e19678b121caa","name":"admin","image":{"@type":"ImageObject","inLanguage":"es","@id":"https:\/\/secure.gravatar.com\/avatar\/c44d117c2be811212c22cb481f6b8384b6873de103fbc49e7a03cc58d7dea4ac?s=96&d=mm&r=g","url":"https:\/\/secure.gravatar.com\/avatar\/c44d117c2be811212c22cb481f6b8384b6873de103fbc49e7a03cc58d7dea4ac?s=96&d=mm&r=g","contentUrl":"https:\/\/secure.gravatar.com\/avatar\/c44d117c2be811212c22cb481f6b8384b6873de103fbc49e7a03cc58d7dea4ac?s=96&d=mm&r=g","caption":"admin"},"url":"https:\/\/www.eldiariodetucuman.com\/web\/author\/admin\/"}]}},"_links":{"self":[{"href":"https:\/\/www.eldiariodetucuman.com\/web\/wp-json\/wp\/v2\/posts\/45515","targetHints":{"allow":["GET"]}}],"collection":[{"href":"https:\/\/www.eldiariodetucuman.com\/web\/wp-json\/wp\/v2\/posts"}],"about":[{"href":"https:\/\/www.eldiariodetucuman.com\/web\/wp-json\/wp\/v2\/types\/post"}],"author":[{"embeddable":true,"href":"https:\/\/www.eldiariodetucuman.com\/web\/wp-json\/wp\/v2\/users\/1"}],"replies":[{"embeddable":true,"href":"https:\/\/www.eldiariodetucuman.com\/web\/wp-json\/wp\/v2\/comments?post=45515"}],"version-history":[{"count":0,"href":"https:\/\/www.eldiariodetucuman.com\/web\/wp-json\/wp\/v2\/posts\/45515\/revisions"}],"wp:featuredmedia":[{"embeddable":true,"href":"https:\/\/www.eldiariodetucuman.com\/web\/wp-json\/wp\/v2\/media\/45516"}],"wp:attachment":[{"href":"https:\/\/www.eldiariodetucuman.com\/web\/wp-json\/wp\/v2\/media?parent=45515"}],"wp:term":[{"taxonomy":"category","embeddable":true,"href":"https:\/\/www.eldiariodetucuman.com\/web\/wp-json\/wp\/v2\/categories?post=45515"},{"taxonomy":"post_tag","embeddable":true,"href":"https:\/\/www.eldiariodetucuman.com\/web\/wp-json\/wp\/v2\/tags?post=45515"}],"curies":[{"name":"wp","href":"https:\/\/api.w.org\/{rel}","templated":true}]}}