{"id":45512,"date":"2025-08-29T22:07:51","date_gmt":"2025-08-30T01:07:51","guid":{"rendered":"https:\/\/www.eldiariodetucuman.com\/web\/el-gobierno-denuncia-que-si-hubo-espionaje-a-karina-milei-seria-un-escandalo-sin-precedentes\/"},"modified":"2025-08-29T22:07:53","modified_gmt":"2025-08-30T01:07:53","slug":"el-gobierno-denuncia-que-si-hubo-espionaje-a-karina-milei-seria-un-escandalo-sin-precedentes","status":"publish","type":"post","link":"https:\/\/www.eldiariodetucuman.com\/web\/el-gobierno-denuncia-que-si-hubo-espionaje-a-karina-milei-seria-un-escandalo-sin-precedentes\/","title":{"rendered":"El Gobierno denuncia que si hubo espionaje a Karina Milei ser\u00eda \u201cun esc\u00e1ndalo sin precedentes\u201d"},"content":{"rendered":"<p><\/p>\n<p class=\"com-paragraph  --capital --s\">Carnaval Stream, el mismo medio que divulg\u00f3 la semana pasada los presuntos audios de Diego Spagnuolo en los que alud\u00eda al pago de sobornos en la Agencia Nacional de Discapacidad, filtr\u00f3 este viernes supuestas grabaciones de <strong>Karina Milei<\/strong> en los que llamaba a \u201cestar unidos\u201d, en referencia a la interna libertaria. <\/p>\n<p class=\"com-paragraph   --s\">Unas horas despu\u00e9s de la filtraci\u00f3n, el Gobierno reacci\u00f3n\u00f3 a trav\u00e9s del vocero presidencial. \u201cEn cuanto a los supuestos audios de Karina Milei: si son verdaderos estamos ante un esc\u00e1ndalo sin precedentes. Ser\u00eda la primera vez en la historia Argentina que se graba a un funcionario dentro de la Casa Rosada\u201d, advirti\u00f3 <strong>Manuel Adorni<\/strong> a trav\u00e9s de su cuenta de la red social X. <\/p>\n<p class=\"com-paragraph   --s\">Y a\u00f1adi\u00f3: \u201cLa difusi\u00f3n de estos audios, a 10 d\u00edas de la elecci\u00f3n de la provincia de Buenos Aires, confirma que todo lo que viene ocurriendo es una operaci\u00f3n orquestada y diagramada de desinformaci\u00f3n, con el evidente objetivo de desestabilizar al gobierno e influir maliciosamente en el proceso electoral\u201d.<\/p>\n<p class=\"com-paragraph   --s\">De esta manera, el Gobierno le dio cierta entidad a lo que difundi\u00f3 el periodista Mauro Federico en Carnaval Stream, un medio que es financiado por <strong>Pablo Toviggino<\/strong>, tesorero y mano derecha de Claudio \u201cChiqui\u201d Tapia en la Asociaci\u00f3n del F\u00fatbol Argentino (AFA). <\/p>\n<p class=\"com-paragraph   --s\">\u201cNo vamos a entrar en la pelea, nosotros tenemos que estar unidos\u201d, se escucha en el primer audio que Carnaval Stream le atribuy\u00f3 a la hermana del Presidente. <\/p>\n<p class=\"com-paragraph   --s\">Se public\u00f3 una segunda grabaci\u00f3n. \u201cEntonces, ac\u00e1 ni siquiera.. porque en verdad no tienen que estar 24 horas. Porque yo entro a las 8 de la ma\u00f1ana y me voy a a las 11 de la noche de la Casa Rosada\u201d, se escucha en un segundo registro. Seg\u00fan Carnaval Stream la supuesta grabaci\u00f3n a Karina Milei durar\u00eda 50 minutos. Solo divulg\u00f3 ayer esos dos fragmentos, que empujaron al Gobierno a una reacci\u00f3n. <\/p>\n<p>Diego Spagnuolo, con Karina Milei, durante la campa\u00f1a presidencial de 2023<\/p>\n<p class=\"com-paragraph   --s\">En ambas supuestas grabaciones no hay ninguna referencia al esquema de presuntas coimas que expusieron las filtraciones de Spagnuolo, el extitular del \u00e1rea de Discapacidad. <\/p>\n<p class=\"com-paragraph   --s\">\u201cKarina no dice nada ah\u00ed, pero esto es una locura\u201d, comentaron a<strong> LA NACION<\/strong> en el entorno de la hermana del Presidente, en referencia al caracter clandestino de las grabaciones y la forma como los responsables de la operaci\u00f3n van graduando las entregas. Adorni denunci\u00f3 \u201cuna operaci\u00f3n orquestada para desestabilizar\u201d y la vincul\u00f3 directamente con el calendario electoral, ante la proximidad de la elecci\u00f3n bonaerense (dentro de ocho d\u00edas) y la nacional (el 26 de octubre). En la Casa Rosada la primera reacci\u00f3n fue de sorpresa. <\/p>\n<p class=\"com-paragraph   --s\">La filtraci\u00f3n de los supuestos audios de Karina Milei se dio en paralelo a los allanamientos ordenados por la Justicia en la Agencia de Discapacidad y en la Droguer\u00eda Suizo Argentina, que son investigadas por presuntos sobornos, en el marco de la causa de los audios atribuidos a Spagnuolo.<\/p>\n<p class=\"com-paragraph   --s\">En la grabaci\u00f3n clandestina que se difundi\u00f3 la voz atribuida a Spagnuolo dice:<\/p>\n<p class=\"com-paragraph   --s\">\u2013A m\u00ed me est\u00e1n desfalcando la agencia. A m\u00ed me pusieron un tipo que maneja todo lo que es la caja m\u00eda\u2026 Un delincuente que estaba en la gesti\u00f3n de Macri.<\/p>\n<p class=\"com-paragraph   --s\">\u2013Van a pedirle guita a la gente, a los prestadores. Yo fui y le dije: \u201cJavier, yo estoy denunciando el choreo, y abajo tengo gente que va a pedir guita\u201d.<\/p>\n<p class=\"com-paragraph   --s\">\u2013Este tipo tiene que recaudar de los medicamentos y lo sube. Es un quiosquito de 20 o 30 mil d\u00f3lares por mes.<\/p>\n<p class=\"com-paragraph   --s\">\u2013A Karina le debe llegar el 3%. Seguramente\u2026<\/p>\n<p class=\"com-paragraph   --s\">\u2013Lule me quiso meter una mina en una direcci\u00f3n nacional, lo friz\u00e9. Me quiso meter el de Recursos Humanos, lo friz\u00e9. Pero me meti\u00f3 el m\u00e1s importante de todos. Para chorear.<\/p>\n<p class=\"com-paragraph   --s\">\u2013Yo habl\u00e9 con el Presidente. No corrigieron nada. Les dije: \u201cEst\u00e1n choreando, no te pod\u00e9s hacer el boludo conmigo, pero no me pod\u00e9s tirar este fardo\u201d.<\/p>\n<p class=\"com-paragraph   --s\">\u2013 La gente de la Suizo llama a los dem\u00e1s proveedores y les dice: \u2018Ya no es m\u00e1s el 5, ahora ten\u00e9s que poner el 8. Lo ten\u00e9s que traer a la Suizo y nosotros lo subimos a Presidencia. As\u00ed, por tel\u00e9fono. <\/p>\n<p class=\"com-paragraph   --s\">A partir del avance del expediente judicial, los caminos de Spagnuolo y el Gobierno se bifurcaron. El exfuncionario apunt\u00f3 a Eduardo \u201cLule\u201d Mene, mano derecha de Karina Milei. <\/p>\n<p><a href=\"https:\/\/www.lanacion.com.ar\/politica\/el-gobierno-denuncia-que-si-hubo-espionaje-a-karina-milei-seria-un-escandalo-sin-precedentes-nid29082025\/\">Fuente de la nota <\/a><\/p>\n","protected":false},"excerpt":{"rendered":"<p>Carnaval Stream, el mismo medio que divulg\u00f3 la semana pasada los presuntos audios de Diego Spagnuolo en los que alud\u00eda al pago de sobornos en la Agencia Nacional de Discapacidad, filtr\u00f3 este viernes supuestas grabaciones de Karina Milei en los que llamaba a \u201cestar unidos\u201d, en referencia a la interna libertaria. Unas horas despu\u00e9s de [&hellip;]<\/p>\n","protected":false},"author":5,"featured_media":45513,"comment_status":"closed","ping_status":"open","sticky":false,"template":"","format":"standard","meta":{"footnotes":""},"categories":[3],"tags":[],"class_list":{"0":"post-45512","1":"post","2":"type-post","3":"status-publish","4":"format-standard","5":"has-post-thumbnail","7":"category-politica"},"yoast_head":"<!-- This site is optimized with the Yoast SEO plugin v27.5 - https:\/\/yoast.com\/product\/yoast-seo-wordpress\/ -->\n<title>El Gobierno denuncia que si hubo espionaje a Karina Milei ser\u00eda \u201cun esc\u00e1ndalo sin precedentes\u201d - El Diario de Tucuman<\/title>\n<meta name=\"robots\" content=\"index, follow, max-snippet:-1, max-image-preview:large, max-video-preview:-1\" \/>\n<link rel=\"canonical\" href=\"https:\/\/www.eldiariodetucuman.com\/web\/el-gobierno-denuncia-que-si-hubo-espionaje-a-karina-milei-seria-un-escandalo-sin-precedentes\/\" \/>\n<meta property=\"og:locale\" content=\"es_ES\" \/>\n<meta property=\"og:type\" content=\"article\" \/>\n<meta property=\"og:title\" content=\"El Gobierno denuncia que si hubo espionaje a Karina Milei ser\u00eda \u201cun esc\u00e1ndalo sin precedentes\u201d - El Diario de Tucuman\" \/>\n<meta property=\"og:description\" content=\"Carnaval Stream, el mismo medio que divulg\u00f3 la semana pasada los presuntos audios de Diego Spagnuolo en los que alud\u00eda al pago de sobornos en la Agencia Nacional de Discapacidad, filtr\u00f3 este viernes supuestas grabaciones de Karina Milei en los que llamaba a \u201cestar unidos\u201d, en referencia a la interna libertaria. Unas horas despu\u00e9s de [&hellip;]\" \/>\n<meta property=\"og:url\" content=\"https:\/\/www.eldiariodetucuman.com\/web\/el-gobierno-denuncia-que-si-hubo-espionaje-a-karina-milei-seria-un-escandalo-sin-precedentes\/\" \/>\n<meta property=\"og:site_name\" content=\"El Diario de Tucuman\" \/>\n<meta property=\"article:published_time\" content=\"2025-08-30T01:07:51+00:00\" \/>\n<meta property=\"article:modified_time\" content=\"2025-08-30T01:07:53+00:00\" \/>\n<meta property=\"og:image\" content=\"https:\/\/www.eldiariodetucuman.com\/web\/wp-content\/uploads\/2025\/08\/karina-KQISORN3SJDGFLF5DQCFWPENEM.JPG\" \/>\n\t<meta property=\"og:image:width\" content=\"1200\" \/>\n\t<meta property=\"og:image:height\" content=\"800\" \/>\n\t<meta property=\"og:image:type\" content=\"image\/jpeg\" \/>\n<meta name=\"author\" content=\"Redactor Uno\" \/>\n<meta name=\"twitter:card\" content=\"summary_large_image\" \/>\n<meta name=\"twitter:label1\" content=\"Escrito por\" \/>\n\t<meta name=\"twitter:data1\" content=\"Redactor Uno\" \/>\n\t<meta name=\"twitter:label2\" content=\"Tiempo de lectura\" \/>\n\t<meta name=\"twitter:data2\" content=\"4 minutos\" \/>\n<script type=\"application\/ld+json\" class=\"yoast-schema-graph\">{\"@context\":\"https:\\\/\\\/schema.org\",\"@graph\":[{\"@type\":\"Article\",\"@id\":\"https:\\\/\\\/www.eldiariodetucuman.com\\\/web\\\/el-gobierno-denuncia-que-si-hubo-espionaje-a-karina-milei-seria-un-escandalo-sin-precedentes\\\/#article\",\"isPartOf\":{\"@id\":\"https:\\\/\\\/www.eldiariodetucuman.com\\\/web\\\/el-gobierno-denuncia-que-si-hubo-espionaje-a-karina-milei-seria-un-escandalo-sin-precedentes\\\/\"},\"author\":{\"name\":\"Redactor Uno\",\"@id\":\"https:\\\/\\\/www.eldiariodetucuman.com\\\/web\\\/#\\\/schema\\\/person\\\/7e6644a46e60888f6b868594407e08dd\"},\"headline\":\"El Gobierno denuncia que si hubo espionaje a Karina Milei ser\u00eda \u201cun esc\u00e1ndalo sin precedentes\u201d\",\"datePublished\":\"2025-08-30T01:07:51+00:00\",\"dateModified\":\"2025-08-30T01:07:53+00:00\",\"mainEntityOfPage\":{\"@id\":\"https:\\\/\\\/www.eldiariodetucuman.com\\\/web\\\/el-gobierno-denuncia-que-si-hubo-espionaje-a-karina-milei-seria-un-escandalo-sin-precedentes\\\/\"},\"wordCount\":762,\"publisher\":{\"@id\":\"https:\\\/\\\/www.eldiariodetucuman.com\\\/web\\\/#organization\"},\"image\":{\"@id\":\"https:\\\/\\\/www.eldiariodetucuman.com\\\/web\\\/el-gobierno-denuncia-que-si-hubo-espionaje-a-karina-milei-seria-un-escandalo-sin-precedentes\\\/#primaryimage\"},\"thumbnailUrl\":\"https:\\\/\\\/www.eldiariodetucuman.com\\\/web\\\/wp-content\\\/uploads\\\/2025\\\/08\\\/karina-KQISORN3SJDGFLF5DQCFWPENEM.JPG\",\"articleSection\":[\"Politica\"],\"inLanguage\":\"es\"},{\"@type\":\"WebPage\",\"@id\":\"https:\\\/\\\/www.eldiariodetucuman.com\\\/web\\\/el-gobierno-denuncia-que-si-hubo-espionaje-a-karina-milei-seria-un-escandalo-sin-precedentes\\\/\",\"url\":\"https:\\\/\\\/www.eldiariodetucuman.com\\\/web\\\/el-gobierno-denuncia-que-si-hubo-espionaje-a-karina-milei-seria-un-escandalo-sin-precedentes\\\/\",\"name\":\"El Gobierno denuncia que si hubo espionaje a Karina Milei ser\u00eda \u201cun esc\u00e1ndalo sin precedentes\u201d - El Diario de Tucuman\",\"isPartOf\":{\"@id\":\"https:\\\/\\\/www.eldiariodetucuman.com\\\/web\\\/#website\"},\"primaryImageOfPage\":{\"@id\":\"https:\\\/\\\/www.eldiariodetucuman.com\\\/web\\\/el-gobierno-denuncia-que-si-hubo-espionaje-a-karina-milei-seria-un-escandalo-sin-precedentes\\\/#primaryimage\"},\"image\":{\"@id\":\"https:\\\/\\\/www.eldiariodetucuman.com\\\/web\\\/el-gobierno-denuncia-que-si-hubo-espionaje-a-karina-milei-seria-un-escandalo-sin-precedentes\\\/#primaryimage\"},\"thumbnailUrl\":\"https:\\\/\\\/www.eldiariodetucuman.com\\\/web\\\/wp-content\\\/uploads\\\/2025\\\/08\\\/karina-KQISORN3SJDGFLF5DQCFWPENEM.JPG\",\"datePublished\":\"2025-08-30T01:07:51+00:00\",\"dateModified\":\"2025-08-30T01:07:53+00:00\",\"breadcrumb\":{\"@id\":\"https:\\\/\\\/www.eldiariodetucuman.com\\\/web\\\/el-gobierno-denuncia-que-si-hubo-espionaje-a-karina-milei-seria-un-escandalo-sin-precedentes\\\/#breadcrumb\"},\"inLanguage\":\"es\",\"potentialAction\":[{\"@type\":\"ReadAction\",\"target\":[\"https:\\\/\\\/www.eldiariodetucuman.com\\\/web\\\/el-gobierno-denuncia-que-si-hubo-espionaje-a-karina-milei-seria-un-escandalo-sin-precedentes\\\/\"]}]},{\"@type\":\"ImageObject\",\"inLanguage\":\"es\",\"@id\":\"https:\\\/\\\/www.eldiariodetucuman.com\\\/web\\\/el-gobierno-denuncia-que-si-hubo-espionaje-a-karina-milei-seria-un-escandalo-sin-precedentes\\\/#primaryimage\",\"url\":\"https:\\\/\\\/www.eldiariodetucuman.com\\\/web\\\/wp-content\\\/uploads\\\/2025\\\/08\\\/karina-KQISORN3SJDGFLF5DQCFWPENEM.JPG\",\"contentUrl\":\"https:\\\/\\\/www.eldiariodetucuman.com\\\/web\\\/wp-content\\\/uploads\\\/2025\\\/08\\\/karina-KQISORN3SJDGFLF5DQCFWPENEM.JPG\",\"width\":1200,\"height\":800},{\"@type\":\"BreadcrumbList\",\"@id\":\"https:\\\/\\\/www.eldiariodetucuman.com\\\/web\\\/el-gobierno-denuncia-que-si-hubo-espionaje-a-karina-milei-seria-un-escandalo-sin-precedentes\\\/#breadcrumb\",\"itemListElement\":[{\"@type\":\"ListItem\",\"position\":1,\"name\":\"Portada\",\"item\":\"https:\\\/\\\/www.eldiariodetucuman.com\\\/web\\\/\"},{\"@type\":\"ListItem\",\"position\":2,\"name\":\"El Gobierno denuncia que si hubo espionaje a Karina Milei ser\u00eda \u201cun esc\u00e1ndalo sin precedentes\u201d\"}]},{\"@type\":\"WebSite\",\"@id\":\"https:\\\/\\\/www.eldiariodetucuman.com\\\/web\\\/#website\",\"url\":\"https:\\\/\\\/www.eldiariodetucuman.com\\\/web\\\/\",\"name\":\"El Diario de Tucuman\",\"description\":\"Diario Tucuman - Informaci\u00f3n y noticias\",\"publisher\":{\"@id\":\"https:\\\/\\\/www.eldiariodetucuman.com\\\/web\\\/#organization\"},\"potentialAction\":[{\"@type\":\"SearchAction\",\"target\":{\"@type\":\"EntryPoint\",\"urlTemplate\":\"https:\\\/\\\/www.eldiariodetucuman.com\\\/web\\\/?s={search_term_string}\"},\"query-input\":{\"@type\":\"PropertyValueSpecification\",\"valueRequired\":true,\"valueName\":\"search_term_string\"}}],\"inLanguage\":\"es\"},{\"@type\":\"Organization\",\"@id\":\"https:\\\/\\\/www.eldiariodetucuman.com\\\/web\\\/#organization\",\"name\":\"El Diario de Tucuman\",\"url\":\"https:\\\/\\\/www.eldiariodetucuman.com\\\/web\\\/\",\"logo\":{\"@type\":\"ImageObject\",\"inLanguage\":\"es\",\"@id\":\"https:\\\/\\\/www.eldiariodetucuman.com\\\/web\\\/#\\\/schema\\\/logo\\\/image\\\/\",\"url\":\"http:\\\/\\\/www.eldiariodetucuman.com\\\/web\\\/wp-content\\\/uploads\\\/2017\\\/12\\\/el-diario-de-tucuman.jpg\",\"contentUrl\":\"http:\\\/\\\/www.eldiariodetucuman.com\\\/web\\\/wp-content\\\/uploads\\\/2017\\\/12\\\/el-diario-de-tucuman.jpg\",\"width\":272,\"height\":92,\"caption\":\"El Diario de Tucuman\"},\"image\":{\"@id\":\"https:\\\/\\\/www.eldiariodetucuman.com\\\/web\\\/#\\\/schema\\\/logo\\\/image\\\/\"}},{\"@type\":\"Person\",\"@id\":\"https:\\\/\\\/www.eldiariodetucuman.com\\\/web\\\/#\\\/schema\\\/person\\\/7e6644a46e60888f6b868594407e08dd\",\"name\":\"Redactor Uno\",\"image\":{\"@type\":\"ImageObject\",\"inLanguage\":\"es\",\"@id\":\"https:\\\/\\\/secure.gravatar.com\\\/avatar\\\/0049b1bdf1bd548385c9ea6b9356431717930913089febd2ba904f0187d7d074?s=96&d=mm&r=g\",\"url\":\"https:\\\/\\\/secure.gravatar.com\\\/avatar\\\/0049b1bdf1bd548385c9ea6b9356431717930913089febd2ba904f0187d7d074?s=96&d=mm&r=g\",\"contentUrl\":\"https:\\\/\\\/secure.gravatar.com\\\/avatar\\\/0049b1bdf1bd548385c9ea6b9356431717930913089febd2ba904f0187d7d074?s=96&d=mm&r=g\",\"caption\":\"Redactor Uno\"},\"url\":\"https:\\\/\\\/www.eldiariodetucuman.com\\\/web\\\/author\\\/mramasco\\\/\"}]}<\/script>\n<!-- \/ Yoast SEO plugin. -->","yoast_head_json":{"title":"El Gobierno denuncia que si hubo espionaje a Karina Milei ser\u00eda \u201cun esc\u00e1ndalo sin precedentes\u201d - El Diario de Tucuman","robots":{"index":"index","follow":"follow","max-snippet":"max-snippet:-1","max-image-preview":"max-image-preview:large","max-video-preview":"max-video-preview:-1"},"canonical":"https:\/\/www.eldiariodetucuman.com\/web\/el-gobierno-denuncia-que-si-hubo-espionaje-a-karina-milei-seria-un-escandalo-sin-precedentes\/","og_locale":"es_ES","og_type":"article","og_title":"El Gobierno denuncia que si hubo espionaje a Karina Milei ser\u00eda \u201cun esc\u00e1ndalo sin precedentes\u201d - El Diario de Tucuman","og_description":"Carnaval Stream, el mismo medio que divulg\u00f3 la semana pasada los presuntos audios de Diego Spagnuolo en los que alud\u00eda al pago de sobornos en la Agencia Nacional de Discapacidad, filtr\u00f3 este viernes supuestas grabaciones de Karina Milei en los que llamaba a \u201cestar unidos\u201d, en referencia a la interna libertaria. Unas horas despu\u00e9s de [&hellip;]","og_url":"https:\/\/www.eldiariodetucuman.com\/web\/el-gobierno-denuncia-que-si-hubo-espionaje-a-karina-milei-seria-un-escandalo-sin-precedentes\/","og_site_name":"El Diario de Tucuman","article_published_time":"2025-08-30T01:07:51+00:00","article_modified_time":"2025-08-30T01:07:53+00:00","og_image":[{"width":1200,"height":800,"url":"https:\/\/www.eldiariodetucuman.com\/web\/wp-content\/uploads\/2025\/08\/karina-KQISORN3SJDGFLF5DQCFWPENEM.JPG","type":"image\/jpeg"}],"author":"Redactor Uno","twitter_card":"summary_large_image","twitter_misc":{"Escrito por":"Redactor Uno","Tiempo de lectura":"4 minutos"},"schema":{"@context":"https:\/\/schema.org","@graph":[{"@type":"Article","@id":"https:\/\/www.eldiariodetucuman.com\/web\/el-gobierno-denuncia-que-si-hubo-espionaje-a-karina-milei-seria-un-escandalo-sin-precedentes\/#article","isPartOf":{"@id":"https:\/\/www.eldiariodetucuman.com\/web\/el-gobierno-denuncia-que-si-hubo-espionaje-a-karina-milei-seria-un-escandalo-sin-precedentes\/"},"author":{"name":"Redactor Uno","@id":"https:\/\/www.eldiariodetucuman.com\/web\/#\/schema\/person\/7e6644a46e60888f6b868594407e08dd"},"headline":"El Gobierno denuncia que si hubo espionaje a Karina Milei ser\u00eda \u201cun esc\u00e1ndalo sin precedentes\u201d","datePublished":"2025-08-30T01:07:51+00:00","dateModified":"2025-08-30T01:07:53+00:00","mainEntityOfPage":{"@id":"https:\/\/www.eldiariodetucuman.com\/web\/el-gobierno-denuncia-que-si-hubo-espionaje-a-karina-milei-seria-un-escandalo-sin-precedentes\/"},"wordCount":762,"publisher":{"@id":"https:\/\/www.eldiariodetucuman.com\/web\/#organization"},"image":{"@id":"https:\/\/www.eldiariodetucuman.com\/web\/el-gobierno-denuncia-que-si-hubo-espionaje-a-karina-milei-seria-un-escandalo-sin-precedentes\/#primaryimage"},"thumbnailUrl":"https:\/\/www.eldiariodetucuman.com\/web\/wp-content\/uploads\/2025\/08\/karina-KQISORN3SJDGFLF5DQCFWPENEM.JPG","articleSection":["Politica"],"inLanguage":"es"},{"@type":"WebPage","@id":"https:\/\/www.eldiariodetucuman.com\/web\/el-gobierno-denuncia-que-si-hubo-espionaje-a-karina-milei-seria-un-escandalo-sin-precedentes\/","url":"https:\/\/www.eldiariodetucuman.com\/web\/el-gobierno-denuncia-que-si-hubo-espionaje-a-karina-milei-seria-un-escandalo-sin-precedentes\/","name":"El Gobierno denuncia que si hubo espionaje a Karina Milei ser\u00eda \u201cun esc\u00e1ndalo sin precedentes\u201d - El Diario de Tucuman","isPartOf":{"@id":"https:\/\/www.eldiariodetucuman.com\/web\/#website"},"primaryImageOfPage":{"@id":"https:\/\/www.eldiariodetucuman.com\/web\/el-gobierno-denuncia-que-si-hubo-espionaje-a-karina-milei-seria-un-escandalo-sin-precedentes\/#primaryimage"},"image":{"@id":"https:\/\/www.eldiariodetucuman.com\/web\/el-gobierno-denuncia-que-si-hubo-espionaje-a-karina-milei-seria-un-escandalo-sin-precedentes\/#primaryimage"},"thumbnailUrl":"https:\/\/www.eldiariodetucuman.com\/web\/wp-content\/uploads\/2025\/08\/karina-KQISORN3SJDGFLF5DQCFWPENEM.JPG","datePublished":"2025-08-30T01:07:51+00:00","dateModified":"2025-08-30T01:07:53+00:00","breadcrumb":{"@id":"https:\/\/www.eldiariodetucuman.com\/web\/el-gobierno-denuncia-que-si-hubo-espionaje-a-karina-milei-seria-un-escandalo-sin-precedentes\/#breadcrumb"},"inLanguage":"es","potentialAction":[{"@type":"ReadAction","target":["https:\/\/www.eldiariodetucuman.com\/web\/el-gobierno-denuncia-que-si-hubo-espionaje-a-karina-milei-seria-un-escandalo-sin-precedentes\/"]}]},{"@type":"ImageObject","inLanguage":"es","@id":"https:\/\/www.eldiariodetucuman.com\/web\/el-gobierno-denuncia-que-si-hubo-espionaje-a-karina-milei-seria-un-escandalo-sin-precedentes\/#primaryimage","url":"https:\/\/www.eldiariodetucuman.com\/web\/wp-content\/uploads\/2025\/08\/karina-KQISORN3SJDGFLF5DQCFWPENEM.JPG","contentUrl":"https:\/\/www.eldiariodetucuman.com\/web\/wp-content\/uploads\/2025\/08\/karina-KQISORN3SJDGFLF5DQCFWPENEM.JPG","width":1200,"height":800},{"@type":"BreadcrumbList","@id":"https:\/\/www.eldiariodetucuman.com\/web\/el-gobierno-denuncia-que-si-hubo-espionaje-a-karina-milei-seria-un-escandalo-sin-precedentes\/#breadcrumb","itemListElement":[{"@type":"ListItem","position":1,"name":"Portada","item":"https:\/\/www.eldiariodetucuman.com\/web\/"},{"@type":"ListItem","position":2,"name":"El Gobierno denuncia que si hubo espionaje a Karina Milei ser\u00eda \u201cun esc\u00e1ndalo sin precedentes\u201d"}]},{"@type":"WebSite","@id":"https:\/\/www.eldiariodetucuman.com\/web\/#website","url":"https:\/\/www.eldiariodetucuman.com\/web\/","name":"El Diario de Tucuman","description":"Diario Tucuman - Informaci\u00f3n y noticias","publisher":{"@id":"https:\/\/www.eldiariodetucuman.com\/web\/#organization"},"potentialAction":[{"@type":"SearchAction","target":{"@type":"EntryPoint","urlTemplate":"https:\/\/www.eldiariodetucuman.com\/web\/?s={search_term_string}"},"query-input":{"@type":"PropertyValueSpecification","valueRequired":true,"valueName":"search_term_string"}}],"inLanguage":"es"},{"@type":"Organization","@id":"https:\/\/www.eldiariodetucuman.com\/web\/#organization","name":"El Diario de Tucuman","url":"https:\/\/www.eldiariodetucuman.com\/web\/","logo":{"@type":"ImageObject","inLanguage":"es","@id":"https:\/\/www.eldiariodetucuman.com\/web\/#\/schema\/logo\/image\/","url":"http:\/\/www.eldiariodetucuman.com\/web\/wp-content\/uploads\/2017\/12\/el-diario-de-tucuman.jpg","contentUrl":"http:\/\/www.eldiariodetucuman.com\/web\/wp-content\/uploads\/2017\/12\/el-diario-de-tucuman.jpg","width":272,"height":92,"caption":"El Diario de Tucuman"},"image":{"@id":"https:\/\/www.eldiariodetucuman.com\/web\/#\/schema\/logo\/image\/"}},{"@type":"Person","@id":"https:\/\/www.eldiariodetucuman.com\/web\/#\/schema\/person\/7e6644a46e60888f6b868594407e08dd","name":"Redactor Uno","image":{"@type":"ImageObject","inLanguage":"es","@id":"https:\/\/secure.gravatar.com\/avatar\/0049b1bdf1bd548385c9ea6b9356431717930913089febd2ba904f0187d7d074?s=96&d=mm&r=g","url":"https:\/\/secure.gravatar.com\/avatar\/0049b1bdf1bd548385c9ea6b9356431717930913089febd2ba904f0187d7d074?s=96&d=mm&r=g","contentUrl":"https:\/\/secure.gravatar.com\/avatar\/0049b1bdf1bd548385c9ea6b9356431717930913089febd2ba904f0187d7d074?s=96&d=mm&r=g","caption":"Redactor Uno"},"url":"https:\/\/www.eldiariodetucuman.com\/web\/author\/mramasco\/"}]}},"_links":{"self":[{"href":"https:\/\/www.eldiariodetucuman.com\/web\/wp-json\/wp\/v2\/posts\/45512","targetHints":{"allow":["GET"]}}],"collection":[{"href":"https:\/\/www.eldiariodetucuman.com\/web\/wp-json\/wp\/v2\/posts"}],"about":[{"href":"https:\/\/www.eldiariodetucuman.com\/web\/wp-json\/wp\/v2\/types\/post"}],"author":[{"embeddable":true,"href":"https:\/\/www.eldiariodetucuman.com\/web\/wp-json\/wp\/v2\/users\/5"}],"replies":[{"embeddable":true,"href":"https:\/\/www.eldiariodetucuman.com\/web\/wp-json\/wp\/v2\/comments?post=45512"}],"version-history":[{"count":1,"href":"https:\/\/www.eldiariodetucuman.com\/web\/wp-json\/wp\/v2\/posts\/45512\/revisions"}],"predecessor-version":[{"id":45514,"href":"https:\/\/www.eldiariodetucuman.com\/web\/wp-json\/wp\/v2\/posts\/45512\/revisions\/45514"}],"wp:featuredmedia":[{"embeddable":true,"href":"https:\/\/www.eldiariodetucuman.com\/web\/wp-json\/wp\/v2\/media\/45513"}],"wp:attachment":[{"href":"https:\/\/www.eldiariodetucuman.com\/web\/wp-json\/wp\/v2\/media?parent=45512"}],"wp:term":[{"taxonomy":"category","embeddable":true,"href":"https:\/\/www.eldiariodetucuman.com\/web\/wp-json\/wp\/v2\/categories?post=45512"},{"taxonomy":"post_tag","embeddable":true,"href":"https:\/\/www.eldiariodetucuman.com\/web\/wp-json\/wp\/v2\/tags?post=45512"}],"curies":[{"name":"wp","href":"https:\/\/api.w.org\/{rel}","templated":true}]}}