{"id":45510,"date":"2025-08-29T16:38:01","date_gmt":"2025-08-29T19:38:01","guid":{"rendered":"https:\/\/www.eldiariodetucuman.com\/web\/franco-colapinto-finalizo-18-en-la-primera-practica-en-paises-bajos\/"},"modified":"2025-08-29T16:38:01","modified_gmt":"2025-08-29T19:38:01","slug":"franco-colapinto-finalizo-18-en-la-primera-practica-en-paises-bajos","status":"publish","type":"post","link":"https:\/\/www.eldiariodetucuman.com\/web\/franco-colapinto-finalizo-18-en-la-primera-practica-en-paises-bajos\/","title":{"rendered":"Franco Colapinto finaliz\u00f3 18\u00b0 en la primera pr\u00e1ctica en Pa\u00edses Bajos"},"content":{"rendered":"<p>    <\/p>\n<p>Alpine tuvo a Pierre Gasly como el m\u00e1s r\u00e1pido con un 10\u00b0 lugar tras un giro de 1.11.613, que lo posicion\u00f3 0.663 por delante de Franco Colapinto. El argentino acumul\u00f3 26 vueltas, fij\u00f3 su tiempo m\u00e1s r\u00e1pido en 1:12.276 y se ubic\u00f3 por delante de Andrea Kimi Antonelli (abandon\u00f3 la tanda en los primeros minutos) y de Ollie Bearman (1:12.564).<\/p>\n<p> image   <\/p>\n<h2>D\u00cdAS Y HORARIOS DE FRANCO COLAPINTO EN EL GRAN PREMIO DE PA\u00cdSES BAJOS<\/h2>\n<p>Viernes 29 de agosto<\/p>\n<p>Pr\u00e1ctica Libre 2: 11.00 (Argentina) \/ 16.00 (Pa\u00edses Bajos)<\/p>\n<p>S\u00e1bado 30 de agosto<\/p>\n<p>Pr\u00e1ctica Libre 3: 6.30 (Argentina) \/ 11.30 (Pa\u00edses Bajos)<\/p>\n<p>Clasificaci\u00f3n: 10.00 (Argentina) \/ 15.00 (Pa\u00edses Bajos)<\/p>\n<p>Domingo 31 de agosto<\/p>\n<p>Carrera principal a 72 vueltas: 10.00 (Argentina) \/ 15.00 (Pa\u00edses Bajos)<\/p>\n<p>  <strong> FUENTE:<\/strong> TyC Sports e Infobae<br \/>\n<br \/>Fuente: <a href=\"https:\/\/www.lv12.com.ar\/franco-colapinto\/franco-colapinto-finalizo-18-la-primera-practica-paises-bajos-n184613\"> Fuente de la nota <\/a><\/p>\n","protected":false},"excerpt":{"rendered":"<p>Alpine tuvo a Pierre Gasly como el m\u00e1s r\u00e1pido con un 10\u00b0 lugar tras un giro de 1.11.613, que lo posicion\u00f3 0.663 por delante de Franco Colapinto. El argentino acumul\u00f3 26 vueltas, fij\u00f3 su tiempo m\u00e1s r\u00e1pido en 1:12.276 y se ubic\u00f3 por delante de Andrea Kimi Antonelli (abandon\u00f3 la tanda en los primeros minutos) [&hellip;]<\/p>\n","protected":false},"author":1,"featured_media":45511,"comment_status":"closed","ping_status":"open","sticky":false,"template":"","format":"standard","meta":{"footnotes":""},"categories":[6],"tags":[],"class_list":{"0":"post-45510","1":"post","2":"type-post","3":"status-publish","4":"format-standard","5":"has-post-thumbnail","7":"category-deporte"},"yoast_head":"<!-- This site is optimized with the Yoast SEO plugin v27.5 - https:\/\/yoast.com\/product\/yoast-seo-wordpress\/ -->\n<title>Franco Colapinto finaliz\u00f3 18\u00b0 en la primera pr\u00e1ctica en Pa\u00edses Bajos - El Diario de Tucuman<\/title>\n<meta name=\"robots\" content=\"index, follow, max-snippet:-1, max-image-preview:large, max-video-preview:-1\" \/>\n<link rel=\"canonical\" href=\"https:\/\/www.eldiariodetucuman.com\/web\/franco-colapinto-finalizo-18-en-la-primera-practica-en-paises-bajos\/\" \/>\n<meta property=\"og:locale\" content=\"es_ES\" \/>\n<meta property=\"og:type\" content=\"article\" \/>\n<meta property=\"og:title\" content=\"Franco Colapinto finaliz\u00f3 18\u00b0 en la primera pr\u00e1ctica en Pa\u00edses Bajos - El Diario de Tucuman\" \/>\n<meta property=\"og:description\" content=\"Alpine tuvo a Pierre Gasly como el m\u00e1s r\u00e1pido con un 10\u00b0 lugar tras un giro de 1.11.613, que lo posicion\u00f3 0.663 por delante de Franco Colapinto. El argentino acumul\u00f3 26 vueltas, fij\u00f3 su tiempo m\u00e1s r\u00e1pido en 1:12.276 y se ubic\u00f3 por delante de Andrea Kimi Antonelli (abandon\u00f3 la tanda en los primeros minutos) [&hellip;]\" \/>\n<meta property=\"og:url\" content=\"https:\/\/www.eldiariodetucuman.com\/web\/franco-colapinto-finalizo-18-en-la-primera-practica-en-paises-bajos\/\" \/>\n<meta property=\"og:site_name\" content=\"El Diario de Tucuman\" \/>\n<meta property=\"article:published_time\" content=\"2025-08-29T19:38:01+00:00\" \/>\n<meta name=\"author\" content=\"admin\" \/>\n<meta name=\"twitter:card\" content=\"summary_large_image\" \/>\n<meta name=\"twitter:label1\" content=\"Escrito por\" \/>\n\t<meta name=\"twitter:data1\" content=\"admin\" \/>\n\t<meta name=\"twitter:label2\" content=\"Tiempo de lectura\" \/>\n\t<meta name=\"twitter:data2\" content=\"1 minuto\" \/>\n<script type=\"application\/ld+json\" class=\"yoast-schema-graph\">{\"@context\":\"https:\\\/\\\/schema.org\",\"@graph\":[{\"@type\":\"Article\",\"@id\":\"https:\\\/\\\/www.eldiariodetucuman.com\\\/web\\\/franco-colapinto-finalizo-18-en-la-primera-practica-en-paises-bajos\\\/#article\",\"isPartOf\":{\"@id\":\"https:\\\/\\\/www.eldiariodetucuman.com\\\/web\\\/franco-colapinto-finalizo-18-en-la-primera-practica-en-paises-bajos\\\/\"},\"author\":{\"name\":\"admin\",\"@id\":\"https:\\\/\\\/www.eldiariodetucuman.com\\\/web\\\/#\\\/schema\\\/person\\\/9250197d75ab5483412e19678b121caa\"},\"headline\":\"Franco Colapinto finaliz\u00f3 18\u00b0 en la primera pr\u00e1ctica en Pa\u00edses Bajos\",\"datePublished\":\"2025-08-29T19:38:01+00:00\",\"mainEntityOfPage\":{\"@id\":\"https:\\\/\\\/www.eldiariodetucuman.com\\\/web\\\/franco-colapinto-finalizo-18-en-la-primera-practica-en-paises-bajos\\\/\"},\"wordCount\":134,\"publisher\":{\"@id\":\"https:\\\/\\\/www.eldiariodetucuman.com\\\/web\\\/#organization\"},\"image\":{\"@id\":\"https:\\\/\\\/www.eldiariodetucuman.com\\\/web\\\/franco-colapinto-finalizo-18-en-la-primera-practica-en-paises-bajos\\\/#primaryimage\"},\"thumbnailUrl\":\"https:\\\/\\\/www.eldiariodetucuman.com\\\/web\\\/wp-content\\\/uploads\\\/2025\\\/08\\\/Franco-Colapinto-finalizo-18\u00b0-en-la-primera-practica-en-Paises.png\",\"articleSection\":[\"Deporte\"],\"inLanguage\":\"es\"},{\"@type\":\"WebPage\",\"@id\":\"https:\\\/\\\/www.eldiariodetucuman.com\\\/web\\\/franco-colapinto-finalizo-18-en-la-primera-practica-en-paises-bajos\\\/\",\"url\":\"https:\\\/\\\/www.eldiariodetucuman.com\\\/web\\\/franco-colapinto-finalizo-18-en-la-primera-practica-en-paises-bajos\\\/\",\"name\":\"Franco Colapinto finaliz\u00f3 18\u00b0 en la primera pr\u00e1ctica en Pa\u00edses Bajos - El Diario de Tucuman\",\"isPartOf\":{\"@id\":\"https:\\\/\\\/www.eldiariodetucuman.com\\\/web\\\/#website\"},\"primaryImageOfPage\":{\"@id\":\"https:\\\/\\\/www.eldiariodetucuman.com\\\/web\\\/franco-colapinto-finalizo-18-en-la-primera-practica-en-paises-bajos\\\/#primaryimage\"},\"image\":{\"@id\":\"https:\\\/\\\/www.eldiariodetucuman.com\\\/web\\\/franco-colapinto-finalizo-18-en-la-primera-practica-en-paises-bajos\\\/#primaryimage\"},\"thumbnailUrl\":\"https:\\\/\\\/www.eldiariodetucuman.com\\\/web\\\/wp-content\\\/uploads\\\/2025\\\/08\\\/Franco-Colapinto-finalizo-18\u00b0-en-la-primera-practica-en-Paises.png\",\"datePublished\":\"2025-08-29T19:38:01+00:00\",\"breadcrumb\":{\"@id\":\"https:\\\/\\\/www.eldiariodetucuman.com\\\/web\\\/franco-colapinto-finalizo-18-en-la-primera-practica-en-paises-bajos\\\/#breadcrumb\"},\"inLanguage\":\"es\",\"potentialAction\":[{\"@type\":\"ReadAction\",\"target\":[\"https:\\\/\\\/www.eldiariodetucuman.com\\\/web\\\/franco-colapinto-finalizo-18-en-la-primera-practica-en-paises-bajos\\\/\"]}]},{\"@type\":\"ImageObject\",\"inLanguage\":\"es\",\"@id\":\"https:\\\/\\\/www.eldiariodetucuman.com\\\/web\\\/franco-colapinto-finalizo-18-en-la-primera-practica-en-paises-bajos\\\/#primaryimage\",\"url\":\"https:\\\/\\\/www.eldiariodetucuman.com\\\/web\\\/wp-content\\\/uploads\\\/2025\\\/08\\\/Franco-Colapinto-finalizo-18\u00b0-en-la-primera-practica-en-Paises.png\",\"contentUrl\":\"https:\\\/\\\/www.eldiariodetucuman.com\\\/web\\\/wp-content\\\/uploads\\\/2025\\\/08\\\/Franco-Colapinto-finalizo-18\u00b0-en-la-primera-practica-en-Paises.png\",\"width\":1200,\"height\":675},{\"@type\":\"BreadcrumbList\",\"@id\":\"https:\\\/\\\/www.eldiariodetucuman.com\\\/web\\\/franco-colapinto-finalizo-18-en-la-primera-practica-en-paises-bajos\\\/#breadcrumb\",\"itemListElement\":[{\"@type\":\"ListItem\",\"position\":1,\"name\":\"Portada\",\"item\":\"https:\\\/\\\/www.eldiariodetucuman.com\\\/web\\\/\"},{\"@type\":\"ListItem\",\"position\":2,\"name\":\"Franco Colapinto finaliz\u00f3 18\u00b0 en la primera pr\u00e1ctica en Pa\u00edses Bajos\"}]},{\"@type\":\"WebSite\",\"@id\":\"https:\\\/\\\/www.eldiariodetucuman.com\\\/web\\\/#website\",\"url\":\"https:\\\/\\\/www.eldiariodetucuman.com\\\/web\\\/\",\"name\":\"El Diario de Tucuman\",\"description\":\"Diario Tucuman - Informaci\u00f3n y noticias\",\"publisher\":{\"@id\":\"https:\\\/\\\/www.eldiariodetucuman.com\\\/web\\\/#organization\"},\"potentialAction\":[{\"@type\":\"SearchAction\",\"target\":{\"@type\":\"EntryPoint\",\"urlTemplate\":\"https:\\\/\\\/www.eldiariodetucuman.com\\\/web\\\/?s={search_term_string}\"},\"query-input\":{\"@type\":\"PropertyValueSpecification\",\"valueRequired\":true,\"valueName\":\"search_term_string\"}}],\"inLanguage\":\"es\"},{\"@type\":\"Organization\",\"@id\":\"https:\\\/\\\/www.eldiariodetucuman.com\\\/web\\\/#organization\",\"name\":\"El Diario de Tucuman\",\"url\":\"https:\\\/\\\/www.eldiariodetucuman.com\\\/web\\\/\",\"logo\":{\"@type\":\"ImageObject\",\"inLanguage\":\"es\",\"@id\":\"https:\\\/\\\/www.eldiariodetucuman.com\\\/web\\\/#\\\/schema\\\/logo\\\/image\\\/\",\"url\":\"http:\\\/\\\/www.eldiariodetucuman.com\\\/web\\\/wp-content\\\/uploads\\\/2017\\\/12\\\/el-diario-de-tucuman.jpg\",\"contentUrl\":\"http:\\\/\\\/www.eldiariodetucuman.com\\\/web\\\/wp-content\\\/uploads\\\/2017\\\/12\\\/el-diario-de-tucuman.jpg\",\"width\":272,\"height\":92,\"caption\":\"El Diario de Tucuman\"},\"image\":{\"@id\":\"https:\\\/\\\/www.eldiariodetucuman.com\\\/web\\\/#\\\/schema\\\/logo\\\/image\\\/\"}},{\"@type\":\"Person\",\"@id\":\"https:\\\/\\\/www.eldiariodetucuman.com\\\/web\\\/#\\\/schema\\\/person\\\/9250197d75ab5483412e19678b121caa\",\"name\":\"admin\",\"image\":{\"@type\":\"ImageObject\",\"inLanguage\":\"es\",\"@id\":\"https:\\\/\\\/secure.gravatar.com\\\/avatar\\\/c44d117c2be811212c22cb481f6b8384b6873de103fbc49e7a03cc58d7dea4ac?s=96&d=mm&r=g\",\"url\":\"https:\\\/\\\/secure.gravatar.com\\\/avatar\\\/c44d117c2be811212c22cb481f6b8384b6873de103fbc49e7a03cc58d7dea4ac?s=96&d=mm&r=g\",\"contentUrl\":\"https:\\\/\\\/secure.gravatar.com\\\/avatar\\\/c44d117c2be811212c22cb481f6b8384b6873de103fbc49e7a03cc58d7dea4ac?s=96&d=mm&r=g\",\"caption\":\"admin\"},\"url\":\"https:\\\/\\\/www.eldiariodetucuman.com\\\/web\\\/author\\\/admin\\\/\"}]}<\/script>\n<!-- \/ Yoast SEO plugin. -->","yoast_head_json":{"title":"Franco Colapinto finaliz\u00f3 18\u00b0 en la primera pr\u00e1ctica en Pa\u00edses Bajos - El Diario de Tucuman","robots":{"index":"index","follow":"follow","max-snippet":"max-snippet:-1","max-image-preview":"max-image-preview:large","max-video-preview":"max-video-preview:-1"},"canonical":"https:\/\/www.eldiariodetucuman.com\/web\/franco-colapinto-finalizo-18-en-la-primera-practica-en-paises-bajos\/","og_locale":"es_ES","og_type":"article","og_title":"Franco Colapinto finaliz\u00f3 18\u00b0 en la primera pr\u00e1ctica en Pa\u00edses Bajos - El Diario de Tucuman","og_description":"Alpine tuvo a Pierre Gasly como el m\u00e1s r\u00e1pido con un 10\u00b0 lugar tras un giro de 1.11.613, que lo posicion\u00f3 0.663 por delante de Franco Colapinto. El argentino acumul\u00f3 26 vueltas, fij\u00f3 su tiempo m\u00e1s r\u00e1pido en 1:12.276 y se ubic\u00f3 por delante de Andrea Kimi Antonelli (abandon\u00f3 la tanda en los primeros minutos) [&hellip;]","og_url":"https:\/\/www.eldiariodetucuman.com\/web\/franco-colapinto-finalizo-18-en-la-primera-practica-en-paises-bajos\/","og_site_name":"El Diario de Tucuman","article_published_time":"2025-08-29T19:38:01+00:00","author":"admin","twitter_card":"summary_large_image","twitter_misc":{"Escrito por":"admin","Tiempo de lectura":"1 minuto"},"schema":{"@context":"https:\/\/schema.org","@graph":[{"@type":"Article","@id":"https:\/\/www.eldiariodetucuman.com\/web\/franco-colapinto-finalizo-18-en-la-primera-practica-en-paises-bajos\/#article","isPartOf":{"@id":"https:\/\/www.eldiariodetucuman.com\/web\/franco-colapinto-finalizo-18-en-la-primera-practica-en-paises-bajos\/"},"author":{"name":"admin","@id":"https:\/\/www.eldiariodetucuman.com\/web\/#\/schema\/person\/9250197d75ab5483412e19678b121caa"},"headline":"Franco Colapinto finaliz\u00f3 18\u00b0 en la primera pr\u00e1ctica en Pa\u00edses Bajos","datePublished":"2025-08-29T19:38:01+00:00","mainEntityOfPage":{"@id":"https:\/\/www.eldiariodetucuman.com\/web\/franco-colapinto-finalizo-18-en-la-primera-practica-en-paises-bajos\/"},"wordCount":134,"publisher":{"@id":"https:\/\/www.eldiariodetucuman.com\/web\/#organization"},"image":{"@id":"https:\/\/www.eldiariodetucuman.com\/web\/franco-colapinto-finalizo-18-en-la-primera-practica-en-paises-bajos\/#primaryimage"},"thumbnailUrl":"https:\/\/www.eldiariodetucuman.com\/web\/wp-content\/uploads\/2025\/08\/Franco-Colapinto-finalizo-18\u00b0-en-la-primera-practica-en-Paises.png","articleSection":["Deporte"],"inLanguage":"es"},{"@type":"WebPage","@id":"https:\/\/www.eldiariodetucuman.com\/web\/franco-colapinto-finalizo-18-en-la-primera-practica-en-paises-bajos\/","url":"https:\/\/www.eldiariodetucuman.com\/web\/franco-colapinto-finalizo-18-en-la-primera-practica-en-paises-bajos\/","name":"Franco Colapinto finaliz\u00f3 18\u00b0 en la primera pr\u00e1ctica en Pa\u00edses Bajos - El Diario de Tucuman","isPartOf":{"@id":"https:\/\/www.eldiariodetucuman.com\/web\/#website"},"primaryImageOfPage":{"@id":"https:\/\/www.eldiariodetucuman.com\/web\/franco-colapinto-finalizo-18-en-la-primera-practica-en-paises-bajos\/#primaryimage"},"image":{"@id":"https:\/\/www.eldiariodetucuman.com\/web\/franco-colapinto-finalizo-18-en-la-primera-practica-en-paises-bajos\/#primaryimage"},"thumbnailUrl":"https:\/\/www.eldiariodetucuman.com\/web\/wp-content\/uploads\/2025\/08\/Franco-Colapinto-finalizo-18\u00b0-en-la-primera-practica-en-Paises.png","datePublished":"2025-08-29T19:38:01+00:00","breadcrumb":{"@id":"https:\/\/www.eldiariodetucuman.com\/web\/franco-colapinto-finalizo-18-en-la-primera-practica-en-paises-bajos\/#breadcrumb"},"inLanguage":"es","potentialAction":[{"@type":"ReadAction","target":["https:\/\/www.eldiariodetucuman.com\/web\/franco-colapinto-finalizo-18-en-la-primera-practica-en-paises-bajos\/"]}]},{"@type":"ImageObject","inLanguage":"es","@id":"https:\/\/www.eldiariodetucuman.com\/web\/franco-colapinto-finalizo-18-en-la-primera-practica-en-paises-bajos\/#primaryimage","url":"https:\/\/www.eldiariodetucuman.com\/web\/wp-content\/uploads\/2025\/08\/Franco-Colapinto-finalizo-18\u00b0-en-la-primera-practica-en-Paises.png","contentUrl":"https:\/\/www.eldiariodetucuman.com\/web\/wp-content\/uploads\/2025\/08\/Franco-Colapinto-finalizo-18\u00b0-en-la-primera-practica-en-Paises.png","width":1200,"height":675},{"@type":"BreadcrumbList","@id":"https:\/\/www.eldiariodetucuman.com\/web\/franco-colapinto-finalizo-18-en-la-primera-practica-en-paises-bajos\/#breadcrumb","itemListElement":[{"@type":"ListItem","position":1,"name":"Portada","item":"https:\/\/www.eldiariodetucuman.com\/web\/"},{"@type":"ListItem","position":2,"name":"Franco Colapinto finaliz\u00f3 18\u00b0 en la primera pr\u00e1ctica en Pa\u00edses Bajos"}]},{"@type":"WebSite","@id":"https:\/\/www.eldiariodetucuman.com\/web\/#website","url":"https:\/\/www.eldiariodetucuman.com\/web\/","name":"El Diario de Tucuman","description":"Diario Tucuman - Informaci\u00f3n y noticias","publisher":{"@id":"https:\/\/www.eldiariodetucuman.com\/web\/#organization"},"potentialAction":[{"@type":"SearchAction","target":{"@type":"EntryPoint","urlTemplate":"https:\/\/www.eldiariodetucuman.com\/web\/?s={search_term_string}"},"query-input":{"@type":"PropertyValueSpecification","valueRequired":true,"valueName":"search_term_string"}}],"inLanguage":"es"},{"@type":"Organization","@id":"https:\/\/www.eldiariodetucuman.com\/web\/#organization","name":"El Diario de Tucuman","url":"https:\/\/www.eldiariodetucuman.com\/web\/","logo":{"@type":"ImageObject","inLanguage":"es","@id":"https:\/\/www.eldiariodetucuman.com\/web\/#\/schema\/logo\/image\/","url":"http:\/\/www.eldiariodetucuman.com\/web\/wp-content\/uploads\/2017\/12\/el-diario-de-tucuman.jpg","contentUrl":"http:\/\/www.eldiariodetucuman.com\/web\/wp-content\/uploads\/2017\/12\/el-diario-de-tucuman.jpg","width":272,"height":92,"caption":"El Diario de Tucuman"},"image":{"@id":"https:\/\/www.eldiariodetucuman.com\/web\/#\/schema\/logo\/image\/"}},{"@type":"Person","@id":"https:\/\/www.eldiariodetucuman.com\/web\/#\/schema\/person\/9250197d75ab5483412e19678b121caa","name":"admin","image":{"@type":"ImageObject","inLanguage":"es","@id":"https:\/\/secure.gravatar.com\/avatar\/c44d117c2be811212c22cb481f6b8384b6873de103fbc49e7a03cc58d7dea4ac?s=96&d=mm&r=g","url":"https:\/\/secure.gravatar.com\/avatar\/c44d117c2be811212c22cb481f6b8384b6873de103fbc49e7a03cc58d7dea4ac?s=96&d=mm&r=g","contentUrl":"https:\/\/secure.gravatar.com\/avatar\/c44d117c2be811212c22cb481f6b8384b6873de103fbc49e7a03cc58d7dea4ac?s=96&d=mm&r=g","caption":"admin"},"url":"https:\/\/www.eldiariodetucuman.com\/web\/author\/admin\/"}]}},"_links":{"self":[{"href":"https:\/\/www.eldiariodetucuman.com\/web\/wp-json\/wp\/v2\/posts\/45510","targetHints":{"allow":["GET"]}}],"collection":[{"href":"https:\/\/www.eldiariodetucuman.com\/web\/wp-json\/wp\/v2\/posts"}],"about":[{"href":"https:\/\/www.eldiariodetucuman.com\/web\/wp-json\/wp\/v2\/types\/post"}],"author":[{"embeddable":true,"href":"https:\/\/www.eldiariodetucuman.com\/web\/wp-json\/wp\/v2\/users\/1"}],"replies":[{"embeddable":true,"href":"https:\/\/www.eldiariodetucuman.com\/web\/wp-json\/wp\/v2\/comments?post=45510"}],"version-history":[{"count":0,"href":"https:\/\/www.eldiariodetucuman.com\/web\/wp-json\/wp\/v2\/posts\/45510\/revisions"}],"wp:featuredmedia":[{"embeddable":true,"href":"https:\/\/www.eldiariodetucuman.com\/web\/wp-json\/wp\/v2\/media\/45511"}],"wp:attachment":[{"href":"https:\/\/www.eldiariodetucuman.com\/web\/wp-json\/wp\/v2\/media?parent=45510"}],"wp:term":[{"taxonomy":"category","embeddable":true,"href":"https:\/\/www.eldiariodetucuman.com\/web\/wp-json\/wp\/v2\/categories?post=45510"},{"taxonomy":"post_tag","embeddable":true,"href":"https:\/\/www.eldiariodetucuman.com\/web\/wp-json\/wp\/v2\/tags?post=45510"}],"curies":[{"name":"wp","href":"https:\/\/api.w.org\/{rel}","templated":true}]}}