{"id":45499,"date":"2025-08-28T15:51:59","date_gmt":"2025-08-28T18:51:59","guid":{"rendered":"https:\/\/www.eldiariodetucuman.com\/web\/una-quema-de-cana-genero-humo-sobre-la-ruta-38\/"},"modified":"2025-08-28T15:51:59","modified_gmt":"2025-08-28T18:51:59","slug":"una-quema-de-cana-genero-humo-sobre-la-ruta-38","status":"publish","type":"post","link":"https:\/\/www.eldiariodetucuman.com\/web\/una-quema-de-cana-genero-humo-sobre-la-ruta-38\/","title":{"rendered":"Una quema de ca\u00f1a gener\u00f3 humo sobre la Ruta 38"},"content":{"rendered":"<p>  <\/p>\n<p> El siniestro se registr\u00f3 aproximadamente a 2 kil\u00f3metros pasando la entrada de Aguilares, a la altura de la localidad de Santa B\u00e1rbara, comprometiendo 300 metros lineales de ca\u00f1averales ubicados al costado de la ruta.<\/p>\n<p>En el lugar intervino personal de la comisar\u00eda de Aguilares, que dio aviso a las dotaciones de Bomberos para contener las llamas y evitar que el incendio avance sobre la banquina. Hasta el momento no se encontraron personas en la zona y se desconoce la titularidad del campo afectado.<\/p>\n<p>Desde las autoridades recordaron la importancia de que la ciudadan\u00eda realice la denuncia de manera inmediata en caso de detectar focos \u00edgneos, a trav\u00e9s de las v\u00edas habilitadas, entre ellas la l\u00ednea telef\u00f3nica 381 319 5131 del Ministerio P\u00fablico Fiscal.<\/p>\n<p>Fuente: <a href=\"https:\/\/www.lv12.com.ar\/quema\/una-quema-cana-genero-humo-la-ruta-38-n184573\"> Fuente de la nota <\/a><\/p>\n","protected":false},"excerpt":{"rendered":"<p>El siniestro se registr\u00f3 aproximadamente a 2 kil\u00f3metros pasando la entrada de Aguilares, a la altura de la localidad de Santa B\u00e1rbara, comprometiendo 300 metros lineales de ca\u00f1averales ubicados al costado de la ruta. En el lugar intervino personal de la comisar\u00eda de Aguilares, que dio aviso a las dotaciones de Bomberos para contener las [&hellip;]<\/p>\n","protected":false},"author":1,"featured_media":45500,"comment_status":"closed","ping_status":"open","sticky":false,"template":"","format":"standard","meta":{"footnotes":""},"categories":[927],"tags":[],"class_list":{"0":"post-45499","1":"post","2":"type-post","3":"status-publish","4":"format-standard","5":"has-post-thumbnail","7":"category-policiales"},"yoast_head":"<!-- This site is optimized with the Yoast SEO plugin v27.5 - https:\/\/yoast.com\/product\/yoast-seo-wordpress\/ -->\n<title>Una quema de ca\u00f1a gener\u00f3 humo sobre la Ruta 38 - El Diario de Tucuman<\/title>\n<meta name=\"robots\" content=\"index, follow, max-snippet:-1, max-image-preview:large, max-video-preview:-1\" \/>\n<link rel=\"canonical\" href=\"https:\/\/www.eldiariodetucuman.com\/web\/una-quema-de-cana-genero-humo-sobre-la-ruta-38\/\" \/>\n<meta property=\"og:locale\" content=\"es_ES\" \/>\n<meta property=\"og:type\" content=\"article\" \/>\n<meta property=\"og:title\" content=\"Una quema de ca\u00f1a gener\u00f3 humo sobre la Ruta 38 - El Diario de Tucuman\" \/>\n<meta property=\"og:description\" content=\"El siniestro se registr\u00f3 aproximadamente a 2 kil\u00f3metros pasando la entrada de Aguilares, a la altura de la localidad de Santa B\u00e1rbara, comprometiendo 300 metros lineales de ca\u00f1averales ubicados al costado de la ruta. En el lugar intervino personal de la comisar\u00eda de Aguilares, que dio aviso a las dotaciones de Bomberos para contener las [&hellip;]\" \/>\n<meta property=\"og:url\" content=\"https:\/\/www.eldiariodetucuman.com\/web\/una-quema-de-cana-genero-humo-sobre-la-ruta-38\/\" \/>\n<meta property=\"og:site_name\" content=\"El Diario de Tucuman\" \/>\n<meta property=\"article:published_time\" content=\"2025-08-28T18:51:59+00:00\" \/>\n<meta name=\"author\" content=\"admin\" \/>\n<meta name=\"twitter:card\" content=\"summary_large_image\" \/>\n<meta name=\"twitter:label1\" content=\"Escrito por\" \/>\n\t<meta name=\"twitter:data1\" content=\"admin\" \/>\n\t<meta name=\"twitter:label2\" content=\"Tiempo de lectura\" \/>\n\t<meta name=\"twitter:data2\" content=\"1 minuto\" \/>\n<script type=\"application\/ld+json\" class=\"yoast-schema-graph\">{\"@context\":\"https:\\\/\\\/schema.org\",\"@graph\":[{\"@type\":\"Article\",\"@id\":\"https:\\\/\\\/www.eldiariodetucuman.com\\\/web\\\/una-quema-de-cana-genero-humo-sobre-la-ruta-38\\\/#article\",\"isPartOf\":{\"@id\":\"https:\\\/\\\/www.eldiariodetucuman.com\\\/web\\\/una-quema-de-cana-genero-humo-sobre-la-ruta-38\\\/\"},\"author\":{\"name\":\"admin\",\"@id\":\"https:\\\/\\\/www.eldiariodetucuman.com\\\/web\\\/#\\\/schema\\\/person\\\/9250197d75ab5483412e19678b121caa\"},\"headline\":\"Una quema de ca\u00f1a gener\u00f3 humo sobre la Ruta 38\",\"datePublished\":\"2025-08-28T18:51:59+00:00\",\"mainEntityOfPage\":{\"@id\":\"https:\\\/\\\/www.eldiariodetucuman.com\\\/web\\\/una-quema-de-cana-genero-humo-sobre-la-ruta-38\\\/\"},\"wordCount\":143,\"publisher\":{\"@id\":\"https:\\\/\\\/www.eldiariodetucuman.com\\\/web\\\/#organization\"},\"image\":{\"@id\":\"https:\\\/\\\/www.eldiariodetucuman.com\\\/web\\\/una-quema-de-cana-genero-humo-sobre-la-ruta-38\\\/#primaryimage\"},\"thumbnailUrl\":\"https:\\\/\\\/www.eldiariodetucuman.com\\\/web\\\/wp-content\\\/uploads\\\/2025\\\/08\\\/Una-quema-de-cana-genero-humo-sobre-la-Ruta-38.png\",\"articleSection\":[\"Policiales\"],\"inLanguage\":\"es\"},{\"@type\":\"WebPage\",\"@id\":\"https:\\\/\\\/www.eldiariodetucuman.com\\\/web\\\/una-quema-de-cana-genero-humo-sobre-la-ruta-38\\\/\",\"url\":\"https:\\\/\\\/www.eldiariodetucuman.com\\\/web\\\/una-quema-de-cana-genero-humo-sobre-la-ruta-38\\\/\",\"name\":\"Una quema de ca\u00f1a gener\u00f3 humo sobre la Ruta 38 - El Diario de Tucuman\",\"isPartOf\":{\"@id\":\"https:\\\/\\\/www.eldiariodetucuman.com\\\/web\\\/#website\"},\"primaryImageOfPage\":{\"@id\":\"https:\\\/\\\/www.eldiariodetucuman.com\\\/web\\\/una-quema-de-cana-genero-humo-sobre-la-ruta-38\\\/#primaryimage\"},\"image\":{\"@id\":\"https:\\\/\\\/www.eldiariodetucuman.com\\\/web\\\/una-quema-de-cana-genero-humo-sobre-la-ruta-38\\\/#primaryimage\"},\"thumbnailUrl\":\"https:\\\/\\\/www.eldiariodetucuman.com\\\/web\\\/wp-content\\\/uploads\\\/2025\\\/08\\\/Una-quema-de-cana-genero-humo-sobre-la-Ruta-38.png\",\"datePublished\":\"2025-08-28T18:51:59+00:00\",\"breadcrumb\":{\"@id\":\"https:\\\/\\\/www.eldiariodetucuman.com\\\/web\\\/una-quema-de-cana-genero-humo-sobre-la-ruta-38\\\/#breadcrumb\"},\"inLanguage\":\"es\",\"potentialAction\":[{\"@type\":\"ReadAction\",\"target\":[\"https:\\\/\\\/www.eldiariodetucuman.com\\\/web\\\/una-quema-de-cana-genero-humo-sobre-la-ruta-38\\\/\"]}]},{\"@type\":\"ImageObject\",\"inLanguage\":\"es\",\"@id\":\"https:\\\/\\\/www.eldiariodetucuman.com\\\/web\\\/una-quema-de-cana-genero-humo-sobre-la-ruta-38\\\/#primaryimage\",\"url\":\"https:\\\/\\\/www.eldiariodetucuman.com\\\/web\\\/wp-content\\\/uploads\\\/2025\\\/08\\\/Una-quema-de-cana-genero-humo-sobre-la-Ruta-38.png\",\"contentUrl\":\"https:\\\/\\\/www.eldiariodetucuman.com\\\/web\\\/wp-content\\\/uploads\\\/2025\\\/08\\\/Una-quema-de-cana-genero-humo-sobre-la-Ruta-38.png\",\"width\":1200,\"height\":675},{\"@type\":\"BreadcrumbList\",\"@id\":\"https:\\\/\\\/www.eldiariodetucuman.com\\\/web\\\/una-quema-de-cana-genero-humo-sobre-la-ruta-38\\\/#breadcrumb\",\"itemListElement\":[{\"@type\":\"ListItem\",\"position\":1,\"name\":\"Portada\",\"item\":\"https:\\\/\\\/www.eldiariodetucuman.com\\\/web\\\/\"},{\"@type\":\"ListItem\",\"position\":2,\"name\":\"Una quema de ca\u00f1a gener\u00f3 humo sobre la Ruta 38\"}]},{\"@type\":\"WebSite\",\"@id\":\"https:\\\/\\\/www.eldiariodetucuman.com\\\/web\\\/#website\",\"url\":\"https:\\\/\\\/www.eldiariodetucuman.com\\\/web\\\/\",\"name\":\"El Diario de Tucuman\",\"description\":\"Diario Tucuman - Informaci\u00f3n y noticias\",\"publisher\":{\"@id\":\"https:\\\/\\\/www.eldiariodetucuman.com\\\/web\\\/#organization\"},\"potentialAction\":[{\"@type\":\"SearchAction\",\"target\":{\"@type\":\"EntryPoint\",\"urlTemplate\":\"https:\\\/\\\/www.eldiariodetucuman.com\\\/web\\\/?s={search_term_string}\"},\"query-input\":{\"@type\":\"PropertyValueSpecification\",\"valueRequired\":true,\"valueName\":\"search_term_string\"}}],\"inLanguage\":\"es\"},{\"@type\":\"Organization\",\"@id\":\"https:\\\/\\\/www.eldiariodetucuman.com\\\/web\\\/#organization\",\"name\":\"El Diario de Tucuman\",\"url\":\"https:\\\/\\\/www.eldiariodetucuman.com\\\/web\\\/\",\"logo\":{\"@type\":\"ImageObject\",\"inLanguage\":\"es\",\"@id\":\"https:\\\/\\\/www.eldiariodetucuman.com\\\/web\\\/#\\\/schema\\\/logo\\\/image\\\/\",\"url\":\"http:\\\/\\\/www.eldiariodetucuman.com\\\/web\\\/wp-content\\\/uploads\\\/2017\\\/12\\\/el-diario-de-tucuman.jpg\",\"contentUrl\":\"http:\\\/\\\/www.eldiariodetucuman.com\\\/web\\\/wp-content\\\/uploads\\\/2017\\\/12\\\/el-diario-de-tucuman.jpg\",\"width\":272,\"height\":92,\"caption\":\"El Diario de Tucuman\"},\"image\":{\"@id\":\"https:\\\/\\\/www.eldiariodetucuman.com\\\/web\\\/#\\\/schema\\\/logo\\\/image\\\/\"}},{\"@type\":\"Person\",\"@id\":\"https:\\\/\\\/www.eldiariodetucuman.com\\\/web\\\/#\\\/schema\\\/person\\\/9250197d75ab5483412e19678b121caa\",\"name\":\"admin\",\"image\":{\"@type\":\"ImageObject\",\"inLanguage\":\"es\",\"@id\":\"https:\\\/\\\/secure.gravatar.com\\\/avatar\\\/c44d117c2be811212c22cb481f6b8384b6873de103fbc49e7a03cc58d7dea4ac?s=96&d=mm&r=g\",\"url\":\"https:\\\/\\\/secure.gravatar.com\\\/avatar\\\/c44d117c2be811212c22cb481f6b8384b6873de103fbc49e7a03cc58d7dea4ac?s=96&d=mm&r=g\",\"contentUrl\":\"https:\\\/\\\/secure.gravatar.com\\\/avatar\\\/c44d117c2be811212c22cb481f6b8384b6873de103fbc49e7a03cc58d7dea4ac?s=96&d=mm&r=g\",\"caption\":\"admin\"},\"url\":\"https:\\\/\\\/www.eldiariodetucuman.com\\\/web\\\/author\\\/admin\\\/\"}]}<\/script>\n<!-- \/ Yoast SEO plugin. -->","yoast_head_json":{"title":"Una quema de ca\u00f1a gener\u00f3 humo sobre la Ruta 38 - El Diario de Tucuman","robots":{"index":"index","follow":"follow","max-snippet":"max-snippet:-1","max-image-preview":"max-image-preview:large","max-video-preview":"max-video-preview:-1"},"canonical":"https:\/\/www.eldiariodetucuman.com\/web\/una-quema-de-cana-genero-humo-sobre-la-ruta-38\/","og_locale":"es_ES","og_type":"article","og_title":"Una quema de ca\u00f1a gener\u00f3 humo sobre la Ruta 38 - El Diario de Tucuman","og_description":"El siniestro se registr\u00f3 aproximadamente a 2 kil\u00f3metros pasando la entrada de Aguilares, a la altura de la localidad de Santa B\u00e1rbara, comprometiendo 300 metros lineales de ca\u00f1averales ubicados al costado de la ruta. En el lugar intervino personal de la comisar\u00eda de Aguilares, que dio aviso a las dotaciones de Bomberos para contener las [&hellip;]","og_url":"https:\/\/www.eldiariodetucuman.com\/web\/una-quema-de-cana-genero-humo-sobre-la-ruta-38\/","og_site_name":"El Diario de Tucuman","article_published_time":"2025-08-28T18:51:59+00:00","author":"admin","twitter_card":"summary_large_image","twitter_misc":{"Escrito por":"admin","Tiempo de lectura":"1 minuto"},"schema":{"@context":"https:\/\/schema.org","@graph":[{"@type":"Article","@id":"https:\/\/www.eldiariodetucuman.com\/web\/una-quema-de-cana-genero-humo-sobre-la-ruta-38\/#article","isPartOf":{"@id":"https:\/\/www.eldiariodetucuman.com\/web\/una-quema-de-cana-genero-humo-sobre-la-ruta-38\/"},"author":{"name":"admin","@id":"https:\/\/www.eldiariodetucuman.com\/web\/#\/schema\/person\/9250197d75ab5483412e19678b121caa"},"headline":"Una quema de ca\u00f1a gener\u00f3 humo sobre la Ruta 38","datePublished":"2025-08-28T18:51:59+00:00","mainEntityOfPage":{"@id":"https:\/\/www.eldiariodetucuman.com\/web\/una-quema-de-cana-genero-humo-sobre-la-ruta-38\/"},"wordCount":143,"publisher":{"@id":"https:\/\/www.eldiariodetucuman.com\/web\/#organization"},"image":{"@id":"https:\/\/www.eldiariodetucuman.com\/web\/una-quema-de-cana-genero-humo-sobre-la-ruta-38\/#primaryimage"},"thumbnailUrl":"https:\/\/www.eldiariodetucuman.com\/web\/wp-content\/uploads\/2025\/08\/Una-quema-de-cana-genero-humo-sobre-la-Ruta-38.png","articleSection":["Policiales"],"inLanguage":"es"},{"@type":"WebPage","@id":"https:\/\/www.eldiariodetucuman.com\/web\/una-quema-de-cana-genero-humo-sobre-la-ruta-38\/","url":"https:\/\/www.eldiariodetucuman.com\/web\/una-quema-de-cana-genero-humo-sobre-la-ruta-38\/","name":"Una quema de ca\u00f1a gener\u00f3 humo sobre la Ruta 38 - El Diario de Tucuman","isPartOf":{"@id":"https:\/\/www.eldiariodetucuman.com\/web\/#website"},"primaryImageOfPage":{"@id":"https:\/\/www.eldiariodetucuman.com\/web\/una-quema-de-cana-genero-humo-sobre-la-ruta-38\/#primaryimage"},"image":{"@id":"https:\/\/www.eldiariodetucuman.com\/web\/una-quema-de-cana-genero-humo-sobre-la-ruta-38\/#primaryimage"},"thumbnailUrl":"https:\/\/www.eldiariodetucuman.com\/web\/wp-content\/uploads\/2025\/08\/Una-quema-de-cana-genero-humo-sobre-la-Ruta-38.png","datePublished":"2025-08-28T18:51:59+00:00","breadcrumb":{"@id":"https:\/\/www.eldiariodetucuman.com\/web\/una-quema-de-cana-genero-humo-sobre-la-ruta-38\/#breadcrumb"},"inLanguage":"es","potentialAction":[{"@type":"ReadAction","target":["https:\/\/www.eldiariodetucuman.com\/web\/una-quema-de-cana-genero-humo-sobre-la-ruta-38\/"]}]},{"@type":"ImageObject","inLanguage":"es","@id":"https:\/\/www.eldiariodetucuman.com\/web\/una-quema-de-cana-genero-humo-sobre-la-ruta-38\/#primaryimage","url":"https:\/\/www.eldiariodetucuman.com\/web\/wp-content\/uploads\/2025\/08\/Una-quema-de-cana-genero-humo-sobre-la-Ruta-38.png","contentUrl":"https:\/\/www.eldiariodetucuman.com\/web\/wp-content\/uploads\/2025\/08\/Una-quema-de-cana-genero-humo-sobre-la-Ruta-38.png","width":1200,"height":675},{"@type":"BreadcrumbList","@id":"https:\/\/www.eldiariodetucuman.com\/web\/una-quema-de-cana-genero-humo-sobre-la-ruta-38\/#breadcrumb","itemListElement":[{"@type":"ListItem","position":1,"name":"Portada","item":"https:\/\/www.eldiariodetucuman.com\/web\/"},{"@type":"ListItem","position":2,"name":"Una quema de ca\u00f1a gener\u00f3 humo sobre la Ruta 38"}]},{"@type":"WebSite","@id":"https:\/\/www.eldiariodetucuman.com\/web\/#website","url":"https:\/\/www.eldiariodetucuman.com\/web\/","name":"El Diario de Tucuman","description":"Diario Tucuman - Informaci\u00f3n y noticias","publisher":{"@id":"https:\/\/www.eldiariodetucuman.com\/web\/#organization"},"potentialAction":[{"@type":"SearchAction","target":{"@type":"EntryPoint","urlTemplate":"https:\/\/www.eldiariodetucuman.com\/web\/?s={search_term_string}"},"query-input":{"@type":"PropertyValueSpecification","valueRequired":true,"valueName":"search_term_string"}}],"inLanguage":"es"},{"@type":"Organization","@id":"https:\/\/www.eldiariodetucuman.com\/web\/#organization","name":"El Diario de Tucuman","url":"https:\/\/www.eldiariodetucuman.com\/web\/","logo":{"@type":"ImageObject","inLanguage":"es","@id":"https:\/\/www.eldiariodetucuman.com\/web\/#\/schema\/logo\/image\/","url":"http:\/\/www.eldiariodetucuman.com\/web\/wp-content\/uploads\/2017\/12\/el-diario-de-tucuman.jpg","contentUrl":"http:\/\/www.eldiariodetucuman.com\/web\/wp-content\/uploads\/2017\/12\/el-diario-de-tucuman.jpg","width":272,"height":92,"caption":"El Diario de Tucuman"},"image":{"@id":"https:\/\/www.eldiariodetucuman.com\/web\/#\/schema\/logo\/image\/"}},{"@type":"Person","@id":"https:\/\/www.eldiariodetucuman.com\/web\/#\/schema\/person\/9250197d75ab5483412e19678b121caa","name":"admin","image":{"@type":"ImageObject","inLanguage":"es","@id":"https:\/\/secure.gravatar.com\/avatar\/c44d117c2be811212c22cb481f6b8384b6873de103fbc49e7a03cc58d7dea4ac?s=96&d=mm&r=g","url":"https:\/\/secure.gravatar.com\/avatar\/c44d117c2be811212c22cb481f6b8384b6873de103fbc49e7a03cc58d7dea4ac?s=96&d=mm&r=g","contentUrl":"https:\/\/secure.gravatar.com\/avatar\/c44d117c2be811212c22cb481f6b8384b6873de103fbc49e7a03cc58d7dea4ac?s=96&d=mm&r=g","caption":"admin"},"url":"https:\/\/www.eldiariodetucuman.com\/web\/author\/admin\/"}]}},"_links":{"self":[{"href":"https:\/\/www.eldiariodetucuman.com\/web\/wp-json\/wp\/v2\/posts\/45499","targetHints":{"allow":["GET"]}}],"collection":[{"href":"https:\/\/www.eldiariodetucuman.com\/web\/wp-json\/wp\/v2\/posts"}],"about":[{"href":"https:\/\/www.eldiariodetucuman.com\/web\/wp-json\/wp\/v2\/types\/post"}],"author":[{"embeddable":true,"href":"https:\/\/www.eldiariodetucuman.com\/web\/wp-json\/wp\/v2\/users\/1"}],"replies":[{"embeddable":true,"href":"https:\/\/www.eldiariodetucuman.com\/web\/wp-json\/wp\/v2\/comments?post=45499"}],"version-history":[{"count":0,"href":"https:\/\/www.eldiariodetucuman.com\/web\/wp-json\/wp\/v2\/posts\/45499\/revisions"}],"wp:featuredmedia":[{"embeddable":true,"href":"https:\/\/www.eldiariodetucuman.com\/web\/wp-json\/wp\/v2\/media\/45500"}],"wp:attachment":[{"href":"https:\/\/www.eldiariodetucuman.com\/web\/wp-json\/wp\/v2\/media?parent=45499"}],"wp:term":[{"taxonomy":"category","embeddable":true,"href":"https:\/\/www.eldiariodetucuman.com\/web\/wp-json\/wp\/v2\/categories?post=45499"},{"taxonomy":"post_tag","embeddable":true,"href":"https:\/\/www.eldiariodetucuman.com\/web\/wp-json\/wp\/v2\/tags?post=45499"}],"curies":[{"name":"wp","href":"https:\/\/api.w.org\/{rel}","templated":true}]}}