{"id":45492,"date":"2025-08-27T22:03:02","date_gmt":"2025-08-28T01:03:02","guid":{"rendered":"https:\/\/www.eldiariodetucuman.com\/web\/un-gobierno-obligado-a-reinventarse\/"},"modified":"2025-08-27T22:03:04","modified_gmt":"2025-08-28T01:03:04","slug":"un-gobierno-obligado-a-reinventarse","status":"publish","type":"post","link":"https:\/\/www.eldiariodetucuman.com\/web\/un-gobierno-obligado-a-reinventarse\/","title":{"rendered":"Un Gobierno obligado a reinventarse"},"content":{"rendered":"<p><\/p>\n<p class=\"com-paragraph   --s\"><strong>La Libertad Avanza<\/strong> perdi\u00f3 durante varias semanas el control de la pol\u00edtica fiscal, su clave de b\u00f3veda, que pas\u00f3 a manos de la oposici\u00f3n en el Congreso. Tres figuras cruciales de esa fuerza, <strong>Karina Milei, Eduardo \u201cLule\u201d Menem y Mart\u00edn Menem<\/strong>, quedaron en el ojo de una tormenta por los misteriosos audios con la voz de quien ser\u00eda <strong>Diego Spagnuolo<\/strong>, un funcionario amigo del Presidente que los acusa de organizar un sistema de coimas con los fondos destinados a asistir a personas con alguna discapacidad. Sobre este tel\u00f3n de fondo, los ahorristas siguen comprando d\u00f3lares a pesar de que la tasa de inter\u00e9s en pesos supera el 100% anual, lo que equivale a un 75% real. En otras palabras: a pesar de que <strong>la tasa de inter\u00e9s amenaza con convertir la econom\u00eda real en un desierto<\/strong>. <\/p>\n<p class=\"com-paragraph   --s\">Dado este contexto, lo ocurrido ayer al mediod\u00eda no podr\u00eda ser m\u00e1s inquietante: la campa\u00f1a electoral qued\u00f3 contaminada por la violencia callejera, cuando<strong> Javier Milei <\/strong>y sus colaboradores y candidatos debieron cancelar una caravana proselitista y huir de <strong>Lomas de Zamora<\/strong> agredidos a piedrazos. Sobre la vida p\u00fablica se ha instalado un enorme signo de interrogaci\u00f3n que obliga a analistas e inversores a recalcular la marcha del pa\u00eds hacia las elecciones de octubre. Para ganar esos comicios el Gobierno depende cada d\u00eda m\u00e1s de <strong>la indigencia conceptual y los p\u00e9simos antecedentes que exhiben sus rivales<\/strong>.<\/p>\n<p class=\"com-paragraph   --s\">La p\u00e9sima experiencia que atraves\u00f3 ayer el Presidente en el <strong>coraz\u00f3n del conurbano<\/strong>, una regi\u00f3n que siempre le fue esquiva, fue una se\u00f1al de que la convivencia pol\u00edtica sigue hundi\u00e9ndose en la intolerancia hasta ingresar en la agresi\u00f3n f\u00edsica. Milei qued\u00f3 convertido en v\u00edctima de un clima que \u00e9l mismo contribuy\u00f3 a crear. Sus insultos, tan sistem\u00e1ticos que prometi\u00f3 suspenderlos, y las expresiones literales de odio que se proyectan desde su entorno, no justifican el repudiable ataque que se registr\u00f3 ayer. Pero, en alguna medida, lo explican. <strong>La polarizaci\u00f3n lleg\u00f3 al absurdo que qued\u00f3 expresado en una frase que pasar\u00e1 a la historia<\/strong>. En referencia a los kirchneristas, el Presidente dijo que \u201cest\u00e1n molestos porque les estamos afanando los choreos\u201d. La revista Barcelona se perdi\u00f3 un gran t\u00edtulo.<\/p>\n<p class=\"com-paragraph   --s\">Las confesiones atribuidas al ex director de la <strong>Agencia Nacional de Discapacidad<\/strong> (Andis) siguen teniendo al gabinete en estado de estupor. Por primera vez Milei se refiri\u00f3 al tema ayer, antes de interrumpir esa marcha turbulenta, diciendo a una cronista de LN+ que todo lo que dice Spagnuolo \u201ces mentira y lo vamos a llevar a la Justicia\u201d. Dos novedades. <strong>Desmiente el contenido de esos audios, pero admite que corresponden a su antiguo amigo<\/strong>.<\/p>\n<p class=\"com-paragraph   --s\">Las grabaciones con la voz de Spagnuolo, que siguen apareciendo por goteo, desataron un esc\u00e1ndalo. Pero consiguieron algo m\u00e1s: llamaron la atenci\u00f3n sobre una de las operaciones m\u00e1s opacas del Estado. La compra y distribuci\u00f3n de medicamentos. A ra\u00edz de esas infidencias ahora se conocen <strong>algunas excentricidades que otorgan verosimilitud a las fechor\u00edas<\/strong> que narra el ex funcionario. La m\u00e1s relevante: las contrataciones de la Andis se realizaban por fuera del sistema Compra.Ar.<\/p>\n<p class=\"com-paragraph   --s\">Compra.Ar es una plataforma digital donde se gestionan y publican las contrataciones p\u00fablicas. Tiene el cometido de centralizar y transparentar licitaciones, concursos de precios y compras directas. A trav\u00e9s de esas p\u00e1ginas cualquier persona puede seguir los procesos de adquisiciones estatales desde la convocatoria hasta la adjudicaci\u00f3n. Todos los contratos de obtenci\u00f3n y log\u00edstica de medicamentos del Ministerio de Salud se cursan por Compra.Ar. Salvo los destinados a discapacitados que, hasta la aparici\u00f3n de los audios de Spagnuolo, se realizaron por medio de correos electr\u00f3nicos o documentos de papel. Es evidente, por lo tanto, que<strong> hubo una intenci\u00f3n de ocultar esos movimientos de dinero, que hacen m\u00e1s cre\u00edbles los dichos atribuidos a Spagnuolo<\/strong>. El Ministerio de Salud orden\u00f3 realizar una auditor\u00eda pero se encontr\u00f3 con una dificultad: la Justicia se llev\u00f3 las computadoras y casi toda la documentaci\u00f3n, para investigar si son ciertas las irregularidades de las que habl\u00f3 Spagnuolo.<\/p>\n<p class=\"com-paragraph   --s\">No es casual que la <strong>droguer\u00eda Suizo Argentina<\/strong>, de la <strong>familia Kovalivker<\/strong>, se haya convertido en el centro de atenci\u00f3n. Los audios que aparecieron ayer, en los que aparecer\u00eda tambi\u00e9n la voz de Spagnuolo grabada de manera clandestina, explican ese protagonismo. Los Kovalivker ganaron en el \u00faltimo a\u00f1o una important\u00edsima porci\u00f3n el negocio de venta y distribuci\u00f3n de medicamentos. Esta expansi\u00f3n se debi\u00f3 a que decidieron bajar los precios en alrededor del 20% respecto de sus competidores tradicionales. <strong>\u201cSe rompieron todos los acuerdos\u201d<\/strong>, inform\u00f3 un entendido, admitiendo que los proveedores de cartelizaban.<\/p>\n<p class=\"com-paragraph   --s\">Bajo la gesti\u00f3n del ministro <strong>Mario Lugones<\/strong> las contrataciones se simplificaron: de una oferta de 18 bienes y servicios, denominados \u201crenglones\u201d, se pas\u00f3 a una de cuatro, con una frecuencia de dos a\u00f1os. La \u00faltima adjudicaci\u00f3n fue por 118.000 millones de pesos, de los cuales 98.000 correspondieron a Suizo Argentina y 20.000 a <strong>Andreani<\/strong>. Conviene insistir: estos montos no corresponden a las compras de la Andis, que se hicieron con procedimientos herm\u00e9ticos. En el Ministerio de Salud aclaran que en lo que va del a\u00f1o los Kovalivker no cobraron una moneda. Eso s\u00ed, <strong>acumularon facturas por 3.700 millones de pesos.<\/strong> El Estado termina pagando lo que consumi\u00f3, que puede representar una suma inferior al monto licitado.<\/p>\n<p class=\"com-paragraph   --s\">\u00bfCu\u00e1nto tuvieron que ver los Menem en la expansi\u00f3n de Suizo Argentina? En otras palabras: \u00bfLos Kovalivker rompieron el equilibrio que exist\u00eda en el sector porque tuvieron la se\u00f1al de que se los tratar\u00eda como privilegiados, tal como afirmar\u00eda Spagnuolo en las grabaciones que se conocieron ayer? <strong>Eduardo \u201cLule\u201d Menem<\/strong> niega conocer a esos empresarios. Sobre todo a Johnny, que es quien est\u00e1 al frente de la droguer\u00eda. Es una aclaraci\u00f3n muy oportuna, porque estaba circulando la leyenda de que este Menem, que opera como mano derecha de Karina Milei, estar\u00eda<strong> registrado en un video al volante de una Ferrari perteneciente a ese Kovalivker<\/strong>. <\/p>\n<p class=\"com-paragraph   --s\">En auxilio de \u201cLule\u201d lleg\u00f3 otra habladur\u00eda. El amigo de Johnny ser\u00eda su pariente <strong>Mart\u00edn Menem<\/strong>, el titular de la C\u00e1mara de Diputados. La relaci\u00f3n entre ambos habr\u00eda tenido un origen azaroso. Naci\u00f3 cuando el empresario tuvo un accidente automovil\u00edstico grave en Punta del Este y recibi\u00f3 el auxilio del actual diputado Menem, que lo acompa\u00f1\u00f3 en la internaci\u00f3n en el Sanatorio Cantegril. \u00bfFue Mart\u00edn el que se pase\u00f3 con ese auto deportivo? <strong>\u00bfFue una Ferrari o una cup\u00e9 Porsche 911 GT2 RS?<\/strong> \u00bfEl paseo se produjo en La Isla, el lujoso barrio de Nordelta donde el opulento Kovalivker es vecino de deportistas como <strong>Mauro Icardi<\/strong> o \u201cexpertos en mercados regulados\u201d como<strong> Mauricio Filiberti<\/strong>? Estas son las habladur\u00edas que hoy entretienen a \u201cla casta\u201d. <\/p>\n<p class=\"com-paragraph   --s\">\u201cLule\u201d Menem est\u00e1 inquieto. Lo intranquiliza que el oficialismo carezca de una estrategia defensiva. Y se pregunta por qu\u00e9<strong> Manuel Adorni<\/strong> no da una explicaci\u00f3n que aten\u00fae el esc\u00e1ndalo. Es verdad: Adorni permanece callado. Apenas public\u00f3 un enigm\u00e1tico tuit hablando de que el verdadero juez es el paso del tiempo. Una afirmaci\u00f3n contraproducente para la ansiedad del colaborador de Karina Milei. Adorni hace bien en apretar los labios. Ya perdi\u00f3 bastante credibilidad con las desmentidas sobre las valijas de <strong>Laura Bel\u00e9n Arrieta<\/strong>, aquellas que no pasaron por control alguno de la Aduana. A prop\u00f3sito: \u00bfel juez <strong>Pablo Yadarola<\/strong> ya identific\u00f3 a qu\u00e9 n\u00famero llamaron desde el celular que Arrieta le entreg\u00f3 a una agente aduanera, tal cual aparece en un video? Volviendo a Adorni: no s\u00f3lo guard\u00f3 silencio, sino que <strong>suspendi\u00f3 su programa de streaming, destinado a hostigar al periodismo<\/strong>. Antes de que hable \u00e9l, el logorreico Spagnuolo le gan\u00f3 de mano. En su insondable aparici\u00f3n de ayer se burl\u00f3 del vocero por haber asegurado que se otorg\u00f3 una pensi\u00f3n por discapacidad fraudulenta mostrando la radiograf\u00eda de la cola de un perro. <strong>Ese ejemplo, con el que se justificaron recortes en el \u00e1rea de discapacidad, era falso. Fake, 7, 8.<\/strong><\/p>\n<p class=\"com-paragraph   --s\">Las preocupaciones de \u201cLule\u201d Menem son razonables. Est\u00e1 siendo castigado por el karma de \u201cla casualidad permanente\u201d, de la que hablaba el llorado <strong>Carlos Menem<\/strong>. Por ejemplo: la droguer\u00eda Suizo Argentina es proveedora del gobierno de La Rioja. Y el responsable de las compras se llama, maldita coincidencia, <strong>Roberto Menem<\/strong>. Minucias intrascendentes. Lo relevante es que la crisis provocada por los dichos atribuidos a Spagnuolo, grabados de manera ilegal, encuentra a un oficialismo invertebrado. Nadie se anima a defender a nadie, entre otras razones, porque la mayor\u00eda de los funcionarios no se conocen entre s\u00ed. Es una derivaci\u00f3n inevitable de una victoria \u201cde emergencia\u201d, que oblig\u00f3 a formar un gabinete aluvional.<\/p>\n<p class=\"com-paragraph   --s\">Esa peculiaridad se expresa en otra caracter\u00edstica: carente de cultura pol\u00edtica, el de La Libertad Avanza es un oficialismo donde existen pocos dirigentes inquietos por cuidar al conjunto. Esa carencia se expresa en internas despiadadas. Karina Milei y, sobre todo, los Menem, est\u00e1n convencidos de que detr\u00e1s de la filtraci\u00f3n de los audios imputados a Spagnuolo est\u00e1 la mano de su enemigo interno <strong>Santiago Caputo<\/strong>, el Mago del Kremlin. Especulan, como sucede en toda operaci\u00f3n de inteligencia, que en las responsabilidades del ataque se superponen varias capas. En la m\u00e1s superficial identifican a la diputada <strong>Marcela Pagano<\/strong>, y a su esposo, el abogado <strong>Franco Bindi<\/strong>. Ayer Pagano protagoniz\u00f3 un batifondo en la sesi\u00f3n en la que el jefe de Gabinete <strong>Guillermo Francos<\/strong> cumpli\u00f3 con el informe de rutina. Qued\u00f3 trenzada en una pelea altisonante con <strong>Lilia Lemoine<\/strong>, la voz de Karina Milei en ese recinto. <\/p>\n<p class=\"com-paragraph   --s\">Pagano le estaba pidiendo explicaciones a Francos por la filtraci\u00f3n de los audios. Calific\u00f3 al episodio como un \u201cgolpe institucional\u201d. Y responsabiliz\u00f3 a la Jefatura de Gabinete por lo ocurrido. Esas manifestaciones de Pagano presentan, por lo menos, dos curiosidades. La primera es que una semana atr\u00e1s, es decir, en la sesi\u00f3n del mi\u00e9rcoles anterior, ella se apart\u00f3 del bloque oficialista indignada por las revelaciones adjudicadas a Spagnuolo. Es decir, hace siete d\u00edas la publicaci\u00f3n de esas grabaciones no eran un golpe sino una verdad que obligaba a una ruptura. La otra rareza de las acusaciones de Pagano tiene que ver con el veh\u00edculo escogido para producir el esc\u00e1ndalo. Ser\u00eda sorprendente que Francos eligiera, para su inveros\u00edmil conspiraci\u00f3n contra Milei, un canal de streaming como Carnaval, perteneciente al controvertido Pablo Toviggino, quien el 21 de julio pasado le hab\u00eda deseado \u201cun feliz y triste final, pronto\u201d. Toviggino, adem\u00e1s de ser la mano derecha de <strong>Claudio \u201cChiqui\u201d Tapia<\/strong> en la administraci\u00f3n de los recursos de la AFA, es un aliado permanente del santiague\u00f1o <strong>Gerardo Zamora<\/strong> y de <strong>Sergio Massa<\/strong>.<\/p>\n<p class=\"com-paragraph   --s\">En el oficialismo parlamentario, que lidera Mart\u00edn Menem, no se detienen en Pagano y Bindi. Miran con recelo el v\u00ednculo que atribuyen a Bindi con el subsecretario de Pol\u00edticas Universitarias de la Naci\u00f3n, <strong>Alejandro \u00c1lvarez<\/strong>, engranaje principal del \u201cMago\u201d Caputo en el Ministerio de Capital Humano. S\u00edntesis: <strong>los Menem creen, o acaso quieren creer, que la agresi\u00f3n fue orquestada por Caputo<\/strong>. Es el problema de las enemistades autom\u00e1ticas: los proyectiles tienen un responsable antes de que alguien los arroje.<\/p>\n<p class=\"com-paragraph   --s\">Este estado de descomposici\u00f3n interna es el menos conveniente para un gobierno expuesto a un desaf\u00edo electoral. La consultora<strong> Rubikon Intel<\/strong> realiz\u00f3 una encuesta veloz bastante original. Pregunt\u00f3 a 1200 personas de todo el pa\u00eds de qu\u00e9 hab\u00eda hablado con su familia o sus amigos durante el almuerzo del \u00faltimo domingo. Un 55,7% dijo que la conversaci\u00f3n gir\u00f3 en torno de la situaci\u00f3n econ\u00f3mica. El 36,9% habl\u00f3 sobre los incidentes del partido de Independiente contra Universidad de Chile. <strong>Del esc\u00e1ndalo sobre presuntas coimas en el Gobierno habl\u00f3 el 28,9% de los consultados<\/strong>. El 14,8% convers\u00f3 sobre un tema sin identificar y s\u00f3lo el 10,9% lo hizo sobre el divorcio de Nico V\u00e1zquez y Gimena Accardi. En la misma encuesta, La Libertad Avanza ser\u00eda la fuerza m\u00e1s votada, con 36,8%. Un 28,6% no sabe o no contesta. Fuerza Patria se lleva 18,5% y el voto en blanco, 12,1%.<\/p>\n<p class=\"com-paragraph   --s\"><strong>La carencia de una oferta opositora atractiva es hoy el principal activo de Milei<\/strong>. Al menos cuando se examina el juego pol\u00edtico en las urnas. El terreno institucional emite otros indicios. La actividad parlamentaria de las pr\u00f3ximas semanas estar\u00e1 dominada por una se\u00f1al de alarma: la oposici\u00f3n del Senado aprobar\u00eda una reforma al r\u00e9gimen de Decretos de Necesidad y Urgencia por la cual, para convalidar uno de esos instrumentos, el Poder Ejecutivo deber\u00eda conseguir la aprobaci\u00f3n de las dos c\u00e1maras. Hoy alcanza con la de una sola. Si el proyecto pasa a Diputados, tambi\u00e9n ser\u00eda sancionado. Es un inconveniente transitorio porque los legisladores que apoyan el proyecto admiten que no tendr\u00edan el n\u00famero para resistir un veto de Milei. Aun as\u00ed, seguir\u00e1 quedando expuesta la debilidad de La Libertad Avanza en el parlamento.<\/p>\n<p class=\"com-paragraph   --s\">Estos contratiempos ser\u00edan anecd\u00f3ticos si no se desplegaran sobre un paisaje econ\u00f3mico cada vez m\u00e1s inquietante. <strong>Milei adopt\u00f3 una pol\u00edtica monetaria h\u00edper restrictiva<\/strong>: eliminar todos los pesos posibles del mercado para evitar una corriente de compra de d\u00f3lares que, incrementando el valor de la divisa, provoque un reflujo inflacionario. La tesis el Presidente es que <strong>\u201clas elecciones no se pierden por tasas muy altas sino por una devaluaci\u00f3n de la moneda\u201d<\/strong>.<\/p>\n<p class=\"com-paragraph   --s\">La estrategia est\u00e1 generando varios problemas. La primera es que las entidades financieras ven aumentar la morosidad de personas y empresas que no pueden hacer frente a deudas que aumentan a gran velocidad. Muchas compa\u00f1\u00edas han decidido recurrir a los d\u00f3lares que atesoran en el exterior para saldar sus compromisos en pesos cuanto antes. El segundo contratiempo es que, a\u00fan con esas tasas reales de m\u00e1s del 75%, el d\u00f3lar sigue aumentando de precio. Es decir, <strong>el mercado desconf\u00eda del Gobierno<\/strong>. El tercer inconveniente es que, cuando deben defender este esquema monetario frente a los banqueros, los funcionarios del Ministerio de Econom\u00eda carecen de convicci\u00f3n. Y de argumentos. Terminan confesando que acatan directivas de Milei. <strong>La cuarta dificultad es la m\u00e1s delicada<\/strong>: admitiendo, como hace casi todo el mundo, que La Libertad Avanza conseguir\u00e1 llegar a las elecciones del 26 de octubre con la econom\u00eda bajo control, para despu\u00e9s de esos comicios enfrentar\u00e1 un reto intimidante. Deber\u00e1 reducir las tasas, con el peligro de una corrida hacia el d\u00f3lar. Los manuales, los analistas y los inversores coinciden en que es lo que hay que hacer. Pero el temor a sincerar variables muy sensibles suele ser inhibitorio. Por eso ya hay operadores financieros muy experimentados que afirman:<strong> \u201cEste que vemos no es un plan transitorio. Este que vemos es el \u00fanico plan\u201d<\/strong>.<\/p>\n<p class=\"com-paragraph   --s\">En la dirigencia del pa\u00eds, sobre todo en la empresarial, y aun entre admiradores de Milei, comienza a generarse un consenso: despu\u00e9s de las elecciones el oficialismo deber\u00e1 reinventarse con un <strong>nuevo esquema de pol\u00edtica econ\u00f3mica<\/strong> y, en especial, con un nuevo elenco que se encargue de gestionar la pol\u00edtica.<\/p>\n<p><a href=\"https:\/\/www.lanacion.com.ar\/politica\/un-gobierno-obligado-a-reinventarse-nid27082025\/\">Fuente de la nota <\/a><\/p>\n","protected":false},"excerpt":{"rendered":"<p>La Libertad Avanza perdi\u00f3 durante varias semanas el control de la pol\u00edtica fiscal, su clave de b\u00f3veda, que pas\u00f3 a manos de la oposici\u00f3n en el Congreso. Tres figuras cruciales de esa fuerza, Karina Milei, Eduardo \u201cLule\u201d Menem y Mart\u00edn Menem, quedaron en el ojo de una tormenta por los misteriosos audios con la voz [&hellip;]<\/p>\n","protected":false},"author":5,"featured_media":45493,"comment_status":"closed","ping_status":"open","sticky":false,"template":"","format":"standard","meta":{"footnotes":""},"categories":[3],"tags":[],"class_list":{"0":"post-45492","1":"post","2":"type-post","3":"status-publish","4":"format-standard","5":"has-post-thumbnail","7":"category-politica"},"yoast_head":"<!-- This site is optimized with the Yoast SEO plugin v27.5 - https:\/\/yoast.com\/product\/yoast-seo-wordpress\/ -->\n<title>Un Gobierno obligado a reinventarse - El Diario de Tucuman<\/title>\n<meta name=\"robots\" content=\"index, follow, max-snippet:-1, max-image-preview:large, max-video-preview:-1\" \/>\n<link rel=\"canonical\" href=\"https:\/\/www.eldiariodetucuman.com\/web\/un-gobierno-obligado-a-reinventarse\/\" \/>\n<meta property=\"og:locale\" content=\"es_ES\" \/>\n<meta property=\"og:type\" content=\"article\" \/>\n<meta property=\"og:title\" content=\"Un Gobierno obligado a reinventarse - El Diario de Tucuman\" \/>\n<meta property=\"og:description\" content=\"La Libertad Avanza perdi\u00f3 durante varias semanas el control de la pol\u00edtica fiscal, su clave de b\u00f3veda, que pas\u00f3 a manos de la oposici\u00f3n en el Congreso. Tres figuras cruciales de esa fuerza, Karina Milei, Eduardo \u201cLule\u201d Menem y Mart\u00edn Menem, quedaron en el ojo de una tormenta por los misteriosos audios con la voz [&hellip;]\" \/>\n<meta property=\"og:url\" content=\"https:\/\/www.eldiariodetucuman.com\/web\/un-gobierno-obligado-a-reinventarse\/\" \/>\n<meta property=\"og:site_name\" content=\"El Diario de Tucuman\" \/>\n<meta property=\"article:published_time\" content=\"2025-08-28T01:03:02+00:00\" \/>\n<meta property=\"article:modified_time\" content=\"2025-08-28T01:03:04+00:00\" \/>\n<meta property=\"og:image\" content=\"https:\/\/www.eldiariodetucuman.com\/web\/wp-content\/uploads\/2025\/08\/diego-OSRIK23LMJE7RPYXLNFD67IG7U.jpg\" \/>\n\t<meta property=\"og:image:width\" content=\"1200\" \/>\n\t<meta property=\"og:image:height\" content=\"800\" \/>\n\t<meta property=\"og:image:type\" content=\"image\/jpeg\" \/>\n<meta name=\"author\" content=\"Redactor Uno\" \/>\n<meta name=\"twitter:card\" content=\"summary_large_image\" \/>\n<meta name=\"twitter:label1\" content=\"Escrito por\" \/>\n\t<meta name=\"twitter:data1\" content=\"Redactor Uno\" \/>\n\t<meta name=\"twitter:label2\" content=\"Tiempo de lectura\" \/>\n\t<meta name=\"twitter:data2\" content=\"13 minutos\" \/>\n<script type=\"application\/ld+json\" class=\"yoast-schema-graph\">{\"@context\":\"https:\\\/\\\/schema.org\",\"@graph\":[{\"@type\":\"Article\",\"@id\":\"https:\\\/\\\/www.eldiariodetucuman.com\\\/web\\\/un-gobierno-obligado-a-reinventarse\\\/#article\",\"isPartOf\":{\"@id\":\"https:\\\/\\\/www.eldiariodetucuman.com\\\/web\\\/un-gobierno-obligado-a-reinventarse\\\/\"},\"author\":{\"name\":\"Redactor Uno\",\"@id\":\"https:\\\/\\\/www.eldiariodetucuman.com\\\/web\\\/#\\\/schema\\\/person\\\/7e6644a46e60888f6b868594407e08dd\"},\"headline\":\"Un Gobierno obligado a reinventarse\",\"datePublished\":\"2025-08-28T01:03:02+00:00\",\"dateModified\":\"2025-08-28T01:03:04+00:00\",\"mainEntityOfPage\":{\"@id\":\"https:\\\/\\\/www.eldiariodetucuman.com\\\/web\\\/un-gobierno-obligado-a-reinventarse\\\/\"},\"wordCount\":2597,\"publisher\":{\"@id\":\"https:\\\/\\\/www.eldiariodetucuman.com\\\/web\\\/#organization\"},\"image\":{\"@id\":\"https:\\\/\\\/www.eldiariodetucuman.com\\\/web\\\/un-gobierno-obligado-a-reinventarse\\\/#primaryimage\"},\"thumbnailUrl\":\"https:\\\/\\\/www.eldiariodetucuman.com\\\/web\\\/wp-content\\\/uploads\\\/2025\\\/08\\\/diego-OSRIK23LMJE7RPYXLNFD67IG7U.jpg\",\"articleSection\":[\"Politica\"],\"inLanguage\":\"es\"},{\"@type\":\"WebPage\",\"@id\":\"https:\\\/\\\/www.eldiariodetucuman.com\\\/web\\\/un-gobierno-obligado-a-reinventarse\\\/\",\"url\":\"https:\\\/\\\/www.eldiariodetucuman.com\\\/web\\\/un-gobierno-obligado-a-reinventarse\\\/\",\"name\":\"Un Gobierno obligado a reinventarse - El Diario de Tucuman\",\"isPartOf\":{\"@id\":\"https:\\\/\\\/www.eldiariodetucuman.com\\\/web\\\/#website\"},\"primaryImageOfPage\":{\"@id\":\"https:\\\/\\\/www.eldiariodetucuman.com\\\/web\\\/un-gobierno-obligado-a-reinventarse\\\/#primaryimage\"},\"image\":{\"@id\":\"https:\\\/\\\/www.eldiariodetucuman.com\\\/web\\\/un-gobierno-obligado-a-reinventarse\\\/#primaryimage\"},\"thumbnailUrl\":\"https:\\\/\\\/www.eldiariodetucuman.com\\\/web\\\/wp-content\\\/uploads\\\/2025\\\/08\\\/diego-OSRIK23LMJE7RPYXLNFD67IG7U.jpg\",\"datePublished\":\"2025-08-28T01:03:02+00:00\",\"dateModified\":\"2025-08-28T01:03:04+00:00\",\"breadcrumb\":{\"@id\":\"https:\\\/\\\/www.eldiariodetucuman.com\\\/web\\\/un-gobierno-obligado-a-reinventarse\\\/#breadcrumb\"},\"inLanguage\":\"es\",\"potentialAction\":[{\"@type\":\"ReadAction\",\"target\":[\"https:\\\/\\\/www.eldiariodetucuman.com\\\/web\\\/un-gobierno-obligado-a-reinventarse\\\/\"]}]},{\"@type\":\"ImageObject\",\"inLanguage\":\"es\",\"@id\":\"https:\\\/\\\/www.eldiariodetucuman.com\\\/web\\\/un-gobierno-obligado-a-reinventarse\\\/#primaryimage\",\"url\":\"https:\\\/\\\/www.eldiariodetucuman.com\\\/web\\\/wp-content\\\/uploads\\\/2025\\\/08\\\/diego-OSRIK23LMJE7RPYXLNFD67IG7U.jpg\",\"contentUrl\":\"https:\\\/\\\/www.eldiariodetucuman.com\\\/web\\\/wp-content\\\/uploads\\\/2025\\\/08\\\/diego-OSRIK23LMJE7RPYXLNFD67IG7U.jpg\",\"width\":1200,\"height\":800},{\"@type\":\"BreadcrumbList\",\"@id\":\"https:\\\/\\\/www.eldiariodetucuman.com\\\/web\\\/un-gobierno-obligado-a-reinventarse\\\/#breadcrumb\",\"itemListElement\":[{\"@type\":\"ListItem\",\"position\":1,\"name\":\"Portada\",\"item\":\"https:\\\/\\\/www.eldiariodetucuman.com\\\/web\\\/\"},{\"@type\":\"ListItem\",\"position\":2,\"name\":\"Un Gobierno obligado a reinventarse\"}]},{\"@type\":\"WebSite\",\"@id\":\"https:\\\/\\\/www.eldiariodetucuman.com\\\/web\\\/#website\",\"url\":\"https:\\\/\\\/www.eldiariodetucuman.com\\\/web\\\/\",\"name\":\"El Diario de Tucuman\",\"description\":\"Diario Tucuman - Informaci\u00f3n y noticias\",\"publisher\":{\"@id\":\"https:\\\/\\\/www.eldiariodetucuman.com\\\/web\\\/#organization\"},\"potentialAction\":[{\"@type\":\"SearchAction\",\"target\":{\"@type\":\"EntryPoint\",\"urlTemplate\":\"https:\\\/\\\/www.eldiariodetucuman.com\\\/web\\\/?s={search_term_string}\"},\"query-input\":{\"@type\":\"PropertyValueSpecification\",\"valueRequired\":true,\"valueName\":\"search_term_string\"}}],\"inLanguage\":\"es\"},{\"@type\":\"Organization\",\"@id\":\"https:\\\/\\\/www.eldiariodetucuman.com\\\/web\\\/#organization\",\"name\":\"El Diario de Tucuman\",\"url\":\"https:\\\/\\\/www.eldiariodetucuman.com\\\/web\\\/\",\"logo\":{\"@type\":\"ImageObject\",\"inLanguage\":\"es\",\"@id\":\"https:\\\/\\\/www.eldiariodetucuman.com\\\/web\\\/#\\\/schema\\\/logo\\\/image\\\/\",\"url\":\"http:\\\/\\\/www.eldiariodetucuman.com\\\/web\\\/wp-content\\\/uploads\\\/2017\\\/12\\\/el-diario-de-tucuman.jpg\",\"contentUrl\":\"http:\\\/\\\/www.eldiariodetucuman.com\\\/web\\\/wp-content\\\/uploads\\\/2017\\\/12\\\/el-diario-de-tucuman.jpg\",\"width\":272,\"height\":92,\"caption\":\"El Diario de Tucuman\"},\"image\":{\"@id\":\"https:\\\/\\\/www.eldiariodetucuman.com\\\/web\\\/#\\\/schema\\\/logo\\\/image\\\/\"}},{\"@type\":\"Person\",\"@id\":\"https:\\\/\\\/www.eldiariodetucuman.com\\\/web\\\/#\\\/schema\\\/person\\\/7e6644a46e60888f6b868594407e08dd\",\"name\":\"Redactor Uno\",\"image\":{\"@type\":\"ImageObject\",\"inLanguage\":\"es\",\"@id\":\"https:\\\/\\\/secure.gravatar.com\\\/avatar\\\/0049b1bdf1bd548385c9ea6b9356431717930913089febd2ba904f0187d7d074?s=96&d=mm&r=g\",\"url\":\"https:\\\/\\\/secure.gravatar.com\\\/avatar\\\/0049b1bdf1bd548385c9ea6b9356431717930913089febd2ba904f0187d7d074?s=96&d=mm&r=g\",\"contentUrl\":\"https:\\\/\\\/secure.gravatar.com\\\/avatar\\\/0049b1bdf1bd548385c9ea6b9356431717930913089febd2ba904f0187d7d074?s=96&d=mm&r=g\",\"caption\":\"Redactor Uno\"},\"url\":\"https:\\\/\\\/www.eldiariodetucuman.com\\\/web\\\/author\\\/mramasco\\\/\"}]}<\/script>\n<!-- \/ Yoast SEO plugin. -->","yoast_head_json":{"title":"Un Gobierno obligado a reinventarse - El Diario de Tucuman","robots":{"index":"index","follow":"follow","max-snippet":"max-snippet:-1","max-image-preview":"max-image-preview:large","max-video-preview":"max-video-preview:-1"},"canonical":"https:\/\/www.eldiariodetucuman.com\/web\/un-gobierno-obligado-a-reinventarse\/","og_locale":"es_ES","og_type":"article","og_title":"Un Gobierno obligado a reinventarse - El Diario de Tucuman","og_description":"La Libertad Avanza perdi\u00f3 durante varias semanas el control de la pol\u00edtica fiscal, su clave de b\u00f3veda, que pas\u00f3 a manos de la oposici\u00f3n en el Congreso. Tres figuras cruciales de esa fuerza, Karina Milei, Eduardo \u201cLule\u201d Menem y Mart\u00edn Menem, quedaron en el ojo de una tormenta por los misteriosos audios con la voz [&hellip;]","og_url":"https:\/\/www.eldiariodetucuman.com\/web\/un-gobierno-obligado-a-reinventarse\/","og_site_name":"El Diario de Tucuman","article_published_time":"2025-08-28T01:03:02+00:00","article_modified_time":"2025-08-28T01:03:04+00:00","og_image":[{"width":1200,"height":800,"url":"https:\/\/www.eldiariodetucuman.com\/web\/wp-content\/uploads\/2025\/08\/diego-OSRIK23LMJE7RPYXLNFD67IG7U.jpg","type":"image\/jpeg"}],"author":"Redactor Uno","twitter_card":"summary_large_image","twitter_misc":{"Escrito por":"Redactor Uno","Tiempo de lectura":"13 minutos"},"schema":{"@context":"https:\/\/schema.org","@graph":[{"@type":"Article","@id":"https:\/\/www.eldiariodetucuman.com\/web\/un-gobierno-obligado-a-reinventarse\/#article","isPartOf":{"@id":"https:\/\/www.eldiariodetucuman.com\/web\/un-gobierno-obligado-a-reinventarse\/"},"author":{"name":"Redactor Uno","@id":"https:\/\/www.eldiariodetucuman.com\/web\/#\/schema\/person\/7e6644a46e60888f6b868594407e08dd"},"headline":"Un Gobierno obligado a reinventarse","datePublished":"2025-08-28T01:03:02+00:00","dateModified":"2025-08-28T01:03:04+00:00","mainEntityOfPage":{"@id":"https:\/\/www.eldiariodetucuman.com\/web\/un-gobierno-obligado-a-reinventarse\/"},"wordCount":2597,"publisher":{"@id":"https:\/\/www.eldiariodetucuman.com\/web\/#organization"},"image":{"@id":"https:\/\/www.eldiariodetucuman.com\/web\/un-gobierno-obligado-a-reinventarse\/#primaryimage"},"thumbnailUrl":"https:\/\/www.eldiariodetucuman.com\/web\/wp-content\/uploads\/2025\/08\/diego-OSRIK23LMJE7RPYXLNFD67IG7U.jpg","articleSection":["Politica"],"inLanguage":"es"},{"@type":"WebPage","@id":"https:\/\/www.eldiariodetucuman.com\/web\/un-gobierno-obligado-a-reinventarse\/","url":"https:\/\/www.eldiariodetucuman.com\/web\/un-gobierno-obligado-a-reinventarse\/","name":"Un Gobierno obligado a reinventarse - El Diario de Tucuman","isPartOf":{"@id":"https:\/\/www.eldiariodetucuman.com\/web\/#website"},"primaryImageOfPage":{"@id":"https:\/\/www.eldiariodetucuman.com\/web\/un-gobierno-obligado-a-reinventarse\/#primaryimage"},"image":{"@id":"https:\/\/www.eldiariodetucuman.com\/web\/un-gobierno-obligado-a-reinventarse\/#primaryimage"},"thumbnailUrl":"https:\/\/www.eldiariodetucuman.com\/web\/wp-content\/uploads\/2025\/08\/diego-OSRIK23LMJE7RPYXLNFD67IG7U.jpg","datePublished":"2025-08-28T01:03:02+00:00","dateModified":"2025-08-28T01:03:04+00:00","breadcrumb":{"@id":"https:\/\/www.eldiariodetucuman.com\/web\/un-gobierno-obligado-a-reinventarse\/#breadcrumb"},"inLanguage":"es","potentialAction":[{"@type":"ReadAction","target":["https:\/\/www.eldiariodetucuman.com\/web\/un-gobierno-obligado-a-reinventarse\/"]}]},{"@type":"ImageObject","inLanguage":"es","@id":"https:\/\/www.eldiariodetucuman.com\/web\/un-gobierno-obligado-a-reinventarse\/#primaryimage","url":"https:\/\/www.eldiariodetucuman.com\/web\/wp-content\/uploads\/2025\/08\/diego-OSRIK23LMJE7RPYXLNFD67IG7U.jpg","contentUrl":"https:\/\/www.eldiariodetucuman.com\/web\/wp-content\/uploads\/2025\/08\/diego-OSRIK23LMJE7RPYXLNFD67IG7U.jpg","width":1200,"height":800},{"@type":"BreadcrumbList","@id":"https:\/\/www.eldiariodetucuman.com\/web\/un-gobierno-obligado-a-reinventarse\/#breadcrumb","itemListElement":[{"@type":"ListItem","position":1,"name":"Portada","item":"https:\/\/www.eldiariodetucuman.com\/web\/"},{"@type":"ListItem","position":2,"name":"Un Gobierno obligado a reinventarse"}]},{"@type":"WebSite","@id":"https:\/\/www.eldiariodetucuman.com\/web\/#website","url":"https:\/\/www.eldiariodetucuman.com\/web\/","name":"El Diario de Tucuman","description":"Diario Tucuman - Informaci\u00f3n y noticias","publisher":{"@id":"https:\/\/www.eldiariodetucuman.com\/web\/#organization"},"potentialAction":[{"@type":"SearchAction","target":{"@type":"EntryPoint","urlTemplate":"https:\/\/www.eldiariodetucuman.com\/web\/?s={search_term_string}"},"query-input":{"@type":"PropertyValueSpecification","valueRequired":true,"valueName":"search_term_string"}}],"inLanguage":"es"},{"@type":"Organization","@id":"https:\/\/www.eldiariodetucuman.com\/web\/#organization","name":"El Diario de Tucuman","url":"https:\/\/www.eldiariodetucuman.com\/web\/","logo":{"@type":"ImageObject","inLanguage":"es","@id":"https:\/\/www.eldiariodetucuman.com\/web\/#\/schema\/logo\/image\/","url":"http:\/\/www.eldiariodetucuman.com\/web\/wp-content\/uploads\/2017\/12\/el-diario-de-tucuman.jpg","contentUrl":"http:\/\/www.eldiariodetucuman.com\/web\/wp-content\/uploads\/2017\/12\/el-diario-de-tucuman.jpg","width":272,"height":92,"caption":"El Diario de Tucuman"},"image":{"@id":"https:\/\/www.eldiariodetucuman.com\/web\/#\/schema\/logo\/image\/"}},{"@type":"Person","@id":"https:\/\/www.eldiariodetucuman.com\/web\/#\/schema\/person\/7e6644a46e60888f6b868594407e08dd","name":"Redactor Uno","image":{"@type":"ImageObject","inLanguage":"es","@id":"https:\/\/secure.gravatar.com\/avatar\/0049b1bdf1bd548385c9ea6b9356431717930913089febd2ba904f0187d7d074?s=96&d=mm&r=g","url":"https:\/\/secure.gravatar.com\/avatar\/0049b1bdf1bd548385c9ea6b9356431717930913089febd2ba904f0187d7d074?s=96&d=mm&r=g","contentUrl":"https:\/\/secure.gravatar.com\/avatar\/0049b1bdf1bd548385c9ea6b9356431717930913089febd2ba904f0187d7d074?s=96&d=mm&r=g","caption":"Redactor Uno"},"url":"https:\/\/www.eldiariodetucuman.com\/web\/author\/mramasco\/"}]}},"_links":{"self":[{"href":"https:\/\/www.eldiariodetucuman.com\/web\/wp-json\/wp\/v2\/posts\/45492","targetHints":{"allow":["GET"]}}],"collection":[{"href":"https:\/\/www.eldiariodetucuman.com\/web\/wp-json\/wp\/v2\/posts"}],"about":[{"href":"https:\/\/www.eldiariodetucuman.com\/web\/wp-json\/wp\/v2\/types\/post"}],"author":[{"embeddable":true,"href":"https:\/\/www.eldiariodetucuman.com\/web\/wp-json\/wp\/v2\/users\/5"}],"replies":[{"embeddable":true,"href":"https:\/\/www.eldiariodetucuman.com\/web\/wp-json\/wp\/v2\/comments?post=45492"}],"version-history":[{"count":1,"href":"https:\/\/www.eldiariodetucuman.com\/web\/wp-json\/wp\/v2\/posts\/45492\/revisions"}],"predecessor-version":[{"id":45494,"href":"https:\/\/www.eldiariodetucuman.com\/web\/wp-json\/wp\/v2\/posts\/45492\/revisions\/45494"}],"wp:featuredmedia":[{"embeddable":true,"href":"https:\/\/www.eldiariodetucuman.com\/web\/wp-json\/wp\/v2\/media\/45493"}],"wp:attachment":[{"href":"https:\/\/www.eldiariodetucuman.com\/web\/wp-json\/wp\/v2\/media?parent=45492"}],"wp:term":[{"taxonomy":"category","embeddable":true,"href":"https:\/\/www.eldiariodetucuman.com\/web\/wp-json\/wp\/v2\/categories?post=45492"},{"taxonomy":"post_tag","embeddable":true,"href":"https:\/\/www.eldiariodetucuman.com\/web\/wp-json\/wp\/v2\/tags?post=45492"}],"curies":[{"name":"wp","href":"https:\/\/api.w.org\/{rel}","templated":true}]}}