{"id":45488,"date":"2025-08-27T04:35:46","date_gmt":"2025-08-27T07:35:46","guid":{"rendered":"https:\/\/www.eldiariodetucuman.com\/web\/en-tucuman-tenemos-un-trabajo-en-conjunto-con-la-actividad-privada-y-con-nuestras-economias-regionales\/"},"modified":"2025-08-27T04:35:46","modified_gmt":"2025-08-27T07:35:46","slug":"en-tucuman-tenemos-un-trabajo-en-conjunto-con-la-actividad-privada-y-con-nuestras-economias-regionales","status":"publish","type":"post","link":"https:\/\/www.eldiariodetucuman.com\/web\/en-tucuman-tenemos-un-trabajo-en-conjunto-con-la-actividad-privada-y-con-nuestras-economias-regionales\/","title":{"rendered":"\u201cEn Tucum\u00e1n tenemos un trabajo en conjunto con la actividad privada y con nuestras econom\u00edas regionales\u201d"},"content":{"rendered":"<p><\/p>\n<p id=\"isPasted\">El gobernador <strong>Osvaldo Jaldo<\/strong> recibi\u00f3 este martes a una delegaci\u00f3n de la Uni\u00f3n Industrial Argentina (UIA) que visit\u00f3 la provincia en el marco de una gira federal. Durante el encuentro, se rubric\u00f3 un convenio para la formaci\u00f3n del Observatorio PyME Regional Tucum\u00e1n, que permitir\u00e1 contar con un diagn\u00f3stico actualizado sobre la situaci\u00f3n de las peque\u00f1as y medianas empresas manufactureras locales.<\/p>\n<p id=\"isPasted\">\u00abHay preocupaci\u00f3n porque, mientras algunos indicadores muestran una evoluci\u00f3n positiva, hay variables que generan un fuerte impacto en el sector, como las altas tasas de inter\u00e9s que hoy hacen imposible acceder al cr\u00e9dito. Esto deja a las actividades productivas sin financiamiento, lo que se convierte en un grave problema para la industria, el comercio y los servicios\u201d, se\u00f1al\u00f3 Jaldo luego del encuentro.<\/p>\n<p>El Primer Mandatario agreg\u00f3 que otro de los factores que afecta a las empresas es la ca\u00edda del consumo interno: \u201cMuchas PyMEs no logran vender lo que producen y, en algunos casos, terminan trabajando a p\u00e9rdida, como sucede con la industria textil o con la papelera de Tucum\u00e1n, que atraviesan una situaci\u00f3n compleja debido a la apertura de las importaciones\u201d.<\/p>\n<p>En ese sentido, el Gobernador remarc\u00f3 la necesidad de sostener un trabajo conjunto con el sector privado: \u201cNos pusimos de acuerdo en mantener un di\u00e1logo m\u00e1s fluido, intercambiar informaci\u00f3n y fortalecer el v\u00ednculo que en Tucum\u00e1n ya tenemos entre el Estado y las econom\u00edas regionales. Explicamos que la provincia mantiene equilibrio fiscal, no gasta m\u00e1s de lo que ingresa, y destina sus recursos a educaci\u00f3n, salud, seguridad y desarrollo social\u201d.<\/p>\n<p>Asimismo, Jaldo adelant\u00f3 que se asumi\u00f3 el compromiso de trabajar en defensa del bioetanol: \u201cVamos a acompa\u00f1ar la necesidad de mantener el 6% de participaci\u00f3n del bioetanol en las naftas que se comercializan. La pr\u00f3xima reuni\u00f3n ser\u00e1 en Buenos Aires, junto a seis gobernadores de provincias productoras de bioetanol y biodiesel de soja y ma\u00edz, para avanzar en un acuerdo que brinde previsibilidad y tranquilidad a los sectores productivos\u201d.<\/p>\n<\/p>\n<p>De la reuni\u00f3n participaron los ministros de Gobierno y Justicia<strong>, Regino Amado; <\/strong>de Salud, <strong>Luis Medina Ruiz<\/strong>; el secretario de Producci\u00f3n,<strong> Eduardo Castro<\/strong>; la UIA su presidente,<strong> Mart\u00edn Rappallini; <\/strong>el vicepresidente regional, <strong>Modesto Magad\u00e1n;<\/strong> el secretario, <strong>Eduardo Nougu\u00e9s;<\/strong> los vocales <strong>R<\/strong><strong>oberto Arano y Alejandro Gentile;<\/strong> el director ejecutivo, <strong>Diego Coatz; <\/strong>el director de Comunicaci\u00f3n y Relaciones Institucionales, Ignacio Duelo; y el director del Observatorio PyME Regional Tucum\u00e1n, <strong>Federico Poli<\/strong>. En representaci\u00f3n de la Uni\u00f3n Industrial de Tucum\u00e1n asistieron su presidente, <strong>Jorge Rocchia Ferro;<\/strong> los vicepresidentes <strong>Florencia Andriani y Roque Aguilar; <\/strong>el secretario,<strong> Santiago Bonatti; <\/strong>el tesorero, <strong>Fernando Carrera; <\/strong>y el vocal <strong>\u00c1lvaro Gautero.<\/strong><\/p>\n<p>El secretario de Producci\u00f3n de la provincia,<strong> Eduardo Castro, <\/strong>destac\u00f3 la importancia del encuentro: \u201cFue una reuni\u00f3n muy productiva, donde se abordaron distintos temas como la generaci\u00f3n de empleo y la situaci\u00f3n actual de las empresas radicadas en Tucum\u00e1n, especialmente de los sectores textil y metalmec\u00e1nico\u00bb.<\/p>\n<p>Y continu\u00f3: \u00abEl Gobernador fue muy claro en plantear la necesidad de impulsar la industria local y acompa\u00f1ar a aquellos rubros que hoy atraviesan dificultades\u201d.<\/p>\n<p>Castro tambi\u00e9n explic\u00f3 que el convenio firmado con el Observatorio permitir\u00e1 contar con informaci\u00f3n precisa para la toma de decisiones: \u201cSe busca tener una visi\u00f3n general de todas las PyMEs tucumanas. Con datos estad\u00edsticos confiables podremos evaluar la realidad provincial y volcarla a nivel nacional. Adem\u00e1s, se complementa con las herramientas de apoyo que ya implementa el Gobierno, como beneficios fiscales y una nueva ley de promoci\u00f3n industrial que prev\u00e9 incentivos impositivos seg\u00fan el nivel de inversi\u00f3n\u201d.<\/p>\n<p>Por su parte, el director del Observatorio PyME Regional Tucum\u00e1n, Federico Poli, resalt\u00f3 el valor de la iniciativa: \u201cSe trata de una radiograf\u00eda del sector manufacturero, que nos permitir\u00e1 conocer en detalle su desempe\u00f1o en materia de inversiones, exportaciones, proveedores y clientes. Ser\u00e1 interesante contrastar estos resultados con un estudio similar realizado en 2008, para medir la evoluci\u00f3n del entramado PyME tucumano\u201d.<\/p>\n<p>Poli a\u00f1adi\u00f3 que el proyecto trasciende el aspecto estad\u00edstico: \u201cEste ejercicio no solo releva datos, tambi\u00e9n promueve un pacto territorial entre el sector privado, el gobierno y la universidad. Con esa base, se podr\u00e1n discutir pol\u00edticas p\u00fablicas orientadas a mejorar la competitividad, el empleo y las exportaciones. Los datos se obtendr\u00e1n tanto de las bases provinciales como de encuestas a empresas, para lograr un panorama integral de la econom\u00eda local\u201d.<\/p>\n<p>Finalmente, el presidente de la UIA, Mart\u00edn Rappallini, valor\u00f3 el encuentro con las autoridades provinciales: \u201cEl gobernador nos ha recibido muy bien. Hemos abarcado toda la problem\u00e1tica industrial, no solo de Tucum\u00e1n, sino tambi\u00e9n del norte y del pa\u00eds. Conversamos sobre los problemas y tambi\u00e9n sobre las oportunidades que tiene la provincia. Creemos que la salida de la industria es con mayor producci\u00f3n, m\u00e1s exportaciones, generando empleo y valor agregado. Ese es el camino que tenemos como pa\u00eds\u201d.<\/p>\n<p>En ese sentido, Rappallini analiz\u00f3 el contexto nacional: \u201cLas pol\u00edticas del Gobierno Nacional tuvieron una primera etapa vinculada al orden macroecon\u00f3mico, la baja de la inflaci\u00f3n y el equilibrio de las cuentas fiscales. Ahora es necesario avanzar en una agenda microecon\u00f3mica: la cuesti\u00f3n impositiva, la agenda laboral y reformas estructurales que hoy impactan en el costo argentino y que es fundamental empezar a trabajar\u201d.<\/p>\n<\/p>\n<p>Fuente: <a href=\"https:\/\/www.comunicaciontucuman.gob.ar\/noticia\/gobernacion\/236562\/tucuman-tenemos-trabajo-conjunto-actividad-privada-nuestras-economias-regionales\"> Fuente de la nota <\/a><\/p>\n","protected":false},"excerpt":{"rendered":"<p>El gobernador Osvaldo Jaldo recibi\u00f3 este martes a una delegaci\u00f3n de la Uni\u00f3n Industrial Argentina (UIA) que visit\u00f3 la provincia en el marco de una gira federal. Durante el encuentro, se rubric\u00f3 un convenio para la formaci\u00f3n del Observatorio PyME Regional Tucum\u00e1n, que permitir\u00e1 contar con un diagn\u00f3stico actualizado sobre la situaci\u00f3n de las peque\u00f1as [&hellip;]<\/p>\n","protected":false},"author":1,"featured_media":45489,"comment_status":"closed","ping_status":"open","sticky":false,"template":"","format":"standard","meta":{"footnotes":""},"categories":[3],"tags":[],"class_list":{"0":"post-45488","1":"post","2":"type-post","3":"status-publish","4":"format-standard","5":"has-post-thumbnail","7":"category-politica"},"yoast_head":"<!-- This site is optimized with the Yoast SEO plugin v27.5 - https:\/\/yoast.com\/product\/yoast-seo-wordpress\/ -->\n<title>\u201cEn Tucum\u00e1n tenemos un trabajo en conjunto con la actividad privada y con nuestras econom\u00edas regionales\u201d - El Diario de Tucuman<\/title>\n<meta name=\"robots\" content=\"index, follow, max-snippet:-1, max-image-preview:large, max-video-preview:-1\" \/>\n<link rel=\"canonical\" href=\"https:\/\/www.eldiariodetucuman.com\/web\/en-tucuman-tenemos-un-trabajo-en-conjunto-con-la-actividad-privada-y-con-nuestras-economias-regionales\/\" \/>\n<meta property=\"og:locale\" content=\"es_ES\" \/>\n<meta property=\"og:type\" content=\"article\" \/>\n<meta property=\"og:title\" content=\"\u201cEn Tucum\u00e1n tenemos un trabajo en conjunto con la actividad privada y con nuestras econom\u00edas regionales\u201d - El Diario de Tucuman\" \/>\n<meta property=\"og:description\" content=\"El gobernador Osvaldo Jaldo recibi\u00f3 este martes a una delegaci\u00f3n de la Uni\u00f3n Industrial Argentina (UIA) que visit\u00f3 la provincia en el marco de una gira federal. Durante el encuentro, se rubric\u00f3 un convenio para la formaci\u00f3n del Observatorio PyME Regional Tucum\u00e1n, que permitir\u00e1 contar con un diagn\u00f3stico actualizado sobre la situaci\u00f3n de las peque\u00f1as [&hellip;]\" \/>\n<meta property=\"og:url\" content=\"https:\/\/www.eldiariodetucuman.com\/web\/en-tucuman-tenemos-un-trabajo-en-conjunto-con-la-actividad-privada-y-con-nuestras-economias-regionales\/\" \/>\n<meta property=\"og:site_name\" content=\"El Diario de Tucuman\" \/>\n<meta property=\"article:published_time\" content=\"2025-08-27T07:35:46+00:00\" \/>\n<meta name=\"author\" content=\"admin\" \/>\n<meta name=\"twitter:card\" content=\"summary_large_image\" \/>\n<meta name=\"twitter:label1\" content=\"Escrito por\" \/>\n\t<meta name=\"twitter:data1\" content=\"admin\" \/>\n\t<meta name=\"twitter:label2\" content=\"Tiempo de lectura\" \/>\n\t<meta name=\"twitter:data2\" content=\"5 minutos\" \/>\n<script type=\"application\/ld+json\" class=\"yoast-schema-graph\">{\"@context\":\"https:\\\/\\\/schema.org\",\"@graph\":[{\"@type\":\"Article\",\"@id\":\"https:\\\/\\\/www.eldiariodetucuman.com\\\/web\\\/en-tucuman-tenemos-un-trabajo-en-conjunto-con-la-actividad-privada-y-con-nuestras-economias-regionales\\\/#article\",\"isPartOf\":{\"@id\":\"https:\\\/\\\/www.eldiariodetucuman.com\\\/web\\\/en-tucuman-tenemos-un-trabajo-en-conjunto-con-la-actividad-privada-y-con-nuestras-economias-regionales\\\/\"},\"author\":{\"name\":\"admin\",\"@id\":\"https:\\\/\\\/www.eldiariodetucuman.com\\\/web\\\/#\\\/schema\\\/person\\\/9250197d75ab5483412e19678b121caa\"},\"headline\":\"\u201cEn Tucum\u00e1n tenemos un trabajo en conjunto con la actividad privada y con nuestras econom\u00edas regionales\u201d\",\"datePublished\":\"2025-08-27T07:35:46+00:00\",\"mainEntityOfPage\":{\"@id\":\"https:\\\/\\\/www.eldiariodetucuman.com\\\/web\\\/en-tucuman-tenemos-un-trabajo-en-conjunto-con-la-actividad-privada-y-con-nuestras-economias-regionales\\\/\"},\"wordCount\":948,\"publisher\":{\"@id\":\"https:\\\/\\\/www.eldiariodetucuman.com\\\/web\\\/#organization\"},\"image\":{\"@id\":\"https:\\\/\\\/www.eldiariodetucuman.com\\\/web\\\/en-tucuman-tenemos-un-trabajo-en-conjunto-con-la-actividad-privada-y-con-nuestras-economias-regionales\\\/#primaryimage\"},\"thumbnailUrl\":\"https:\\\/\\\/www.eldiariodetucuman.com\\\/web\\\/wp-content\\\/uploads\\\/2025\\\/08\\\/En-Tucuman-tenemos-un-trabajo-en-conjunto-con-la-actividad.jpeg\",\"articleSection\":[\"Politica\"],\"inLanguage\":\"es\"},{\"@type\":\"WebPage\",\"@id\":\"https:\\\/\\\/www.eldiariodetucuman.com\\\/web\\\/en-tucuman-tenemos-un-trabajo-en-conjunto-con-la-actividad-privada-y-con-nuestras-economias-regionales\\\/\",\"url\":\"https:\\\/\\\/www.eldiariodetucuman.com\\\/web\\\/en-tucuman-tenemos-un-trabajo-en-conjunto-con-la-actividad-privada-y-con-nuestras-economias-regionales\\\/\",\"name\":\"\u201cEn Tucum\u00e1n tenemos un trabajo en conjunto con la actividad privada y con nuestras econom\u00edas regionales\u201d - El Diario de Tucuman\",\"isPartOf\":{\"@id\":\"https:\\\/\\\/www.eldiariodetucuman.com\\\/web\\\/#website\"},\"primaryImageOfPage\":{\"@id\":\"https:\\\/\\\/www.eldiariodetucuman.com\\\/web\\\/en-tucuman-tenemos-un-trabajo-en-conjunto-con-la-actividad-privada-y-con-nuestras-economias-regionales\\\/#primaryimage\"},\"image\":{\"@id\":\"https:\\\/\\\/www.eldiariodetucuman.com\\\/web\\\/en-tucuman-tenemos-un-trabajo-en-conjunto-con-la-actividad-privada-y-con-nuestras-economias-regionales\\\/#primaryimage\"},\"thumbnailUrl\":\"https:\\\/\\\/www.eldiariodetucuman.com\\\/web\\\/wp-content\\\/uploads\\\/2025\\\/08\\\/En-Tucuman-tenemos-un-trabajo-en-conjunto-con-la-actividad.jpeg\",\"datePublished\":\"2025-08-27T07:35:46+00:00\",\"breadcrumb\":{\"@id\":\"https:\\\/\\\/www.eldiariodetucuman.com\\\/web\\\/en-tucuman-tenemos-un-trabajo-en-conjunto-con-la-actividad-privada-y-con-nuestras-economias-regionales\\\/#breadcrumb\"},\"inLanguage\":\"es\",\"potentialAction\":[{\"@type\":\"ReadAction\",\"target\":[\"https:\\\/\\\/www.eldiariodetucuman.com\\\/web\\\/en-tucuman-tenemos-un-trabajo-en-conjunto-con-la-actividad-privada-y-con-nuestras-economias-regionales\\\/\"]}]},{\"@type\":\"ImageObject\",\"inLanguage\":\"es\",\"@id\":\"https:\\\/\\\/www.eldiariodetucuman.com\\\/web\\\/en-tucuman-tenemos-un-trabajo-en-conjunto-con-la-actividad-privada-y-con-nuestras-economias-regionales\\\/#primaryimage\",\"url\":\"https:\\\/\\\/www.eldiariodetucuman.com\\\/web\\\/wp-content\\\/uploads\\\/2025\\\/08\\\/En-Tucuman-tenemos-un-trabajo-en-conjunto-con-la-actividad.jpeg\",\"contentUrl\":\"https:\\\/\\\/www.eldiariodetucuman.com\\\/web\\\/wp-content\\\/uploads\\\/2025\\\/08\\\/En-Tucuman-tenemos-un-trabajo-en-conjunto-con-la-actividad.jpeg\",\"width\":818,\"height\":460},{\"@type\":\"BreadcrumbList\",\"@id\":\"https:\\\/\\\/www.eldiariodetucuman.com\\\/web\\\/en-tucuman-tenemos-un-trabajo-en-conjunto-con-la-actividad-privada-y-con-nuestras-economias-regionales\\\/#breadcrumb\",\"itemListElement\":[{\"@type\":\"ListItem\",\"position\":1,\"name\":\"Portada\",\"item\":\"https:\\\/\\\/www.eldiariodetucuman.com\\\/web\\\/\"},{\"@type\":\"ListItem\",\"position\":2,\"name\":\"\u201cEn Tucum\u00e1n tenemos un trabajo en conjunto con la actividad privada y con nuestras econom\u00edas regionales\u201d\"}]},{\"@type\":\"WebSite\",\"@id\":\"https:\\\/\\\/www.eldiariodetucuman.com\\\/web\\\/#website\",\"url\":\"https:\\\/\\\/www.eldiariodetucuman.com\\\/web\\\/\",\"name\":\"El Diario de Tucuman\",\"description\":\"Diario Tucuman - Informaci\u00f3n y noticias\",\"publisher\":{\"@id\":\"https:\\\/\\\/www.eldiariodetucuman.com\\\/web\\\/#organization\"},\"potentialAction\":[{\"@type\":\"SearchAction\",\"target\":{\"@type\":\"EntryPoint\",\"urlTemplate\":\"https:\\\/\\\/www.eldiariodetucuman.com\\\/web\\\/?s={search_term_string}\"},\"query-input\":{\"@type\":\"PropertyValueSpecification\",\"valueRequired\":true,\"valueName\":\"search_term_string\"}}],\"inLanguage\":\"es\"},{\"@type\":\"Organization\",\"@id\":\"https:\\\/\\\/www.eldiariodetucuman.com\\\/web\\\/#organization\",\"name\":\"El Diario de Tucuman\",\"url\":\"https:\\\/\\\/www.eldiariodetucuman.com\\\/web\\\/\",\"logo\":{\"@type\":\"ImageObject\",\"inLanguage\":\"es\",\"@id\":\"https:\\\/\\\/www.eldiariodetucuman.com\\\/web\\\/#\\\/schema\\\/logo\\\/image\\\/\",\"url\":\"http:\\\/\\\/www.eldiariodetucuman.com\\\/web\\\/wp-content\\\/uploads\\\/2017\\\/12\\\/el-diario-de-tucuman.jpg\",\"contentUrl\":\"http:\\\/\\\/www.eldiariodetucuman.com\\\/web\\\/wp-content\\\/uploads\\\/2017\\\/12\\\/el-diario-de-tucuman.jpg\",\"width\":272,\"height\":92,\"caption\":\"El Diario de Tucuman\"},\"image\":{\"@id\":\"https:\\\/\\\/www.eldiariodetucuman.com\\\/web\\\/#\\\/schema\\\/logo\\\/image\\\/\"}},{\"@type\":\"Person\",\"@id\":\"https:\\\/\\\/www.eldiariodetucuman.com\\\/web\\\/#\\\/schema\\\/person\\\/9250197d75ab5483412e19678b121caa\",\"name\":\"admin\",\"image\":{\"@type\":\"ImageObject\",\"inLanguage\":\"es\",\"@id\":\"https:\\\/\\\/secure.gravatar.com\\\/avatar\\\/c44d117c2be811212c22cb481f6b8384b6873de103fbc49e7a03cc58d7dea4ac?s=96&d=mm&r=g\",\"url\":\"https:\\\/\\\/secure.gravatar.com\\\/avatar\\\/c44d117c2be811212c22cb481f6b8384b6873de103fbc49e7a03cc58d7dea4ac?s=96&d=mm&r=g\",\"contentUrl\":\"https:\\\/\\\/secure.gravatar.com\\\/avatar\\\/c44d117c2be811212c22cb481f6b8384b6873de103fbc49e7a03cc58d7dea4ac?s=96&d=mm&r=g\",\"caption\":\"admin\"},\"url\":\"https:\\\/\\\/www.eldiariodetucuman.com\\\/web\\\/author\\\/admin\\\/\"}]}<\/script>\n<!-- \/ Yoast SEO plugin. -->","yoast_head_json":{"title":"\u201cEn Tucum\u00e1n tenemos un trabajo en conjunto con la actividad privada y con nuestras econom\u00edas regionales\u201d - El Diario de Tucuman","robots":{"index":"index","follow":"follow","max-snippet":"max-snippet:-1","max-image-preview":"max-image-preview:large","max-video-preview":"max-video-preview:-1"},"canonical":"https:\/\/www.eldiariodetucuman.com\/web\/en-tucuman-tenemos-un-trabajo-en-conjunto-con-la-actividad-privada-y-con-nuestras-economias-regionales\/","og_locale":"es_ES","og_type":"article","og_title":"\u201cEn Tucum\u00e1n tenemos un trabajo en conjunto con la actividad privada y con nuestras econom\u00edas regionales\u201d - El Diario de Tucuman","og_description":"El gobernador Osvaldo Jaldo recibi\u00f3 este martes a una delegaci\u00f3n de la Uni\u00f3n Industrial Argentina (UIA) que visit\u00f3 la provincia en el marco de una gira federal. Durante el encuentro, se rubric\u00f3 un convenio para la formaci\u00f3n del Observatorio PyME Regional Tucum\u00e1n, que permitir\u00e1 contar con un diagn\u00f3stico actualizado sobre la situaci\u00f3n de las peque\u00f1as [&hellip;]","og_url":"https:\/\/www.eldiariodetucuman.com\/web\/en-tucuman-tenemos-un-trabajo-en-conjunto-con-la-actividad-privada-y-con-nuestras-economias-regionales\/","og_site_name":"El Diario de Tucuman","article_published_time":"2025-08-27T07:35:46+00:00","author":"admin","twitter_card":"summary_large_image","twitter_misc":{"Escrito por":"admin","Tiempo de lectura":"5 minutos"},"schema":{"@context":"https:\/\/schema.org","@graph":[{"@type":"Article","@id":"https:\/\/www.eldiariodetucuman.com\/web\/en-tucuman-tenemos-un-trabajo-en-conjunto-con-la-actividad-privada-y-con-nuestras-economias-regionales\/#article","isPartOf":{"@id":"https:\/\/www.eldiariodetucuman.com\/web\/en-tucuman-tenemos-un-trabajo-en-conjunto-con-la-actividad-privada-y-con-nuestras-economias-regionales\/"},"author":{"name":"admin","@id":"https:\/\/www.eldiariodetucuman.com\/web\/#\/schema\/person\/9250197d75ab5483412e19678b121caa"},"headline":"\u201cEn Tucum\u00e1n tenemos un trabajo en conjunto con la actividad privada y con nuestras econom\u00edas regionales\u201d","datePublished":"2025-08-27T07:35:46+00:00","mainEntityOfPage":{"@id":"https:\/\/www.eldiariodetucuman.com\/web\/en-tucuman-tenemos-un-trabajo-en-conjunto-con-la-actividad-privada-y-con-nuestras-economias-regionales\/"},"wordCount":948,"publisher":{"@id":"https:\/\/www.eldiariodetucuman.com\/web\/#organization"},"image":{"@id":"https:\/\/www.eldiariodetucuman.com\/web\/en-tucuman-tenemos-un-trabajo-en-conjunto-con-la-actividad-privada-y-con-nuestras-economias-regionales\/#primaryimage"},"thumbnailUrl":"https:\/\/www.eldiariodetucuman.com\/web\/wp-content\/uploads\/2025\/08\/En-Tucuman-tenemos-un-trabajo-en-conjunto-con-la-actividad.jpeg","articleSection":["Politica"],"inLanguage":"es"},{"@type":"WebPage","@id":"https:\/\/www.eldiariodetucuman.com\/web\/en-tucuman-tenemos-un-trabajo-en-conjunto-con-la-actividad-privada-y-con-nuestras-economias-regionales\/","url":"https:\/\/www.eldiariodetucuman.com\/web\/en-tucuman-tenemos-un-trabajo-en-conjunto-con-la-actividad-privada-y-con-nuestras-economias-regionales\/","name":"\u201cEn Tucum\u00e1n tenemos un trabajo en conjunto con la actividad privada y con nuestras econom\u00edas regionales\u201d - El Diario de Tucuman","isPartOf":{"@id":"https:\/\/www.eldiariodetucuman.com\/web\/#website"},"primaryImageOfPage":{"@id":"https:\/\/www.eldiariodetucuman.com\/web\/en-tucuman-tenemos-un-trabajo-en-conjunto-con-la-actividad-privada-y-con-nuestras-economias-regionales\/#primaryimage"},"image":{"@id":"https:\/\/www.eldiariodetucuman.com\/web\/en-tucuman-tenemos-un-trabajo-en-conjunto-con-la-actividad-privada-y-con-nuestras-economias-regionales\/#primaryimage"},"thumbnailUrl":"https:\/\/www.eldiariodetucuman.com\/web\/wp-content\/uploads\/2025\/08\/En-Tucuman-tenemos-un-trabajo-en-conjunto-con-la-actividad.jpeg","datePublished":"2025-08-27T07:35:46+00:00","breadcrumb":{"@id":"https:\/\/www.eldiariodetucuman.com\/web\/en-tucuman-tenemos-un-trabajo-en-conjunto-con-la-actividad-privada-y-con-nuestras-economias-regionales\/#breadcrumb"},"inLanguage":"es","potentialAction":[{"@type":"ReadAction","target":["https:\/\/www.eldiariodetucuman.com\/web\/en-tucuman-tenemos-un-trabajo-en-conjunto-con-la-actividad-privada-y-con-nuestras-economias-regionales\/"]}]},{"@type":"ImageObject","inLanguage":"es","@id":"https:\/\/www.eldiariodetucuman.com\/web\/en-tucuman-tenemos-un-trabajo-en-conjunto-con-la-actividad-privada-y-con-nuestras-economias-regionales\/#primaryimage","url":"https:\/\/www.eldiariodetucuman.com\/web\/wp-content\/uploads\/2025\/08\/En-Tucuman-tenemos-un-trabajo-en-conjunto-con-la-actividad.jpeg","contentUrl":"https:\/\/www.eldiariodetucuman.com\/web\/wp-content\/uploads\/2025\/08\/En-Tucuman-tenemos-un-trabajo-en-conjunto-con-la-actividad.jpeg","width":818,"height":460},{"@type":"BreadcrumbList","@id":"https:\/\/www.eldiariodetucuman.com\/web\/en-tucuman-tenemos-un-trabajo-en-conjunto-con-la-actividad-privada-y-con-nuestras-economias-regionales\/#breadcrumb","itemListElement":[{"@type":"ListItem","position":1,"name":"Portada","item":"https:\/\/www.eldiariodetucuman.com\/web\/"},{"@type":"ListItem","position":2,"name":"\u201cEn Tucum\u00e1n tenemos un trabajo en conjunto con la actividad privada y con nuestras econom\u00edas regionales\u201d"}]},{"@type":"WebSite","@id":"https:\/\/www.eldiariodetucuman.com\/web\/#website","url":"https:\/\/www.eldiariodetucuman.com\/web\/","name":"El Diario de Tucuman","description":"Diario Tucuman - Informaci\u00f3n y noticias","publisher":{"@id":"https:\/\/www.eldiariodetucuman.com\/web\/#organization"},"potentialAction":[{"@type":"SearchAction","target":{"@type":"EntryPoint","urlTemplate":"https:\/\/www.eldiariodetucuman.com\/web\/?s={search_term_string}"},"query-input":{"@type":"PropertyValueSpecification","valueRequired":true,"valueName":"search_term_string"}}],"inLanguage":"es"},{"@type":"Organization","@id":"https:\/\/www.eldiariodetucuman.com\/web\/#organization","name":"El Diario de Tucuman","url":"https:\/\/www.eldiariodetucuman.com\/web\/","logo":{"@type":"ImageObject","inLanguage":"es","@id":"https:\/\/www.eldiariodetucuman.com\/web\/#\/schema\/logo\/image\/","url":"http:\/\/www.eldiariodetucuman.com\/web\/wp-content\/uploads\/2017\/12\/el-diario-de-tucuman.jpg","contentUrl":"http:\/\/www.eldiariodetucuman.com\/web\/wp-content\/uploads\/2017\/12\/el-diario-de-tucuman.jpg","width":272,"height":92,"caption":"El Diario de Tucuman"},"image":{"@id":"https:\/\/www.eldiariodetucuman.com\/web\/#\/schema\/logo\/image\/"}},{"@type":"Person","@id":"https:\/\/www.eldiariodetucuman.com\/web\/#\/schema\/person\/9250197d75ab5483412e19678b121caa","name":"admin","image":{"@type":"ImageObject","inLanguage":"es","@id":"https:\/\/secure.gravatar.com\/avatar\/c44d117c2be811212c22cb481f6b8384b6873de103fbc49e7a03cc58d7dea4ac?s=96&d=mm&r=g","url":"https:\/\/secure.gravatar.com\/avatar\/c44d117c2be811212c22cb481f6b8384b6873de103fbc49e7a03cc58d7dea4ac?s=96&d=mm&r=g","contentUrl":"https:\/\/secure.gravatar.com\/avatar\/c44d117c2be811212c22cb481f6b8384b6873de103fbc49e7a03cc58d7dea4ac?s=96&d=mm&r=g","caption":"admin"},"url":"https:\/\/www.eldiariodetucuman.com\/web\/author\/admin\/"}]}},"_links":{"self":[{"href":"https:\/\/www.eldiariodetucuman.com\/web\/wp-json\/wp\/v2\/posts\/45488","targetHints":{"allow":["GET"]}}],"collection":[{"href":"https:\/\/www.eldiariodetucuman.com\/web\/wp-json\/wp\/v2\/posts"}],"about":[{"href":"https:\/\/www.eldiariodetucuman.com\/web\/wp-json\/wp\/v2\/types\/post"}],"author":[{"embeddable":true,"href":"https:\/\/www.eldiariodetucuman.com\/web\/wp-json\/wp\/v2\/users\/1"}],"replies":[{"embeddable":true,"href":"https:\/\/www.eldiariodetucuman.com\/web\/wp-json\/wp\/v2\/comments?post=45488"}],"version-history":[{"count":0,"href":"https:\/\/www.eldiariodetucuman.com\/web\/wp-json\/wp\/v2\/posts\/45488\/revisions"}],"wp:featuredmedia":[{"embeddable":true,"href":"https:\/\/www.eldiariodetucuman.com\/web\/wp-json\/wp\/v2\/media\/45489"}],"wp:attachment":[{"href":"https:\/\/www.eldiariodetucuman.com\/web\/wp-json\/wp\/v2\/media?parent=45488"}],"wp:term":[{"taxonomy":"category","embeddable":true,"href":"https:\/\/www.eldiariodetucuman.com\/web\/wp-json\/wp\/v2\/categories?post=45488"},{"taxonomy":"post_tag","embeddable":true,"href":"https:\/\/www.eldiariodetucuman.com\/web\/wp-json\/wp\/v2\/tags?post=45488"}],"curies":[{"name":"wp","href":"https:\/\/api.w.org\/{rel}","templated":true}]}}