{"id":45485,"date":"2025-08-26T22:00:27","date_gmt":"2025-08-27T01:00:27","guid":{"rendered":"https:\/\/www.eldiariodetucuman.com\/web\/un-sindicalista-de-la-uocra-quedo-detenido-por-la-brutal-agresion-al-constructor\/"},"modified":"2025-08-26T22:00:30","modified_gmt":"2025-08-27T01:00:30","slug":"un-sindicalista-de-la-uocra-quedo-detenido-por-la-brutal-agresion-al-constructor","status":"publish","type":"post","link":"https:\/\/www.eldiariodetucuman.com\/web\/un-sindicalista-de-la-uocra-quedo-detenido-por-la-brutal-agresion-al-constructor\/","title":{"rendered":"Un sindicalista de la Uocra qued\u00f3 detenido por la brutal agresi\u00f3n al constructor"},"content":{"rendered":"<p><\/p>\n<p class=\"com-paragraph  --capital --s\">EL CALAFATE.- <strong>Franco Moreyra<\/strong>, referente de la delegaci\u00f3n de Puerto Deseado del gremio de la construcci\u00f3n <strong>Uocra<\/strong>, qued\u00f3 <strong>detenido <\/strong>este martes en el marco de la causa que investiga la <strong>brutal agresi\u00f3n<\/strong> contra constructor<strong> Fabio Cattani,<\/strong> ocurrido hace dos semanas y quien a\u00fan se encuentran en estado delicado, internado en la terapia intensiva. <\/p>\n<p class=\"com-paragraph   --s\"><strong>\u201cA Cattani hay que matarlo\u201d<\/strong>, es la frase que se le atribuye a Moreyra, quien la habr\u00eda pronunciado antes de bajar de una camioneta frente a la construcci\u00f3n del SUM del gremio judicial, que llevaba adelante Cattani junto a su equipo, minutos antes de iniciar la golpiza que dejar\u00eda al empresario en el hospital. La frase consta en la denuncia presenta ante la polic\u00eda por la esposa de Cattani, quien le pudo relatar los hechos antes de queda en coma inducido.<\/p>\n<p class=\"com-paragraph   --s\">Este martes por la tarde, Moreyra se entreg\u00f3 en la comisar\u00eda de Puerto Deseado, unos minutos antes que su domicilio fuera allanado como parte de los seis procedimientos ordenados en Puerto Deseado por el juez de Caleta Olivia,<strong> Gabriel Contreras<\/strong>, quien subroga el juzgado de Puerto Deseado.<\/p>\n<p>Moreyra, al quedar detenido en la comisar\u00eda de Puerto DeseadoPolic\u00eda de Santa Cruz <\/p>\n<p class=\"com-paragraph   --s\">La detenci\u00f3n de Moreyra se suma a las cuatro concretadas el fin de semana pasado, cuando fueron arrestados <strong>Carlos Tapia, Oscar \u201cCachumba\u201d Aranda, Osvaldo \u201cNeri\u201d B. y Fabi\u00e1n Hern\u00e1ndez<\/strong>. Tres de los acusados ya declararon, aunque sin aportar confesiones directas, mientras que Hern\u00e1ndez opt\u00f3 por guardar silencio, seg\u00fan trascendi\u00f3 de fuentes con acceso a la causa. <\/p>\n<p class=\"com-paragraph   --s\">Durante los allanamientos realizados hoy, de acuerdo a lo informado por la polic\u00eda provincial, se incautaron varios tel\u00e9fonos celulares, que quedaron a disposici\u00f3n de la investigaci\u00f3n judicial. <\/p>\n<p class=\"com-paragraph   --s\">Mientras tanto, Cattani permanece internado en terapia intensiva en el Hospital Zonal de Caleta Olivia, en <strong>coma inducido y con pron\u00f3stico reservado<\/strong>. Los m\u00e9dicos confirmaron que <strong>perdi\u00f3 el bazo y un test\u00edculo, sufri\u00f3 ocho fracturas costales, politraumatismos tor\u00e1cicos y complicaciones respiratorias y card\u00edacas<\/strong>. Seg\u00fan confirmaron a este medio familiares de la v\u00edctima, en los \u00faltimos d\u00edas sufri\u00f3 una neumon\u00eda que agrav\u00f3 su delicado estado de salud.<\/p>\n<p class=\"com-paragraph   --s\">La semana pasada, Moreyra hab\u00eda negado su participaci\u00f3n en el ataque y acus\u00f3 a la v\u00edctima de acciones intimidatorias en su contra. Asegur\u00f3 que exist\u00eda una perimetral contra Cattani y que la sede gremial cuenta con c\u00e1maras que registrar\u00edan lo sucedido.<\/p>\n<p><a href=\"https:\/\/www.lanacion.com.ar\/politica\/un-referente-de-la-uocra-quedo-detenido-por-la-brutal-agresion-al-constructor-de-puerto-deseado-nid26082025\/\">Fuente de la nota <\/a><\/p>\n","protected":false},"excerpt":{"rendered":"<p>EL CALAFATE.- Franco Moreyra, referente de la delegaci\u00f3n de Puerto Deseado del gremio de la construcci\u00f3n Uocra, qued\u00f3 detenido este martes en el marco de la causa que investiga la brutal agresi\u00f3n contra constructor Fabio Cattani, ocurrido hace dos semanas y quien a\u00fan se encuentran en estado delicado, internado en la terapia intensiva. \u201cA Cattani [&hellip;]<\/p>\n","protected":false},"author":5,"featured_media":45486,"comment_status":"closed","ping_status":"open","sticky":false,"template":"","format":"standard","meta":{"footnotes":""},"categories":[3],"tags":[],"class_list":{"0":"post-45485","1":"post","2":"type-post","3":"status-publish","4":"format-standard","5":"has-post-thumbnail","7":"category-politica"},"yoast_head":"<!-- This site is optimized with the Yoast SEO plugin v27.5 - https:\/\/yoast.com\/product\/yoast-seo-wordpress\/ -->\n<title>Un sindicalista de la Uocra qued\u00f3 detenido por la brutal agresi\u00f3n al constructor - El Diario de Tucuman<\/title>\n<meta name=\"robots\" content=\"index, follow, max-snippet:-1, max-image-preview:large, max-video-preview:-1\" \/>\n<link rel=\"canonical\" href=\"https:\/\/www.eldiariodetucuman.com\/web\/un-sindicalista-de-la-uocra-quedo-detenido-por-la-brutal-agresion-al-constructor\/\" \/>\n<meta property=\"og:locale\" content=\"es_ES\" \/>\n<meta property=\"og:type\" content=\"article\" \/>\n<meta property=\"og:title\" content=\"Un sindicalista de la Uocra qued\u00f3 detenido por la brutal agresi\u00f3n al constructor - El Diario de Tucuman\" \/>\n<meta property=\"og:description\" content=\"EL CALAFATE.- Franco Moreyra, referente de la delegaci\u00f3n de Puerto Deseado del gremio de la construcci\u00f3n Uocra, qued\u00f3 detenido este martes en el marco de la causa que investiga la brutal agresi\u00f3n contra constructor Fabio Cattani, ocurrido hace dos semanas y quien a\u00fan se encuentran en estado delicado, internado en la terapia intensiva. \u201cA Cattani [&hellip;]\" \/>\n<meta property=\"og:url\" content=\"https:\/\/www.eldiariodetucuman.com\/web\/un-sindicalista-de-la-uocra-quedo-detenido-por-la-brutal-agresion-al-constructor\/\" \/>\n<meta property=\"og:site_name\" content=\"El Diario de Tucuman\" \/>\n<meta property=\"article:published_time\" content=\"2025-08-27T01:00:27+00:00\" \/>\n<meta property=\"article:modified_time\" content=\"2025-08-27T01:00:30+00:00\" \/>\n<meta property=\"og:image\" content=\"https:\/\/www.eldiariodetucuman.com\/web\/wp-content\/uploads\/2025\/08\/franco-moreyra-dirigente-de-la-uocra-de-puerto-XD5ZZVMTDVCAJMRNTGNC4KOKS4.jpg\" \/>\n\t<meta property=\"og:image:width\" content=\"1200\" \/>\n\t<meta property=\"og:image:height\" content=\"616\" \/>\n\t<meta property=\"og:image:type\" content=\"image\/jpeg\" \/>\n<meta name=\"author\" content=\"Redactor Uno\" \/>\n<meta name=\"twitter:card\" content=\"summary_large_image\" \/>\n<meta name=\"twitter:label1\" content=\"Escrito por\" \/>\n\t<meta name=\"twitter:data1\" content=\"Redactor Uno\" \/>\n\t<meta name=\"twitter:label2\" content=\"Tiempo de lectura\" \/>\n\t<meta name=\"twitter:data2\" content=\"2 minutos\" \/>\n<script type=\"application\/ld+json\" class=\"yoast-schema-graph\">{\"@context\":\"https:\\\/\\\/schema.org\",\"@graph\":[{\"@type\":\"Article\",\"@id\":\"https:\\\/\\\/www.eldiariodetucuman.com\\\/web\\\/un-sindicalista-de-la-uocra-quedo-detenido-por-la-brutal-agresion-al-constructor\\\/#article\",\"isPartOf\":{\"@id\":\"https:\\\/\\\/www.eldiariodetucuman.com\\\/web\\\/un-sindicalista-de-la-uocra-quedo-detenido-por-la-brutal-agresion-al-constructor\\\/\"},\"author\":{\"name\":\"Redactor Uno\",\"@id\":\"https:\\\/\\\/www.eldiariodetucuman.com\\\/web\\\/#\\\/schema\\\/person\\\/7e6644a46e60888f6b868594407e08dd\"},\"headline\":\"Un sindicalista de la Uocra qued\u00f3 detenido por la brutal agresi\u00f3n al constructor\",\"datePublished\":\"2025-08-27T01:00:27+00:00\",\"dateModified\":\"2025-08-27T01:00:30+00:00\",\"mainEntityOfPage\":{\"@id\":\"https:\\\/\\\/www.eldiariodetucuman.com\\\/web\\\/un-sindicalista-de-la-uocra-quedo-detenido-por-la-brutal-agresion-al-constructor\\\/\"},\"wordCount\":438,\"publisher\":{\"@id\":\"https:\\\/\\\/www.eldiariodetucuman.com\\\/web\\\/#organization\"},\"image\":{\"@id\":\"https:\\\/\\\/www.eldiariodetucuman.com\\\/web\\\/un-sindicalista-de-la-uocra-quedo-detenido-por-la-brutal-agresion-al-constructor\\\/#primaryimage\"},\"thumbnailUrl\":\"https:\\\/\\\/www.eldiariodetucuman.com\\\/web\\\/wp-content\\\/uploads\\\/2025\\\/08\\\/franco-moreyra-dirigente-de-la-uocra-de-puerto-XD5ZZVMTDVCAJMRNTGNC4KOKS4.jpg\",\"articleSection\":[\"Politica\"],\"inLanguage\":\"es\"},{\"@type\":\"WebPage\",\"@id\":\"https:\\\/\\\/www.eldiariodetucuman.com\\\/web\\\/un-sindicalista-de-la-uocra-quedo-detenido-por-la-brutal-agresion-al-constructor\\\/\",\"url\":\"https:\\\/\\\/www.eldiariodetucuman.com\\\/web\\\/un-sindicalista-de-la-uocra-quedo-detenido-por-la-brutal-agresion-al-constructor\\\/\",\"name\":\"Un sindicalista de la Uocra qued\u00f3 detenido por la brutal agresi\u00f3n al constructor - El Diario de Tucuman\",\"isPartOf\":{\"@id\":\"https:\\\/\\\/www.eldiariodetucuman.com\\\/web\\\/#website\"},\"primaryImageOfPage\":{\"@id\":\"https:\\\/\\\/www.eldiariodetucuman.com\\\/web\\\/un-sindicalista-de-la-uocra-quedo-detenido-por-la-brutal-agresion-al-constructor\\\/#primaryimage\"},\"image\":{\"@id\":\"https:\\\/\\\/www.eldiariodetucuman.com\\\/web\\\/un-sindicalista-de-la-uocra-quedo-detenido-por-la-brutal-agresion-al-constructor\\\/#primaryimage\"},\"thumbnailUrl\":\"https:\\\/\\\/www.eldiariodetucuman.com\\\/web\\\/wp-content\\\/uploads\\\/2025\\\/08\\\/franco-moreyra-dirigente-de-la-uocra-de-puerto-XD5ZZVMTDVCAJMRNTGNC4KOKS4.jpg\",\"datePublished\":\"2025-08-27T01:00:27+00:00\",\"dateModified\":\"2025-08-27T01:00:30+00:00\",\"breadcrumb\":{\"@id\":\"https:\\\/\\\/www.eldiariodetucuman.com\\\/web\\\/un-sindicalista-de-la-uocra-quedo-detenido-por-la-brutal-agresion-al-constructor\\\/#breadcrumb\"},\"inLanguage\":\"es\",\"potentialAction\":[{\"@type\":\"ReadAction\",\"target\":[\"https:\\\/\\\/www.eldiariodetucuman.com\\\/web\\\/un-sindicalista-de-la-uocra-quedo-detenido-por-la-brutal-agresion-al-constructor\\\/\"]}]},{\"@type\":\"ImageObject\",\"inLanguage\":\"es\",\"@id\":\"https:\\\/\\\/www.eldiariodetucuman.com\\\/web\\\/un-sindicalista-de-la-uocra-quedo-detenido-por-la-brutal-agresion-al-constructor\\\/#primaryimage\",\"url\":\"https:\\\/\\\/www.eldiariodetucuman.com\\\/web\\\/wp-content\\\/uploads\\\/2025\\\/08\\\/franco-moreyra-dirigente-de-la-uocra-de-puerto-XD5ZZVMTDVCAJMRNTGNC4KOKS4.jpg\",\"contentUrl\":\"https:\\\/\\\/www.eldiariodetucuman.com\\\/web\\\/wp-content\\\/uploads\\\/2025\\\/08\\\/franco-moreyra-dirigente-de-la-uocra-de-puerto-XD5ZZVMTDVCAJMRNTGNC4KOKS4.jpg\",\"width\":1200,\"height\":616},{\"@type\":\"BreadcrumbList\",\"@id\":\"https:\\\/\\\/www.eldiariodetucuman.com\\\/web\\\/un-sindicalista-de-la-uocra-quedo-detenido-por-la-brutal-agresion-al-constructor\\\/#breadcrumb\",\"itemListElement\":[{\"@type\":\"ListItem\",\"position\":1,\"name\":\"Portada\",\"item\":\"https:\\\/\\\/www.eldiariodetucuman.com\\\/web\\\/\"},{\"@type\":\"ListItem\",\"position\":2,\"name\":\"Un sindicalista de la Uocra qued\u00f3 detenido por la brutal agresi\u00f3n al constructor\"}]},{\"@type\":\"WebSite\",\"@id\":\"https:\\\/\\\/www.eldiariodetucuman.com\\\/web\\\/#website\",\"url\":\"https:\\\/\\\/www.eldiariodetucuman.com\\\/web\\\/\",\"name\":\"El Diario de Tucuman\",\"description\":\"Diario Tucuman - Informaci\u00f3n y noticias\",\"publisher\":{\"@id\":\"https:\\\/\\\/www.eldiariodetucuman.com\\\/web\\\/#organization\"},\"potentialAction\":[{\"@type\":\"SearchAction\",\"target\":{\"@type\":\"EntryPoint\",\"urlTemplate\":\"https:\\\/\\\/www.eldiariodetucuman.com\\\/web\\\/?s={search_term_string}\"},\"query-input\":{\"@type\":\"PropertyValueSpecification\",\"valueRequired\":true,\"valueName\":\"search_term_string\"}}],\"inLanguage\":\"es\"},{\"@type\":\"Organization\",\"@id\":\"https:\\\/\\\/www.eldiariodetucuman.com\\\/web\\\/#organization\",\"name\":\"El Diario de Tucuman\",\"url\":\"https:\\\/\\\/www.eldiariodetucuman.com\\\/web\\\/\",\"logo\":{\"@type\":\"ImageObject\",\"inLanguage\":\"es\",\"@id\":\"https:\\\/\\\/www.eldiariodetucuman.com\\\/web\\\/#\\\/schema\\\/logo\\\/image\\\/\",\"url\":\"http:\\\/\\\/www.eldiariodetucuman.com\\\/web\\\/wp-content\\\/uploads\\\/2017\\\/12\\\/el-diario-de-tucuman.jpg\",\"contentUrl\":\"http:\\\/\\\/www.eldiariodetucuman.com\\\/web\\\/wp-content\\\/uploads\\\/2017\\\/12\\\/el-diario-de-tucuman.jpg\",\"width\":272,\"height\":92,\"caption\":\"El Diario de Tucuman\"},\"image\":{\"@id\":\"https:\\\/\\\/www.eldiariodetucuman.com\\\/web\\\/#\\\/schema\\\/logo\\\/image\\\/\"}},{\"@type\":\"Person\",\"@id\":\"https:\\\/\\\/www.eldiariodetucuman.com\\\/web\\\/#\\\/schema\\\/person\\\/7e6644a46e60888f6b868594407e08dd\",\"name\":\"Redactor Uno\",\"image\":{\"@type\":\"ImageObject\",\"inLanguage\":\"es\",\"@id\":\"https:\\\/\\\/secure.gravatar.com\\\/avatar\\\/0049b1bdf1bd548385c9ea6b9356431717930913089febd2ba904f0187d7d074?s=96&d=mm&r=g\",\"url\":\"https:\\\/\\\/secure.gravatar.com\\\/avatar\\\/0049b1bdf1bd548385c9ea6b9356431717930913089febd2ba904f0187d7d074?s=96&d=mm&r=g\",\"contentUrl\":\"https:\\\/\\\/secure.gravatar.com\\\/avatar\\\/0049b1bdf1bd548385c9ea6b9356431717930913089febd2ba904f0187d7d074?s=96&d=mm&r=g\",\"caption\":\"Redactor Uno\"},\"url\":\"https:\\\/\\\/www.eldiariodetucuman.com\\\/web\\\/author\\\/mramasco\\\/\"}]}<\/script>\n<!-- \/ Yoast SEO plugin. -->","yoast_head_json":{"title":"Un sindicalista de la Uocra qued\u00f3 detenido por la brutal agresi\u00f3n al constructor - El Diario de Tucuman","robots":{"index":"index","follow":"follow","max-snippet":"max-snippet:-1","max-image-preview":"max-image-preview:large","max-video-preview":"max-video-preview:-1"},"canonical":"https:\/\/www.eldiariodetucuman.com\/web\/un-sindicalista-de-la-uocra-quedo-detenido-por-la-brutal-agresion-al-constructor\/","og_locale":"es_ES","og_type":"article","og_title":"Un sindicalista de la Uocra qued\u00f3 detenido por la brutal agresi\u00f3n al constructor - El Diario de Tucuman","og_description":"EL CALAFATE.- Franco Moreyra, referente de la delegaci\u00f3n de Puerto Deseado del gremio de la construcci\u00f3n Uocra, qued\u00f3 detenido este martes en el marco de la causa que investiga la brutal agresi\u00f3n contra constructor Fabio Cattani, ocurrido hace dos semanas y quien a\u00fan se encuentran en estado delicado, internado en la terapia intensiva. \u201cA Cattani [&hellip;]","og_url":"https:\/\/www.eldiariodetucuman.com\/web\/un-sindicalista-de-la-uocra-quedo-detenido-por-la-brutal-agresion-al-constructor\/","og_site_name":"El Diario de Tucuman","article_published_time":"2025-08-27T01:00:27+00:00","article_modified_time":"2025-08-27T01:00:30+00:00","og_image":[{"width":1200,"height":616,"url":"https:\/\/www.eldiariodetucuman.com\/web\/wp-content\/uploads\/2025\/08\/franco-moreyra-dirigente-de-la-uocra-de-puerto-XD5ZZVMTDVCAJMRNTGNC4KOKS4.jpg","type":"image\/jpeg"}],"author":"Redactor Uno","twitter_card":"summary_large_image","twitter_misc":{"Escrito por":"Redactor Uno","Tiempo de lectura":"2 minutos"},"schema":{"@context":"https:\/\/schema.org","@graph":[{"@type":"Article","@id":"https:\/\/www.eldiariodetucuman.com\/web\/un-sindicalista-de-la-uocra-quedo-detenido-por-la-brutal-agresion-al-constructor\/#article","isPartOf":{"@id":"https:\/\/www.eldiariodetucuman.com\/web\/un-sindicalista-de-la-uocra-quedo-detenido-por-la-brutal-agresion-al-constructor\/"},"author":{"name":"Redactor Uno","@id":"https:\/\/www.eldiariodetucuman.com\/web\/#\/schema\/person\/7e6644a46e60888f6b868594407e08dd"},"headline":"Un sindicalista de la Uocra qued\u00f3 detenido por la brutal agresi\u00f3n al constructor","datePublished":"2025-08-27T01:00:27+00:00","dateModified":"2025-08-27T01:00:30+00:00","mainEntityOfPage":{"@id":"https:\/\/www.eldiariodetucuman.com\/web\/un-sindicalista-de-la-uocra-quedo-detenido-por-la-brutal-agresion-al-constructor\/"},"wordCount":438,"publisher":{"@id":"https:\/\/www.eldiariodetucuman.com\/web\/#organization"},"image":{"@id":"https:\/\/www.eldiariodetucuman.com\/web\/un-sindicalista-de-la-uocra-quedo-detenido-por-la-brutal-agresion-al-constructor\/#primaryimage"},"thumbnailUrl":"https:\/\/www.eldiariodetucuman.com\/web\/wp-content\/uploads\/2025\/08\/franco-moreyra-dirigente-de-la-uocra-de-puerto-XD5ZZVMTDVCAJMRNTGNC4KOKS4.jpg","articleSection":["Politica"],"inLanguage":"es"},{"@type":"WebPage","@id":"https:\/\/www.eldiariodetucuman.com\/web\/un-sindicalista-de-la-uocra-quedo-detenido-por-la-brutal-agresion-al-constructor\/","url":"https:\/\/www.eldiariodetucuman.com\/web\/un-sindicalista-de-la-uocra-quedo-detenido-por-la-brutal-agresion-al-constructor\/","name":"Un sindicalista de la Uocra qued\u00f3 detenido por la brutal agresi\u00f3n al constructor - El Diario de Tucuman","isPartOf":{"@id":"https:\/\/www.eldiariodetucuman.com\/web\/#website"},"primaryImageOfPage":{"@id":"https:\/\/www.eldiariodetucuman.com\/web\/un-sindicalista-de-la-uocra-quedo-detenido-por-la-brutal-agresion-al-constructor\/#primaryimage"},"image":{"@id":"https:\/\/www.eldiariodetucuman.com\/web\/un-sindicalista-de-la-uocra-quedo-detenido-por-la-brutal-agresion-al-constructor\/#primaryimage"},"thumbnailUrl":"https:\/\/www.eldiariodetucuman.com\/web\/wp-content\/uploads\/2025\/08\/franco-moreyra-dirigente-de-la-uocra-de-puerto-XD5ZZVMTDVCAJMRNTGNC4KOKS4.jpg","datePublished":"2025-08-27T01:00:27+00:00","dateModified":"2025-08-27T01:00:30+00:00","breadcrumb":{"@id":"https:\/\/www.eldiariodetucuman.com\/web\/un-sindicalista-de-la-uocra-quedo-detenido-por-la-brutal-agresion-al-constructor\/#breadcrumb"},"inLanguage":"es","potentialAction":[{"@type":"ReadAction","target":["https:\/\/www.eldiariodetucuman.com\/web\/un-sindicalista-de-la-uocra-quedo-detenido-por-la-brutal-agresion-al-constructor\/"]}]},{"@type":"ImageObject","inLanguage":"es","@id":"https:\/\/www.eldiariodetucuman.com\/web\/un-sindicalista-de-la-uocra-quedo-detenido-por-la-brutal-agresion-al-constructor\/#primaryimage","url":"https:\/\/www.eldiariodetucuman.com\/web\/wp-content\/uploads\/2025\/08\/franco-moreyra-dirigente-de-la-uocra-de-puerto-XD5ZZVMTDVCAJMRNTGNC4KOKS4.jpg","contentUrl":"https:\/\/www.eldiariodetucuman.com\/web\/wp-content\/uploads\/2025\/08\/franco-moreyra-dirigente-de-la-uocra-de-puerto-XD5ZZVMTDVCAJMRNTGNC4KOKS4.jpg","width":1200,"height":616},{"@type":"BreadcrumbList","@id":"https:\/\/www.eldiariodetucuman.com\/web\/un-sindicalista-de-la-uocra-quedo-detenido-por-la-brutal-agresion-al-constructor\/#breadcrumb","itemListElement":[{"@type":"ListItem","position":1,"name":"Portada","item":"https:\/\/www.eldiariodetucuman.com\/web\/"},{"@type":"ListItem","position":2,"name":"Un sindicalista de la Uocra qued\u00f3 detenido por la brutal agresi\u00f3n al constructor"}]},{"@type":"WebSite","@id":"https:\/\/www.eldiariodetucuman.com\/web\/#website","url":"https:\/\/www.eldiariodetucuman.com\/web\/","name":"El Diario de Tucuman","description":"Diario Tucuman - Informaci\u00f3n y noticias","publisher":{"@id":"https:\/\/www.eldiariodetucuman.com\/web\/#organization"},"potentialAction":[{"@type":"SearchAction","target":{"@type":"EntryPoint","urlTemplate":"https:\/\/www.eldiariodetucuman.com\/web\/?s={search_term_string}"},"query-input":{"@type":"PropertyValueSpecification","valueRequired":true,"valueName":"search_term_string"}}],"inLanguage":"es"},{"@type":"Organization","@id":"https:\/\/www.eldiariodetucuman.com\/web\/#organization","name":"El Diario de Tucuman","url":"https:\/\/www.eldiariodetucuman.com\/web\/","logo":{"@type":"ImageObject","inLanguage":"es","@id":"https:\/\/www.eldiariodetucuman.com\/web\/#\/schema\/logo\/image\/","url":"http:\/\/www.eldiariodetucuman.com\/web\/wp-content\/uploads\/2017\/12\/el-diario-de-tucuman.jpg","contentUrl":"http:\/\/www.eldiariodetucuman.com\/web\/wp-content\/uploads\/2017\/12\/el-diario-de-tucuman.jpg","width":272,"height":92,"caption":"El Diario de Tucuman"},"image":{"@id":"https:\/\/www.eldiariodetucuman.com\/web\/#\/schema\/logo\/image\/"}},{"@type":"Person","@id":"https:\/\/www.eldiariodetucuman.com\/web\/#\/schema\/person\/7e6644a46e60888f6b868594407e08dd","name":"Redactor Uno","image":{"@type":"ImageObject","inLanguage":"es","@id":"https:\/\/secure.gravatar.com\/avatar\/0049b1bdf1bd548385c9ea6b9356431717930913089febd2ba904f0187d7d074?s=96&d=mm&r=g","url":"https:\/\/secure.gravatar.com\/avatar\/0049b1bdf1bd548385c9ea6b9356431717930913089febd2ba904f0187d7d074?s=96&d=mm&r=g","contentUrl":"https:\/\/secure.gravatar.com\/avatar\/0049b1bdf1bd548385c9ea6b9356431717930913089febd2ba904f0187d7d074?s=96&d=mm&r=g","caption":"Redactor Uno"},"url":"https:\/\/www.eldiariodetucuman.com\/web\/author\/mramasco\/"}]}},"_links":{"self":[{"href":"https:\/\/www.eldiariodetucuman.com\/web\/wp-json\/wp\/v2\/posts\/45485","targetHints":{"allow":["GET"]}}],"collection":[{"href":"https:\/\/www.eldiariodetucuman.com\/web\/wp-json\/wp\/v2\/posts"}],"about":[{"href":"https:\/\/www.eldiariodetucuman.com\/web\/wp-json\/wp\/v2\/types\/post"}],"author":[{"embeddable":true,"href":"https:\/\/www.eldiariodetucuman.com\/web\/wp-json\/wp\/v2\/users\/5"}],"replies":[{"embeddable":true,"href":"https:\/\/www.eldiariodetucuman.com\/web\/wp-json\/wp\/v2\/comments?post=45485"}],"version-history":[{"count":1,"href":"https:\/\/www.eldiariodetucuman.com\/web\/wp-json\/wp\/v2\/posts\/45485\/revisions"}],"predecessor-version":[{"id":45487,"href":"https:\/\/www.eldiariodetucuman.com\/web\/wp-json\/wp\/v2\/posts\/45485\/revisions\/45487"}],"wp:featuredmedia":[{"embeddable":true,"href":"https:\/\/www.eldiariodetucuman.com\/web\/wp-json\/wp\/v2\/media\/45486"}],"wp:attachment":[{"href":"https:\/\/www.eldiariodetucuman.com\/web\/wp-json\/wp\/v2\/media?parent=45485"}],"wp:term":[{"taxonomy":"category","embeddable":true,"href":"https:\/\/www.eldiariodetucuman.com\/web\/wp-json\/wp\/v2\/categories?post=45485"},{"taxonomy":"post_tag","embeddable":true,"href":"https:\/\/www.eldiariodetucuman.com\/web\/wp-json\/wp\/v2\/tags?post=45485"}],"curies":[{"name":"wp","href":"https:\/\/api.w.org\/{rel}","templated":true}]}}