{"id":45395,"date":"2025-08-18T16:15:43","date_gmt":"2025-08-18T19:15:43","guid":{"rendered":"https:\/\/www.eldiariodetucuman.com\/web\/jaldo-nacion-no-puede-pretender-tener-superavit-con-plata-de-las-provincias\/"},"modified":"2025-08-18T16:15:43","modified_gmt":"2025-08-18T19:15:43","slug":"jaldo-nacion-no-puede-pretender-tener-superavit-con-plata-de-las-provincias","status":"publish","type":"post","link":"https:\/\/www.eldiariodetucuman.com\/web\/jaldo-nacion-no-puede-pretender-tener-superavit-con-plata-de-las-provincias\/","title":{"rendered":"Jaldo: \u201cNaci\u00f3n no puede pretender tener super\u00e1vit con plata de las provincias\u201d"},"content":{"rendered":"<p><\/p>\n<p id=\"isPasted\">El gobernador, <strong>Osvaldo Jaldo<\/strong>, se refiri\u00f3 se refiri\u00f3 a la actividad legislativa en el Congreso de la Naci\u00f3n donde el pasado viernes, diputados de diferentes bloques presentaron a las autoridades de la C\u00e1mara de Diputados, un pedido de sesi\u00f3n para el pr\u00f3ximo mi\u00e9rcoles, 20 de agosto, en la que esperan abrir el recinto para tratar un extenso temario que incluye, entre otros temas, el tratamiento de los proyectos que impulsan los gobernadores para mejorar el financiamiento de las provincias y que ya tienen media sanci\u00f3n en el Senado. Estos son la modificaci\u00f3n de la coparticipaci\u00f3n de los Aportes del Tesoro Nacional (ATN) y del Impuesto a los Combustibles L\u00edquidos. \u00a0<\/p>\n<p>Al respecto, el mandatario tucumano dijo: \u201cnosotros tenemos una postura clara. Yo creo que la Naci\u00f3n le tiene que transferir a las provincias lo que a las provincias por ley le corresponden. Los ATN por ley le corresponden a las provincias. El impuesto al combustible l\u00edquido, por ley, le corresponde a la provincia\u201d.<\/p>\n<p>\u201cSon las veintitr\u00e9s provincias m\u00e1s CABA que est\u00e1n reclamando los recursos coparticipables que por ley les corresponden. Y esos son los proyectos que se van a tratar el mi\u00e9rcoles en la C\u00e1mara de Diputados. Y, en ese sentido, yo creo que el Gobierno nacional no puede pretender tener super\u00e1vit con la plata de las provincias, as\u00ed tiene super\u00e1vit cualquiera\u201d, declar\u00f3.<\/p>\n<p>Jaldo sostuvo: \u201cNo es casualidad. Nunca he visto que veintitr\u00e9s gobernadores se sienten en una mesa a reclamarle a un presidente una medida. Pero medida de cualquier tipo, en este caso, es una medida de coparticipaci\u00f3n. Nunca he visto que veintitr\u00e9s distritos federales le planteen al presidente que le transfiera la plata que le corresponde a las provincias. No es un problema pol\u00edtico de Tucum\u00e1n, no es un problema pol\u00edtico de ninguna provincia en particular, simplemente es un derecho que los veintitr\u00e9s distritos m\u00e1s cava le est\u00e1n exigiendo al Gobierno nacional que le transfieran los recursos que por ley corresponden\u201d.<\/p>\n<p>\u201cAhora, los gobernadores avanzaron con los legisladores nacionales, tanto senadores como diputados, para que este pedido se convierta en ley y haya una obligatoriedad de transferir los recursos que, en definitiva, no son de los gobernadores, son de cada uno de los tucumanos y de los que viven en cada una de las provincias de esta querida Rep\u00fablica Argentina\u201d, concluy\u00f3.<\/p>\n<p>Fuente: <a href=\"https:\/\/www.comunicaciontucuman.gob.ar\/noticia\/gobernacion\/236361\/jaldo-nacion-no-puede-pretender-tener-superavit-plata-provincias\"> Fuente de la nota <\/a><\/p>\n","protected":false},"excerpt":{"rendered":"<p>El gobernador, Osvaldo Jaldo, se refiri\u00f3 se refiri\u00f3 a la actividad legislativa en el Congreso de la Naci\u00f3n donde el pasado viernes, diputados de diferentes bloques presentaron a las autoridades de la C\u00e1mara de Diputados, un pedido de sesi\u00f3n para el pr\u00f3ximo mi\u00e9rcoles, 20 de agosto, en la que esperan abrir el recinto para tratar [&hellip;]<\/p>\n","protected":false},"author":1,"featured_media":45396,"comment_status":"closed","ping_status":"open","sticky":false,"template":"","format":"standard","meta":{"footnotes":""},"categories":[3],"tags":[],"class_list":{"0":"post-45395","1":"post","2":"type-post","3":"status-publish","4":"format-standard","5":"has-post-thumbnail","7":"category-politica"},"yoast_head":"<!-- This site is optimized with the Yoast SEO plugin v27.4 - https:\/\/yoast.com\/product\/yoast-seo-wordpress\/ -->\n<title>Jaldo: \u201cNaci\u00f3n no puede pretender tener super\u00e1vit con plata de las provincias\u201d - El Diario de Tucuman<\/title>\n<meta name=\"robots\" content=\"index, follow, max-snippet:-1, max-image-preview:large, max-video-preview:-1\" \/>\n<link rel=\"canonical\" href=\"https:\/\/www.eldiariodetucuman.com\/web\/jaldo-nacion-no-puede-pretender-tener-superavit-con-plata-de-las-provincias\/\" \/>\n<meta property=\"og:locale\" content=\"es_ES\" \/>\n<meta property=\"og:type\" content=\"article\" \/>\n<meta property=\"og:title\" content=\"Jaldo: \u201cNaci\u00f3n no puede pretender tener super\u00e1vit con plata de las provincias\u201d - El Diario de Tucuman\" \/>\n<meta property=\"og:description\" content=\"El gobernador, Osvaldo Jaldo, se refiri\u00f3 se refiri\u00f3 a la actividad legislativa en el Congreso de la Naci\u00f3n donde el pasado viernes, diputados de diferentes bloques presentaron a las autoridades de la C\u00e1mara de Diputados, un pedido de sesi\u00f3n para el pr\u00f3ximo mi\u00e9rcoles, 20 de agosto, en la que esperan abrir el recinto para tratar [&hellip;]\" \/>\n<meta property=\"og:url\" content=\"https:\/\/www.eldiariodetucuman.com\/web\/jaldo-nacion-no-puede-pretender-tener-superavit-con-plata-de-las-provincias\/\" \/>\n<meta property=\"og:site_name\" content=\"El Diario de Tucuman\" \/>\n<meta property=\"article:published_time\" content=\"2025-08-18T19:15:43+00:00\" \/>\n<meta name=\"author\" content=\"admin\" \/>\n<meta name=\"twitter:card\" content=\"summary_large_image\" \/>\n<meta name=\"twitter:label1\" content=\"Escrito por\" \/>\n\t<meta name=\"twitter:data1\" content=\"admin\" \/>\n\t<meta name=\"twitter:label2\" content=\"Tiempo de lectura\" \/>\n\t<meta name=\"twitter:data2\" content=\"2 minutos\" \/>\n<script type=\"application\/ld+json\" class=\"yoast-schema-graph\">{\"@context\":\"https:\\\/\\\/schema.org\",\"@graph\":[{\"@type\":\"Article\",\"@id\":\"https:\\\/\\\/www.eldiariodetucuman.com\\\/web\\\/jaldo-nacion-no-puede-pretender-tener-superavit-con-plata-de-las-provincias\\\/#article\",\"isPartOf\":{\"@id\":\"https:\\\/\\\/www.eldiariodetucuman.com\\\/web\\\/jaldo-nacion-no-puede-pretender-tener-superavit-con-plata-de-las-provincias\\\/\"},\"author\":{\"name\":\"admin\",\"@id\":\"https:\\\/\\\/www.eldiariodetucuman.com\\\/web\\\/#\\\/schema\\\/person\\\/9250197d75ab5483412e19678b121caa\"},\"headline\":\"Jaldo: \u201cNaci\u00f3n no puede pretender tener super\u00e1vit con plata de las provincias\u201d\",\"datePublished\":\"2025-08-18T19:15:43+00:00\",\"mainEntityOfPage\":{\"@id\":\"https:\\\/\\\/www.eldiariodetucuman.com\\\/web\\\/jaldo-nacion-no-puede-pretender-tener-superavit-con-plata-de-las-provincias\\\/\"},\"wordCount\":428,\"publisher\":{\"@id\":\"https:\\\/\\\/www.eldiariodetucuman.com\\\/web\\\/#organization\"},\"image\":{\"@id\":\"https:\\\/\\\/www.eldiariodetucuman.com\\\/web\\\/jaldo-nacion-no-puede-pretender-tener-superavit-con-plata-de-las-provincias\\\/#primaryimage\"},\"thumbnailUrl\":\"https:\\\/\\\/www.eldiariodetucuman.com\\\/web\\\/wp-content\\\/uploads\\\/2025\\\/08\\\/Jaldo-Nacion-no-puede-pretender-tener-superavit-con-plata-de.jpeg\",\"articleSection\":[\"Politica\"],\"inLanguage\":\"es\"},{\"@type\":\"WebPage\",\"@id\":\"https:\\\/\\\/www.eldiariodetucuman.com\\\/web\\\/jaldo-nacion-no-puede-pretender-tener-superavit-con-plata-de-las-provincias\\\/\",\"url\":\"https:\\\/\\\/www.eldiariodetucuman.com\\\/web\\\/jaldo-nacion-no-puede-pretender-tener-superavit-con-plata-de-las-provincias\\\/\",\"name\":\"Jaldo: \u201cNaci\u00f3n no puede pretender tener super\u00e1vit con plata de las provincias\u201d - El Diario de Tucuman\",\"isPartOf\":{\"@id\":\"https:\\\/\\\/www.eldiariodetucuman.com\\\/web\\\/#website\"},\"primaryImageOfPage\":{\"@id\":\"https:\\\/\\\/www.eldiariodetucuman.com\\\/web\\\/jaldo-nacion-no-puede-pretender-tener-superavit-con-plata-de-las-provincias\\\/#primaryimage\"},\"image\":{\"@id\":\"https:\\\/\\\/www.eldiariodetucuman.com\\\/web\\\/jaldo-nacion-no-puede-pretender-tener-superavit-con-plata-de-las-provincias\\\/#primaryimage\"},\"thumbnailUrl\":\"https:\\\/\\\/www.eldiariodetucuman.com\\\/web\\\/wp-content\\\/uploads\\\/2025\\\/08\\\/Jaldo-Nacion-no-puede-pretender-tener-superavit-con-plata-de.jpeg\",\"datePublished\":\"2025-08-18T19:15:43+00:00\",\"breadcrumb\":{\"@id\":\"https:\\\/\\\/www.eldiariodetucuman.com\\\/web\\\/jaldo-nacion-no-puede-pretender-tener-superavit-con-plata-de-las-provincias\\\/#breadcrumb\"},\"inLanguage\":\"es\",\"potentialAction\":[{\"@type\":\"ReadAction\",\"target\":[\"https:\\\/\\\/www.eldiariodetucuman.com\\\/web\\\/jaldo-nacion-no-puede-pretender-tener-superavit-con-plata-de-las-provincias\\\/\"]}]},{\"@type\":\"ImageObject\",\"inLanguage\":\"es\",\"@id\":\"https:\\\/\\\/www.eldiariodetucuman.com\\\/web\\\/jaldo-nacion-no-puede-pretender-tener-superavit-con-plata-de-las-provincias\\\/#primaryimage\",\"url\":\"https:\\\/\\\/www.eldiariodetucuman.com\\\/web\\\/wp-content\\\/uploads\\\/2025\\\/08\\\/Jaldo-Nacion-no-puede-pretender-tener-superavit-con-plata-de.jpeg\",\"contentUrl\":\"https:\\\/\\\/www.eldiariodetucuman.com\\\/web\\\/wp-content\\\/uploads\\\/2025\\\/08\\\/Jaldo-Nacion-no-puede-pretender-tener-superavit-con-plata-de.jpeg\",\"width\":818,\"height\":460},{\"@type\":\"BreadcrumbList\",\"@id\":\"https:\\\/\\\/www.eldiariodetucuman.com\\\/web\\\/jaldo-nacion-no-puede-pretender-tener-superavit-con-plata-de-las-provincias\\\/#breadcrumb\",\"itemListElement\":[{\"@type\":\"ListItem\",\"position\":1,\"name\":\"Portada\",\"item\":\"https:\\\/\\\/www.eldiariodetucuman.com\\\/web\\\/\"},{\"@type\":\"ListItem\",\"position\":2,\"name\":\"Jaldo: \u201cNaci\u00f3n no puede pretender tener super\u00e1vit con plata de las provincias\u201d\"}]},{\"@type\":\"WebSite\",\"@id\":\"https:\\\/\\\/www.eldiariodetucuman.com\\\/web\\\/#website\",\"url\":\"https:\\\/\\\/www.eldiariodetucuman.com\\\/web\\\/\",\"name\":\"El Diario de Tucuman\",\"description\":\"Diario Tucuman - Informaci\u00f3n y noticias\",\"publisher\":{\"@id\":\"https:\\\/\\\/www.eldiariodetucuman.com\\\/web\\\/#organization\"},\"potentialAction\":[{\"@type\":\"SearchAction\",\"target\":{\"@type\":\"EntryPoint\",\"urlTemplate\":\"https:\\\/\\\/www.eldiariodetucuman.com\\\/web\\\/?s={search_term_string}\"},\"query-input\":{\"@type\":\"PropertyValueSpecification\",\"valueRequired\":true,\"valueName\":\"search_term_string\"}}],\"inLanguage\":\"es\"},{\"@type\":\"Organization\",\"@id\":\"https:\\\/\\\/www.eldiariodetucuman.com\\\/web\\\/#organization\",\"name\":\"El Diario de Tucuman\",\"url\":\"https:\\\/\\\/www.eldiariodetucuman.com\\\/web\\\/\",\"logo\":{\"@type\":\"ImageObject\",\"inLanguage\":\"es\",\"@id\":\"https:\\\/\\\/www.eldiariodetucuman.com\\\/web\\\/#\\\/schema\\\/logo\\\/image\\\/\",\"url\":\"http:\\\/\\\/www.eldiariodetucuman.com\\\/web\\\/wp-content\\\/uploads\\\/2017\\\/12\\\/el-diario-de-tucuman.jpg\",\"contentUrl\":\"http:\\\/\\\/www.eldiariodetucuman.com\\\/web\\\/wp-content\\\/uploads\\\/2017\\\/12\\\/el-diario-de-tucuman.jpg\",\"width\":272,\"height\":92,\"caption\":\"El Diario de Tucuman\"},\"image\":{\"@id\":\"https:\\\/\\\/www.eldiariodetucuman.com\\\/web\\\/#\\\/schema\\\/logo\\\/image\\\/\"}},{\"@type\":\"Person\",\"@id\":\"https:\\\/\\\/www.eldiariodetucuman.com\\\/web\\\/#\\\/schema\\\/person\\\/9250197d75ab5483412e19678b121caa\",\"name\":\"admin\",\"image\":{\"@type\":\"ImageObject\",\"inLanguage\":\"es\",\"@id\":\"https:\\\/\\\/secure.gravatar.com\\\/avatar\\\/c44d117c2be811212c22cb481f6b8384b6873de103fbc49e7a03cc58d7dea4ac?s=96&d=mm&r=g\",\"url\":\"https:\\\/\\\/secure.gravatar.com\\\/avatar\\\/c44d117c2be811212c22cb481f6b8384b6873de103fbc49e7a03cc58d7dea4ac?s=96&d=mm&r=g\",\"contentUrl\":\"https:\\\/\\\/secure.gravatar.com\\\/avatar\\\/c44d117c2be811212c22cb481f6b8384b6873de103fbc49e7a03cc58d7dea4ac?s=96&d=mm&r=g\",\"caption\":\"admin\"},\"url\":\"https:\\\/\\\/www.eldiariodetucuman.com\\\/web\\\/author\\\/admin\\\/\"}]}<\/script>\n<!-- \/ Yoast SEO plugin. -->","yoast_head_json":{"title":"Jaldo: \u201cNaci\u00f3n no puede pretender tener super\u00e1vit con plata de las provincias\u201d - El Diario de Tucuman","robots":{"index":"index","follow":"follow","max-snippet":"max-snippet:-1","max-image-preview":"max-image-preview:large","max-video-preview":"max-video-preview:-1"},"canonical":"https:\/\/www.eldiariodetucuman.com\/web\/jaldo-nacion-no-puede-pretender-tener-superavit-con-plata-de-las-provincias\/","og_locale":"es_ES","og_type":"article","og_title":"Jaldo: \u201cNaci\u00f3n no puede pretender tener super\u00e1vit con plata de las provincias\u201d - El Diario de Tucuman","og_description":"El gobernador, Osvaldo Jaldo, se refiri\u00f3 se refiri\u00f3 a la actividad legislativa en el Congreso de la Naci\u00f3n donde el pasado viernes, diputados de diferentes bloques presentaron a las autoridades de la C\u00e1mara de Diputados, un pedido de sesi\u00f3n para el pr\u00f3ximo mi\u00e9rcoles, 20 de agosto, en la que esperan abrir el recinto para tratar [&hellip;]","og_url":"https:\/\/www.eldiariodetucuman.com\/web\/jaldo-nacion-no-puede-pretender-tener-superavit-con-plata-de-las-provincias\/","og_site_name":"El Diario de Tucuman","article_published_time":"2025-08-18T19:15:43+00:00","author":"admin","twitter_card":"summary_large_image","twitter_misc":{"Escrito por":"admin","Tiempo de lectura":"2 minutos"},"schema":{"@context":"https:\/\/schema.org","@graph":[{"@type":"Article","@id":"https:\/\/www.eldiariodetucuman.com\/web\/jaldo-nacion-no-puede-pretender-tener-superavit-con-plata-de-las-provincias\/#article","isPartOf":{"@id":"https:\/\/www.eldiariodetucuman.com\/web\/jaldo-nacion-no-puede-pretender-tener-superavit-con-plata-de-las-provincias\/"},"author":{"name":"admin","@id":"https:\/\/www.eldiariodetucuman.com\/web\/#\/schema\/person\/9250197d75ab5483412e19678b121caa"},"headline":"Jaldo: \u201cNaci\u00f3n no puede pretender tener super\u00e1vit con plata de las provincias\u201d","datePublished":"2025-08-18T19:15:43+00:00","mainEntityOfPage":{"@id":"https:\/\/www.eldiariodetucuman.com\/web\/jaldo-nacion-no-puede-pretender-tener-superavit-con-plata-de-las-provincias\/"},"wordCount":428,"publisher":{"@id":"https:\/\/www.eldiariodetucuman.com\/web\/#organization"},"image":{"@id":"https:\/\/www.eldiariodetucuman.com\/web\/jaldo-nacion-no-puede-pretender-tener-superavit-con-plata-de-las-provincias\/#primaryimage"},"thumbnailUrl":"https:\/\/www.eldiariodetucuman.com\/web\/wp-content\/uploads\/2025\/08\/Jaldo-Nacion-no-puede-pretender-tener-superavit-con-plata-de.jpeg","articleSection":["Politica"],"inLanguage":"es"},{"@type":"WebPage","@id":"https:\/\/www.eldiariodetucuman.com\/web\/jaldo-nacion-no-puede-pretender-tener-superavit-con-plata-de-las-provincias\/","url":"https:\/\/www.eldiariodetucuman.com\/web\/jaldo-nacion-no-puede-pretender-tener-superavit-con-plata-de-las-provincias\/","name":"Jaldo: \u201cNaci\u00f3n no puede pretender tener super\u00e1vit con plata de las provincias\u201d - El Diario de Tucuman","isPartOf":{"@id":"https:\/\/www.eldiariodetucuman.com\/web\/#website"},"primaryImageOfPage":{"@id":"https:\/\/www.eldiariodetucuman.com\/web\/jaldo-nacion-no-puede-pretender-tener-superavit-con-plata-de-las-provincias\/#primaryimage"},"image":{"@id":"https:\/\/www.eldiariodetucuman.com\/web\/jaldo-nacion-no-puede-pretender-tener-superavit-con-plata-de-las-provincias\/#primaryimage"},"thumbnailUrl":"https:\/\/www.eldiariodetucuman.com\/web\/wp-content\/uploads\/2025\/08\/Jaldo-Nacion-no-puede-pretender-tener-superavit-con-plata-de.jpeg","datePublished":"2025-08-18T19:15:43+00:00","breadcrumb":{"@id":"https:\/\/www.eldiariodetucuman.com\/web\/jaldo-nacion-no-puede-pretender-tener-superavit-con-plata-de-las-provincias\/#breadcrumb"},"inLanguage":"es","potentialAction":[{"@type":"ReadAction","target":["https:\/\/www.eldiariodetucuman.com\/web\/jaldo-nacion-no-puede-pretender-tener-superavit-con-plata-de-las-provincias\/"]}]},{"@type":"ImageObject","inLanguage":"es","@id":"https:\/\/www.eldiariodetucuman.com\/web\/jaldo-nacion-no-puede-pretender-tener-superavit-con-plata-de-las-provincias\/#primaryimage","url":"https:\/\/www.eldiariodetucuman.com\/web\/wp-content\/uploads\/2025\/08\/Jaldo-Nacion-no-puede-pretender-tener-superavit-con-plata-de.jpeg","contentUrl":"https:\/\/www.eldiariodetucuman.com\/web\/wp-content\/uploads\/2025\/08\/Jaldo-Nacion-no-puede-pretender-tener-superavit-con-plata-de.jpeg","width":818,"height":460},{"@type":"BreadcrumbList","@id":"https:\/\/www.eldiariodetucuman.com\/web\/jaldo-nacion-no-puede-pretender-tener-superavit-con-plata-de-las-provincias\/#breadcrumb","itemListElement":[{"@type":"ListItem","position":1,"name":"Portada","item":"https:\/\/www.eldiariodetucuman.com\/web\/"},{"@type":"ListItem","position":2,"name":"Jaldo: \u201cNaci\u00f3n no puede pretender tener super\u00e1vit con plata de las provincias\u201d"}]},{"@type":"WebSite","@id":"https:\/\/www.eldiariodetucuman.com\/web\/#website","url":"https:\/\/www.eldiariodetucuman.com\/web\/","name":"El Diario de Tucuman","description":"Diario Tucuman - Informaci\u00f3n y noticias","publisher":{"@id":"https:\/\/www.eldiariodetucuman.com\/web\/#organization"},"potentialAction":[{"@type":"SearchAction","target":{"@type":"EntryPoint","urlTemplate":"https:\/\/www.eldiariodetucuman.com\/web\/?s={search_term_string}"},"query-input":{"@type":"PropertyValueSpecification","valueRequired":true,"valueName":"search_term_string"}}],"inLanguage":"es"},{"@type":"Organization","@id":"https:\/\/www.eldiariodetucuman.com\/web\/#organization","name":"El Diario de Tucuman","url":"https:\/\/www.eldiariodetucuman.com\/web\/","logo":{"@type":"ImageObject","inLanguage":"es","@id":"https:\/\/www.eldiariodetucuman.com\/web\/#\/schema\/logo\/image\/","url":"http:\/\/www.eldiariodetucuman.com\/web\/wp-content\/uploads\/2017\/12\/el-diario-de-tucuman.jpg","contentUrl":"http:\/\/www.eldiariodetucuman.com\/web\/wp-content\/uploads\/2017\/12\/el-diario-de-tucuman.jpg","width":272,"height":92,"caption":"El Diario de Tucuman"},"image":{"@id":"https:\/\/www.eldiariodetucuman.com\/web\/#\/schema\/logo\/image\/"}},{"@type":"Person","@id":"https:\/\/www.eldiariodetucuman.com\/web\/#\/schema\/person\/9250197d75ab5483412e19678b121caa","name":"admin","image":{"@type":"ImageObject","inLanguage":"es","@id":"https:\/\/secure.gravatar.com\/avatar\/c44d117c2be811212c22cb481f6b8384b6873de103fbc49e7a03cc58d7dea4ac?s=96&d=mm&r=g","url":"https:\/\/secure.gravatar.com\/avatar\/c44d117c2be811212c22cb481f6b8384b6873de103fbc49e7a03cc58d7dea4ac?s=96&d=mm&r=g","contentUrl":"https:\/\/secure.gravatar.com\/avatar\/c44d117c2be811212c22cb481f6b8384b6873de103fbc49e7a03cc58d7dea4ac?s=96&d=mm&r=g","caption":"admin"},"url":"https:\/\/www.eldiariodetucuman.com\/web\/author\/admin\/"}]}},"_links":{"self":[{"href":"https:\/\/www.eldiariodetucuman.com\/web\/wp-json\/wp\/v2\/posts\/45395","targetHints":{"allow":["GET"]}}],"collection":[{"href":"https:\/\/www.eldiariodetucuman.com\/web\/wp-json\/wp\/v2\/posts"}],"about":[{"href":"https:\/\/www.eldiariodetucuman.com\/web\/wp-json\/wp\/v2\/types\/post"}],"author":[{"embeddable":true,"href":"https:\/\/www.eldiariodetucuman.com\/web\/wp-json\/wp\/v2\/users\/1"}],"replies":[{"embeddable":true,"href":"https:\/\/www.eldiariodetucuman.com\/web\/wp-json\/wp\/v2\/comments?post=45395"}],"version-history":[{"count":0,"href":"https:\/\/www.eldiariodetucuman.com\/web\/wp-json\/wp\/v2\/posts\/45395\/revisions"}],"wp:featuredmedia":[{"embeddable":true,"href":"https:\/\/www.eldiariodetucuman.com\/web\/wp-json\/wp\/v2\/media\/45396"}],"wp:attachment":[{"href":"https:\/\/www.eldiariodetucuman.com\/web\/wp-json\/wp\/v2\/media?parent=45395"}],"wp:term":[{"taxonomy":"category","embeddable":true,"href":"https:\/\/www.eldiariodetucuman.com\/web\/wp-json\/wp\/v2\/categories?post=45395"},{"taxonomy":"post_tag","embeddable":true,"href":"https:\/\/www.eldiariodetucuman.com\/web\/wp-json\/wp\/v2\/tags?post=45395"}],"curies":[{"name":"wp","href":"https:\/\/api.w.org\/{rel}","templated":true}]}}