{"id":45393,"date":"2025-08-18T16:13:50","date_gmt":"2025-08-18T19:13:50","guid":{"rendered":"https:\/\/www.eldiariodetucuman.com\/web\/con-messi-y-varias-sorpresas-ya-esta-la-prelista-de-la-seleccion-argentina\/"},"modified":"2025-08-18T16:13:50","modified_gmt":"2025-08-18T19:13:50","slug":"con-messi-y-varias-sorpresas-ya-esta-la-prelista-de-la-seleccion-argentina","status":"publish","type":"post","link":"https:\/\/www.eldiariodetucuman.com\/web\/con-messi-y-varias-sorpresas-ya-esta-la-prelista-de-la-seleccion-argentina\/","title":{"rendered":"Con Messi y varias sorpresas, ya est\u00e1 la prelista de la Selecci\u00f3n Argentina"},"content":{"rendered":"<p>    <\/p>\n<p>El Flaco, exgoleador de Lan\u00fas y uno de los mejores jugadores del Verdao en la temporada, fue <strong>convocado por primera vez para la Albiceleste a su 24 a\u00f1os.<\/strong> En lo que va de la temporada, lleva 15 goles en 42 partidos. En esta n\u00f3mina, ocupar\u00e1 el lugar de Valent\u00edn Castellanos (de la Lazio).<\/p>\n<p>A su vez, en la lista hay varios cambios respecto de la \u00faltima citaci\u00f3n:<strong> Julio Soler (Bournemouth), Alan Varela (Porto), Claudio Echeverri (Manchester City) y Valent\u00edn Carboni (Genoa) <\/strong>entran por Valent\u00edn Barco, Nico Dom\u00ednguez y Enzo Fern\u00e1ndez (le dieron dos partidos de suspensi\u00f3n por su roja ante Colombia en la \u00faltima fecha).<\/p>\n<p>Gonzalo Montiel y Marcos Acu\u00f1a, de River, regresan a la n\u00f3mina, con Leandro Paredes (Boca) son los \u00fanicos jugadores del f\u00fatbol argentino en la lista de Lionel Scaloni para las Eliminatorias. A su vez, el DT ratific\u00f3 en la convocatoria a Franco Mastantuono, flamante refuerzo del Real Madrid y quien ante Chile hab\u00eda roto un r\u00e9cord hist\u00f3rico en la Albiceleste.<\/p>\n<p> image  <\/p>\n<h2>La prelista de la Selecci\u00f3n Argentina para las Eliminatorias<\/h2>\n<p><strong>ARQUEROS:<\/strong><\/p>\n<p>   Emiliano Mart\u00ednez (Aston Villa) Ger\u00f3nimo Rulli (Olympique de Marsella) Walter Ben\u00edtez (Crystal Palace)  <\/p>\n<p><strong> DEFENSORES:<\/strong><\/p>\n<p>   Nahuel Molina (Atl\u00e9tico de Madrid) Cristian Romero (Tottenham Hotspur) Leonardo Balerdi (Olympique de Marsella) Juan Foyth (Villarreal) Nicol\u00e1s Otamendi (Benfica) Facundo Medina (Olympique de Marsella) Nicol\u00e1s Tagliafico (Olympique de Lyon) Gonzalo Montiel (River Plate) Marcos Acu\u00f1a (River Plate) Julio Soler (AFC Bournemouth)  <\/p>\n<p><strong> MEDIOCAMPISTAS:<\/strong><\/p>\n<p>   Leandro Paredes (Boca Juniors) Rodrigo De Paul (Inter Miami) Exequiel Palacios (Bayer 04 Leverkusen) Alan Varela (Porto FC) Alexis Mac Allister (Liverpool) Giovani Lo Celso (Real Betis) Giuliano Simeone (Atl\u00e9tico de Madrid) Thiago Almada (Atl\u00e9tico de Madrid) Claudio Echeverri (Manchester City) Valent\u00edn Carboni (Genoa FC)  <\/p>\n<p><strong> DELANTEROS:<\/strong><\/p>\n<p>   Jos\u00e9 L\u00f3pez (Palmeiras) Nicol\u00e1s Gonz\u00e1lez (Juventus) Lionel Messi (Inter Miami) Nicol\u00e1s Paz (Como 1907) Juli\u00e1n \u00c1lvarez (Atl\u00e9tico de Madrid) Lautaro Mart\u00ednez (Inter de Mil\u00e1n) Franco Mastantuono (Real Madrid) \u00c1ngel Correa (Tigres de M\u00e9xico)<br \/>\n<br \/>Fuente: <a href=\"https:\/\/www.lv12.com.ar\/lionel-messi\/con-messi-y-varias-sorpresas-ya-esta-la-prelista-la-seleccion-argentina-n183977\"> Fuente de la nota <\/a><\/p>\n","protected":false},"excerpt":{"rendered":"<p>El Flaco, exgoleador de Lan\u00fas y uno de los mejores jugadores del Verdao en la temporada, fue convocado por primera vez para la Albiceleste a su 24 a\u00f1os. En lo que va de la temporada, lleva 15 goles en 42 partidos. En esta n\u00f3mina, ocupar\u00e1 el lugar de Valent\u00edn Castellanos (de la Lazio). A su [&hellip;]<\/p>\n","protected":false},"author":1,"featured_media":45394,"comment_status":"closed","ping_status":"open","sticky":false,"template":"","format":"standard","meta":{"footnotes":""},"categories":[6],"tags":[],"class_list":{"0":"post-45393","1":"post","2":"type-post","3":"status-publish","4":"format-standard","5":"has-post-thumbnail","7":"category-deporte"},"yoast_head":"<!-- This site is optimized with the Yoast SEO plugin v27.4 - https:\/\/yoast.com\/product\/yoast-seo-wordpress\/ -->\n<title>Con Messi y varias sorpresas, ya est\u00e1 la prelista de la Selecci\u00f3n Argentina - El Diario de Tucuman<\/title>\n<meta name=\"robots\" content=\"index, follow, max-snippet:-1, max-image-preview:large, max-video-preview:-1\" \/>\n<link rel=\"canonical\" href=\"https:\/\/www.eldiariodetucuman.com\/web\/con-messi-y-varias-sorpresas-ya-esta-la-prelista-de-la-seleccion-argentina\/\" \/>\n<meta property=\"og:locale\" content=\"es_ES\" \/>\n<meta property=\"og:type\" content=\"article\" \/>\n<meta property=\"og:title\" content=\"Con Messi y varias sorpresas, ya est\u00e1 la prelista de la Selecci\u00f3n Argentina - El Diario de Tucuman\" \/>\n<meta property=\"og:description\" content=\"El Flaco, exgoleador de Lan\u00fas y uno de los mejores jugadores del Verdao en la temporada, fue convocado por primera vez para la Albiceleste a su 24 a\u00f1os. En lo que va de la temporada, lleva 15 goles en 42 partidos. En esta n\u00f3mina, ocupar\u00e1 el lugar de Valent\u00edn Castellanos (de la Lazio). A su [&hellip;]\" \/>\n<meta property=\"og:url\" content=\"https:\/\/www.eldiariodetucuman.com\/web\/con-messi-y-varias-sorpresas-ya-esta-la-prelista-de-la-seleccion-argentina\/\" \/>\n<meta property=\"og:site_name\" content=\"El Diario de Tucuman\" \/>\n<meta property=\"article:published_time\" content=\"2025-08-18T19:13:50+00:00\" \/>\n<meta name=\"author\" content=\"admin\" \/>\n<meta name=\"twitter:card\" content=\"summary_large_image\" \/>\n<meta name=\"twitter:label1\" content=\"Escrito por\" \/>\n\t<meta name=\"twitter:data1\" content=\"admin\" \/>\n\t<meta name=\"twitter:label2\" content=\"Tiempo de lectura\" \/>\n\t<meta name=\"twitter:data2\" content=\"2 minutos\" \/>\n<script type=\"application\/ld+json\" class=\"yoast-schema-graph\">{\"@context\":\"https:\\\/\\\/schema.org\",\"@graph\":[{\"@type\":\"Article\",\"@id\":\"https:\\\/\\\/www.eldiariodetucuman.com\\\/web\\\/con-messi-y-varias-sorpresas-ya-esta-la-prelista-de-la-seleccion-argentina\\\/#article\",\"isPartOf\":{\"@id\":\"https:\\\/\\\/www.eldiariodetucuman.com\\\/web\\\/con-messi-y-varias-sorpresas-ya-esta-la-prelista-de-la-seleccion-argentina\\\/\"},\"author\":{\"name\":\"admin\",\"@id\":\"https:\\\/\\\/www.eldiariodetucuman.com\\\/web\\\/#\\\/schema\\\/person\\\/9250197d75ab5483412e19678b121caa\"},\"headline\":\"Con Messi y varias sorpresas, ya est\u00e1 la prelista de la Selecci\u00f3n Argentina\",\"datePublished\":\"2025-08-18T19:13:50+00:00\",\"mainEntityOfPage\":{\"@id\":\"https:\\\/\\\/www.eldiariodetucuman.com\\\/web\\\/con-messi-y-varias-sorpresas-ya-esta-la-prelista-de-la-seleccion-argentina\\\/\"},\"wordCount\":362,\"publisher\":{\"@id\":\"https:\\\/\\\/www.eldiariodetucuman.com\\\/web\\\/#organization\"},\"image\":{\"@id\":\"https:\\\/\\\/www.eldiariodetucuman.com\\\/web\\\/con-messi-y-varias-sorpresas-ya-esta-la-prelista-de-la-seleccion-argentina\\\/#primaryimage\"},\"thumbnailUrl\":\"https:\\\/\\\/www.eldiariodetucuman.com\\\/web\\\/wp-content\\\/uploads\\\/2025\\\/08\\\/Con-Messi-y-varias-sorpresas-ya-esta-la-prelista-de.png\",\"articleSection\":[\"Deporte\"],\"inLanguage\":\"es\"},{\"@type\":\"WebPage\",\"@id\":\"https:\\\/\\\/www.eldiariodetucuman.com\\\/web\\\/con-messi-y-varias-sorpresas-ya-esta-la-prelista-de-la-seleccion-argentina\\\/\",\"url\":\"https:\\\/\\\/www.eldiariodetucuman.com\\\/web\\\/con-messi-y-varias-sorpresas-ya-esta-la-prelista-de-la-seleccion-argentina\\\/\",\"name\":\"Con Messi y varias sorpresas, ya est\u00e1 la prelista de la Selecci\u00f3n Argentina - El Diario de Tucuman\",\"isPartOf\":{\"@id\":\"https:\\\/\\\/www.eldiariodetucuman.com\\\/web\\\/#website\"},\"primaryImageOfPage\":{\"@id\":\"https:\\\/\\\/www.eldiariodetucuman.com\\\/web\\\/con-messi-y-varias-sorpresas-ya-esta-la-prelista-de-la-seleccion-argentina\\\/#primaryimage\"},\"image\":{\"@id\":\"https:\\\/\\\/www.eldiariodetucuman.com\\\/web\\\/con-messi-y-varias-sorpresas-ya-esta-la-prelista-de-la-seleccion-argentina\\\/#primaryimage\"},\"thumbnailUrl\":\"https:\\\/\\\/www.eldiariodetucuman.com\\\/web\\\/wp-content\\\/uploads\\\/2025\\\/08\\\/Con-Messi-y-varias-sorpresas-ya-esta-la-prelista-de.png\",\"datePublished\":\"2025-08-18T19:13:50+00:00\",\"breadcrumb\":{\"@id\":\"https:\\\/\\\/www.eldiariodetucuman.com\\\/web\\\/con-messi-y-varias-sorpresas-ya-esta-la-prelista-de-la-seleccion-argentina\\\/#breadcrumb\"},\"inLanguage\":\"es\",\"potentialAction\":[{\"@type\":\"ReadAction\",\"target\":[\"https:\\\/\\\/www.eldiariodetucuman.com\\\/web\\\/con-messi-y-varias-sorpresas-ya-esta-la-prelista-de-la-seleccion-argentina\\\/\"]}]},{\"@type\":\"ImageObject\",\"inLanguage\":\"es\",\"@id\":\"https:\\\/\\\/www.eldiariodetucuman.com\\\/web\\\/con-messi-y-varias-sorpresas-ya-esta-la-prelista-de-la-seleccion-argentina\\\/#primaryimage\",\"url\":\"https:\\\/\\\/www.eldiariodetucuman.com\\\/web\\\/wp-content\\\/uploads\\\/2025\\\/08\\\/Con-Messi-y-varias-sorpresas-ya-esta-la-prelista-de.png\",\"contentUrl\":\"https:\\\/\\\/www.eldiariodetucuman.com\\\/web\\\/wp-content\\\/uploads\\\/2025\\\/08\\\/Con-Messi-y-varias-sorpresas-ya-esta-la-prelista-de.png\",\"width\":1200,\"height\":675},{\"@type\":\"BreadcrumbList\",\"@id\":\"https:\\\/\\\/www.eldiariodetucuman.com\\\/web\\\/con-messi-y-varias-sorpresas-ya-esta-la-prelista-de-la-seleccion-argentina\\\/#breadcrumb\",\"itemListElement\":[{\"@type\":\"ListItem\",\"position\":1,\"name\":\"Portada\",\"item\":\"https:\\\/\\\/www.eldiariodetucuman.com\\\/web\\\/\"},{\"@type\":\"ListItem\",\"position\":2,\"name\":\"Con Messi y varias sorpresas, ya est\u00e1 la prelista de la Selecci\u00f3n Argentina\"}]},{\"@type\":\"WebSite\",\"@id\":\"https:\\\/\\\/www.eldiariodetucuman.com\\\/web\\\/#website\",\"url\":\"https:\\\/\\\/www.eldiariodetucuman.com\\\/web\\\/\",\"name\":\"El Diario de Tucuman\",\"description\":\"Diario Tucuman - Informaci\u00f3n y noticias\",\"publisher\":{\"@id\":\"https:\\\/\\\/www.eldiariodetucuman.com\\\/web\\\/#organization\"},\"potentialAction\":[{\"@type\":\"SearchAction\",\"target\":{\"@type\":\"EntryPoint\",\"urlTemplate\":\"https:\\\/\\\/www.eldiariodetucuman.com\\\/web\\\/?s={search_term_string}\"},\"query-input\":{\"@type\":\"PropertyValueSpecification\",\"valueRequired\":true,\"valueName\":\"search_term_string\"}}],\"inLanguage\":\"es\"},{\"@type\":\"Organization\",\"@id\":\"https:\\\/\\\/www.eldiariodetucuman.com\\\/web\\\/#organization\",\"name\":\"El Diario de Tucuman\",\"url\":\"https:\\\/\\\/www.eldiariodetucuman.com\\\/web\\\/\",\"logo\":{\"@type\":\"ImageObject\",\"inLanguage\":\"es\",\"@id\":\"https:\\\/\\\/www.eldiariodetucuman.com\\\/web\\\/#\\\/schema\\\/logo\\\/image\\\/\",\"url\":\"http:\\\/\\\/www.eldiariodetucuman.com\\\/web\\\/wp-content\\\/uploads\\\/2017\\\/12\\\/el-diario-de-tucuman.jpg\",\"contentUrl\":\"http:\\\/\\\/www.eldiariodetucuman.com\\\/web\\\/wp-content\\\/uploads\\\/2017\\\/12\\\/el-diario-de-tucuman.jpg\",\"width\":272,\"height\":92,\"caption\":\"El Diario de Tucuman\"},\"image\":{\"@id\":\"https:\\\/\\\/www.eldiariodetucuman.com\\\/web\\\/#\\\/schema\\\/logo\\\/image\\\/\"}},{\"@type\":\"Person\",\"@id\":\"https:\\\/\\\/www.eldiariodetucuman.com\\\/web\\\/#\\\/schema\\\/person\\\/9250197d75ab5483412e19678b121caa\",\"name\":\"admin\",\"image\":{\"@type\":\"ImageObject\",\"inLanguage\":\"es\",\"@id\":\"https:\\\/\\\/secure.gravatar.com\\\/avatar\\\/c44d117c2be811212c22cb481f6b8384b6873de103fbc49e7a03cc58d7dea4ac?s=96&d=mm&r=g\",\"url\":\"https:\\\/\\\/secure.gravatar.com\\\/avatar\\\/c44d117c2be811212c22cb481f6b8384b6873de103fbc49e7a03cc58d7dea4ac?s=96&d=mm&r=g\",\"contentUrl\":\"https:\\\/\\\/secure.gravatar.com\\\/avatar\\\/c44d117c2be811212c22cb481f6b8384b6873de103fbc49e7a03cc58d7dea4ac?s=96&d=mm&r=g\",\"caption\":\"admin\"},\"url\":\"https:\\\/\\\/www.eldiariodetucuman.com\\\/web\\\/author\\\/admin\\\/\"}]}<\/script>\n<!-- \/ Yoast SEO plugin. -->","yoast_head_json":{"title":"Con Messi y varias sorpresas, ya est\u00e1 la prelista de la Selecci\u00f3n Argentina - El Diario de Tucuman","robots":{"index":"index","follow":"follow","max-snippet":"max-snippet:-1","max-image-preview":"max-image-preview:large","max-video-preview":"max-video-preview:-1"},"canonical":"https:\/\/www.eldiariodetucuman.com\/web\/con-messi-y-varias-sorpresas-ya-esta-la-prelista-de-la-seleccion-argentina\/","og_locale":"es_ES","og_type":"article","og_title":"Con Messi y varias sorpresas, ya est\u00e1 la prelista de la Selecci\u00f3n Argentina - El Diario de Tucuman","og_description":"El Flaco, exgoleador de Lan\u00fas y uno de los mejores jugadores del Verdao en la temporada, fue convocado por primera vez para la Albiceleste a su 24 a\u00f1os. En lo que va de la temporada, lleva 15 goles en 42 partidos. En esta n\u00f3mina, ocupar\u00e1 el lugar de Valent\u00edn Castellanos (de la Lazio). A su [&hellip;]","og_url":"https:\/\/www.eldiariodetucuman.com\/web\/con-messi-y-varias-sorpresas-ya-esta-la-prelista-de-la-seleccion-argentina\/","og_site_name":"El Diario de Tucuman","article_published_time":"2025-08-18T19:13:50+00:00","author":"admin","twitter_card":"summary_large_image","twitter_misc":{"Escrito por":"admin","Tiempo de lectura":"2 minutos"},"schema":{"@context":"https:\/\/schema.org","@graph":[{"@type":"Article","@id":"https:\/\/www.eldiariodetucuman.com\/web\/con-messi-y-varias-sorpresas-ya-esta-la-prelista-de-la-seleccion-argentina\/#article","isPartOf":{"@id":"https:\/\/www.eldiariodetucuman.com\/web\/con-messi-y-varias-sorpresas-ya-esta-la-prelista-de-la-seleccion-argentina\/"},"author":{"name":"admin","@id":"https:\/\/www.eldiariodetucuman.com\/web\/#\/schema\/person\/9250197d75ab5483412e19678b121caa"},"headline":"Con Messi y varias sorpresas, ya est\u00e1 la prelista de la Selecci\u00f3n Argentina","datePublished":"2025-08-18T19:13:50+00:00","mainEntityOfPage":{"@id":"https:\/\/www.eldiariodetucuman.com\/web\/con-messi-y-varias-sorpresas-ya-esta-la-prelista-de-la-seleccion-argentina\/"},"wordCount":362,"publisher":{"@id":"https:\/\/www.eldiariodetucuman.com\/web\/#organization"},"image":{"@id":"https:\/\/www.eldiariodetucuman.com\/web\/con-messi-y-varias-sorpresas-ya-esta-la-prelista-de-la-seleccion-argentina\/#primaryimage"},"thumbnailUrl":"https:\/\/www.eldiariodetucuman.com\/web\/wp-content\/uploads\/2025\/08\/Con-Messi-y-varias-sorpresas-ya-esta-la-prelista-de.png","articleSection":["Deporte"],"inLanguage":"es"},{"@type":"WebPage","@id":"https:\/\/www.eldiariodetucuman.com\/web\/con-messi-y-varias-sorpresas-ya-esta-la-prelista-de-la-seleccion-argentina\/","url":"https:\/\/www.eldiariodetucuman.com\/web\/con-messi-y-varias-sorpresas-ya-esta-la-prelista-de-la-seleccion-argentina\/","name":"Con Messi y varias sorpresas, ya est\u00e1 la prelista de la Selecci\u00f3n Argentina - El Diario de Tucuman","isPartOf":{"@id":"https:\/\/www.eldiariodetucuman.com\/web\/#website"},"primaryImageOfPage":{"@id":"https:\/\/www.eldiariodetucuman.com\/web\/con-messi-y-varias-sorpresas-ya-esta-la-prelista-de-la-seleccion-argentina\/#primaryimage"},"image":{"@id":"https:\/\/www.eldiariodetucuman.com\/web\/con-messi-y-varias-sorpresas-ya-esta-la-prelista-de-la-seleccion-argentina\/#primaryimage"},"thumbnailUrl":"https:\/\/www.eldiariodetucuman.com\/web\/wp-content\/uploads\/2025\/08\/Con-Messi-y-varias-sorpresas-ya-esta-la-prelista-de.png","datePublished":"2025-08-18T19:13:50+00:00","breadcrumb":{"@id":"https:\/\/www.eldiariodetucuman.com\/web\/con-messi-y-varias-sorpresas-ya-esta-la-prelista-de-la-seleccion-argentina\/#breadcrumb"},"inLanguage":"es","potentialAction":[{"@type":"ReadAction","target":["https:\/\/www.eldiariodetucuman.com\/web\/con-messi-y-varias-sorpresas-ya-esta-la-prelista-de-la-seleccion-argentina\/"]}]},{"@type":"ImageObject","inLanguage":"es","@id":"https:\/\/www.eldiariodetucuman.com\/web\/con-messi-y-varias-sorpresas-ya-esta-la-prelista-de-la-seleccion-argentina\/#primaryimage","url":"https:\/\/www.eldiariodetucuman.com\/web\/wp-content\/uploads\/2025\/08\/Con-Messi-y-varias-sorpresas-ya-esta-la-prelista-de.png","contentUrl":"https:\/\/www.eldiariodetucuman.com\/web\/wp-content\/uploads\/2025\/08\/Con-Messi-y-varias-sorpresas-ya-esta-la-prelista-de.png","width":1200,"height":675},{"@type":"BreadcrumbList","@id":"https:\/\/www.eldiariodetucuman.com\/web\/con-messi-y-varias-sorpresas-ya-esta-la-prelista-de-la-seleccion-argentina\/#breadcrumb","itemListElement":[{"@type":"ListItem","position":1,"name":"Portada","item":"https:\/\/www.eldiariodetucuman.com\/web\/"},{"@type":"ListItem","position":2,"name":"Con Messi y varias sorpresas, ya est\u00e1 la prelista de la Selecci\u00f3n Argentina"}]},{"@type":"WebSite","@id":"https:\/\/www.eldiariodetucuman.com\/web\/#website","url":"https:\/\/www.eldiariodetucuman.com\/web\/","name":"El Diario de Tucuman","description":"Diario Tucuman - Informaci\u00f3n y noticias","publisher":{"@id":"https:\/\/www.eldiariodetucuman.com\/web\/#organization"},"potentialAction":[{"@type":"SearchAction","target":{"@type":"EntryPoint","urlTemplate":"https:\/\/www.eldiariodetucuman.com\/web\/?s={search_term_string}"},"query-input":{"@type":"PropertyValueSpecification","valueRequired":true,"valueName":"search_term_string"}}],"inLanguage":"es"},{"@type":"Organization","@id":"https:\/\/www.eldiariodetucuman.com\/web\/#organization","name":"El Diario de Tucuman","url":"https:\/\/www.eldiariodetucuman.com\/web\/","logo":{"@type":"ImageObject","inLanguage":"es","@id":"https:\/\/www.eldiariodetucuman.com\/web\/#\/schema\/logo\/image\/","url":"http:\/\/www.eldiariodetucuman.com\/web\/wp-content\/uploads\/2017\/12\/el-diario-de-tucuman.jpg","contentUrl":"http:\/\/www.eldiariodetucuman.com\/web\/wp-content\/uploads\/2017\/12\/el-diario-de-tucuman.jpg","width":272,"height":92,"caption":"El Diario de Tucuman"},"image":{"@id":"https:\/\/www.eldiariodetucuman.com\/web\/#\/schema\/logo\/image\/"}},{"@type":"Person","@id":"https:\/\/www.eldiariodetucuman.com\/web\/#\/schema\/person\/9250197d75ab5483412e19678b121caa","name":"admin","image":{"@type":"ImageObject","inLanguage":"es","@id":"https:\/\/secure.gravatar.com\/avatar\/c44d117c2be811212c22cb481f6b8384b6873de103fbc49e7a03cc58d7dea4ac?s=96&d=mm&r=g","url":"https:\/\/secure.gravatar.com\/avatar\/c44d117c2be811212c22cb481f6b8384b6873de103fbc49e7a03cc58d7dea4ac?s=96&d=mm&r=g","contentUrl":"https:\/\/secure.gravatar.com\/avatar\/c44d117c2be811212c22cb481f6b8384b6873de103fbc49e7a03cc58d7dea4ac?s=96&d=mm&r=g","caption":"admin"},"url":"https:\/\/www.eldiariodetucuman.com\/web\/author\/admin\/"}]}},"_links":{"self":[{"href":"https:\/\/www.eldiariodetucuman.com\/web\/wp-json\/wp\/v2\/posts\/45393","targetHints":{"allow":["GET"]}}],"collection":[{"href":"https:\/\/www.eldiariodetucuman.com\/web\/wp-json\/wp\/v2\/posts"}],"about":[{"href":"https:\/\/www.eldiariodetucuman.com\/web\/wp-json\/wp\/v2\/types\/post"}],"author":[{"embeddable":true,"href":"https:\/\/www.eldiariodetucuman.com\/web\/wp-json\/wp\/v2\/users\/1"}],"replies":[{"embeddable":true,"href":"https:\/\/www.eldiariodetucuman.com\/web\/wp-json\/wp\/v2\/comments?post=45393"}],"version-history":[{"count":0,"href":"https:\/\/www.eldiariodetucuman.com\/web\/wp-json\/wp\/v2\/posts\/45393\/revisions"}],"wp:featuredmedia":[{"embeddable":true,"href":"https:\/\/www.eldiariodetucuman.com\/web\/wp-json\/wp\/v2\/media\/45394"}],"wp:attachment":[{"href":"https:\/\/www.eldiariodetucuman.com\/web\/wp-json\/wp\/v2\/media?parent=45393"}],"wp:term":[{"taxonomy":"category","embeddable":true,"href":"https:\/\/www.eldiariodetucuman.com\/web\/wp-json\/wp\/v2\/categories?post=45393"},{"taxonomy":"post_tag","embeddable":true,"href":"https:\/\/www.eldiariodetucuman.com\/web\/wp-json\/wp\/v2\/tags?post=45393"}],"curies":[{"name":"wp","href":"https:\/\/api.w.org\/{rel}","templated":true}]}}