{"id":45391,"date":"2025-08-18T15:40:47","date_gmt":"2025-08-18T18:40:47","guid":{"rendered":"https:\/\/www.eldiariodetucuman.com\/web\/el-ministerio-fiscal-imputo-al-acusado-de-robar-y-amenazar-a-una-mujer\/"},"modified":"2025-08-18T15:40:47","modified_gmt":"2025-08-18T18:40:47","slug":"el-ministerio-fiscal-imputo-al-acusado-de-robar-y-amenazar-a-una-mujer","status":"publish","type":"post","link":"https:\/\/www.eldiariodetucuman.com\/web\/el-ministerio-fiscal-imputo-al-acusado-de-robar-y-amenazar-a-una-mujer\/","title":{"rendered":"El Ministerio Fiscal imput\u00f3 al acusado de robar y amenazar a una mujer"},"content":{"rendered":"<p>  <\/p>\n<p> El caso es investigado por la Unidad Fiscal de Robos y Hurtos II, a cargo de Susana Cordisco, quien fue representada por la auxiliar de fiscal Rosario Costa.<\/p>\n<p><strong>La Fiscal\u00eda formul\u00f3 cargos en contra del acusado por el delito calificado como robo agravado por el uso de arma impropia, en grado de tentativa.<\/strong><\/p>\n<p>\u201cSe trata de un hecho sumamente grave cometido en contra de un matrimonio. Invadi\u00f3 la propiedad y al verse descubierto extrajo un destornillador y redujo a la mujer a quien amenaz\u00f3 de muerte\u201d, se\u00f1al\u00f3 la auxiliar de fiscal al requerir <strong>la prisi\u00f3n preventiva del acusado por el plazo de un mes para llevar adelante la investigaci\u00f3n correspondiente<\/strong>. El juez interviniente resolvi\u00f3 hacer lugar a las solicitudes de la acusaci\u00f3n p\u00fablica.<\/p>\n<p>image   <\/p>\n<p> Un sujeto de 53 a\u00f1os qued\u00f3 detenido con prisi\u00f3n preventiva a pedido del Ministerio Fiscal.<\/p>\n<h2>El hecho<\/h2>\n<p>El 16 de agosto a las 8:30, un matrimonio regresaba a su domicilio ubicado en calle Bolivia al 100 de San Miguel de Tucum\u00e1n, cuando advirtieron que dentro de la vivienda se encontraba el imputado, quien previo violentar el port\u00f3n del garaje, ingres\u00f3, apoder\u00e1ndose de U$S 120 y un perfume. Al verse sorprendido, este sujeto tom\u00f3 de la remera a la mujer y la amenaz\u00f3 con un destornillador, mientras le dec\u00eda que no dijera nada o iba a matarlos. A continuaci\u00f3n, intent\u00f3 darse a la fuga con los bienes sustra\u00eddos, siendo reducidos por vecinos a pocos metros, quienes fueron alertados por los gritos de auxilio de la v\u00edctima.<\/p>\n<p>Fuente: <a href=\"https:\/\/www.lv12.com.ar\/ministerio-fiscal\/el-ministerio-fiscal-imputo-al-acusado-robar-y-amenazar-una-mujer-n183968\"> Fuente de la nota <\/a><\/p>\n","protected":false},"excerpt":{"rendered":"<p>El caso es investigado por la Unidad Fiscal de Robos y Hurtos II, a cargo de Susana Cordisco, quien fue representada por la auxiliar de fiscal Rosario Costa. La Fiscal\u00eda formul\u00f3 cargos en contra del acusado por el delito calificado como robo agravado por el uso de arma impropia, en grado de tentativa. \u201cSe trata [&hellip;]<\/p>\n","protected":false},"author":1,"featured_media":45392,"comment_status":"closed","ping_status":"open","sticky":false,"template":"","format":"standard","meta":{"footnotes":""},"categories":[927],"tags":[],"class_list":{"0":"post-45391","1":"post","2":"type-post","3":"status-publish","4":"format-standard","5":"has-post-thumbnail","7":"category-policiales"},"yoast_head":"<!-- This site is optimized with the Yoast SEO plugin v27.4 - https:\/\/yoast.com\/product\/yoast-seo-wordpress\/ -->\n<title>El Ministerio Fiscal imput\u00f3 al acusado de robar y amenazar a una mujer - El Diario de Tucuman<\/title>\n<meta name=\"robots\" content=\"index, follow, max-snippet:-1, max-image-preview:large, max-video-preview:-1\" \/>\n<link rel=\"canonical\" href=\"https:\/\/www.eldiariodetucuman.com\/web\/el-ministerio-fiscal-imputo-al-acusado-de-robar-y-amenazar-a-una-mujer\/\" \/>\n<meta property=\"og:locale\" content=\"es_ES\" \/>\n<meta property=\"og:type\" content=\"article\" \/>\n<meta property=\"og:title\" content=\"El Ministerio Fiscal imput\u00f3 al acusado de robar y amenazar a una mujer - El Diario de Tucuman\" \/>\n<meta property=\"og:description\" content=\"El caso es investigado por la Unidad Fiscal de Robos y Hurtos II, a cargo de Susana Cordisco, quien fue representada por la auxiliar de fiscal Rosario Costa. La Fiscal\u00eda formul\u00f3 cargos en contra del acusado por el delito calificado como robo agravado por el uso de arma impropia, en grado de tentativa. \u201cSe trata [&hellip;]\" \/>\n<meta property=\"og:url\" content=\"https:\/\/www.eldiariodetucuman.com\/web\/el-ministerio-fiscal-imputo-al-acusado-de-robar-y-amenazar-a-una-mujer\/\" \/>\n<meta property=\"og:site_name\" content=\"El Diario de Tucuman\" \/>\n<meta property=\"article:published_time\" content=\"2025-08-18T18:40:47+00:00\" \/>\n<meta name=\"author\" content=\"admin\" \/>\n<meta name=\"twitter:card\" content=\"summary_large_image\" \/>\n<meta name=\"twitter:label1\" content=\"Escrito por\" \/>\n\t<meta name=\"twitter:data1\" content=\"admin\" \/>\n\t<meta name=\"twitter:label2\" content=\"Tiempo de lectura\" \/>\n\t<meta name=\"twitter:data2\" content=\"1 minuto\" \/>\n<script type=\"application\/ld+json\" class=\"yoast-schema-graph\">{\"@context\":\"https:\\\/\\\/schema.org\",\"@graph\":[{\"@type\":\"Article\",\"@id\":\"https:\\\/\\\/www.eldiariodetucuman.com\\\/web\\\/el-ministerio-fiscal-imputo-al-acusado-de-robar-y-amenazar-a-una-mujer\\\/#article\",\"isPartOf\":{\"@id\":\"https:\\\/\\\/www.eldiariodetucuman.com\\\/web\\\/el-ministerio-fiscal-imputo-al-acusado-de-robar-y-amenazar-a-una-mujer\\\/\"},\"author\":{\"name\":\"admin\",\"@id\":\"https:\\\/\\\/www.eldiariodetucuman.com\\\/web\\\/#\\\/schema\\\/person\\\/9250197d75ab5483412e19678b121caa\"},\"headline\":\"El Ministerio Fiscal imput\u00f3 al acusado de robar y amenazar a una mujer\",\"datePublished\":\"2025-08-18T18:40:47+00:00\",\"mainEntityOfPage\":{\"@id\":\"https:\\\/\\\/www.eldiariodetucuman.com\\\/web\\\/el-ministerio-fiscal-imputo-al-acusado-de-robar-y-amenazar-a-una-mujer\\\/\"},\"wordCount\":278,\"publisher\":{\"@id\":\"https:\\\/\\\/www.eldiariodetucuman.com\\\/web\\\/#organization\"},\"image\":{\"@id\":\"https:\\\/\\\/www.eldiariodetucuman.com\\\/web\\\/el-ministerio-fiscal-imputo-al-acusado-de-robar-y-amenazar-a-una-mujer\\\/#primaryimage\"},\"thumbnailUrl\":\"https:\\\/\\\/www.eldiariodetucuman.com\\\/web\\\/wp-content\\\/uploads\\\/2025\\\/08\\\/El-Ministerio-Fiscal-imputo-al-acusado-de-robar-y-amenazar.jpg\",\"articleSection\":[\"Policiales\"],\"inLanguage\":\"es\"},{\"@type\":\"WebPage\",\"@id\":\"https:\\\/\\\/www.eldiariodetucuman.com\\\/web\\\/el-ministerio-fiscal-imputo-al-acusado-de-robar-y-amenazar-a-una-mujer\\\/\",\"url\":\"https:\\\/\\\/www.eldiariodetucuman.com\\\/web\\\/el-ministerio-fiscal-imputo-al-acusado-de-robar-y-amenazar-a-una-mujer\\\/\",\"name\":\"El Ministerio Fiscal imput\u00f3 al acusado de robar y amenazar a una mujer - El Diario de Tucuman\",\"isPartOf\":{\"@id\":\"https:\\\/\\\/www.eldiariodetucuman.com\\\/web\\\/#website\"},\"primaryImageOfPage\":{\"@id\":\"https:\\\/\\\/www.eldiariodetucuman.com\\\/web\\\/el-ministerio-fiscal-imputo-al-acusado-de-robar-y-amenazar-a-una-mujer\\\/#primaryimage\"},\"image\":{\"@id\":\"https:\\\/\\\/www.eldiariodetucuman.com\\\/web\\\/el-ministerio-fiscal-imputo-al-acusado-de-robar-y-amenazar-a-una-mujer\\\/#primaryimage\"},\"thumbnailUrl\":\"https:\\\/\\\/www.eldiariodetucuman.com\\\/web\\\/wp-content\\\/uploads\\\/2025\\\/08\\\/El-Ministerio-Fiscal-imputo-al-acusado-de-robar-y-amenazar.jpg\",\"datePublished\":\"2025-08-18T18:40:47+00:00\",\"breadcrumb\":{\"@id\":\"https:\\\/\\\/www.eldiariodetucuman.com\\\/web\\\/el-ministerio-fiscal-imputo-al-acusado-de-robar-y-amenazar-a-una-mujer\\\/#breadcrumb\"},\"inLanguage\":\"es\",\"potentialAction\":[{\"@type\":\"ReadAction\",\"target\":[\"https:\\\/\\\/www.eldiariodetucuman.com\\\/web\\\/el-ministerio-fiscal-imputo-al-acusado-de-robar-y-amenazar-a-una-mujer\\\/\"]}]},{\"@type\":\"ImageObject\",\"inLanguage\":\"es\",\"@id\":\"https:\\\/\\\/www.eldiariodetucuman.com\\\/web\\\/el-ministerio-fiscal-imputo-al-acusado-de-robar-y-amenazar-a-una-mujer\\\/#primaryimage\",\"url\":\"https:\\\/\\\/www.eldiariodetucuman.com\\\/web\\\/wp-content\\\/uploads\\\/2025\\\/08\\\/El-Ministerio-Fiscal-imputo-al-acusado-de-robar-y-amenazar.jpg\",\"contentUrl\":\"https:\\\/\\\/www.eldiariodetucuman.com\\\/web\\\/wp-content\\\/uploads\\\/2025\\\/08\\\/El-Ministerio-Fiscal-imputo-al-acusado-de-robar-y-amenazar.jpg\",\"width\":1200,\"height\":675},{\"@type\":\"BreadcrumbList\",\"@id\":\"https:\\\/\\\/www.eldiariodetucuman.com\\\/web\\\/el-ministerio-fiscal-imputo-al-acusado-de-robar-y-amenazar-a-una-mujer\\\/#breadcrumb\",\"itemListElement\":[{\"@type\":\"ListItem\",\"position\":1,\"name\":\"Portada\",\"item\":\"https:\\\/\\\/www.eldiariodetucuman.com\\\/web\\\/\"},{\"@type\":\"ListItem\",\"position\":2,\"name\":\"El Ministerio Fiscal imput\u00f3 al acusado de robar y amenazar a una mujer\"}]},{\"@type\":\"WebSite\",\"@id\":\"https:\\\/\\\/www.eldiariodetucuman.com\\\/web\\\/#website\",\"url\":\"https:\\\/\\\/www.eldiariodetucuman.com\\\/web\\\/\",\"name\":\"El Diario de Tucuman\",\"description\":\"Diario Tucuman - Informaci\u00f3n y noticias\",\"publisher\":{\"@id\":\"https:\\\/\\\/www.eldiariodetucuman.com\\\/web\\\/#organization\"},\"potentialAction\":[{\"@type\":\"SearchAction\",\"target\":{\"@type\":\"EntryPoint\",\"urlTemplate\":\"https:\\\/\\\/www.eldiariodetucuman.com\\\/web\\\/?s={search_term_string}\"},\"query-input\":{\"@type\":\"PropertyValueSpecification\",\"valueRequired\":true,\"valueName\":\"search_term_string\"}}],\"inLanguage\":\"es\"},{\"@type\":\"Organization\",\"@id\":\"https:\\\/\\\/www.eldiariodetucuman.com\\\/web\\\/#organization\",\"name\":\"El Diario de Tucuman\",\"url\":\"https:\\\/\\\/www.eldiariodetucuman.com\\\/web\\\/\",\"logo\":{\"@type\":\"ImageObject\",\"inLanguage\":\"es\",\"@id\":\"https:\\\/\\\/www.eldiariodetucuman.com\\\/web\\\/#\\\/schema\\\/logo\\\/image\\\/\",\"url\":\"http:\\\/\\\/www.eldiariodetucuman.com\\\/web\\\/wp-content\\\/uploads\\\/2017\\\/12\\\/el-diario-de-tucuman.jpg\",\"contentUrl\":\"http:\\\/\\\/www.eldiariodetucuman.com\\\/web\\\/wp-content\\\/uploads\\\/2017\\\/12\\\/el-diario-de-tucuman.jpg\",\"width\":272,\"height\":92,\"caption\":\"El Diario de Tucuman\"},\"image\":{\"@id\":\"https:\\\/\\\/www.eldiariodetucuman.com\\\/web\\\/#\\\/schema\\\/logo\\\/image\\\/\"}},{\"@type\":\"Person\",\"@id\":\"https:\\\/\\\/www.eldiariodetucuman.com\\\/web\\\/#\\\/schema\\\/person\\\/9250197d75ab5483412e19678b121caa\",\"name\":\"admin\",\"image\":{\"@type\":\"ImageObject\",\"inLanguage\":\"es\",\"@id\":\"https:\\\/\\\/secure.gravatar.com\\\/avatar\\\/c44d117c2be811212c22cb481f6b8384b6873de103fbc49e7a03cc58d7dea4ac?s=96&d=mm&r=g\",\"url\":\"https:\\\/\\\/secure.gravatar.com\\\/avatar\\\/c44d117c2be811212c22cb481f6b8384b6873de103fbc49e7a03cc58d7dea4ac?s=96&d=mm&r=g\",\"contentUrl\":\"https:\\\/\\\/secure.gravatar.com\\\/avatar\\\/c44d117c2be811212c22cb481f6b8384b6873de103fbc49e7a03cc58d7dea4ac?s=96&d=mm&r=g\",\"caption\":\"admin\"},\"url\":\"https:\\\/\\\/www.eldiariodetucuman.com\\\/web\\\/author\\\/admin\\\/\"}]}<\/script>\n<!-- \/ Yoast SEO plugin. -->","yoast_head_json":{"title":"El Ministerio Fiscal imput\u00f3 al acusado de robar y amenazar a una mujer - El Diario de Tucuman","robots":{"index":"index","follow":"follow","max-snippet":"max-snippet:-1","max-image-preview":"max-image-preview:large","max-video-preview":"max-video-preview:-1"},"canonical":"https:\/\/www.eldiariodetucuman.com\/web\/el-ministerio-fiscal-imputo-al-acusado-de-robar-y-amenazar-a-una-mujer\/","og_locale":"es_ES","og_type":"article","og_title":"El Ministerio Fiscal imput\u00f3 al acusado de robar y amenazar a una mujer - El Diario de Tucuman","og_description":"El caso es investigado por la Unidad Fiscal de Robos y Hurtos II, a cargo de Susana Cordisco, quien fue representada por la auxiliar de fiscal Rosario Costa. La Fiscal\u00eda formul\u00f3 cargos en contra del acusado por el delito calificado como robo agravado por el uso de arma impropia, en grado de tentativa. \u201cSe trata [&hellip;]","og_url":"https:\/\/www.eldiariodetucuman.com\/web\/el-ministerio-fiscal-imputo-al-acusado-de-robar-y-amenazar-a-una-mujer\/","og_site_name":"El Diario de Tucuman","article_published_time":"2025-08-18T18:40:47+00:00","author":"admin","twitter_card":"summary_large_image","twitter_misc":{"Escrito por":"admin","Tiempo de lectura":"1 minuto"},"schema":{"@context":"https:\/\/schema.org","@graph":[{"@type":"Article","@id":"https:\/\/www.eldiariodetucuman.com\/web\/el-ministerio-fiscal-imputo-al-acusado-de-robar-y-amenazar-a-una-mujer\/#article","isPartOf":{"@id":"https:\/\/www.eldiariodetucuman.com\/web\/el-ministerio-fiscal-imputo-al-acusado-de-robar-y-amenazar-a-una-mujer\/"},"author":{"name":"admin","@id":"https:\/\/www.eldiariodetucuman.com\/web\/#\/schema\/person\/9250197d75ab5483412e19678b121caa"},"headline":"El Ministerio Fiscal imput\u00f3 al acusado de robar y amenazar a una mujer","datePublished":"2025-08-18T18:40:47+00:00","mainEntityOfPage":{"@id":"https:\/\/www.eldiariodetucuman.com\/web\/el-ministerio-fiscal-imputo-al-acusado-de-robar-y-amenazar-a-una-mujer\/"},"wordCount":278,"publisher":{"@id":"https:\/\/www.eldiariodetucuman.com\/web\/#organization"},"image":{"@id":"https:\/\/www.eldiariodetucuman.com\/web\/el-ministerio-fiscal-imputo-al-acusado-de-robar-y-amenazar-a-una-mujer\/#primaryimage"},"thumbnailUrl":"https:\/\/www.eldiariodetucuman.com\/web\/wp-content\/uploads\/2025\/08\/El-Ministerio-Fiscal-imputo-al-acusado-de-robar-y-amenazar.jpg","articleSection":["Policiales"],"inLanguage":"es"},{"@type":"WebPage","@id":"https:\/\/www.eldiariodetucuman.com\/web\/el-ministerio-fiscal-imputo-al-acusado-de-robar-y-amenazar-a-una-mujer\/","url":"https:\/\/www.eldiariodetucuman.com\/web\/el-ministerio-fiscal-imputo-al-acusado-de-robar-y-amenazar-a-una-mujer\/","name":"El Ministerio Fiscal imput\u00f3 al acusado de robar y amenazar a una mujer - El Diario de Tucuman","isPartOf":{"@id":"https:\/\/www.eldiariodetucuman.com\/web\/#website"},"primaryImageOfPage":{"@id":"https:\/\/www.eldiariodetucuman.com\/web\/el-ministerio-fiscal-imputo-al-acusado-de-robar-y-amenazar-a-una-mujer\/#primaryimage"},"image":{"@id":"https:\/\/www.eldiariodetucuman.com\/web\/el-ministerio-fiscal-imputo-al-acusado-de-robar-y-amenazar-a-una-mujer\/#primaryimage"},"thumbnailUrl":"https:\/\/www.eldiariodetucuman.com\/web\/wp-content\/uploads\/2025\/08\/El-Ministerio-Fiscal-imputo-al-acusado-de-robar-y-amenazar.jpg","datePublished":"2025-08-18T18:40:47+00:00","breadcrumb":{"@id":"https:\/\/www.eldiariodetucuman.com\/web\/el-ministerio-fiscal-imputo-al-acusado-de-robar-y-amenazar-a-una-mujer\/#breadcrumb"},"inLanguage":"es","potentialAction":[{"@type":"ReadAction","target":["https:\/\/www.eldiariodetucuman.com\/web\/el-ministerio-fiscal-imputo-al-acusado-de-robar-y-amenazar-a-una-mujer\/"]}]},{"@type":"ImageObject","inLanguage":"es","@id":"https:\/\/www.eldiariodetucuman.com\/web\/el-ministerio-fiscal-imputo-al-acusado-de-robar-y-amenazar-a-una-mujer\/#primaryimage","url":"https:\/\/www.eldiariodetucuman.com\/web\/wp-content\/uploads\/2025\/08\/El-Ministerio-Fiscal-imputo-al-acusado-de-robar-y-amenazar.jpg","contentUrl":"https:\/\/www.eldiariodetucuman.com\/web\/wp-content\/uploads\/2025\/08\/El-Ministerio-Fiscal-imputo-al-acusado-de-robar-y-amenazar.jpg","width":1200,"height":675},{"@type":"BreadcrumbList","@id":"https:\/\/www.eldiariodetucuman.com\/web\/el-ministerio-fiscal-imputo-al-acusado-de-robar-y-amenazar-a-una-mujer\/#breadcrumb","itemListElement":[{"@type":"ListItem","position":1,"name":"Portada","item":"https:\/\/www.eldiariodetucuman.com\/web\/"},{"@type":"ListItem","position":2,"name":"El Ministerio Fiscal imput\u00f3 al acusado de robar y amenazar a una mujer"}]},{"@type":"WebSite","@id":"https:\/\/www.eldiariodetucuman.com\/web\/#website","url":"https:\/\/www.eldiariodetucuman.com\/web\/","name":"El Diario de Tucuman","description":"Diario Tucuman - Informaci\u00f3n y noticias","publisher":{"@id":"https:\/\/www.eldiariodetucuman.com\/web\/#organization"},"potentialAction":[{"@type":"SearchAction","target":{"@type":"EntryPoint","urlTemplate":"https:\/\/www.eldiariodetucuman.com\/web\/?s={search_term_string}"},"query-input":{"@type":"PropertyValueSpecification","valueRequired":true,"valueName":"search_term_string"}}],"inLanguage":"es"},{"@type":"Organization","@id":"https:\/\/www.eldiariodetucuman.com\/web\/#organization","name":"El Diario de Tucuman","url":"https:\/\/www.eldiariodetucuman.com\/web\/","logo":{"@type":"ImageObject","inLanguage":"es","@id":"https:\/\/www.eldiariodetucuman.com\/web\/#\/schema\/logo\/image\/","url":"http:\/\/www.eldiariodetucuman.com\/web\/wp-content\/uploads\/2017\/12\/el-diario-de-tucuman.jpg","contentUrl":"http:\/\/www.eldiariodetucuman.com\/web\/wp-content\/uploads\/2017\/12\/el-diario-de-tucuman.jpg","width":272,"height":92,"caption":"El Diario de Tucuman"},"image":{"@id":"https:\/\/www.eldiariodetucuman.com\/web\/#\/schema\/logo\/image\/"}},{"@type":"Person","@id":"https:\/\/www.eldiariodetucuman.com\/web\/#\/schema\/person\/9250197d75ab5483412e19678b121caa","name":"admin","image":{"@type":"ImageObject","inLanguage":"es","@id":"https:\/\/secure.gravatar.com\/avatar\/c44d117c2be811212c22cb481f6b8384b6873de103fbc49e7a03cc58d7dea4ac?s=96&d=mm&r=g","url":"https:\/\/secure.gravatar.com\/avatar\/c44d117c2be811212c22cb481f6b8384b6873de103fbc49e7a03cc58d7dea4ac?s=96&d=mm&r=g","contentUrl":"https:\/\/secure.gravatar.com\/avatar\/c44d117c2be811212c22cb481f6b8384b6873de103fbc49e7a03cc58d7dea4ac?s=96&d=mm&r=g","caption":"admin"},"url":"https:\/\/www.eldiariodetucuman.com\/web\/author\/admin\/"}]}},"_links":{"self":[{"href":"https:\/\/www.eldiariodetucuman.com\/web\/wp-json\/wp\/v2\/posts\/45391","targetHints":{"allow":["GET"]}}],"collection":[{"href":"https:\/\/www.eldiariodetucuman.com\/web\/wp-json\/wp\/v2\/posts"}],"about":[{"href":"https:\/\/www.eldiariodetucuman.com\/web\/wp-json\/wp\/v2\/types\/post"}],"author":[{"embeddable":true,"href":"https:\/\/www.eldiariodetucuman.com\/web\/wp-json\/wp\/v2\/users\/1"}],"replies":[{"embeddable":true,"href":"https:\/\/www.eldiariodetucuman.com\/web\/wp-json\/wp\/v2\/comments?post=45391"}],"version-history":[{"count":0,"href":"https:\/\/www.eldiariodetucuman.com\/web\/wp-json\/wp\/v2\/posts\/45391\/revisions"}],"wp:featuredmedia":[{"embeddable":true,"href":"https:\/\/www.eldiariodetucuman.com\/web\/wp-json\/wp\/v2\/media\/45392"}],"wp:attachment":[{"href":"https:\/\/www.eldiariodetucuman.com\/web\/wp-json\/wp\/v2\/media?parent=45391"}],"wp:term":[{"taxonomy":"category","embeddable":true,"href":"https:\/\/www.eldiariodetucuman.com\/web\/wp-json\/wp\/v2\/categories?post=45391"},{"taxonomy":"post_tag","embeddable":true,"href":"https:\/\/www.eldiariodetucuman.com\/web\/wp-json\/wp\/v2\/tags?post=45391"}],"curies":[{"name":"wp","href":"https:\/\/api.w.org\/{rel}","templated":true}]}}