{"id":45388,"date":"2025-08-17T21:43:03","date_gmt":"2025-08-18T00:43:03","guid":{"rendered":"https:\/\/www.eldiariodetucuman.com\/web\/pareja-redoblo-la-apuesta-sobre-el-uso-de-la-consigna-nunca-mas\/"},"modified":"2025-08-17T21:43:05","modified_gmt":"2025-08-18T00:43:05","slug":"pareja-redoblo-la-apuesta-sobre-el-uso-de-la-consigna-nunca-mas","status":"publish","type":"post","link":"https:\/\/www.eldiariodetucuman.com\/web\/pareja-redoblo-la-apuesta-sobre-el-uso-de-la-consigna-nunca-mas\/","title":{"rendered":"Pareja redobl\u00f3 la apuesta sobre el uso de la consigna \u201cNunca M\u00e1s\u201d"},"content":{"rendered":"<p><\/p>\n<p class=\"com-paragraph  --capital --s\">El armador de La Libertad Avanza (LLA) en provincia de Buenos Aires, <strong>Sebasti\u00e1n Pareja<\/strong>, admiti\u00f3 que el uso de la consigna <strong>\u201cNunca M\u00e1s\u201d<\/strong>, que surgi\u00f3 del informe de la Conadep tras la dictadura militar, fue una provocaci\u00f3n. \u201c<strong>Vamos a provocarlos todos los d\u00edas. Los vamos a ir a buscar\u201d, sostuvo en di\u00e1logo con Luis Majul.<\/strong><\/p>\n<p class=\"com-paragraph   --s\">La mano derecha de Karina Milei en la organizaci\u00f3n de las candidatura dijo en La Cornisa (LN+) que el oficialismo planea empezar a decir \u201clas cosas de frente\u201d no solo en Provincia sino a nivel nacional. \u201cNo tenemos problema. <strong>Los vamos a provocar. Nos tienen que dar explicaciones, respuestas<\/strong>. \u00bfQu\u00e9 hicieron en estos 20 a\u00f1os?\u201c, dijo.<\/p>\n<p class=\"com-paragraph   --s\">Tambi\u00e9n se refiri\u00f3 a la candidatura de la actriz y \u201cexconejita\u201d de Playboy, Karen Reichardt, en territorio bonaerense. \u201cEs mejor para nosotros que no forme parte de la pol\u00edtica.<strong> Me parece que es una persona que sostiene las ideas del Presidente [Javier Milei] incluso antes de que Milei llegara a la Casa Rosada<\/strong>\u201d.<\/p>\n<\/p>\n<p class=\"com-paragraph   --s\">\u201c<strong>La he visto en alg\u00fan acto en 2023. Iba ella sola a acompa\u00f1ar nuestras ideas. Es destacable que una persona se mueva as\u00ed\u201d<\/strong>, destac\u00f3. Y reforz\u00f3: \u201cHemos tratar de tener en las listas un grado de uniformidad interesante. Hay gente de distintos lugares geogr\u00e1ficos y otros que jam\u00e1s han tenido experiencia pol\u00edtica\u201d.<\/p>\n<p class=\"com-paragraph   --s\">Como hizo con Reichardt, Pareja reivindic\u00f3 la imagen de Maximiliano Bondarenko, excomosario de la Polic\u00eda Bonaerense y quien lidera la lista de La Libertad Avanza en la tercera secci\u00f3n electoral.<\/p>\n<p class=\"com-paragraph   --s\">\u201cLo elegimos porque es una persona sana. <strong>Elegimos gente<\/strong> <strong>que cree en las ideas de la libertad de Javier Milei, sin importar el pasado que pudieron haber tenido, sabiendo que esa batalla hay que darla a todo o nada.<\/strong> No vinimos a hacer amigos. Bondarenko, con su paso en la polic\u00eda, conoce los nichos de todos ellos\u201d, resalt\u00f3.<\/p>\n<p class=\"com-paragraph   --s\">Noticia en desarrollo.<\/p>\n<p><a href=\"https:\/\/www.lanacion.com.ar\/politica\/sebastian-pareja-redoblo-la-apuesta-sobre-el-uso-de-la-consigna-nunca-mas-con-la-misma-tipografia-de-nid17082025\/\">Fuente de la nota <\/a><\/p>\n","protected":false},"excerpt":{"rendered":"<p>El armador de La Libertad Avanza (LLA) en provincia de Buenos Aires, Sebasti\u00e1n Pareja, admiti\u00f3 que el uso de la consigna \u201cNunca M\u00e1s\u201d, que surgi\u00f3 del informe de la Conadep tras la dictadura militar, fue una provocaci\u00f3n. \u201cVamos a provocarlos todos los d\u00edas. Los vamos a ir a buscar\u201d, sostuvo en di\u00e1logo con Luis Majul. [&hellip;]<\/p>\n","protected":false},"author":5,"featured_media":45389,"comment_status":"closed","ping_status":"open","sticky":false,"template":"","format":"standard","meta":{"footnotes":""},"categories":[3],"tags":[],"class_list":{"0":"post-45388","1":"post","2":"type-post","3":"status-publish","4":"format-standard","5":"has-post-thumbnail","7":"category-politica"},"yoast_head":"<!-- This site is optimized with the Yoast SEO plugin v27.4 - https:\/\/yoast.com\/product\/yoast-seo-wordpress\/ -->\n<title>Pareja redobl\u00f3 la apuesta sobre el uso de la consigna \u201cNunca M\u00e1s\u201d - El Diario de Tucuman<\/title>\n<meta name=\"robots\" content=\"index, follow, max-snippet:-1, max-image-preview:large, max-video-preview:-1\" \/>\n<link rel=\"canonical\" href=\"https:\/\/www.eldiariodetucuman.com\/web\/pareja-redoblo-la-apuesta-sobre-el-uso-de-la-consigna-nunca-mas\/\" \/>\n<meta property=\"og:locale\" content=\"es_ES\" \/>\n<meta property=\"og:type\" content=\"article\" \/>\n<meta property=\"og:title\" content=\"Pareja redobl\u00f3 la apuesta sobre el uso de la consigna \u201cNunca M\u00e1s\u201d - El Diario de Tucuman\" \/>\n<meta property=\"og:description\" content=\"El armador de La Libertad Avanza (LLA) en provincia de Buenos Aires, Sebasti\u00e1n Pareja, admiti\u00f3 que el uso de la consigna \u201cNunca M\u00e1s\u201d, que surgi\u00f3 del informe de la Conadep tras la dictadura militar, fue una provocaci\u00f3n. \u201cVamos a provocarlos todos los d\u00edas. Los vamos a ir a buscar\u201d, sostuvo en di\u00e1logo con Luis Majul. [&hellip;]\" \/>\n<meta property=\"og:url\" content=\"https:\/\/www.eldiariodetucuman.com\/web\/pareja-redoblo-la-apuesta-sobre-el-uso-de-la-consigna-nunca-mas\/\" \/>\n<meta property=\"og:site_name\" content=\"El Diario de Tucuman\" \/>\n<meta property=\"article:published_time\" content=\"2025-08-18T00:43:03+00:00\" \/>\n<meta property=\"article:modified_time\" content=\"2025-08-18T00:43:05+00:00\" \/>\n<meta property=\"og:image\" content=\"https:\/\/www.eldiariodetucuman.com\/web\/wp-content\/uploads\/2025\/08\/sebastian-pareja-titular-de-la-libertad-avanza-5S7CPOWWCRFLTDVWWMBWNN4VS4.jpg\" \/>\n\t<meta property=\"og:image:width\" content=\"1200\" \/>\n\t<meta property=\"og:image:height\" content=\"800\" \/>\n\t<meta property=\"og:image:type\" content=\"image\/jpeg\" \/>\n<meta name=\"author\" content=\"Redactor Uno\" \/>\n<meta name=\"twitter:card\" content=\"summary_large_image\" \/>\n<meta name=\"twitter:label1\" content=\"Escrito por\" \/>\n\t<meta name=\"twitter:data1\" content=\"Redactor Uno\" \/>\n\t<meta name=\"twitter:label2\" content=\"Tiempo de lectura\" \/>\n\t<meta name=\"twitter:data2\" content=\"2 minutos\" \/>\n<script type=\"application\/ld+json\" class=\"yoast-schema-graph\">{\"@context\":\"https:\\\/\\\/schema.org\",\"@graph\":[{\"@type\":\"Article\",\"@id\":\"https:\\\/\\\/www.eldiariodetucuman.com\\\/web\\\/pareja-redoblo-la-apuesta-sobre-el-uso-de-la-consigna-nunca-mas\\\/#article\",\"isPartOf\":{\"@id\":\"https:\\\/\\\/www.eldiariodetucuman.com\\\/web\\\/pareja-redoblo-la-apuesta-sobre-el-uso-de-la-consigna-nunca-mas\\\/\"},\"author\":{\"name\":\"Redactor Uno\",\"@id\":\"https:\\\/\\\/www.eldiariodetucuman.com\\\/web\\\/#\\\/schema\\\/person\\\/7e6644a46e60888f6b868594407e08dd\"},\"headline\":\"Pareja redobl\u00f3 la apuesta sobre el uso de la consigna \u201cNunca M\u00e1s\u201d\",\"datePublished\":\"2025-08-18T00:43:03+00:00\",\"dateModified\":\"2025-08-18T00:43:05+00:00\",\"mainEntityOfPage\":{\"@id\":\"https:\\\/\\\/www.eldiariodetucuman.com\\\/web\\\/pareja-redoblo-la-apuesta-sobre-el-uso-de-la-consigna-nunca-mas\\\/\"},\"wordCount\":339,\"publisher\":{\"@id\":\"https:\\\/\\\/www.eldiariodetucuman.com\\\/web\\\/#organization\"},\"image\":{\"@id\":\"https:\\\/\\\/www.eldiariodetucuman.com\\\/web\\\/pareja-redoblo-la-apuesta-sobre-el-uso-de-la-consigna-nunca-mas\\\/#primaryimage\"},\"thumbnailUrl\":\"https:\\\/\\\/www.eldiariodetucuman.com\\\/web\\\/wp-content\\\/uploads\\\/2025\\\/08\\\/sebastian-pareja-titular-de-la-libertad-avanza-5S7CPOWWCRFLTDVWWMBWNN4VS4.jpg\",\"articleSection\":[\"Politica\"],\"inLanguage\":\"es\"},{\"@type\":\"WebPage\",\"@id\":\"https:\\\/\\\/www.eldiariodetucuman.com\\\/web\\\/pareja-redoblo-la-apuesta-sobre-el-uso-de-la-consigna-nunca-mas\\\/\",\"url\":\"https:\\\/\\\/www.eldiariodetucuman.com\\\/web\\\/pareja-redoblo-la-apuesta-sobre-el-uso-de-la-consigna-nunca-mas\\\/\",\"name\":\"Pareja redobl\u00f3 la apuesta sobre el uso de la consigna \u201cNunca M\u00e1s\u201d - El Diario de Tucuman\",\"isPartOf\":{\"@id\":\"https:\\\/\\\/www.eldiariodetucuman.com\\\/web\\\/#website\"},\"primaryImageOfPage\":{\"@id\":\"https:\\\/\\\/www.eldiariodetucuman.com\\\/web\\\/pareja-redoblo-la-apuesta-sobre-el-uso-de-la-consigna-nunca-mas\\\/#primaryimage\"},\"image\":{\"@id\":\"https:\\\/\\\/www.eldiariodetucuman.com\\\/web\\\/pareja-redoblo-la-apuesta-sobre-el-uso-de-la-consigna-nunca-mas\\\/#primaryimage\"},\"thumbnailUrl\":\"https:\\\/\\\/www.eldiariodetucuman.com\\\/web\\\/wp-content\\\/uploads\\\/2025\\\/08\\\/sebastian-pareja-titular-de-la-libertad-avanza-5S7CPOWWCRFLTDVWWMBWNN4VS4.jpg\",\"datePublished\":\"2025-08-18T00:43:03+00:00\",\"dateModified\":\"2025-08-18T00:43:05+00:00\",\"breadcrumb\":{\"@id\":\"https:\\\/\\\/www.eldiariodetucuman.com\\\/web\\\/pareja-redoblo-la-apuesta-sobre-el-uso-de-la-consigna-nunca-mas\\\/#breadcrumb\"},\"inLanguage\":\"es\",\"potentialAction\":[{\"@type\":\"ReadAction\",\"target\":[\"https:\\\/\\\/www.eldiariodetucuman.com\\\/web\\\/pareja-redoblo-la-apuesta-sobre-el-uso-de-la-consigna-nunca-mas\\\/\"]}]},{\"@type\":\"ImageObject\",\"inLanguage\":\"es\",\"@id\":\"https:\\\/\\\/www.eldiariodetucuman.com\\\/web\\\/pareja-redoblo-la-apuesta-sobre-el-uso-de-la-consigna-nunca-mas\\\/#primaryimage\",\"url\":\"https:\\\/\\\/www.eldiariodetucuman.com\\\/web\\\/wp-content\\\/uploads\\\/2025\\\/08\\\/sebastian-pareja-titular-de-la-libertad-avanza-5S7CPOWWCRFLTDVWWMBWNN4VS4.jpg\",\"contentUrl\":\"https:\\\/\\\/www.eldiariodetucuman.com\\\/web\\\/wp-content\\\/uploads\\\/2025\\\/08\\\/sebastian-pareja-titular-de-la-libertad-avanza-5S7CPOWWCRFLTDVWWMBWNN4VS4.jpg\",\"width\":1200,\"height\":800},{\"@type\":\"BreadcrumbList\",\"@id\":\"https:\\\/\\\/www.eldiariodetucuman.com\\\/web\\\/pareja-redoblo-la-apuesta-sobre-el-uso-de-la-consigna-nunca-mas\\\/#breadcrumb\",\"itemListElement\":[{\"@type\":\"ListItem\",\"position\":1,\"name\":\"Portada\",\"item\":\"https:\\\/\\\/www.eldiariodetucuman.com\\\/web\\\/\"},{\"@type\":\"ListItem\",\"position\":2,\"name\":\"Pareja redobl\u00f3 la apuesta sobre el uso de la consigna \u201cNunca M\u00e1s\u201d\"}]},{\"@type\":\"WebSite\",\"@id\":\"https:\\\/\\\/www.eldiariodetucuman.com\\\/web\\\/#website\",\"url\":\"https:\\\/\\\/www.eldiariodetucuman.com\\\/web\\\/\",\"name\":\"El Diario de Tucuman\",\"description\":\"Diario Tucuman - Informaci\u00f3n y noticias\",\"publisher\":{\"@id\":\"https:\\\/\\\/www.eldiariodetucuman.com\\\/web\\\/#organization\"},\"potentialAction\":[{\"@type\":\"SearchAction\",\"target\":{\"@type\":\"EntryPoint\",\"urlTemplate\":\"https:\\\/\\\/www.eldiariodetucuman.com\\\/web\\\/?s={search_term_string}\"},\"query-input\":{\"@type\":\"PropertyValueSpecification\",\"valueRequired\":true,\"valueName\":\"search_term_string\"}}],\"inLanguage\":\"es\"},{\"@type\":\"Organization\",\"@id\":\"https:\\\/\\\/www.eldiariodetucuman.com\\\/web\\\/#organization\",\"name\":\"El Diario de Tucuman\",\"url\":\"https:\\\/\\\/www.eldiariodetucuman.com\\\/web\\\/\",\"logo\":{\"@type\":\"ImageObject\",\"inLanguage\":\"es\",\"@id\":\"https:\\\/\\\/www.eldiariodetucuman.com\\\/web\\\/#\\\/schema\\\/logo\\\/image\\\/\",\"url\":\"http:\\\/\\\/www.eldiariodetucuman.com\\\/web\\\/wp-content\\\/uploads\\\/2017\\\/12\\\/el-diario-de-tucuman.jpg\",\"contentUrl\":\"http:\\\/\\\/www.eldiariodetucuman.com\\\/web\\\/wp-content\\\/uploads\\\/2017\\\/12\\\/el-diario-de-tucuman.jpg\",\"width\":272,\"height\":92,\"caption\":\"El Diario de Tucuman\"},\"image\":{\"@id\":\"https:\\\/\\\/www.eldiariodetucuman.com\\\/web\\\/#\\\/schema\\\/logo\\\/image\\\/\"}},{\"@type\":\"Person\",\"@id\":\"https:\\\/\\\/www.eldiariodetucuman.com\\\/web\\\/#\\\/schema\\\/person\\\/7e6644a46e60888f6b868594407e08dd\",\"name\":\"Redactor Uno\",\"image\":{\"@type\":\"ImageObject\",\"inLanguage\":\"es\",\"@id\":\"https:\\\/\\\/secure.gravatar.com\\\/avatar\\\/0049b1bdf1bd548385c9ea6b9356431717930913089febd2ba904f0187d7d074?s=96&d=mm&r=g\",\"url\":\"https:\\\/\\\/secure.gravatar.com\\\/avatar\\\/0049b1bdf1bd548385c9ea6b9356431717930913089febd2ba904f0187d7d074?s=96&d=mm&r=g\",\"contentUrl\":\"https:\\\/\\\/secure.gravatar.com\\\/avatar\\\/0049b1bdf1bd548385c9ea6b9356431717930913089febd2ba904f0187d7d074?s=96&d=mm&r=g\",\"caption\":\"Redactor Uno\"},\"url\":\"https:\\\/\\\/www.eldiariodetucuman.com\\\/web\\\/author\\\/mramasco\\\/\"}]}<\/script>\n<!-- \/ Yoast SEO plugin. -->","yoast_head_json":{"title":"Pareja redobl\u00f3 la apuesta sobre el uso de la consigna \u201cNunca M\u00e1s\u201d - El Diario de Tucuman","robots":{"index":"index","follow":"follow","max-snippet":"max-snippet:-1","max-image-preview":"max-image-preview:large","max-video-preview":"max-video-preview:-1"},"canonical":"https:\/\/www.eldiariodetucuman.com\/web\/pareja-redoblo-la-apuesta-sobre-el-uso-de-la-consigna-nunca-mas\/","og_locale":"es_ES","og_type":"article","og_title":"Pareja redobl\u00f3 la apuesta sobre el uso de la consigna \u201cNunca M\u00e1s\u201d - El Diario de Tucuman","og_description":"El armador de La Libertad Avanza (LLA) en provincia de Buenos Aires, Sebasti\u00e1n Pareja, admiti\u00f3 que el uso de la consigna \u201cNunca M\u00e1s\u201d, que surgi\u00f3 del informe de la Conadep tras la dictadura militar, fue una provocaci\u00f3n. \u201cVamos a provocarlos todos los d\u00edas. Los vamos a ir a buscar\u201d, sostuvo en di\u00e1logo con Luis Majul. [&hellip;]","og_url":"https:\/\/www.eldiariodetucuman.com\/web\/pareja-redoblo-la-apuesta-sobre-el-uso-de-la-consigna-nunca-mas\/","og_site_name":"El Diario de Tucuman","article_published_time":"2025-08-18T00:43:03+00:00","article_modified_time":"2025-08-18T00:43:05+00:00","og_image":[{"width":1200,"height":800,"url":"https:\/\/www.eldiariodetucuman.com\/web\/wp-content\/uploads\/2025\/08\/sebastian-pareja-titular-de-la-libertad-avanza-5S7CPOWWCRFLTDVWWMBWNN4VS4.jpg","type":"image\/jpeg"}],"author":"Redactor Uno","twitter_card":"summary_large_image","twitter_misc":{"Escrito por":"Redactor Uno","Tiempo de lectura":"2 minutos"},"schema":{"@context":"https:\/\/schema.org","@graph":[{"@type":"Article","@id":"https:\/\/www.eldiariodetucuman.com\/web\/pareja-redoblo-la-apuesta-sobre-el-uso-de-la-consigna-nunca-mas\/#article","isPartOf":{"@id":"https:\/\/www.eldiariodetucuman.com\/web\/pareja-redoblo-la-apuesta-sobre-el-uso-de-la-consigna-nunca-mas\/"},"author":{"name":"Redactor Uno","@id":"https:\/\/www.eldiariodetucuman.com\/web\/#\/schema\/person\/7e6644a46e60888f6b868594407e08dd"},"headline":"Pareja redobl\u00f3 la apuesta sobre el uso de la consigna \u201cNunca M\u00e1s\u201d","datePublished":"2025-08-18T00:43:03+00:00","dateModified":"2025-08-18T00:43:05+00:00","mainEntityOfPage":{"@id":"https:\/\/www.eldiariodetucuman.com\/web\/pareja-redoblo-la-apuesta-sobre-el-uso-de-la-consigna-nunca-mas\/"},"wordCount":339,"publisher":{"@id":"https:\/\/www.eldiariodetucuman.com\/web\/#organization"},"image":{"@id":"https:\/\/www.eldiariodetucuman.com\/web\/pareja-redoblo-la-apuesta-sobre-el-uso-de-la-consigna-nunca-mas\/#primaryimage"},"thumbnailUrl":"https:\/\/www.eldiariodetucuman.com\/web\/wp-content\/uploads\/2025\/08\/sebastian-pareja-titular-de-la-libertad-avanza-5S7CPOWWCRFLTDVWWMBWNN4VS4.jpg","articleSection":["Politica"],"inLanguage":"es"},{"@type":"WebPage","@id":"https:\/\/www.eldiariodetucuman.com\/web\/pareja-redoblo-la-apuesta-sobre-el-uso-de-la-consigna-nunca-mas\/","url":"https:\/\/www.eldiariodetucuman.com\/web\/pareja-redoblo-la-apuesta-sobre-el-uso-de-la-consigna-nunca-mas\/","name":"Pareja redobl\u00f3 la apuesta sobre el uso de la consigna \u201cNunca M\u00e1s\u201d - El Diario de Tucuman","isPartOf":{"@id":"https:\/\/www.eldiariodetucuman.com\/web\/#website"},"primaryImageOfPage":{"@id":"https:\/\/www.eldiariodetucuman.com\/web\/pareja-redoblo-la-apuesta-sobre-el-uso-de-la-consigna-nunca-mas\/#primaryimage"},"image":{"@id":"https:\/\/www.eldiariodetucuman.com\/web\/pareja-redoblo-la-apuesta-sobre-el-uso-de-la-consigna-nunca-mas\/#primaryimage"},"thumbnailUrl":"https:\/\/www.eldiariodetucuman.com\/web\/wp-content\/uploads\/2025\/08\/sebastian-pareja-titular-de-la-libertad-avanza-5S7CPOWWCRFLTDVWWMBWNN4VS4.jpg","datePublished":"2025-08-18T00:43:03+00:00","dateModified":"2025-08-18T00:43:05+00:00","breadcrumb":{"@id":"https:\/\/www.eldiariodetucuman.com\/web\/pareja-redoblo-la-apuesta-sobre-el-uso-de-la-consigna-nunca-mas\/#breadcrumb"},"inLanguage":"es","potentialAction":[{"@type":"ReadAction","target":["https:\/\/www.eldiariodetucuman.com\/web\/pareja-redoblo-la-apuesta-sobre-el-uso-de-la-consigna-nunca-mas\/"]}]},{"@type":"ImageObject","inLanguage":"es","@id":"https:\/\/www.eldiariodetucuman.com\/web\/pareja-redoblo-la-apuesta-sobre-el-uso-de-la-consigna-nunca-mas\/#primaryimage","url":"https:\/\/www.eldiariodetucuman.com\/web\/wp-content\/uploads\/2025\/08\/sebastian-pareja-titular-de-la-libertad-avanza-5S7CPOWWCRFLTDVWWMBWNN4VS4.jpg","contentUrl":"https:\/\/www.eldiariodetucuman.com\/web\/wp-content\/uploads\/2025\/08\/sebastian-pareja-titular-de-la-libertad-avanza-5S7CPOWWCRFLTDVWWMBWNN4VS4.jpg","width":1200,"height":800},{"@type":"BreadcrumbList","@id":"https:\/\/www.eldiariodetucuman.com\/web\/pareja-redoblo-la-apuesta-sobre-el-uso-de-la-consigna-nunca-mas\/#breadcrumb","itemListElement":[{"@type":"ListItem","position":1,"name":"Portada","item":"https:\/\/www.eldiariodetucuman.com\/web\/"},{"@type":"ListItem","position":2,"name":"Pareja redobl\u00f3 la apuesta sobre el uso de la consigna \u201cNunca M\u00e1s\u201d"}]},{"@type":"WebSite","@id":"https:\/\/www.eldiariodetucuman.com\/web\/#website","url":"https:\/\/www.eldiariodetucuman.com\/web\/","name":"El Diario de Tucuman","description":"Diario Tucuman - Informaci\u00f3n y noticias","publisher":{"@id":"https:\/\/www.eldiariodetucuman.com\/web\/#organization"},"potentialAction":[{"@type":"SearchAction","target":{"@type":"EntryPoint","urlTemplate":"https:\/\/www.eldiariodetucuman.com\/web\/?s={search_term_string}"},"query-input":{"@type":"PropertyValueSpecification","valueRequired":true,"valueName":"search_term_string"}}],"inLanguage":"es"},{"@type":"Organization","@id":"https:\/\/www.eldiariodetucuman.com\/web\/#organization","name":"El Diario de Tucuman","url":"https:\/\/www.eldiariodetucuman.com\/web\/","logo":{"@type":"ImageObject","inLanguage":"es","@id":"https:\/\/www.eldiariodetucuman.com\/web\/#\/schema\/logo\/image\/","url":"http:\/\/www.eldiariodetucuman.com\/web\/wp-content\/uploads\/2017\/12\/el-diario-de-tucuman.jpg","contentUrl":"http:\/\/www.eldiariodetucuman.com\/web\/wp-content\/uploads\/2017\/12\/el-diario-de-tucuman.jpg","width":272,"height":92,"caption":"El Diario de Tucuman"},"image":{"@id":"https:\/\/www.eldiariodetucuman.com\/web\/#\/schema\/logo\/image\/"}},{"@type":"Person","@id":"https:\/\/www.eldiariodetucuman.com\/web\/#\/schema\/person\/7e6644a46e60888f6b868594407e08dd","name":"Redactor Uno","image":{"@type":"ImageObject","inLanguage":"es","@id":"https:\/\/secure.gravatar.com\/avatar\/0049b1bdf1bd548385c9ea6b9356431717930913089febd2ba904f0187d7d074?s=96&d=mm&r=g","url":"https:\/\/secure.gravatar.com\/avatar\/0049b1bdf1bd548385c9ea6b9356431717930913089febd2ba904f0187d7d074?s=96&d=mm&r=g","contentUrl":"https:\/\/secure.gravatar.com\/avatar\/0049b1bdf1bd548385c9ea6b9356431717930913089febd2ba904f0187d7d074?s=96&d=mm&r=g","caption":"Redactor Uno"},"url":"https:\/\/www.eldiariodetucuman.com\/web\/author\/mramasco\/"}]}},"_links":{"self":[{"href":"https:\/\/www.eldiariodetucuman.com\/web\/wp-json\/wp\/v2\/posts\/45388","targetHints":{"allow":["GET"]}}],"collection":[{"href":"https:\/\/www.eldiariodetucuman.com\/web\/wp-json\/wp\/v2\/posts"}],"about":[{"href":"https:\/\/www.eldiariodetucuman.com\/web\/wp-json\/wp\/v2\/types\/post"}],"author":[{"embeddable":true,"href":"https:\/\/www.eldiariodetucuman.com\/web\/wp-json\/wp\/v2\/users\/5"}],"replies":[{"embeddable":true,"href":"https:\/\/www.eldiariodetucuman.com\/web\/wp-json\/wp\/v2\/comments?post=45388"}],"version-history":[{"count":1,"href":"https:\/\/www.eldiariodetucuman.com\/web\/wp-json\/wp\/v2\/posts\/45388\/revisions"}],"predecessor-version":[{"id":45390,"href":"https:\/\/www.eldiariodetucuman.com\/web\/wp-json\/wp\/v2\/posts\/45388\/revisions\/45390"}],"wp:featuredmedia":[{"embeddable":true,"href":"https:\/\/www.eldiariodetucuman.com\/web\/wp-json\/wp\/v2\/media\/45389"}],"wp:attachment":[{"href":"https:\/\/www.eldiariodetucuman.com\/web\/wp-json\/wp\/v2\/media?parent=45388"}],"wp:term":[{"taxonomy":"category","embeddable":true,"href":"https:\/\/www.eldiariodetucuman.com\/web\/wp-json\/wp\/v2\/categories?post=45388"},{"taxonomy":"post_tag","embeddable":true,"href":"https:\/\/www.eldiariodetucuman.com\/web\/wp-json\/wp\/v2\/tags?post=45388"}],"curies":[{"name":"wp","href":"https:\/\/api.w.org\/{rel}","templated":true}]}}