{"id":45386,"date":"2025-08-17T16:11:43","date_gmt":"2025-08-17T19:11:43","guid":{"rendered":"https:\/\/www.eldiariodetucuman.com\/web\/river-con-la-mente-en-la-copa-se-mide-ante-godoy-cruz\/"},"modified":"2025-08-17T16:11:43","modified_gmt":"2025-08-17T19:11:43","slug":"river-con-la-mente-en-la-copa-se-mide-ante-godoy-cruz","status":"publish","type":"post","link":"https:\/\/www.eldiariodetucuman.com\/web\/river-con-la-mente-en-la-copa-se-mide-ante-godoy-cruz\/","title":{"rendered":"River con la mente en la Copa se mide ante Godoy Cruz"},"content":{"rendered":"<p>  <\/p>\n<p>En principio, el Mu\u00f1eco mantendr\u00eda el 4-3-3 que viene utilizando como esquema t\u00e1ctico en los \u00faltimos partidos. Pero en lo que respecta a los nombres propios, realizar\u00e1 modificaciones en todas las l\u00edneas.<\/p>\n<p>Franco Armani estar\u00eda bajo los tres palos, aunque no se descarta la aparici\u00f3n de Jerem\u00edas Ledesma. La defensa est\u00e1 plagada de inc\u00f3gnitas. La \u00fanica certeza es que Lautaro Rivero ser\u00e1 uno de los centrales, mientras que su acompa\u00f1ante saldr\u00e1 de Paulo D\u00edaz o Sebasti\u00e1n Boselli, aunque el uruguayo corre con ventaja. <\/p>\n<p>En lo que respecta a los laterales, el Mu\u00f1eco tendr\u00eda decidido en hacer descansar tanto a Gonzalo Montiel como a Marcos Acu\u00f1a. Todo indica que Fabricio Bustos estar\u00e1 en la banda derecha, mientras que Milton Casco ocupar\u00e1 el andarivel izquierdo.<\/p>\n<p>En el mediocampo Gallardo tambi\u00e9n guardar\u00e1 soldados. Lo m\u00e1s relevante ser\u00eda el debut de Juan Portillo con el Millonario. Junto al ex Talleres estar\u00eda Giuliano Galoppo. El due\u00f1o del \u00faltimo lugar ser\u00eda Kevin Casta\u00f1o, quien debido a sus malas actuaciones en el \u00faltimo tiempo, podr\u00eda ir al banco de suplentes en el duelo copero ante los paraguayos.<\/p>\n<p>En el ataque tambi\u00e9n hay dudas. Ignacio Fern\u00e1ndez y Juan Cruz Meza se disputan un puesto en la ofensiva. El centrodelantero tampoco est\u00e1 definido, pero lo m\u00e1s probable es que sea Miguel Borja. Sin embargo, no hay que descartar la chance de queSebasti\u00e1n Driussi aparezca en el once, para que llegue con rodaje al encuentro del jueves. Por otro lado, Juan Fernando Quintero tiene muchas chances de jugar su primer partido como titular desde su regreso al Millonario, aunque es duda y compite con Santiago Lencina.<\/p>\n<p><strong>La probable formaci\u00f3n de River vs. Godoy Cruz<\/strong><\/p>\n<p>Franco Armani o Jerem\u00edas Ledesma; Fabricio Bustos, Sebasti\u00e1n Boselli o Paulo D\u00edaz, Lautaro Rivero, Marcos Acu\u00f1a o Milton Casco; Kevin Casta\u00f1o, Juan Portillo, Giuliano Galoppo; Juan Fernando Quintero, Ignacio Fern\u00e1ndez o Juan Cruz Meza y Sebasti\u00e1n Driussi o Miguel Borja. DT: Marcelo Gallardo.<\/p>\n<p><strong>Los datos de River vs. Godoy Cruz<\/strong><\/p>\n<p>Hora: 18.30.<\/p>\n<p>TV: TNT Sports Premium.<\/p>\n<p>\u00c1rbitro: Sebasti\u00e1n Zunino.<\/p>\n<p>Estadio: Monumental.<\/p>\n<p>Fuente: <a href=\"https:\/\/www.lv12.com.ar\/river\/river-la-mente-la-copa-se-mide-godoy-cruz-n183923\"> Fuente de la nota <\/a><\/p>\n","protected":false},"excerpt":{"rendered":"<p>En principio, el Mu\u00f1eco mantendr\u00eda el 4-3-3 que viene utilizando como esquema t\u00e1ctico en los \u00faltimos partidos. Pero en lo que respecta a los nombres propios, realizar\u00e1 modificaciones en todas las l\u00edneas. Franco Armani estar\u00eda bajo los tres palos, aunque no se descarta la aparici\u00f3n de Jerem\u00edas Ledesma. La defensa est\u00e1 plagada de inc\u00f3gnitas. La [&hellip;]<\/p>\n","protected":false},"author":1,"featured_media":45387,"comment_status":"closed","ping_status":"open","sticky":false,"template":"","format":"standard","meta":{"footnotes":""},"categories":[6],"tags":[],"class_list":{"0":"post-45386","1":"post","2":"type-post","3":"status-publish","4":"format-standard","5":"has-post-thumbnail","7":"category-deporte"},"yoast_head":"<!-- This site is optimized with the Yoast SEO plugin v27.4 - https:\/\/yoast.com\/product\/yoast-seo-wordpress\/ -->\n<title>River con la mente en la Copa se mide ante Godoy Cruz - El Diario de Tucuman<\/title>\n<meta name=\"robots\" content=\"index, follow, max-snippet:-1, max-image-preview:large, max-video-preview:-1\" \/>\n<link rel=\"canonical\" href=\"https:\/\/www.eldiariodetucuman.com\/web\/river-con-la-mente-en-la-copa-se-mide-ante-godoy-cruz\/\" \/>\n<meta property=\"og:locale\" content=\"es_ES\" \/>\n<meta property=\"og:type\" content=\"article\" \/>\n<meta property=\"og:title\" content=\"River con la mente en la Copa se mide ante Godoy Cruz - El Diario de Tucuman\" \/>\n<meta property=\"og:description\" content=\"En principio, el Mu\u00f1eco mantendr\u00eda el 4-3-3 que viene utilizando como esquema t\u00e1ctico en los \u00faltimos partidos. Pero en lo que respecta a los nombres propios, realizar\u00e1 modificaciones en todas las l\u00edneas. Franco Armani estar\u00eda bajo los tres palos, aunque no se descarta la aparici\u00f3n de Jerem\u00edas Ledesma. La defensa est\u00e1 plagada de inc\u00f3gnitas. La [&hellip;]\" \/>\n<meta property=\"og:url\" content=\"https:\/\/www.eldiariodetucuman.com\/web\/river-con-la-mente-en-la-copa-se-mide-ante-godoy-cruz\/\" \/>\n<meta property=\"og:site_name\" content=\"El Diario de Tucuman\" \/>\n<meta property=\"article:published_time\" content=\"2025-08-17T19:11:43+00:00\" \/>\n<meta name=\"author\" content=\"admin\" \/>\n<meta name=\"twitter:card\" content=\"summary_large_image\" \/>\n<meta name=\"twitter:label1\" content=\"Escrito por\" \/>\n\t<meta name=\"twitter:data1\" content=\"admin\" \/>\n\t<meta name=\"twitter:label2\" content=\"Tiempo de lectura\" \/>\n\t<meta name=\"twitter:data2\" content=\"2 minutos\" \/>\n<script type=\"application\/ld+json\" class=\"yoast-schema-graph\">{\"@context\":\"https:\\\/\\\/schema.org\",\"@graph\":[{\"@type\":\"Article\",\"@id\":\"https:\\\/\\\/www.eldiariodetucuman.com\\\/web\\\/river-con-la-mente-en-la-copa-se-mide-ante-godoy-cruz\\\/#article\",\"isPartOf\":{\"@id\":\"https:\\\/\\\/www.eldiariodetucuman.com\\\/web\\\/river-con-la-mente-en-la-copa-se-mide-ante-godoy-cruz\\\/\"},\"author\":{\"name\":\"admin\",\"@id\":\"https:\\\/\\\/www.eldiariodetucuman.com\\\/web\\\/#\\\/schema\\\/person\\\/9250197d75ab5483412e19678b121caa\"},\"headline\":\"River con la mente en la Copa se mide ante Godoy Cruz\",\"datePublished\":\"2025-08-17T19:11:43+00:00\",\"mainEntityOfPage\":{\"@id\":\"https:\\\/\\\/www.eldiariodetucuman.com\\\/web\\\/river-con-la-mente-en-la-copa-se-mide-ante-godoy-cruz\\\/\"},\"wordCount\":387,\"publisher\":{\"@id\":\"https:\\\/\\\/www.eldiariodetucuman.com\\\/web\\\/#organization\"},\"image\":{\"@id\":\"https:\\\/\\\/www.eldiariodetucuman.com\\\/web\\\/river-con-la-mente-en-la-copa-se-mide-ante-godoy-cruz\\\/#primaryimage\"},\"thumbnailUrl\":\"https:\\\/\\\/www.eldiariodetucuman.com\\\/web\\\/wp-content\\\/uploads\\\/2025\\\/08\\\/River-con-la-mente-en-la-Copa-se-mide-ante.jpg\",\"articleSection\":[\"Deporte\"],\"inLanguage\":\"es\"},{\"@type\":\"WebPage\",\"@id\":\"https:\\\/\\\/www.eldiariodetucuman.com\\\/web\\\/river-con-la-mente-en-la-copa-se-mide-ante-godoy-cruz\\\/\",\"url\":\"https:\\\/\\\/www.eldiariodetucuman.com\\\/web\\\/river-con-la-mente-en-la-copa-se-mide-ante-godoy-cruz\\\/\",\"name\":\"River con la mente en la Copa se mide ante Godoy Cruz - El Diario de Tucuman\",\"isPartOf\":{\"@id\":\"https:\\\/\\\/www.eldiariodetucuman.com\\\/web\\\/#website\"},\"primaryImageOfPage\":{\"@id\":\"https:\\\/\\\/www.eldiariodetucuman.com\\\/web\\\/river-con-la-mente-en-la-copa-se-mide-ante-godoy-cruz\\\/#primaryimage\"},\"image\":{\"@id\":\"https:\\\/\\\/www.eldiariodetucuman.com\\\/web\\\/river-con-la-mente-en-la-copa-se-mide-ante-godoy-cruz\\\/#primaryimage\"},\"thumbnailUrl\":\"https:\\\/\\\/www.eldiariodetucuman.com\\\/web\\\/wp-content\\\/uploads\\\/2025\\\/08\\\/River-con-la-mente-en-la-Copa-se-mide-ante.jpg\",\"datePublished\":\"2025-08-17T19:11:43+00:00\",\"breadcrumb\":{\"@id\":\"https:\\\/\\\/www.eldiariodetucuman.com\\\/web\\\/river-con-la-mente-en-la-copa-se-mide-ante-godoy-cruz\\\/#breadcrumb\"},\"inLanguage\":\"es\",\"potentialAction\":[{\"@type\":\"ReadAction\",\"target\":[\"https:\\\/\\\/www.eldiariodetucuman.com\\\/web\\\/river-con-la-mente-en-la-copa-se-mide-ante-godoy-cruz\\\/\"]}]},{\"@type\":\"ImageObject\",\"inLanguage\":\"es\",\"@id\":\"https:\\\/\\\/www.eldiariodetucuman.com\\\/web\\\/river-con-la-mente-en-la-copa-se-mide-ante-godoy-cruz\\\/#primaryimage\",\"url\":\"https:\\\/\\\/www.eldiariodetucuman.com\\\/web\\\/wp-content\\\/uploads\\\/2025\\\/08\\\/River-con-la-mente-en-la-Copa-se-mide-ante.jpg\",\"contentUrl\":\"https:\\\/\\\/www.eldiariodetucuman.com\\\/web\\\/wp-content\\\/uploads\\\/2025\\\/08\\\/River-con-la-mente-en-la-Copa-se-mide-ante.jpg\",\"width\":1200,\"height\":675},{\"@type\":\"BreadcrumbList\",\"@id\":\"https:\\\/\\\/www.eldiariodetucuman.com\\\/web\\\/river-con-la-mente-en-la-copa-se-mide-ante-godoy-cruz\\\/#breadcrumb\",\"itemListElement\":[{\"@type\":\"ListItem\",\"position\":1,\"name\":\"Portada\",\"item\":\"https:\\\/\\\/www.eldiariodetucuman.com\\\/web\\\/\"},{\"@type\":\"ListItem\",\"position\":2,\"name\":\"River con la mente en la Copa se mide ante Godoy Cruz\"}]},{\"@type\":\"WebSite\",\"@id\":\"https:\\\/\\\/www.eldiariodetucuman.com\\\/web\\\/#website\",\"url\":\"https:\\\/\\\/www.eldiariodetucuman.com\\\/web\\\/\",\"name\":\"El Diario de Tucuman\",\"description\":\"Diario Tucuman - Informaci\u00f3n y noticias\",\"publisher\":{\"@id\":\"https:\\\/\\\/www.eldiariodetucuman.com\\\/web\\\/#organization\"},\"potentialAction\":[{\"@type\":\"SearchAction\",\"target\":{\"@type\":\"EntryPoint\",\"urlTemplate\":\"https:\\\/\\\/www.eldiariodetucuman.com\\\/web\\\/?s={search_term_string}\"},\"query-input\":{\"@type\":\"PropertyValueSpecification\",\"valueRequired\":true,\"valueName\":\"search_term_string\"}}],\"inLanguage\":\"es\"},{\"@type\":\"Organization\",\"@id\":\"https:\\\/\\\/www.eldiariodetucuman.com\\\/web\\\/#organization\",\"name\":\"El Diario de Tucuman\",\"url\":\"https:\\\/\\\/www.eldiariodetucuman.com\\\/web\\\/\",\"logo\":{\"@type\":\"ImageObject\",\"inLanguage\":\"es\",\"@id\":\"https:\\\/\\\/www.eldiariodetucuman.com\\\/web\\\/#\\\/schema\\\/logo\\\/image\\\/\",\"url\":\"http:\\\/\\\/www.eldiariodetucuman.com\\\/web\\\/wp-content\\\/uploads\\\/2017\\\/12\\\/el-diario-de-tucuman.jpg\",\"contentUrl\":\"http:\\\/\\\/www.eldiariodetucuman.com\\\/web\\\/wp-content\\\/uploads\\\/2017\\\/12\\\/el-diario-de-tucuman.jpg\",\"width\":272,\"height\":92,\"caption\":\"El Diario de Tucuman\"},\"image\":{\"@id\":\"https:\\\/\\\/www.eldiariodetucuman.com\\\/web\\\/#\\\/schema\\\/logo\\\/image\\\/\"}},{\"@type\":\"Person\",\"@id\":\"https:\\\/\\\/www.eldiariodetucuman.com\\\/web\\\/#\\\/schema\\\/person\\\/9250197d75ab5483412e19678b121caa\",\"name\":\"admin\",\"image\":{\"@type\":\"ImageObject\",\"inLanguage\":\"es\",\"@id\":\"https:\\\/\\\/secure.gravatar.com\\\/avatar\\\/c44d117c2be811212c22cb481f6b8384b6873de103fbc49e7a03cc58d7dea4ac?s=96&d=mm&r=g\",\"url\":\"https:\\\/\\\/secure.gravatar.com\\\/avatar\\\/c44d117c2be811212c22cb481f6b8384b6873de103fbc49e7a03cc58d7dea4ac?s=96&d=mm&r=g\",\"contentUrl\":\"https:\\\/\\\/secure.gravatar.com\\\/avatar\\\/c44d117c2be811212c22cb481f6b8384b6873de103fbc49e7a03cc58d7dea4ac?s=96&d=mm&r=g\",\"caption\":\"admin\"},\"url\":\"https:\\\/\\\/www.eldiariodetucuman.com\\\/web\\\/author\\\/admin\\\/\"}]}<\/script>\n<!-- \/ Yoast SEO plugin. -->","yoast_head_json":{"title":"River con la mente en la Copa se mide ante Godoy Cruz - El Diario de Tucuman","robots":{"index":"index","follow":"follow","max-snippet":"max-snippet:-1","max-image-preview":"max-image-preview:large","max-video-preview":"max-video-preview:-1"},"canonical":"https:\/\/www.eldiariodetucuman.com\/web\/river-con-la-mente-en-la-copa-se-mide-ante-godoy-cruz\/","og_locale":"es_ES","og_type":"article","og_title":"River con la mente en la Copa se mide ante Godoy Cruz - El Diario de Tucuman","og_description":"En principio, el Mu\u00f1eco mantendr\u00eda el 4-3-3 que viene utilizando como esquema t\u00e1ctico en los \u00faltimos partidos. Pero en lo que respecta a los nombres propios, realizar\u00e1 modificaciones en todas las l\u00edneas. Franco Armani estar\u00eda bajo los tres palos, aunque no se descarta la aparici\u00f3n de Jerem\u00edas Ledesma. La defensa est\u00e1 plagada de inc\u00f3gnitas. La [&hellip;]","og_url":"https:\/\/www.eldiariodetucuman.com\/web\/river-con-la-mente-en-la-copa-se-mide-ante-godoy-cruz\/","og_site_name":"El Diario de Tucuman","article_published_time":"2025-08-17T19:11:43+00:00","author":"admin","twitter_card":"summary_large_image","twitter_misc":{"Escrito por":"admin","Tiempo de lectura":"2 minutos"},"schema":{"@context":"https:\/\/schema.org","@graph":[{"@type":"Article","@id":"https:\/\/www.eldiariodetucuman.com\/web\/river-con-la-mente-en-la-copa-se-mide-ante-godoy-cruz\/#article","isPartOf":{"@id":"https:\/\/www.eldiariodetucuman.com\/web\/river-con-la-mente-en-la-copa-se-mide-ante-godoy-cruz\/"},"author":{"name":"admin","@id":"https:\/\/www.eldiariodetucuman.com\/web\/#\/schema\/person\/9250197d75ab5483412e19678b121caa"},"headline":"River con la mente en la Copa se mide ante Godoy Cruz","datePublished":"2025-08-17T19:11:43+00:00","mainEntityOfPage":{"@id":"https:\/\/www.eldiariodetucuman.com\/web\/river-con-la-mente-en-la-copa-se-mide-ante-godoy-cruz\/"},"wordCount":387,"publisher":{"@id":"https:\/\/www.eldiariodetucuman.com\/web\/#organization"},"image":{"@id":"https:\/\/www.eldiariodetucuman.com\/web\/river-con-la-mente-en-la-copa-se-mide-ante-godoy-cruz\/#primaryimage"},"thumbnailUrl":"https:\/\/www.eldiariodetucuman.com\/web\/wp-content\/uploads\/2025\/08\/River-con-la-mente-en-la-Copa-se-mide-ante.jpg","articleSection":["Deporte"],"inLanguage":"es"},{"@type":"WebPage","@id":"https:\/\/www.eldiariodetucuman.com\/web\/river-con-la-mente-en-la-copa-se-mide-ante-godoy-cruz\/","url":"https:\/\/www.eldiariodetucuman.com\/web\/river-con-la-mente-en-la-copa-se-mide-ante-godoy-cruz\/","name":"River con la mente en la Copa se mide ante Godoy Cruz - El Diario de Tucuman","isPartOf":{"@id":"https:\/\/www.eldiariodetucuman.com\/web\/#website"},"primaryImageOfPage":{"@id":"https:\/\/www.eldiariodetucuman.com\/web\/river-con-la-mente-en-la-copa-se-mide-ante-godoy-cruz\/#primaryimage"},"image":{"@id":"https:\/\/www.eldiariodetucuman.com\/web\/river-con-la-mente-en-la-copa-se-mide-ante-godoy-cruz\/#primaryimage"},"thumbnailUrl":"https:\/\/www.eldiariodetucuman.com\/web\/wp-content\/uploads\/2025\/08\/River-con-la-mente-en-la-Copa-se-mide-ante.jpg","datePublished":"2025-08-17T19:11:43+00:00","breadcrumb":{"@id":"https:\/\/www.eldiariodetucuman.com\/web\/river-con-la-mente-en-la-copa-se-mide-ante-godoy-cruz\/#breadcrumb"},"inLanguage":"es","potentialAction":[{"@type":"ReadAction","target":["https:\/\/www.eldiariodetucuman.com\/web\/river-con-la-mente-en-la-copa-se-mide-ante-godoy-cruz\/"]}]},{"@type":"ImageObject","inLanguage":"es","@id":"https:\/\/www.eldiariodetucuman.com\/web\/river-con-la-mente-en-la-copa-se-mide-ante-godoy-cruz\/#primaryimage","url":"https:\/\/www.eldiariodetucuman.com\/web\/wp-content\/uploads\/2025\/08\/River-con-la-mente-en-la-Copa-se-mide-ante.jpg","contentUrl":"https:\/\/www.eldiariodetucuman.com\/web\/wp-content\/uploads\/2025\/08\/River-con-la-mente-en-la-Copa-se-mide-ante.jpg","width":1200,"height":675},{"@type":"BreadcrumbList","@id":"https:\/\/www.eldiariodetucuman.com\/web\/river-con-la-mente-en-la-copa-se-mide-ante-godoy-cruz\/#breadcrumb","itemListElement":[{"@type":"ListItem","position":1,"name":"Portada","item":"https:\/\/www.eldiariodetucuman.com\/web\/"},{"@type":"ListItem","position":2,"name":"River con la mente en la Copa se mide ante Godoy Cruz"}]},{"@type":"WebSite","@id":"https:\/\/www.eldiariodetucuman.com\/web\/#website","url":"https:\/\/www.eldiariodetucuman.com\/web\/","name":"El Diario de Tucuman","description":"Diario Tucuman - Informaci\u00f3n y noticias","publisher":{"@id":"https:\/\/www.eldiariodetucuman.com\/web\/#organization"},"potentialAction":[{"@type":"SearchAction","target":{"@type":"EntryPoint","urlTemplate":"https:\/\/www.eldiariodetucuman.com\/web\/?s={search_term_string}"},"query-input":{"@type":"PropertyValueSpecification","valueRequired":true,"valueName":"search_term_string"}}],"inLanguage":"es"},{"@type":"Organization","@id":"https:\/\/www.eldiariodetucuman.com\/web\/#organization","name":"El Diario de Tucuman","url":"https:\/\/www.eldiariodetucuman.com\/web\/","logo":{"@type":"ImageObject","inLanguage":"es","@id":"https:\/\/www.eldiariodetucuman.com\/web\/#\/schema\/logo\/image\/","url":"http:\/\/www.eldiariodetucuman.com\/web\/wp-content\/uploads\/2017\/12\/el-diario-de-tucuman.jpg","contentUrl":"http:\/\/www.eldiariodetucuman.com\/web\/wp-content\/uploads\/2017\/12\/el-diario-de-tucuman.jpg","width":272,"height":92,"caption":"El Diario de Tucuman"},"image":{"@id":"https:\/\/www.eldiariodetucuman.com\/web\/#\/schema\/logo\/image\/"}},{"@type":"Person","@id":"https:\/\/www.eldiariodetucuman.com\/web\/#\/schema\/person\/9250197d75ab5483412e19678b121caa","name":"admin","image":{"@type":"ImageObject","inLanguage":"es","@id":"https:\/\/secure.gravatar.com\/avatar\/c44d117c2be811212c22cb481f6b8384b6873de103fbc49e7a03cc58d7dea4ac?s=96&d=mm&r=g","url":"https:\/\/secure.gravatar.com\/avatar\/c44d117c2be811212c22cb481f6b8384b6873de103fbc49e7a03cc58d7dea4ac?s=96&d=mm&r=g","contentUrl":"https:\/\/secure.gravatar.com\/avatar\/c44d117c2be811212c22cb481f6b8384b6873de103fbc49e7a03cc58d7dea4ac?s=96&d=mm&r=g","caption":"admin"},"url":"https:\/\/www.eldiariodetucuman.com\/web\/author\/admin\/"}]}},"_links":{"self":[{"href":"https:\/\/www.eldiariodetucuman.com\/web\/wp-json\/wp\/v2\/posts\/45386","targetHints":{"allow":["GET"]}}],"collection":[{"href":"https:\/\/www.eldiariodetucuman.com\/web\/wp-json\/wp\/v2\/posts"}],"about":[{"href":"https:\/\/www.eldiariodetucuman.com\/web\/wp-json\/wp\/v2\/types\/post"}],"author":[{"embeddable":true,"href":"https:\/\/www.eldiariodetucuman.com\/web\/wp-json\/wp\/v2\/users\/1"}],"replies":[{"embeddable":true,"href":"https:\/\/www.eldiariodetucuman.com\/web\/wp-json\/wp\/v2\/comments?post=45386"}],"version-history":[{"count":0,"href":"https:\/\/www.eldiariodetucuman.com\/web\/wp-json\/wp\/v2\/posts\/45386\/revisions"}],"wp:featuredmedia":[{"embeddable":true,"href":"https:\/\/www.eldiariodetucuman.com\/web\/wp-json\/wp\/v2\/media\/45387"}],"wp:attachment":[{"href":"https:\/\/www.eldiariodetucuman.com\/web\/wp-json\/wp\/v2\/media?parent=45386"}],"wp:term":[{"taxonomy":"category","embeddable":true,"href":"https:\/\/www.eldiariodetucuman.com\/web\/wp-json\/wp\/v2\/categories?post=45386"},{"taxonomy":"post_tag","embeddable":true,"href":"https:\/\/www.eldiariodetucuman.com\/web\/wp-json\/wp\/v2\/tags?post=45386"}],"curies":[{"name":"wp","href":"https:\/\/api.w.org\/{rel}","templated":true}]}}