{"id":45384,"date":"2025-08-17T14:31:42","date_gmt":"2025-08-17T17:31:42","guid":{"rendered":"https:\/\/www.eldiariodetucuman.com\/web\/las-ventas-por-el-dia-del-nino-cayeron-un-52-pese-al-crecimiento-del-comercio-electronico\/"},"modified":"2025-08-17T14:31:42","modified_gmt":"2025-08-17T17:31:42","slug":"las-ventas-por-el-dia-del-nino-cayeron-un-52-pese-al-crecimiento-del-comercio-electronico","status":"publish","type":"post","link":"https:\/\/www.eldiariodetucuman.com\/web\/las-ventas-por-el-dia-del-nino-cayeron-un-52-pese-al-crecimiento-del-comercio-electronico\/","title":{"rendered":"Las ventas por el D\u00eda del Ni\u00f1o cayeron un 5,2% pese al crecimiento del comercio electr\u00f3nico"},"content":{"rendered":"<p><\/p>\n<p>Las\u00a0<strong>ventas de juguetes<\/strong>\u00a0por el\u00a0<strong>D\u00eda del Ni\u00f1o 2025<\/strong>\u00a0registraron una ca\u00edda del\u00a0<strong>5,2%<\/strong>\u00a0en unidades respecto del a\u00f1o pasado, afectadas por el clima fr\u00edo, el feriado del viernes 15 y la baja afluencia a tiendas f\u00edsicas, que a\u00fan concentran el\u00a0<strong>76%<\/strong>\u00a0de las operaciones.<\/p>\n<p>El\u00a0<strong>comercio electr\u00f3nico<\/strong>\u00a0creci\u00f3\u00a0<strong>30%<\/strong>\u00a0y alcanz\u00f3 el\u00a0<strong>24%<\/strong>\u00a0del total, aunque no logr\u00f3 compensar la retracci\u00f3n del canal presencial, seg\u00fan datos de la\u00a0<strong>C\u00e1mara Argentina de la Industria del Juguete (CAIJ)<\/strong>. En promedio, el ticket en jugueter\u00edas de cercan\u00eda fue de\u00a0<strong>$13.000<\/strong>, mientras que en las grandes cadenas alcanz\u00f3 los\u00a0<strong>$38.000<\/strong>, con predominio de productos importados.<\/p>\n<p>El sector enfrenta complicaciones por el\u00a0<strong>sobrestock<\/strong>: entre enero y julio las importaciones de juguetes aumentaron\u00a0<strong>114%<\/strong>\u00a0en volumen y\u00a0<strong>84%<\/strong>\u00a0en valor, llegando a\u00a0<strong>13.752 toneladas<\/strong>. Adem\u00e1s, la CAIJ advirti\u00f3 sobre riesgos de\u00a0<strong>seguridad infantil<\/strong>\u00a0ante la flexibilizaci\u00f3n de controles y el ingreso de productos a valores inferiores a\u00a0<strong>USD 3 por kilo<\/strong>.<\/p>\n<p>\u201cEl juego debe ser sin riesgos. La\u00a0<strong>seguridad de la ni\u00f1ez<\/strong>\u00a0tiene jerarqu\u00eda constitucional en Argentina\u201d, se\u00f1al\u00f3 el presidente de la c\u00e1mara,\u00a0<strong>Mat\u00edas Furi\u00f3<\/strong>, quien adelant\u00f3 que denunciar\u00e1n a importadores que presenten documentaci\u00f3n falsa.<\/p>\n<p>La entidad tambi\u00e9n anunci\u00f3 el lanzamiento del\u00a0<strong>Observatorio Argentino de Juguetes<\/strong>, que fiscalizar\u00e1 el cumplimiento de normas de seguridad en comercios y plataformas, otorgar\u00e1 el sello \u201c<strong>Juguete Seguro<\/strong>\u201d y trabajar\u00e1 con pediatras en la detecci\u00f3n de riesgos emergentes.<\/p>\n<p>Entre las\u00a0<strong>tendencias<\/strong>\u00a0de este a\u00f1o se destacaron los juguetes did\u00e1cticos y de primera infancia, el auge de los juegos de mesa, los peluches de capibaras y el fen\u00f3meno viral del coleccionable \u201c<strong>Labubu<\/strong>\u201d, que agot\u00f3 stock gracias a su difusi\u00f3n en redes sociales.<\/p>\n<p>La\u00a0<strong>industria nacional<\/strong>, integrada por unas\u00a0<strong>180 pymes<\/strong>\u00a0que emplean a m\u00e1s de\u00a0<strong>8.000 personas<\/strong>, opera al\u00a0<strong>50%<\/strong>\u00a0de su capacidad y reclama una reducci\u00f3n de\u00a0<strong>impuestos<\/strong>\u00a0y\u00a0<strong>costos log\u00edsticos<\/strong>\u00a0para competir frente al avance de las importaciones.<\/p>\n<p>NA.-<\/p>\n<p>Fuente: <a href=\"https:\/\/tucuman24.com\/nota\/188361\/las-ventas-por-el-dia-del-nino-cayeron-un-52-pese-al-crecimiento-del-comercio-electronico.html\"> Fuente de la nota <\/a><\/p>\n","protected":false},"excerpt":{"rendered":"<p>Las\u00a0ventas de juguetes\u00a0por el\u00a0D\u00eda del Ni\u00f1o 2025\u00a0registraron una ca\u00edda del\u00a05,2%\u00a0en unidades respecto del a\u00f1o pasado, afectadas por el clima fr\u00edo, el feriado del viernes 15 y la baja afluencia a tiendas f\u00edsicas, que a\u00fan concentran el\u00a076%\u00a0de las operaciones. El\u00a0comercio electr\u00f3nico\u00a0creci\u00f3\u00a030%\u00a0y alcanz\u00f3 el\u00a024%\u00a0del total, aunque no logr\u00f3 compensar la retracci\u00f3n del canal presencial, seg\u00fan datos de [&hellip;]<\/p>\n","protected":false},"author":1,"featured_media":45385,"comment_status":"closed","ping_status":"open","sticky":false,"template":"","format":"standard","meta":{"footnotes":""},"categories":[2],"tags":[],"class_list":{"0":"post-45384","1":"post","2":"type-post","3":"status-publish","4":"format-standard","5":"has-post-thumbnail","7":"category-actualidad"},"yoast_head":"<!-- This site is optimized with the Yoast SEO plugin v27.4 - https:\/\/yoast.com\/product\/yoast-seo-wordpress\/ -->\n<title>Las ventas por el D\u00eda del Ni\u00f1o cayeron un 5,2% pese al crecimiento del comercio electr\u00f3nico - El Diario de Tucuman<\/title>\n<meta name=\"robots\" content=\"index, follow, max-snippet:-1, max-image-preview:large, max-video-preview:-1\" \/>\n<link rel=\"canonical\" href=\"https:\/\/www.eldiariodetucuman.com\/web\/las-ventas-por-el-dia-del-nino-cayeron-un-52-pese-al-crecimiento-del-comercio-electronico\/\" \/>\n<meta property=\"og:locale\" content=\"es_ES\" \/>\n<meta property=\"og:type\" content=\"article\" \/>\n<meta property=\"og:title\" content=\"Las ventas por el D\u00eda del Ni\u00f1o cayeron un 5,2% pese al crecimiento del comercio electr\u00f3nico - El Diario de Tucuman\" \/>\n<meta property=\"og:description\" content=\"Las\u00a0ventas de juguetes\u00a0por el\u00a0D\u00eda del Ni\u00f1o 2025\u00a0registraron una ca\u00edda del\u00a05,2%\u00a0en unidades respecto del a\u00f1o pasado, afectadas por el clima fr\u00edo, el feriado del viernes 15 y la baja afluencia a tiendas f\u00edsicas, que a\u00fan concentran el\u00a076%\u00a0de las operaciones. El\u00a0comercio electr\u00f3nico\u00a0creci\u00f3\u00a030%\u00a0y alcanz\u00f3 el\u00a024%\u00a0del total, aunque no logr\u00f3 compensar la retracci\u00f3n del canal presencial, seg\u00fan datos de [&hellip;]\" \/>\n<meta property=\"og:url\" content=\"https:\/\/www.eldiariodetucuman.com\/web\/las-ventas-por-el-dia-del-nino-cayeron-un-52-pese-al-crecimiento-del-comercio-electronico\/\" \/>\n<meta property=\"og:site_name\" content=\"El Diario de Tucuman\" \/>\n<meta property=\"article:published_time\" content=\"2025-08-17T17:31:42+00:00\" \/>\n<meta name=\"author\" content=\"admin\" \/>\n<meta name=\"twitter:card\" content=\"summary_large_image\" \/>\n<meta name=\"twitter:label1\" content=\"Escrito por\" \/>\n\t<meta name=\"twitter:data1\" content=\"admin\" \/>\n\t<meta name=\"twitter:label2\" content=\"Tiempo de lectura\" \/>\n\t<meta name=\"twitter:data2\" content=\"2 minutos\" \/>\n<script type=\"application\/ld+json\" class=\"yoast-schema-graph\">{\"@context\":\"https:\\\/\\\/schema.org\",\"@graph\":[{\"@type\":\"Article\",\"@id\":\"https:\\\/\\\/www.eldiariodetucuman.com\\\/web\\\/las-ventas-por-el-dia-del-nino-cayeron-un-52-pese-al-crecimiento-del-comercio-electronico\\\/#article\",\"isPartOf\":{\"@id\":\"https:\\\/\\\/www.eldiariodetucuman.com\\\/web\\\/las-ventas-por-el-dia-del-nino-cayeron-un-52-pese-al-crecimiento-del-comercio-electronico\\\/\"},\"author\":{\"name\":\"admin\",\"@id\":\"https:\\\/\\\/www.eldiariodetucuman.com\\\/web\\\/#\\\/schema\\\/person\\\/9250197d75ab5483412e19678b121caa\"},\"headline\":\"Las ventas por el D\u00eda del Ni\u00f1o cayeron un 5,2% pese al crecimiento del comercio electr\u00f3nico\",\"datePublished\":\"2025-08-17T17:31:42+00:00\",\"mainEntityOfPage\":{\"@id\":\"https:\\\/\\\/www.eldiariodetucuman.com\\\/web\\\/las-ventas-por-el-dia-del-nino-cayeron-un-52-pese-al-crecimiento-del-comercio-electronico\\\/\"},\"wordCount\":351,\"publisher\":{\"@id\":\"https:\\\/\\\/www.eldiariodetucuman.com\\\/web\\\/#organization\"},\"image\":{\"@id\":\"https:\\\/\\\/www.eldiariodetucuman.com\\\/web\\\/las-ventas-por-el-dia-del-nino-cayeron-un-52-pese-al-crecimiento-del-comercio-electronico\\\/#primaryimage\"},\"thumbnailUrl\":\"https:\\\/\\\/www.eldiariodetucuman.com\\\/web\\\/wp-content\\\/uploads\\\/2025\\\/08\\\/Las-ventas-por-el-Dia-del-Nino-cayeron-un-52.jpg\",\"articleSection\":[\"Actualidad\"],\"inLanguage\":\"es\"},{\"@type\":\"WebPage\",\"@id\":\"https:\\\/\\\/www.eldiariodetucuman.com\\\/web\\\/las-ventas-por-el-dia-del-nino-cayeron-un-52-pese-al-crecimiento-del-comercio-electronico\\\/\",\"url\":\"https:\\\/\\\/www.eldiariodetucuman.com\\\/web\\\/las-ventas-por-el-dia-del-nino-cayeron-un-52-pese-al-crecimiento-del-comercio-electronico\\\/\",\"name\":\"Las ventas por el D\u00eda del Ni\u00f1o cayeron un 5,2% pese al crecimiento del comercio electr\u00f3nico - El Diario de Tucuman\",\"isPartOf\":{\"@id\":\"https:\\\/\\\/www.eldiariodetucuman.com\\\/web\\\/#website\"},\"primaryImageOfPage\":{\"@id\":\"https:\\\/\\\/www.eldiariodetucuman.com\\\/web\\\/las-ventas-por-el-dia-del-nino-cayeron-un-52-pese-al-crecimiento-del-comercio-electronico\\\/#primaryimage\"},\"image\":{\"@id\":\"https:\\\/\\\/www.eldiariodetucuman.com\\\/web\\\/las-ventas-por-el-dia-del-nino-cayeron-un-52-pese-al-crecimiento-del-comercio-electronico\\\/#primaryimage\"},\"thumbnailUrl\":\"https:\\\/\\\/www.eldiariodetucuman.com\\\/web\\\/wp-content\\\/uploads\\\/2025\\\/08\\\/Las-ventas-por-el-Dia-del-Nino-cayeron-un-52.jpg\",\"datePublished\":\"2025-08-17T17:31:42+00:00\",\"breadcrumb\":{\"@id\":\"https:\\\/\\\/www.eldiariodetucuman.com\\\/web\\\/las-ventas-por-el-dia-del-nino-cayeron-un-52-pese-al-crecimiento-del-comercio-electronico\\\/#breadcrumb\"},\"inLanguage\":\"es\",\"potentialAction\":[{\"@type\":\"ReadAction\",\"target\":[\"https:\\\/\\\/www.eldiariodetucuman.com\\\/web\\\/las-ventas-por-el-dia-del-nino-cayeron-un-52-pese-al-crecimiento-del-comercio-electronico\\\/\"]}]},{\"@type\":\"ImageObject\",\"inLanguage\":\"es\",\"@id\":\"https:\\\/\\\/www.eldiariodetucuman.com\\\/web\\\/las-ventas-por-el-dia-del-nino-cayeron-un-52-pese-al-crecimiento-del-comercio-electronico\\\/#primaryimage\",\"url\":\"https:\\\/\\\/www.eldiariodetucuman.com\\\/web\\\/wp-content\\\/uploads\\\/2025\\\/08\\\/Las-ventas-por-el-Dia-del-Nino-cayeron-un-52.jpg\",\"contentUrl\":\"https:\\\/\\\/www.eldiariodetucuman.com\\\/web\\\/wp-content\\\/uploads\\\/2025\\\/08\\\/Las-ventas-por-el-Dia-del-Nino-cayeron-un-52.jpg\",\"width\":1920,\"height\":1079},{\"@type\":\"BreadcrumbList\",\"@id\":\"https:\\\/\\\/www.eldiariodetucuman.com\\\/web\\\/las-ventas-por-el-dia-del-nino-cayeron-un-52-pese-al-crecimiento-del-comercio-electronico\\\/#breadcrumb\",\"itemListElement\":[{\"@type\":\"ListItem\",\"position\":1,\"name\":\"Portada\",\"item\":\"https:\\\/\\\/www.eldiariodetucuman.com\\\/web\\\/\"},{\"@type\":\"ListItem\",\"position\":2,\"name\":\"Las ventas por el D\u00eda del Ni\u00f1o cayeron un 5,2% pese al crecimiento del comercio electr\u00f3nico\"}]},{\"@type\":\"WebSite\",\"@id\":\"https:\\\/\\\/www.eldiariodetucuman.com\\\/web\\\/#website\",\"url\":\"https:\\\/\\\/www.eldiariodetucuman.com\\\/web\\\/\",\"name\":\"El Diario de Tucuman\",\"description\":\"Diario Tucuman - Informaci\u00f3n y noticias\",\"publisher\":{\"@id\":\"https:\\\/\\\/www.eldiariodetucuman.com\\\/web\\\/#organization\"},\"potentialAction\":[{\"@type\":\"SearchAction\",\"target\":{\"@type\":\"EntryPoint\",\"urlTemplate\":\"https:\\\/\\\/www.eldiariodetucuman.com\\\/web\\\/?s={search_term_string}\"},\"query-input\":{\"@type\":\"PropertyValueSpecification\",\"valueRequired\":true,\"valueName\":\"search_term_string\"}}],\"inLanguage\":\"es\"},{\"@type\":\"Organization\",\"@id\":\"https:\\\/\\\/www.eldiariodetucuman.com\\\/web\\\/#organization\",\"name\":\"El Diario de Tucuman\",\"url\":\"https:\\\/\\\/www.eldiariodetucuman.com\\\/web\\\/\",\"logo\":{\"@type\":\"ImageObject\",\"inLanguage\":\"es\",\"@id\":\"https:\\\/\\\/www.eldiariodetucuman.com\\\/web\\\/#\\\/schema\\\/logo\\\/image\\\/\",\"url\":\"http:\\\/\\\/www.eldiariodetucuman.com\\\/web\\\/wp-content\\\/uploads\\\/2017\\\/12\\\/el-diario-de-tucuman.jpg\",\"contentUrl\":\"http:\\\/\\\/www.eldiariodetucuman.com\\\/web\\\/wp-content\\\/uploads\\\/2017\\\/12\\\/el-diario-de-tucuman.jpg\",\"width\":272,\"height\":92,\"caption\":\"El Diario de Tucuman\"},\"image\":{\"@id\":\"https:\\\/\\\/www.eldiariodetucuman.com\\\/web\\\/#\\\/schema\\\/logo\\\/image\\\/\"}},{\"@type\":\"Person\",\"@id\":\"https:\\\/\\\/www.eldiariodetucuman.com\\\/web\\\/#\\\/schema\\\/person\\\/9250197d75ab5483412e19678b121caa\",\"name\":\"admin\",\"image\":{\"@type\":\"ImageObject\",\"inLanguage\":\"es\",\"@id\":\"https:\\\/\\\/secure.gravatar.com\\\/avatar\\\/c44d117c2be811212c22cb481f6b8384b6873de103fbc49e7a03cc58d7dea4ac?s=96&d=mm&r=g\",\"url\":\"https:\\\/\\\/secure.gravatar.com\\\/avatar\\\/c44d117c2be811212c22cb481f6b8384b6873de103fbc49e7a03cc58d7dea4ac?s=96&d=mm&r=g\",\"contentUrl\":\"https:\\\/\\\/secure.gravatar.com\\\/avatar\\\/c44d117c2be811212c22cb481f6b8384b6873de103fbc49e7a03cc58d7dea4ac?s=96&d=mm&r=g\",\"caption\":\"admin\"},\"url\":\"https:\\\/\\\/www.eldiariodetucuman.com\\\/web\\\/author\\\/admin\\\/\"}]}<\/script>\n<!-- \/ Yoast SEO plugin. -->","yoast_head_json":{"title":"Las ventas por el D\u00eda del Ni\u00f1o cayeron un 5,2% pese al crecimiento del comercio electr\u00f3nico - El Diario de Tucuman","robots":{"index":"index","follow":"follow","max-snippet":"max-snippet:-1","max-image-preview":"max-image-preview:large","max-video-preview":"max-video-preview:-1"},"canonical":"https:\/\/www.eldiariodetucuman.com\/web\/las-ventas-por-el-dia-del-nino-cayeron-un-52-pese-al-crecimiento-del-comercio-electronico\/","og_locale":"es_ES","og_type":"article","og_title":"Las ventas por el D\u00eda del Ni\u00f1o cayeron un 5,2% pese al crecimiento del comercio electr\u00f3nico - El Diario de Tucuman","og_description":"Las\u00a0ventas de juguetes\u00a0por el\u00a0D\u00eda del Ni\u00f1o 2025\u00a0registraron una ca\u00edda del\u00a05,2%\u00a0en unidades respecto del a\u00f1o pasado, afectadas por el clima fr\u00edo, el feriado del viernes 15 y la baja afluencia a tiendas f\u00edsicas, que a\u00fan concentran el\u00a076%\u00a0de las operaciones. El\u00a0comercio electr\u00f3nico\u00a0creci\u00f3\u00a030%\u00a0y alcanz\u00f3 el\u00a024%\u00a0del total, aunque no logr\u00f3 compensar la retracci\u00f3n del canal presencial, seg\u00fan datos de [&hellip;]","og_url":"https:\/\/www.eldiariodetucuman.com\/web\/las-ventas-por-el-dia-del-nino-cayeron-un-52-pese-al-crecimiento-del-comercio-electronico\/","og_site_name":"El Diario de Tucuman","article_published_time":"2025-08-17T17:31:42+00:00","author":"admin","twitter_card":"summary_large_image","twitter_misc":{"Escrito por":"admin","Tiempo de lectura":"2 minutos"},"schema":{"@context":"https:\/\/schema.org","@graph":[{"@type":"Article","@id":"https:\/\/www.eldiariodetucuman.com\/web\/las-ventas-por-el-dia-del-nino-cayeron-un-52-pese-al-crecimiento-del-comercio-electronico\/#article","isPartOf":{"@id":"https:\/\/www.eldiariodetucuman.com\/web\/las-ventas-por-el-dia-del-nino-cayeron-un-52-pese-al-crecimiento-del-comercio-electronico\/"},"author":{"name":"admin","@id":"https:\/\/www.eldiariodetucuman.com\/web\/#\/schema\/person\/9250197d75ab5483412e19678b121caa"},"headline":"Las ventas por el D\u00eda del Ni\u00f1o cayeron un 5,2% pese al crecimiento del comercio electr\u00f3nico","datePublished":"2025-08-17T17:31:42+00:00","mainEntityOfPage":{"@id":"https:\/\/www.eldiariodetucuman.com\/web\/las-ventas-por-el-dia-del-nino-cayeron-un-52-pese-al-crecimiento-del-comercio-electronico\/"},"wordCount":351,"publisher":{"@id":"https:\/\/www.eldiariodetucuman.com\/web\/#organization"},"image":{"@id":"https:\/\/www.eldiariodetucuman.com\/web\/las-ventas-por-el-dia-del-nino-cayeron-un-52-pese-al-crecimiento-del-comercio-electronico\/#primaryimage"},"thumbnailUrl":"https:\/\/www.eldiariodetucuman.com\/web\/wp-content\/uploads\/2025\/08\/Las-ventas-por-el-Dia-del-Nino-cayeron-un-52.jpg","articleSection":["Actualidad"],"inLanguage":"es"},{"@type":"WebPage","@id":"https:\/\/www.eldiariodetucuman.com\/web\/las-ventas-por-el-dia-del-nino-cayeron-un-52-pese-al-crecimiento-del-comercio-electronico\/","url":"https:\/\/www.eldiariodetucuman.com\/web\/las-ventas-por-el-dia-del-nino-cayeron-un-52-pese-al-crecimiento-del-comercio-electronico\/","name":"Las ventas por el D\u00eda del Ni\u00f1o cayeron un 5,2% pese al crecimiento del comercio electr\u00f3nico - El Diario de Tucuman","isPartOf":{"@id":"https:\/\/www.eldiariodetucuman.com\/web\/#website"},"primaryImageOfPage":{"@id":"https:\/\/www.eldiariodetucuman.com\/web\/las-ventas-por-el-dia-del-nino-cayeron-un-52-pese-al-crecimiento-del-comercio-electronico\/#primaryimage"},"image":{"@id":"https:\/\/www.eldiariodetucuman.com\/web\/las-ventas-por-el-dia-del-nino-cayeron-un-52-pese-al-crecimiento-del-comercio-electronico\/#primaryimage"},"thumbnailUrl":"https:\/\/www.eldiariodetucuman.com\/web\/wp-content\/uploads\/2025\/08\/Las-ventas-por-el-Dia-del-Nino-cayeron-un-52.jpg","datePublished":"2025-08-17T17:31:42+00:00","breadcrumb":{"@id":"https:\/\/www.eldiariodetucuman.com\/web\/las-ventas-por-el-dia-del-nino-cayeron-un-52-pese-al-crecimiento-del-comercio-electronico\/#breadcrumb"},"inLanguage":"es","potentialAction":[{"@type":"ReadAction","target":["https:\/\/www.eldiariodetucuman.com\/web\/las-ventas-por-el-dia-del-nino-cayeron-un-52-pese-al-crecimiento-del-comercio-electronico\/"]}]},{"@type":"ImageObject","inLanguage":"es","@id":"https:\/\/www.eldiariodetucuman.com\/web\/las-ventas-por-el-dia-del-nino-cayeron-un-52-pese-al-crecimiento-del-comercio-electronico\/#primaryimage","url":"https:\/\/www.eldiariodetucuman.com\/web\/wp-content\/uploads\/2025\/08\/Las-ventas-por-el-Dia-del-Nino-cayeron-un-52.jpg","contentUrl":"https:\/\/www.eldiariodetucuman.com\/web\/wp-content\/uploads\/2025\/08\/Las-ventas-por-el-Dia-del-Nino-cayeron-un-52.jpg","width":1920,"height":1079},{"@type":"BreadcrumbList","@id":"https:\/\/www.eldiariodetucuman.com\/web\/las-ventas-por-el-dia-del-nino-cayeron-un-52-pese-al-crecimiento-del-comercio-electronico\/#breadcrumb","itemListElement":[{"@type":"ListItem","position":1,"name":"Portada","item":"https:\/\/www.eldiariodetucuman.com\/web\/"},{"@type":"ListItem","position":2,"name":"Las ventas por el D\u00eda del Ni\u00f1o cayeron un 5,2% pese al crecimiento del comercio electr\u00f3nico"}]},{"@type":"WebSite","@id":"https:\/\/www.eldiariodetucuman.com\/web\/#website","url":"https:\/\/www.eldiariodetucuman.com\/web\/","name":"El Diario de Tucuman","description":"Diario Tucuman - Informaci\u00f3n y noticias","publisher":{"@id":"https:\/\/www.eldiariodetucuman.com\/web\/#organization"},"potentialAction":[{"@type":"SearchAction","target":{"@type":"EntryPoint","urlTemplate":"https:\/\/www.eldiariodetucuman.com\/web\/?s={search_term_string}"},"query-input":{"@type":"PropertyValueSpecification","valueRequired":true,"valueName":"search_term_string"}}],"inLanguage":"es"},{"@type":"Organization","@id":"https:\/\/www.eldiariodetucuman.com\/web\/#organization","name":"El Diario de Tucuman","url":"https:\/\/www.eldiariodetucuman.com\/web\/","logo":{"@type":"ImageObject","inLanguage":"es","@id":"https:\/\/www.eldiariodetucuman.com\/web\/#\/schema\/logo\/image\/","url":"http:\/\/www.eldiariodetucuman.com\/web\/wp-content\/uploads\/2017\/12\/el-diario-de-tucuman.jpg","contentUrl":"http:\/\/www.eldiariodetucuman.com\/web\/wp-content\/uploads\/2017\/12\/el-diario-de-tucuman.jpg","width":272,"height":92,"caption":"El Diario de Tucuman"},"image":{"@id":"https:\/\/www.eldiariodetucuman.com\/web\/#\/schema\/logo\/image\/"}},{"@type":"Person","@id":"https:\/\/www.eldiariodetucuman.com\/web\/#\/schema\/person\/9250197d75ab5483412e19678b121caa","name":"admin","image":{"@type":"ImageObject","inLanguage":"es","@id":"https:\/\/secure.gravatar.com\/avatar\/c44d117c2be811212c22cb481f6b8384b6873de103fbc49e7a03cc58d7dea4ac?s=96&d=mm&r=g","url":"https:\/\/secure.gravatar.com\/avatar\/c44d117c2be811212c22cb481f6b8384b6873de103fbc49e7a03cc58d7dea4ac?s=96&d=mm&r=g","contentUrl":"https:\/\/secure.gravatar.com\/avatar\/c44d117c2be811212c22cb481f6b8384b6873de103fbc49e7a03cc58d7dea4ac?s=96&d=mm&r=g","caption":"admin"},"url":"https:\/\/www.eldiariodetucuman.com\/web\/author\/admin\/"}]}},"_links":{"self":[{"href":"https:\/\/www.eldiariodetucuman.com\/web\/wp-json\/wp\/v2\/posts\/45384","targetHints":{"allow":["GET"]}}],"collection":[{"href":"https:\/\/www.eldiariodetucuman.com\/web\/wp-json\/wp\/v2\/posts"}],"about":[{"href":"https:\/\/www.eldiariodetucuman.com\/web\/wp-json\/wp\/v2\/types\/post"}],"author":[{"embeddable":true,"href":"https:\/\/www.eldiariodetucuman.com\/web\/wp-json\/wp\/v2\/users\/1"}],"replies":[{"embeddable":true,"href":"https:\/\/www.eldiariodetucuman.com\/web\/wp-json\/wp\/v2\/comments?post=45384"}],"version-history":[{"count":0,"href":"https:\/\/www.eldiariodetucuman.com\/web\/wp-json\/wp\/v2\/posts\/45384\/revisions"}],"wp:featuredmedia":[{"embeddable":true,"href":"https:\/\/www.eldiariodetucuman.com\/web\/wp-json\/wp\/v2\/media\/45385"}],"wp:attachment":[{"href":"https:\/\/www.eldiariodetucuman.com\/web\/wp-json\/wp\/v2\/media?parent=45384"}],"wp:term":[{"taxonomy":"category","embeddable":true,"href":"https:\/\/www.eldiariodetucuman.com\/web\/wp-json\/wp\/v2\/categories?post=45384"},{"taxonomy":"post_tag","embeddable":true,"href":"https:\/\/www.eldiariodetucuman.com\/web\/wp-json\/wp\/v2\/tags?post=45384"}],"curies":[{"name":"wp","href":"https:\/\/api.w.org\/{rel}","templated":true}]}}