{"id":45381,"date":"2025-08-16T21:39:14","date_gmt":"2025-08-17T00:39:14","guid":{"rendered":"https:\/\/www.eldiariodetucuman.com\/web\/en-un-evento-liberal-milei-recibio-un-premio-y-cargo-contra-la-justicia-social-y-el-kirchnerismo\/"},"modified":"2025-08-16T21:39:16","modified_gmt":"2025-08-17T00:39:16","slug":"en-un-evento-liberal-milei-recibio-un-premio-y-cargo-contra-la-justicia-social-y-el-kirchnerismo","status":"publish","type":"post","link":"https:\/\/www.eldiariodetucuman.com\/web\/en-un-evento-liberal-milei-recibio-un-premio-y-cargo-contra-la-justicia-social-y-el-kirchnerismo\/","title":{"rendered":"En un evento liberal, Milei recibi\u00f3 un premio y carg\u00f3 contra la justicia social y el kirchnerismo"},"content":{"rendered":"<p><\/p>\n<p class=\"com-paragraph  --capital --s\">Al filo del cierre de listas a legisladores nacionales, el presidente <strong>Javier Milei<\/strong> particip\u00f3 este s\u00e1bado de <strong>un encuentro internacional <\/strong>en donde fue galardonado con<strong> \u201cla antorcha de la libertad\u201d. <\/strong>Se trata del Liberty International World Conference, una jornada que re\u00fane a diversos referentes del liberalismo. All\u00ed, el mandatario estuvo a cargo del discurso de apertura en el que destin\u00f3 duras cr\u00edticas contra el kirchnerismo y el concepto de justicia social. <\/p>\n<p class=\"com-paragraph   --s\">En clave electoral, el mandatario volvi\u00f3 a polarizar con la gesti\u00f3n del gobernador <strong>Axel Kicillof <\/strong>y puso el foco en la disputa que se dar\u00e1 en la Provincia tanto en las pr\u00f3ximas elecciones legislativas del 7 de septiembre, como las nacionales del 26 de octubre. <strong>\u201cLos bonaerenses tienen la ardua tarea de elegir entre seguir en deterioro o decirle que no a las mentiras del kirchnerismo\u201d,<\/strong> se\u00f1al\u00f3. <\/p>\n<p class=\"com-paragraph   --s\">\u201cVenimos a decir kirchnerismo nunca m\u00e1s, pero es solo una de las batallas. En las nacionales, queremos decir que no hay un punto justo entre ambos modelos, sino el proyecto desbarranca y volvemos peor que antes. Todo lo que no implique un compromiso de hierro con la libertad est\u00e1 destinado al fracaso\u201d, sentenci\u00f3 Milei. <\/p>\n<p class=\"com-paragraph   --s\">Durante su discurso, el jefe de Estado volvi\u00f3 a citar la pel\u00edcula de Guillermo Francella Homo Argentum, la cual proyect\u00f3 al final de una reuni\u00f3n con <strong>diputados libertarios<\/strong> en la quinta presidencial de Olivos, este martes pasado, y que repiti\u00f3 nuevamente este viernes en una reuni\u00f3n de Gabinete en la Casa Rosada. <\/p>\n<p class=\"com-paragraph   --s\">\u201cLa justicia social es un robo, injusta y criminal. En t\u00e9rminos de batalla cultural, es aberrante para los \u2018kukas\u2019. La pel\u00edcula los expone a lo que son. En lugar de atacar las causas, se enojan con los efectos. Est\u00e1n diciendo muchas aberraciones\u201d, apunt\u00f3 Milei al comienzo de su discurso. <\/p>\n<p class=\"com-paragraph   --s\">El mandatario estuvo acompa\u00f1ado por la secretaria de la Presidencia, Karina Milei, y el ministro de Transformaci\u00f3n del Estado, Federico Sturzenegger.<\/p>\n<p class=\"com-paragraph   --s\"><strong>Noticia en desarrollo <\/strong><\/p>\n<p><a href=\"https:\/\/www.lanacion.com.ar\/politica\/en-un-evento-liberal-javier-milei-recibio-un-premio-y-cargo-contra-la-justicia-social-y-el-nid16082025\/\">Fuente de la nota <\/a><\/p>\n","protected":false},"excerpt":{"rendered":"<p>Al filo del cierre de listas a legisladores nacionales, el presidente Javier Milei particip\u00f3 este s\u00e1bado de un encuentro internacional en donde fue galardonado con \u201cla antorcha de la libertad\u201d. Se trata del Liberty International World Conference, una jornada que re\u00fane a diversos referentes del liberalismo. All\u00ed, el mandatario estuvo a cargo del discurso de [&hellip;]<\/p>\n","protected":false},"author":5,"featured_media":45382,"comment_status":"closed","ping_status":"open","sticky":false,"template":"","format":"standard","meta":{"footnotes":""},"categories":[3],"tags":[],"class_list":{"0":"post-45381","1":"post","2":"type-post","3":"status-publish","4":"format-standard","5":"has-post-thumbnail","7":"category-politica"},"yoast_head":"<!-- This site is optimized with the Yoast SEO plugin v27.4 - https:\/\/yoast.com\/product\/yoast-seo-wordpress\/ -->\n<title>En un evento liberal, Milei recibi\u00f3 un premio y carg\u00f3 contra la justicia social y el kirchnerismo - El Diario de Tucuman<\/title>\n<meta name=\"robots\" content=\"index, follow, max-snippet:-1, max-image-preview:large, max-video-preview:-1\" \/>\n<link rel=\"canonical\" href=\"https:\/\/www.eldiariodetucuman.com\/web\/en-un-evento-liberal-milei-recibio-un-premio-y-cargo-contra-la-justicia-social-y-el-kirchnerismo\/\" \/>\n<meta property=\"og:locale\" content=\"es_ES\" \/>\n<meta property=\"og:type\" content=\"article\" \/>\n<meta property=\"og:title\" content=\"En un evento liberal, Milei recibi\u00f3 un premio y carg\u00f3 contra la justicia social y el kirchnerismo - El Diario de Tucuman\" \/>\n<meta property=\"og:description\" content=\"Al filo del cierre de listas a legisladores nacionales, el presidente Javier Milei particip\u00f3 este s\u00e1bado de un encuentro internacional en donde fue galardonado con \u201cla antorcha de la libertad\u201d. Se trata del Liberty International World Conference, una jornada que re\u00fane a diversos referentes del liberalismo. All\u00ed, el mandatario estuvo a cargo del discurso de [&hellip;]\" \/>\n<meta property=\"og:url\" content=\"https:\/\/www.eldiariodetucuman.com\/web\/en-un-evento-liberal-milei-recibio-un-premio-y-cargo-contra-la-justicia-social-y-el-kirchnerismo\/\" \/>\n<meta property=\"og:site_name\" content=\"El Diario de Tucuman\" \/>\n<meta property=\"article:published_time\" content=\"2025-08-17T00:39:14+00:00\" \/>\n<meta property=\"article:modified_time\" content=\"2025-08-17T00:39:16+00:00\" \/>\n<meta property=\"og:image\" content=\"https:\/\/www.eldiariodetucuman.com\/web\/wp-content\/uploads\/2025\/08\/javier-milei-en-la-liberty-international-world-R52ZCTWSRRGJZENIBPUSBV5ZDE.JPG\" \/>\n\t<meta property=\"og:image:width\" content=\"1200\" \/>\n\t<meta property=\"og:image:height\" content=\"833\" \/>\n\t<meta property=\"og:image:type\" content=\"image\/jpeg\" \/>\n<meta name=\"author\" content=\"Redactor Uno\" \/>\n<meta name=\"twitter:card\" content=\"summary_large_image\" \/>\n<meta name=\"twitter:label1\" content=\"Escrito por\" \/>\n\t<meta name=\"twitter:data1\" content=\"Redactor Uno\" \/>\n\t<meta name=\"twitter:label2\" content=\"Tiempo de lectura\" \/>\n\t<meta name=\"twitter:data2\" content=\"2 minutos\" \/>\n<script type=\"application\/ld+json\" class=\"yoast-schema-graph\">{\"@context\":\"https:\\\/\\\/schema.org\",\"@graph\":[{\"@type\":\"Article\",\"@id\":\"https:\\\/\\\/www.eldiariodetucuman.com\\\/web\\\/en-un-evento-liberal-milei-recibio-un-premio-y-cargo-contra-la-justicia-social-y-el-kirchnerismo\\\/#article\",\"isPartOf\":{\"@id\":\"https:\\\/\\\/www.eldiariodetucuman.com\\\/web\\\/en-un-evento-liberal-milei-recibio-un-premio-y-cargo-contra-la-justicia-social-y-el-kirchnerismo\\\/\"},\"author\":{\"name\":\"Redactor Uno\",\"@id\":\"https:\\\/\\\/www.eldiariodetucuman.com\\\/web\\\/#\\\/schema\\\/person\\\/7e6644a46e60888f6b868594407e08dd\"},\"headline\":\"En un evento liberal, Milei recibi\u00f3 un premio y carg\u00f3 contra la justicia social y el kirchnerismo\",\"datePublished\":\"2025-08-17T00:39:14+00:00\",\"dateModified\":\"2025-08-17T00:39:16+00:00\",\"mainEntityOfPage\":{\"@id\":\"https:\\\/\\\/www.eldiariodetucuman.com\\\/web\\\/en-un-evento-liberal-milei-recibio-un-premio-y-cargo-contra-la-justicia-social-y-el-kirchnerismo\\\/\"},\"wordCount\":351,\"publisher\":{\"@id\":\"https:\\\/\\\/www.eldiariodetucuman.com\\\/web\\\/#organization\"},\"image\":{\"@id\":\"https:\\\/\\\/www.eldiariodetucuman.com\\\/web\\\/en-un-evento-liberal-milei-recibio-un-premio-y-cargo-contra-la-justicia-social-y-el-kirchnerismo\\\/#primaryimage\"},\"thumbnailUrl\":\"https:\\\/\\\/www.eldiariodetucuman.com\\\/web\\\/wp-content\\\/uploads\\\/2025\\\/08\\\/javier-milei-en-la-liberty-international-world-R52ZCTWSRRGJZENIBPUSBV5ZDE.JPG\",\"articleSection\":[\"Politica\"],\"inLanguage\":\"es\"},{\"@type\":\"WebPage\",\"@id\":\"https:\\\/\\\/www.eldiariodetucuman.com\\\/web\\\/en-un-evento-liberal-milei-recibio-un-premio-y-cargo-contra-la-justicia-social-y-el-kirchnerismo\\\/\",\"url\":\"https:\\\/\\\/www.eldiariodetucuman.com\\\/web\\\/en-un-evento-liberal-milei-recibio-un-premio-y-cargo-contra-la-justicia-social-y-el-kirchnerismo\\\/\",\"name\":\"En un evento liberal, Milei recibi\u00f3 un premio y carg\u00f3 contra la justicia social y el kirchnerismo - El Diario de Tucuman\",\"isPartOf\":{\"@id\":\"https:\\\/\\\/www.eldiariodetucuman.com\\\/web\\\/#website\"},\"primaryImageOfPage\":{\"@id\":\"https:\\\/\\\/www.eldiariodetucuman.com\\\/web\\\/en-un-evento-liberal-milei-recibio-un-premio-y-cargo-contra-la-justicia-social-y-el-kirchnerismo\\\/#primaryimage\"},\"image\":{\"@id\":\"https:\\\/\\\/www.eldiariodetucuman.com\\\/web\\\/en-un-evento-liberal-milei-recibio-un-premio-y-cargo-contra-la-justicia-social-y-el-kirchnerismo\\\/#primaryimage\"},\"thumbnailUrl\":\"https:\\\/\\\/www.eldiariodetucuman.com\\\/web\\\/wp-content\\\/uploads\\\/2025\\\/08\\\/javier-milei-en-la-liberty-international-world-R52ZCTWSRRGJZENIBPUSBV5ZDE.JPG\",\"datePublished\":\"2025-08-17T00:39:14+00:00\",\"dateModified\":\"2025-08-17T00:39:16+00:00\",\"breadcrumb\":{\"@id\":\"https:\\\/\\\/www.eldiariodetucuman.com\\\/web\\\/en-un-evento-liberal-milei-recibio-un-premio-y-cargo-contra-la-justicia-social-y-el-kirchnerismo\\\/#breadcrumb\"},\"inLanguage\":\"es\",\"potentialAction\":[{\"@type\":\"ReadAction\",\"target\":[\"https:\\\/\\\/www.eldiariodetucuman.com\\\/web\\\/en-un-evento-liberal-milei-recibio-un-premio-y-cargo-contra-la-justicia-social-y-el-kirchnerismo\\\/\"]}]},{\"@type\":\"ImageObject\",\"inLanguage\":\"es\",\"@id\":\"https:\\\/\\\/www.eldiariodetucuman.com\\\/web\\\/en-un-evento-liberal-milei-recibio-un-premio-y-cargo-contra-la-justicia-social-y-el-kirchnerismo\\\/#primaryimage\",\"url\":\"https:\\\/\\\/www.eldiariodetucuman.com\\\/web\\\/wp-content\\\/uploads\\\/2025\\\/08\\\/javier-milei-en-la-liberty-international-world-R52ZCTWSRRGJZENIBPUSBV5ZDE.JPG\",\"contentUrl\":\"https:\\\/\\\/www.eldiariodetucuman.com\\\/web\\\/wp-content\\\/uploads\\\/2025\\\/08\\\/javier-milei-en-la-liberty-international-world-R52ZCTWSRRGJZENIBPUSBV5ZDE.JPG\",\"width\":1200,\"height\":833},{\"@type\":\"BreadcrumbList\",\"@id\":\"https:\\\/\\\/www.eldiariodetucuman.com\\\/web\\\/en-un-evento-liberal-milei-recibio-un-premio-y-cargo-contra-la-justicia-social-y-el-kirchnerismo\\\/#breadcrumb\",\"itemListElement\":[{\"@type\":\"ListItem\",\"position\":1,\"name\":\"Portada\",\"item\":\"https:\\\/\\\/www.eldiariodetucuman.com\\\/web\\\/\"},{\"@type\":\"ListItem\",\"position\":2,\"name\":\"En un evento liberal, Milei recibi\u00f3 un premio y carg\u00f3 contra la justicia social y el kirchnerismo\"}]},{\"@type\":\"WebSite\",\"@id\":\"https:\\\/\\\/www.eldiariodetucuman.com\\\/web\\\/#website\",\"url\":\"https:\\\/\\\/www.eldiariodetucuman.com\\\/web\\\/\",\"name\":\"El Diario de Tucuman\",\"description\":\"Diario Tucuman - Informaci\u00f3n y noticias\",\"publisher\":{\"@id\":\"https:\\\/\\\/www.eldiariodetucuman.com\\\/web\\\/#organization\"},\"potentialAction\":[{\"@type\":\"SearchAction\",\"target\":{\"@type\":\"EntryPoint\",\"urlTemplate\":\"https:\\\/\\\/www.eldiariodetucuman.com\\\/web\\\/?s={search_term_string}\"},\"query-input\":{\"@type\":\"PropertyValueSpecification\",\"valueRequired\":true,\"valueName\":\"search_term_string\"}}],\"inLanguage\":\"es\"},{\"@type\":\"Organization\",\"@id\":\"https:\\\/\\\/www.eldiariodetucuman.com\\\/web\\\/#organization\",\"name\":\"El Diario de Tucuman\",\"url\":\"https:\\\/\\\/www.eldiariodetucuman.com\\\/web\\\/\",\"logo\":{\"@type\":\"ImageObject\",\"inLanguage\":\"es\",\"@id\":\"https:\\\/\\\/www.eldiariodetucuman.com\\\/web\\\/#\\\/schema\\\/logo\\\/image\\\/\",\"url\":\"http:\\\/\\\/www.eldiariodetucuman.com\\\/web\\\/wp-content\\\/uploads\\\/2017\\\/12\\\/el-diario-de-tucuman.jpg\",\"contentUrl\":\"http:\\\/\\\/www.eldiariodetucuman.com\\\/web\\\/wp-content\\\/uploads\\\/2017\\\/12\\\/el-diario-de-tucuman.jpg\",\"width\":272,\"height\":92,\"caption\":\"El Diario de Tucuman\"},\"image\":{\"@id\":\"https:\\\/\\\/www.eldiariodetucuman.com\\\/web\\\/#\\\/schema\\\/logo\\\/image\\\/\"}},{\"@type\":\"Person\",\"@id\":\"https:\\\/\\\/www.eldiariodetucuman.com\\\/web\\\/#\\\/schema\\\/person\\\/7e6644a46e60888f6b868594407e08dd\",\"name\":\"Redactor Uno\",\"image\":{\"@type\":\"ImageObject\",\"inLanguage\":\"es\",\"@id\":\"https:\\\/\\\/secure.gravatar.com\\\/avatar\\\/0049b1bdf1bd548385c9ea6b9356431717930913089febd2ba904f0187d7d074?s=96&d=mm&r=g\",\"url\":\"https:\\\/\\\/secure.gravatar.com\\\/avatar\\\/0049b1bdf1bd548385c9ea6b9356431717930913089febd2ba904f0187d7d074?s=96&d=mm&r=g\",\"contentUrl\":\"https:\\\/\\\/secure.gravatar.com\\\/avatar\\\/0049b1bdf1bd548385c9ea6b9356431717930913089febd2ba904f0187d7d074?s=96&d=mm&r=g\",\"caption\":\"Redactor Uno\"},\"url\":\"https:\\\/\\\/www.eldiariodetucuman.com\\\/web\\\/author\\\/mramasco\\\/\"}]}<\/script>\n<!-- \/ Yoast SEO plugin. -->","yoast_head_json":{"title":"En un evento liberal, Milei recibi\u00f3 un premio y carg\u00f3 contra la justicia social y el kirchnerismo - El Diario de Tucuman","robots":{"index":"index","follow":"follow","max-snippet":"max-snippet:-1","max-image-preview":"max-image-preview:large","max-video-preview":"max-video-preview:-1"},"canonical":"https:\/\/www.eldiariodetucuman.com\/web\/en-un-evento-liberal-milei-recibio-un-premio-y-cargo-contra-la-justicia-social-y-el-kirchnerismo\/","og_locale":"es_ES","og_type":"article","og_title":"En un evento liberal, Milei recibi\u00f3 un premio y carg\u00f3 contra la justicia social y el kirchnerismo - El Diario de Tucuman","og_description":"Al filo del cierre de listas a legisladores nacionales, el presidente Javier Milei particip\u00f3 este s\u00e1bado de un encuentro internacional en donde fue galardonado con \u201cla antorcha de la libertad\u201d. Se trata del Liberty International World Conference, una jornada que re\u00fane a diversos referentes del liberalismo. All\u00ed, el mandatario estuvo a cargo del discurso de [&hellip;]","og_url":"https:\/\/www.eldiariodetucuman.com\/web\/en-un-evento-liberal-milei-recibio-un-premio-y-cargo-contra-la-justicia-social-y-el-kirchnerismo\/","og_site_name":"El Diario de Tucuman","article_published_time":"2025-08-17T00:39:14+00:00","article_modified_time":"2025-08-17T00:39:16+00:00","og_image":[{"width":1200,"height":833,"url":"https:\/\/www.eldiariodetucuman.com\/web\/wp-content\/uploads\/2025\/08\/javier-milei-en-la-liberty-international-world-R52ZCTWSRRGJZENIBPUSBV5ZDE.JPG","type":"image\/jpeg"}],"author":"Redactor Uno","twitter_card":"summary_large_image","twitter_misc":{"Escrito por":"Redactor Uno","Tiempo de lectura":"2 minutos"},"schema":{"@context":"https:\/\/schema.org","@graph":[{"@type":"Article","@id":"https:\/\/www.eldiariodetucuman.com\/web\/en-un-evento-liberal-milei-recibio-un-premio-y-cargo-contra-la-justicia-social-y-el-kirchnerismo\/#article","isPartOf":{"@id":"https:\/\/www.eldiariodetucuman.com\/web\/en-un-evento-liberal-milei-recibio-un-premio-y-cargo-contra-la-justicia-social-y-el-kirchnerismo\/"},"author":{"name":"Redactor Uno","@id":"https:\/\/www.eldiariodetucuman.com\/web\/#\/schema\/person\/7e6644a46e60888f6b868594407e08dd"},"headline":"En un evento liberal, Milei recibi\u00f3 un premio y carg\u00f3 contra la justicia social y el kirchnerismo","datePublished":"2025-08-17T00:39:14+00:00","dateModified":"2025-08-17T00:39:16+00:00","mainEntityOfPage":{"@id":"https:\/\/www.eldiariodetucuman.com\/web\/en-un-evento-liberal-milei-recibio-un-premio-y-cargo-contra-la-justicia-social-y-el-kirchnerismo\/"},"wordCount":351,"publisher":{"@id":"https:\/\/www.eldiariodetucuman.com\/web\/#organization"},"image":{"@id":"https:\/\/www.eldiariodetucuman.com\/web\/en-un-evento-liberal-milei-recibio-un-premio-y-cargo-contra-la-justicia-social-y-el-kirchnerismo\/#primaryimage"},"thumbnailUrl":"https:\/\/www.eldiariodetucuman.com\/web\/wp-content\/uploads\/2025\/08\/javier-milei-en-la-liberty-international-world-R52ZCTWSRRGJZENIBPUSBV5ZDE.JPG","articleSection":["Politica"],"inLanguage":"es"},{"@type":"WebPage","@id":"https:\/\/www.eldiariodetucuman.com\/web\/en-un-evento-liberal-milei-recibio-un-premio-y-cargo-contra-la-justicia-social-y-el-kirchnerismo\/","url":"https:\/\/www.eldiariodetucuman.com\/web\/en-un-evento-liberal-milei-recibio-un-premio-y-cargo-contra-la-justicia-social-y-el-kirchnerismo\/","name":"En un evento liberal, Milei recibi\u00f3 un premio y carg\u00f3 contra la justicia social y el kirchnerismo - El Diario de Tucuman","isPartOf":{"@id":"https:\/\/www.eldiariodetucuman.com\/web\/#website"},"primaryImageOfPage":{"@id":"https:\/\/www.eldiariodetucuman.com\/web\/en-un-evento-liberal-milei-recibio-un-premio-y-cargo-contra-la-justicia-social-y-el-kirchnerismo\/#primaryimage"},"image":{"@id":"https:\/\/www.eldiariodetucuman.com\/web\/en-un-evento-liberal-milei-recibio-un-premio-y-cargo-contra-la-justicia-social-y-el-kirchnerismo\/#primaryimage"},"thumbnailUrl":"https:\/\/www.eldiariodetucuman.com\/web\/wp-content\/uploads\/2025\/08\/javier-milei-en-la-liberty-international-world-R52ZCTWSRRGJZENIBPUSBV5ZDE.JPG","datePublished":"2025-08-17T00:39:14+00:00","dateModified":"2025-08-17T00:39:16+00:00","breadcrumb":{"@id":"https:\/\/www.eldiariodetucuman.com\/web\/en-un-evento-liberal-milei-recibio-un-premio-y-cargo-contra-la-justicia-social-y-el-kirchnerismo\/#breadcrumb"},"inLanguage":"es","potentialAction":[{"@type":"ReadAction","target":["https:\/\/www.eldiariodetucuman.com\/web\/en-un-evento-liberal-milei-recibio-un-premio-y-cargo-contra-la-justicia-social-y-el-kirchnerismo\/"]}]},{"@type":"ImageObject","inLanguage":"es","@id":"https:\/\/www.eldiariodetucuman.com\/web\/en-un-evento-liberal-milei-recibio-un-premio-y-cargo-contra-la-justicia-social-y-el-kirchnerismo\/#primaryimage","url":"https:\/\/www.eldiariodetucuman.com\/web\/wp-content\/uploads\/2025\/08\/javier-milei-en-la-liberty-international-world-R52ZCTWSRRGJZENIBPUSBV5ZDE.JPG","contentUrl":"https:\/\/www.eldiariodetucuman.com\/web\/wp-content\/uploads\/2025\/08\/javier-milei-en-la-liberty-international-world-R52ZCTWSRRGJZENIBPUSBV5ZDE.JPG","width":1200,"height":833},{"@type":"BreadcrumbList","@id":"https:\/\/www.eldiariodetucuman.com\/web\/en-un-evento-liberal-milei-recibio-un-premio-y-cargo-contra-la-justicia-social-y-el-kirchnerismo\/#breadcrumb","itemListElement":[{"@type":"ListItem","position":1,"name":"Portada","item":"https:\/\/www.eldiariodetucuman.com\/web\/"},{"@type":"ListItem","position":2,"name":"En un evento liberal, Milei recibi\u00f3 un premio y carg\u00f3 contra la justicia social y el kirchnerismo"}]},{"@type":"WebSite","@id":"https:\/\/www.eldiariodetucuman.com\/web\/#website","url":"https:\/\/www.eldiariodetucuman.com\/web\/","name":"El Diario de Tucuman","description":"Diario Tucuman - Informaci\u00f3n y noticias","publisher":{"@id":"https:\/\/www.eldiariodetucuman.com\/web\/#organization"},"potentialAction":[{"@type":"SearchAction","target":{"@type":"EntryPoint","urlTemplate":"https:\/\/www.eldiariodetucuman.com\/web\/?s={search_term_string}"},"query-input":{"@type":"PropertyValueSpecification","valueRequired":true,"valueName":"search_term_string"}}],"inLanguage":"es"},{"@type":"Organization","@id":"https:\/\/www.eldiariodetucuman.com\/web\/#organization","name":"El Diario de Tucuman","url":"https:\/\/www.eldiariodetucuman.com\/web\/","logo":{"@type":"ImageObject","inLanguage":"es","@id":"https:\/\/www.eldiariodetucuman.com\/web\/#\/schema\/logo\/image\/","url":"http:\/\/www.eldiariodetucuman.com\/web\/wp-content\/uploads\/2017\/12\/el-diario-de-tucuman.jpg","contentUrl":"http:\/\/www.eldiariodetucuman.com\/web\/wp-content\/uploads\/2017\/12\/el-diario-de-tucuman.jpg","width":272,"height":92,"caption":"El Diario de Tucuman"},"image":{"@id":"https:\/\/www.eldiariodetucuman.com\/web\/#\/schema\/logo\/image\/"}},{"@type":"Person","@id":"https:\/\/www.eldiariodetucuman.com\/web\/#\/schema\/person\/7e6644a46e60888f6b868594407e08dd","name":"Redactor Uno","image":{"@type":"ImageObject","inLanguage":"es","@id":"https:\/\/secure.gravatar.com\/avatar\/0049b1bdf1bd548385c9ea6b9356431717930913089febd2ba904f0187d7d074?s=96&d=mm&r=g","url":"https:\/\/secure.gravatar.com\/avatar\/0049b1bdf1bd548385c9ea6b9356431717930913089febd2ba904f0187d7d074?s=96&d=mm&r=g","contentUrl":"https:\/\/secure.gravatar.com\/avatar\/0049b1bdf1bd548385c9ea6b9356431717930913089febd2ba904f0187d7d074?s=96&d=mm&r=g","caption":"Redactor Uno"},"url":"https:\/\/www.eldiariodetucuman.com\/web\/author\/mramasco\/"}]}},"_links":{"self":[{"href":"https:\/\/www.eldiariodetucuman.com\/web\/wp-json\/wp\/v2\/posts\/45381","targetHints":{"allow":["GET"]}}],"collection":[{"href":"https:\/\/www.eldiariodetucuman.com\/web\/wp-json\/wp\/v2\/posts"}],"about":[{"href":"https:\/\/www.eldiariodetucuman.com\/web\/wp-json\/wp\/v2\/types\/post"}],"author":[{"embeddable":true,"href":"https:\/\/www.eldiariodetucuman.com\/web\/wp-json\/wp\/v2\/users\/5"}],"replies":[{"embeddable":true,"href":"https:\/\/www.eldiariodetucuman.com\/web\/wp-json\/wp\/v2\/comments?post=45381"}],"version-history":[{"count":1,"href":"https:\/\/www.eldiariodetucuman.com\/web\/wp-json\/wp\/v2\/posts\/45381\/revisions"}],"predecessor-version":[{"id":45383,"href":"https:\/\/www.eldiariodetucuman.com\/web\/wp-json\/wp\/v2\/posts\/45381\/revisions\/45383"}],"wp:featuredmedia":[{"embeddable":true,"href":"https:\/\/www.eldiariodetucuman.com\/web\/wp-json\/wp\/v2\/media\/45382"}],"wp:attachment":[{"href":"https:\/\/www.eldiariodetucuman.com\/web\/wp-json\/wp\/v2\/media?parent=45381"}],"wp:term":[{"taxonomy":"category","embeddable":true,"href":"https:\/\/www.eldiariodetucuman.com\/web\/wp-json\/wp\/v2\/categories?post=45381"},{"taxonomy":"post_tag","embeddable":true,"href":"https:\/\/www.eldiariodetucuman.com\/web\/wp-json\/wp\/v2\/tags?post=45381"}],"curies":[{"name":"wp","href":"https:\/\/api.w.org\/{rel}","templated":true}]}}