{"id":45374,"date":"2025-08-15T21:36:27","date_gmt":"2025-08-16T00:36:27","guid":{"rendered":"https:\/\/www.eldiariodetucuman.com\/web\/la-justicia-espera-el-resultado-de-dos-peritajes-claves-en-la-causa-del-fentanilo-contaminado\/"},"modified":"2025-08-15T21:36:29","modified_gmt":"2025-08-16T00:36:29","slug":"la-justicia-espera-el-resultado-de-dos-peritajes-claves-en-la-causa-del-fentanilo-contaminado","status":"publish","type":"post","link":"https:\/\/www.eldiariodetucuman.com\/web\/la-justicia-espera-el-resultado-de-dos-peritajes-claves-en-la-causa-del-fentanilo-contaminado\/","title":{"rendered":"La Justicia espera el resultado de dos peritajes claves en la causa del fentanilo contaminado"},"content":{"rendered":"<p><\/p>\n<p class=\"com-paragraph  --capital --s\">El juez federal de La Plata <strong>Ernesto Kreplak <\/strong>espera para los pr\u00f3ximos d\u00edas los resultados de <strong>dos peritajes<\/strong> que podr\u00edan ser determinantes para el futuro de la causa que investiga la producci\u00f3n y distribuci\u00f3n de <strong>fentanilo adulterado<\/strong>: uno es del <strong>Instituto Malbr\u00e1n<\/strong> y el otro del <strong>Cuerpo M\u00e9dico Forense<\/strong>, que depende de la Corte Suprema.<\/p>\n<p class=\"com-paragraph   --s\">As\u00ed lo informaron a <strong>LA NACION<\/strong> dos fuentes con acceso al expediente.<\/p>\n<p class=\"com-paragraph   --s\">El objetivo central de la investigaci\u00f3n penal es determinar c\u00f3mo se produjo la contaminaci\u00f3n del fentanilo que se distribuy\u00f3 por decenas de cl\u00ednicas y hospitales del pa\u00eds y que se sospecha que caus\u00f3 al menos 96 muertes.<\/p>\n<p class=\"com-paragraph   --s\">El peritaje del Cuerpo M\u00e9dico Forense es sobre las <strong>historias cl\u00ednicas<\/strong> de pacientes que recibieron el fentanilo adulterado: el objetivo es determinar con rigor m\u00e9dico si las muertes fueron provocadas por el fentanilo, tal como se sospecha, explic\u00f3 una fuente vinculada a la investigaci\u00f3n. <\/p>\n<p class=\"com-paragraph   --s\">El informe que prepara el Instituto Malbr\u00e1n, en cambio, debe analizar en detalle cada paso de <strong>la fabricaci\u00f3n de la droga<\/strong>: el origen de todos sus componentes y el proceso de producci\u00f3n. Para eso cuenta con los registros (los<strong> batch records<\/strong>) de los dos lotes bajo investigaci\u00f3n, el 31202 y el 31244. Esos registros re\u00fanen la historia completa de c\u00f3mo y con qu\u00e9 se fabric\u00f3 la medicaci\u00f3n.<\/p>\n<p class=\"com-paragraph   --s\">Este \u00faltimo peritaje apunta, seg\u00fan indic\u00f3 el juez cuando lo orden\u00f3, el mes pasado, a especificar las \u201cdeficiencias\u201d en el modo en c\u00f3mo se confeccion\u00f3 el producto y las consecuencias de esas fallas sobre el medicamento.<\/p>\n<p class=\"com-paragraph   --s\">Por eso, <strong>los resultados de estos estudios pueden ser determinantes para establecer responsabilidades y podr\u00edan provocar que se disparen nuevas medidas en la causa.<\/strong><\/p>\n<p class=\"com-paragraph   --s\">El Gobierno intim\u00f3 el jueves al juez a detener al due\u00f1o del laboratorio que produjo el fentanilo, <strong>Ariel Garc\u00eda Furfaro<\/strong>. No lo hizo dentro del expediente -donde el Ministerio de Salud es querellante y, como tal, puede pedir medidas y podr\u00eda haber recusado al magistrado- sino con un comunicado del presidente <strong>Javier Milei <\/strong>que amenaz\u00f3 con promover el apartamiento de Kreplak \u201csi en los pr\u00f3ximos d\u00edas\u201d no ordena \u201cla inmediata detenci\u00f3n\u201d del empresario. <\/p>\n<p class=\"com-paragraph   --s\">El Poder Ejecutivo conoce la marcha del expediente no solo porque es querellante sino adem\u00e1s porque tiene distintos organismos colaborando con la investigaci\u00f3n; desde las fuerzas federales de seguridad hasta el Instituto Malbr\u00e1n. Seg\u00fan dec\u00edan hasta ayer -tanto en los tribunales como en el Gobierno-, los organismos ven\u00edan cooperando diariamente sin conflictos para el avance de la causa. A punto tal que la ministra de Seguridad, <strong>Patricia Bullrich<\/strong>, elogi\u00f3 el trabajo de Kreplak: dijo que era un \u201cjuez probo\u201d y que hablaba \u201cpermanentemente\u201d con \u00e9l. <\/p>\n<p class=\"com-paragraph   --s\">El juez le respondi\u00f3 a Milei: \u201cLe recuerdo al Sr. Presidente su obligaci\u00f3n constitucional de abstenerse de interferir en una causa penal en curso. Suficientes omisiones y dificultades ha debido superar la investigaci\u00f3n hasta ahora como para que, sobre ello, se pretenda politizar un trabajo judicial bien hecho\u201d. <\/p>\n<p>Ariel Garc\u00eda Furfaro, due\u00f1o del HLB Pharma, en los tribunalesCamila Godoy<\/p>\n<p class=\"com-paragraph   --s\">En paralelo, en la causa se investiga si adem\u00e1s de un \u201cdesv\u00edo de calidad\u201d (por la adulteraci\u00f3n del fentanilo), existi\u00f3 un \u201cdesv\u00edo de cantidad\u201d y se trafic\u00f3 fentanilo en el mercado ilegal. Otro objetivo central de los investigadores fue, desde el inicio del expediente, identificar, secuestrar y recuperar las ampollas de fentanilo contaminado. <\/p>\n<h3 class=\"com-title --font-primary --l --font-extra\">Investigan los registros <\/h3>\n<p class=\"com-paragraph   --s\">En cuanto al peritaje que est\u00e1 haciendo el Malbr\u00e1n con el<strong> batch records <\/strong>de los lotes adulterados, adem\u00e1s de reconstruir c\u00f3mo se produjo la droga y qui\u00e9nes fueron las personas que intervinieron en el proceso, el juzgado pidi\u00f3 establecer si los registros fueron llevados debidamente, cumpliendo las normas vigentes y las reglas que deben seguir los laboratorios. Puntualmente, solicit\u00f3 que los peritos informen si hubo datos omitidos o informaci\u00f3n con indicios de haber sido adulterada.<\/p>\n<p><a href=\"https:\/\/www.lanacion.com.ar\/politica\/la-justicia-espera-el-resultado-de-dos-peritajes-clave-en-el-caso-del-fentanilo-contaminado-nid15082025\/\">Fuente de la nota <\/a><\/p>\n","protected":false},"excerpt":{"rendered":"<p>El juez federal de La Plata Ernesto Kreplak espera para los pr\u00f3ximos d\u00edas los resultados de dos peritajes que podr\u00edan ser determinantes para el futuro de la causa que investiga la producci\u00f3n y distribuci\u00f3n de fentanilo adulterado: uno es del Instituto Malbr\u00e1n y el otro del Cuerpo M\u00e9dico Forense, que depende de la Corte Suprema. [&hellip;]<\/p>\n","protected":false},"author":5,"featured_media":45375,"comment_status":"closed","ping_status":"open","sticky":false,"template":"","format":"standard","meta":{"footnotes":""},"categories":[3],"tags":[],"class_list":{"0":"post-45374","1":"post","2":"type-post","3":"status-publish","4":"format-standard","5":"has-post-thumbnail","7":"category-politica"},"yoast_head":"<!-- This site is optimized with the Yoast SEO plugin v27.4 - https:\/\/yoast.com\/product\/yoast-seo-wordpress\/ -->\n<title>La Justicia espera el resultado de dos peritajes claves en la causa del fentanilo contaminado - El Diario de Tucuman<\/title>\n<meta name=\"robots\" content=\"index, follow, max-snippet:-1, max-image-preview:large, max-video-preview:-1\" \/>\n<link rel=\"canonical\" href=\"https:\/\/www.eldiariodetucuman.com\/web\/la-justicia-espera-el-resultado-de-dos-peritajes-claves-en-la-causa-del-fentanilo-contaminado\/\" \/>\n<meta property=\"og:locale\" content=\"es_ES\" \/>\n<meta property=\"og:type\" content=\"article\" \/>\n<meta property=\"og:title\" content=\"La Justicia espera el resultado de dos peritajes claves en la causa del fentanilo contaminado - El Diario de Tucuman\" \/>\n<meta property=\"og:description\" content=\"El juez federal de La Plata Ernesto Kreplak espera para los pr\u00f3ximos d\u00edas los resultados de dos peritajes que podr\u00edan ser determinantes para el futuro de la causa que investiga la producci\u00f3n y distribuci\u00f3n de fentanilo adulterado: uno es del Instituto Malbr\u00e1n y el otro del Cuerpo M\u00e9dico Forense, que depende de la Corte Suprema. [&hellip;]\" \/>\n<meta property=\"og:url\" content=\"https:\/\/www.eldiariodetucuman.com\/web\/la-justicia-espera-el-resultado-de-dos-peritajes-claves-en-la-causa-del-fentanilo-contaminado\/\" \/>\n<meta property=\"og:site_name\" content=\"El Diario de Tucuman\" \/>\n<meta property=\"article:published_time\" content=\"2025-08-16T00:36:27+00:00\" \/>\n<meta property=\"article:modified_time\" content=\"2025-08-16T00:36:29+00:00\" \/>\n<meta property=\"og:image\" content=\"https:\/\/www.eldiariodetucuman.com\/web\/wp-content\/uploads\/2025\/08\/el-juez-ernesto-7CBZJ5I4EFFNHPT3OHA3BJUVIQ.jpg\" \/>\n\t<meta property=\"og:image:width\" content=\"1200\" \/>\n\t<meta property=\"og:image:height\" content=\"675\" \/>\n\t<meta property=\"og:image:type\" content=\"image\/jpeg\" \/>\n<meta name=\"author\" content=\"Redactor Uno\" \/>\n<meta name=\"twitter:card\" content=\"summary_large_image\" \/>\n<meta name=\"twitter:label1\" content=\"Escrito por\" \/>\n\t<meta name=\"twitter:data1\" content=\"Redactor Uno\" \/>\n\t<meta name=\"twitter:label2\" content=\"Tiempo de lectura\" \/>\n\t<meta name=\"twitter:data2\" content=\"3 minutos\" \/>\n<script type=\"application\/ld+json\" class=\"yoast-schema-graph\">{\"@context\":\"https:\\\/\\\/schema.org\",\"@graph\":[{\"@type\":\"Article\",\"@id\":\"https:\\\/\\\/www.eldiariodetucuman.com\\\/web\\\/la-justicia-espera-el-resultado-de-dos-peritajes-claves-en-la-causa-del-fentanilo-contaminado\\\/#article\",\"isPartOf\":{\"@id\":\"https:\\\/\\\/www.eldiariodetucuman.com\\\/web\\\/la-justicia-espera-el-resultado-de-dos-peritajes-claves-en-la-causa-del-fentanilo-contaminado\\\/\"},\"author\":{\"name\":\"Redactor Uno\",\"@id\":\"https:\\\/\\\/www.eldiariodetucuman.com\\\/web\\\/#\\\/schema\\\/person\\\/7e6644a46e60888f6b868594407e08dd\"},\"headline\":\"La Justicia espera el resultado de dos peritajes claves en la causa del fentanilo contaminado\",\"datePublished\":\"2025-08-16T00:36:27+00:00\",\"dateModified\":\"2025-08-16T00:36:29+00:00\",\"mainEntityOfPage\":{\"@id\":\"https:\\\/\\\/www.eldiariodetucuman.com\\\/web\\\/la-justicia-espera-el-resultado-de-dos-peritajes-claves-en-la-causa-del-fentanilo-contaminado\\\/\"},\"wordCount\":689,\"publisher\":{\"@id\":\"https:\\\/\\\/www.eldiariodetucuman.com\\\/web\\\/#organization\"},\"image\":{\"@id\":\"https:\\\/\\\/www.eldiariodetucuman.com\\\/web\\\/la-justicia-espera-el-resultado-de-dos-peritajes-claves-en-la-causa-del-fentanilo-contaminado\\\/#primaryimage\"},\"thumbnailUrl\":\"https:\\\/\\\/www.eldiariodetucuman.com\\\/web\\\/wp-content\\\/uploads\\\/2025\\\/08\\\/el-juez-ernesto-7CBZJ5I4EFFNHPT3OHA3BJUVIQ.jpg\",\"articleSection\":[\"Politica\"],\"inLanguage\":\"es\"},{\"@type\":\"WebPage\",\"@id\":\"https:\\\/\\\/www.eldiariodetucuman.com\\\/web\\\/la-justicia-espera-el-resultado-de-dos-peritajes-claves-en-la-causa-del-fentanilo-contaminado\\\/\",\"url\":\"https:\\\/\\\/www.eldiariodetucuman.com\\\/web\\\/la-justicia-espera-el-resultado-de-dos-peritajes-claves-en-la-causa-del-fentanilo-contaminado\\\/\",\"name\":\"La Justicia espera el resultado de dos peritajes claves en la causa del fentanilo contaminado - El Diario de Tucuman\",\"isPartOf\":{\"@id\":\"https:\\\/\\\/www.eldiariodetucuman.com\\\/web\\\/#website\"},\"primaryImageOfPage\":{\"@id\":\"https:\\\/\\\/www.eldiariodetucuman.com\\\/web\\\/la-justicia-espera-el-resultado-de-dos-peritajes-claves-en-la-causa-del-fentanilo-contaminado\\\/#primaryimage\"},\"image\":{\"@id\":\"https:\\\/\\\/www.eldiariodetucuman.com\\\/web\\\/la-justicia-espera-el-resultado-de-dos-peritajes-claves-en-la-causa-del-fentanilo-contaminado\\\/#primaryimage\"},\"thumbnailUrl\":\"https:\\\/\\\/www.eldiariodetucuman.com\\\/web\\\/wp-content\\\/uploads\\\/2025\\\/08\\\/el-juez-ernesto-7CBZJ5I4EFFNHPT3OHA3BJUVIQ.jpg\",\"datePublished\":\"2025-08-16T00:36:27+00:00\",\"dateModified\":\"2025-08-16T00:36:29+00:00\",\"breadcrumb\":{\"@id\":\"https:\\\/\\\/www.eldiariodetucuman.com\\\/web\\\/la-justicia-espera-el-resultado-de-dos-peritajes-claves-en-la-causa-del-fentanilo-contaminado\\\/#breadcrumb\"},\"inLanguage\":\"es\",\"potentialAction\":[{\"@type\":\"ReadAction\",\"target\":[\"https:\\\/\\\/www.eldiariodetucuman.com\\\/web\\\/la-justicia-espera-el-resultado-de-dos-peritajes-claves-en-la-causa-del-fentanilo-contaminado\\\/\"]}]},{\"@type\":\"ImageObject\",\"inLanguage\":\"es\",\"@id\":\"https:\\\/\\\/www.eldiariodetucuman.com\\\/web\\\/la-justicia-espera-el-resultado-de-dos-peritajes-claves-en-la-causa-del-fentanilo-contaminado\\\/#primaryimage\",\"url\":\"https:\\\/\\\/www.eldiariodetucuman.com\\\/web\\\/wp-content\\\/uploads\\\/2025\\\/08\\\/el-juez-ernesto-7CBZJ5I4EFFNHPT3OHA3BJUVIQ.jpg\",\"contentUrl\":\"https:\\\/\\\/www.eldiariodetucuman.com\\\/web\\\/wp-content\\\/uploads\\\/2025\\\/08\\\/el-juez-ernesto-7CBZJ5I4EFFNHPT3OHA3BJUVIQ.jpg\",\"width\":1200,\"height\":675},{\"@type\":\"BreadcrumbList\",\"@id\":\"https:\\\/\\\/www.eldiariodetucuman.com\\\/web\\\/la-justicia-espera-el-resultado-de-dos-peritajes-claves-en-la-causa-del-fentanilo-contaminado\\\/#breadcrumb\",\"itemListElement\":[{\"@type\":\"ListItem\",\"position\":1,\"name\":\"Portada\",\"item\":\"https:\\\/\\\/www.eldiariodetucuman.com\\\/web\\\/\"},{\"@type\":\"ListItem\",\"position\":2,\"name\":\"La Justicia espera el resultado de dos peritajes claves en la causa del fentanilo contaminado\"}]},{\"@type\":\"WebSite\",\"@id\":\"https:\\\/\\\/www.eldiariodetucuman.com\\\/web\\\/#website\",\"url\":\"https:\\\/\\\/www.eldiariodetucuman.com\\\/web\\\/\",\"name\":\"El Diario de Tucuman\",\"description\":\"Diario Tucuman - Informaci\u00f3n y noticias\",\"publisher\":{\"@id\":\"https:\\\/\\\/www.eldiariodetucuman.com\\\/web\\\/#organization\"},\"potentialAction\":[{\"@type\":\"SearchAction\",\"target\":{\"@type\":\"EntryPoint\",\"urlTemplate\":\"https:\\\/\\\/www.eldiariodetucuman.com\\\/web\\\/?s={search_term_string}\"},\"query-input\":{\"@type\":\"PropertyValueSpecification\",\"valueRequired\":true,\"valueName\":\"search_term_string\"}}],\"inLanguage\":\"es\"},{\"@type\":\"Organization\",\"@id\":\"https:\\\/\\\/www.eldiariodetucuman.com\\\/web\\\/#organization\",\"name\":\"El Diario de Tucuman\",\"url\":\"https:\\\/\\\/www.eldiariodetucuman.com\\\/web\\\/\",\"logo\":{\"@type\":\"ImageObject\",\"inLanguage\":\"es\",\"@id\":\"https:\\\/\\\/www.eldiariodetucuman.com\\\/web\\\/#\\\/schema\\\/logo\\\/image\\\/\",\"url\":\"http:\\\/\\\/www.eldiariodetucuman.com\\\/web\\\/wp-content\\\/uploads\\\/2017\\\/12\\\/el-diario-de-tucuman.jpg\",\"contentUrl\":\"http:\\\/\\\/www.eldiariodetucuman.com\\\/web\\\/wp-content\\\/uploads\\\/2017\\\/12\\\/el-diario-de-tucuman.jpg\",\"width\":272,\"height\":92,\"caption\":\"El Diario de Tucuman\"},\"image\":{\"@id\":\"https:\\\/\\\/www.eldiariodetucuman.com\\\/web\\\/#\\\/schema\\\/logo\\\/image\\\/\"}},{\"@type\":\"Person\",\"@id\":\"https:\\\/\\\/www.eldiariodetucuman.com\\\/web\\\/#\\\/schema\\\/person\\\/7e6644a46e60888f6b868594407e08dd\",\"name\":\"Redactor Uno\",\"image\":{\"@type\":\"ImageObject\",\"inLanguage\":\"es\",\"@id\":\"https:\\\/\\\/secure.gravatar.com\\\/avatar\\\/0049b1bdf1bd548385c9ea6b9356431717930913089febd2ba904f0187d7d074?s=96&d=mm&r=g\",\"url\":\"https:\\\/\\\/secure.gravatar.com\\\/avatar\\\/0049b1bdf1bd548385c9ea6b9356431717930913089febd2ba904f0187d7d074?s=96&d=mm&r=g\",\"contentUrl\":\"https:\\\/\\\/secure.gravatar.com\\\/avatar\\\/0049b1bdf1bd548385c9ea6b9356431717930913089febd2ba904f0187d7d074?s=96&d=mm&r=g\",\"caption\":\"Redactor Uno\"},\"url\":\"https:\\\/\\\/www.eldiariodetucuman.com\\\/web\\\/author\\\/mramasco\\\/\"}]}<\/script>\n<!-- \/ Yoast SEO plugin. -->","yoast_head_json":{"title":"La Justicia espera el resultado de dos peritajes claves en la causa del fentanilo contaminado - El Diario de Tucuman","robots":{"index":"index","follow":"follow","max-snippet":"max-snippet:-1","max-image-preview":"max-image-preview:large","max-video-preview":"max-video-preview:-1"},"canonical":"https:\/\/www.eldiariodetucuman.com\/web\/la-justicia-espera-el-resultado-de-dos-peritajes-claves-en-la-causa-del-fentanilo-contaminado\/","og_locale":"es_ES","og_type":"article","og_title":"La Justicia espera el resultado de dos peritajes claves en la causa del fentanilo contaminado - El Diario de Tucuman","og_description":"El juez federal de La Plata Ernesto Kreplak espera para los pr\u00f3ximos d\u00edas los resultados de dos peritajes que podr\u00edan ser determinantes para el futuro de la causa que investiga la producci\u00f3n y distribuci\u00f3n de fentanilo adulterado: uno es del Instituto Malbr\u00e1n y el otro del Cuerpo M\u00e9dico Forense, que depende de la Corte Suprema. [&hellip;]","og_url":"https:\/\/www.eldiariodetucuman.com\/web\/la-justicia-espera-el-resultado-de-dos-peritajes-claves-en-la-causa-del-fentanilo-contaminado\/","og_site_name":"El Diario de Tucuman","article_published_time":"2025-08-16T00:36:27+00:00","article_modified_time":"2025-08-16T00:36:29+00:00","og_image":[{"width":1200,"height":675,"url":"https:\/\/www.eldiariodetucuman.com\/web\/wp-content\/uploads\/2025\/08\/el-juez-ernesto-7CBZJ5I4EFFNHPT3OHA3BJUVIQ.jpg","type":"image\/jpeg"}],"author":"Redactor Uno","twitter_card":"summary_large_image","twitter_misc":{"Escrito por":"Redactor Uno","Tiempo de lectura":"3 minutos"},"schema":{"@context":"https:\/\/schema.org","@graph":[{"@type":"Article","@id":"https:\/\/www.eldiariodetucuman.com\/web\/la-justicia-espera-el-resultado-de-dos-peritajes-claves-en-la-causa-del-fentanilo-contaminado\/#article","isPartOf":{"@id":"https:\/\/www.eldiariodetucuman.com\/web\/la-justicia-espera-el-resultado-de-dos-peritajes-claves-en-la-causa-del-fentanilo-contaminado\/"},"author":{"name":"Redactor Uno","@id":"https:\/\/www.eldiariodetucuman.com\/web\/#\/schema\/person\/7e6644a46e60888f6b868594407e08dd"},"headline":"La Justicia espera el resultado de dos peritajes claves en la causa del fentanilo contaminado","datePublished":"2025-08-16T00:36:27+00:00","dateModified":"2025-08-16T00:36:29+00:00","mainEntityOfPage":{"@id":"https:\/\/www.eldiariodetucuman.com\/web\/la-justicia-espera-el-resultado-de-dos-peritajes-claves-en-la-causa-del-fentanilo-contaminado\/"},"wordCount":689,"publisher":{"@id":"https:\/\/www.eldiariodetucuman.com\/web\/#organization"},"image":{"@id":"https:\/\/www.eldiariodetucuman.com\/web\/la-justicia-espera-el-resultado-de-dos-peritajes-claves-en-la-causa-del-fentanilo-contaminado\/#primaryimage"},"thumbnailUrl":"https:\/\/www.eldiariodetucuman.com\/web\/wp-content\/uploads\/2025\/08\/el-juez-ernesto-7CBZJ5I4EFFNHPT3OHA3BJUVIQ.jpg","articleSection":["Politica"],"inLanguage":"es"},{"@type":"WebPage","@id":"https:\/\/www.eldiariodetucuman.com\/web\/la-justicia-espera-el-resultado-de-dos-peritajes-claves-en-la-causa-del-fentanilo-contaminado\/","url":"https:\/\/www.eldiariodetucuman.com\/web\/la-justicia-espera-el-resultado-de-dos-peritajes-claves-en-la-causa-del-fentanilo-contaminado\/","name":"La Justicia espera el resultado de dos peritajes claves en la causa del fentanilo contaminado - El Diario de Tucuman","isPartOf":{"@id":"https:\/\/www.eldiariodetucuman.com\/web\/#website"},"primaryImageOfPage":{"@id":"https:\/\/www.eldiariodetucuman.com\/web\/la-justicia-espera-el-resultado-de-dos-peritajes-claves-en-la-causa-del-fentanilo-contaminado\/#primaryimage"},"image":{"@id":"https:\/\/www.eldiariodetucuman.com\/web\/la-justicia-espera-el-resultado-de-dos-peritajes-claves-en-la-causa-del-fentanilo-contaminado\/#primaryimage"},"thumbnailUrl":"https:\/\/www.eldiariodetucuman.com\/web\/wp-content\/uploads\/2025\/08\/el-juez-ernesto-7CBZJ5I4EFFNHPT3OHA3BJUVIQ.jpg","datePublished":"2025-08-16T00:36:27+00:00","dateModified":"2025-08-16T00:36:29+00:00","breadcrumb":{"@id":"https:\/\/www.eldiariodetucuman.com\/web\/la-justicia-espera-el-resultado-de-dos-peritajes-claves-en-la-causa-del-fentanilo-contaminado\/#breadcrumb"},"inLanguage":"es","potentialAction":[{"@type":"ReadAction","target":["https:\/\/www.eldiariodetucuman.com\/web\/la-justicia-espera-el-resultado-de-dos-peritajes-claves-en-la-causa-del-fentanilo-contaminado\/"]}]},{"@type":"ImageObject","inLanguage":"es","@id":"https:\/\/www.eldiariodetucuman.com\/web\/la-justicia-espera-el-resultado-de-dos-peritajes-claves-en-la-causa-del-fentanilo-contaminado\/#primaryimage","url":"https:\/\/www.eldiariodetucuman.com\/web\/wp-content\/uploads\/2025\/08\/el-juez-ernesto-7CBZJ5I4EFFNHPT3OHA3BJUVIQ.jpg","contentUrl":"https:\/\/www.eldiariodetucuman.com\/web\/wp-content\/uploads\/2025\/08\/el-juez-ernesto-7CBZJ5I4EFFNHPT3OHA3BJUVIQ.jpg","width":1200,"height":675},{"@type":"BreadcrumbList","@id":"https:\/\/www.eldiariodetucuman.com\/web\/la-justicia-espera-el-resultado-de-dos-peritajes-claves-en-la-causa-del-fentanilo-contaminado\/#breadcrumb","itemListElement":[{"@type":"ListItem","position":1,"name":"Portada","item":"https:\/\/www.eldiariodetucuman.com\/web\/"},{"@type":"ListItem","position":2,"name":"La Justicia espera el resultado de dos peritajes claves en la causa del fentanilo contaminado"}]},{"@type":"WebSite","@id":"https:\/\/www.eldiariodetucuman.com\/web\/#website","url":"https:\/\/www.eldiariodetucuman.com\/web\/","name":"El Diario de Tucuman","description":"Diario Tucuman - Informaci\u00f3n y noticias","publisher":{"@id":"https:\/\/www.eldiariodetucuman.com\/web\/#organization"},"potentialAction":[{"@type":"SearchAction","target":{"@type":"EntryPoint","urlTemplate":"https:\/\/www.eldiariodetucuman.com\/web\/?s={search_term_string}"},"query-input":{"@type":"PropertyValueSpecification","valueRequired":true,"valueName":"search_term_string"}}],"inLanguage":"es"},{"@type":"Organization","@id":"https:\/\/www.eldiariodetucuman.com\/web\/#organization","name":"El Diario de Tucuman","url":"https:\/\/www.eldiariodetucuman.com\/web\/","logo":{"@type":"ImageObject","inLanguage":"es","@id":"https:\/\/www.eldiariodetucuman.com\/web\/#\/schema\/logo\/image\/","url":"http:\/\/www.eldiariodetucuman.com\/web\/wp-content\/uploads\/2017\/12\/el-diario-de-tucuman.jpg","contentUrl":"http:\/\/www.eldiariodetucuman.com\/web\/wp-content\/uploads\/2017\/12\/el-diario-de-tucuman.jpg","width":272,"height":92,"caption":"El Diario de Tucuman"},"image":{"@id":"https:\/\/www.eldiariodetucuman.com\/web\/#\/schema\/logo\/image\/"}},{"@type":"Person","@id":"https:\/\/www.eldiariodetucuman.com\/web\/#\/schema\/person\/7e6644a46e60888f6b868594407e08dd","name":"Redactor Uno","image":{"@type":"ImageObject","inLanguage":"es","@id":"https:\/\/secure.gravatar.com\/avatar\/0049b1bdf1bd548385c9ea6b9356431717930913089febd2ba904f0187d7d074?s=96&d=mm&r=g","url":"https:\/\/secure.gravatar.com\/avatar\/0049b1bdf1bd548385c9ea6b9356431717930913089febd2ba904f0187d7d074?s=96&d=mm&r=g","contentUrl":"https:\/\/secure.gravatar.com\/avatar\/0049b1bdf1bd548385c9ea6b9356431717930913089febd2ba904f0187d7d074?s=96&d=mm&r=g","caption":"Redactor Uno"},"url":"https:\/\/www.eldiariodetucuman.com\/web\/author\/mramasco\/"}]}},"_links":{"self":[{"href":"https:\/\/www.eldiariodetucuman.com\/web\/wp-json\/wp\/v2\/posts\/45374","targetHints":{"allow":["GET"]}}],"collection":[{"href":"https:\/\/www.eldiariodetucuman.com\/web\/wp-json\/wp\/v2\/posts"}],"about":[{"href":"https:\/\/www.eldiariodetucuman.com\/web\/wp-json\/wp\/v2\/types\/post"}],"author":[{"embeddable":true,"href":"https:\/\/www.eldiariodetucuman.com\/web\/wp-json\/wp\/v2\/users\/5"}],"replies":[{"embeddable":true,"href":"https:\/\/www.eldiariodetucuman.com\/web\/wp-json\/wp\/v2\/comments?post=45374"}],"version-history":[{"count":1,"href":"https:\/\/www.eldiariodetucuman.com\/web\/wp-json\/wp\/v2\/posts\/45374\/revisions"}],"predecessor-version":[{"id":45376,"href":"https:\/\/www.eldiariodetucuman.com\/web\/wp-json\/wp\/v2\/posts\/45374\/revisions\/45376"}],"wp:featuredmedia":[{"embeddable":true,"href":"https:\/\/www.eldiariodetucuman.com\/web\/wp-json\/wp\/v2\/media\/45375"}],"wp:attachment":[{"href":"https:\/\/www.eldiariodetucuman.com\/web\/wp-json\/wp\/v2\/media?parent=45374"}],"wp:term":[{"taxonomy":"category","embeddable":true,"href":"https:\/\/www.eldiariodetucuman.com\/web\/wp-json\/wp\/v2\/categories?post=45374"},{"taxonomy":"post_tag","embeddable":true,"href":"https:\/\/www.eldiariodetucuman.com\/web\/wp-json\/wp\/v2\/tags?post=45374"}],"curies":[{"name":"wp","href":"https:\/\/api.w.org\/{rel}","templated":true}]}}