{"id":45372,"date":"2025-08-15T16:07:37","date_gmt":"2025-08-15T19:07:37","guid":{"rendered":"https:\/\/www.eldiariodetucuman.com\/web\/los-pumas-tienen-equipo-confirmado-para-el-debut-ante-los-all-blacks\/"},"modified":"2025-08-15T16:07:37","modified_gmt":"2025-08-15T19:07:37","slug":"los-pumas-tienen-equipo-confirmado-para-el-debut-ante-los-all-blacks","status":"publish","type":"post","link":"https:\/\/www.eldiariodetucuman.com\/web\/los-pumas-tienen-equipo-confirmado-para-el-debut-ante-los-all-blacks\/","title":{"rendered":"Los Pumas tienen equipo confirmado para el debut ante los All Blacks"},"content":{"rendered":"<p>    <\/p>\n<p>Por el lado de los forwards, Felipe Contepomi dispuso una primera l\u00ednea conformada por Mayco Vivas, Juli\u00e1n Montoya y Pedro Delgado, una segunda con Franco Molina y Pedro Rubiolo y una tercera con Pablo Matera, Marcos Kremer y Joaqu\u00edn Oviedo, con Juan Mart\u00edn Gonz\u00e1lez como hombre de impacto desde el banco de suplentes.<\/p>\n<p>image   <\/p>\n<p>Entre los backs, en tanto, vuelve la pareja de medios Gonzalo Garc\u00eda y Tom\u00e1s Albornoz, Santiago Chocobares hace su primera aparici\u00f3n en el a\u00f1o como centro, acompa\u00f1ado por Lucio Cinti, mientras que Bautista Delguy, Rodrigo Isgr\u00f3 y Juan Cruz Mall\u00eda ser\u00e1n los tres del fondo.<\/p>\n<h2>La formaci\u00f3n de Los Pumas para enfrentar a los All Blacks<\/h2>\n<p>1- Mayco Vivas, 2- Juli\u00e1n Montoya (C), 3- Pedro Delado, 4- Franco Molina, 5- Pedro Rubiolo, 6- Pablo Matera, 7- Marcos Kremer, 8- Joaqu\u00edn Oviedo, 9- Gonzalo Garc\u00eda, 10- Tom\u00e1s Albornoz, 11- Bautista Delguy, 12- Santiago Chocobares, 13- Lucio Cinti, 14- Rodrigo Isgr\u00f3, 15- Juan Cruz Mall\u00eda<\/p>\n<p>Suplentes: 16- Ignacio Ruiz, 17- Nahuel Tetaz Chaparro, 18- Joel Sclavi, 19- Guido Petti, 20- Juan Mart\u00edn Gonz\u00e1lez, 21- Sim\u00f3n Ben\u00edtez Cruz, 22- Santiago Carreras, 23- Justo Piccardo.<\/p>\n<p>  <strong> FUENTE:<\/strong> ESPN<br \/>\n<br \/>Fuente: <a href=\"https:\/\/www.lv12.com.ar\/los-pumas\/los-pumas-tienen-equipo-confirmado-el-debut-los-all-blacks-n183843\"> Fuente de la nota <\/a><\/p>\n","protected":false},"excerpt":{"rendered":"<p>Por el lado de los forwards, Felipe Contepomi dispuso una primera l\u00ednea conformada por Mayco Vivas, Juli\u00e1n Montoya y Pedro Delgado, una segunda con Franco Molina y Pedro Rubiolo y una tercera con Pablo Matera, Marcos Kremer y Joaqu\u00edn Oviedo, con Juan Mart\u00edn Gonz\u00e1lez como hombre de impacto desde el banco de suplentes. image Entre [&hellip;]<\/p>\n","protected":false},"author":1,"featured_media":45373,"comment_status":"closed","ping_status":"open","sticky":false,"template":"","format":"standard","meta":{"footnotes":""},"categories":[6],"tags":[],"class_list":{"0":"post-45372","1":"post","2":"type-post","3":"status-publish","4":"format-standard","5":"has-post-thumbnail","7":"category-deporte"},"yoast_head":"<!-- This site is optimized with the Yoast SEO plugin v27.4 - https:\/\/yoast.com\/product\/yoast-seo-wordpress\/ -->\n<title>Los Pumas tienen equipo confirmado para el debut ante los All Blacks - El Diario de Tucuman<\/title>\n<meta name=\"robots\" content=\"index, follow, max-snippet:-1, max-image-preview:large, max-video-preview:-1\" \/>\n<link rel=\"canonical\" href=\"https:\/\/www.eldiariodetucuman.com\/web\/los-pumas-tienen-equipo-confirmado-para-el-debut-ante-los-all-blacks\/\" \/>\n<meta property=\"og:locale\" content=\"es_ES\" \/>\n<meta property=\"og:type\" content=\"article\" \/>\n<meta property=\"og:title\" content=\"Los Pumas tienen equipo confirmado para el debut ante los All Blacks - El Diario de Tucuman\" \/>\n<meta property=\"og:description\" content=\"Por el lado de los forwards, Felipe Contepomi dispuso una primera l\u00ednea conformada por Mayco Vivas, Juli\u00e1n Montoya y Pedro Delgado, una segunda con Franco Molina y Pedro Rubiolo y una tercera con Pablo Matera, Marcos Kremer y Joaqu\u00edn Oviedo, con Juan Mart\u00edn Gonz\u00e1lez como hombre de impacto desde el banco de suplentes. image Entre [&hellip;]\" \/>\n<meta property=\"og:url\" content=\"https:\/\/www.eldiariodetucuman.com\/web\/los-pumas-tienen-equipo-confirmado-para-el-debut-ante-los-all-blacks\/\" \/>\n<meta property=\"og:site_name\" content=\"El Diario de Tucuman\" \/>\n<meta property=\"article:published_time\" content=\"2025-08-15T19:07:37+00:00\" \/>\n<meta name=\"author\" content=\"admin\" \/>\n<meta name=\"twitter:card\" content=\"summary_large_image\" \/>\n<meta name=\"twitter:label1\" content=\"Escrito por\" \/>\n\t<meta name=\"twitter:data1\" content=\"admin\" \/>\n\t<meta name=\"twitter:label2\" content=\"Tiempo de lectura\" \/>\n\t<meta name=\"twitter:data2\" content=\"1 minuto\" \/>\n<script type=\"application\/ld+json\" class=\"yoast-schema-graph\">{\"@context\":\"https:\\\/\\\/schema.org\",\"@graph\":[{\"@type\":\"Article\",\"@id\":\"https:\\\/\\\/www.eldiariodetucuman.com\\\/web\\\/los-pumas-tienen-equipo-confirmado-para-el-debut-ante-los-all-blacks\\\/#article\",\"isPartOf\":{\"@id\":\"https:\\\/\\\/www.eldiariodetucuman.com\\\/web\\\/los-pumas-tienen-equipo-confirmado-para-el-debut-ante-los-all-blacks\\\/\"},\"author\":{\"name\":\"admin\",\"@id\":\"https:\\\/\\\/www.eldiariodetucuman.com\\\/web\\\/#\\\/schema\\\/person\\\/9250197d75ab5483412e19678b121caa\"},\"headline\":\"Los Pumas tienen equipo confirmado para el debut ante los All Blacks\",\"datePublished\":\"2025-08-15T19:07:37+00:00\",\"mainEntityOfPage\":{\"@id\":\"https:\\\/\\\/www.eldiariodetucuman.com\\\/web\\\/los-pumas-tienen-equipo-confirmado-para-el-debut-ante-los-all-blacks\\\/\"},\"wordCount\":226,\"publisher\":{\"@id\":\"https:\\\/\\\/www.eldiariodetucuman.com\\\/web\\\/#organization\"},\"image\":{\"@id\":\"https:\\\/\\\/www.eldiariodetucuman.com\\\/web\\\/los-pumas-tienen-equipo-confirmado-para-el-debut-ante-los-all-blacks\\\/#primaryimage\"},\"thumbnailUrl\":\"https:\\\/\\\/www.eldiariodetucuman.com\\\/web\\\/wp-content\\\/uploads\\\/2025\\\/08\\\/Los-Pumas-tienen-equipo-confirmado-para-el-debut-ante-los.png\",\"articleSection\":[\"Deporte\"],\"inLanguage\":\"es\"},{\"@type\":\"WebPage\",\"@id\":\"https:\\\/\\\/www.eldiariodetucuman.com\\\/web\\\/los-pumas-tienen-equipo-confirmado-para-el-debut-ante-los-all-blacks\\\/\",\"url\":\"https:\\\/\\\/www.eldiariodetucuman.com\\\/web\\\/los-pumas-tienen-equipo-confirmado-para-el-debut-ante-los-all-blacks\\\/\",\"name\":\"Los Pumas tienen equipo confirmado para el debut ante los All Blacks - El Diario de Tucuman\",\"isPartOf\":{\"@id\":\"https:\\\/\\\/www.eldiariodetucuman.com\\\/web\\\/#website\"},\"primaryImageOfPage\":{\"@id\":\"https:\\\/\\\/www.eldiariodetucuman.com\\\/web\\\/los-pumas-tienen-equipo-confirmado-para-el-debut-ante-los-all-blacks\\\/#primaryimage\"},\"image\":{\"@id\":\"https:\\\/\\\/www.eldiariodetucuman.com\\\/web\\\/los-pumas-tienen-equipo-confirmado-para-el-debut-ante-los-all-blacks\\\/#primaryimage\"},\"thumbnailUrl\":\"https:\\\/\\\/www.eldiariodetucuman.com\\\/web\\\/wp-content\\\/uploads\\\/2025\\\/08\\\/Los-Pumas-tienen-equipo-confirmado-para-el-debut-ante-los.png\",\"datePublished\":\"2025-08-15T19:07:37+00:00\",\"breadcrumb\":{\"@id\":\"https:\\\/\\\/www.eldiariodetucuman.com\\\/web\\\/los-pumas-tienen-equipo-confirmado-para-el-debut-ante-los-all-blacks\\\/#breadcrumb\"},\"inLanguage\":\"es\",\"potentialAction\":[{\"@type\":\"ReadAction\",\"target\":[\"https:\\\/\\\/www.eldiariodetucuman.com\\\/web\\\/los-pumas-tienen-equipo-confirmado-para-el-debut-ante-los-all-blacks\\\/\"]}]},{\"@type\":\"ImageObject\",\"inLanguage\":\"es\",\"@id\":\"https:\\\/\\\/www.eldiariodetucuman.com\\\/web\\\/los-pumas-tienen-equipo-confirmado-para-el-debut-ante-los-all-blacks\\\/#primaryimage\",\"url\":\"https:\\\/\\\/www.eldiariodetucuman.com\\\/web\\\/wp-content\\\/uploads\\\/2025\\\/08\\\/Los-Pumas-tienen-equipo-confirmado-para-el-debut-ante-los.png\",\"contentUrl\":\"https:\\\/\\\/www.eldiariodetucuman.com\\\/web\\\/wp-content\\\/uploads\\\/2025\\\/08\\\/Los-Pumas-tienen-equipo-confirmado-para-el-debut-ante-los.png\",\"width\":1200,\"height\":675},{\"@type\":\"BreadcrumbList\",\"@id\":\"https:\\\/\\\/www.eldiariodetucuman.com\\\/web\\\/los-pumas-tienen-equipo-confirmado-para-el-debut-ante-los-all-blacks\\\/#breadcrumb\",\"itemListElement\":[{\"@type\":\"ListItem\",\"position\":1,\"name\":\"Portada\",\"item\":\"https:\\\/\\\/www.eldiariodetucuman.com\\\/web\\\/\"},{\"@type\":\"ListItem\",\"position\":2,\"name\":\"Los Pumas tienen equipo confirmado para el debut ante los All Blacks\"}]},{\"@type\":\"WebSite\",\"@id\":\"https:\\\/\\\/www.eldiariodetucuman.com\\\/web\\\/#website\",\"url\":\"https:\\\/\\\/www.eldiariodetucuman.com\\\/web\\\/\",\"name\":\"El Diario de Tucuman\",\"description\":\"Diario Tucuman - Informaci\u00f3n y noticias\",\"publisher\":{\"@id\":\"https:\\\/\\\/www.eldiariodetucuman.com\\\/web\\\/#organization\"},\"potentialAction\":[{\"@type\":\"SearchAction\",\"target\":{\"@type\":\"EntryPoint\",\"urlTemplate\":\"https:\\\/\\\/www.eldiariodetucuman.com\\\/web\\\/?s={search_term_string}\"},\"query-input\":{\"@type\":\"PropertyValueSpecification\",\"valueRequired\":true,\"valueName\":\"search_term_string\"}}],\"inLanguage\":\"es\"},{\"@type\":\"Organization\",\"@id\":\"https:\\\/\\\/www.eldiariodetucuman.com\\\/web\\\/#organization\",\"name\":\"El Diario de Tucuman\",\"url\":\"https:\\\/\\\/www.eldiariodetucuman.com\\\/web\\\/\",\"logo\":{\"@type\":\"ImageObject\",\"inLanguage\":\"es\",\"@id\":\"https:\\\/\\\/www.eldiariodetucuman.com\\\/web\\\/#\\\/schema\\\/logo\\\/image\\\/\",\"url\":\"http:\\\/\\\/www.eldiariodetucuman.com\\\/web\\\/wp-content\\\/uploads\\\/2017\\\/12\\\/el-diario-de-tucuman.jpg\",\"contentUrl\":\"http:\\\/\\\/www.eldiariodetucuman.com\\\/web\\\/wp-content\\\/uploads\\\/2017\\\/12\\\/el-diario-de-tucuman.jpg\",\"width\":272,\"height\":92,\"caption\":\"El Diario de Tucuman\"},\"image\":{\"@id\":\"https:\\\/\\\/www.eldiariodetucuman.com\\\/web\\\/#\\\/schema\\\/logo\\\/image\\\/\"}},{\"@type\":\"Person\",\"@id\":\"https:\\\/\\\/www.eldiariodetucuman.com\\\/web\\\/#\\\/schema\\\/person\\\/9250197d75ab5483412e19678b121caa\",\"name\":\"admin\",\"image\":{\"@type\":\"ImageObject\",\"inLanguage\":\"es\",\"@id\":\"https:\\\/\\\/secure.gravatar.com\\\/avatar\\\/c44d117c2be811212c22cb481f6b8384b6873de103fbc49e7a03cc58d7dea4ac?s=96&d=mm&r=g\",\"url\":\"https:\\\/\\\/secure.gravatar.com\\\/avatar\\\/c44d117c2be811212c22cb481f6b8384b6873de103fbc49e7a03cc58d7dea4ac?s=96&d=mm&r=g\",\"contentUrl\":\"https:\\\/\\\/secure.gravatar.com\\\/avatar\\\/c44d117c2be811212c22cb481f6b8384b6873de103fbc49e7a03cc58d7dea4ac?s=96&d=mm&r=g\",\"caption\":\"admin\"},\"url\":\"https:\\\/\\\/www.eldiariodetucuman.com\\\/web\\\/author\\\/admin\\\/\"}]}<\/script>\n<!-- \/ Yoast SEO plugin. -->","yoast_head_json":{"title":"Los Pumas tienen equipo confirmado para el debut ante los All Blacks - El Diario de Tucuman","robots":{"index":"index","follow":"follow","max-snippet":"max-snippet:-1","max-image-preview":"max-image-preview:large","max-video-preview":"max-video-preview:-1"},"canonical":"https:\/\/www.eldiariodetucuman.com\/web\/los-pumas-tienen-equipo-confirmado-para-el-debut-ante-los-all-blacks\/","og_locale":"es_ES","og_type":"article","og_title":"Los Pumas tienen equipo confirmado para el debut ante los All Blacks - El Diario de Tucuman","og_description":"Por el lado de los forwards, Felipe Contepomi dispuso una primera l\u00ednea conformada por Mayco Vivas, Juli\u00e1n Montoya y Pedro Delgado, una segunda con Franco Molina y Pedro Rubiolo y una tercera con Pablo Matera, Marcos Kremer y Joaqu\u00edn Oviedo, con Juan Mart\u00edn Gonz\u00e1lez como hombre de impacto desde el banco de suplentes. image Entre [&hellip;]","og_url":"https:\/\/www.eldiariodetucuman.com\/web\/los-pumas-tienen-equipo-confirmado-para-el-debut-ante-los-all-blacks\/","og_site_name":"El Diario de Tucuman","article_published_time":"2025-08-15T19:07:37+00:00","author":"admin","twitter_card":"summary_large_image","twitter_misc":{"Escrito por":"admin","Tiempo de lectura":"1 minuto"},"schema":{"@context":"https:\/\/schema.org","@graph":[{"@type":"Article","@id":"https:\/\/www.eldiariodetucuman.com\/web\/los-pumas-tienen-equipo-confirmado-para-el-debut-ante-los-all-blacks\/#article","isPartOf":{"@id":"https:\/\/www.eldiariodetucuman.com\/web\/los-pumas-tienen-equipo-confirmado-para-el-debut-ante-los-all-blacks\/"},"author":{"name":"admin","@id":"https:\/\/www.eldiariodetucuman.com\/web\/#\/schema\/person\/9250197d75ab5483412e19678b121caa"},"headline":"Los Pumas tienen equipo confirmado para el debut ante los All Blacks","datePublished":"2025-08-15T19:07:37+00:00","mainEntityOfPage":{"@id":"https:\/\/www.eldiariodetucuman.com\/web\/los-pumas-tienen-equipo-confirmado-para-el-debut-ante-los-all-blacks\/"},"wordCount":226,"publisher":{"@id":"https:\/\/www.eldiariodetucuman.com\/web\/#organization"},"image":{"@id":"https:\/\/www.eldiariodetucuman.com\/web\/los-pumas-tienen-equipo-confirmado-para-el-debut-ante-los-all-blacks\/#primaryimage"},"thumbnailUrl":"https:\/\/www.eldiariodetucuman.com\/web\/wp-content\/uploads\/2025\/08\/Los-Pumas-tienen-equipo-confirmado-para-el-debut-ante-los.png","articleSection":["Deporte"],"inLanguage":"es"},{"@type":"WebPage","@id":"https:\/\/www.eldiariodetucuman.com\/web\/los-pumas-tienen-equipo-confirmado-para-el-debut-ante-los-all-blacks\/","url":"https:\/\/www.eldiariodetucuman.com\/web\/los-pumas-tienen-equipo-confirmado-para-el-debut-ante-los-all-blacks\/","name":"Los Pumas tienen equipo confirmado para el debut ante los All Blacks - El Diario de Tucuman","isPartOf":{"@id":"https:\/\/www.eldiariodetucuman.com\/web\/#website"},"primaryImageOfPage":{"@id":"https:\/\/www.eldiariodetucuman.com\/web\/los-pumas-tienen-equipo-confirmado-para-el-debut-ante-los-all-blacks\/#primaryimage"},"image":{"@id":"https:\/\/www.eldiariodetucuman.com\/web\/los-pumas-tienen-equipo-confirmado-para-el-debut-ante-los-all-blacks\/#primaryimage"},"thumbnailUrl":"https:\/\/www.eldiariodetucuman.com\/web\/wp-content\/uploads\/2025\/08\/Los-Pumas-tienen-equipo-confirmado-para-el-debut-ante-los.png","datePublished":"2025-08-15T19:07:37+00:00","breadcrumb":{"@id":"https:\/\/www.eldiariodetucuman.com\/web\/los-pumas-tienen-equipo-confirmado-para-el-debut-ante-los-all-blacks\/#breadcrumb"},"inLanguage":"es","potentialAction":[{"@type":"ReadAction","target":["https:\/\/www.eldiariodetucuman.com\/web\/los-pumas-tienen-equipo-confirmado-para-el-debut-ante-los-all-blacks\/"]}]},{"@type":"ImageObject","inLanguage":"es","@id":"https:\/\/www.eldiariodetucuman.com\/web\/los-pumas-tienen-equipo-confirmado-para-el-debut-ante-los-all-blacks\/#primaryimage","url":"https:\/\/www.eldiariodetucuman.com\/web\/wp-content\/uploads\/2025\/08\/Los-Pumas-tienen-equipo-confirmado-para-el-debut-ante-los.png","contentUrl":"https:\/\/www.eldiariodetucuman.com\/web\/wp-content\/uploads\/2025\/08\/Los-Pumas-tienen-equipo-confirmado-para-el-debut-ante-los.png","width":1200,"height":675},{"@type":"BreadcrumbList","@id":"https:\/\/www.eldiariodetucuman.com\/web\/los-pumas-tienen-equipo-confirmado-para-el-debut-ante-los-all-blacks\/#breadcrumb","itemListElement":[{"@type":"ListItem","position":1,"name":"Portada","item":"https:\/\/www.eldiariodetucuman.com\/web\/"},{"@type":"ListItem","position":2,"name":"Los Pumas tienen equipo confirmado para el debut ante los All Blacks"}]},{"@type":"WebSite","@id":"https:\/\/www.eldiariodetucuman.com\/web\/#website","url":"https:\/\/www.eldiariodetucuman.com\/web\/","name":"El Diario de Tucuman","description":"Diario Tucuman - Informaci\u00f3n y noticias","publisher":{"@id":"https:\/\/www.eldiariodetucuman.com\/web\/#organization"},"potentialAction":[{"@type":"SearchAction","target":{"@type":"EntryPoint","urlTemplate":"https:\/\/www.eldiariodetucuman.com\/web\/?s={search_term_string}"},"query-input":{"@type":"PropertyValueSpecification","valueRequired":true,"valueName":"search_term_string"}}],"inLanguage":"es"},{"@type":"Organization","@id":"https:\/\/www.eldiariodetucuman.com\/web\/#organization","name":"El Diario de Tucuman","url":"https:\/\/www.eldiariodetucuman.com\/web\/","logo":{"@type":"ImageObject","inLanguage":"es","@id":"https:\/\/www.eldiariodetucuman.com\/web\/#\/schema\/logo\/image\/","url":"http:\/\/www.eldiariodetucuman.com\/web\/wp-content\/uploads\/2017\/12\/el-diario-de-tucuman.jpg","contentUrl":"http:\/\/www.eldiariodetucuman.com\/web\/wp-content\/uploads\/2017\/12\/el-diario-de-tucuman.jpg","width":272,"height":92,"caption":"El Diario de Tucuman"},"image":{"@id":"https:\/\/www.eldiariodetucuman.com\/web\/#\/schema\/logo\/image\/"}},{"@type":"Person","@id":"https:\/\/www.eldiariodetucuman.com\/web\/#\/schema\/person\/9250197d75ab5483412e19678b121caa","name":"admin","image":{"@type":"ImageObject","inLanguage":"es","@id":"https:\/\/secure.gravatar.com\/avatar\/c44d117c2be811212c22cb481f6b8384b6873de103fbc49e7a03cc58d7dea4ac?s=96&d=mm&r=g","url":"https:\/\/secure.gravatar.com\/avatar\/c44d117c2be811212c22cb481f6b8384b6873de103fbc49e7a03cc58d7dea4ac?s=96&d=mm&r=g","contentUrl":"https:\/\/secure.gravatar.com\/avatar\/c44d117c2be811212c22cb481f6b8384b6873de103fbc49e7a03cc58d7dea4ac?s=96&d=mm&r=g","caption":"admin"},"url":"https:\/\/www.eldiariodetucuman.com\/web\/author\/admin\/"}]}},"_links":{"self":[{"href":"https:\/\/www.eldiariodetucuman.com\/web\/wp-json\/wp\/v2\/posts\/45372","targetHints":{"allow":["GET"]}}],"collection":[{"href":"https:\/\/www.eldiariodetucuman.com\/web\/wp-json\/wp\/v2\/posts"}],"about":[{"href":"https:\/\/www.eldiariodetucuman.com\/web\/wp-json\/wp\/v2\/types\/post"}],"author":[{"embeddable":true,"href":"https:\/\/www.eldiariodetucuman.com\/web\/wp-json\/wp\/v2\/users\/1"}],"replies":[{"embeddable":true,"href":"https:\/\/www.eldiariodetucuman.com\/web\/wp-json\/wp\/v2\/comments?post=45372"}],"version-history":[{"count":0,"href":"https:\/\/www.eldiariodetucuman.com\/web\/wp-json\/wp\/v2\/posts\/45372\/revisions"}],"wp:featuredmedia":[{"embeddable":true,"href":"https:\/\/www.eldiariodetucuman.com\/web\/wp-json\/wp\/v2\/media\/45373"}],"wp:attachment":[{"href":"https:\/\/www.eldiariodetucuman.com\/web\/wp-json\/wp\/v2\/media?parent=45372"}],"wp:term":[{"taxonomy":"category","embeddable":true,"href":"https:\/\/www.eldiariodetucuman.com\/web\/wp-json\/wp\/v2\/categories?post=45372"},{"taxonomy":"post_tag","embeddable":true,"href":"https:\/\/www.eldiariodetucuman.com\/web\/wp-json\/wp\/v2\/tags?post=45372"}],"curies":[{"name":"wp","href":"https:\/\/api.w.org\/{rel}","templated":true}]}}