{"id":45369,"date":"2025-08-15T14:30:12","date_gmt":"2025-08-15T17:30:12","guid":{"rendered":"https:\/\/www.eldiariodetucuman.com\/web\/el-gobierno-y-las-empresas-energeticas-coordinan-un-plan-para-evitar-cortes-de-luz-masivos-en-el-verano\/"},"modified":"2025-08-15T14:30:12","modified_gmt":"2025-08-15T17:30:12","slug":"el-gobierno-y-las-empresas-energeticas-coordinan-un-plan-para-evitar-cortes-de-luz-masivos-en-el-verano","status":"publish","type":"post","link":"https:\/\/www.eldiariodetucuman.com\/web\/el-gobierno-y-las-empresas-energeticas-coordinan-un-plan-para-evitar-cortes-de-luz-masivos-en-el-verano\/","title":{"rendered":"El Gobierno y las empresas energ\u00e9ticas coordinan un plan para evitar cortes de luz masivos en el verano"},"content":{"rendered":"<p><\/p>\n<h2>Mientras avanza en licitaciones para mejorar generaci\u00f3n y el almacenamiento de electricidad, la Secretar\u00eda de Energ\u00eda inici\u00f3 contactos con los agentes del sector para planear acciones ante los picos de demanda.<\/h2>\n<p>El Gobierno inici\u00f3 conversaciones con empresas del sector de la\u00a0<strong>energ\u00eda el\u00e9ctrica\u00a0<\/strong>para definir un plan de contingencia con el objetivo de\u00a0evitar cortes masivos de luz\u00a0en el verano, cuando las altas temperaturas suelen provocar\u00a0<strong>consumos r\u00e9cord<\/strong>.<\/p>\n<p>En el \u00e1rea de Energ\u00eda activaron estos d\u00edas la planificaci\u00f3n, en el marco de la<strong>\u00a0emergencia energ\u00e9tica\u00a0<\/strong>que rige hasta julio de 2026. Es que el sistema suele trabajar al l\u00edmite y cualquier pico de demanda en \u00e9pocas de temperaturas extremas, como son las olas de fr\u00edo o de calor, lo pone en riesgo.<\/p>\n<p>Pensando en el 2026, el an\u00e1lisis que comenzaron a realizar funcionarios y representantes de las firmas del sector apunta a<strong>\u00a0identificar<\/strong>\u00a0los \u201cpuntos flacos\u201d, es decir, d\u00f3nde pueden\u00a0<strong>generarse problemas\u00a0<\/strong>que deriven en cortes de luz masivos. Y adem\u00e1s, confeccionar\u00a0<strong>escenarios y distintas alternativas para dar una respuesta r\u00e1pida<\/strong>\u00a0a la situaci\u00f3n.<\/p>\n<p>\u201cPara el corto plazo, necesitamos medidas que son solamente\u00a0<strong>paliativas<\/strong>\u00a0para gestionar esa poca oferta y la demanda\u201d, expuso la secretaria de Energ\u00eda,\u00a0<strong>Mar\u00eda Tettamanti<\/strong>, en un foro energ\u00e9tico de la organizaci\u00f3n L\u00edderes Empresarios (LIDE).<\/p>\n<p>Por caso, en el invierno, la salida por unos d\u00edas de la central Atucha II oblig\u00f3 al Gobierno a importar m\u00e1s electricidad desde los pa\u00edses de la regi\u00f3n, adem\u00e1s de recurrir a combustibles alternativos al gas (que son m\u00e1s caros) para las centrales generadoras de energ\u00eda.<\/p>\n<h2>Las obras que planifica el Gobierno para superar la emergencia energ\u00e9tica<\/h2>\n<p>En paralelo al plan de emergencia, los funcionarios de Energ\u00eda delinean las tareas pendientes para solucionar los\u00a0<strong>\u201ccuellos de botella\u201d<\/strong>\u00a0del sistema el\u00e9ctrico:\u00a0<strong>generar y almacenar m\u00e1s<\/strong>,y a su vez, mejorar el sistema de transporte de alta tensi\u00f3n y evitar que las redes de distribuci\u00f3n se sobrecalienten.<\/p>\n<p>Para la\u00a0<strong>generaci\u00f3n\u00a0<\/strong>de energ\u00eda, la apuesta oficial es la<strong>\u00a0liberaci\u00f3n de los contratos<\/strong>\u00a0en el mercado el\u00e9ctrico mayorista (MEM), es decir, que los privados puedan pactar entre ellos<strong>\u00a0sin intervenci\u00f3n<\/strong>\u00a0de la\u00a0<strong>estatal\u00a0<\/strong>Cammesa. Ser\u00e1 de manera gradual, pero en el\u00a0<strong>acuerdo con el FMI<\/strong>\u00a0se puso fecha para que suceda:<strong>\u00a0noviembre de 2025<\/strong>. Eso puede incentivar a que haya mayor cantidad de generadoras, aunque la\u00a0<strong>construcci\u00f3n de nuevas plantas\u00a0<\/strong>puede ser un proceso que demande entre\u00a0<strong>tres y cuatro a\u00f1os<\/strong>.<\/p>\n<p>Mientras, con el foco en el mediano plazo -esto es, de 12 a 18 meses-, a fines de agosto se prev\u00e9<strong>\u00a0la adjudicaci\u00f3n\u00a0<\/strong>de la llamada\u00a0<strong>AlmaGBA<\/strong>, una licitaci\u00f3n que se lanz\u00f3 para<strong>\u00a0contratar capacidad de almacenamiento\u00a0<\/strong>de electricidad en sectores cr\u00edticos de la Ciudad y el Gran Buenos Aires.<\/p>\n<p>Se recibieron 27 ofertas por m\u00e1s de 1500MW, lo que ser\u00eda una inversi\u00f3n de m\u00e1s de US$1000 millones, en un proceso que busca\u00a0<strong>garantizar 500 MW de almacenamiento<\/strong>\u00a0en nodos de Almirante Brown; Avellaneda; San Fernando; Pilar; La Matanza y CABA; para\u00a0<strong>afrontar momentos de alta demanda<\/strong>.<\/p>\n<p>Entre las empresas que ahora deber\u00e1n hacer la oferta econ\u00f3mica figuranPampa Energ\u00eda, Central Costanera, Central Puerto, Genneia, Alberdi y Aluar.<\/p>\n<p>El Gobierno avanzar\u00e1 con tres obras clave para evitar nuevos cortes de luz. (Foto: Secretar\u00eda de Energ\u00eda)<\/p>\n<p>En los planes oficiales tambi\u00e9n aparece lanzar\u00a0una licitaci\u00f3n antes de fin de a\u00f1o las\u00a0<strong>primeras tres grandes obras<\/strong>de refuerzo del sistema el\u00e9ctrico y, a futuro, evitar cortes masivos de luz.<\/p>\n<p>Son proyectos para nuevas l\u00edneas de alta tensi\u00f3n que demandar\u00e1n al menos\u00a0<strong>US$2000 millones<\/strong>\u00a0y ser\u00e1n ejecutados por privados. Se trata de las llamadas\u00a0<strong>AMBA I,\u00a0<\/strong>donde se concentra el 40% del consumo el\u00e9ctrico nacional, y\u00a0<strong>dos l\u00edneas\u00a0<\/strong>de trasmisi\u00f3n de\u00a0<strong>500kV<\/strong>,que unir\u00e1n las provincias de Mendoza y Chubut con la de Buenos Aires para\u00a0<strong>reforzar el sistema interconectado<\/strong>.<\/p>\n<p>tn<\/p>\n<p>Fuente: <a href=\"https:\/\/tucuman24.com\/nota\/188223\/el-gobierno-y-las-empresas-energeticas-coordinan-un-plan-para-evitar-cortes-de-luz-masivos-en-el-verano.html\"> Fuente de la nota <\/a><\/p>\n","protected":false},"excerpt":{"rendered":"<p>Mientras avanza en licitaciones para mejorar generaci\u00f3n y el almacenamiento de electricidad, la Secretar\u00eda de Energ\u00eda inici\u00f3 contactos con los agentes del sector para planear acciones ante los picos de demanda. El Gobierno inici\u00f3 conversaciones con empresas del sector de la\u00a0energ\u00eda el\u00e9ctrica\u00a0para definir un plan de contingencia con el objetivo de\u00a0evitar cortes masivos de luz\u00a0en [&hellip;]<\/p>\n","protected":false},"author":1,"featured_media":45370,"comment_status":"closed","ping_status":"open","sticky":false,"template":"","format":"standard","meta":{"footnotes":""},"categories":[2],"tags":[],"class_list":{"0":"post-45369","1":"post","2":"type-post","3":"status-publish","4":"format-standard","5":"has-post-thumbnail","7":"category-actualidad"},"yoast_head":"<!-- This site is optimized with the Yoast SEO plugin v27.4 - https:\/\/yoast.com\/product\/yoast-seo-wordpress\/ -->\n<title>El Gobierno y las empresas energ\u00e9ticas coordinan un plan para evitar cortes de luz masivos en el verano - El Diario de Tucuman<\/title>\n<meta name=\"robots\" content=\"index, follow, max-snippet:-1, max-image-preview:large, max-video-preview:-1\" \/>\n<link rel=\"canonical\" href=\"https:\/\/www.eldiariodetucuman.com\/web\/el-gobierno-y-las-empresas-energeticas-coordinan-un-plan-para-evitar-cortes-de-luz-masivos-en-el-verano\/\" \/>\n<meta property=\"og:locale\" content=\"es_ES\" \/>\n<meta property=\"og:type\" content=\"article\" \/>\n<meta property=\"og:title\" content=\"El Gobierno y las empresas energ\u00e9ticas coordinan un plan para evitar cortes de luz masivos en el verano - El Diario de Tucuman\" \/>\n<meta property=\"og:description\" content=\"Mientras avanza en licitaciones para mejorar generaci\u00f3n y el almacenamiento de electricidad, la Secretar\u00eda de Energ\u00eda inici\u00f3 contactos con los agentes del sector para planear acciones ante los picos de demanda. El Gobierno inici\u00f3 conversaciones con empresas del sector de la\u00a0energ\u00eda el\u00e9ctrica\u00a0para definir un plan de contingencia con el objetivo de\u00a0evitar cortes masivos de luz\u00a0en [&hellip;]\" \/>\n<meta property=\"og:url\" content=\"https:\/\/www.eldiariodetucuman.com\/web\/el-gobierno-y-las-empresas-energeticas-coordinan-un-plan-para-evitar-cortes-de-luz-masivos-en-el-verano\/\" \/>\n<meta property=\"og:site_name\" content=\"El Diario de Tucuman\" \/>\n<meta property=\"article:published_time\" content=\"2025-08-15T17:30:12+00:00\" \/>\n<meta name=\"author\" content=\"admin\" \/>\n<meta name=\"twitter:card\" content=\"summary_large_image\" \/>\n<meta name=\"twitter:label1\" content=\"Escrito por\" \/>\n\t<meta name=\"twitter:data1\" content=\"admin\" \/>\n\t<meta name=\"twitter:label2\" content=\"Tiempo de lectura\" \/>\n\t<meta name=\"twitter:data2\" content=\"3 minutos\" \/>\n<script type=\"application\/ld+json\" class=\"yoast-schema-graph\">{\"@context\":\"https:\\\/\\\/schema.org\",\"@graph\":[{\"@type\":\"Article\",\"@id\":\"https:\\\/\\\/www.eldiariodetucuman.com\\\/web\\\/el-gobierno-y-las-empresas-energeticas-coordinan-un-plan-para-evitar-cortes-de-luz-masivos-en-el-verano\\\/#article\",\"isPartOf\":{\"@id\":\"https:\\\/\\\/www.eldiariodetucuman.com\\\/web\\\/el-gobierno-y-las-empresas-energeticas-coordinan-un-plan-para-evitar-cortes-de-luz-masivos-en-el-verano\\\/\"},\"author\":{\"name\":\"admin\",\"@id\":\"https:\\\/\\\/www.eldiariodetucuman.com\\\/web\\\/#\\\/schema\\\/person\\\/9250197d75ab5483412e19678b121caa\"},\"headline\":\"El Gobierno y las empresas energ\u00e9ticas coordinan un plan para evitar cortes de luz masivos en el verano\",\"datePublished\":\"2025-08-15T17:30:12+00:00\",\"mainEntityOfPage\":{\"@id\":\"https:\\\/\\\/www.eldiariodetucuman.com\\\/web\\\/el-gobierno-y-las-empresas-energeticas-coordinan-un-plan-para-evitar-cortes-de-luz-masivos-en-el-verano\\\/\"},\"wordCount\":705,\"publisher\":{\"@id\":\"https:\\\/\\\/www.eldiariodetucuman.com\\\/web\\\/#organization\"},\"image\":{\"@id\":\"https:\\\/\\\/www.eldiariodetucuman.com\\\/web\\\/el-gobierno-y-las-empresas-energeticas-coordinan-un-plan-para-evitar-cortes-de-luz-masivos-en-el-verano\\\/#primaryimage\"},\"thumbnailUrl\":\"https:\\\/\\\/www.eldiariodetucuman.com\\\/web\\\/wp-content\\\/uploads\\\/2025\\\/08\\\/El-Gobierno-y-las-empresas-energeticas-coordinan-un-plan-para.png\",\"articleSection\":[\"Actualidad\"],\"inLanguage\":\"es\"},{\"@type\":\"WebPage\",\"@id\":\"https:\\\/\\\/www.eldiariodetucuman.com\\\/web\\\/el-gobierno-y-las-empresas-energeticas-coordinan-un-plan-para-evitar-cortes-de-luz-masivos-en-el-verano\\\/\",\"url\":\"https:\\\/\\\/www.eldiariodetucuman.com\\\/web\\\/el-gobierno-y-las-empresas-energeticas-coordinan-un-plan-para-evitar-cortes-de-luz-masivos-en-el-verano\\\/\",\"name\":\"El Gobierno y las empresas energ\u00e9ticas coordinan un plan para evitar cortes de luz masivos en el verano - El Diario de Tucuman\",\"isPartOf\":{\"@id\":\"https:\\\/\\\/www.eldiariodetucuman.com\\\/web\\\/#website\"},\"primaryImageOfPage\":{\"@id\":\"https:\\\/\\\/www.eldiariodetucuman.com\\\/web\\\/el-gobierno-y-las-empresas-energeticas-coordinan-un-plan-para-evitar-cortes-de-luz-masivos-en-el-verano\\\/#primaryimage\"},\"image\":{\"@id\":\"https:\\\/\\\/www.eldiariodetucuman.com\\\/web\\\/el-gobierno-y-las-empresas-energeticas-coordinan-un-plan-para-evitar-cortes-de-luz-masivos-en-el-verano\\\/#primaryimage\"},\"thumbnailUrl\":\"https:\\\/\\\/www.eldiariodetucuman.com\\\/web\\\/wp-content\\\/uploads\\\/2025\\\/08\\\/El-Gobierno-y-las-empresas-energeticas-coordinan-un-plan-para.png\",\"datePublished\":\"2025-08-15T17:30:12+00:00\",\"breadcrumb\":{\"@id\":\"https:\\\/\\\/www.eldiariodetucuman.com\\\/web\\\/el-gobierno-y-las-empresas-energeticas-coordinan-un-plan-para-evitar-cortes-de-luz-masivos-en-el-verano\\\/#breadcrumb\"},\"inLanguage\":\"es\",\"potentialAction\":[{\"@type\":\"ReadAction\",\"target\":[\"https:\\\/\\\/www.eldiariodetucuman.com\\\/web\\\/el-gobierno-y-las-empresas-energeticas-coordinan-un-plan-para-evitar-cortes-de-luz-masivos-en-el-verano\\\/\"]}]},{\"@type\":\"ImageObject\",\"inLanguage\":\"es\",\"@id\":\"https:\\\/\\\/www.eldiariodetucuman.com\\\/web\\\/el-gobierno-y-las-empresas-energeticas-coordinan-un-plan-para-evitar-cortes-de-luz-masivos-en-el-verano\\\/#primaryimage\",\"url\":\"https:\\\/\\\/www.eldiariodetucuman.com\\\/web\\\/wp-content\\\/uploads\\\/2025\\\/08\\\/El-Gobierno-y-las-empresas-energeticas-coordinan-un-plan-para.png\",\"contentUrl\":\"https:\\\/\\\/www.eldiariodetucuman.com\\\/web\\\/wp-content\\\/uploads\\\/2025\\\/08\\\/El-Gobierno-y-las-empresas-energeticas-coordinan-un-plan-para.png\",\"width\":793,\"height\":416},{\"@type\":\"BreadcrumbList\",\"@id\":\"https:\\\/\\\/www.eldiariodetucuman.com\\\/web\\\/el-gobierno-y-las-empresas-energeticas-coordinan-un-plan-para-evitar-cortes-de-luz-masivos-en-el-verano\\\/#breadcrumb\",\"itemListElement\":[{\"@type\":\"ListItem\",\"position\":1,\"name\":\"Portada\",\"item\":\"https:\\\/\\\/www.eldiariodetucuman.com\\\/web\\\/\"},{\"@type\":\"ListItem\",\"position\":2,\"name\":\"El Gobierno y las empresas energ\u00e9ticas coordinan un plan para evitar cortes de luz masivos en el verano\"}]},{\"@type\":\"WebSite\",\"@id\":\"https:\\\/\\\/www.eldiariodetucuman.com\\\/web\\\/#website\",\"url\":\"https:\\\/\\\/www.eldiariodetucuman.com\\\/web\\\/\",\"name\":\"El Diario de Tucuman\",\"description\":\"Diario Tucuman - Informaci\u00f3n y noticias\",\"publisher\":{\"@id\":\"https:\\\/\\\/www.eldiariodetucuman.com\\\/web\\\/#organization\"},\"potentialAction\":[{\"@type\":\"SearchAction\",\"target\":{\"@type\":\"EntryPoint\",\"urlTemplate\":\"https:\\\/\\\/www.eldiariodetucuman.com\\\/web\\\/?s={search_term_string}\"},\"query-input\":{\"@type\":\"PropertyValueSpecification\",\"valueRequired\":true,\"valueName\":\"search_term_string\"}}],\"inLanguage\":\"es\"},{\"@type\":\"Organization\",\"@id\":\"https:\\\/\\\/www.eldiariodetucuman.com\\\/web\\\/#organization\",\"name\":\"El Diario de Tucuman\",\"url\":\"https:\\\/\\\/www.eldiariodetucuman.com\\\/web\\\/\",\"logo\":{\"@type\":\"ImageObject\",\"inLanguage\":\"es\",\"@id\":\"https:\\\/\\\/www.eldiariodetucuman.com\\\/web\\\/#\\\/schema\\\/logo\\\/image\\\/\",\"url\":\"http:\\\/\\\/www.eldiariodetucuman.com\\\/web\\\/wp-content\\\/uploads\\\/2017\\\/12\\\/el-diario-de-tucuman.jpg\",\"contentUrl\":\"http:\\\/\\\/www.eldiariodetucuman.com\\\/web\\\/wp-content\\\/uploads\\\/2017\\\/12\\\/el-diario-de-tucuman.jpg\",\"width\":272,\"height\":92,\"caption\":\"El Diario de Tucuman\"},\"image\":{\"@id\":\"https:\\\/\\\/www.eldiariodetucuman.com\\\/web\\\/#\\\/schema\\\/logo\\\/image\\\/\"}},{\"@type\":\"Person\",\"@id\":\"https:\\\/\\\/www.eldiariodetucuman.com\\\/web\\\/#\\\/schema\\\/person\\\/9250197d75ab5483412e19678b121caa\",\"name\":\"admin\",\"image\":{\"@type\":\"ImageObject\",\"inLanguage\":\"es\",\"@id\":\"https:\\\/\\\/secure.gravatar.com\\\/avatar\\\/c44d117c2be811212c22cb481f6b8384b6873de103fbc49e7a03cc58d7dea4ac?s=96&d=mm&r=g\",\"url\":\"https:\\\/\\\/secure.gravatar.com\\\/avatar\\\/c44d117c2be811212c22cb481f6b8384b6873de103fbc49e7a03cc58d7dea4ac?s=96&d=mm&r=g\",\"contentUrl\":\"https:\\\/\\\/secure.gravatar.com\\\/avatar\\\/c44d117c2be811212c22cb481f6b8384b6873de103fbc49e7a03cc58d7dea4ac?s=96&d=mm&r=g\",\"caption\":\"admin\"},\"url\":\"https:\\\/\\\/www.eldiariodetucuman.com\\\/web\\\/author\\\/admin\\\/\"}]}<\/script>\n<!-- \/ Yoast SEO plugin. -->","yoast_head_json":{"title":"El Gobierno y las empresas energ\u00e9ticas coordinan un plan para evitar cortes de luz masivos en el verano - El Diario de Tucuman","robots":{"index":"index","follow":"follow","max-snippet":"max-snippet:-1","max-image-preview":"max-image-preview:large","max-video-preview":"max-video-preview:-1"},"canonical":"https:\/\/www.eldiariodetucuman.com\/web\/el-gobierno-y-las-empresas-energeticas-coordinan-un-plan-para-evitar-cortes-de-luz-masivos-en-el-verano\/","og_locale":"es_ES","og_type":"article","og_title":"El Gobierno y las empresas energ\u00e9ticas coordinan un plan para evitar cortes de luz masivos en el verano - El Diario de Tucuman","og_description":"Mientras avanza en licitaciones para mejorar generaci\u00f3n y el almacenamiento de electricidad, la Secretar\u00eda de Energ\u00eda inici\u00f3 contactos con los agentes del sector para planear acciones ante los picos de demanda. El Gobierno inici\u00f3 conversaciones con empresas del sector de la\u00a0energ\u00eda el\u00e9ctrica\u00a0para definir un plan de contingencia con el objetivo de\u00a0evitar cortes masivos de luz\u00a0en [&hellip;]","og_url":"https:\/\/www.eldiariodetucuman.com\/web\/el-gobierno-y-las-empresas-energeticas-coordinan-un-plan-para-evitar-cortes-de-luz-masivos-en-el-verano\/","og_site_name":"El Diario de Tucuman","article_published_time":"2025-08-15T17:30:12+00:00","author":"admin","twitter_card":"summary_large_image","twitter_misc":{"Escrito por":"admin","Tiempo de lectura":"3 minutos"},"schema":{"@context":"https:\/\/schema.org","@graph":[{"@type":"Article","@id":"https:\/\/www.eldiariodetucuman.com\/web\/el-gobierno-y-las-empresas-energeticas-coordinan-un-plan-para-evitar-cortes-de-luz-masivos-en-el-verano\/#article","isPartOf":{"@id":"https:\/\/www.eldiariodetucuman.com\/web\/el-gobierno-y-las-empresas-energeticas-coordinan-un-plan-para-evitar-cortes-de-luz-masivos-en-el-verano\/"},"author":{"name":"admin","@id":"https:\/\/www.eldiariodetucuman.com\/web\/#\/schema\/person\/9250197d75ab5483412e19678b121caa"},"headline":"El Gobierno y las empresas energ\u00e9ticas coordinan un plan para evitar cortes de luz masivos en el verano","datePublished":"2025-08-15T17:30:12+00:00","mainEntityOfPage":{"@id":"https:\/\/www.eldiariodetucuman.com\/web\/el-gobierno-y-las-empresas-energeticas-coordinan-un-plan-para-evitar-cortes-de-luz-masivos-en-el-verano\/"},"wordCount":705,"publisher":{"@id":"https:\/\/www.eldiariodetucuman.com\/web\/#organization"},"image":{"@id":"https:\/\/www.eldiariodetucuman.com\/web\/el-gobierno-y-las-empresas-energeticas-coordinan-un-plan-para-evitar-cortes-de-luz-masivos-en-el-verano\/#primaryimage"},"thumbnailUrl":"https:\/\/www.eldiariodetucuman.com\/web\/wp-content\/uploads\/2025\/08\/El-Gobierno-y-las-empresas-energeticas-coordinan-un-plan-para.png","articleSection":["Actualidad"],"inLanguage":"es"},{"@type":"WebPage","@id":"https:\/\/www.eldiariodetucuman.com\/web\/el-gobierno-y-las-empresas-energeticas-coordinan-un-plan-para-evitar-cortes-de-luz-masivos-en-el-verano\/","url":"https:\/\/www.eldiariodetucuman.com\/web\/el-gobierno-y-las-empresas-energeticas-coordinan-un-plan-para-evitar-cortes-de-luz-masivos-en-el-verano\/","name":"El Gobierno y las empresas energ\u00e9ticas coordinan un plan para evitar cortes de luz masivos en el verano - El Diario de Tucuman","isPartOf":{"@id":"https:\/\/www.eldiariodetucuman.com\/web\/#website"},"primaryImageOfPage":{"@id":"https:\/\/www.eldiariodetucuman.com\/web\/el-gobierno-y-las-empresas-energeticas-coordinan-un-plan-para-evitar-cortes-de-luz-masivos-en-el-verano\/#primaryimage"},"image":{"@id":"https:\/\/www.eldiariodetucuman.com\/web\/el-gobierno-y-las-empresas-energeticas-coordinan-un-plan-para-evitar-cortes-de-luz-masivos-en-el-verano\/#primaryimage"},"thumbnailUrl":"https:\/\/www.eldiariodetucuman.com\/web\/wp-content\/uploads\/2025\/08\/El-Gobierno-y-las-empresas-energeticas-coordinan-un-plan-para.png","datePublished":"2025-08-15T17:30:12+00:00","breadcrumb":{"@id":"https:\/\/www.eldiariodetucuman.com\/web\/el-gobierno-y-las-empresas-energeticas-coordinan-un-plan-para-evitar-cortes-de-luz-masivos-en-el-verano\/#breadcrumb"},"inLanguage":"es","potentialAction":[{"@type":"ReadAction","target":["https:\/\/www.eldiariodetucuman.com\/web\/el-gobierno-y-las-empresas-energeticas-coordinan-un-plan-para-evitar-cortes-de-luz-masivos-en-el-verano\/"]}]},{"@type":"ImageObject","inLanguage":"es","@id":"https:\/\/www.eldiariodetucuman.com\/web\/el-gobierno-y-las-empresas-energeticas-coordinan-un-plan-para-evitar-cortes-de-luz-masivos-en-el-verano\/#primaryimage","url":"https:\/\/www.eldiariodetucuman.com\/web\/wp-content\/uploads\/2025\/08\/El-Gobierno-y-las-empresas-energeticas-coordinan-un-plan-para.png","contentUrl":"https:\/\/www.eldiariodetucuman.com\/web\/wp-content\/uploads\/2025\/08\/El-Gobierno-y-las-empresas-energeticas-coordinan-un-plan-para.png","width":793,"height":416},{"@type":"BreadcrumbList","@id":"https:\/\/www.eldiariodetucuman.com\/web\/el-gobierno-y-las-empresas-energeticas-coordinan-un-plan-para-evitar-cortes-de-luz-masivos-en-el-verano\/#breadcrumb","itemListElement":[{"@type":"ListItem","position":1,"name":"Portada","item":"https:\/\/www.eldiariodetucuman.com\/web\/"},{"@type":"ListItem","position":2,"name":"El Gobierno y las empresas energ\u00e9ticas coordinan un plan para evitar cortes de luz masivos en el verano"}]},{"@type":"WebSite","@id":"https:\/\/www.eldiariodetucuman.com\/web\/#website","url":"https:\/\/www.eldiariodetucuman.com\/web\/","name":"El Diario de Tucuman","description":"Diario Tucuman - Informaci\u00f3n y noticias","publisher":{"@id":"https:\/\/www.eldiariodetucuman.com\/web\/#organization"},"potentialAction":[{"@type":"SearchAction","target":{"@type":"EntryPoint","urlTemplate":"https:\/\/www.eldiariodetucuman.com\/web\/?s={search_term_string}"},"query-input":{"@type":"PropertyValueSpecification","valueRequired":true,"valueName":"search_term_string"}}],"inLanguage":"es"},{"@type":"Organization","@id":"https:\/\/www.eldiariodetucuman.com\/web\/#organization","name":"El Diario de Tucuman","url":"https:\/\/www.eldiariodetucuman.com\/web\/","logo":{"@type":"ImageObject","inLanguage":"es","@id":"https:\/\/www.eldiariodetucuman.com\/web\/#\/schema\/logo\/image\/","url":"http:\/\/www.eldiariodetucuman.com\/web\/wp-content\/uploads\/2017\/12\/el-diario-de-tucuman.jpg","contentUrl":"http:\/\/www.eldiariodetucuman.com\/web\/wp-content\/uploads\/2017\/12\/el-diario-de-tucuman.jpg","width":272,"height":92,"caption":"El Diario de Tucuman"},"image":{"@id":"https:\/\/www.eldiariodetucuman.com\/web\/#\/schema\/logo\/image\/"}},{"@type":"Person","@id":"https:\/\/www.eldiariodetucuman.com\/web\/#\/schema\/person\/9250197d75ab5483412e19678b121caa","name":"admin","image":{"@type":"ImageObject","inLanguage":"es","@id":"https:\/\/secure.gravatar.com\/avatar\/c44d117c2be811212c22cb481f6b8384b6873de103fbc49e7a03cc58d7dea4ac?s=96&d=mm&r=g","url":"https:\/\/secure.gravatar.com\/avatar\/c44d117c2be811212c22cb481f6b8384b6873de103fbc49e7a03cc58d7dea4ac?s=96&d=mm&r=g","contentUrl":"https:\/\/secure.gravatar.com\/avatar\/c44d117c2be811212c22cb481f6b8384b6873de103fbc49e7a03cc58d7dea4ac?s=96&d=mm&r=g","caption":"admin"},"url":"https:\/\/www.eldiariodetucuman.com\/web\/author\/admin\/"}]}},"_links":{"self":[{"href":"https:\/\/www.eldiariodetucuman.com\/web\/wp-json\/wp\/v2\/posts\/45369","targetHints":{"allow":["GET"]}}],"collection":[{"href":"https:\/\/www.eldiariodetucuman.com\/web\/wp-json\/wp\/v2\/posts"}],"about":[{"href":"https:\/\/www.eldiariodetucuman.com\/web\/wp-json\/wp\/v2\/types\/post"}],"author":[{"embeddable":true,"href":"https:\/\/www.eldiariodetucuman.com\/web\/wp-json\/wp\/v2\/users\/1"}],"replies":[{"embeddable":true,"href":"https:\/\/www.eldiariodetucuman.com\/web\/wp-json\/wp\/v2\/comments?post=45369"}],"version-history":[{"count":0,"href":"https:\/\/www.eldiariodetucuman.com\/web\/wp-json\/wp\/v2\/posts\/45369\/revisions"}],"wp:featuredmedia":[{"embeddable":true,"href":"https:\/\/www.eldiariodetucuman.com\/web\/wp-json\/wp\/v2\/media\/45370"}],"wp:attachment":[{"href":"https:\/\/www.eldiariodetucuman.com\/web\/wp-json\/wp\/v2\/media?parent=45369"}],"wp:term":[{"taxonomy":"category","embeddable":true,"href":"https:\/\/www.eldiariodetucuman.com\/web\/wp-json\/wp\/v2\/categories?post=45369"},{"taxonomy":"post_tag","embeddable":true,"href":"https:\/\/www.eldiariodetucuman.com\/web\/wp-json\/wp\/v2\/tags?post=45369"}],"curies":[{"name":"wp","href":"https:\/\/api.w.org\/{rel}","templated":true}]}}