{"id":45366,"date":"2025-08-14T21:33:02","date_gmt":"2025-08-15T00:33:02","guid":{"rendered":"https:\/\/www.eldiariodetucuman.com\/web\/milei-lanza-la-campana-bonaerense-en-la-plata-con-la-mira-en-kicillof-y-el-kirchnerismo\/"},"modified":"2025-08-14T21:33:05","modified_gmt":"2025-08-15T00:33:05","slug":"milei-lanza-la-campana-bonaerense-en-la-plata-con-la-mira-en-kicillof-y-el-kirchnerismo","status":"publish","type":"post","link":"https:\/\/www.eldiariodetucuman.com\/web\/milei-lanza-la-campana-bonaerense-en-la-plata-con-la-mira-en-kicillof-y-el-kirchnerismo\/","title":{"rendered":"Milei lanza la campa\u00f1a bonaerense en La Plata con la mira en Kicillof y el kirchnerismo"},"content":{"rendered":"<p><\/p>\n<p class=\"com-paragraph   --s\"><strong>Javier Milei <\/strong>encabez\u00f3 esta tarde el <strong>acto de lanzamiento de la campa\u00f1a bonaerense, <\/strong>donde present\u00f3 a sus candidatos para las distintas secciones electorales. A lo largo de su discurso en el Club Atenas, el mandatario opt\u00f3 por polarizar con el gobernador <strong>Axel Kicillof, <\/strong>a quien le dedic\u00f3 una serie de insultos y lo acus\u00f3 de <strong>\u201cpsicopatear a la poblaci\u00f3n\u201d.<\/strong> As\u00ed, destin\u00f3 duras cr\u00edticas contra la gesti\u00f3n bonaerense y reforz\u00f3 la controvertida consigna de <strong>\u201cKirchnerismo Nunca M\u00e1s\u201d<\/strong>. <\/p>\n<p class=\"com-paragraph   --s\">Adem\u00e1s, Milei asoci\u00f3 al peronismo con el esc\u00e1ndalo del fentanilo y dijo que quienes votan al kirchnerismo han sido infectados \u201ccon par\u00e1sitos mentales\u201d. Bajo estos argumentos es que reclam\u00f3 la participaci\u00f3n del electorado en las pr\u00f3ximas de medio t\u00e9rmino. <\/p>\n<p class=\"com-paragraph   --s\">\u201cLos bonaerenses de bien no pueden permitir que se salgan con la suya. Hay que votar como si se tratara de un acto de defensa personal. Si no votan un cambio, van a votar los otros, los clientes o \u00f1oquis del gobierno provincial\u201d, advirti\u00f3 Milei. <strong>\u201cPocos recuerdan un momento en que la Provincia haya estado peor que ahora\u201d,<\/strong> sentenci\u00f3. <\/p>\n<p class=\"com-paragraph   --s\">\u201cTenemos el agregado de la negaci\u00f3n constante e indiferencia de un gobierno provincial que parece creer lo que repiten como loros sus periodistas ensobrados. Tan acostumbrados est\u00e1n los bonaerenses que muchos se resignaron y dejaron de creer en un futuro mejor\u201d, apunt\u00f3. <\/p>\n<p class=\"com-paragraph   --s\"><strong>\u201cKicillof y sus secuaces psicopatean a toda la poblaci\u00f3n para que est\u00e9n agradecidos con ellos. <\/strong>Dicen que si no fuera por ellos, no tendr\u00edan nada. Un delirio propio del tirano de aldea, el comunista enano de Kicillof\u201d, arremeti\u00f3 Milei contra el gobernador bonaerense. <\/p>\n<p class=\"com-paragraph   --s\">\u201cEl Estado es para sus amigos. Emprender en la Provincia es una odisea griega. O una mara\u00f1a administrativa que, regulaci\u00f3n tras regulaci\u00f3n, entorpece la regulaci\u00f3n de riqueza y exigen coimas para destrabar problemas que ellos mismos imponen. Ya empezamos con la jefa de la banda\u201d, ironiz\u00f3 Milei en alusi\u00f3n a la expresidenta Cristina Kirchner, a quien suele calificar de esta forma. <\/p>\n<p class=\"com-paragraph   --s\">En esa misma l\u00ednea, el Presidente asegur\u00f3 que el gobernador de la Provincia \u201cno hace otra cosa que darle la espalda a la gente\u201d y lo acus\u00f3 de endeudar a los bonaerenses. \u201cGasta mal y el orden de prioridades est\u00e1 roto. <strong>La Provincia es un ba\u00f1o de sangre\u201d,<\/strong> denunci\u00f3. <\/p>\n<p class=\"com-paragraph   --s\">En otro de su discurso, Milei se refiri\u00f3 al esc\u00e1ndalo por el fentanilo contaminado por el que ya murieron 87 personas. \u201c\u00bfLes parece casualidad que el jefe que tiene la causa [por Ernesto Kreplak] sea el hermano de un ministro de Kicillof? Ese es el modelo del amiguismo que destruy\u00f3 el pa\u00eds y no quieren soltar en esta provincia\u201d, cuestion\u00f3 el mandatario. <\/p>\n<p class=\"com-paragraph   --s\">\u201cD\u00e9cadas de este modelo no podr\u00edan arrojar otro resultado como el que vemos hoy. Quieren llevarnos a Venezuela, Cuba, Corea del Norte. Quieren que seamos esclavos como en el comunismo\u201d, arremeti\u00f3 luego. \u201cEn el fondo, son zombies. Son termos. Son cabeza de pulpo\u201d, dispar\u00f3 el jefe de Estado. <\/p>\n<p class=\"com-paragraph   --s\">Entonces, Milei asegur\u00f3 que LLA lleg\u00f3 \u201cpara hacer grande a la Argentina nuevamente\u201d. Y en un nuevo dardo dirigido a la exmandataria marc\u00f3: \u201c\u00bfQu\u00e9 podemos esperar con gente que rob\u00f3 tanto y que ahora solo puede salir a saludar al balc\u00f3n a dos personas que la van a visitar [Cristina Kirchner]\u201d.<\/p>\n<p class=\"com-paragraph   --s\">\u201cNuestra tarea es venir a quitar el velo de la mentira. Es por eso hoy vamos a las elecciones diciendo kirchnerismo nunca m\u00e1s\u201d, insisti\u00f3 Milei, parafraseando la frase emblem\u00e1tica del informe de la Conadep. Y en alusi\u00f3n a las cr\u00edticas de la oposici\u00f3n que cuestion\u00f3 el uso de un s\u00edmbolo de los derechos humanos, replic\u00f3: No vamos a aceptar que supuestos paladines de la moral, defensores de dictaduras en curso, rechacen el uso de \u2018Nunca M\u00e1s\u2019. Nunca m\u00e1s es el consenso de que hay experiencias da\u00f1inas que como sociedad no queremos nunca jam\u00e1s repetir. El kirchnerismo es una de ellas\u201d.<\/p>\n<p class=\"com-paragraph   --s\">Pasadas las 19, el armador bonaerense Sebasti\u00e1n dio inicio al acto libertario y cedi\u00f3 la palabra al intendente de Tres de Febrero, Diego Valenzuela, uno de los candidatos de las ocho secciones electorales que ofici\u00f3 como orador previo al discurso de cierre del Presidente<strong>.<\/strong><\/p>\n<p class=\"com-paragraph   --s\">\u201cLos argentinos ya sabemos, gracias al Presidente Milei, que menos impuestos es m\u00e1s trabajo. Hay que reformar el Estado y ordenar las cuentas. Nosotros ya lo hicimos en Tres de Febrero y lo queremos hacer en muchos lugares m\u00e1s\u201d, destac\u00f3 Valenzuela. <\/p>\n<p class=\"com-paragraph   --s\">\u201cPara salir del abandono, vamos por m\u00e1s seguridad. El que las hace las paga. Siempre del lado de las v\u00edctimas. Vamos por m\u00e1s laburo. A cortar con las tasas absurdas que hay en la provincia de Buenos Aires\u201d, reclam\u00f3 el candidato por la primera secci\u00f3n electoral. A \u00e9l le siguieron el resto de los referentes que encabezar\u00e1n las boletas en la disputa provincial,<strong> Natalia Blanco, Maximiliano Bondarenko, Gonzalo Cabezas, Guillermo Montenegro, Oscar Liberman, Alejandro Speroni y Francisco Adorni. <\/strong><\/p>\n<p class=\"com-paragraph   --s\">A su turno, Bondarenko reclam\u00f3 a la militancia all\u00ed presente cuidar los votos. \u201cSoy un polic\u00eda que viene a hacer pol\u00edtica. Voy a ser vigilante toda mi vida lamentablemente. Yo no les voy a contar lo que se vive en la calle, lo saben m\u00e1s que nadie. Cada uno de nosotros somos una bolilla dentro de un bolillero para los delincuentes. Todos los d\u00edas la est\u00e1n girando y sacan un n\u00famero\u201d, apunt\u00f3. <\/p>\n<p class=\"com-paragraph   --s\">\u201cLo \u00fanico que les pido es lo siguiente: el 7 de septiembre si\u00e9ntanse empoderados como si fueran un soldado de San Mart\u00edn para cuidar ese voto, que nos va a sacar de esto. Ustedes son los responsables y protagonistas\u201d, reclam\u00f3 luego. <\/p>\n<p class=\"com-paragraph   --s\">Bajo la consigna<strong> \u201cKirchnerismo Nunca M\u00e1s\u201d, <\/strong>el controvertido slogan con el que LLA lanz\u00f3 su campa\u00f1a en la Provincia, el oficialismo convoc\u00f3 a su militancia a participar del acto, situado a solo <strong>doce cuadras de la gobernaci\u00f3n<\/strong> bonaerense, en un claro desaf\u00edo a Axel Kicillof.<\/p>\n<p>Bondarenko en el acto libertario en la ciudad de La PlataCaptura de video<\/p>\n<p class=\"com-paragraph   --s\">Durante el evento, Milei estuvo acompa\u00f1ado por la secretaria general de la Presidencia, Karina Milei, y gran parte de su gabinete. Otros referentes claves dentro del armado, como el titular de LLA en Provincia, Sebasti\u00e1n Pareja, y los hermanos <strong>Mart\u00edn y Eduardo \u201cLule\u201d Menem<\/strong>, tambi\u00e9n participaron del encuentro.<\/p>\n<p>El acto de Javier Milei en La Plata est\u00e1 programado para las 17hs<\/p>\n<p class=\"com-paragraph   --s\">Uno de los primeros en llegar al Club Atenas fue el armador en la provincia, <strong>Sebasti\u00e1n Pareja<\/strong>, quien podr\u00eda ocupar un lugar en las listas a legisladores nacionales. Le siguieron los dirigentes de Pro y art\u00edfices del acuerdo electoral con LLA, Cristian Ritondo y Diego Santilli. <\/p>\n<p class=\"com-paragraph   --s\">\u201cEste es el acto de la alianza con LLA. Hoy se presentan todos los candidatos. Hay muchos del Pro. Pero a m\u00ed no me importa lo que gane el Pro, sino los bonaerenses\u201d, destac\u00f3 Ritondo, en di\u00e1logo con TN, previo a ingresar al Club Atenas. <\/p>\n<p>Javier Milei lanza la campa\u00f1a de La Libertad Avanza en La Plata<\/p>\n<p class=\"com-paragraph   --s\">\u201cNosotros estamos acompa\u00f1ando lo que la sociedad nos pide. Yo voy a estar donde me pidan. Nos une el equilibrio fiscal, la recuperaci\u00f3n de la matriz productiva, poder elegir cu\u00e1l ser\u00e1 nuestro futuro. No todos est\u00e1n de acuerdo con todo\u201d, aclar\u00f3, por su parte, Santilli. <\/p>\n<p class=\"com-paragraph   --s\">Bajo una l\u00ednea similar se expres\u00f3 el intendente de General Pueyrred\u00f3n, y principal candidato por la quinta secci\u00f3n electoral, Guillermo Montenegro. \u201cLo que estamos buscando es terminar con el kirchnerismo en la provincia de Buenos Aires. Estamos convencidos de que este es un gobierno que ha defendido a los delincuentes y que ha trabajado en la defensa de los usurpadores. Todo lo que estamos tratando de generar es un defensa muy clara del que invierte y del privado, del que busca movilizar la econom\u00eda\u201d, se\u00f1al\u00f3 Montenegro en la previa del acto. <\/p>\n<p class=\"com-paragraph   --s\">El candidato por la quinta secci\u00f3n, se refiri\u00f3 a las cr\u00edticas por parte de algunos referentes de Pro que cuestionan la alianza con LLA. \u201cSiempre dije lo mismo, el que hoy no est\u00e1 en la oposici\u00f3n al gobierno provincial est\u00e1 siendo funcional al kirchnerismo\u201d, sentenci\u00f3 al respecto. <\/p>\n<p>La previa del acto de Javier Milei en el Club Atenas de ciudad de La PlataIgnacio Amiconi &#8211; LA NACION<\/p>\n<p class=\"com-paragraph   --s\">El lanzamiento formal de la campa\u00f1a se da tras el desembarco de Milei en La Matanza, donde el mandatario pos\u00f3 junto a los principales candidatos que competir\u00e1n en los comicios bonaerenses exhibiendo una bandera con la tipograf\u00eda de la portada del informe \u201cNunca M\u00e1s\u201d, lo que suscit\u00f3 todo tipo de cr\u00edticas por parte de la oposici\u00f3n. <\/p>\n<p class=\"com-paragraph   --s\">El acto de lanzamiento se enmarca adem\u00e1s sobre el filo de la inscripci\u00f3n de candidaturas nacionales rumbo a las elecciones del 26 de octubre. <\/p>\n<p class=\"com-paragraph   --s\"><strong>Noticia en desarrollo<\/strong><\/p>\n<p><a href=\"https:\/\/www.lanacion.com.ar\/politica\/con-un-acto-en-la-plata-milei-inaugura-la-campana-en-la-provincia-de-buenos-aires-nid14082025\/\">Fuente de la nota <\/a><\/p>\n","protected":false},"excerpt":{"rendered":"<p>Javier Milei encabez\u00f3 esta tarde el acto de lanzamiento de la campa\u00f1a bonaerense, donde present\u00f3 a sus candidatos para las distintas secciones electorales. A lo largo de su discurso en el Club Atenas, el mandatario opt\u00f3 por polarizar con el gobernador Axel Kicillof, a quien le dedic\u00f3 una serie de insultos y lo acus\u00f3 de [&hellip;]<\/p>\n","protected":false},"author":5,"featured_media":45367,"comment_status":"closed","ping_status":"open","sticky":false,"template":"","format":"standard","meta":{"footnotes":""},"categories":[3],"tags":[],"class_list":{"0":"post-45366","1":"post","2":"type-post","3":"status-publish","4":"format-standard","5":"has-post-thumbnail","7":"category-politica"},"yoast_head":"<!-- This site is optimized with the Yoast SEO plugin v27.4 - https:\/\/yoast.com\/product\/yoast-seo-wordpress\/ -->\n<title>Milei lanza la campa\u00f1a bonaerense en La Plata con la mira en Kicillof y el kirchnerismo - El Diario de Tucuman<\/title>\n<meta name=\"robots\" content=\"index, follow, max-snippet:-1, max-image-preview:large, max-video-preview:-1\" \/>\n<link rel=\"canonical\" href=\"https:\/\/www.eldiariodetucuman.com\/web\/milei-lanza-la-campana-bonaerense-en-la-plata-con-la-mira-en-kicillof-y-el-kirchnerismo\/\" \/>\n<meta property=\"og:locale\" content=\"es_ES\" \/>\n<meta property=\"og:type\" content=\"article\" \/>\n<meta property=\"og:title\" content=\"Milei lanza la campa\u00f1a bonaerense en La Plata con la mira en Kicillof y el kirchnerismo - El Diario de Tucuman\" \/>\n<meta property=\"og:description\" content=\"Javier Milei encabez\u00f3 esta tarde el acto de lanzamiento de la campa\u00f1a bonaerense, donde present\u00f3 a sus candidatos para las distintas secciones electorales. A lo largo de su discurso en el Club Atenas, el mandatario opt\u00f3 por polarizar con el gobernador Axel Kicillof, a quien le dedic\u00f3 una serie de insultos y lo acus\u00f3 de [&hellip;]\" \/>\n<meta property=\"og:url\" content=\"https:\/\/www.eldiariodetucuman.com\/web\/milei-lanza-la-campana-bonaerense-en-la-plata-con-la-mira-en-kicillof-y-el-kirchnerismo\/\" \/>\n<meta property=\"og:site_name\" content=\"El Diario de Tucuman\" \/>\n<meta property=\"article:published_time\" content=\"2025-08-15T00:33:02+00:00\" \/>\n<meta property=\"article:modified_time\" content=\"2025-08-15T00:33:05+00:00\" \/>\n<meta property=\"og:image\" content=\"https:\/\/www.eldiariodetucuman.com\/web\/wp-content\/uploads\/2025\/08\/javier-milei-en-el-acto-de-la-CZEFUFLN3BDSRJ4LJWTLUOPME4.jpg\" \/>\n\t<meta property=\"og:image:width\" content=\"1200\" \/>\n\t<meta property=\"og:image:height\" content=\"800\" \/>\n\t<meta property=\"og:image:type\" content=\"image\/jpeg\" \/>\n<meta name=\"author\" content=\"Redactor Uno\" \/>\n<meta name=\"twitter:card\" content=\"summary_large_image\" \/>\n<meta name=\"twitter:label1\" content=\"Escrito por\" \/>\n\t<meta name=\"twitter:data1\" content=\"Redactor Uno\" \/>\n\t<meta name=\"twitter:label2\" content=\"Tiempo de lectura\" \/>\n\t<meta name=\"twitter:data2\" content=\"7 minutos\" \/>\n<script type=\"application\/ld+json\" class=\"yoast-schema-graph\">{\"@context\":\"https:\\\/\\\/schema.org\",\"@graph\":[{\"@type\":\"Article\",\"@id\":\"https:\\\/\\\/www.eldiariodetucuman.com\\\/web\\\/milei-lanza-la-campana-bonaerense-en-la-plata-con-la-mira-en-kicillof-y-el-kirchnerismo\\\/#article\",\"isPartOf\":{\"@id\":\"https:\\\/\\\/www.eldiariodetucuman.com\\\/web\\\/milei-lanza-la-campana-bonaerense-en-la-plata-con-la-mira-en-kicillof-y-el-kirchnerismo\\\/\"},\"author\":{\"name\":\"Redactor Uno\",\"@id\":\"https:\\\/\\\/www.eldiariodetucuman.com\\\/web\\\/#\\\/schema\\\/person\\\/7e6644a46e60888f6b868594407e08dd\"},\"headline\":\"Milei lanza la campa\u00f1a bonaerense en La Plata con la mira en Kicillof y el kirchnerismo\",\"datePublished\":\"2025-08-15T00:33:02+00:00\",\"dateModified\":\"2025-08-15T00:33:05+00:00\",\"mainEntityOfPage\":{\"@id\":\"https:\\\/\\\/www.eldiariodetucuman.com\\\/web\\\/milei-lanza-la-campana-bonaerense-en-la-plata-con-la-mira-en-kicillof-y-el-kirchnerismo\\\/\"},\"wordCount\":1515,\"publisher\":{\"@id\":\"https:\\\/\\\/www.eldiariodetucuman.com\\\/web\\\/#organization\"},\"image\":{\"@id\":\"https:\\\/\\\/www.eldiariodetucuman.com\\\/web\\\/milei-lanza-la-campana-bonaerense-en-la-plata-con-la-mira-en-kicillof-y-el-kirchnerismo\\\/#primaryimage\"},\"thumbnailUrl\":\"https:\\\/\\\/www.eldiariodetucuman.com\\\/web\\\/wp-content\\\/uploads\\\/2025\\\/08\\\/javier-milei-en-el-acto-de-la-CZEFUFLN3BDSRJ4LJWTLUOPME4.jpg\",\"articleSection\":[\"Politica\"],\"inLanguage\":\"es\"},{\"@type\":\"WebPage\",\"@id\":\"https:\\\/\\\/www.eldiariodetucuman.com\\\/web\\\/milei-lanza-la-campana-bonaerense-en-la-plata-con-la-mira-en-kicillof-y-el-kirchnerismo\\\/\",\"url\":\"https:\\\/\\\/www.eldiariodetucuman.com\\\/web\\\/milei-lanza-la-campana-bonaerense-en-la-plata-con-la-mira-en-kicillof-y-el-kirchnerismo\\\/\",\"name\":\"Milei lanza la campa\u00f1a bonaerense en La Plata con la mira en Kicillof y el kirchnerismo - El Diario de Tucuman\",\"isPartOf\":{\"@id\":\"https:\\\/\\\/www.eldiariodetucuman.com\\\/web\\\/#website\"},\"primaryImageOfPage\":{\"@id\":\"https:\\\/\\\/www.eldiariodetucuman.com\\\/web\\\/milei-lanza-la-campana-bonaerense-en-la-plata-con-la-mira-en-kicillof-y-el-kirchnerismo\\\/#primaryimage\"},\"image\":{\"@id\":\"https:\\\/\\\/www.eldiariodetucuman.com\\\/web\\\/milei-lanza-la-campana-bonaerense-en-la-plata-con-la-mira-en-kicillof-y-el-kirchnerismo\\\/#primaryimage\"},\"thumbnailUrl\":\"https:\\\/\\\/www.eldiariodetucuman.com\\\/web\\\/wp-content\\\/uploads\\\/2025\\\/08\\\/javier-milei-en-el-acto-de-la-CZEFUFLN3BDSRJ4LJWTLUOPME4.jpg\",\"datePublished\":\"2025-08-15T00:33:02+00:00\",\"dateModified\":\"2025-08-15T00:33:05+00:00\",\"breadcrumb\":{\"@id\":\"https:\\\/\\\/www.eldiariodetucuman.com\\\/web\\\/milei-lanza-la-campana-bonaerense-en-la-plata-con-la-mira-en-kicillof-y-el-kirchnerismo\\\/#breadcrumb\"},\"inLanguage\":\"es\",\"potentialAction\":[{\"@type\":\"ReadAction\",\"target\":[\"https:\\\/\\\/www.eldiariodetucuman.com\\\/web\\\/milei-lanza-la-campana-bonaerense-en-la-plata-con-la-mira-en-kicillof-y-el-kirchnerismo\\\/\"]}]},{\"@type\":\"ImageObject\",\"inLanguage\":\"es\",\"@id\":\"https:\\\/\\\/www.eldiariodetucuman.com\\\/web\\\/milei-lanza-la-campana-bonaerense-en-la-plata-con-la-mira-en-kicillof-y-el-kirchnerismo\\\/#primaryimage\",\"url\":\"https:\\\/\\\/www.eldiariodetucuman.com\\\/web\\\/wp-content\\\/uploads\\\/2025\\\/08\\\/javier-milei-en-el-acto-de-la-CZEFUFLN3BDSRJ4LJWTLUOPME4.jpg\",\"contentUrl\":\"https:\\\/\\\/www.eldiariodetucuman.com\\\/web\\\/wp-content\\\/uploads\\\/2025\\\/08\\\/javier-milei-en-el-acto-de-la-CZEFUFLN3BDSRJ4LJWTLUOPME4.jpg\",\"width\":1200,\"height\":800},{\"@type\":\"BreadcrumbList\",\"@id\":\"https:\\\/\\\/www.eldiariodetucuman.com\\\/web\\\/milei-lanza-la-campana-bonaerense-en-la-plata-con-la-mira-en-kicillof-y-el-kirchnerismo\\\/#breadcrumb\",\"itemListElement\":[{\"@type\":\"ListItem\",\"position\":1,\"name\":\"Portada\",\"item\":\"https:\\\/\\\/www.eldiariodetucuman.com\\\/web\\\/\"},{\"@type\":\"ListItem\",\"position\":2,\"name\":\"Milei lanza la campa\u00f1a bonaerense en La Plata con la mira en Kicillof y el kirchnerismo\"}]},{\"@type\":\"WebSite\",\"@id\":\"https:\\\/\\\/www.eldiariodetucuman.com\\\/web\\\/#website\",\"url\":\"https:\\\/\\\/www.eldiariodetucuman.com\\\/web\\\/\",\"name\":\"El Diario de Tucuman\",\"description\":\"Diario Tucuman - Informaci\u00f3n y noticias\",\"publisher\":{\"@id\":\"https:\\\/\\\/www.eldiariodetucuman.com\\\/web\\\/#organization\"},\"potentialAction\":[{\"@type\":\"SearchAction\",\"target\":{\"@type\":\"EntryPoint\",\"urlTemplate\":\"https:\\\/\\\/www.eldiariodetucuman.com\\\/web\\\/?s={search_term_string}\"},\"query-input\":{\"@type\":\"PropertyValueSpecification\",\"valueRequired\":true,\"valueName\":\"search_term_string\"}}],\"inLanguage\":\"es\"},{\"@type\":\"Organization\",\"@id\":\"https:\\\/\\\/www.eldiariodetucuman.com\\\/web\\\/#organization\",\"name\":\"El Diario de Tucuman\",\"url\":\"https:\\\/\\\/www.eldiariodetucuman.com\\\/web\\\/\",\"logo\":{\"@type\":\"ImageObject\",\"inLanguage\":\"es\",\"@id\":\"https:\\\/\\\/www.eldiariodetucuman.com\\\/web\\\/#\\\/schema\\\/logo\\\/image\\\/\",\"url\":\"http:\\\/\\\/www.eldiariodetucuman.com\\\/web\\\/wp-content\\\/uploads\\\/2017\\\/12\\\/el-diario-de-tucuman.jpg\",\"contentUrl\":\"http:\\\/\\\/www.eldiariodetucuman.com\\\/web\\\/wp-content\\\/uploads\\\/2017\\\/12\\\/el-diario-de-tucuman.jpg\",\"width\":272,\"height\":92,\"caption\":\"El Diario de Tucuman\"},\"image\":{\"@id\":\"https:\\\/\\\/www.eldiariodetucuman.com\\\/web\\\/#\\\/schema\\\/logo\\\/image\\\/\"}},{\"@type\":\"Person\",\"@id\":\"https:\\\/\\\/www.eldiariodetucuman.com\\\/web\\\/#\\\/schema\\\/person\\\/7e6644a46e60888f6b868594407e08dd\",\"name\":\"Redactor Uno\",\"image\":{\"@type\":\"ImageObject\",\"inLanguage\":\"es\",\"@id\":\"https:\\\/\\\/secure.gravatar.com\\\/avatar\\\/0049b1bdf1bd548385c9ea6b9356431717930913089febd2ba904f0187d7d074?s=96&d=mm&r=g\",\"url\":\"https:\\\/\\\/secure.gravatar.com\\\/avatar\\\/0049b1bdf1bd548385c9ea6b9356431717930913089febd2ba904f0187d7d074?s=96&d=mm&r=g\",\"contentUrl\":\"https:\\\/\\\/secure.gravatar.com\\\/avatar\\\/0049b1bdf1bd548385c9ea6b9356431717930913089febd2ba904f0187d7d074?s=96&d=mm&r=g\",\"caption\":\"Redactor Uno\"},\"url\":\"https:\\\/\\\/www.eldiariodetucuman.com\\\/web\\\/author\\\/mramasco\\\/\"}]}<\/script>\n<!-- \/ Yoast SEO plugin. -->","yoast_head_json":{"title":"Milei lanza la campa\u00f1a bonaerense en La Plata con la mira en Kicillof y el kirchnerismo - El Diario de Tucuman","robots":{"index":"index","follow":"follow","max-snippet":"max-snippet:-1","max-image-preview":"max-image-preview:large","max-video-preview":"max-video-preview:-1"},"canonical":"https:\/\/www.eldiariodetucuman.com\/web\/milei-lanza-la-campana-bonaerense-en-la-plata-con-la-mira-en-kicillof-y-el-kirchnerismo\/","og_locale":"es_ES","og_type":"article","og_title":"Milei lanza la campa\u00f1a bonaerense en La Plata con la mira en Kicillof y el kirchnerismo - El Diario de Tucuman","og_description":"Javier Milei encabez\u00f3 esta tarde el acto de lanzamiento de la campa\u00f1a bonaerense, donde present\u00f3 a sus candidatos para las distintas secciones electorales. A lo largo de su discurso en el Club Atenas, el mandatario opt\u00f3 por polarizar con el gobernador Axel Kicillof, a quien le dedic\u00f3 una serie de insultos y lo acus\u00f3 de [&hellip;]","og_url":"https:\/\/www.eldiariodetucuman.com\/web\/milei-lanza-la-campana-bonaerense-en-la-plata-con-la-mira-en-kicillof-y-el-kirchnerismo\/","og_site_name":"El Diario de Tucuman","article_published_time":"2025-08-15T00:33:02+00:00","article_modified_time":"2025-08-15T00:33:05+00:00","og_image":[{"width":1200,"height":800,"url":"https:\/\/www.eldiariodetucuman.com\/web\/wp-content\/uploads\/2025\/08\/javier-milei-en-el-acto-de-la-CZEFUFLN3BDSRJ4LJWTLUOPME4.jpg","type":"image\/jpeg"}],"author":"Redactor Uno","twitter_card":"summary_large_image","twitter_misc":{"Escrito por":"Redactor Uno","Tiempo de lectura":"7 minutos"},"schema":{"@context":"https:\/\/schema.org","@graph":[{"@type":"Article","@id":"https:\/\/www.eldiariodetucuman.com\/web\/milei-lanza-la-campana-bonaerense-en-la-plata-con-la-mira-en-kicillof-y-el-kirchnerismo\/#article","isPartOf":{"@id":"https:\/\/www.eldiariodetucuman.com\/web\/milei-lanza-la-campana-bonaerense-en-la-plata-con-la-mira-en-kicillof-y-el-kirchnerismo\/"},"author":{"name":"Redactor Uno","@id":"https:\/\/www.eldiariodetucuman.com\/web\/#\/schema\/person\/7e6644a46e60888f6b868594407e08dd"},"headline":"Milei lanza la campa\u00f1a bonaerense en La Plata con la mira en Kicillof y el kirchnerismo","datePublished":"2025-08-15T00:33:02+00:00","dateModified":"2025-08-15T00:33:05+00:00","mainEntityOfPage":{"@id":"https:\/\/www.eldiariodetucuman.com\/web\/milei-lanza-la-campana-bonaerense-en-la-plata-con-la-mira-en-kicillof-y-el-kirchnerismo\/"},"wordCount":1515,"publisher":{"@id":"https:\/\/www.eldiariodetucuman.com\/web\/#organization"},"image":{"@id":"https:\/\/www.eldiariodetucuman.com\/web\/milei-lanza-la-campana-bonaerense-en-la-plata-con-la-mira-en-kicillof-y-el-kirchnerismo\/#primaryimage"},"thumbnailUrl":"https:\/\/www.eldiariodetucuman.com\/web\/wp-content\/uploads\/2025\/08\/javier-milei-en-el-acto-de-la-CZEFUFLN3BDSRJ4LJWTLUOPME4.jpg","articleSection":["Politica"],"inLanguage":"es"},{"@type":"WebPage","@id":"https:\/\/www.eldiariodetucuman.com\/web\/milei-lanza-la-campana-bonaerense-en-la-plata-con-la-mira-en-kicillof-y-el-kirchnerismo\/","url":"https:\/\/www.eldiariodetucuman.com\/web\/milei-lanza-la-campana-bonaerense-en-la-plata-con-la-mira-en-kicillof-y-el-kirchnerismo\/","name":"Milei lanza la campa\u00f1a bonaerense en La Plata con la mira en Kicillof y el kirchnerismo - El Diario de Tucuman","isPartOf":{"@id":"https:\/\/www.eldiariodetucuman.com\/web\/#website"},"primaryImageOfPage":{"@id":"https:\/\/www.eldiariodetucuman.com\/web\/milei-lanza-la-campana-bonaerense-en-la-plata-con-la-mira-en-kicillof-y-el-kirchnerismo\/#primaryimage"},"image":{"@id":"https:\/\/www.eldiariodetucuman.com\/web\/milei-lanza-la-campana-bonaerense-en-la-plata-con-la-mira-en-kicillof-y-el-kirchnerismo\/#primaryimage"},"thumbnailUrl":"https:\/\/www.eldiariodetucuman.com\/web\/wp-content\/uploads\/2025\/08\/javier-milei-en-el-acto-de-la-CZEFUFLN3BDSRJ4LJWTLUOPME4.jpg","datePublished":"2025-08-15T00:33:02+00:00","dateModified":"2025-08-15T00:33:05+00:00","breadcrumb":{"@id":"https:\/\/www.eldiariodetucuman.com\/web\/milei-lanza-la-campana-bonaerense-en-la-plata-con-la-mira-en-kicillof-y-el-kirchnerismo\/#breadcrumb"},"inLanguage":"es","potentialAction":[{"@type":"ReadAction","target":["https:\/\/www.eldiariodetucuman.com\/web\/milei-lanza-la-campana-bonaerense-en-la-plata-con-la-mira-en-kicillof-y-el-kirchnerismo\/"]}]},{"@type":"ImageObject","inLanguage":"es","@id":"https:\/\/www.eldiariodetucuman.com\/web\/milei-lanza-la-campana-bonaerense-en-la-plata-con-la-mira-en-kicillof-y-el-kirchnerismo\/#primaryimage","url":"https:\/\/www.eldiariodetucuman.com\/web\/wp-content\/uploads\/2025\/08\/javier-milei-en-el-acto-de-la-CZEFUFLN3BDSRJ4LJWTLUOPME4.jpg","contentUrl":"https:\/\/www.eldiariodetucuman.com\/web\/wp-content\/uploads\/2025\/08\/javier-milei-en-el-acto-de-la-CZEFUFLN3BDSRJ4LJWTLUOPME4.jpg","width":1200,"height":800},{"@type":"BreadcrumbList","@id":"https:\/\/www.eldiariodetucuman.com\/web\/milei-lanza-la-campana-bonaerense-en-la-plata-con-la-mira-en-kicillof-y-el-kirchnerismo\/#breadcrumb","itemListElement":[{"@type":"ListItem","position":1,"name":"Portada","item":"https:\/\/www.eldiariodetucuman.com\/web\/"},{"@type":"ListItem","position":2,"name":"Milei lanza la campa\u00f1a bonaerense en La Plata con la mira en Kicillof y el kirchnerismo"}]},{"@type":"WebSite","@id":"https:\/\/www.eldiariodetucuman.com\/web\/#website","url":"https:\/\/www.eldiariodetucuman.com\/web\/","name":"El Diario de Tucuman","description":"Diario Tucuman - Informaci\u00f3n y noticias","publisher":{"@id":"https:\/\/www.eldiariodetucuman.com\/web\/#organization"},"potentialAction":[{"@type":"SearchAction","target":{"@type":"EntryPoint","urlTemplate":"https:\/\/www.eldiariodetucuman.com\/web\/?s={search_term_string}"},"query-input":{"@type":"PropertyValueSpecification","valueRequired":true,"valueName":"search_term_string"}}],"inLanguage":"es"},{"@type":"Organization","@id":"https:\/\/www.eldiariodetucuman.com\/web\/#organization","name":"El Diario de Tucuman","url":"https:\/\/www.eldiariodetucuman.com\/web\/","logo":{"@type":"ImageObject","inLanguage":"es","@id":"https:\/\/www.eldiariodetucuman.com\/web\/#\/schema\/logo\/image\/","url":"http:\/\/www.eldiariodetucuman.com\/web\/wp-content\/uploads\/2017\/12\/el-diario-de-tucuman.jpg","contentUrl":"http:\/\/www.eldiariodetucuman.com\/web\/wp-content\/uploads\/2017\/12\/el-diario-de-tucuman.jpg","width":272,"height":92,"caption":"El Diario de Tucuman"},"image":{"@id":"https:\/\/www.eldiariodetucuman.com\/web\/#\/schema\/logo\/image\/"}},{"@type":"Person","@id":"https:\/\/www.eldiariodetucuman.com\/web\/#\/schema\/person\/7e6644a46e60888f6b868594407e08dd","name":"Redactor Uno","image":{"@type":"ImageObject","inLanguage":"es","@id":"https:\/\/secure.gravatar.com\/avatar\/0049b1bdf1bd548385c9ea6b9356431717930913089febd2ba904f0187d7d074?s=96&d=mm&r=g","url":"https:\/\/secure.gravatar.com\/avatar\/0049b1bdf1bd548385c9ea6b9356431717930913089febd2ba904f0187d7d074?s=96&d=mm&r=g","contentUrl":"https:\/\/secure.gravatar.com\/avatar\/0049b1bdf1bd548385c9ea6b9356431717930913089febd2ba904f0187d7d074?s=96&d=mm&r=g","caption":"Redactor Uno"},"url":"https:\/\/www.eldiariodetucuman.com\/web\/author\/mramasco\/"}]}},"_links":{"self":[{"href":"https:\/\/www.eldiariodetucuman.com\/web\/wp-json\/wp\/v2\/posts\/45366","targetHints":{"allow":["GET"]}}],"collection":[{"href":"https:\/\/www.eldiariodetucuman.com\/web\/wp-json\/wp\/v2\/posts"}],"about":[{"href":"https:\/\/www.eldiariodetucuman.com\/web\/wp-json\/wp\/v2\/types\/post"}],"author":[{"embeddable":true,"href":"https:\/\/www.eldiariodetucuman.com\/web\/wp-json\/wp\/v2\/users\/5"}],"replies":[{"embeddable":true,"href":"https:\/\/www.eldiariodetucuman.com\/web\/wp-json\/wp\/v2\/comments?post=45366"}],"version-history":[{"count":1,"href":"https:\/\/www.eldiariodetucuman.com\/web\/wp-json\/wp\/v2\/posts\/45366\/revisions"}],"predecessor-version":[{"id":45368,"href":"https:\/\/www.eldiariodetucuman.com\/web\/wp-json\/wp\/v2\/posts\/45366\/revisions\/45368"}],"wp:featuredmedia":[{"embeddable":true,"href":"https:\/\/www.eldiariodetucuman.com\/web\/wp-json\/wp\/v2\/media\/45367"}],"wp:attachment":[{"href":"https:\/\/www.eldiariodetucuman.com\/web\/wp-json\/wp\/v2\/media?parent=45366"}],"wp:term":[{"taxonomy":"category","embeddable":true,"href":"https:\/\/www.eldiariodetucuman.com\/web\/wp-json\/wp\/v2\/categories?post=45366"},{"taxonomy":"post_tag","embeddable":true,"href":"https:\/\/www.eldiariodetucuman.com\/web\/wp-json\/wp\/v2\/tags?post=45366"}],"curies":[{"name":"wp","href":"https:\/\/api.w.org\/{rel}","templated":true}]}}