{"id":45354,"date":"2025-08-13T16:05:38","date_gmt":"2025-08-13T19:05:38","guid":{"rendered":"https:\/\/www.eldiariodetucuman.com\/web\/jaldo-inauguro-la-repavimentacion-de-la-ruta-provincial-329\/"},"modified":"2025-08-13T16:05:38","modified_gmt":"2025-08-13T19:05:38","slug":"jaldo-inauguro-la-repavimentacion-de-la-ruta-provincial-329","status":"publish","type":"post","link":"https:\/\/www.eldiariodetucuman.com\/web\/jaldo-inauguro-la-repavimentacion-de-la-ruta-provincial-329\/","title":{"rendered":"Jaldo inaugur\u00f3 la repavimentaci\u00f3n de la Ruta Provincial 329"},"content":{"rendered":"<p><\/p>\n<p data-start=\"0\" data-end=\"97\" id=\"isPasted\">Este martes, el gobernador,<strong>\u00a0Osvaldo Jaldo<\/strong>, encabez\u00f3 la inauguraci\u00f3n de la obra de recuperaci\u00f3n y mantenimiento integral de la Ruta Provincial N\u00b0 329, en el tramo que une las localidades de Concepci\u00f3n (R.N. N\u00b0 38) y Monteagudo (R.N. N\u00b0 157), atravesando los departamentos de Chicligasta y Simoca.<\/p>\n<p data-start=\"0\" data-end=\"97\">El primer mandatario estuvo acompa\u00f1ado por el vicegobernador Miguel Acevedo; presidente subrogante de la Legislatura, Sergio Mansilla; los ministros del Interior, <strong>Dar\u00edo \u00a0Monteros;<\/strong> de Gobierno y Justicia, <strong>Regino Amado<\/strong>; de Obras P\u00fablicas <strong>Marcelo Nazur;<\/strong> los diputados <strong>Agust\u00edn Fern\u00e1ndez , Gladys Medina<\/strong>, la intendenta de la Capital <strong>Rossana Chahla;<\/strong> de Aguilares <strong>Gimena Mansilla;\u00a0<\/strong>de Taf\u00ed del Valle, <strong>Francisco Caliva;<\/strong> de Simoca, <strong>Elvio Salazar;\u00a0<\/strong><strong\/>la senadora <strong>Sandra Mendoza;\u00a0<\/strong>los<strong\/> legisladores <strong>Elia Fern\u00e1ndez, Carlos Funez, Alberto Olea, Patricia Liz\u00e1rraga,\u00a0<\/strong><strong>Cacho G\u00f3mez, Sara Lazarte, Leopoldo Rodr\u00edguez, Pancho Serra, Sandra Figueroa, Ger\u00f3nimo Vargas Aignasse, Nancy Bulacios;<\/strong> el secretario de Gobierno, <strong>Ra\u00fal Albarracin<\/strong>; presidente del Ente de Turismo, <strong>Domingo Amaya;<\/strong> secretario de Transporte<strong>, Sergio Apestey;\u00a0<\/strong>director de Vialidad, <strong\/><strong>Pablo D\u00edaz;<\/strong> titular del IPLA <strong>Dante Loza;<\/strong> prosecretario de la Legislatura<strong>,\u00a0Alejandro Mart\u00ednez;<\/strong> comisionado comunal de Ciudacita<strong>\u00a0Luis Delgado,<\/strong> concejales, comisionados comunales, dirigentes<strong>\u00a0Cesar Torres, David Acosta, Kiko Baz\u00e1n, Hugo Brito<\/strong>, entre otros.<\/p>\n<p data-start=\"0\" data-end=\"97\">\n<p data-start=\"582\" data-end=\"910\">La intervenci\u00f3n, ejecutada por la Direcci\u00f3n Provincial de Vialidad con personal y equipos propios, se desarroll\u00f3 a lo largo de 33,8 kil\u00f3metros.<\/p>\n<p data-start=\"912\" data-end=\"1154\">En total, se colocaron 120 se\u00f1ales verticales, se ejecutaron 34 kil\u00f3metros de se\u00f1alizaci\u00f3n horizontal y se recuperaron banquinas en ambos lados del camino por la misma extensi\u00f3n. Tambi\u00e9n se realizaron tareas de limpieza sobre 102 hect\u00e1reas.<\/p>\n<p data-start=\"1156\" data-end=\"1535\">La obra, que tuvo un plazo efectivo de cinco meses, demand\u00f3 una inversi\u00f3n de $3.900.000.000.<\/p>\n<p data-start=\"660\" data-end=\"1498\" id=\"isPasted\">\u201cHoy estamos en el departamento de Simoca, en la jurisdicci\u00f3n de Ciudad Cita. Agradezco a Luis, a su delegado comunal y a cada uno de los vecinos que han venido de diferentes jurisdicciones a acompa\u00f1arnos. En enero, en Monteagudo, anunciamos la realizaci\u00f3n de la Ruta 329, que une la Ruta Nacional 157 con la 38, desde Monteagudo hasta Concepci\u00f3n. Durante muchos a\u00f1os los vecinos la solicitaron y hoy la estamos entregando. Esta obra permite sacar nuestras econom\u00edas regionales, conectar rutas nacionales, fomentar el turismo y, sobre todo, mejorar la seguridad vial. Es una ruta nueva, ensanchada, con alumbrado p\u00fablico, se\u00f1alizaci\u00f3n horizontal y vertical. Fue realizada \u00edntegramente por administraci\u00f3n de Vialidad Provincial, con el trabajo del Ministerio de Obras P\u00fablicas, la Direcci\u00f3n de Vialidad y sus trabajadores\u201d, afirm\u00f3 Jaldo.<\/p>\n<p data-start=\"660\" data-end=\"1498\">\n<p data-start=\"1500\" data-end=\"1978\">El mandatario destac\u00f3 que \u201ca pesar de la situaci\u00f3n econ\u00f3mica nacional, avanzamos con obras como esta, administrando eficientemente los recursos. En los pr\u00f3ximos d\u00edas vamos a inaugurar el \u00faltimo tramo, en Concepci\u00f3n, que ejecutamos junto al municipio. Debemos priorizar el bienestar de la gente por encima de las cuestiones pol\u00edticas. Quienes integramos este espacio pol\u00edtico debemos estar dispuestos a ponernos al frente de lo que sea necesario para sacar a Tucum\u00e1n adelante\u201d.<\/p>\n<p data-start=\"1980\" data-end=\"2478\">El vicegobernador, Miguel Acevedo, subray\u00f3: \u201cEn enero, el gobernador se comprometi\u00f3 con la Ruta 329, que une varias comunas y genera conectividad y desarrollo. Celebro que una repartici\u00f3n p\u00fablica, con empleados p\u00fablicos y por administraci\u00f3n, haya concretado una obra que significa crecimiento y turismo. Esto se logra gracias a la gesti\u00f3n del gobernador y su equipo, en un contexto en el que Naci\u00f3n no env\u00eda los fondos que corresponden. Con una administraci\u00f3n eficiente, Tucum\u00e1n sigue creciendo\u201d.<\/p>\n<p data-start=\"1980\" data-end=\"2478\">\n<p data-start=\"2480\" data-end=\"2992\">Por su parte, el ministro del Interior, Dar\u00edo Monteros, indic\u00f3: \u201cLa Ruta 329 nace en Monteagudo, en la Ruta 157, y termina en Concepci\u00f3n, en la Ruta 38, atravesando jurisdicciones como Ciudad Cita, Medina y Trinidad. Es una obra emblem\u00e1tica para esta zona y para quienes la transitan desde otras provincias. Facilita la producci\u00f3n y el turismo. Se concret\u00f3 con recursos propios y super\u00e1vit fiscal, destinados a obras, salud, educaci\u00f3n y seguridad. Lejos de desarmar organismos como Vialidad, los fortalecemos\u201d.<\/p>\n<p data-start=\"2480\" data-end=\"2992\">\n<p data-start=\"2994\" data-end=\"3265\">El comisionado comunal de Ciudacita, Luis Delgado, remarc\u00f3: \u201cHace cinco meses, cuando se inici\u00f3 la obra, esta ruta estaba muy deteriorada. Era necesaria para productores, turistas y vecinos. Hoy est\u00e1 en condiciones y deja atr\u00e1s los problemas que ocasionaban los baches\u201d.<\/p>\n<p data-start=\"3267\" data-end=\"3708\">El intendente de Simoca, Elvio Salazar, agreg\u00f3: \u201cSolo resta un tramo de tres kil\u00f3metros en Concepci\u00f3n, que ser\u00e1 inaugurado en conjunto con el municipio. Esta ruta es clave para el departamento Simoca, utilizada por ambulancias, productores y turistas. Agradezco al gobernador, al vicegobernador y al ministro del Interior por la coordinaci\u00f3n con municipios y comunas. La ruta contar\u00e1 con iluminaci\u00f3n y es motivo de orgullo para toda la zona\u201d.<\/p>\n<p data-start=\"3267\" data-end=\"3708\">\n<p data-start=\"3710\" data-end=\"4024\">El ministro de Obras P\u00fablicas, Marcelo Nazur, sostuvo: \u201cEstamos inaugurando la Ruta 329, 40 kil\u00f3metros repavimentados a nuevo. El Estado est\u00e1 presente, pensando en la seguridad vial, la producci\u00f3n y el turismo, e invirtiendo m\u00e1s de cinco mil millones de pesos para poner en condiciones este tramo entre Monteagudo y Concepci\u00f3n\u201d.<\/p>\n<p data-start=\"4026\" data-end=\"4342\">Finalmente, el director de Vialidad Provincial, Pablo D\u00edaz, expres\u00f3: \u201cLa obra se realiz\u00f3 por administraci\u00f3n, con personal t\u00e9cnico y obrero, y equipamiento propio. En el contexto actual, es importante que el gobernador y sus ministros acompa\u00f1en trabajos de esta envergadura para la provincia y para la repartici\u00f3n\u201d.<\/p>\n<p data-start=\"4026\" data-end=\"4342\">\n<p>Fuente: <a href=\"https:\/\/www.comunicaciontucuman.gob.ar\/noticia\/gobernacion\/236274\/jaldo-inauguro-repavimentacion-ruta-provincial-329\"> Fuente de la nota <\/a><\/p>\n","protected":false},"excerpt":{"rendered":"<p>Este martes, el gobernador,\u00a0Osvaldo Jaldo, encabez\u00f3 la inauguraci\u00f3n de la obra de recuperaci\u00f3n y mantenimiento integral de la Ruta Provincial N\u00b0 329, en el tramo que une las localidades de Concepci\u00f3n (R.N. N\u00b0 38) y Monteagudo (R.N. N\u00b0 157), atravesando los departamentos de Chicligasta y Simoca. El primer mandatario estuvo acompa\u00f1ado por el vicegobernador Miguel [&hellip;]<\/p>\n","protected":false},"author":1,"featured_media":45355,"comment_status":"closed","ping_status":"open","sticky":false,"template":"","format":"standard","meta":{"footnotes":""},"categories":[3],"tags":[],"class_list":{"0":"post-45354","1":"post","2":"type-post","3":"status-publish","4":"format-standard","5":"has-post-thumbnail","7":"category-politica"},"yoast_head":"<!-- This site is optimized with the Yoast SEO plugin v27.4 - https:\/\/yoast.com\/product\/yoast-seo-wordpress\/ -->\n<title>Jaldo inaugur\u00f3 la repavimentaci\u00f3n de la Ruta Provincial 329 - El Diario de Tucuman<\/title>\n<meta name=\"robots\" content=\"index, follow, max-snippet:-1, max-image-preview:large, max-video-preview:-1\" \/>\n<link rel=\"canonical\" href=\"https:\/\/www.eldiariodetucuman.com\/web\/jaldo-inauguro-la-repavimentacion-de-la-ruta-provincial-329\/\" \/>\n<meta property=\"og:locale\" content=\"es_ES\" \/>\n<meta property=\"og:type\" content=\"article\" \/>\n<meta property=\"og:title\" content=\"Jaldo inaugur\u00f3 la repavimentaci\u00f3n de la Ruta Provincial 329 - El Diario de Tucuman\" \/>\n<meta property=\"og:description\" content=\"Este martes, el gobernador,\u00a0Osvaldo Jaldo, encabez\u00f3 la inauguraci\u00f3n de la obra de recuperaci\u00f3n y mantenimiento integral de la Ruta Provincial N\u00b0 329, en el tramo que une las localidades de Concepci\u00f3n (R.N. N\u00b0 38) y Monteagudo (R.N. N\u00b0 157), atravesando los departamentos de Chicligasta y Simoca. El primer mandatario estuvo acompa\u00f1ado por el vicegobernador Miguel [&hellip;]\" \/>\n<meta property=\"og:url\" content=\"https:\/\/www.eldiariodetucuman.com\/web\/jaldo-inauguro-la-repavimentacion-de-la-ruta-provincial-329\/\" \/>\n<meta property=\"og:site_name\" content=\"El Diario de Tucuman\" \/>\n<meta property=\"article:published_time\" content=\"2025-08-13T19:05:38+00:00\" \/>\n<meta name=\"author\" content=\"admin\" \/>\n<meta name=\"twitter:card\" content=\"summary_large_image\" \/>\n<meta name=\"twitter:label1\" content=\"Escrito por\" \/>\n\t<meta name=\"twitter:data1\" content=\"admin\" \/>\n\t<meta name=\"twitter:label2\" content=\"Tiempo de lectura\" \/>\n\t<meta name=\"twitter:data2\" content=\"4 minutos\" \/>\n<script type=\"application\/ld+json\" class=\"yoast-schema-graph\">{\"@context\":\"https:\\\/\\\/schema.org\",\"@graph\":[{\"@type\":\"Article\",\"@id\":\"https:\\\/\\\/www.eldiariodetucuman.com\\\/web\\\/jaldo-inauguro-la-repavimentacion-de-la-ruta-provincial-329\\\/#article\",\"isPartOf\":{\"@id\":\"https:\\\/\\\/www.eldiariodetucuman.com\\\/web\\\/jaldo-inauguro-la-repavimentacion-de-la-ruta-provincial-329\\\/\"},\"author\":{\"name\":\"admin\",\"@id\":\"https:\\\/\\\/www.eldiariodetucuman.com\\\/web\\\/#\\\/schema\\\/person\\\/9250197d75ab5483412e19678b121caa\"},\"headline\":\"Jaldo inaugur\u00f3 la repavimentaci\u00f3n de la Ruta Provincial 329\",\"datePublished\":\"2025-08-13T19:05:38+00:00\",\"mainEntityOfPage\":{\"@id\":\"https:\\\/\\\/www.eldiariodetucuman.com\\\/web\\\/jaldo-inauguro-la-repavimentacion-de-la-ruta-provincial-329\\\/\"},\"wordCount\":905,\"publisher\":{\"@id\":\"https:\\\/\\\/www.eldiariodetucuman.com\\\/web\\\/#organization\"},\"image\":{\"@id\":\"https:\\\/\\\/www.eldiariodetucuman.com\\\/web\\\/jaldo-inauguro-la-repavimentacion-de-la-ruta-provincial-329\\\/#primaryimage\"},\"thumbnailUrl\":\"https:\\\/\\\/www.eldiariodetucuman.com\\\/web\\\/wp-content\\\/uploads\\\/2025\\\/08\\\/Jaldo-inauguro-la-repavimentacion-de-la-Ruta-Provincial-329.jpg\",\"articleSection\":[\"Politica\"],\"inLanguage\":\"es\"},{\"@type\":\"WebPage\",\"@id\":\"https:\\\/\\\/www.eldiariodetucuman.com\\\/web\\\/jaldo-inauguro-la-repavimentacion-de-la-ruta-provincial-329\\\/\",\"url\":\"https:\\\/\\\/www.eldiariodetucuman.com\\\/web\\\/jaldo-inauguro-la-repavimentacion-de-la-ruta-provincial-329\\\/\",\"name\":\"Jaldo inaugur\u00f3 la repavimentaci\u00f3n de la Ruta Provincial 329 - El Diario de Tucuman\",\"isPartOf\":{\"@id\":\"https:\\\/\\\/www.eldiariodetucuman.com\\\/web\\\/#website\"},\"primaryImageOfPage\":{\"@id\":\"https:\\\/\\\/www.eldiariodetucuman.com\\\/web\\\/jaldo-inauguro-la-repavimentacion-de-la-ruta-provincial-329\\\/#primaryimage\"},\"image\":{\"@id\":\"https:\\\/\\\/www.eldiariodetucuman.com\\\/web\\\/jaldo-inauguro-la-repavimentacion-de-la-ruta-provincial-329\\\/#primaryimage\"},\"thumbnailUrl\":\"https:\\\/\\\/www.eldiariodetucuman.com\\\/web\\\/wp-content\\\/uploads\\\/2025\\\/08\\\/Jaldo-inauguro-la-repavimentacion-de-la-Ruta-Provincial-329.jpg\",\"datePublished\":\"2025-08-13T19:05:38+00:00\",\"breadcrumb\":{\"@id\":\"https:\\\/\\\/www.eldiariodetucuman.com\\\/web\\\/jaldo-inauguro-la-repavimentacion-de-la-ruta-provincial-329\\\/#breadcrumb\"},\"inLanguage\":\"es\",\"potentialAction\":[{\"@type\":\"ReadAction\",\"target\":[\"https:\\\/\\\/www.eldiariodetucuman.com\\\/web\\\/jaldo-inauguro-la-repavimentacion-de-la-ruta-provincial-329\\\/\"]}]},{\"@type\":\"ImageObject\",\"inLanguage\":\"es\",\"@id\":\"https:\\\/\\\/www.eldiariodetucuman.com\\\/web\\\/jaldo-inauguro-la-repavimentacion-de-la-ruta-provincial-329\\\/#primaryimage\",\"url\":\"https:\\\/\\\/www.eldiariodetucuman.com\\\/web\\\/wp-content\\\/uploads\\\/2025\\\/08\\\/Jaldo-inauguro-la-repavimentacion-de-la-Ruta-Provincial-329.jpg\",\"contentUrl\":\"https:\\\/\\\/www.eldiariodetucuman.com\\\/web\\\/wp-content\\\/uploads\\\/2025\\\/08\\\/Jaldo-inauguro-la-repavimentacion-de-la-Ruta-Provincial-329.jpg\",\"width\":818,\"height\":460},{\"@type\":\"BreadcrumbList\",\"@id\":\"https:\\\/\\\/www.eldiariodetucuman.com\\\/web\\\/jaldo-inauguro-la-repavimentacion-de-la-ruta-provincial-329\\\/#breadcrumb\",\"itemListElement\":[{\"@type\":\"ListItem\",\"position\":1,\"name\":\"Portada\",\"item\":\"https:\\\/\\\/www.eldiariodetucuman.com\\\/web\\\/\"},{\"@type\":\"ListItem\",\"position\":2,\"name\":\"Jaldo inaugur\u00f3 la repavimentaci\u00f3n de la Ruta Provincial 329\"}]},{\"@type\":\"WebSite\",\"@id\":\"https:\\\/\\\/www.eldiariodetucuman.com\\\/web\\\/#website\",\"url\":\"https:\\\/\\\/www.eldiariodetucuman.com\\\/web\\\/\",\"name\":\"El Diario de Tucuman\",\"description\":\"Diario Tucuman - Informaci\u00f3n y noticias\",\"publisher\":{\"@id\":\"https:\\\/\\\/www.eldiariodetucuman.com\\\/web\\\/#organization\"},\"potentialAction\":[{\"@type\":\"SearchAction\",\"target\":{\"@type\":\"EntryPoint\",\"urlTemplate\":\"https:\\\/\\\/www.eldiariodetucuman.com\\\/web\\\/?s={search_term_string}\"},\"query-input\":{\"@type\":\"PropertyValueSpecification\",\"valueRequired\":true,\"valueName\":\"search_term_string\"}}],\"inLanguage\":\"es\"},{\"@type\":\"Organization\",\"@id\":\"https:\\\/\\\/www.eldiariodetucuman.com\\\/web\\\/#organization\",\"name\":\"El Diario de Tucuman\",\"url\":\"https:\\\/\\\/www.eldiariodetucuman.com\\\/web\\\/\",\"logo\":{\"@type\":\"ImageObject\",\"inLanguage\":\"es\",\"@id\":\"https:\\\/\\\/www.eldiariodetucuman.com\\\/web\\\/#\\\/schema\\\/logo\\\/image\\\/\",\"url\":\"http:\\\/\\\/www.eldiariodetucuman.com\\\/web\\\/wp-content\\\/uploads\\\/2017\\\/12\\\/el-diario-de-tucuman.jpg\",\"contentUrl\":\"http:\\\/\\\/www.eldiariodetucuman.com\\\/web\\\/wp-content\\\/uploads\\\/2017\\\/12\\\/el-diario-de-tucuman.jpg\",\"width\":272,\"height\":92,\"caption\":\"El Diario de Tucuman\"},\"image\":{\"@id\":\"https:\\\/\\\/www.eldiariodetucuman.com\\\/web\\\/#\\\/schema\\\/logo\\\/image\\\/\"}},{\"@type\":\"Person\",\"@id\":\"https:\\\/\\\/www.eldiariodetucuman.com\\\/web\\\/#\\\/schema\\\/person\\\/9250197d75ab5483412e19678b121caa\",\"name\":\"admin\",\"image\":{\"@type\":\"ImageObject\",\"inLanguage\":\"es\",\"@id\":\"https:\\\/\\\/secure.gravatar.com\\\/avatar\\\/c44d117c2be811212c22cb481f6b8384b6873de103fbc49e7a03cc58d7dea4ac?s=96&d=mm&r=g\",\"url\":\"https:\\\/\\\/secure.gravatar.com\\\/avatar\\\/c44d117c2be811212c22cb481f6b8384b6873de103fbc49e7a03cc58d7dea4ac?s=96&d=mm&r=g\",\"contentUrl\":\"https:\\\/\\\/secure.gravatar.com\\\/avatar\\\/c44d117c2be811212c22cb481f6b8384b6873de103fbc49e7a03cc58d7dea4ac?s=96&d=mm&r=g\",\"caption\":\"admin\"},\"url\":\"https:\\\/\\\/www.eldiariodetucuman.com\\\/web\\\/author\\\/admin\\\/\"}]}<\/script>\n<!-- \/ Yoast SEO plugin. -->","yoast_head_json":{"title":"Jaldo inaugur\u00f3 la repavimentaci\u00f3n de la Ruta Provincial 329 - El Diario de Tucuman","robots":{"index":"index","follow":"follow","max-snippet":"max-snippet:-1","max-image-preview":"max-image-preview:large","max-video-preview":"max-video-preview:-1"},"canonical":"https:\/\/www.eldiariodetucuman.com\/web\/jaldo-inauguro-la-repavimentacion-de-la-ruta-provincial-329\/","og_locale":"es_ES","og_type":"article","og_title":"Jaldo inaugur\u00f3 la repavimentaci\u00f3n de la Ruta Provincial 329 - El Diario de Tucuman","og_description":"Este martes, el gobernador,\u00a0Osvaldo Jaldo, encabez\u00f3 la inauguraci\u00f3n de la obra de recuperaci\u00f3n y mantenimiento integral de la Ruta Provincial N\u00b0 329, en el tramo que une las localidades de Concepci\u00f3n (R.N. N\u00b0 38) y Monteagudo (R.N. N\u00b0 157), atravesando los departamentos de Chicligasta y Simoca. El primer mandatario estuvo acompa\u00f1ado por el vicegobernador Miguel [&hellip;]","og_url":"https:\/\/www.eldiariodetucuman.com\/web\/jaldo-inauguro-la-repavimentacion-de-la-ruta-provincial-329\/","og_site_name":"El Diario de Tucuman","article_published_time":"2025-08-13T19:05:38+00:00","author":"admin","twitter_card":"summary_large_image","twitter_misc":{"Escrito por":"admin","Tiempo de lectura":"4 minutos"},"schema":{"@context":"https:\/\/schema.org","@graph":[{"@type":"Article","@id":"https:\/\/www.eldiariodetucuman.com\/web\/jaldo-inauguro-la-repavimentacion-de-la-ruta-provincial-329\/#article","isPartOf":{"@id":"https:\/\/www.eldiariodetucuman.com\/web\/jaldo-inauguro-la-repavimentacion-de-la-ruta-provincial-329\/"},"author":{"name":"admin","@id":"https:\/\/www.eldiariodetucuman.com\/web\/#\/schema\/person\/9250197d75ab5483412e19678b121caa"},"headline":"Jaldo inaugur\u00f3 la repavimentaci\u00f3n de la Ruta Provincial 329","datePublished":"2025-08-13T19:05:38+00:00","mainEntityOfPage":{"@id":"https:\/\/www.eldiariodetucuman.com\/web\/jaldo-inauguro-la-repavimentacion-de-la-ruta-provincial-329\/"},"wordCount":905,"publisher":{"@id":"https:\/\/www.eldiariodetucuman.com\/web\/#organization"},"image":{"@id":"https:\/\/www.eldiariodetucuman.com\/web\/jaldo-inauguro-la-repavimentacion-de-la-ruta-provincial-329\/#primaryimage"},"thumbnailUrl":"https:\/\/www.eldiariodetucuman.com\/web\/wp-content\/uploads\/2025\/08\/Jaldo-inauguro-la-repavimentacion-de-la-Ruta-Provincial-329.jpg","articleSection":["Politica"],"inLanguage":"es"},{"@type":"WebPage","@id":"https:\/\/www.eldiariodetucuman.com\/web\/jaldo-inauguro-la-repavimentacion-de-la-ruta-provincial-329\/","url":"https:\/\/www.eldiariodetucuman.com\/web\/jaldo-inauguro-la-repavimentacion-de-la-ruta-provincial-329\/","name":"Jaldo inaugur\u00f3 la repavimentaci\u00f3n de la Ruta Provincial 329 - El Diario de Tucuman","isPartOf":{"@id":"https:\/\/www.eldiariodetucuman.com\/web\/#website"},"primaryImageOfPage":{"@id":"https:\/\/www.eldiariodetucuman.com\/web\/jaldo-inauguro-la-repavimentacion-de-la-ruta-provincial-329\/#primaryimage"},"image":{"@id":"https:\/\/www.eldiariodetucuman.com\/web\/jaldo-inauguro-la-repavimentacion-de-la-ruta-provincial-329\/#primaryimage"},"thumbnailUrl":"https:\/\/www.eldiariodetucuman.com\/web\/wp-content\/uploads\/2025\/08\/Jaldo-inauguro-la-repavimentacion-de-la-Ruta-Provincial-329.jpg","datePublished":"2025-08-13T19:05:38+00:00","breadcrumb":{"@id":"https:\/\/www.eldiariodetucuman.com\/web\/jaldo-inauguro-la-repavimentacion-de-la-ruta-provincial-329\/#breadcrumb"},"inLanguage":"es","potentialAction":[{"@type":"ReadAction","target":["https:\/\/www.eldiariodetucuman.com\/web\/jaldo-inauguro-la-repavimentacion-de-la-ruta-provincial-329\/"]}]},{"@type":"ImageObject","inLanguage":"es","@id":"https:\/\/www.eldiariodetucuman.com\/web\/jaldo-inauguro-la-repavimentacion-de-la-ruta-provincial-329\/#primaryimage","url":"https:\/\/www.eldiariodetucuman.com\/web\/wp-content\/uploads\/2025\/08\/Jaldo-inauguro-la-repavimentacion-de-la-Ruta-Provincial-329.jpg","contentUrl":"https:\/\/www.eldiariodetucuman.com\/web\/wp-content\/uploads\/2025\/08\/Jaldo-inauguro-la-repavimentacion-de-la-Ruta-Provincial-329.jpg","width":818,"height":460},{"@type":"BreadcrumbList","@id":"https:\/\/www.eldiariodetucuman.com\/web\/jaldo-inauguro-la-repavimentacion-de-la-ruta-provincial-329\/#breadcrumb","itemListElement":[{"@type":"ListItem","position":1,"name":"Portada","item":"https:\/\/www.eldiariodetucuman.com\/web\/"},{"@type":"ListItem","position":2,"name":"Jaldo inaugur\u00f3 la repavimentaci\u00f3n de la Ruta Provincial 329"}]},{"@type":"WebSite","@id":"https:\/\/www.eldiariodetucuman.com\/web\/#website","url":"https:\/\/www.eldiariodetucuman.com\/web\/","name":"El Diario de Tucuman","description":"Diario Tucuman - Informaci\u00f3n y noticias","publisher":{"@id":"https:\/\/www.eldiariodetucuman.com\/web\/#organization"},"potentialAction":[{"@type":"SearchAction","target":{"@type":"EntryPoint","urlTemplate":"https:\/\/www.eldiariodetucuman.com\/web\/?s={search_term_string}"},"query-input":{"@type":"PropertyValueSpecification","valueRequired":true,"valueName":"search_term_string"}}],"inLanguage":"es"},{"@type":"Organization","@id":"https:\/\/www.eldiariodetucuman.com\/web\/#organization","name":"El Diario de Tucuman","url":"https:\/\/www.eldiariodetucuman.com\/web\/","logo":{"@type":"ImageObject","inLanguage":"es","@id":"https:\/\/www.eldiariodetucuman.com\/web\/#\/schema\/logo\/image\/","url":"http:\/\/www.eldiariodetucuman.com\/web\/wp-content\/uploads\/2017\/12\/el-diario-de-tucuman.jpg","contentUrl":"http:\/\/www.eldiariodetucuman.com\/web\/wp-content\/uploads\/2017\/12\/el-diario-de-tucuman.jpg","width":272,"height":92,"caption":"El Diario de Tucuman"},"image":{"@id":"https:\/\/www.eldiariodetucuman.com\/web\/#\/schema\/logo\/image\/"}},{"@type":"Person","@id":"https:\/\/www.eldiariodetucuman.com\/web\/#\/schema\/person\/9250197d75ab5483412e19678b121caa","name":"admin","image":{"@type":"ImageObject","inLanguage":"es","@id":"https:\/\/secure.gravatar.com\/avatar\/c44d117c2be811212c22cb481f6b8384b6873de103fbc49e7a03cc58d7dea4ac?s=96&d=mm&r=g","url":"https:\/\/secure.gravatar.com\/avatar\/c44d117c2be811212c22cb481f6b8384b6873de103fbc49e7a03cc58d7dea4ac?s=96&d=mm&r=g","contentUrl":"https:\/\/secure.gravatar.com\/avatar\/c44d117c2be811212c22cb481f6b8384b6873de103fbc49e7a03cc58d7dea4ac?s=96&d=mm&r=g","caption":"admin"},"url":"https:\/\/www.eldiariodetucuman.com\/web\/author\/admin\/"}]}},"_links":{"self":[{"href":"https:\/\/www.eldiariodetucuman.com\/web\/wp-json\/wp\/v2\/posts\/45354","targetHints":{"allow":["GET"]}}],"collection":[{"href":"https:\/\/www.eldiariodetucuman.com\/web\/wp-json\/wp\/v2\/posts"}],"about":[{"href":"https:\/\/www.eldiariodetucuman.com\/web\/wp-json\/wp\/v2\/types\/post"}],"author":[{"embeddable":true,"href":"https:\/\/www.eldiariodetucuman.com\/web\/wp-json\/wp\/v2\/users\/1"}],"replies":[{"embeddable":true,"href":"https:\/\/www.eldiariodetucuman.com\/web\/wp-json\/wp\/v2\/comments?post=45354"}],"version-history":[{"count":0,"href":"https:\/\/www.eldiariodetucuman.com\/web\/wp-json\/wp\/v2\/posts\/45354\/revisions"}],"wp:featuredmedia":[{"embeddable":true,"href":"https:\/\/www.eldiariodetucuman.com\/web\/wp-json\/wp\/v2\/media\/45355"}],"wp:attachment":[{"href":"https:\/\/www.eldiariodetucuman.com\/web\/wp-json\/wp\/v2\/media?parent=45354"}],"wp:term":[{"taxonomy":"category","embeddable":true,"href":"https:\/\/www.eldiariodetucuman.com\/web\/wp-json\/wp\/v2\/categories?post=45354"},{"taxonomy":"post_tag","embeddable":true,"href":"https:\/\/www.eldiariodetucuman.com\/web\/wp-json\/wp\/v2\/tags?post=45354"}],"curies":[{"name":"wp","href":"https:\/\/api.w.org\/{rel}","templated":true}]}}