{"id":45352,"date":"2025-08-13T16:04:16","date_gmt":"2025-08-13T19:04:16","guid":{"rendered":"https:\/\/www.eldiariodetucuman.com\/web\/con-francisco-comesana-argentina-definio-su-equipo-para-la-copa-davis\/"},"modified":"2025-08-13T16:04:16","modified_gmt":"2025-08-13T19:04:16","slug":"con-francisco-comesana-argentina-definio-su-equipo-para-la-copa-davis","status":"publish","type":"post","link":"https:\/\/www.eldiariodetucuman.com\/web\/con-francisco-comesana-argentina-definio-su-equipo-para-la-copa-davis\/","title":{"rendered":"Con Francisco Comesa\u00f1a, Argentina defini\u00f3 su equipo para la Copa Davis"},"content":{"rendered":"<p>    <\/p>\n<p>Embed &#8211; https:\/\/publish.x.com\/oembed?url=https:\/\/twitter.com\/AATenis\/status\/1955626783761486010&amp;partner=&amp;hide_thread=false<\/p>\n<p class=\"\">El equipo lo completan <strong>Francisco Cer\u00fandolo (23\u00b0 ATP), Tom\u00e1s Etcheverry (58\u00b0)<\/strong>, y la pareja de doblistas de elite integrada por <strong>Horacio Zeballos (7\u00b0) y Andr\u00e9s Molteni (21\u00b0)<\/strong>. La \u00fanica modificaci\u00f3n respecto del plantel que en febrero derrot\u00f3 a Noruega ser\u00e1 la inclusi\u00f3n de Comesa\u00f1a en lugar de Mariano Navone.<\/p>\n<p class=\"\">Frana no escatim\u00f3 elogios para el debutante: \u201cFran es una persona encantadora, con un car\u00e1cter fant\u00e1stico y muy buena energ\u00eda. <strong>Es vers\u00e1til, tiene un gran servicio y buenos golpes en general.<\/strong> Su profesionalismo, pasi\u00f3n y compromiso le han permitido crecer y afianzarse en la parte alta del circuito\u201d.<\/p>\n<p class=\"\"><strong>Pa\u00edses Bajos, n\u00famero 3 en el ranking de naciones<\/strong>, fue finalista en la \u00faltima edici\u00f3n de la Copa Davis, donde cay\u00f3 ante Italia.<\/p>\n<p class=\"\">El \u00fanico antecedente entre <strong>Argentina y Pa\u00edses Bajos en Copa Davis<\/strong>, se remonta a 2009, con victoria argentina por 5-0 en Parque Roca.<\/p>\n<p class=\"\"><strong>La delegaci\u00f3n argentina viajar\u00e1 el 7 de septiembre <\/strong>y tendr\u00e1 cuatro d\u00edas de entrenamiento antes del cruce. La serie se jugar\u00e1 en el Martini Plaza, un estadio cubierto con capacidad para 3855 personas. Las jornadas comenzar\u00e1n a las 9 (hora argentina)<\/p>\n<p>  <script async src=\"https:\/\/platform.twitter.com\/widgets.js\" charset=\"utf-8\"><\/script><br \/>\n<br \/>Fuente: <a href=\"https:\/\/www.lv12.com.ar\/argentina\/con-francisco-comesana-argentina-definio-su-equipo-la-copa-davis-n183729\"> Fuente de la nota <\/a><\/p>\n","protected":false},"excerpt":{"rendered":"<p>Embed &#8211; https:\/\/publish.x.com\/oembed?url=https:\/\/twitter.com\/AATenis\/status\/1955626783761486010&amp;partner=&amp;hide_thread=false El equipo lo completan Francisco Cer\u00fandolo (23\u00b0 ATP), Tom\u00e1s Etcheverry (58\u00b0), y la pareja de doblistas de elite integrada por Horacio Zeballos (7\u00b0) y Andr\u00e9s Molteni (21\u00b0). La \u00fanica modificaci\u00f3n respecto del plantel que en febrero derrot\u00f3 a Noruega ser\u00e1 la inclusi\u00f3n de Comesa\u00f1a en lugar de Mariano Navone. Frana no escatim\u00f3 [&hellip;]<\/p>\n","protected":false},"author":1,"featured_media":45353,"comment_status":"closed","ping_status":"open","sticky":false,"template":"","format":"standard","meta":{"footnotes":""},"categories":[6],"tags":[],"class_list":{"0":"post-45352","1":"post","2":"type-post","3":"status-publish","4":"format-standard","5":"has-post-thumbnail","7":"category-deporte"},"yoast_head":"<!-- This site is optimized with the Yoast SEO plugin v27.4 - https:\/\/yoast.com\/product\/yoast-seo-wordpress\/ -->\n<title>Con Francisco Comesa\u00f1a, Argentina defini\u00f3 su equipo para la Copa Davis - El Diario de Tucuman<\/title>\n<meta name=\"robots\" content=\"index, follow, max-snippet:-1, max-image-preview:large, max-video-preview:-1\" \/>\n<link rel=\"canonical\" href=\"https:\/\/www.eldiariodetucuman.com\/web\/con-francisco-comesana-argentina-definio-su-equipo-para-la-copa-davis\/\" \/>\n<meta property=\"og:locale\" content=\"es_ES\" \/>\n<meta property=\"og:type\" content=\"article\" \/>\n<meta property=\"og:title\" content=\"Con Francisco Comesa\u00f1a, Argentina defini\u00f3 su equipo para la Copa Davis - El Diario de Tucuman\" \/>\n<meta property=\"og:description\" content=\"Embed &#8211; https:\/\/publish.x.com\/oembed?url=https:\/\/twitter.com\/AATenis\/status\/1955626783761486010&amp;partner=&amp;hide_thread=false El equipo lo completan Francisco Cer\u00fandolo (23\u00b0 ATP), Tom\u00e1s Etcheverry (58\u00b0), y la pareja de doblistas de elite integrada por Horacio Zeballos (7\u00b0) y Andr\u00e9s Molteni (21\u00b0). La \u00fanica modificaci\u00f3n respecto del plantel que en febrero derrot\u00f3 a Noruega ser\u00e1 la inclusi\u00f3n de Comesa\u00f1a en lugar de Mariano Navone. Frana no escatim\u00f3 [&hellip;]\" \/>\n<meta property=\"og:url\" content=\"https:\/\/www.eldiariodetucuman.com\/web\/con-francisco-comesana-argentina-definio-su-equipo-para-la-copa-davis\/\" \/>\n<meta property=\"og:site_name\" content=\"El Diario de Tucuman\" \/>\n<meta property=\"article:published_time\" content=\"2025-08-13T19:04:16+00:00\" \/>\n<meta name=\"author\" content=\"admin\" \/>\n<meta name=\"twitter:card\" content=\"summary_large_image\" \/>\n<meta name=\"twitter:label1\" content=\"Escrito por\" \/>\n\t<meta name=\"twitter:data1\" content=\"admin\" \/>\n\t<meta name=\"twitter:label2\" content=\"Tiempo de lectura\" \/>\n\t<meta name=\"twitter:data2\" content=\"1 minuto\" \/>\n<script type=\"application\/ld+json\" class=\"yoast-schema-graph\">{\"@context\":\"https:\\\/\\\/schema.org\",\"@graph\":[{\"@type\":\"Article\",\"@id\":\"https:\\\/\\\/www.eldiariodetucuman.com\\\/web\\\/con-francisco-comesana-argentina-definio-su-equipo-para-la-copa-davis\\\/#article\",\"isPartOf\":{\"@id\":\"https:\\\/\\\/www.eldiariodetucuman.com\\\/web\\\/con-francisco-comesana-argentina-definio-su-equipo-para-la-copa-davis\\\/\"},\"author\":{\"name\":\"admin\",\"@id\":\"https:\\\/\\\/www.eldiariodetucuman.com\\\/web\\\/#\\\/schema\\\/person\\\/9250197d75ab5483412e19678b121caa\"},\"headline\":\"Con Francisco Comesa\u00f1a, Argentina defini\u00f3 su equipo para la Copa Davis\",\"datePublished\":\"2025-08-13T19:04:16+00:00\",\"mainEntityOfPage\":{\"@id\":\"https:\\\/\\\/www.eldiariodetucuman.com\\\/web\\\/con-francisco-comesana-argentina-definio-su-equipo-para-la-copa-davis\\\/\"},\"wordCount\":229,\"publisher\":{\"@id\":\"https:\\\/\\\/www.eldiariodetucuman.com\\\/web\\\/#organization\"},\"image\":{\"@id\":\"https:\\\/\\\/www.eldiariodetucuman.com\\\/web\\\/con-francisco-comesana-argentina-definio-su-equipo-para-la-copa-davis\\\/#primaryimage\"},\"thumbnailUrl\":\"https:\\\/\\\/www.eldiariodetucuman.com\\\/web\\\/wp-content\\\/uploads\\\/2025\\\/08\\\/Con-Francisco-Comesana-Argentina-definio-su-equipo-para-la-Copa.png\",\"articleSection\":[\"Deporte\"],\"inLanguage\":\"es\"},{\"@type\":\"WebPage\",\"@id\":\"https:\\\/\\\/www.eldiariodetucuman.com\\\/web\\\/con-francisco-comesana-argentina-definio-su-equipo-para-la-copa-davis\\\/\",\"url\":\"https:\\\/\\\/www.eldiariodetucuman.com\\\/web\\\/con-francisco-comesana-argentina-definio-su-equipo-para-la-copa-davis\\\/\",\"name\":\"Con Francisco Comesa\u00f1a, Argentina defini\u00f3 su equipo para la Copa Davis - El Diario de Tucuman\",\"isPartOf\":{\"@id\":\"https:\\\/\\\/www.eldiariodetucuman.com\\\/web\\\/#website\"},\"primaryImageOfPage\":{\"@id\":\"https:\\\/\\\/www.eldiariodetucuman.com\\\/web\\\/con-francisco-comesana-argentina-definio-su-equipo-para-la-copa-davis\\\/#primaryimage\"},\"image\":{\"@id\":\"https:\\\/\\\/www.eldiariodetucuman.com\\\/web\\\/con-francisco-comesana-argentina-definio-su-equipo-para-la-copa-davis\\\/#primaryimage\"},\"thumbnailUrl\":\"https:\\\/\\\/www.eldiariodetucuman.com\\\/web\\\/wp-content\\\/uploads\\\/2025\\\/08\\\/Con-Francisco-Comesana-Argentina-definio-su-equipo-para-la-Copa.png\",\"datePublished\":\"2025-08-13T19:04:16+00:00\",\"breadcrumb\":{\"@id\":\"https:\\\/\\\/www.eldiariodetucuman.com\\\/web\\\/con-francisco-comesana-argentina-definio-su-equipo-para-la-copa-davis\\\/#breadcrumb\"},\"inLanguage\":\"es\",\"potentialAction\":[{\"@type\":\"ReadAction\",\"target\":[\"https:\\\/\\\/www.eldiariodetucuman.com\\\/web\\\/con-francisco-comesana-argentina-definio-su-equipo-para-la-copa-davis\\\/\"]}]},{\"@type\":\"ImageObject\",\"inLanguage\":\"es\",\"@id\":\"https:\\\/\\\/www.eldiariodetucuman.com\\\/web\\\/con-francisco-comesana-argentina-definio-su-equipo-para-la-copa-davis\\\/#primaryimage\",\"url\":\"https:\\\/\\\/www.eldiariodetucuman.com\\\/web\\\/wp-content\\\/uploads\\\/2025\\\/08\\\/Con-Francisco-Comesana-Argentina-definio-su-equipo-para-la-Copa.png\",\"contentUrl\":\"https:\\\/\\\/www.eldiariodetucuman.com\\\/web\\\/wp-content\\\/uploads\\\/2025\\\/08\\\/Con-Francisco-Comesana-Argentina-definio-su-equipo-para-la-Copa.png\",\"width\":1200,\"height\":675},{\"@type\":\"BreadcrumbList\",\"@id\":\"https:\\\/\\\/www.eldiariodetucuman.com\\\/web\\\/con-francisco-comesana-argentina-definio-su-equipo-para-la-copa-davis\\\/#breadcrumb\",\"itemListElement\":[{\"@type\":\"ListItem\",\"position\":1,\"name\":\"Portada\",\"item\":\"https:\\\/\\\/www.eldiariodetucuman.com\\\/web\\\/\"},{\"@type\":\"ListItem\",\"position\":2,\"name\":\"Con Francisco Comesa\u00f1a, Argentina defini\u00f3 su equipo para la Copa Davis\"}]},{\"@type\":\"WebSite\",\"@id\":\"https:\\\/\\\/www.eldiariodetucuman.com\\\/web\\\/#website\",\"url\":\"https:\\\/\\\/www.eldiariodetucuman.com\\\/web\\\/\",\"name\":\"El Diario de Tucuman\",\"description\":\"Diario Tucuman - Informaci\u00f3n y noticias\",\"publisher\":{\"@id\":\"https:\\\/\\\/www.eldiariodetucuman.com\\\/web\\\/#organization\"},\"potentialAction\":[{\"@type\":\"SearchAction\",\"target\":{\"@type\":\"EntryPoint\",\"urlTemplate\":\"https:\\\/\\\/www.eldiariodetucuman.com\\\/web\\\/?s={search_term_string}\"},\"query-input\":{\"@type\":\"PropertyValueSpecification\",\"valueRequired\":true,\"valueName\":\"search_term_string\"}}],\"inLanguage\":\"es\"},{\"@type\":\"Organization\",\"@id\":\"https:\\\/\\\/www.eldiariodetucuman.com\\\/web\\\/#organization\",\"name\":\"El Diario de Tucuman\",\"url\":\"https:\\\/\\\/www.eldiariodetucuman.com\\\/web\\\/\",\"logo\":{\"@type\":\"ImageObject\",\"inLanguage\":\"es\",\"@id\":\"https:\\\/\\\/www.eldiariodetucuman.com\\\/web\\\/#\\\/schema\\\/logo\\\/image\\\/\",\"url\":\"http:\\\/\\\/www.eldiariodetucuman.com\\\/web\\\/wp-content\\\/uploads\\\/2017\\\/12\\\/el-diario-de-tucuman.jpg\",\"contentUrl\":\"http:\\\/\\\/www.eldiariodetucuman.com\\\/web\\\/wp-content\\\/uploads\\\/2017\\\/12\\\/el-diario-de-tucuman.jpg\",\"width\":272,\"height\":92,\"caption\":\"El Diario de Tucuman\"},\"image\":{\"@id\":\"https:\\\/\\\/www.eldiariodetucuman.com\\\/web\\\/#\\\/schema\\\/logo\\\/image\\\/\"}},{\"@type\":\"Person\",\"@id\":\"https:\\\/\\\/www.eldiariodetucuman.com\\\/web\\\/#\\\/schema\\\/person\\\/9250197d75ab5483412e19678b121caa\",\"name\":\"admin\",\"image\":{\"@type\":\"ImageObject\",\"inLanguage\":\"es\",\"@id\":\"https:\\\/\\\/secure.gravatar.com\\\/avatar\\\/c44d117c2be811212c22cb481f6b8384b6873de103fbc49e7a03cc58d7dea4ac?s=96&d=mm&r=g\",\"url\":\"https:\\\/\\\/secure.gravatar.com\\\/avatar\\\/c44d117c2be811212c22cb481f6b8384b6873de103fbc49e7a03cc58d7dea4ac?s=96&d=mm&r=g\",\"contentUrl\":\"https:\\\/\\\/secure.gravatar.com\\\/avatar\\\/c44d117c2be811212c22cb481f6b8384b6873de103fbc49e7a03cc58d7dea4ac?s=96&d=mm&r=g\",\"caption\":\"admin\"},\"url\":\"https:\\\/\\\/www.eldiariodetucuman.com\\\/web\\\/author\\\/admin\\\/\"}]}<\/script>\n<!-- \/ Yoast SEO plugin. -->","yoast_head_json":{"title":"Con Francisco Comesa\u00f1a, Argentina defini\u00f3 su equipo para la Copa Davis - El Diario de Tucuman","robots":{"index":"index","follow":"follow","max-snippet":"max-snippet:-1","max-image-preview":"max-image-preview:large","max-video-preview":"max-video-preview:-1"},"canonical":"https:\/\/www.eldiariodetucuman.com\/web\/con-francisco-comesana-argentina-definio-su-equipo-para-la-copa-davis\/","og_locale":"es_ES","og_type":"article","og_title":"Con Francisco Comesa\u00f1a, Argentina defini\u00f3 su equipo para la Copa Davis - El Diario de Tucuman","og_description":"Embed &#8211; https:\/\/publish.x.com\/oembed?url=https:\/\/twitter.com\/AATenis\/status\/1955626783761486010&amp;partner=&amp;hide_thread=false El equipo lo completan Francisco Cer\u00fandolo (23\u00b0 ATP), Tom\u00e1s Etcheverry (58\u00b0), y la pareja de doblistas de elite integrada por Horacio Zeballos (7\u00b0) y Andr\u00e9s Molteni (21\u00b0). La \u00fanica modificaci\u00f3n respecto del plantel que en febrero derrot\u00f3 a Noruega ser\u00e1 la inclusi\u00f3n de Comesa\u00f1a en lugar de Mariano Navone. Frana no escatim\u00f3 [&hellip;]","og_url":"https:\/\/www.eldiariodetucuman.com\/web\/con-francisco-comesana-argentina-definio-su-equipo-para-la-copa-davis\/","og_site_name":"El Diario de Tucuman","article_published_time":"2025-08-13T19:04:16+00:00","author":"admin","twitter_card":"summary_large_image","twitter_misc":{"Escrito por":"admin","Tiempo de lectura":"1 minuto"},"schema":{"@context":"https:\/\/schema.org","@graph":[{"@type":"Article","@id":"https:\/\/www.eldiariodetucuman.com\/web\/con-francisco-comesana-argentina-definio-su-equipo-para-la-copa-davis\/#article","isPartOf":{"@id":"https:\/\/www.eldiariodetucuman.com\/web\/con-francisco-comesana-argentina-definio-su-equipo-para-la-copa-davis\/"},"author":{"name":"admin","@id":"https:\/\/www.eldiariodetucuman.com\/web\/#\/schema\/person\/9250197d75ab5483412e19678b121caa"},"headline":"Con Francisco Comesa\u00f1a, Argentina defini\u00f3 su equipo para la Copa Davis","datePublished":"2025-08-13T19:04:16+00:00","mainEntityOfPage":{"@id":"https:\/\/www.eldiariodetucuman.com\/web\/con-francisco-comesana-argentina-definio-su-equipo-para-la-copa-davis\/"},"wordCount":229,"publisher":{"@id":"https:\/\/www.eldiariodetucuman.com\/web\/#organization"},"image":{"@id":"https:\/\/www.eldiariodetucuman.com\/web\/con-francisco-comesana-argentina-definio-su-equipo-para-la-copa-davis\/#primaryimage"},"thumbnailUrl":"https:\/\/www.eldiariodetucuman.com\/web\/wp-content\/uploads\/2025\/08\/Con-Francisco-Comesana-Argentina-definio-su-equipo-para-la-Copa.png","articleSection":["Deporte"],"inLanguage":"es"},{"@type":"WebPage","@id":"https:\/\/www.eldiariodetucuman.com\/web\/con-francisco-comesana-argentina-definio-su-equipo-para-la-copa-davis\/","url":"https:\/\/www.eldiariodetucuman.com\/web\/con-francisco-comesana-argentina-definio-su-equipo-para-la-copa-davis\/","name":"Con Francisco Comesa\u00f1a, Argentina defini\u00f3 su equipo para la Copa Davis - El Diario de Tucuman","isPartOf":{"@id":"https:\/\/www.eldiariodetucuman.com\/web\/#website"},"primaryImageOfPage":{"@id":"https:\/\/www.eldiariodetucuman.com\/web\/con-francisco-comesana-argentina-definio-su-equipo-para-la-copa-davis\/#primaryimage"},"image":{"@id":"https:\/\/www.eldiariodetucuman.com\/web\/con-francisco-comesana-argentina-definio-su-equipo-para-la-copa-davis\/#primaryimage"},"thumbnailUrl":"https:\/\/www.eldiariodetucuman.com\/web\/wp-content\/uploads\/2025\/08\/Con-Francisco-Comesana-Argentina-definio-su-equipo-para-la-Copa.png","datePublished":"2025-08-13T19:04:16+00:00","breadcrumb":{"@id":"https:\/\/www.eldiariodetucuman.com\/web\/con-francisco-comesana-argentina-definio-su-equipo-para-la-copa-davis\/#breadcrumb"},"inLanguage":"es","potentialAction":[{"@type":"ReadAction","target":["https:\/\/www.eldiariodetucuman.com\/web\/con-francisco-comesana-argentina-definio-su-equipo-para-la-copa-davis\/"]}]},{"@type":"ImageObject","inLanguage":"es","@id":"https:\/\/www.eldiariodetucuman.com\/web\/con-francisco-comesana-argentina-definio-su-equipo-para-la-copa-davis\/#primaryimage","url":"https:\/\/www.eldiariodetucuman.com\/web\/wp-content\/uploads\/2025\/08\/Con-Francisco-Comesana-Argentina-definio-su-equipo-para-la-Copa.png","contentUrl":"https:\/\/www.eldiariodetucuman.com\/web\/wp-content\/uploads\/2025\/08\/Con-Francisco-Comesana-Argentina-definio-su-equipo-para-la-Copa.png","width":1200,"height":675},{"@type":"BreadcrumbList","@id":"https:\/\/www.eldiariodetucuman.com\/web\/con-francisco-comesana-argentina-definio-su-equipo-para-la-copa-davis\/#breadcrumb","itemListElement":[{"@type":"ListItem","position":1,"name":"Portada","item":"https:\/\/www.eldiariodetucuman.com\/web\/"},{"@type":"ListItem","position":2,"name":"Con Francisco Comesa\u00f1a, Argentina defini\u00f3 su equipo para la Copa Davis"}]},{"@type":"WebSite","@id":"https:\/\/www.eldiariodetucuman.com\/web\/#website","url":"https:\/\/www.eldiariodetucuman.com\/web\/","name":"El Diario de Tucuman","description":"Diario Tucuman - Informaci\u00f3n y noticias","publisher":{"@id":"https:\/\/www.eldiariodetucuman.com\/web\/#organization"},"potentialAction":[{"@type":"SearchAction","target":{"@type":"EntryPoint","urlTemplate":"https:\/\/www.eldiariodetucuman.com\/web\/?s={search_term_string}"},"query-input":{"@type":"PropertyValueSpecification","valueRequired":true,"valueName":"search_term_string"}}],"inLanguage":"es"},{"@type":"Organization","@id":"https:\/\/www.eldiariodetucuman.com\/web\/#organization","name":"El Diario de Tucuman","url":"https:\/\/www.eldiariodetucuman.com\/web\/","logo":{"@type":"ImageObject","inLanguage":"es","@id":"https:\/\/www.eldiariodetucuman.com\/web\/#\/schema\/logo\/image\/","url":"http:\/\/www.eldiariodetucuman.com\/web\/wp-content\/uploads\/2017\/12\/el-diario-de-tucuman.jpg","contentUrl":"http:\/\/www.eldiariodetucuman.com\/web\/wp-content\/uploads\/2017\/12\/el-diario-de-tucuman.jpg","width":272,"height":92,"caption":"El Diario de Tucuman"},"image":{"@id":"https:\/\/www.eldiariodetucuman.com\/web\/#\/schema\/logo\/image\/"}},{"@type":"Person","@id":"https:\/\/www.eldiariodetucuman.com\/web\/#\/schema\/person\/9250197d75ab5483412e19678b121caa","name":"admin","image":{"@type":"ImageObject","inLanguage":"es","@id":"https:\/\/secure.gravatar.com\/avatar\/c44d117c2be811212c22cb481f6b8384b6873de103fbc49e7a03cc58d7dea4ac?s=96&d=mm&r=g","url":"https:\/\/secure.gravatar.com\/avatar\/c44d117c2be811212c22cb481f6b8384b6873de103fbc49e7a03cc58d7dea4ac?s=96&d=mm&r=g","contentUrl":"https:\/\/secure.gravatar.com\/avatar\/c44d117c2be811212c22cb481f6b8384b6873de103fbc49e7a03cc58d7dea4ac?s=96&d=mm&r=g","caption":"admin"},"url":"https:\/\/www.eldiariodetucuman.com\/web\/author\/admin\/"}]}},"_links":{"self":[{"href":"https:\/\/www.eldiariodetucuman.com\/web\/wp-json\/wp\/v2\/posts\/45352","targetHints":{"allow":["GET"]}}],"collection":[{"href":"https:\/\/www.eldiariodetucuman.com\/web\/wp-json\/wp\/v2\/posts"}],"about":[{"href":"https:\/\/www.eldiariodetucuman.com\/web\/wp-json\/wp\/v2\/types\/post"}],"author":[{"embeddable":true,"href":"https:\/\/www.eldiariodetucuman.com\/web\/wp-json\/wp\/v2\/users\/1"}],"replies":[{"embeddable":true,"href":"https:\/\/www.eldiariodetucuman.com\/web\/wp-json\/wp\/v2\/comments?post=45352"}],"version-history":[{"count":0,"href":"https:\/\/www.eldiariodetucuman.com\/web\/wp-json\/wp\/v2\/posts\/45352\/revisions"}],"wp:featuredmedia":[{"embeddable":true,"href":"https:\/\/www.eldiariodetucuman.com\/web\/wp-json\/wp\/v2\/media\/45353"}],"wp:attachment":[{"href":"https:\/\/www.eldiariodetucuman.com\/web\/wp-json\/wp\/v2\/media?parent=45352"}],"wp:term":[{"taxonomy":"category","embeddable":true,"href":"https:\/\/www.eldiariodetucuman.com\/web\/wp-json\/wp\/v2\/categories?post=45352"},{"taxonomy":"post_tag","embeddable":true,"href":"https:\/\/www.eldiariodetucuman.com\/web\/wp-json\/wp\/v2\/tags?post=45352"}],"curies":[{"name":"wp","href":"https:\/\/api.w.org\/{rel}","templated":true}]}}