{"id":45336,"date":"2025-08-11T21:26:47","date_gmt":"2025-08-12T00:26:47","guid":{"rendered":"https:\/\/www.eldiariodetucuman.com\/web\/la-advertencia-de-saenz-al-gobierno-y-su-ironia-sobre-el-triangulo-de-hierro\/"},"modified":"2025-08-11T21:26:51","modified_gmt":"2025-08-12T00:26:51","slug":"la-advertencia-de-saenz-al-gobierno-y-su-ironia-sobre-el-triangulo-de-hierro","status":"publish","type":"post","link":"https:\/\/www.eldiariodetucuman.com\/web\/la-advertencia-de-saenz-al-gobierno-y-su-ironia-sobre-el-triangulo-de-hierro\/","title":{"rendered":"La advertencia de S\u00e1enz al Gobierno y su iron\u00eda sobre el \u201cTri\u00e1ngulo de Hierro\u201d"},"content":{"rendered":"<p><\/p>\n<p class=\"com-paragraph  --capital --s\">El gobernador por la provincia de Salta, <strong>Gustavo S\u00e1enz<\/strong>, le envi\u00f3 este lunes un tajante mensaje al presidente <strong>Javier Milei,<\/strong> a quien llam\u00f3 a recordar a aquellos jefes provinciales que <strong>le otorgaron gobernabilidad<\/strong> desde el comienzo de su gesti\u00f3n y que hoy son objeto de cr\u00edticas por parte de dirigentes asociados a La Libertad Avanza.<\/p>\n<p class=\"com-paragraph   --s\">\u201cLe dimos las herramientas que necesitaba para seguir adelante. Hicimos lo imposible para acompa\u00f1ar y ayudar. Y lamentablemente ponen a todos en la misma bolsa, ya sean gobernadores o legisladores. Se habla livianamente de traici\u00f3n. La lealtad es ida y vuelta. <strong>El Gobierno no ha tenido esa misma devoluci\u00f3n con nosotros<\/strong>\u201d, acus\u00f3 en LN+.<\/p>\n<p class=\"com-paragraph   --s\">El mandatario aclar\u00f3 que si bien no se siente \u201ctraicionado\u201d por la administraci\u00f3n Milei, <strong>la situaci\u00f3n es \u201ccomplicada\u201d<\/strong>. \u201cHemos tenido elecciones provinciales. Durante los comicios, dirigentes de LLA se ocuparon de decir barbaridades sobre mi persona. Recib\u00ed agresiones y difamaciones. Entonces, \u00bfpiden que los acompa\u00f1emos y me difaman?\u201c, razon\u00f3.<\/p>\n<p class=\"com-paragraph   --s\">Y complet\u00f3: \u201cSiento que qued\u00e9 en el medio. <strong>Tengo una situaci\u00f3n complicada<\/strong>. Acompa\u00f1\u00e9 porque cre\u00eda que este era el camino. Conf\u00ede y ten\u00eda la esperanza de que fuera as\u00ed. Adem\u00e1s, si al Gobierno le va mal, a todos nos va mal\u201d.<\/p>\n<p>El gobernador de Salta, Gustavo S\u00e1enz<\/p>\n<p class=\"com-paragraph   --s\">Durante su di\u00e1logo con Cristina P\u00e9rez y Juan Pablo Varksy, el gobernador salte\u00f1o dijo ver una \u201cintransigencia muy grande\u201d en lo que a d\u00e9ficit fiscal refiere: \u201cA mi me parece muy bien que el Gobierno y los funcionarios peleen por el equilibrio fiscal. Pero tiene que ir de la mano de equilibrio institucional y equilibrio social. <strong>Son tres patas\u201d<\/strong>.<\/p>\n<p class=\"com-paragraph   --s\">En esa misma l\u00ednea, solt\u00f3 de modo ir\u00f3nico: \u201cEl \u2018Tri\u00e1ngulo de Hierro\u2019 -n\u00facleo de poder dentro del oficialismo integrado por Javier y Karina Milei junto a Santiago Caputo- <strong>deber\u00eda estar conformado por equilibrio social, institucional y fiscal. <\/strong>A muchos funcionarios del Gobierno les falta un ba\u00f1o de pueblo y humildad\u201d.<\/p>\n<p class=\"com-paragraph   --s\">A lo largo de la entrevista, S\u00e1enz hizo menci\u00f3n a los vetos del Ejecutivo al aumento jubilatorio, moratoria previsional y emergencia en discapacidad. Por un lado, afirm\u00f3 no estar de acuerdo con la moratoria.<strong> Por el otro, ofreci\u00f3 una \u201cpeque\u00f1a soluci\u00f3n\u201d para solventar el incremento de los haberes jubilatorios.<\/strong><\/p>\n<p class=\"com-paragraph   --s\">\u201c<strong>Saquemos la plata de los planes sociales que se les dan a todos los extranjeros que se vienen a vivir al pa\u00eds.<\/strong> Es una monstruosidad de dinero. Muchos de ellos cruzan la frontera, tienen a sus hijos ac\u00e1, se les otorga la doble ciudadan\u00eda y cobran una Asignaci\u00f3n Universal por Hijo (AUH). Es una completa locura\u201d, plante\u00f3.<\/p>\n<\/p>\n<p class=\"com-paragraph   --s\">Del mismo modo opin\u00f3 en materia de discapacidad, aunque advirti\u00f3: \u201cHay que sacarle el soporte a quienes lo tienen sin ser personas con discapacidad. Pero mientras se esperan las auditor\u00edas, <strong>pagan justos por pecadores<\/strong>\u201d.<\/p>\n<p class=\"com-paragraph   --s\">En medio de la puja con Naci\u00f3n por la distribuci\u00f3n de los Aportes del Tesoro Nacional (ATN) y los impuestos a los combustibles l\u00edquidos, S\u00e1enz se mostr\u00f3 de acuerdo en reducir la carga impositiva que pesa sobre los ciudadanos a la vez que propuso: <strong>\u201cTodos los dem\u00e1s impuestos que queden deber\u00edan ser coparticipables\u201d.<\/strong><\/p>\n<p class=\"com-paragraph   --s\">\u201cA nadie le gustan los impuestos. Las retenciones tambi\u00e9n son espantosas. Pero hay una discusi\u00f3n que hay que dar tambi\u00e9n. Si bien tenemos que eliminar muchos, los que queden deber\u00edan ser coparticipables\u201d, opin\u00f3.<\/p>\n<p class=\"com-paragraph   --s\">Por \u00faltimo, hizo un breve an\u00e1lisis sobre la cadena nacional de Milei del pasado viernes, donde defendi\u00f3 a raja tabla el equilibrio fiscal. \u201cEs m\u00e1s de lo mismo. Seguimos hablando del equilibrio fiscal. Se aferra a eso. Pero detr\u00e1s hay mucha gente que sufre. Hay que buscar la forma de hacer al sistema previsional solvente, potente y que funcione. Pero tambi\u00e9n veamos el tema laboral.<strong> Si no se resuelve eso vamos a seguir este c\u00edrculo vicioso<\/strong>\u201d, concluy\u00f3.<\/p>\n<p><a href=\"https:\/\/www.lanacion.com.ar\/politica\/la-advertencia-de-gustavo-saenz-al-gobierno-y-su-ironia-sobre-el-triangulo-de-hierro-nid11082025\/\">Fuente de la nota <\/a><\/p>\n","protected":false},"excerpt":{"rendered":"<p>El gobernador por la provincia de Salta, Gustavo S\u00e1enz, le envi\u00f3 este lunes un tajante mensaje al presidente Javier Milei, a quien llam\u00f3 a recordar a aquellos jefes provinciales que le otorgaron gobernabilidad desde el comienzo de su gesti\u00f3n y que hoy son objeto de cr\u00edticas por parte de dirigentes asociados a La Libertad Avanza. [&hellip;]<\/p>\n","protected":false},"author":5,"featured_media":45337,"comment_status":"closed","ping_status":"open","sticky":false,"template":"","format":"standard","meta":{"footnotes":""},"categories":[3],"tags":[],"class_list":{"0":"post-45336","1":"post","2":"type-post","3":"status-publish","4":"format-standard","5":"has-post-thumbnail","7":"category-politica"},"yoast_head":"<!-- This site is optimized with the Yoast SEO plugin v27.4 - https:\/\/yoast.com\/product\/yoast-seo-wordpress\/ -->\n<title>La advertencia de S\u00e1enz al Gobierno y su iron\u00eda sobre el \u201cTri\u00e1ngulo de Hierro\u201d - El Diario de Tucuman<\/title>\n<meta name=\"robots\" content=\"index, follow, max-snippet:-1, max-image-preview:large, max-video-preview:-1\" \/>\n<link rel=\"canonical\" href=\"https:\/\/www.eldiariodetucuman.com\/web\/la-advertencia-de-saenz-al-gobierno-y-su-ironia-sobre-el-triangulo-de-hierro\/\" \/>\n<meta property=\"og:locale\" content=\"es_ES\" \/>\n<meta property=\"og:type\" content=\"article\" \/>\n<meta property=\"og:title\" content=\"La advertencia de S\u00e1enz al Gobierno y su iron\u00eda sobre el \u201cTri\u00e1ngulo de Hierro\u201d - El Diario de Tucuman\" \/>\n<meta property=\"og:description\" content=\"El gobernador por la provincia de Salta, Gustavo S\u00e1enz, le envi\u00f3 este lunes un tajante mensaje al presidente Javier Milei, a quien llam\u00f3 a recordar a aquellos jefes provinciales que le otorgaron gobernabilidad desde el comienzo de su gesti\u00f3n y que hoy son objeto de cr\u00edticas por parte de dirigentes asociados a La Libertad Avanza. [&hellip;]\" \/>\n<meta property=\"og:url\" content=\"https:\/\/www.eldiariodetucuman.com\/web\/la-advertencia-de-saenz-al-gobierno-y-su-ironia-sobre-el-triangulo-de-hierro\/\" \/>\n<meta property=\"og:site_name\" content=\"El Diario de Tucuman\" \/>\n<meta property=\"article:published_time\" content=\"2025-08-12T00:26:47+00:00\" \/>\n<meta property=\"article:modified_time\" content=\"2025-08-12T00:26:51+00:00\" \/>\n<meta property=\"og:image\" content=\"https:\/\/www.eldiariodetucuman.com\/web\/wp-content\/uploads\/2025\/08\/el-gobernador-por-la-provincia-de-salta-gustavo-QMBDLFXFDBFFXCQHI564HT6AZM.jpg\" \/>\n\t<meta property=\"og:image:width\" content=\"1200\" \/>\n\t<meta property=\"og:image:height\" content=\"800\" \/>\n\t<meta property=\"og:image:type\" content=\"image\/jpeg\" \/>\n<meta name=\"author\" content=\"Redactor Uno\" \/>\n<meta name=\"twitter:card\" content=\"summary_large_image\" \/>\n<meta name=\"twitter:label1\" content=\"Escrito por\" \/>\n\t<meta name=\"twitter:data1\" content=\"Redactor Uno\" \/>\n\t<meta name=\"twitter:label2\" content=\"Tiempo de lectura\" \/>\n\t<meta name=\"twitter:data2\" content=\"3 minutos\" \/>\n<script type=\"application\/ld+json\" class=\"yoast-schema-graph\">{\"@context\":\"https:\\\/\\\/schema.org\",\"@graph\":[{\"@type\":\"Article\",\"@id\":\"https:\\\/\\\/www.eldiariodetucuman.com\\\/web\\\/la-advertencia-de-saenz-al-gobierno-y-su-ironia-sobre-el-triangulo-de-hierro\\\/#article\",\"isPartOf\":{\"@id\":\"https:\\\/\\\/www.eldiariodetucuman.com\\\/web\\\/la-advertencia-de-saenz-al-gobierno-y-su-ironia-sobre-el-triangulo-de-hierro\\\/\"},\"author\":{\"name\":\"Redactor Uno\",\"@id\":\"https:\\\/\\\/www.eldiariodetucuman.com\\\/web\\\/#\\\/schema\\\/person\\\/7e6644a46e60888f6b868594407e08dd\"},\"headline\":\"La advertencia de S\u00e1enz al Gobierno y su iron\u00eda sobre el \u201cTri\u00e1ngulo de Hierro\u201d\",\"datePublished\":\"2025-08-12T00:26:47+00:00\",\"dateModified\":\"2025-08-12T00:26:51+00:00\",\"mainEntityOfPage\":{\"@id\":\"https:\\\/\\\/www.eldiariodetucuman.com\\\/web\\\/la-advertencia-de-saenz-al-gobierno-y-su-ironia-sobre-el-triangulo-de-hierro\\\/\"},\"wordCount\":685,\"publisher\":{\"@id\":\"https:\\\/\\\/www.eldiariodetucuman.com\\\/web\\\/#organization\"},\"image\":{\"@id\":\"https:\\\/\\\/www.eldiariodetucuman.com\\\/web\\\/la-advertencia-de-saenz-al-gobierno-y-su-ironia-sobre-el-triangulo-de-hierro\\\/#primaryimage\"},\"thumbnailUrl\":\"https:\\\/\\\/www.eldiariodetucuman.com\\\/web\\\/wp-content\\\/uploads\\\/2025\\\/08\\\/el-gobernador-por-la-provincia-de-salta-gustavo-QMBDLFXFDBFFXCQHI564HT6AZM.jpg\",\"articleSection\":[\"Politica\"],\"inLanguage\":\"es\"},{\"@type\":\"WebPage\",\"@id\":\"https:\\\/\\\/www.eldiariodetucuman.com\\\/web\\\/la-advertencia-de-saenz-al-gobierno-y-su-ironia-sobre-el-triangulo-de-hierro\\\/\",\"url\":\"https:\\\/\\\/www.eldiariodetucuman.com\\\/web\\\/la-advertencia-de-saenz-al-gobierno-y-su-ironia-sobre-el-triangulo-de-hierro\\\/\",\"name\":\"La advertencia de S\u00e1enz al Gobierno y su iron\u00eda sobre el \u201cTri\u00e1ngulo de Hierro\u201d - El Diario de Tucuman\",\"isPartOf\":{\"@id\":\"https:\\\/\\\/www.eldiariodetucuman.com\\\/web\\\/#website\"},\"primaryImageOfPage\":{\"@id\":\"https:\\\/\\\/www.eldiariodetucuman.com\\\/web\\\/la-advertencia-de-saenz-al-gobierno-y-su-ironia-sobre-el-triangulo-de-hierro\\\/#primaryimage\"},\"image\":{\"@id\":\"https:\\\/\\\/www.eldiariodetucuman.com\\\/web\\\/la-advertencia-de-saenz-al-gobierno-y-su-ironia-sobre-el-triangulo-de-hierro\\\/#primaryimage\"},\"thumbnailUrl\":\"https:\\\/\\\/www.eldiariodetucuman.com\\\/web\\\/wp-content\\\/uploads\\\/2025\\\/08\\\/el-gobernador-por-la-provincia-de-salta-gustavo-QMBDLFXFDBFFXCQHI564HT6AZM.jpg\",\"datePublished\":\"2025-08-12T00:26:47+00:00\",\"dateModified\":\"2025-08-12T00:26:51+00:00\",\"breadcrumb\":{\"@id\":\"https:\\\/\\\/www.eldiariodetucuman.com\\\/web\\\/la-advertencia-de-saenz-al-gobierno-y-su-ironia-sobre-el-triangulo-de-hierro\\\/#breadcrumb\"},\"inLanguage\":\"es\",\"potentialAction\":[{\"@type\":\"ReadAction\",\"target\":[\"https:\\\/\\\/www.eldiariodetucuman.com\\\/web\\\/la-advertencia-de-saenz-al-gobierno-y-su-ironia-sobre-el-triangulo-de-hierro\\\/\"]}]},{\"@type\":\"ImageObject\",\"inLanguage\":\"es\",\"@id\":\"https:\\\/\\\/www.eldiariodetucuman.com\\\/web\\\/la-advertencia-de-saenz-al-gobierno-y-su-ironia-sobre-el-triangulo-de-hierro\\\/#primaryimage\",\"url\":\"https:\\\/\\\/www.eldiariodetucuman.com\\\/web\\\/wp-content\\\/uploads\\\/2025\\\/08\\\/el-gobernador-por-la-provincia-de-salta-gustavo-QMBDLFXFDBFFXCQHI564HT6AZM.jpg\",\"contentUrl\":\"https:\\\/\\\/www.eldiariodetucuman.com\\\/web\\\/wp-content\\\/uploads\\\/2025\\\/08\\\/el-gobernador-por-la-provincia-de-salta-gustavo-QMBDLFXFDBFFXCQHI564HT6AZM.jpg\",\"width\":1200,\"height\":800},{\"@type\":\"BreadcrumbList\",\"@id\":\"https:\\\/\\\/www.eldiariodetucuman.com\\\/web\\\/la-advertencia-de-saenz-al-gobierno-y-su-ironia-sobre-el-triangulo-de-hierro\\\/#breadcrumb\",\"itemListElement\":[{\"@type\":\"ListItem\",\"position\":1,\"name\":\"Portada\",\"item\":\"https:\\\/\\\/www.eldiariodetucuman.com\\\/web\\\/\"},{\"@type\":\"ListItem\",\"position\":2,\"name\":\"La advertencia de S\u00e1enz al Gobierno y su iron\u00eda sobre el \u201cTri\u00e1ngulo de Hierro\u201d\"}]},{\"@type\":\"WebSite\",\"@id\":\"https:\\\/\\\/www.eldiariodetucuman.com\\\/web\\\/#website\",\"url\":\"https:\\\/\\\/www.eldiariodetucuman.com\\\/web\\\/\",\"name\":\"El Diario de Tucuman\",\"description\":\"Diario Tucuman - Informaci\u00f3n y noticias\",\"publisher\":{\"@id\":\"https:\\\/\\\/www.eldiariodetucuman.com\\\/web\\\/#organization\"},\"potentialAction\":[{\"@type\":\"SearchAction\",\"target\":{\"@type\":\"EntryPoint\",\"urlTemplate\":\"https:\\\/\\\/www.eldiariodetucuman.com\\\/web\\\/?s={search_term_string}\"},\"query-input\":{\"@type\":\"PropertyValueSpecification\",\"valueRequired\":true,\"valueName\":\"search_term_string\"}}],\"inLanguage\":\"es\"},{\"@type\":\"Organization\",\"@id\":\"https:\\\/\\\/www.eldiariodetucuman.com\\\/web\\\/#organization\",\"name\":\"El Diario de Tucuman\",\"url\":\"https:\\\/\\\/www.eldiariodetucuman.com\\\/web\\\/\",\"logo\":{\"@type\":\"ImageObject\",\"inLanguage\":\"es\",\"@id\":\"https:\\\/\\\/www.eldiariodetucuman.com\\\/web\\\/#\\\/schema\\\/logo\\\/image\\\/\",\"url\":\"http:\\\/\\\/www.eldiariodetucuman.com\\\/web\\\/wp-content\\\/uploads\\\/2017\\\/12\\\/el-diario-de-tucuman.jpg\",\"contentUrl\":\"http:\\\/\\\/www.eldiariodetucuman.com\\\/web\\\/wp-content\\\/uploads\\\/2017\\\/12\\\/el-diario-de-tucuman.jpg\",\"width\":272,\"height\":92,\"caption\":\"El Diario de Tucuman\"},\"image\":{\"@id\":\"https:\\\/\\\/www.eldiariodetucuman.com\\\/web\\\/#\\\/schema\\\/logo\\\/image\\\/\"}},{\"@type\":\"Person\",\"@id\":\"https:\\\/\\\/www.eldiariodetucuman.com\\\/web\\\/#\\\/schema\\\/person\\\/7e6644a46e60888f6b868594407e08dd\",\"name\":\"Redactor Uno\",\"image\":{\"@type\":\"ImageObject\",\"inLanguage\":\"es\",\"@id\":\"https:\\\/\\\/secure.gravatar.com\\\/avatar\\\/0049b1bdf1bd548385c9ea6b9356431717930913089febd2ba904f0187d7d074?s=96&d=mm&r=g\",\"url\":\"https:\\\/\\\/secure.gravatar.com\\\/avatar\\\/0049b1bdf1bd548385c9ea6b9356431717930913089febd2ba904f0187d7d074?s=96&d=mm&r=g\",\"contentUrl\":\"https:\\\/\\\/secure.gravatar.com\\\/avatar\\\/0049b1bdf1bd548385c9ea6b9356431717930913089febd2ba904f0187d7d074?s=96&d=mm&r=g\",\"caption\":\"Redactor Uno\"},\"url\":\"https:\\\/\\\/www.eldiariodetucuman.com\\\/web\\\/author\\\/mramasco\\\/\"}]}<\/script>\n<!-- \/ Yoast SEO plugin. -->","yoast_head_json":{"title":"La advertencia de S\u00e1enz al Gobierno y su iron\u00eda sobre el \u201cTri\u00e1ngulo de Hierro\u201d - El Diario de Tucuman","robots":{"index":"index","follow":"follow","max-snippet":"max-snippet:-1","max-image-preview":"max-image-preview:large","max-video-preview":"max-video-preview:-1"},"canonical":"https:\/\/www.eldiariodetucuman.com\/web\/la-advertencia-de-saenz-al-gobierno-y-su-ironia-sobre-el-triangulo-de-hierro\/","og_locale":"es_ES","og_type":"article","og_title":"La advertencia de S\u00e1enz al Gobierno y su iron\u00eda sobre el \u201cTri\u00e1ngulo de Hierro\u201d - El Diario de Tucuman","og_description":"El gobernador por la provincia de Salta, Gustavo S\u00e1enz, le envi\u00f3 este lunes un tajante mensaje al presidente Javier Milei, a quien llam\u00f3 a recordar a aquellos jefes provinciales que le otorgaron gobernabilidad desde el comienzo de su gesti\u00f3n y que hoy son objeto de cr\u00edticas por parte de dirigentes asociados a La Libertad Avanza. [&hellip;]","og_url":"https:\/\/www.eldiariodetucuman.com\/web\/la-advertencia-de-saenz-al-gobierno-y-su-ironia-sobre-el-triangulo-de-hierro\/","og_site_name":"El Diario de Tucuman","article_published_time":"2025-08-12T00:26:47+00:00","article_modified_time":"2025-08-12T00:26:51+00:00","og_image":[{"width":1200,"height":800,"url":"https:\/\/www.eldiariodetucuman.com\/web\/wp-content\/uploads\/2025\/08\/el-gobernador-por-la-provincia-de-salta-gustavo-QMBDLFXFDBFFXCQHI564HT6AZM.jpg","type":"image\/jpeg"}],"author":"Redactor Uno","twitter_card":"summary_large_image","twitter_misc":{"Escrito por":"Redactor Uno","Tiempo de lectura":"3 minutos"},"schema":{"@context":"https:\/\/schema.org","@graph":[{"@type":"Article","@id":"https:\/\/www.eldiariodetucuman.com\/web\/la-advertencia-de-saenz-al-gobierno-y-su-ironia-sobre-el-triangulo-de-hierro\/#article","isPartOf":{"@id":"https:\/\/www.eldiariodetucuman.com\/web\/la-advertencia-de-saenz-al-gobierno-y-su-ironia-sobre-el-triangulo-de-hierro\/"},"author":{"name":"Redactor Uno","@id":"https:\/\/www.eldiariodetucuman.com\/web\/#\/schema\/person\/7e6644a46e60888f6b868594407e08dd"},"headline":"La advertencia de S\u00e1enz al Gobierno y su iron\u00eda sobre el \u201cTri\u00e1ngulo de Hierro\u201d","datePublished":"2025-08-12T00:26:47+00:00","dateModified":"2025-08-12T00:26:51+00:00","mainEntityOfPage":{"@id":"https:\/\/www.eldiariodetucuman.com\/web\/la-advertencia-de-saenz-al-gobierno-y-su-ironia-sobre-el-triangulo-de-hierro\/"},"wordCount":685,"publisher":{"@id":"https:\/\/www.eldiariodetucuman.com\/web\/#organization"},"image":{"@id":"https:\/\/www.eldiariodetucuman.com\/web\/la-advertencia-de-saenz-al-gobierno-y-su-ironia-sobre-el-triangulo-de-hierro\/#primaryimage"},"thumbnailUrl":"https:\/\/www.eldiariodetucuman.com\/web\/wp-content\/uploads\/2025\/08\/el-gobernador-por-la-provincia-de-salta-gustavo-QMBDLFXFDBFFXCQHI564HT6AZM.jpg","articleSection":["Politica"],"inLanguage":"es"},{"@type":"WebPage","@id":"https:\/\/www.eldiariodetucuman.com\/web\/la-advertencia-de-saenz-al-gobierno-y-su-ironia-sobre-el-triangulo-de-hierro\/","url":"https:\/\/www.eldiariodetucuman.com\/web\/la-advertencia-de-saenz-al-gobierno-y-su-ironia-sobre-el-triangulo-de-hierro\/","name":"La advertencia de S\u00e1enz al Gobierno y su iron\u00eda sobre el \u201cTri\u00e1ngulo de Hierro\u201d - El Diario de Tucuman","isPartOf":{"@id":"https:\/\/www.eldiariodetucuman.com\/web\/#website"},"primaryImageOfPage":{"@id":"https:\/\/www.eldiariodetucuman.com\/web\/la-advertencia-de-saenz-al-gobierno-y-su-ironia-sobre-el-triangulo-de-hierro\/#primaryimage"},"image":{"@id":"https:\/\/www.eldiariodetucuman.com\/web\/la-advertencia-de-saenz-al-gobierno-y-su-ironia-sobre-el-triangulo-de-hierro\/#primaryimage"},"thumbnailUrl":"https:\/\/www.eldiariodetucuman.com\/web\/wp-content\/uploads\/2025\/08\/el-gobernador-por-la-provincia-de-salta-gustavo-QMBDLFXFDBFFXCQHI564HT6AZM.jpg","datePublished":"2025-08-12T00:26:47+00:00","dateModified":"2025-08-12T00:26:51+00:00","breadcrumb":{"@id":"https:\/\/www.eldiariodetucuman.com\/web\/la-advertencia-de-saenz-al-gobierno-y-su-ironia-sobre-el-triangulo-de-hierro\/#breadcrumb"},"inLanguage":"es","potentialAction":[{"@type":"ReadAction","target":["https:\/\/www.eldiariodetucuman.com\/web\/la-advertencia-de-saenz-al-gobierno-y-su-ironia-sobre-el-triangulo-de-hierro\/"]}]},{"@type":"ImageObject","inLanguage":"es","@id":"https:\/\/www.eldiariodetucuman.com\/web\/la-advertencia-de-saenz-al-gobierno-y-su-ironia-sobre-el-triangulo-de-hierro\/#primaryimage","url":"https:\/\/www.eldiariodetucuman.com\/web\/wp-content\/uploads\/2025\/08\/el-gobernador-por-la-provincia-de-salta-gustavo-QMBDLFXFDBFFXCQHI564HT6AZM.jpg","contentUrl":"https:\/\/www.eldiariodetucuman.com\/web\/wp-content\/uploads\/2025\/08\/el-gobernador-por-la-provincia-de-salta-gustavo-QMBDLFXFDBFFXCQHI564HT6AZM.jpg","width":1200,"height":800},{"@type":"BreadcrumbList","@id":"https:\/\/www.eldiariodetucuman.com\/web\/la-advertencia-de-saenz-al-gobierno-y-su-ironia-sobre-el-triangulo-de-hierro\/#breadcrumb","itemListElement":[{"@type":"ListItem","position":1,"name":"Portada","item":"https:\/\/www.eldiariodetucuman.com\/web\/"},{"@type":"ListItem","position":2,"name":"La advertencia de S\u00e1enz al Gobierno y su iron\u00eda sobre el \u201cTri\u00e1ngulo de Hierro\u201d"}]},{"@type":"WebSite","@id":"https:\/\/www.eldiariodetucuman.com\/web\/#website","url":"https:\/\/www.eldiariodetucuman.com\/web\/","name":"El Diario de Tucuman","description":"Diario Tucuman - Informaci\u00f3n y noticias","publisher":{"@id":"https:\/\/www.eldiariodetucuman.com\/web\/#organization"},"potentialAction":[{"@type":"SearchAction","target":{"@type":"EntryPoint","urlTemplate":"https:\/\/www.eldiariodetucuman.com\/web\/?s={search_term_string}"},"query-input":{"@type":"PropertyValueSpecification","valueRequired":true,"valueName":"search_term_string"}}],"inLanguage":"es"},{"@type":"Organization","@id":"https:\/\/www.eldiariodetucuman.com\/web\/#organization","name":"El Diario de Tucuman","url":"https:\/\/www.eldiariodetucuman.com\/web\/","logo":{"@type":"ImageObject","inLanguage":"es","@id":"https:\/\/www.eldiariodetucuman.com\/web\/#\/schema\/logo\/image\/","url":"http:\/\/www.eldiariodetucuman.com\/web\/wp-content\/uploads\/2017\/12\/el-diario-de-tucuman.jpg","contentUrl":"http:\/\/www.eldiariodetucuman.com\/web\/wp-content\/uploads\/2017\/12\/el-diario-de-tucuman.jpg","width":272,"height":92,"caption":"El Diario de Tucuman"},"image":{"@id":"https:\/\/www.eldiariodetucuman.com\/web\/#\/schema\/logo\/image\/"}},{"@type":"Person","@id":"https:\/\/www.eldiariodetucuman.com\/web\/#\/schema\/person\/7e6644a46e60888f6b868594407e08dd","name":"Redactor Uno","image":{"@type":"ImageObject","inLanguage":"es","@id":"https:\/\/secure.gravatar.com\/avatar\/0049b1bdf1bd548385c9ea6b9356431717930913089febd2ba904f0187d7d074?s=96&d=mm&r=g","url":"https:\/\/secure.gravatar.com\/avatar\/0049b1bdf1bd548385c9ea6b9356431717930913089febd2ba904f0187d7d074?s=96&d=mm&r=g","contentUrl":"https:\/\/secure.gravatar.com\/avatar\/0049b1bdf1bd548385c9ea6b9356431717930913089febd2ba904f0187d7d074?s=96&d=mm&r=g","caption":"Redactor Uno"},"url":"https:\/\/www.eldiariodetucuman.com\/web\/author\/mramasco\/"}]}},"_links":{"self":[{"href":"https:\/\/www.eldiariodetucuman.com\/web\/wp-json\/wp\/v2\/posts\/45336","targetHints":{"allow":["GET"]}}],"collection":[{"href":"https:\/\/www.eldiariodetucuman.com\/web\/wp-json\/wp\/v2\/posts"}],"about":[{"href":"https:\/\/www.eldiariodetucuman.com\/web\/wp-json\/wp\/v2\/types\/post"}],"author":[{"embeddable":true,"href":"https:\/\/www.eldiariodetucuman.com\/web\/wp-json\/wp\/v2\/users\/5"}],"replies":[{"embeddable":true,"href":"https:\/\/www.eldiariodetucuman.com\/web\/wp-json\/wp\/v2\/comments?post=45336"}],"version-history":[{"count":1,"href":"https:\/\/www.eldiariodetucuman.com\/web\/wp-json\/wp\/v2\/posts\/45336\/revisions"}],"predecessor-version":[{"id":45338,"href":"https:\/\/www.eldiariodetucuman.com\/web\/wp-json\/wp\/v2\/posts\/45336\/revisions\/45338"}],"wp:featuredmedia":[{"embeddable":true,"href":"https:\/\/www.eldiariodetucuman.com\/web\/wp-json\/wp\/v2\/media\/45337"}],"wp:attachment":[{"href":"https:\/\/www.eldiariodetucuman.com\/web\/wp-json\/wp\/v2\/media?parent=45336"}],"wp:term":[{"taxonomy":"category","embeddable":true,"href":"https:\/\/www.eldiariodetucuman.com\/web\/wp-json\/wp\/v2\/categories?post=45336"},{"taxonomy":"post_tag","embeddable":true,"href":"https:\/\/www.eldiariodetucuman.com\/web\/wp-json\/wp\/v2\/tags?post=45336"}],"curies":[{"name":"wp","href":"https:\/\/api.w.org\/{rel}","templated":true}]}}