{"id":45334,"date":"2025-08-11T16:01:10","date_gmt":"2025-08-11T19:01:10","guid":{"rendered":"https:\/\/www.eldiariodetucuman.com\/web\/con-una-inversion-80-000-millones-jaldo-reinicio-las-obras-del-procrear-ii\/"},"modified":"2025-08-11T16:01:10","modified_gmt":"2025-08-11T19:01:10","slug":"con-una-inversion-80-000-millones-jaldo-reinicio-las-obras-del-procrear-ii","status":"publish","type":"post","link":"https:\/\/www.eldiariodetucuman.com\/web\/con-una-inversion-80-000-millones-jaldo-reinicio-las-obras-del-procrear-ii\/","title":{"rendered":"Con una inversi\u00f3n $80.000 millones, Jaldo reinici\u00f3 las obras del Procrear II"},"content":{"rendered":"<p><\/p>\n<p id=\"isPasted\">El gobernador, <strong>Osvaldo Jaldo<\/strong>, presidi\u00f3 hoy el acto de reinicio de obra de la primera etapa de viviendas y locales comerciales del Complejo Habitacional Procrear Tucum\u00e1n, ubicado en un predio de 100 hect\u00e1reas en la localidad de El Manantial con una inversi\u00f3n proyectada en $80.000 millones.<\/p>\n<p>\u00a0El mandatario estuvo acompa\u00f1ado por el vicegobernador, <strong>Miguel Acevedo<\/strong>; los ministros <strong>Marcelo Nazur\u00a0<\/strong>(Obras P\u00fablicas); <strong>Dar\u00edo Monteros\u00a0<\/strong>(Interior) y <strong>Eugenio Ag\u00fcero Gamboa\u00a0<\/strong>(Seguridad), el secretario general de la Gobernaci\u00f3n, Federico Nazur; el interventor del Instituto de la Vivienda y Desarrollo Urbano (IPVDU), <strong>Hugo Cabral<\/strong>; el ministro Pupilar y de la Defensa, <strong>Washington Navarro D\u00e1vila<\/strong>; el gerente de la Sociedad Aguas del Tucum\u00e1n, <strong>Marcelo Caponio<\/strong>; los diputados nacionales, <strong>Gladys Medina, Agust\u00edn Fern\u00e1ndez\u00a0<\/strong>y<strong>\u00a0Pablo Yedlin<\/strong>; la senadora nacional, <strong>Sandra Mendoza<\/strong>; los intendentes, <strong>Rossana Chahla<\/strong>, <strong>Gonzalo Monteros<\/strong> (La Banda del R\u00edo Sal\u00ed) y <strong>Francisco Caliva<\/strong> (Taf\u00ed del Valle); el secretario general de la Uni\u00f3n Obrera de la Construcci\u00f3n de la Rep\u00fablica Argentina (UOCRA), distrito Tucum\u00e1n, <strong>David Acosta<\/strong>; y el presidente de la C\u00e1mara Tucumana de la Construcci\u00f3n, <strong>Jorge Garber.<\/strong><\/p>\n<p>Adem\u00e1s, se encontraban los legisladores provinciales <strong>Rolando Alfaro, Javier Noguera, Nancy Bulacio, Paula Galv\u00e1n, Ger\u00f3nimo Vargas Aignasse, Sandra Figueroa, Ernesto G\u00f3mez Rossi, Maia Mart\u00ednez, Tulio Caponio, Alejandro Figueroa, Leopoldo Rodr\u00edguez, Ra\u00fal Roberto Moreno, Carlos Gallia, Francisco Serra, Alberto Olea<\/strong>; y el prosecretario legislativo,<strong>\u00a0Alejandro Mart\u00ednez.\u00a0<\/strong><\/p>\n<p><strong\/>El desarrollo del complejo comenz\u00f3 en 2023 con la urbanizaci\u00f3n de un predio de 100 hect\u00e1reas en la zona de Manantial Sur. Debido a dificultades econ\u00f3micas y cambios en las pol\u00edticas nacionales, los trabajos se detuvieron con un avance del 15%. Este a\u00f1o, la Provincia concret\u00f3 el traspaso de los terrenos y reactiv\u00f3 la obra con una inversi\u00f3n de $80.000 millones de recursos propios.<\/p>\n<\/p>\n<p>La primera etapa contempla 572 soluciones habitacionales y 22 locales comerciales, distribuidos en torres, monoblocks y d\u00faplex, con un total de 45.000 m\u00b2 de construcci\u00f3n, infraestructura y servicios. El plazo de ejecuci\u00f3n es de 18 meses y se estima la generaci\u00f3n de m\u00e1s de 6.000 puestos de trabajo directos e indirectos. En total, el proyecto prev\u00e9 1.656 viviendas, 1.400 lotes con servicios, 50 locales comerciales, adem\u00e1s de \u00e1reas verdes y espacios para salud, educaci\u00f3n y cultura.<\/p>\n<p>El gobernador, Osvaldo Jaldo, expres\u00f3: \u201cYo creo que este es el gran desaf\u00edo que venimos tomando los tucumanos y hemos sido una parte viva de la historia de la Rep\u00fablica Argentina. Como aquel 9 de julio de 1816, donde hombres y mujeres dieron su vida en Tucum\u00e1n para que declaremos la independencia. Eso quiere decir que en Tucum\u00e1n hay hombres y mujeres que est\u00e1n dispuestos a trabajar por su provincia\u201d.<\/p>\n<\/p>\n<p>El mandatario record\u00f3 que en 2022 se hab\u00eda iniciado el emprendimiento de 1.600 viviendas y m\u00e1s de 1.400 lotes con infraestructura de servicios, pero que las obras fueron paralizadas a nivel nacional: \u201cEl Gobierno nacional anterior lo hab\u00eda iniciado y este gobierno nacional, por diferentes motivos, lo paraliz\u00f3 como muchas otras obras a nivel nacional. Son 100 hect\u00e1reas para construir viviendas. Y hoy el avance f\u00edsico que ustedes pueden estar viendo es casi un 15 o un 20%, es decir que falta el 80% para construir\u201d.<\/p>\n<\/p>\n<p>Jaldo destac\u00f3 que el Gobierno de Tucum\u00e1n, a pesar de las variables macroecon\u00f3micas que sufre el pa\u00eds, solicit\u00f3 la transferencia de las tierras y de las obras iniciadas, as\u00ed como la continuidad de las empresas adjudicatarias originales. \u201cEste megaemprendimiento habitacional, el m\u00e1s grande de la Rep\u00fablica Argentina, directamente van a trabajar 7.000 empleados y de forma indirecta otros 8.000, 9.000\u201d, se\u00f1al\u00f3.<\/p>\n<p>Asimismo, indic\u00f3 que se solicit\u00f3 a la C\u00e1mara de la Construcci\u00f3n que los insumos se adquieran en la provincia y que la mano de obra sea local. \u201cEl esfuerzo que hace de 80.000 millones de pesos el Gobierno de la provincia son para que el 100% queden aqu\u00ed en la provincia de Tucum\u00e1n, queden en vivienda, queden en empleo y queden en la dinamizaci\u00f3n de la econom\u00eda\u201d, enfatiz\u00f3.<\/p>\n<\/p>\n<p>El titular del Ejecutivo provincial record\u00f3 que, de forma paralela al PROCREAR, el Instituto Provincial de la Vivienda ejecuta alrededor de 1.700 unidades habitacionales a trav\u00e9s de planes FONAVI e IPVDU, as\u00ed como m\u00e1s de 300 viviendas en el interior mediante programas con intendentes, comisionados comunales y familias. En total, afirm\u00f3 que hay casi 2.000 viviendas en ejecuci\u00f3n fuera del PROCREAR.<\/p>\n<\/p>\n<p>En materia econ\u00f3mica, Jaldo se\u00f1al\u00f3: \u201cEl desempleo lo estamos amortiguando las provincias. Esto va a contrapelo de esa pol\u00edtica nacional. Con un gran esfuerzo, pregunto: de qu\u00e9 sirve un super\u00e1vit o un d\u00e9ficit cero si no es para volc\u00e1rselo a la gente; de qu\u00e9 sirve un super\u00e1vit si no es para invertirlo en casas, en obras de infraestructura\u201d.<\/p>\n<p>El gobernador remarc\u00f3 que los recursos provinciales se destinan prioritariamente a salud, educaci\u00f3n, seguridad y asistencia social, adem\u00e1s de obras de infraestructura como escuelas, rutas, viviendas y trabajos h\u00eddricos. \u201cHoy es un d\u00eda muy especial y esto nos demuestra que lo que no hagamos los tucumanos por Tucum\u00e1n nadie va a venir de afuera a hacerlo\u201d.\u00a0<\/p>\n<p>Por otro lado, en cuanto a obras habitacionales que se llevan a cabo para concluir viviendas en otro sector de Manantial Sur, Jaldo cerr\u00f3: \u201cest\u00e1n trabajando las empresas en 100 casas de Manantial Sur. El IPVDU est\u00e1 haciendo los controles y esas 100 casas las vamos a terminar, y las vamos a entregar llave en mano a los beneficiarios que ya han participado en el sorteo y son adjudicatarios\u201d y dijo: \u201cles vamos a dar a los propios due\u00f1os que han sido asignados a trav\u00e9s de los bolilleros, cuando las terminemos. Que nos tengan un poquito m\u00e1s de paciencia, porque ya han esperado 4 o 5 a\u00f1os y, si Dios quiere, hasta fin de a\u00f1o vamos a estar entregando\u201d.<\/p>\n<p>El vicegobernador, Miguel Acevedo, destac\u00f3 la decisi\u00f3n pol\u00edtica del gobernador Jaldo para sostener y avanzar con el proyecto; \u201cEsto era un sue\u00f1o que ve\u00edamos, que se ca\u00eda por el cambio de pol\u00edtica nacional, que dijo que no se iba a hacer m\u00e1s obra p\u00fablica. En 2023 ten\u00edamos la ilusi\u00f3n de que se concrete. Se ven\u00eda cayendo, pero por la decisi\u00f3n del gobernador se retom\u00f3 y se est\u00e1 construyendo. Hoy ya no es un sue\u00f1o, es una realidad\u201d.<\/p>\n<\/p>\n<p>Acevedo record\u00f3 que, para hacer posible la continuidad del programa, la Legislatura aprob\u00f3 la Ley N.\u00ba 9898, que convalid\u00f3 un decreto de necesidad y urgencia del Poder Ejecutivo. \u201cNos hemos puesto todos juntos a trabajar\u201d, sostuvo, y agreg\u00f3 que \u201clas empresas privadas han apoyado much\u00edsimo estas iniciativas, lo que demuestra que lo p\u00fablico y lo privado pueden confluir y trabajar siempre en pos del beneficio de los tucumanos y tucumanas\u201d.<\/p>\n<p>El vicegobernador subray\u00f3 el impacto de esta pol\u00edtica en la poblaci\u00f3n. \u201cEstas casas van a ser habitadas por familias que hoy no tienen vivienda, pero que van a seguir estando en Tucum\u00e1n porque van a tener su casa propia\u201d, se\u00f1al\u00f3.<\/p>\n<p>La intendente, Rossana Chahla, expres\u00f3: \u201cLa verdad que ha sido un gusto poder compartir esta decisi\u00f3n pol\u00edtica que ten\u00eda nuestro se\u00f1or gobernador de poder terminar estas obras que estaban a un 10 o un 15% en este predio de 100 hect\u00e1reas que est\u00e1 dentro del ejido municipal de San Miguel de Tucum\u00e1n\u201d.<\/p>\n<\/p>\n<p>La jefa municipal resalt\u00f3 la inversi\u00f3n estimada en 80.000 millones de pesos y la modalidad de asociaci\u00f3n p\u00fablico-privada aplicada al emprendimiento. \u201cQueremos que todas las cosas se compren en Tucum\u00e1n y tambi\u00e9n que los empleados sean tucumanos. M\u00e1s de 3.000 viviendas. La vivienda es algo esencial para las personas\u201d, afirm\u00f3.<\/p>\n<p>Chahla detall\u00f3 que el municipio ya ha integrado m\u00e1s de cinco barrios en la zona, con la ejecuci\u00f3n de 90 cuadras pavimentadas. Adem\u00e1s, anunci\u00f3 que el gobierno municipal asumir\u00e1 el mantenimiento de los espacios verdes y plazas, as\u00ed como del alumbrado p\u00fablico, una vez finalizada la obra.<\/p>\n<p>El ministro Marcelo Nazur afirm\u00f3: \u201cmuy contento acompa\u00f1ando a nuestro gobernador en el reinicio oficial de este gran emprendimiento, una de las obras habitacional de las m\u00e1s grandes del pa\u00eds. Viene a beneficiar a m\u00e1s de 3.000 familias tucumanas, 7.000 puestos de trabajo en forma directa e indirecta y hoy lanzamos la primera etapa. $80.000 millones que van a ser distribuidos en 22 empresas. La primera etapa son 572 soluciones habitacionales, 22 locales comerciales, todos los servicios, agua, el luz, cloacas, para que esto funcione a pleno. Es una obra que nos merecemos los tucumanos\u201d.<\/p>\n<\/p>\n<p>El interventor del IPVDU, Hugo Cabral, se\u00f1al\u00f3: \u201ces un d\u00eda hist\u00f3rico porque el inicio de este tan importante emprendimiento no es solamente un desarrollo habitacional, tambi\u00e9n tiene que ver con el desarrollo territorial urbano de la ciudad, por el impacto que va a producir estas 3.056 viviendas. Esto resuelve el d\u00e9ficit habitacional y genera empleo genuino. Es un mensaje muy claro del gobernador de la provincia de que no vamos a dejar caer el sue\u00f1o de la casa propia y no vamos a dejar caer el sue\u00f1o de poder vivir en una provincia mejor\u201d.<\/p>\n<p>El secretario general de la UOCRA Tucum\u00e1n, David Acosta, expres\u00f3 que el emprendimiento dar\u00e1 empleo a muchos trabajadores que estaban desempleados: \u201cRealmente genera m\u00e1s de 7.000 puestos de trabajo directos, una perspectiva y un gran festejo para los compa\u00f1eros que ven\u00edan de casi dos a\u00f1os con un parate muy importante en la obra p\u00fablica a nivel pa\u00eds y provincial. Que el gobernador tome esta decisi\u00f3n de reiniciar este proyecto del Procrear para nosotros es muy importante\u201d.<\/p>\n<\/p>\n<p>El presidente de la C\u00e1mara Tucumana de la Construcci\u00f3n, Jorge Garber, sostuvo: \u201cDespu\u00e9s de meses de espera, con tantas idas y vueltas, desde la toma de posesi\u00f3n por parte de la provincia de este predio de 100 hect\u00e1reas, es que las empresas nos hemos hecho cargo de la custodia de los diferentes sectores. Estamos realizando tareas preliminares y trabajos preparatorios. Tenemos, en el caso de las torres de 9 pisos y panta baja, 24 meses para terminarlas, con aproximadamente entre 100 y 150 personas por sector, para poder llegar a la entrega en dos a\u00f1os. Esto estaba en un punto muerto, las obras neutralizadas sin ninguna expectativa del Banco Hipotecario, y hoy el gobernador le ha vuelto a dar vida. Esto es una obra que no solamente son 572 viviendas y 22 locales comerciales, sino que dinamiza la econom\u00eda de la zona y actividades directamente relacionadas con la reactivaci\u00f3n de Tucum\u00e1n\u201d.<\/p>\n<p>Fuente: <a href=\"https:\/\/www.comunicaciontucuman.gob.ar\/noticia\/gobernacion\/236236\/con-inversion-80000-millones-jaldo-reinicio-obras-procrear-ii\"> Fuente de la nota <\/a><\/p>\n","protected":false},"excerpt":{"rendered":"<p>El gobernador, Osvaldo Jaldo, presidi\u00f3 hoy el acto de reinicio de obra de la primera etapa de viviendas y locales comerciales del Complejo Habitacional Procrear Tucum\u00e1n, ubicado en un predio de 100 hect\u00e1reas en la localidad de El Manantial con una inversi\u00f3n proyectada en $80.000 millones. \u00a0El mandatario estuvo acompa\u00f1ado por el vicegobernador, Miguel Acevedo; [&hellip;]<\/p>\n","protected":false},"author":1,"featured_media":45335,"comment_status":"closed","ping_status":"open","sticky":false,"template":"","format":"standard","meta":{"footnotes":""},"categories":[3],"tags":[],"class_list":{"0":"post-45334","1":"post","2":"type-post","3":"status-publish","4":"format-standard","5":"has-post-thumbnail","7":"category-politica"},"yoast_head":"<!-- This site is optimized with the Yoast SEO plugin v27.4 - https:\/\/yoast.com\/product\/yoast-seo-wordpress\/ -->\n<title>Con una inversi\u00f3n $80.000 millones, Jaldo reinici\u00f3 las obras del Procrear II - El Diario de Tucuman<\/title>\n<meta name=\"robots\" content=\"index, follow, max-snippet:-1, max-image-preview:large, max-video-preview:-1\" \/>\n<link rel=\"canonical\" href=\"https:\/\/www.eldiariodetucuman.com\/web\/con-una-inversion-80-000-millones-jaldo-reinicio-las-obras-del-procrear-ii\/\" \/>\n<meta property=\"og:locale\" content=\"es_ES\" \/>\n<meta property=\"og:type\" content=\"article\" \/>\n<meta property=\"og:title\" content=\"Con una inversi\u00f3n $80.000 millones, Jaldo reinici\u00f3 las obras del Procrear II - El Diario de Tucuman\" \/>\n<meta property=\"og:description\" content=\"El gobernador, Osvaldo Jaldo, presidi\u00f3 hoy el acto de reinicio de obra de la primera etapa de viviendas y locales comerciales del Complejo Habitacional Procrear Tucum\u00e1n, ubicado en un predio de 100 hect\u00e1reas en la localidad de El Manantial con una inversi\u00f3n proyectada en $80.000 millones. \u00a0El mandatario estuvo acompa\u00f1ado por el vicegobernador, Miguel Acevedo; [&hellip;]\" \/>\n<meta property=\"og:url\" content=\"https:\/\/www.eldiariodetucuman.com\/web\/con-una-inversion-80-000-millones-jaldo-reinicio-las-obras-del-procrear-ii\/\" \/>\n<meta property=\"og:site_name\" content=\"El Diario de Tucuman\" \/>\n<meta property=\"article:published_time\" content=\"2025-08-11T19:01:10+00:00\" \/>\n<meta name=\"author\" content=\"admin\" \/>\n<meta name=\"twitter:card\" content=\"summary_large_image\" \/>\n<meta name=\"twitter:label1\" content=\"Escrito por\" \/>\n\t<meta name=\"twitter:data1\" content=\"admin\" \/>\n\t<meta name=\"twitter:label2\" content=\"Tiempo de lectura\" \/>\n\t<meta name=\"twitter:data2\" content=\"9 minutos\" \/>\n<script type=\"application\/ld+json\" class=\"yoast-schema-graph\">{\"@context\":\"https:\\\/\\\/schema.org\",\"@graph\":[{\"@type\":\"Article\",\"@id\":\"https:\\\/\\\/www.eldiariodetucuman.com\\\/web\\\/con-una-inversion-80-000-millones-jaldo-reinicio-las-obras-del-procrear-ii\\\/#article\",\"isPartOf\":{\"@id\":\"https:\\\/\\\/www.eldiariodetucuman.com\\\/web\\\/con-una-inversion-80-000-millones-jaldo-reinicio-las-obras-del-procrear-ii\\\/\"},\"author\":{\"name\":\"admin\",\"@id\":\"https:\\\/\\\/www.eldiariodetucuman.com\\\/web\\\/#\\\/schema\\\/person\\\/9250197d75ab5483412e19678b121caa\"},\"headline\":\"Con una inversi\u00f3n $80.000 millones, Jaldo reinici\u00f3 las obras del Procrear II\",\"datePublished\":\"2025-08-11T19:01:10+00:00\",\"mainEntityOfPage\":{\"@id\":\"https:\\\/\\\/www.eldiariodetucuman.com\\\/web\\\/con-una-inversion-80-000-millones-jaldo-reinicio-las-obras-del-procrear-ii\\\/\"},\"wordCount\":1793,\"publisher\":{\"@id\":\"https:\\\/\\\/www.eldiariodetucuman.com\\\/web\\\/#organization\"},\"image\":{\"@id\":\"https:\\\/\\\/www.eldiariodetucuman.com\\\/web\\\/con-una-inversion-80-000-millones-jaldo-reinicio-las-obras-del-procrear-ii\\\/#primaryimage\"},\"thumbnailUrl\":\"https:\\\/\\\/www.eldiariodetucuman.com\\\/web\\\/wp-content\\\/uploads\\\/2025\\\/08\\\/Con-una-inversion-80000-millones-Jaldo-reinicio-las-obras-del.jfif\",\"articleSection\":[\"Politica\"],\"inLanguage\":\"es\"},{\"@type\":\"WebPage\",\"@id\":\"https:\\\/\\\/www.eldiariodetucuman.com\\\/web\\\/con-una-inversion-80-000-millones-jaldo-reinicio-las-obras-del-procrear-ii\\\/\",\"url\":\"https:\\\/\\\/www.eldiariodetucuman.com\\\/web\\\/con-una-inversion-80-000-millones-jaldo-reinicio-las-obras-del-procrear-ii\\\/\",\"name\":\"Con una inversi\u00f3n $80.000 millones, Jaldo reinici\u00f3 las obras del Procrear II - El Diario de Tucuman\",\"isPartOf\":{\"@id\":\"https:\\\/\\\/www.eldiariodetucuman.com\\\/web\\\/#website\"},\"primaryImageOfPage\":{\"@id\":\"https:\\\/\\\/www.eldiariodetucuman.com\\\/web\\\/con-una-inversion-80-000-millones-jaldo-reinicio-las-obras-del-procrear-ii\\\/#primaryimage\"},\"image\":{\"@id\":\"https:\\\/\\\/www.eldiariodetucuman.com\\\/web\\\/con-una-inversion-80-000-millones-jaldo-reinicio-las-obras-del-procrear-ii\\\/#primaryimage\"},\"thumbnailUrl\":\"https:\\\/\\\/www.eldiariodetucuman.com\\\/web\\\/wp-content\\\/uploads\\\/2025\\\/08\\\/Con-una-inversion-80000-millones-Jaldo-reinicio-las-obras-del.jfif\",\"datePublished\":\"2025-08-11T19:01:10+00:00\",\"breadcrumb\":{\"@id\":\"https:\\\/\\\/www.eldiariodetucuman.com\\\/web\\\/con-una-inversion-80-000-millones-jaldo-reinicio-las-obras-del-procrear-ii\\\/#breadcrumb\"},\"inLanguage\":\"es\",\"potentialAction\":[{\"@type\":\"ReadAction\",\"target\":[\"https:\\\/\\\/www.eldiariodetucuman.com\\\/web\\\/con-una-inversion-80-000-millones-jaldo-reinicio-las-obras-del-procrear-ii\\\/\"]}]},{\"@type\":\"ImageObject\",\"inLanguage\":\"es\",\"@id\":\"https:\\\/\\\/www.eldiariodetucuman.com\\\/web\\\/con-una-inversion-80-000-millones-jaldo-reinicio-las-obras-del-procrear-ii\\\/#primaryimage\",\"url\":\"https:\\\/\\\/www.eldiariodetucuman.com\\\/web\\\/wp-content\\\/uploads\\\/2025\\\/08\\\/Con-una-inversion-80000-millones-Jaldo-reinicio-las-obras-del.jfif\",\"contentUrl\":\"https:\\\/\\\/www.eldiariodetucuman.com\\\/web\\\/wp-content\\\/uploads\\\/2025\\\/08\\\/Con-una-inversion-80000-millones-Jaldo-reinicio-las-obras-del.jfif\",\"width\":818,\"height\":460},{\"@type\":\"BreadcrumbList\",\"@id\":\"https:\\\/\\\/www.eldiariodetucuman.com\\\/web\\\/con-una-inversion-80-000-millones-jaldo-reinicio-las-obras-del-procrear-ii\\\/#breadcrumb\",\"itemListElement\":[{\"@type\":\"ListItem\",\"position\":1,\"name\":\"Portada\",\"item\":\"https:\\\/\\\/www.eldiariodetucuman.com\\\/web\\\/\"},{\"@type\":\"ListItem\",\"position\":2,\"name\":\"Con una inversi\u00f3n $80.000 millones, Jaldo reinici\u00f3 las obras del Procrear II\"}]},{\"@type\":\"WebSite\",\"@id\":\"https:\\\/\\\/www.eldiariodetucuman.com\\\/web\\\/#website\",\"url\":\"https:\\\/\\\/www.eldiariodetucuman.com\\\/web\\\/\",\"name\":\"El Diario de Tucuman\",\"description\":\"Diario Tucuman - Informaci\u00f3n y noticias\",\"publisher\":{\"@id\":\"https:\\\/\\\/www.eldiariodetucuman.com\\\/web\\\/#organization\"},\"potentialAction\":[{\"@type\":\"SearchAction\",\"target\":{\"@type\":\"EntryPoint\",\"urlTemplate\":\"https:\\\/\\\/www.eldiariodetucuman.com\\\/web\\\/?s={search_term_string}\"},\"query-input\":{\"@type\":\"PropertyValueSpecification\",\"valueRequired\":true,\"valueName\":\"search_term_string\"}}],\"inLanguage\":\"es\"},{\"@type\":\"Organization\",\"@id\":\"https:\\\/\\\/www.eldiariodetucuman.com\\\/web\\\/#organization\",\"name\":\"El Diario de Tucuman\",\"url\":\"https:\\\/\\\/www.eldiariodetucuman.com\\\/web\\\/\",\"logo\":{\"@type\":\"ImageObject\",\"inLanguage\":\"es\",\"@id\":\"https:\\\/\\\/www.eldiariodetucuman.com\\\/web\\\/#\\\/schema\\\/logo\\\/image\\\/\",\"url\":\"http:\\\/\\\/www.eldiariodetucuman.com\\\/web\\\/wp-content\\\/uploads\\\/2017\\\/12\\\/el-diario-de-tucuman.jpg\",\"contentUrl\":\"http:\\\/\\\/www.eldiariodetucuman.com\\\/web\\\/wp-content\\\/uploads\\\/2017\\\/12\\\/el-diario-de-tucuman.jpg\",\"width\":272,\"height\":92,\"caption\":\"El Diario de Tucuman\"},\"image\":{\"@id\":\"https:\\\/\\\/www.eldiariodetucuman.com\\\/web\\\/#\\\/schema\\\/logo\\\/image\\\/\"}},{\"@type\":\"Person\",\"@id\":\"https:\\\/\\\/www.eldiariodetucuman.com\\\/web\\\/#\\\/schema\\\/person\\\/9250197d75ab5483412e19678b121caa\",\"name\":\"admin\",\"image\":{\"@type\":\"ImageObject\",\"inLanguage\":\"es\",\"@id\":\"https:\\\/\\\/secure.gravatar.com\\\/avatar\\\/c44d117c2be811212c22cb481f6b8384b6873de103fbc49e7a03cc58d7dea4ac?s=96&d=mm&r=g\",\"url\":\"https:\\\/\\\/secure.gravatar.com\\\/avatar\\\/c44d117c2be811212c22cb481f6b8384b6873de103fbc49e7a03cc58d7dea4ac?s=96&d=mm&r=g\",\"contentUrl\":\"https:\\\/\\\/secure.gravatar.com\\\/avatar\\\/c44d117c2be811212c22cb481f6b8384b6873de103fbc49e7a03cc58d7dea4ac?s=96&d=mm&r=g\",\"caption\":\"admin\"},\"url\":\"https:\\\/\\\/www.eldiariodetucuman.com\\\/web\\\/author\\\/admin\\\/\"}]}<\/script>\n<!-- \/ Yoast SEO plugin. -->","yoast_head_json":{"title":"Con una inversi\u00f3n $80.000 millones, Jaldo reinici\u00f3 las obras del Procrear II - El Diario de Tucuman","robots":{"index":"index","follow":"follow","max-snippet":"max-snippet:-1","max-image-preview":"max-image-preview:large","max-video-preview":"max-video-preview:-1"},"canonical":"https:\/\/www.eldiariodetucuman.com\/web\/con-una-inversion-80-000-millones-jaldo-reinicio-las-obras-del-procrear-ii\/","og_locale":"es_ES","og_type":"article","og_title":"Con una inversi\u00f3n $80.000 millones, Jaldo reinici\u00f3 las obras del Procrear II - El Diario de Tucuman","og_description":"El gobernador, Osvaldo Jaldo, presidi\u00f3 hoy el acto de reinicio de obra de la primera etapa de viviendas y locales comerciales del Complejo Habitacional Procrear Tucum\u00e1n, ubicado en un predio de 100 hect\u00e1reas en la localidad de El Manantial con una inversi\u00f3n proyectada en $80.000 millones. \u00a0El mandatario estuvo acompa\u00f1ado por el vicegobernador, Miguel Acevedo; [&hellip;]","og_url":"https:\/\/www.eldiariodetucuman.com\/web\/con-una-inversion-80-000-millones-jaldo-reinicio-las-obras-del-procrear-ii\/","og_site_name":"El Diario de Tucuman","article_published_time":"2025-08-11T19:01:10+00:00","author":"admin","twitter_card":"summary_large_image","twitter_misc":{"Escrito por":"admin","Tiempo de lectura":"9 minutos"},"schema":{"@context":"https:\/\/schema.org","@graph":[{"@type":"Article","@id":"https:\/\/www.eldiariodetucuman.com\/web\/con-una-inversion-80-000-millones-jaldo-reinicio-las-obras-del-procrear-ii\/#article","isPartOf":{"@id":"https:\/\/www.eldiariodetucuman.com\/web\/con-una-inversion-80-000-millones-jaldo-reinicio-las-obras-del-procrear-ii\/"},"author":{"name":"admin","@id":"https:\/\/www.eldiariodetucuman.com\/web\/#\/schema\/person\/9250197d75ab5483412e19678b121caa"},"headline":"Con una inversi\u00f3n $80.000 millones, Jaldo reinici\u00f3 las obras del Procrear II","datePublished":"2025-08-11T19:01:10+00:00","mainEntityOfPage":{"@id":"https:\/\/www.eldiariodetucuman.com\/web\/con-una-inversion-80-000-millones-jaldo-reinicio-las-obras-del-procrear-ii\/"},"wordCount":1793,"publisher":{"@id":"https:\/\/www.eldiariodetucuman.com\/web\/#organization"},"image":{"@id":"https:\/\/www.eldiariodetucuman.com\/web\/con-una-inversion-80-000-millones-jaldo-reinicio-las-obras-del-procrear-ii\/#primaryimage"},"thumbnailUrl":"https:\/\/www.eldiariodetucuman.com\/web\/wp-content\/uploads\/2025\/08\/Con-una-inversion-80000-millones-Jaldo-reinicio-las-obras-del.jfif","articleSection":["Politica"],"inLanguage":"es"},{"@type":"WebPage","@id":"https:\/\/www.eldiariodetucuman.com\/web\/con-una-inversion-80-000-millones-jaldo-reinicio-las-obras-del-procrear-ii\/","url":"https:\/\/www.eldiariodetucuman.com\/web\/con-una-inversion-80-000-millones-jaldo-reinicio-las-obras-del-procrear-ii\/","name":"Con una inversi\u00f3n $80.000 millones, Jaldo reinici\u00f3 las obras del Procrear II - El Diario de Tucuman","isPartOf":{"@id":"https:\/\/www.eldiariodetucuman.com\/web\/#website"},"primaryImageOfPage":{"@id":"https:\/\/www.eldiariodetucuman.com\/web\/con-una-inversion-80-000-millones-jaldo-reinicio-las-obras-del-procrear-ii\/#primaryimage"},"image":{"@id":"https:\/\/www.eldiariodetucuman.com\/web\/con-una-inversion-80-000-millones-jaldo-reinicio-las-obras-del-procrear-ii\/#primaryimage"},"thumbnailUrl":"https:\/\/www.eldiariodetucuman.com\/web\/wp-content\/uploads\/2025\/08\/Con-una-inversion-80000-millones-Jaldo-reinicio-las-obras-del.jfif","datePublished":"2025-08-11T19:01:10+00:00","breadcrumb":{"@id":"https:\/\/www.eldiariodetucuman.com\/web\/con-una-inversion-80-000-millones-jaldo-reinicio-las-obras-del-procrear-ii\/#breadcrumb"},"inLanguage":"es","potentialAction":[{"@type":"ReadAction","target":["https:\/\/www.eldiariodetucuman.com\/web\/con-una-inversion-80-000-millones-jaldo-reinicio-las-obras-del-procrear-ii\/"]}]},{"@type":"ImageObject","inLanguage":"es","@id":"https:\/\/www.eldiariodetucuman.com\/web\/con-una-inversion-80-000-millones-jaldo-reinicio-las-obras-del-procrear-ii\/#primaryimage","url":"https:\/\/www.eldiariodetucuman.com\/web\/wp-content\/uploads\/2025\/08\/Con-una-inversion-80000-millones-Jaldo-reinicio-las-obras-del.jfif","contentUrl":"https:\/\/www.eldiariodetucuman.com\/web\/wp-content\/uploads\/2025\/08\/Con-una-inversion-80000-millones-Jaldo-reinicio-las-obras-del.jfif","width":818,"height":460},{"@type":"BreadcrumbList","@id":"https:\/\/www.eldiariodetucuman.com\/web\/con-una-inversion-80-000-millones-jaldo-reinicio-las-obras-del-procrear-ii\/#breadcrumb","itemListElement":[{"@type":"ListItem","position":1,"name":"Portada","item":"https:\/\/www.eldiariodetucuman.com\/web\/"},{"@type":"ListItem","position":2,"name":"Con una inversi\u00f3n $80.000 millones, Jaldo reinici\u00f3 las obras del Procrear II"}]},{"@type":"WebSite","@id":"https:\/\/www.eldiariodetucuman.com\/web\/#website","url":"https:\/\/www.eldiariodetucuman.com\/web\/","name":"El Diario de Tucuman","description":"Diario Tucuman - Informaci\u00f3n y noticias","publisher":{"@id":"https:\/\/www.eldiariodetucuman.com\/web\/#organization"},"potentialAction":[{"@type":"SearchAction","target":{"@type":"EntryPoint","urlTemplate":"https:\/\/www.eldiariodetucuman.com\/web\/?s={search_term_string}"},"query-input":{"@type":"PropertyValueSpecification","valueRequired":true,"valueName":"search_term_string"}}],"inLanguage":"es"},{"@type":"Organization","@id":"https:\/\/www.eldiariodetucuman.com\/web\/#organization","name":"El Diario de Tucuman","url":"https:\/\/www.eldiariodetucuman.com\/web\/","logo":{"@type":"ImageObject","inLanguage":"es","@id":"https:\/\/www.eldiariodetucuman.com\/web\/#\/schema\/logo\/image\/","url":"http:\/\/www.eldiariodetucuman.com\/web\/wp-content\/uploads\/2017\/12\/el-diario-de-tucuman.jpg","contentUrl":"http:\/\/www.eldiariodetucuman.com\/web\/wp-content\/uploads\/2017\/12\/el-diario-de-tucuman.jpg","width":272,"height":92,"caption":"El Diario de Tucuman"},"image":{"@id":"https:\/\/www.eldiariodetucuman.com\/web\/#\/schema\/logo\/image\/"}},{"@type":"Person","@id":"https:\/\/www.eldiariodetucuman.com\/web\/#\/schema\/person\/9250197d75ab5483412e19678b121caa","name":"admin","image":{"@type":"ImageObject","inLanguage":"es","@id":"https:\/\/secure.gravatar.com\/avatar\/c44d117c2be811212c22cb481f6b8384b6873de103fbc49e7a03cc58d7dea4ac?s=96&d=mm&r=g","url":"https:\/\/secure.gravatar.com\/avatar\/c44d117c2be811212c22cb481f6b8384b6873de103fbc49e7a03cc58d7dea4ac?s=96&d=mm&r=g","contentUrl":"https:\/\/secure.gravatar.com\/avatar\/c44d117c2be811212c22cb481f6b8384b6873de103fbc49e7a03cc58d7dea4ac?s=96&d=mm&r=g","caption":"admin"},"url":"https:\/\/www.eldiariodetucuman.com\/web\/author\/admin\/"}]}},"_links":{"self":[{"href":"https:\/\/www.eldiariodetucuman.com\/web\/wp-json\/wp\/v2\/posts\/45334","targetHints":{"allow":["GET"]}}],"collection":[{"href":"https:\/\/www.eldiariodetucuman.com\/web\/wp-json\/wp\/v2\/posts"}],"about":[{"href":"https:\/\/www.eldiariodetucuman.com\/web\/wp-json\/wp\/v2\/types\/post"}],"author":[{"embeddable":true,"href":"https:\/\/www.eldiariodetucuman.com\/web\/wp-json\/wp\/v2\/users\/1"}],"replies":[{"embeddable":true,"href":"https:\/\/www.eldiariodetucuman.com\/web\/wp-json\/wp\/v2\/comments?post=45334"}],"version-history":[{"count":0,"href":"https:\/\/www.eldiariodetucuman.com\/web\/wp-json\/wp\/v2\/posts\/45334\/revisions"}],"wp:featuredmedia":[{"embeddable":true,"href":"https:\/\/www.eldiariodetucuman.com\/web\/wp-json\/wp\/v2\/media\/45335"}],"wp:attachment":[{"href":"https:\/\/www.eldiariodetucuman.com\/web\/wp-json\/wp\/v2\/media?parent=45334"}],"wp:term":[{"taxonomy":"category","embeddable":true,"href":"https:\/\/www.eldiariodetucuman.com\/web\/wp-json\/wp\/v2\/categories?post=45334"},{"taxonomy":"post_tag","embeddable":true,"href":"https:\/\/www.eldiariodetucuman.com\/web\/wp-json\/wp\/v2\/tags?post=45334"}],"curies":[{"name":"wp","href":"https:\/\/api.w.org\/{rel}","templated":true}]}}