{"id":45332,"date":"2025-08-11T15:58:17","date_gmt":"2025-08-11T18:58:17","guid":{"rendered":"https:\/\/www.eldiariodetucuman.com\/web\/emiten-un-comunicado-tras-los-dichos-de-la-dupla-orsi-gomez\/"},"modified":"2025-08-11T15:58:17","modified_gmt":"2025-08-11T18:58:17","slug":"emiten-un-comunicado-tras-los-dichos-de-la-dupla-orsi-gomez","status":"publish","type":"post","link":"https:\/\/www.eldiariodetucuman.com\/web\/emiten-un-comunicado-tras-los-dichos-de-la-dupla-orsi-gomez\/","title":{"rendered":"Emiten un comunicado tras los dichos de la dupla Orsi-G\u00f3mez"},"content":{"rendered":"<p>  <\/p>\n<p>En un medio de Buenos Aires, los entrenadores hablaron que deb\u00edan realizar las pr\u00e1cticas con la barra brava en la platea y que incluso, fueron amenazados con armas de fuego en la previa de un encuentro.<\/p>\n<p>A causa de esto, el programa involucrado emiti\u00f3 un comunicado para aclarar sus dichos al respecto. El texto cita que la dupla de t\u00e9cnicos se refer\u00edan a Deportivo Espa\u00f1ol como el club involucrado en el hecho y que Atl\u00e9tico Tucum\u00e1n no tiene nada que ver al respecto.<\/p>\n<p>Embed &#8211; Mundo Ascenso on Instagram<\/p>\n<p>Fuente: <a href=\"https:\/\/www.lv12.com.ar\/favio-orsi\/emiten-un-comunicado-los-dichos-la-dupla-orsi-gomez-n183601\"> Fuente de la nota <\/a><\/p>\n","protected":false},"excerpt":{"rendered":"<p>En un medio de Buenos Aires, los entrenadores hablaron que deb\u00edan realizar las pr\u00e1cticas con la barra brava en la platea y que incluso, fueron amenazados con armas de fuego en la previa de un encuentro. A causa de esto, el programa involucrado emiti\u00f3 un comunicado para aclarar sus dichos al respecto. El texto cita [&hellip;]<\/p>\n","protected":false},"author":1,"featured_media":45333,"comment_status":"closed","ping_status":"open","sticky":false,"template":"","format":"standard","meta":{"footnotes":""},"categories":[6],"tags":[],"class_list":{"0":"post-45332","1":"post","2":"type-post","3":"status-publish","4":"format-standard","5":"has-post-thumbnail","7":"category-deporte"},"yoast_head":"<!-- This site is optimized with the Yoast SEO plugin v27.4 - https:\/\/yoast.com\/product\/yoast-seo-wordpress\/ -->\n<title>Emiten un comunicado tras los dichos de la dupla Orsi-G\u00f3mez - El Diario de Tucuman<\/title>\n<meta name=\"robots\" content=\"index, follow, max-snippet:-1, max-image-preview:large, max-video-preview:-1\" \/>\n<link rel=\"canonical\" href=\"https:\/\/www.eldiariodetucuman.com\/web\/emiten-un-comunicado-tras-los-dichos-de-la-dupla-orsi-gomez\/\" \/>\n<meta property=\"og:locale\" content=\"es_ES\" \/>\n<meta property=\"og:type\" content=\"article\" \/>\n<meta property=\"og:title\" content=\"Emiten un comunicado tras los dichos de la dupla Orsi-G\u00f3mez - El Diario de Tucuman\" \/>\n<meta property=\"og:description\" content=\"En un medio de Buenos Aires, los entrenadores hablaron que deb\u00edan realizar las pr\u00e1cticas con la barra brava en la platea y que incluso, fueron amenazados con armas de fuego en la previa de un encuentro. A causa de esto, el programa involucrado emiti\u00f3 un comunicado para aclarar sus dichos al respecto. El texto cita [&hellip;]\" \/>\n<meta property=\"og:url\" content=\"https:\/\/www.eldiariodetucuman.com\/web\/emiten-un-comunicado-tras-los-dichos-de-la-dupla-orsi-gomez\/\" \/>\n<meta property=\"og:site_name\" content=\"El Diario de Tucuman\" \/>\n<meta property=\"article:published_time\" content=\"2025-08-11T18:58:17+00:00\" \/>\n<meta name=\"author\" content=\"admin\" \/>\n<meta name=\"twitter:card\" content=\"summary_large_image\" \/>\n<meta name=\"twitter:label1\" content=\"Escrito por\" \/>\n\t<meta name=\"twitter:data1\" content=\"admin\" \/>\n\t<meta name=\"twitter:label2\" content=\"Tiempo de lectura\" \/>\n\t<meta name=\"twitter:data2\" content=\"1 minuto\" \/>\n<script type=\"application\/ld+json\" class=\"yoast-schema-graph\">{\"@context\":\"https:\\\/\\\/schema.org\",\"@graph\":[{\"@type\":\"Article\",\"@id\":\"https:\\\/\\\/www.eldiariodetucuman.com\\\/web\\\/emiten-un-comunicado-tras-los-dichos-de-la-dupla-orsi-gomez\\\/#article\",\"isPartOf\":{\"@id\":\"https:\\\/\\\/www.eldiariodetucuman.com\\\/web\\\/emiten-un-comunicado-tras-los-dichos-de-la-dupla-orsi-gomez\\\/\"},\"author\":{\"name\":\"admin\",\"@id\":\"https:\\\/\\\/www.eldiariodetucuman.com\\\/web\\\/#\\\/schema\\\/person\\\/9250197d75ab5483412e19678b121caa\"},\"headline\":\"Emiten un comunicado tras los dichos de la dupla Orsi-G\u00f3mez\",\"datePublished\":\"2025-08-11T18:58:17+00:00\",\"mainEntityOfPage\":{\"@id\":\"https:\\\/\\\/www.eldiariodetucuman.com\\\/web\\\/emiten-un-comunicado-tras-los-dichos-de-la-dupla-orsi-gomez\\\/\"},\"wordCount\":112,\"publisher\":{\"@id\":\"https:\\\/\\\/www.eldiariodetucuman.com\\\/web\\\/#organization\"},\"image\":{\"@id\":\"https:\\\/\\\/www.eldiariodetucuman.com\\\/web\\\/emiten-un-comunicado-tras-los-dichos-de-la-dupla-orsi-gomez\\\/#primaryimage\"},\"thumbnailUrl\":\"https:\\\/\\\/www.eldiariodetucuman.com\\\/web\\\/wp-content\\\/uploads\\\/2025\\\/08\\\/Emiten-un-comunicado-tras-los-dichos-de-la-dupla-Orsi-Gomez.webp.png\",\"articleSection\":[\"Deporte\"],\"inLanguage\":\"es\"},{\"@type\":\"WebPage\",\"@id\":\"https:\\\/\\\/www.eldiariodetucuman.com\\\/web\\\/emiten-un-comunicado-tras-los-dichos-de-la-dupla-orsi-gomez\\\/\",\"url\":\"https:\\\/\\\/www.eldiariodetucuman.com\\\/web\\\/emiten-un-comunicado-tras-los-dichos-de-la-dupla-orsi-gomez\\\/\",\"name\":\"Emiten un comunicado tras los dichos de la dupla Orsi-G\u00f3mez - El Diario de Tucuman\",\"isPartOf\":{\"@id\":\"https:\\\/\\\/www.eldiariodetucuman.com\\\/web\\\/#website\"},\"primaryImageOfPage\":{\"@id\":\"https:\\\/\\\/www.eldiariodetucuman.com\\\/web\\\/emiten-un-comunicado-tras-los-dichos-de-la-dupla-orsi-gomez\\\/#primaryimage\"},\"image\":{\"@id\":\"https:\\\/\\\/www.eldiariodetucuman.com\\\/web\\\/emiten-un-comunicado-tras-los-dichos-de-la-dupla-orsi-gomez\\\/#primaryimage\"},\"thumbnailUrl\":\"https:\\\/\\\/www.eldiariodetucuman.com\\\/web\\\/wp-content\\\/uploads\\\/2025\\\/08\\\/Emiten-un-comunicado-tras-los-dichos-de-la-dupla-Orsi-Gomez.webp.png\",\"datePublished\":\"2025-08-11T18:58:17+00:00\",\"breadcrumb\":{\"@id\":\"https:\\\/\\\/www.eldiariodetucuman.com\\\/web\\\/emiten-un-comunicado-tras-los-dichos-de-la-dupla-orsi-gomez\\\/#breadcrumb\"},\"inLanguage\":\"es\",\"potentialAction\":[{\"@type\":\"ReadAction\",\"target\":[\"https:\\\/\\\/www.eldiariodetucuman.com\\\/web\\\/emiten-un-comunicado-tras-los-dichos-de-la-dupla-orsi-gomez\\\/\"]}]},{\"@type\":\"ImageObject\",\"inLanguage\":\"es\",\"@id\":\"https:\\\/\\\/www.eldiariodetucuman.com\\\/web\\\/emiten-un-comunicado-tras-los-dichos-de-la-dupla-orsi-gomez\\\/#primaryimage\",\"url\":\"https:\\\/\\\/www.eldiariodetucuman.com\\\/web\\\/wp-content\\\/uploads\\\/2025\\\/08\\\/Emiten-un-comunicado-tras-los-dichos-de-la-dupla-Orsi-Gomez.webp.png\",\"contentUrl\":\"https:\\\/\\\/www.eldiariodetucuman.com\\\/web\\\/wp-content\\\/uploads\\\/2025\\\/08\\\/Emiten-un-comunicado-tras-los-dichos-de-la-dupla-Orsi-Gomez.webp.png\",\"width\":1200,\"height\":675},{\"@type\":\"BreadcrumbList\",\"@id\":\"https:\\\/\\\/www.eldiariodetucuman.com\\\/web\\\/emiten-un-comunicado-tras-los-dichos-de-la-dupla-orsi-gomez\\\/#breadcrumb\",\"itemListElement\":[{\"@type\":\"ListItem\",\"position\":1,\"name\":\"Portada\",\"item\":\"https:\\\/\\\/www.eldiariodetucuman.com\\\/web\\\/\"},{\"@type\":\"ListItem\",\"position\":2,\"name\":\"Emiten un comunicado tras los dichos de la dupla Orsi-G\u00f3mez\"}]},{\"@type\":\"WebSite\",\"@id\":\"https:\\\/\\\/www.eldiariodetucuman.com\\\/web\\\/#website\",\"url\":\"https:\\\/\\\/www.eldiariodetucuman.com\\\/web\\\/\",\"name\":\"El Diario de Tucuman\",\"description\":\"Diario Tucuman - Informaci\u00f3n y noticias\",\"publisher\":{\"@id\":\"https:\\\/\\\/www.eldiariodetucuman.com\\\/web\\\/#organization\"},\"potentialAction\":[{\"@type\":\"SearchAction\",\"target\":{\"@type\":\"EntryPoint\",\"urlTemplate\":\"https:\\\/\\\/www.eldiariodetucuman.com\\\/web\\\/?s={search_term_string}\"},\"query-input\":{\"@type\":\"PropertyValueSpecification\",\"valueRequired\":true,\"valueName\":\"search_term_string\"}}],\"inLanguage\":\"es\"},{\"@type\":\"Organization\",\"@id\":\"https:\\\/\\\/www.eldiariodetucuman.com\\\/web\\\/#organization\",\"name\":\"El Diario de Tucuman\",\"url\":\"https:\\\/\\\/www.eldiariodetucuman.com\\\/web\\\/\",\"logo\":{\"@type\":\"ImageObject\",\"inLanguage\":\"es\",\"@id\":\"https:\\\/\\\/www.eldiariodetucuman.com\\\/web\\\/#\\\/schema\\\/logo\\\/image\\\/\",\"url\":\"http:\\\/\\\/www.eldiariodetucuman.com\\\/web\\\/wp-content\\\/uploads\\\/2017\\\/12\\\/el-diario-de-tucuman.jpg\",\"contentUrl\":\"http:\\\/\\\/www.eldiariodetucuman.com\\\/web\\\/wp-content\\\/uploads\\\/2017\\\/12\\\/el-diario-de-tucuman.jpg\",\"width\":272,\"height\":92,\"caption\":\"El Diario de Tucuman\"},\"image\":{\"@id\":\"https:\\\/\\\/www.eldiariodetucuman.com\\\/web\\\/#\\\/schema\\\/logo\\\/image\\\/\"}},{\"@type\":\"Person\",\"@id\":\"https:\\\/\\\/www.eldiariodetucuman.com\\\/web\\\/#\\\/schema\\\/person\\\/9250197d75ab5483412e19678b121caa\",\"name\":\"admin\",\"image\":{\"@type\":\"ImageObject\",\"inLanguage\":\"es\",\"@id\":\"https:\\\/\\\/secure.gravatar.com\\\/avatar\\\/c44d117c2be811212c22cb481f6b8384b6873de103fbc49e7a03cc58d7dea4ac?s=96&d=mm&r=g\",\"url\":\"https:\\\/\\\/secure.gravatar.com\\\/avatar\\\/c44d117c2be811212c22cb481f6b8384b6873de103fbc49e7a03cc58d7dea4ac?s=96&d=mm&r=g\",\"contentUrl\":\"https:\\\/\\\/secure.gravatar.com\\\/avatar\\\/c44d117c2be811212c22cb481f6b8384b6873de103fbc49e7a03cc58d7dea4ac?s=96&d=mm&r=g\",\"caption\":\"admin\"},\"url\":\"https:\\\/\\\/www.eldiariodetucuman.com\\\/web\\\/author\\\/admin\\\/\"}]}<\/script>\n<!-- \/ Yoast SEO plugin. -->","yoast_head_json":{"title":"Emiten un comunicado tras los dichos de la dupla Orsi-G\u00f3mez - El Diario de Tucuman","robots":{"index":"index","follow":"follow","max-snippet":"max-snippet:-1","max-image-preview":"max-image-preview:large","max-video-preview":"max-video-preview:-1"},"canonical":"https:\/\/www.eldiariodetucuman.com\/web\/emiten-un-comunicado-tras-los-dichos-de-la-dupla-orsi-gomez\/","og_locale":"es_ES","og_type":"article","og_title":"Emiten un comunicado tras los dichos de la dupla Orsi-G\u00f3mez - El Diario de Tucuman","og_description":"En un medio de Buenos Aires, los entrenadores hablaron que deb\u00edan realizar las pr\u00e1cticas con la barra brava en la platea y que incluso, fueron amenazados con armas de fuego en la previa de un encuentro. A causa de esto, el programa involucrado emiti\u00f3 un comunicado para aclarar sus dichos al respecto. El texto cita [&hellip;]","og_url":"https:\/\/www.eldiariodetucuman.com\/web\/emiten-un-comunicado-tras-los-dichos-de-la-dupla-orsi-gomez\/","og_site_name":"El Diario de Tucuman","article_published_time":"2025-08-11T18:58:17+00:00","author":"admin","twitter_card":"summary_large_image","twitter_misc":{"Escrito por":"admin","Tiempo de lectura":"1 minuto"},"schema":{"@context":"https:\/\/schema.org","@graph":[{"@type":"Article","@id":"https:\/\/www.eldiariodetucuman.com\/web\/emiten-un-comunicado-tras-los-dichos-de-la-dupla-orsi-gomez\/#article","isPartOf":{"@id":"https:\/\/www.eldiariodetucuman.com\/web\/emiten-un-comunicado-tras-los-dichos-de-la-dupla-orsi-gomez\/"},"author":{"name":"admin","@id":"https:\/\/www.eldiariodetucuman.com\/web\/#\/schema\/person\/9250197d75ab5483412e19678b121caa"},"headline":"Emiten un comunicado tras los dichos de la dupla Orsi-G\u00f3mez","datePublished":"2025-08-11T18:58:17+00:00","mainEntityOfPage":{"@id":"https:\/\/www.eldiariodetucuman.com\/web\/emiten-un-comunicado-tras-los-dichos-de-la-dupla-orsi-gomez\/"},"wordCount":112,"publisher":{"@id":"https:\/\/www.eldiariodetucuman.com\/web\/#organization"},"image":{"@id":"https:\/\/www.eldiariodetucuman.com\/web\/emiten-un-comunicado-tras-los-dichos-de-la-dupla-orsi-gomez\/#primaryimage"},"thumbnailUrl":"https:\/\/www.eldiariodetucuman.com\/web\/wp-content\/uploads\/2025\/08\/Emiten-un-comunicado-tras-los-dichos-de-la-dupla-Orsi-Gomez.webp.png","articleSection":["Deporte"],"inLanguage":"es"},{"@type":"WebPage","@id":"https:\/\/www.eldiariodetucuman.com\/web\/emiten-un-comunicado-tras-los-dichos-de-la-dupla-orsi-gomez\/","url":"https:\/\/www.eldiariodetucuman.com\/web\/emiten-un-comunicado-tras-los-dichos-de-la-dupla-orsi-gomez\/","name":"Emiten un comunicado tras los dichos de la dupla Orsi-G\u00f3mez - El Diario de Tucuman","isPartOf":{"@id":"https:\/\/www.eldiariodetucuman.com\/web\/#website"},"primaryImageOfPage":{"@id":"https:\/\/www.eldiariodetucuman.com\/web\/emiten-un-comunicado-tras-los-dichos-de-la-dupla-orsi-gomez\/#primaryimage"},"image":{"@id":"https:\/\/www.eldiariodetucuman.com\/web\/emiten-un-comunicado-tras-los-dichos-de-la-dupla-orsi-gomez\/#primaryimage"},"thumbnailUrl":"https:\/\/www.eldiariodetucuman.com\/web\/wp-content\/uploads\/2025\/08\/Emiten-un-comunicado-tras-los-dichos-de-la-dupla-Orsi-Gomez.webp.png","datePublished":"2025-08-11T18:58:17+00:00","breadcrumb":{"@id":"https:\/\/www.eldiariodetucuman.com\/web\/emiten-un-comunicado-tras-los-dichos-de-la-dupla-orsi-gomez\/#breadcrumb"},"inLanguage":"es","potentialAction":[{"@type":"ReadAction","target":["https:\/\/www.eldiariodetucuman.com\/web\/emiten-un-comunicado-tras-los-dichos-de-la-dupla-orsi-gomez\/"]}]},{"@type":"ImageObject","inLanguage":"es","@id":"https:\/\/www.eldiariodetucuman.com\/web\/emiten-un-comunicado-tras-los-dichos-de-la-dupla-orsi-gomez\/#primaryimage","url":"https:\/\/www.eldiariodetucuman.com\/web\/wp-content\/uploads\/2025\/08\/Emiten-un-comunicado-tras-los-dichos-de-la-dupla-Orsi-Gomez.webp.png","contentUrl":"https:\/\/www.eldiariodetucuman.com\/web\/wp-content\/uploads\/2025\/08\/Emiten-un-comunicado-tras-los-dichos-de-la-dupla-Orsi-Gomez.webp.png","width":1200,"height":675},{"@type":"BreadcrumbList","@id":"https:\/\/www.eldiariodetucuman.com\/web\/emiten-un-comunicado-tras-los-dichos-de-la-dupla-orsi-gomez\/#breadcrumb","itemListElement":[{"@type":"ListItem","position":1,"name":"Portada","item":"https:\/\/www.eldiariodetucuman.com\/web\/"},{"@type":"ListItem","position":2,"name":"Emiten un comunicado tras los dichos de la dupla Orsi-G\u00f3mez"}]},{"@type":"WebSite","@id":"https:\/\/www.eldiariodetucuman.com\/web\/#website","url":"https:\/\/www.eldiariodetucuman.com\/web\/","name":"El Diario de Tucuman","description":"Diario Tucuman - Informaci\u00f3n y noticias","publisher":{"@id":"https:\/\/www.eldiariodetucuman.com\/web\/#organization"},"potentialAction":[{"@type":"SearchAction","target":{"@type":"EntryPoint","urlTemplate":"https:\/\/www.eldiariodetucuman.com\/web\/?s={search_term_string}"},"query-input":{"@type":"PropertyValueSpecification","valueRequired":true,"valueName":"search_term_string"}}],"inLanguage":"es"},{"@type":"Organization","@id":"https:\/\/www.eldiariodetucuman.com\/web\/#organization","name":"El Diario de Tucuman","url":"https:\/\/www.eldiariodetucuman.com\/web\/","logo":{"@type":"ImageObject","inLanguage":"es","@id":"https:\/\/www.eldiariodetucuman.com\/web\/#\/schema\/logo\/image\/","url":"http:\/\/www.eldiariodetucuman.com\/web\/wp-content\/uploads\/2017\/12\/el-diario-de-tucuman.jpg","contentUrl":"http:\/\/www.eldiariodetucuman.com\/web\/wp-content\/uploads\/2017\/12\/el-diario-de-tucuman.jpg","width":272,"height":92,"caption":"El Diario de Tucuman"},"image":{"@id":"https:\/\/www.eldiariodetucuman.com\/web\/#\/schema\/logo\/image\/"}},{"@type":"Person","@id":"https:\/\/www.eldiariodetucuman.com\/web\/#\/schema\/person\/9250197d75ab5483412e19678b121caa","name":"admin","image":{"@type":"ImageObject","inLanguage":"es","@id":"https:\/\/secure.gravatar.com\/avatar\/c44d117c2be811212c22cb481f6b8384b6873de103fbc49e7a03cc58d7dea4ac?s=96&d=mm&r=g","url":"https:\/\/secure.gravatar.com\/avatar\/c44d117c2be811212c22cb481f6b8384b6873de103fbc49e7a03cc58d7dea4ac?s=96&d=mm&r=g","contentUrl":"https:\/\/secure.gravatar.com\/avatar\/c44d117c2be811212c22cb481f6b8384b6873de103fbc49e7a03cc58d7dea4ac?s=96&d=mm&r=g","caption":"admin"},"url":"https:\/\/www.eldiariodetucuman.com\/web\/author\/admin\/"}]}},"_links":{"self":[{"href":"https:\/\/www.eldiariodetucuman.com\/web\/wp-json\/wp\/v2\/posts\/45332","targetHints":{"allow":["GET"]}}],"collection":[{"href":"https:\/\/www.eldiariodetucuman.com\/web\/wp-json\/wp\/v2\/posts"}],"about":[{"href":"https:\/\/www.eldiariodetucuman.com\/web\/wp-json\/wp\/v2\/types\/post"}],"author":[{"embeddable":true,"href":"https:\/\/www.eldiariodetucuman.com\/web\/wp-json\/wp\/v2\/users\/1"}],"replies":[{"embeddable":true,"href":"https:\/\/www.eldiariodetucuman.com\/web\/wp-json\/wp\/v2\/comments?post=45332"}],"version-history":[{"count":0,"href":"https:\/\/www.eldiariodetucuman.com\/web\/wp-json\/wp\/v2\/posts\/45332\/revisions"}],"wp:featuredmedia":[{"embeddable":true,"href":"https:\/\/www.eldiariodetucuman.com\/web\/wp-json\/wp\/v2\/media\/45333"}],"wp:attachment":[{"href":"https:\/\/www.eldiariodetucuman.com\/web\/wp-json\/wp\/v2\/media?parent=45332"}],"wp:term":[{"taxonomy":"category","embeddable":true,"href":"https:\/\/www.eldiariodetucuman.com\/web\/wp-json\/wp\/v2\/categories?post=45332"},{"taxonomy":"post_tag","embeddable":true,"href":"https:\/\/www.eldiariodetucuman.com\/web\/wp-json\/wp\/v2\/tags?post=45332"}],"curies":[{"name":"wp","href":"https:\/\/api.w.org\/{rel}","templated":true}]}}