{"id":45310,"date":"2025-08-08T15:55:25","date_gmt":"2025-08-08T18:55:25","guid":{"rendered":"https:\/\/www.eldiariodetucuman.com\/web\/ainoa-viajo-desde-tucuman-a-buenos-aires-para-recibir-tratamiento-vital\/"},"modified":"2025-08-08T15:55:25","modified_gmt":"2025-08-08T18:55:25","slug":"ainoa-viajo-desde-tucuman-a-buenos-aires-para-recibir-tratamiento-vital","status":"publish","type":"post","link":"https:\/\/www.eldiariodetucuman.com\/web\/ainoa-viajo-desde-tucuman-a-buenos-aires-para-recibir-tratamiento-vital\/","title":{"rendered":"Ainoa viaj\u00f3 desde Tucum\u00e1n a Buenos Aires para recibir tratamiento vital"},"content":{"rendered":"<p><\/p>\n<p data-start=\"326\" data-end=\"718\" id=\"isPasted\">Ainoa tiene apenas tres meses y ya enfrenta una batalla inmensa: fue diagnosticada con atresia de v\u00edas biliares, una enfermedad compleja y poco frecuente que afecta el funcionamiento del h\u00edgado. Pero no est\u00e1 sola. A su lado est\u00e1n sus j\u00f3venes padres, Juan y Malena, una pareja oriunda del barrio Loteo Cano, en Los Guti\u00e9rrez, ciudad de Alderetes, en la provincia de Tucum\u00e1n.<\/p>\n<p data-start=\"720\" data-end=\"1197\">La familia lleg\u00f3 a la Casa de la Provincia de Tucum\u00e1n en Buenos Aires, donde fueron recibidos por el equipo de Servicio Social. El viaje no fue sencillo. Detr\u00e1s de su arribo hay una red de asistencia estatal que se activ\u00f3 r\u00e1pidamente: desde el Sistema Provincial de Salud de Tucum\u00e1n(SIPROSA), dependiente del ministerio de Salud, se gestion\u00f3 el traslado de manera urgente para garantizar que la peque\u00f1a reciba atenci\u00f3n m\u00e9dica especializada en un centro de alta complejidad de la Ciudad Aut\u00f3noma de Buenos Aires.<\/p>\n<p data-start=\"1199\" data-end=\"1446\">\u00abNos fuimos con miedo, pero tambi\u00e9n con la esperanza de que en Buenos Aires puedan ayudar a nuestra hija\u00bb, cont\u00f3 Juan; a su lado, Malena sostiene a Ainoa entre los brazos con una mezcla de ternura y fortaleza.<\/p>\n<p data-start=\"1448\" data-end=\"1728\">La historia de esta familia representa a muchas otras que, desde distintos rincones del pa\u00eds, deben enfrentar situaciones l\u00edmite con ni\u00f1os reci\u00e9n nacidos que requieren tratamientos urgentes. Sin embargo, en este caso, el Estado provincial se hizo presente desde el primer momento.<\/p>\n<p data-start=\"1730\" data-end=\"2128\">Desde la Casa de Tucum\u00e1n en Buenos Aires destacaron que esta atenci\u00f3n coordinada es parte de una pol\u00edtica clara impulsada por el gobernador <strong>Osvaldo Jaldo, <\/strong>quien ha puesto en el centro de su gesti\u00f3n a las familias que m\u00e1s lo necesitan. \u201cEste es un ejemplo de c\u00f3mo un Estado humano, eficiente y presente puede marcar la diferencia en momentos tan dif\u00edciles como este\u201d, asever\u00f3 el Representante Oficial del Gobierno de la Provincia en CABA,\u00a0<strong>Enrique Salvatierra<\/strong>.<\/p>\n<p data-start=\"2130\" data-end=\"2381\">Ainoa a\u00fan tiene un largo camino por delante. Las pr\u00f3ximas semanas ser\u00e1n clave para su diagn\u00f3stico y tratamiento. Pero no lo recorrer\u00e1 sola. Detr\u00e1s suyo hay una familia que no baja los brazos y un sistema de salud que, esta vez, supo estar a la altura.<\/p>\n<p data-start=\"2383\" data-end=\"2609\">\u00abConfiamos en que todo va a salir bien\u00bb, dice Malena mientras acaricia la peque\u00f1a mano de su hija. En su voz hay cansancio, pero tambi\u00e9n una fuerza imparable. La misma que tienen las madres que luchan por la vida de sus hijos.<\/p>\n<p>Fuente: <a href=\"https:\/\/www.comunicaciontucuman.gob.ar\/noticia\/gobernacion\/236184\/ainoa-viajo-desde-tucuman-buenos-aires-para-recibir-tratamiento-vital\"> Fuente de la nota <\/a><\/p>\n","protected":false},"excerpt":{"rendered":"<p>Ainoa tiene apenas tres meses y ya enfrenta una batalla inmensa: fue diagnosticada con atresia de v\u00edas biliares, una enfermedad compleja y poco frecuente que afecta el funcionamiento del h\u00edgado. Pero no est\u00e1 sola. A su lado est\u00e1n sus j\u00f3venes padres, Juan y Malena, una pareja oriunda del barrio Loteo Cano, en Los Guti\u00e9rrez, ciudad [&hellip;]<\/p>\n","protected":false},"author":1,"featured_media":45311,"comment_status":"closed","ping_status":"open","sticky":false,"template":"","format":"standard","meta":{"footnotes":""},"categories":[3],"tags":[],"class_list":{"0":"post-45310","1":"post","2":"type-post","3":"status-publish","4":"format-standard","5":"has-post-thumbnail","7":"category-politica"},"yoast_head":"<!-- This site is optimized with the Yoast SEO plugin v27.4 - https:\/\/yoast.com\/product\/yoast-seo-wordpress\/ -->\n<title>Ainoa viaj\u00f3 desde Tucum\u00e1n a Buenos Aires para recibir tratamiento vital - El Diario de Tucuman<\/title>\n<meta name=\"robots\" content=\"index, follow, max-snippet:-1, max-image-preview:large, max-video-preview:-1\" \/>\n<link rel=\"canonical\" href=\"https:\/\/www.eldiariodetucuman.com\/web\/ainoa-viajo-desde-tucuman-a-buenos-aires-para-recibir-tratamiento-vital\/\" \/>\n<meta property=\"og:locale\" content=\"es_ES\" \/>\n<meta property=\"og:type\" content=\"article\" \/>\n<meta property=\"og:title\" content=\"Ainoa viaj\u00f3 desde Tucum\u00e1n a Buenos Aires para recibir tratamiento vital - El Diario de Tucuman\" \/>\n<meta property=\"og:description\" content=\"Ainoa tiene apenas tres meses y ya enfrenta una batalla inmensa: fue diagnosticada con atresia de v\u00edas biliares, una enfermedad compleja y poco frecuente que afecta el funcionamiento del h\u00edgado. Pero no est\u00e1 sola. A su lado est\u00e1n sus j\u00f3venes padres, Juan y Malena, una pareja oriunda del barrio Loteo Cano, en Los Guti\u00e9rrez, ciudad [&hellip;]\" \/>\n<meta property=\"og:url\" content=\"https:\/\/www.eldiariodetucuman.com\/web\/ainoa-viajo-desde-tucuman-a-buenos-aires-para-recibir-tratamiento-vital\/\" \/>\n<meta property=\"og:site_name\" content=\"El Diario de Tucuman\" \/>\n<meta property=\"article:published_time\" content=\"2025-08-08T18:55:25+00:00\" \/>\n<meta name=\"author\" content=\"admin\" \/>\n<meta name=\"twitter:card\" content=\"summary_large_image\" \/>\n<meta name=\"twitter:label1\" content=\"Escrito por\" \/>\n\t<meta name=\"twitter:data1\" content=\"admin\" \/>\n\t<meta name=\"twitter:label2\" content=\"Tiempo de lectura\" \/>\n\t<meta name=\"twitter:data2\" content=\"2 minutos\" \/>\n<script type=\"application\/ld+json\" class=\"yoast-schema-graph\">{\"@context\":\"https:\\\/\\\/schema.org\",\"@graph\":[{\"@type\":\"Article\",\"@id\":\"https:\\\/\\\/www.eldiariodetucuman.com\\\/web\\\/ainoa-viajo-desde-tucuman-a-buenos-aires-para-recibir-tratamiento-vital\\\/#article\",\"isPartOf\":{\"@id\":\"https:\\\/\\\/www.eldiariodetucuman.com\\\/web\\\/ainoa-viajo-desde-tucuman-a-buenos-aires-para-recibir-tratamiento-vital\\\/\"},\"author\":{\"name\":\"admin\",\"@id\":\"https:\\\/\\\/www.eldiariodetucuman.com\\\/web\\\/#\\\/schema\\\/person\\\/9250197d75ab5483412e19678b121caa\"},\"headline\":\"Ainoa viaj\u00f3 desde Tucum\u00e1n a Buenos Aires para recibir tratamiento vital\",\"datePublished\":\"2025-08-08T18:55:25+00:00\",\"mainEntityOfPage\":{\"@id\":\"https:\\\/\\\/www.eldiariodetucuman.com\\\/web\\\/ainoa-viajo-desde-tucuman-a-buenos-aires-para-recibir-tratamiento-vital\\\/\"},\"wordCount\":441,\"publisher\":{\"@id\":\"https:\\\/\\\/www.eldiariodetucuman.com\\\/web\\\/#organization\"},\"image\":{\"@id\":\"https:\\\/\\\/www.eldiariodetucuman.com\\\/web\\\/ainoa-viajo-desde-tucuman-a-buenos-aires-para-recibir-tratamiento-vital\\\/#primaryimage\"},\"thumbnailUrl\":\"https:\\\/\\\/www.eldiariodetucuman.com\\\/web\\\/wp-content\\\/uploads\\\/2025\\\/08\\\/Ainoa-viajo-desde-Tucuman-a-Buenos-Aires-para-recibir-tratamiento.jpg\",\"articleSection\":[\"Politica\"],\"inLanguage\":\"es\"},{\"@type\":\"WebPage\",\"@id\":\"https:\\\/\\\/www.eldiariodetucuman.com\\\/web\\\/ainoa-viajo-desde-tucuman-a-buenos-aires-para-recibir-tratamiento-vital\\\/\",\"url\":\"https:\\\/\\\/www.eldiariodetucuman.com\\\/web\\\/ainoa-viajo-desde-tucuman-a-buenos-aires-para-recibir-tratamiento-vital\\\/\",\"name\":\"Ainoa viaj\u00f3 desde Tucum\u00e1n a Buenos Aires para recibir tratamiento vital - El Diario de Tucuman\",\"isPartOf\":{\"@id\":\"https:\\\/\\\/www.eldiariodetucuman.com\\\/web\\\/#website\"},\"primaryImageOfPage\":{\"@id\":\"https:\\\/\\\/www.eldiariodetucuman.com\\\/web\\\/ainoa-viajo-desde-tucuman-a-buenos-aires-para-recibir-tratamiento-vital\\\/#primaryimage\"},\"image\":{\"@id\":\"https:\\\/\\\/www.eldiariodetucuman.com\\\/web\\\/ainoa-viajo-desde-tucuman-a-buenos-aires-para-recibir-tratamiento-vital\\\/#primaryimage\"},\"thumbnailUrl\":\"https:\\\/\\\/www.eldiariodetucuman.com\\\/web\\\/wp-content\\\/uploads\\\/2025\\\/08\\\/Ainoa-viajo-desde-Tucuman-a-Buenos-Aires-para-recibir-tratamiento.jpg\",\"datePublished\":\"2025-08-08T18:55:25+00:00\",\"breadcrumb\":{\"@id\":\"https:\\\/\\\/www.eldiariodetucuman.com\\\/web\\\/ainoa-viajo-desde-tucuman-a-buenos-aires-para-recibir-tratamiento-vital\\\/#breadcrumb\"},\"inLanguage\":\"es\",\"potentialAction\":[{\"@type\":\"ReadAction\",\"target\":[\"https:\\\/\\\/www.eldiariodetucuman.com\\\/web\\\/ainoa-viajo-desde-tucuman-a-buenos-aires-para-recibir-tratamiento-vital\\\/\"]}]},{\"@type\":\"ImageObject\",\"inLanguage\":\"es\",\"@id\":\"https:\\\/\\\/www.eldiariodetucuman.com\\\/web\\\/ainoa-viajo-desde-tucuman-a-buenos-aires-para-recibir-tratamiento-vital\\\/#primaryimage\",\"url\":\"https:\\\/\\\/www.eldiariodetucuman.com\\\/web\\\/wp-content\\\/uploads\\\/2025\\\/08\\\/Ainoa-viajo-desde-Tucuman-a-Buenos-Aires-para-recibir-tratamiento.jpg\",\"contentUrl\":\"https:\\\/\\\/www.eldiariodetucuman.com\\\/web\\\/wp-content\\\/uploads\\\/2025\\\/08\\\/Ainoa-viajo-desde-Tucuman-a-Buenos-Aires-para-recibir-tratamiento.jpg\",\"width\":818,\"height\":460},{\"@type\":\"BreadcrumbList\",\"@id\":\"https:\\\/\\\/www.eldiariodetucuman.com\\\/web\\\/ainoa-viajo-desde-tucuman-a-buenos-aires-para-recibir-tratamiento-vital\\\/#breadcrumb\",\"itemListElement\":[{\"@type\":\"ListItem\",\"position\":1,\"name\":\"Portada\",\"item\":\"https:\\\/\\\/www.eldiariodetucuman.com\\\/web\\\/\"},{\"@type\":\"ListItem\",\"position\":2,\"name\":\"Ainoa viaj\u00f3 desde Tucum\u00e1n a Buenos Aires para recibir tratamiento vital\"}]},{\"@type\":\"WebSite\",\"@id\":\"https:\\\/\\\/www.eldiariodetucuman.com\\\/web\\\/#website\",\"url\":\"https:\\\/\\\/www.eldiariodetucuman.com\\\/web\\\/\",\"name\":\"El Diario de Tucuman\",\"description\":\"Diario Tucuman - Informaci\u00f3n y noticias\",\"publisher\":{\"@id\":\"https:\\\/\\\/www.eldiariodetucuman.com\\\/web\\\/#organization\"},\"potentialAction\":[{\"@type\":\"SearchAction\",\"target\":{\"@type\":\"EntryPoint\",\"urlTemplate\":\"https:\\\/\\\/www.eldiariodetucuman.com\\\/web\\\/?s={search_term_string}\"},\"query-input\":{\"@type\":\"PropertyValueSpecification\",\"valueRequired\":true,\"valueName\":\"search_term_string\"}}],\"inLanguage\":\"es\"},{\"@type\":\"Organization\",\"@id\":\"https:\\\/\\\/www.eldiariodetucuman.com\\\/web\\\/#organization\",\"name\":\"El Diario de Tucuman\",\"url\":\"https:\\\/\\\/www.eldiariodetucuman.com\\\/web\\\/\",\"logo\":{\"@type\":\"ImageObject\",\"inLanguage\":\"es\",\"@id\":\"https:\\\/\\\/www.eldiariodetucuman.com\\\/web\\\/#\\\/schema\\\/logo\\\/image\\\/\",\"url\":\"http:\\\/\\\/www.eldiariodetucuman.com\\\/web\\\/wp-content\\\/uploads\\\/2017\\\/12\\\/el-diario-de-tucuman.jpg\",\"contentUrl\":\"http:\\\/\\\/www.eldiariodetucuman.com\\\/web\\\/wp-content\\\/uploads\\\/2017\\\/12\\\/el-diario-de-tucuman.jpg\",\"width\":272,\"height\":92,\"caption\":\"El Diario de Tucuman\"},\"image\":{\"@id\":\"https:\\\/\\\/www.eldiariodetucuman.com\\\/web\\\/#\\\/schema\\\/logo\\\/image\\\/\"}},{\"@type\":\"Person\",\"@id\":\"https:\\\/\\\/www.eldiariodetucuman.com\\\/web\\\/#\\\/schema\\\/person\\\/9250197d75ab5483412e19678b121caa\",\"name\":\"admin\",\"image\":{\"@type\":\"ImageObject\",\"inLanguage\":\"es\",\"@id\":\"https:\\\/\\\/secure.gravatar.com\\\/avatar\\\/c44d117c2be811212c22cb481f6b8384b6873de103fbc49e7a03cc58d7dea4ac?s=96&d=mm&r=g\",\"url\":\"https:\\\/\\\/secure.gravatar.com\\\/avatar\\\/c44d117c2be811212c22cb481f6b8384b6873de103fbc49e7a03cc58d7dea4ac?s=96&d=mm&r=g\",\"contentUrl\":\"https:\\\/\\\/secure.gravatar.com\\\/avatar\\\/c44d117c2be811212c22cb481f6b8384b6873de103fbc49e7a03cc58d7dea4ac?s=96&d=mm&r=g\",\"caption\":\"admin\"},\"url\":\"https:\\\/\\\/www.eldiariodetucuman.com\\\/web\\\/author\\\/admin\\\/\"}]}<\/script>\n<!-- \/ Yoast SEO plugin. -->","yoast_head_json":{"title":"Ainoa viaj\u00f3 desde Tucum\u00e1n a Buenos Aires para recibir tratamiento vital - El Diario de Tucuman","robots":{"index":"index","follow":"follow","max-snippet":"max-snippet:-1","max-image-preview":"max-image-preview:large","max-video-preview":"max-video-preview:-1"},"canonical":"https:\/\/www.eldiariodetucuman.com\/web\/ainoa-viajo-desde-tucuman-a-buenos-aires-para-recibir-tratamiento-vital\/","og_locale":"es_ES","og_type":"article","og_title":"Ainoa viaj\u00f3 desde Tucum\u00e1n a Buenos Aires para recibir tratamiento vital - El Diario de Tucuman","og_description":"Ainoa tiene apenas tres meses y ya enfrenta una batalla inmensa: fue diagnosticada con atresia de v\u00edas biliares, una enfermedad compleja y poco frecuente que afecta el funcionamiento del h\u00edgado. Pero no est\u00e1 sola. A su lado est\u00e1n sus j\u00f3venes padres, Juan y Malena, una pareja oriunda del barrio Loteo Cano, en Los Guti\u00e9rrez, ciudad [&hellip;]","og_url":"https:\/\/www.eldiariodetucuman.com\/web\/ainoa-viajo-desde-tucuman-a-buenos-aires-para-recibir-tratamiento-vital\/","og_site_name":"El Diario de Tucuman","article_published_time":"2025-08-08T18:55:25+00:00","author":"admin","twitter_card":"summary_large_image","twitter_misc":{"Escrito por":"admin","Tiempo de lectura":"2 minutos"},"schema":{"@context":"https:\/\/schema.org","@graph":[{"@type":"Article","@id":"https:\/\/www.eldiariodetucuman.com\/web\/ainoa-viajo-desde-tucuman-a-buenos-aires-para-recibir-tratamiento-vital\/#article","isPartOf":{"@id":"https:\/\/www.eldiariodetucuman.com\/web\/ainoa-viajo-desde-tucuman-a-buenos-aires-para-recibir-tratamiento-vital\/"},"author":{"name":"admin","@id":"https:\/\/www.eldiariodetucuman.com\/web\/#\/schema\/person\/9250197d75ab5483412e19678b121caa"},"headline":"Ainoa viaj\u00f3 desde Tucum\u00e1n a Buenos Aires para recibir tratamiento vital","datePublished":"2025-08-08T18:55:25+00:00","mainEntityOfPage":{"@id":"https:\/\/www.eldiariodetucuman.com\/web\/ainoa-viajo-desde-tucuman-a-buenos-aires-para-recibir-tratamiento-vital\/"},"wordCount":441,"publisher":{"@id":"https:\/\/www.eldiariodetucuman.com\/web\/#organization"},"image":{"@id":"https:\/\/www.eldiariodetucuman.com\/web\/ainoa-viajo-desde-tucuman-a-buenos-aires-para-recibir-tratamiento-vital\/#primaryimage"},"thumbnailUrl":"https:\/\/www.eldiariodetucuman.com\/web\/wp-content\/uploads\/2025\/08\/Ainoa-viajo-desde-Tucuman-a-Buenos-Aires-para-recibir-tratamiento.jpg","articleSection":["Politica"],"inLanguage":"es"},{"@type":"WebPage","@id":"https:\/\/www.eldiariodetucuman.com\/web\/ainoa-viajo-desde-tucuman-a-buenos-aires-para-recibir-tratamiento-vital\/","url":"https:\/\/www.eldiariodetucuman.com\/web\/ainoa-viajo-desde-tucuman-a-buenos-aires-para-recibir-tratamiento-vital\/","name":"Ainoa viaj\u00f3 desde Tucum\u00e1n a Buenos Aires para recibir tratamiento vital - El Diario de Tucuman","isPartOf":{"@id":"https:\/\/www.eldiariodetucuman.com\/web\/#website"},"primaryImageOfPage":{"@id":"https:\/\/www.eldiariodetucuman.com\/web\/ainoa-viajo-desde-tucuman-a-buenos-aires-para-recibir-tratamiento-vital\/#primaryimage"},"image":{"@id":"https:\/\/www.eldiariodetucuman.com\/web\/ainoa-viajo-desde-tucuman-a-buenos-aires-para-recibir-tratamiento-vital\/#primaryimage"},"thumbnailUrl":"https:\/\/www.eldiariodetucuman.com\/web\/wp-content\/uploads\/2025\/08\/Ainoa-viajo-desde-Tucuman-a-Buenos-Aires-para-recibir-tratamiento.jpg","datePublished":"2025-08-08T18:55:25+00:00","breadcrumb":{"@id":"https:\/\/www.eldiariodetucuman.com\/web\/ainoa-viajo-desde-tucuman-a-buenos-aires-para-recibir-tratamiento-vital\/#breadcrumb"},"inLanguage":"es","potentialAction":[{"@type":"ReadAction","target":["https:\/\/www.eldiariodetucuman.com\/web\/ainoa-viajo-desde-tucuman-a-buenos-aires-para-recibir-tratamiento-vital\/"]}]},{"@type":"ImageObject","inLanguage":"es","@id":"https:\/\/www.eldiariodetucuman.com\/web\/ainoa-viajo-desde-tucuman-a-buenos-aires-para-recibir-tratamiento-vital\/#primaryimage","url":"https:\/\/www.eldiariodetucuman.com\/web\/wp-content\/uploads\/2025\/08\/Ainoa-viajo-desde-Tucuman-a-Buenos-Aires-para-recibir-tratamiento.jpg","contentUrl":"https:\/\/www.eldiariodetucuman.com\/web\/wp-content\/uploads\/2025\/08\/Ainoa-viajo-desde-Tucuman-a-Buenos-Aires-para-recibir-tratamiento.jpg","width":818,"height":460},{"@type":"BreadcrumbList","@id":"https:\/\/www.eldiariodetucuman.com\/web\/ainoa-viajo-desde-tucuman-a-buenos-aires-para-recibir-tratamiento-vital\/#breadcrumb","itemListElement":[{"@type":"ListItem","position":1,"name":"Portada","item":"https:\/\/www.eldiariodetucuman.com\/web\/"},{"@type":"ListItem","position":2,"name":"Ainoa viaj\u00f3 desde Tucum\u00e1n a Buenos Aires para recibir tratamiento vital"}]},{"@type":"WebSite","@id":"https:\/\/www.eldiariodetucuman.com\/web\/#website","url":"https:\/\/www.eldiariodetucuman.com\/web\/","name":"El Diario de Tucuman","description":"Diario Tucuman - Informaci\u00f3n y noticias","publisher":{"@id":"https:\/\/www.eldiariodetucuman.com\/web\/#organization"},"potentialAction":[{"@type":"SearchAction","target":{"@type":"EntryPoint","urlTemplate":"https:\/\/www.eldiariodetucuman.com\/web\/?s={search_term_string}"},"query-input":{"@type":"PropertyValueSpecification","valueRequired":true,"valueName":"search_term_string"}}],"inLanguage":"es"},{"@type":"Organization","@id":"https:\/\/www.eldiariodetucuman.com\/web\/#organization","name":"El Diario de Tucuman","url":"https:\/\/www.eldiariodetucuman.com\/web\/","logo":{"@type":"ImageObject","inLanguage":"es","@id":"https:\/\/www.eldiariodetucuman.com\/web\/#\/schema\/logo\/image\/","url":"http:\/\/www.eldiariodetucuman.com\/web\/wp-content\/uploads\/2017\/12\/el-diario-de-tucuman.jpg","contentUrl":"http:\/\/www.eldiariodetucuman.com\/web\/wp-content\/uploads\/2017\/12\/el-diario-de-tucuman.jpg","width":272,"height":92,"caption":"El Diario de Tucuman"},"image":{"@id":"https:\/\/www.eldiariodetucuman.com\/web\/#\/schema\/logo\/image\/"}},{"@type":"Person","@id":"https:\/\/www.eldiariodetucuman.com\/web\/#\/schema\/person\/9250197d75ab5483412e19678b121caa","name":"admin","image":{"@type":"ImageObject","inLanguage":"es","@id":"https:\/\/secure.gravatar.com\/avatar\/c44d117c2be811212c22cb481f6b8384b6873de103fbc49e7a03cc58d7dea4ac?s=96&d=mm&r=g","url":"https:\/\/secure.gravatar.com\/avatar\/c44d117c2be811212c22cb481f6b8384b6873de103fbc49e7a03cc58d7dea4ac?s=96&d=mm&r=g","contentUrl":"https:\/\/secure.gravatar.com\/avatar\/c44d117c2be811212c22cb481f6b8384b6873de103fbc49e7a03cc58d7dea4ac?s=96&d=mm&r=g","caption":"admin"},"url":"https:\/\/www.eldiariodetucuman.com\/web\/author\/admin\/"}]}},"_links":{"self":[{"href":"https:\/\/www.eldiariodetucuman.com\/web\/wp-json\/wp\/v2\/posts\/45310","targetHints":{"allow":["GET"]}}],"collection":[{"href":"https:\/\/www.eldiariodetucuman.com\/web\/wp-json\/wp\/v2\/posts"}],"about":[{"href":"https:\/\/www.eldiariodetucuman.com\/web\/wp-json\/wp\/v2\/types\/post"}],"author":[{"embeddable":true,"href":"https:\/\/www.eldiariodetucuman.com\/web\/wp-json\/wp\/v2\/users\/1"}],"replies":[{"embeddable":true,"href":"https:\/\/www.eldiariodetucuman.com\/web\/wp-json\/wp\/v2\/comments?post=45310"}],"version-history":[{"count":0,"href":"https:\/\/www.eldiariodetucuman.com\/web\/wp-json\/wp\/v2\/posts\/45310\/revisions"}],"wp:featuredmedia":[{"embeddable":true,"href":"https:\/\/www.eldiariodetucuman.com\/web\/wp-json\/wp\/v2\/media\/45311"}],"wp:attachment":[{"href":"https:\/\/www.eldiariodetucuman.com\/web\/wp-json\/wp\/v2\/media?parent=45310"}],"wp:term":[{"taxonomy":"category","embeddable":true,"href":"https:\/\/www.eldiariodetucuman.com\/web\/wp-json\/wp\/v2\/categories?post=45310"},{"taxonomy":"post_tag","embeddable":true,"href":"https:\/\/www.eldiariodetucuman.com\/web\/wp-json\/wp\/v2\/tags?post=45310"}],"curies":[{"name":"wp","href":"https:\/\/api.w.org\/{rel}","templated":true}]}}